{"id":87102,"date":"2017-06-19T18:55:04","date_gmt":"2017-06-19T16:55:04","guid":{"rendered":"http:\/\/www.bellunopress.it\/?p=87102"},"modified":"2017-06-19T18:55:04","modified_gmt":"2017-06-19T16:55:04","slug":"jazzit-fest-di-feltre-il-programma-completo-dal-23-al-25-giugno","status":"publish","type":"post","link":"https:\/\/www.bellunopress.it\/fr\/2017\/06\/19\/jazzit-fest-di-feltre-il-programma-completo-dal-23-al-25-giugno\/","title":{"rendered":"Jazzit Fest di Feltre. Il programma completo dal 23 al 25 giugno"},"content":{"rendered":"<p lang=\"it-IT\" align=\"CENTER\"><span style=\"color: #00000a;\"><span style=\"font-family: Cambria, serif;\"><span style=\"font-size: medium;\"><span style=\"font-family: 'Avenir Book', serif;\"><span style=\"font-size: xx-large;\"><b>VENERD\u00cc 23 GIUGNO 2017<\/b><\/span><\/span><\/span><\/span><\/span><\/p>\n<p lang=\"it-IT\"><span style=\"color: #00000a;\"><span style=\"font-family: Cambria, serif;\"><span style=\"font-size: medium;\"><span style=\"font-family: 'Avenir Book', serif;\"><b>TURISMO CULTURALE DI COMUNIT\u00c0<\/b><\/span><\/span><\/span><\/span><\/p>\n<p lang=\"it-IT\"><span style=\"color: #00000a;\">\u201c<span style=\"font-family: Cambria, serif;\"><span style=\"font-size: medium;\"><span style=\"font-family: 'Avenir Book', serif;\"><b>I Palazzi del Potere\u201d<\/b><\/span><span style=\"font-family: 'Avenir Book', serif;\"> \u2013 Il Fondaco per Feltre [dalle ore 15.30 alle ore 19.30]<\/span><\/span><\/span><\/span><\/p>\n<p lang=\"it-IT\"><span style=\"color: #00000a;\"><span style=\"font-family: Cambria, serif;\"><span style=\"font-size: medium;\"><span style=\"font-family: 'Avenir Book', serif;\"><b>STANZONE DELLA MUSICA [presentazione cd &amp; libri con l\u2019autore]<\/b><\/span><\/span><\/span><\/span><\/p>\n<p lang=\"it-IT\"><span style=\"color: #00000a;\"><span style=\"font-family: Cambria, serif;\"><span style=\"font-size: medium;\"><span style=\"font-family: 'Avenir Book', serif;\">15:00 &#8211; 16:00 Bizzarri Lettori &#8211; \u201cRacconti Molesti\u201d di Francesco Cusa [Eris Edizioni, 2017]<\/span><\/span><\/span><\/span><\/p>\n<p lang=\"it-IT\"><span style=\"color: #00000a;\"><span style=\"font-family: Cambria, serif;\"><span style=\"font-size: medium;\"><span style=\"font-family: 'Avenir Book', serif;\">16:00 &#8211; 17:00 I libri Parlanti del CILP Feltre a cura di Ornella Favetti e Mauro Viani &#8220;Kind Of Blue&#8221; di Ashley Kahn<\/span><\/span><\/span><\/span><\/p>\n<p lang=\"it-IT\"><span style=\"color: #00000a;\"><span style=\"font-family: Cambria, serif;\"><span style=\"font-size: medium;\"><span style=\"font-family: 'Avenir Book', serif;\">17:00 &#8211; 18:00 Andrea Massaria &#8211; Bruce Ditmas &#8220;The Music Of Carla Bley&#8221; [Nusica.org, 2017]<\/span><\/span><\/span><\/span><\/p>\n<p lang=\"it-IT\"><span style=\"color: #00000a;\"><span style=\"font-family: Cambria, serif;\"><span style=\"font-size: medium;\"><span style=\"font-family: 'Avenir Book', serif;\">18:00 &#8211; 19:00 Geg\u00e9 Telesforo &#8220;Fun Slow Ride&#8221; [Sam, 2016]<\/span><\/span><\/span><\/span><\/p>\n<p lang=\"it-IT\"><span style=\"color: #00000a;\"><span style=\"font-family: Cambria, serif;\"><span style=\"font-size: medium;\"><span style=\"font-family: 'Avenir Book', serif;\">19:00 &#8211; 20:00 Andrea Lombardini &#8220;Diminuendo&#8221; [Cam Jazz, 2016]<\/span><\/span><\/span><\/span><\/p>\n<p lang=\"it-IT\"><span style=\"color: #00000a;\"><span style=\"font-family: Cambria, serif;\"><span style=\"font-size: medium;\"><span style=\"font-family: 'Avenir Book', serif;\"><b>PALAZZO TOMITANO &#8211; MONTE DI PIETA&#8217; [solo performance]<\/b><\/span><\/span><\/span><\/span><\/p>\n<p lang=\"it-IT\"><span style=\"color: #00000a;\"><span style=\"font-family: Cambria, serif;\"><span style=\"font-size: medium;\"><span style=\"font-family: 'Avenir Book', serif;\">15:00 &#8211; 16:00 Leonardo De Lorenzo [batteria]<\/span><\/span><\/span><\/span><\/p>\n<p lang=\"it-IT\"><span style=\"color: #00000a;\"><span style=\"font-family: Cambria, serif;\"><span style=\"font-size: medium;\"><span style=\"font-family: 'Avenir Book', serif;\">16:00 &#8211; 17:00 Gianmarco Scaglia [contrabbasso]<\/span><\/span><\/span><\/span><\/p>\n<p lang=\"it-IT\"><span style=\"color: #00000a;\"><span style=\"font-family: Cambria, serif;\"><span style=\"font-size: medium;\"><span style=\"font-family: 'Avenir Book', serif;\">17:00 &#8211; 18:00 Stefano Risso [contrabbasso]<\/span><\/span><\/span><\/span><\/p>\n<p lang=\"it-IT\"><span style=\"color: #00000a;\"><span style=\"font-family: Cambria, serif;\"><span style=\"font-size: medium;\"><span style=\"font-family: 'Avenir Book', serif;\">18:00 &#8211; 19:00 Filippo Cosentino [chitarra]<\/span><\/span><\/span><\/span><\/p>\n<p lang=\"it-IT\"><span style=\"color: #00000a;\"><span style=\"font-family: Cambria, serif;\"><span style=\"font-size: medium;\"><span style=\"font-family: 'Avenir Book', serif;\"><b>GALLERIA D\u2019ARTE MODERNA \u2018CARLO RIZZARDA\u2019 [cinema e letture]<\/b><\/span><\/span><\/span><\/span><\/p>\n<p lang=\"it-IT\"><span style=\"color: #00000a;\"><span style=\"font-family: Cambria, serif;\"><span style=\"font-size: medium;\"><span style=\"font-family: 'Avenir Book', serif;\">15:00 &#8211; 16:30 &#8220;Asgard&#8221; &#8211; docufilm sulla vita del pianista Angelo Canelli<\/span><\/span><\/span><\/span><\/p>\n<p lang=\"it-IT\"><span style=\"color: #00000a;\"><span style=\"font-family: Cambria, serif;\"><span style=\"font-size: medium;\"><span style=\"font-family: 'Avenir Book', serif;\">16:30 &#8211; 17:30 Andrea Zancanaro presenta \u201cOgnuno ha il suo mostro\u201d finalista Premio Campiello giovani 2017: lettura di Margherita Stevanato <\/span><\/span><\/span><\/span><\/p>\n<p lang=\"it-IT\"><span style=\"color: #00000a;\"><span style=\"font-family: Cambria, serif;\"><span style=\"font-size: medium;\"><span style=\"font-family: 'Avenir Book', serif;\">17:30 \u2013 19:00 &#8220;Amato Bros&#8221; &#8211; docufilm sull\u2019Amato Jazz Trio<\/span><\/span><\/span><\/span><\/p>\n<p lang=\"it-IT\"><span style=\"color: #00000a;\"><span style=\"font-family: Cambria, serif;\"><span style=\"font-size: medium;\"><span style=\"font-family: 'Avenir Book', serif;\"><b>SCUOLA SANDI [masterclass]<\/b><\/span><\/span><\/span><\/span><\/p>\n<p lang=\"it-IT\"><span style=\"color: #00000a;\"><span style=\"font-family: Cambria, serif;\"><span style=\"font-size: medium;\"><span style=\"font-family: 'Avenir Book', serif;\">16.00 \u2013 17:30 \u201cJazz Improvisation\u201d con il chitarrista <\/span><span style=\"font-family: 'Avenir Book', serif;\">William Lenihan (Professor of the Practice in Music, Director of Jazz Performance, Washington University in Saint Louis) <\/span><\/span><\/span><\/span><\/p>\n<p lang=\"it-IT\"><span style=\"color: #00000a;\"><span style=\"font-family: Cambria, serif;\"><span style=\"font-size: medium;\"><span style=\"font-family: 'Avenir Book', serif;\"><b>CINEMA OFFICINEMA [cinema]<\/b><\/span><\/span><\/span><\/span><\/p>\n<p lang=\"it-IT\"><span style=\"color: #00000a;\"><span style=\"font-family: Cambria, serif;\"><span style=\"font-size: medium;\"><span style=\"font-family: 'Avenir Book', serif;\">18:00 &#8211; 19:30 proiezione di &#8216;Piani Paralleli&#8217;, il film che racconta i cinquant&#8217;anni di vita e trenta di carriera del pianista e compositore jazz Giovanni Mazzarino con la regia di Gianni Di Capua<\/span><\/span><\/span><\/span><\/p>\n<p lang=\"it-IT\"><span style=\"color: #00000a;\"><span style=\"font-family: Cambria, serif;\"><span style=\"font-size: medium;\"><span style=\"font-family: 'Avenir Book', serif;\"><b>PALAZZO BORGASIO [laboratori di musica per l&#8217;infanzia]<\/b><\/span><\/span><\/span><\/span><\/p>\n<p lang=\"it-IT\"><span style=\"color: #00000a;\"><span style=\"font-family: Cambria, serif;\"><span style=\"font-size: medium;\"><span style=\"font-family: 'Avenir Book', serif;\">16:00 &#8211; 17:00 Andrea Lombardini &#8220;Riconoscere il suono degli strumenti&#8217; [dagli 8 ai 15 anni]<\/span><\/span><\/span><\/span><\/p>\n<p lang=\"it-IT\"><span style=\"color: #00000a;\"><span style=\"font-family: Cambria, serif;\"><span style=\"font-size: medium;\"><span style=\"font-family: 'Avenir Book', serif;\">17:00 &#8211; 18:00 Leonardo Radicchi &#8221; I cinque elementi della musica&#8221; [dai 4 ai 6 anni]<\/span><\/span><\/span><\/span><\/p>\n<p lang=\"it-IT\"><span style=\"color: #00000a;\"><span style=\"font-family: Cambria, serif;\"><span style=\"font-size: medium;\"><span style=\"font-family: 'Avenir Book', serif;\">18:00 &#8211; 19:00 Susanna Stivali &#8220;Vocal Summit&#8221; [dai 10 anni in su]<\/span><\/span><\/span><\/span><\/p>\n<p lang=\"it-IT\"><span style=\"color: #00000a;\"><span style=\"font-family: Cambria, serif;\"><span style=\"font-size: medium;\"><span style=\"font-family: 'Avenir Book', serif;\">19:00 &#8211; 20:00 Stefano Lenzi &#8220;Introduzione al canto e alla voce naturale&#8217; [dai 13 ai 18 anni]<\/span><\/span><\/span><\/span><\/p>\n<p lang=\"it-IT\"><span style=\"color: #00000a;\"><span style=\"font-family: Cambria, serif;\"><span style=\"font-size: medium;\"><span style=\"font-family: 'Avenir Book', serif;\">19:00 &#8211; 20:00 Francesco Mascio &#8220;Musica e Cartoni Animati&#8221; <\/span><\/span><\/span><\/span><\/p>\n<p lang=\"it-IT\"><span style=\"color: #00000a;\"><span style=\"font-family: Cambria, serif;\"><span style=\"font-size: medium;\"><span style=\"font-family: 'Avenir Book', serif;\"><b>TEATRO DE LA SENA [concerti]<\/b><\/span><\/span><\/span><\/span><\/p>\n<p lang=\"it-IT\"><span style=\"color: #00000a;\"><span style=\"font-family: Cambria, serif;\"><span style=\"font-size: medium;\"><span style=\"font-family: 'Avenir Book', serif;\">15:00 &#8211; 16:00 Zach Lopez [piano classico]<\/span><\/span><\/span><\/span><\/p>\n<p lang=\"it-IT\"><span style=\"color: #00000a;\"><span style=\"font-family: Cambria, serif;\"><span style=\"font-size: medium;\"><span style=\"font-family: 'Avenir Book', serif;\">16:00 &#8211; 17:00 AEF [I]<\/span><\/span><\/span><\/span><\/p>\n<p lang=\"it-IT\"><span style=\"color: #00000a;\"><span style=\"font-family: Cambria, serif;\"><span style=\"font-size: medium;\"><span style=\"font-family: 'Avenir Book', serif;\">17:00 &#8211; 18:00 AEF [II]<\/span><\/span><\/span><\/span><\/p>\n<p lang=\"it-IT\"><span style=\"color: #00000a;\"><span style=\"font-family: Cambria, serif;\"><span style=\"font-size: medium;\"><span style=\"font-family: 'Avenir Book', serif;\">18:00 &#8211; 19:00 Spalletta &#8211; D&#8217;Attoma &#8220;Sillumina&#8221;<\/span><\/span><\/span><\/span><\/p>\n<p lang=\"it-IT\"><span style=\"color: #00000a;\"><span style=\"font-family: Cambria, serif;\"><span style=\"font-size: medium;\"><span style=\"font-family: 'Avenir Book', serif;\">19:00 &#8211; 20:00 MURR-MA<\/span><\/span><\/span><\/span><\/p>\n<p lang=\"it-IT\"><span style=\"color: #00000a;\"><span style=\"font-family: Cambria, serif;\"><span style=\"font-size: medium;\"><span style=\"font-family: 'Avenir Book', serif;\">20:00 &#8211; 21:00 <\/span><span style=\"font-family: 'Avenir Book', serif;\">Zakkary Garner<\/span><span style=\"font-family: 'Avenir Book', serif;\">&#8211; Julius Tucker Duo<\/span><\/span><\/span><\/span><\/p>\n<p lang=\"it-IT\"><span style=\"color: #00000a;\"><span style=\"font-family: Cambria, serif;\"><span style=\"font-size: medium;\"><span style=\"font-family: 'Avenir Book', serif;\"><b>PIAZZA MAGGIORE [concerti]<\/b><\/span><\/span><\/span><\/span><\/p>\n<p lang=\"it-IT\"><span style=\"color: #00000a;\"><span style=\"font-family: Cambria, serif;\"><span style=\"font-size: medium;\"><span style=\"font-family: 'Avenir Book', serif;\">18:00 &#8211; 19:00 Banda Citt\u00e0 di Feltre<\/span><\/span><\/span><\/span><\/p>\n<p lang=\"it-IT\"><span style=\"color: #00000a;\"><span style=\"font-family: Cambria, serif;\"><span style=\"font-size: medium;\"><span style=\"font-family: 'Avenir Book', serif;\">19:00 &#8211; 20:00 ATA<\/span><\/span><\/span><\/span><\/p>\n<p lang=\"it-IT\"><span style=\"color: #00000a;\"><span style=\"font-family: Cambria, serif;\"><span style=\"font-size: medium;\"><span style=\"font-family: 'Avenir Book', serif;\">20:00 &#8211; 21:00 Small House<\/span><\/span><\/span><\/span><\/p>\n<p lang=\"it-IT\"><span style=\"color: #00000a;\"><span style=\"font-family: Cambria, serif;\"><span style=\"font-size: medium;\"><span style=\"font-family: 'Avenir Book', serif;\">21:00 &#8211; 22:00 Electric Sheep<\/span><\/span><\/span><\/span><\/p>\n<p lang=\"it-IT\"><span style=\"color: #00000a;\"><span style=\"font-family: Cambria, serif;\"><span style=\"font-size: medium;\"><span style=\"font-family: 'Avenir Book', serif;\">22:00 &#8211; 23:00 Deaf Kuky Chumpy<\/span><\/span><\/span><\/span><\/p>\n<p lang=\"it-IT\"><span style=\"color: #00000a;\"><span style=\"font-family: Cambria, serif;\"><span style=\"font-size: medium;\"><span style=\"font-family: 'Avenir Book', serif;\">23:00 &#8211; 00:00 Deaf Kuky Chumpy<\/span><\/span><\/span><\/span><\/p>\n<p lang=\"it-IT\"><span style=\"color: #00000a;\"><span style=\"font-family: Cambria, serif;\"><span style=\"font-size: medium;\"><span style=\"font-family: 'Avenir Book', serif;\"><b>PIAZZA TRENTO E TRIESTE [concerti]<\/b><\/span><\/span><\/span><\/span><\/p>\n<p lang=\"it-IT\"><span style=\"color: #00000a;\"><span style=\"font-family: Cambria, serif;\"><span style=\"font-size: medium;\"><span style=\"font-family: 'Avenir Book', serif;\">18:00 &#8211; 19:00 Ekos<\/span><\/span><\/span><\/span><\/p>\n<p lang=\"it-IT\"><span style=\"color: #00000a;\"><span style=\"font-family: Cambria, serif;\"><span style=\"font-size: medium;\"><span style=\"font-family: 'Avenir Book', serif;\">19:00 &#8211; 20:00 Mascio &#8211; Candida<\/span><\/span><\/span><\/span><\/p>\n<p lang=\"it-IT\"><span style=\"color: #00000a;\"><span style=\"font-family: Cambria, serif;\"><span style=\"font-size: medium;\"><span style=\"font-family: 'Avenir Book', serif;\">20:00 &#8211; 21:00 Satoyama + painting<\/span><\/span><\/span><\/span><\/p>\n<p lang=\"it-IT\"><span style=\"color: #00000a;\"><span style=\"font-family: Cambria, serif;\"><span style=\"font-size: medium;\"><span style=\"font-family: 'Avenir Book', serif;\">21:00 &#8211; 22:00 Filippo Cosentino<\/span><\/span><\/span><\/span><\/p>\n<p lang=\"it-IT\"><span style=\"color: #00000a;\"><span style=\"font-family: Cambria, serif;\"><span style=\"font-size: medium;\"><span style=\"font-family: 'Avenir Book', serif;\">22:00 &#8211; 23:00 Sorah Rionda<\/span><\/span><\/span><\/span><\/p>\n<p lang=\"it-IT\"><span style=\"color: #00000a;\"><span style=\"font-family: Cambria, serif;\"><span style=\"font-size: medium;\"><span style=\"font-family: 'Avenir Book', serif;\">23:00 &#8211; 00:00 Saboriso<\/span><\/span><\/span><\/span><\/p>\n<p lang=\"it-IT\"><span style=\"color: #00000a;\"><span style=\"font-family: Cambria, serif;\"><span style=\"font-size: medium;\"><span style=\"font-family: 'Avenir Book', serif;\"><b>PALAZZO GUARNIERI [concerti]<\/b><\/span><\/span><\/span><\/span><\/p>\n<p lang=\"it-IT\"><span style=\"color: #00000a;\"><span style=\"font-family: Cambria, serif;\"><span style=\"font-size: medium;\"><span style=\"font-family: 'Avenir Book', serif;\">18:00 &#8211; 19:00 Capalbo &#8211; Falcone Duo<\/span><\/span><\/span><\/span><\/p>\n<p lang=\"it-IT\"><span style=\"color: #00000a;\"><span style=\"font-family: Cambria, serif;\"><span style=\"font-size: medium;\"><span style=\"font-family: 'Avenir Book', serif;\">19:00 &#8211; 20:00 Johnny Lapio Arcote<\/span><\/span><\/span><\/span><\/p>\n<p lang=\"it-IT\"><span style=\"color: #00000a;\"><span style=\"font-family: Cambria, serif;\"><span style=\"font-size: medium;\"><span style=\"font-family: 'Avenir Book', serif;\">20:00 &#8211; 21:00 Carla Marciano 4tet<\/span><\/span><\/span><\/span><\/p>\n<p lang=\"it-IT\"><span style=\"color: #00000a;\"><span style=\"font-family: Cambria, serif;\"><span style=\"font-size: medium;\"><span style=\"font-family: 'Avenir Book', serif;\">21:00 &#8211; 22:00 Randisi &#8211; Worker Indue<\/span><\/span><\/span><\/span><\/p>\n<p lang=\"it-IT\"><span style=\"color: #00000a;\"><span style=\"font-family: Cambria, serif;\"><span style=\"font-size: medium;\"><span style=\"font-family: 'Avenir Book', serif;\">22:00 &#8211; 23:00 Ferdinando Romano Trio<\/span><\/span><\/span><\/span><\/p>\n<p lang=\"it-IT\"><span style=\"color: #00000a;\"><span style=\"font-family: Cambria, serif;\"><span style=\"font-size: medium;\"><span style=\"font-family: 'Avenir Book', serif;\">23:00 &#8211; 00:00 Marco Pacassoni <\/span><\/span><\/span><\/span><\/p>\n<p lang=\"it-IT\" align=\"JUSTIFY\"><span style=\"color: #00000a;\"><span style=\"font-family: Cambria, serif;\"><span style=\"font-size: medium;\"><span style=\"font-family: 'Avenir Book', serif;\"><b>PALAZZO BORGASIO [Programmazione teatrale a cura di Corti Teatrali] <\/b><\/span><\/span><\/span><\/span><\/p>\n<p lang=\"it-IT\" align=\"JUSTIFY\"><span style=\"color: #00000a;\"><span style=\"font-family: Cambria, serif;\"><span style=\"font-size: medium;\"><span style=\"font-family: 'Avenir Book', serif;\">dalle ore 18.00 a mezzanotte \/ <\/span><\/span><\/span><\/span><\/p>\n<p lang=\"it-IT\"><span style=\"color: #00000a;\"><span style=\"font-family: Cambria, serif;\"><span style=\"font-size: medium;\"><span style=\"font-family: 'Avenir Book', serif;\">&#8212;&#8212;&#8212;&#8212;&#8212;&#8212;&#8212;&#8212;&#8212;&#8212;&#8212;&#8212;&#8212;&#8212;&#8212;&#8212;&#8212;&#8212;&#8212;&#8212;&#8212;&#8212;&#8212;&#8212;&#8212;&#8212;&#8212;&#8212;&#8212;&#8212;&#8212;&#8212;&#8212;&#8212;&#8212;&#8212;&#8212;&#8212;&#8212;&#8212;<\/span><\/span><\/span><\/span><\/p>\n<p lang=\"it-IT\" align=\"CENTER\"><span style=\"color: #00000a;\"><span style=\"font-family: Cambria, serif;\"><span style=\"font-size: medium;\"><span style=\"font-family: 'Avenir Book', serif;\"><span style=\"font-size: xx-large;\"><b>SABATO 24 GIUGNO 2017<\/b><\/span><\/span><\/span><\/span><\/span><\/p>\n<p lang=\"it-IT\"><span style=\"color: #00000a;\"><span style=\"font-family: Cambria, serif;\"><span style=\"font-size: medium;\"><span style=\"font-family: 'Avenir Book', serif;\"><b>TURISMO CULTURALE DI COMUNIT\u00c0<\/b><\/span><\/span><\/span><\/span><\/p>\n<p lang=\"it-IT\"><span style=\"color: #00000a;\">\u201c<span style=\"font-family: Cambria, serif;\"><span style=\"font-size: medium;\"><span style=\"font-family: 'Avenir Book', serif;\"><b>I Palazzi del Potere\u201d<\/b><\/span><span style=\"font-family: 'Avenir Book', serif;\"> \u2013 Il Fondaco per Feltre [dalle ore 15.30 alle ore 19.30]<\/span><\/span><\/span><\/span><\/p>\n<p lang=\"it-IT\"><span style=\"color: #00000a;\">\u201c<span style=\"font-family: Cambria, serif;\"><span style=\"font-size: medium;\"><span style=\"font-family: 'Avenir Book', serif;\"><b>Sentiero natura e Santuario di San Vittore ad Anz\u00f9\u201d<\/b><\/span><span style=\"font-family: 'Avenir Book', serif;\"> (Loc. Anz\u00f9 di Feltre, ore 9,45 \u2013 <\/span><\/span><\/span><\/span><\/p>\n<p lang=\"it-IT\"><span style=\"color: #00000a;\"><span style=\"font-family: Cambria, serif;\"><span style=\"font-size: medium;\"><span style=\"color: #0000ff;\"><span lang=\"it-IT\"><u><a href=\"mailto:civitatesfeltre@gmail.com\"><span style=\"font-family: 'Avenir Book', serif;\">civitatesfeltre@gmail.com<\/span><\/a><\/u><\/span><\/span><span style=\"font-family: 'Avenir Book', serif;\">)<\/span><\/span><\/span><\/span><\/p>\n<p lang=\"it-IT\"><span style=\"color: #00000a;\">\u201c<span style=\"font-family: Cambria, serif;\"><span style=\"font-size: medium;\"><span style=\"font-family: 'Avenir Book', serif;\"><b>La Valle di Seren tra antropologia, natura e gastronomia\u201d<\/b><\/span><span style=\"font-family: 'Avenir Book', serif;\"> (Loc. Valle di Seren del Grappa, ore 9,00 &#8211; <\/span><span style=\"color: #0000ff;\"><span lang=\"it-IT\"><u><a href=\"mailto:alberodeglialberi@libero.it\"><span style=\"font-family: 'Avenir Book', serif;\">alberodeglialberi@libero.it<\/span><\/a><\/u><\/span><\/span><span style=\"font-family: 'Avenir Book', serif;\">)<\/span><\/span><\/span><\/span><\/p>\n<p lang=\"it-IT\"><span style=\"color: #00000a;\">\u201c<span style=\"font-family: Cambria, serif;\"><span style=\"font-size: medium;\"><span style=\"font-family: 'Avenir Book', serif;\"><b>Tra arte, natura e sapori locali: Riserva naturale il Vincheto\u201d<\/b><\/span><span style=\"font-family: 'Avenir Book', serif;\"> (Loc. Celarda, ore 9.30 \u2013 <\/span><span style=\"color: #0000ff;\"><span lang=\"it-IT\"><u><a href=\"mailto:civitatesfeltre@gmail.com\"><span style=\"font-family: 'Avenir Book', serif;\">civitatesfeltre@gmail.com<\/span><\/a><\/u><\/span><\/span><span style=\"font-family: 'Avenir Book', serif;\">)<\/span><\/span><\/span><\/span><\/p>\n<p lang=\"it-IT\"><span style=\"color: #00000a;\">\u201c<span style=\"font-family: Cambria, serif;\"><span style=\"font-size: medium;\"><span style=\"font-family: 'Avenir Book', serif;\"><b>Volare in parapendio\u201d<\/b><\/span><span style=\"font-family: 'Avenir Book', serif;\"> (Monte Avena, ore 9,30 &#8211; 338.5409511)<\/span><\/span><\/span><\/span><\/p>\n<p lang=\"it-IT\"><span style=\"color: #00000a;\">\u201c<span style=\"font-family: Cambria, serif;\"><span style=\"font-size: medium;\"><span style=\"font-family: 'Avenir Book', serif;\"><b>La Via del Ferro: visita guidata centro storico e Galleria d\u2019Arte Moderna Carlo Rizzarda\u201d<\/b><\/span><span style=\"font-family: 'Avenir Book', serif;\"> (ore 10.15 &#8211; 338.4480642)<\/span><\/span><\/span><\/span><\/p>\n<p lang=\"it-IT\"><span style=\"color: #00000a;\">\u201c<span style=\"font-family: Cambria, serif;\"><span style=\"font-size: medium;\"><span style=\"font-family: 'Avenir Book', serif;\"><b>Passeggiata alla scoperta dell\u2019artigianato feltrino\u201d<\/b><\/span><span style=\"font-family: 'Avenir Book', serif;\"> (centro storico, ore 15,00 \u2013 <\/span><span style=\"color: #0000ff;\"><span lang=\"it-IT\"><u><a href=\"mailto:civitatesfeltre@gmail.com\"><span style=\"font-family: 'Avenir Book', serif;\">civitatesfeltre@gmail.com<\/span><\/a><\/u><\/span><\/span><span style=\"font-family: 'Avenir Book', serif;\">)<\/span><\/span><\/span><\/span><\/p>\n<p lang=\"it-IT\"><span style=\"color: #00000a;\">\u201c<span style=\"font-family: Cambria, serif;\"><span style=\"font-size: medium;\"><span style=\"font-family: 'Avenir Book', serif;\"><b>Percorso guidato alla scoperta di Villa Guarnieri e delle rose del suo giardino all\u2019italiana\u201d<\/b><\/span><span style=\"font-family: 'Avenir Book', serif;\"> (loc. Tomo \u2013 ore 10.45 &#8211; <\/span><span style=\"color: #0000ff;\"><span lang=\"it-IT\"><u><a href=\"mailto:aziendaagricolaguarnieri@gmail.com\"><span style=\"font-family: 'Avenir Book', serif;\">aziendaagricolaguarnieri@gmail.com<\/span><\/a><\/u><\/span><\/span><span style=\"font-family: 'Avenir Book', serif;\">)<\/span><\/span><\/span><\/span><\/p>\n<p lang=\"it-IT\"><span style=\"color: #00000a;\">\u201c<span style=\"font-family: Cambria, serif;\"><span style=\"font-size: medium;\"><span style=\"font-family: 'Avenir Book', serif;\"><b>In grotta con gli speleologi\u201d <\/b><\/span><span style=\"font-family: 'Avenir Book', serif;\">(Loc. Valle di Seren del Grappa \u2013 ore 10,00 -civitatesfeltre@gmail.com)<\/span><\/span><\/span><\/span><\/p>\n<p lang=\"it-IT\"><span style=\"color: #00000a;\"><span style=\"font-family: Cambria, serif;\"><span style=\"font-size: medium;\"><span style=\"font-family: 'Avenir Book', serif;\"><b>PICNIC SONORI <\/b><\/span><\/span><\/span><\/span><\/p>\n<p lang=\"it-IT\"><span style=\"color: #00000a;\"><span style=\"font-family: Cambria, serif;\"><span style=\"font-size: medium;\"><span style=\"font-family: 'Avenir Book', serif;\">12.00 &#8211; Villa San Liberale (Viale San Liberale, 9 \u2013 347.9676850) con Ferdinando Romano Trio<\/span><\/span><\/span><\/span><\/p>\n<p lang=\"it-IT\"><span style=\"color: #00000a;\"><span style=\"font-family: Cambria, serif;\"><span style=\"font-size: medium;\"><span style=\"font-family: 'Avenir Book', serif;\">12.00 &#8211; Rifugio Dal Piaz (1993m) con Jam Session del Collettivo CAT plus Electric Sheep &amp; Friends \/ partenza dal Passo Croce D\u2019Aune (da Pedavena, circa 10km) escursione di tre ore circa con 1.000 metri di dislivello) info 329.3647428 e 0439.9065<br \/>\n<\/span><\/span><\/span><\/span><\/p>\n<p lang=\"it-IT\"><span style=\"color: #00000a;\"><span style=\"font-family: Cambria, serif;\"><span style=\"font-size: medium;\"><span style=\"font-family: 'Avenir Book', serif;\"><b>PALAZZO BORGASIO (laboratori per l&#8217;infanzia)<\/b><\/span><\/span><\/span><\/span><\/p>\n<p lang=\"it-IT\"><span style=\"color: #00000a;\"><span style=\"font-family: Cambria, serif;\"><span style=\"font-size: medium;\"><span style=\"font-family: 'Avenir Book', serif;\">10:00 &#8211; 11:00 Audiation Institute [fino a tre anni 3]<\/span><\/span><\/span><\/span><\/p>\n<p lang=\"it-IT\"><span style=\"color: #00000a;\"><span style=\"font-family: Cambria, serif;\"><span style=\"font-size: medium;\"><span style=\"font-family: 'Avenir Book', serif;\">11:00 &#8211; 12:00 Audiation Institute [da 4 a 6 anni]<\/span><\/span><\/span><\/span><\/p>\n<p lang=\"it-IT\"><span style=\"color: #00000a;\"><span style=\"font-family: Cambria, serif;\"><span style=\"font-size: medium;\"><span style=\"font-family: 'Avenir Book', serif;\">16:00 &#8211; 17:00 Valeria Sansone &#8220;RITMICAmente&#8221; [dai 10 ai 15 anni]<\/span><\/span><\/span><\/span><\/p>\n<p lang=\"it-IT\"><span style=\"color: #00000a;\"><span style=\"font-family: Cambria, serif;\"><span style=\"font-size: medium;\"><span style=\"font-family: 'Avenir Book', serif;\">17:00 &#8211; 18:00 Valeria Sansone &#8220;Gioco in musica&#8221; [da 4 a 6 anni]<\/span><\/span><\/span><\/span><\/p>\n<p lang=\"it-IT\"><span style=\"color: #00000a;\"><span style=\"font-family: Cambria, serif;\"><span style=\"font-size: medium;\"><span style=\"font-family: 'Avenir Book', serif;\">18:00 &#8211; 19:00 Susanna Stivali &#8220;Vocal Summit&#8221; [dai 10 anni in su]<\/span><\/span><\/span><\/span><\/p>\n<p lang=\"it-IT\"><span style=\"color: #00000a;\"><span style=\"font-family: Cambria, serif;\"><span style=\"font-size: medium;\"><span style=\"font-family: 'Avenir Book', serif;\">19:00 &#8211; 20:00 Stefano Lenzi &#8220;Introduzione al canto e alla voce naturale&#8217; [dai 13 ai 18 anni]<\/span><\/span><\/span><\/span><\/p>\n<p lang=\"it-IT\"><span style=\"color: #00000a;\"><span style=\"font-family: Cambria, serif;\"><span style=\"font-size: medium;\"><span style=\"font-family: 'Avenir Book', serif;\">19:00 &#8211; 20:00 Francesco Mascio &#8220;Musica e Cartoni Animati&#8221; <\/span><\/span><\/span><\/span><\/p>\n<p lang=\"it-IT\"><span style=\"color: #00000a;\"><span style=\"font-family: Cambria, serif;\"><span style=\"font-size: medium;\"><span style=\"font-family: 'Avenir Book', serif;\"><b>PARTITA DI CALCIO \u201cPARTITA DEI SOGNI\u2019<\/b><\/span><\/span><\/span><\/span><\/p>\n<p lang=\"it-IT\"><span style=\"color: #00000a;\"><span style=\"font-family: Cambria, serif;\"><span style=\"font-size: medium;\"><span style=\"font-family: 'Avenir Book', serif;\">15:00 &#8211; 18:00 (presso lo Stadio Zugni Tauro) \/ Nazionale Italiana Jazzisti vs Vecchie Glorie Feltre [l\u2019incasso sar\u00e0 donato alla cooperativa Arcobaleno 86 \u2018Museo dei Sogni\u2019]<\/span><\/span><\/span><\/span><\/p>\n<p lang=\"it-IT\"><span style=\"color: #00000a;\"><span style=\"font-family: Cambria, serif;\"><span style=\"font-size: medium;\"><span style=\"font-family: 'Avenir Book', serif;\"><b>GALLERIA D\u2019ARTE MODERNA \u2018CARLO RIZZARDA\u2019 [cinema]<\/b><\/span><\/span><\/span><\/span><\/p>\n<p lang=\"it-IT\"><span style=\"color: #00000a;\"><span style=\"font-family: Cambria, serif;\"><span style=\"font-size: medium;\"><span style=\"font-family: 'Avenir Book', serif;\">16:00 &#8211; 18:00 Ashley Kahn [grammy awards per il giornalismo musicale] introduce alla proiezione del film&#8221;I Called Him Morgan&#8221; dedicato alla vita del trombettista Lee Morgan<\/span><\/span><\/span><\/span><\/p>\n<p lang=\"it-IT\"><span style=\"color: #00000a;\"><span style=\"font-family: Cambria, serif;\"><span style=\"font-size: medium;\"><span style=\"font-family: 'Avenir Book', serif;\"><b>SCUOLA SANDI [masterclass]<\/b><\/span><\/span><\/span><\/span><\/p>\n<p lang=\"it-IT\"><span style=\"color: #00000a;\"><span style=\"font-family: Cambria, serif;\"><span style=\"font-size: medium;\"><span style=\"font-family: 'Avenir Book', serif;\">16.00 \u2013 17:30 \u201c<\/span><span style=\"font-family: 'Avenir Book', serif;\">Developing Stylistic Techniques for Young Jazz Saxophonists<\/span><span style=\"font-family: 'Avenir Book', serif;\">\u201d con la sassofonista <\/span><span style=\"font-family: 'Avenir Book', serif;\">Virginia Novine Whittaker (Elon Music Ambassadors, Elon University)<\/span><\/span><\/span><\/span><\/p>\n<p lang=\"it-IT\"><span style=\"color: #00000a;\"><span style=\"font-family: Cambria, serif;\"><span style=\"font-size: medium;\"><span style=\"font-family: 'Avenir Book', serif;\"><b>STANZONE DELLA MUSICA [presentazione cd &amp; libri] <\/b><\/span><\/span><\/span><\/span><\/p>\n<p lang=\"it-IT\"><span style=\"color: #00000a;\"><span style=\"font-family: Cambria, serif;\"><span style=\"font-size: medium;\"><span style=\"font-family: 'Avenir Book', serif;\">15:00 &#8211; 16:00 Bizzarri Lettori &#8211; \u201cRacconti Molesti\u201d di Francesco Cusa [Eris Edizioni, 2017]<\/span><\/span><\/span><\/span><\/p>\n<p lang=\"it-IT\"><span style=\"color: #00000a;\"><span style=\"font-family: Cambria, serif;\"><span style=\"font-size: medium;\"><span style=\"font-family: 'Avenir Book', serif;\">16:00 &#8211; 17:00 I libri Parlanti del CILP Feltre a cura di Ornella Favetti e Mauro Viani &#8220;Kind Of Blue&#8221; di Ashley Kahn<\/span><\/span><\/span><\/span><\/p>\n<p lang=\"it-IT\"><span style=\"color: #00000a;\"><span style=\"font-family: Cambria, serif;\"><span style=\"font-size: medium;\"><span style=\"font-family: 'Avenir Book', serif;\">17:00 &#8211; 18:00 ATA &#8220;Self Titled&#8221; [autoprodotto, 2017]<\/span><\/span><\/span><\/span><\/p>\n<p lang=\"it-IT\"><span style=\"color: #00000a;\"><span style=\"font-family: Cambria, serif;\"><span style=\"font-size: medium;\"><span style=\"font-family: 'Avenir Book', serif;\">18:00 &#8211; 19:00 Cettina Donato &#8220;Persistency&#8221; [Alfa Musica, 2017]<\/span><\/span><\/span><\/span><\/p>\n<p lang=\"it-IT\"><span style=\"color: #00000a;\"><span style=\"font-family: Cambria, serif;\"><span style=\"font-size: medium;\"><span style=\"font-family: 'Avenir Book', serif;\">19:00 &#8211; 20:00 Deaf Kaky Chumpy &#8220;Play&#8221;<\/span><\/span><\/span><\/span><\/p>\n<p lang=\"it-IT\"><span style=\"color: #00000a;\"><span style=\"font-family: Cambria, serif;\"><span style=\"font-size: medium;\"><span style=\"font-family: 'Avenir Book', serif;\"><b>TEATRO DE LA SENA [concerti]<\/b><\/span><\/span><\/span><\/span><\/p>\n<p lang=\"it-IT\"><span style=\"color: #00000a;\"><span style=\"font-family: Cambria, serif;\"><span style=\"font-size: medium;\"><span style=\"font-family: 'Avenir Book', serif;\">11:00 &#8211; 13:00 workshop e incontro con Geg\u00e9 Telesforo &#8220;Vocal Jazz Concept: alla ricerca del Fonema Perduto&#8221;<\/span><\/span><\/span><\/span><\/p>\n<p lang=\"it-IT\"><span style=\"color: #00000a;\"><span style=\"font-family: Cambria, serif;\"><span style=\"font-size: medium;\"><span style=\"font-family: 'Avenir Book', serif;\">15:00 &#8211; 16:00 Bernardo Scarambone [piano classico]<\/span><\/span><\/span><\/span><\/p>\n<p lang=\"it-IT\"><span style=\"color: #00000a;\"><span style=\"font-family: Cambria, serif;\"><span style=\"font-size: medium;\"><span style=\"font-family: 'Avenir Book', serif;\">16:00 &#8211; 17:00 EDNA<\/span><\/span><\/span><\/span><\/p>\n<p lang=\"it-IT\"><span style=\"color: #00000a;\"><span style=\"font-family: Cambria, serif;\"><span style=\"font-size: medium;\"><span style=\"font-family: 'Avenir Book', serif;\">17:00 &#8211; 18:00 Ekos<\/span><\/span><\/span><\/span><\/p>\n<p lang=\"it-IT\"><span style=\"color: #00000a;\"><span style=\"font-family: Cambria, serif;\"><span style=\"font-size: medium;\"><span style=\"font-family: 'Avenir Book', serif;\">18:00 &#8211; 19:00 Salieri-Govoni-Negrelli<\/span><\/span><\/span><\/span><\/p>\n<p lang=\"it-IT\"><span style=\"color: #00000a;\"><span style=\"font-family: Cambria, serif;\"><span style=\"font-size: medium;\"><span style=\"font-family: 'Avenir Book', serif;\">19:00 &#8211; 20:00 Illogic Trio<\/span><\/span><\/span><\/span><\/p>\n<p lang=\"it-IT\"><span style=\"color: #00000a;\"><span style=\"font-family: Cambria, serif;\"><span style=\"font-size: medium;\"><span style=\"font-family: 'Avenir Book', serif;\">20:00 &#8211; 21:00 Fabio Giachino + Susanna Stivali<\/span><\/span><\/span><\/span><\/p>\n<p lang=\"it-IT\"><span style=\"color: #00000a;\"><span style=\"font-family: Cambria, serif;\"><span style=\"font-size: medium;\"><span style=\"font-family: 'Avenir Book', serif;\"><b>PALAZZO TOMITANO &#8211; MONTE DI PIETA&#8217; [solo performance]<\/b><\/span><\/span><\/span><\/span><\/p>\n<p lang=\"it-IT\"><span style=\"color: #00000a;\"><span style=\"font-family: Cambria, serif;\"><span style=\"font-size: medium;\"><span style=\"font-family: 'Avenir Book', serif;\">15:00 &#8211; 16:00 Andrea Massaria [chitarra]<\/span><\/span><\/span><\/span><\/p>\n<p lang=\"it-IT\"><span style=\"color: #00000a;\"><span style=\"font-family: Cambria, serif;\"><span style=\"font-size: medium;\"><span style=\"font-family: 'Avenir Book', serif;\">16:00 &#8211; 17:00 Susanna Stivali [voce]<\/span><\/span><\/span><\/span><\/p>\n<p lang=\"it-IT\"><span style=\"color: #00000a;\"><span style=\"font-family: Cambria, serif;\"><span style=\"font-size: medium;\"><span style=\"font-family: 'Avenir Book', serif;\">17:00 &#8211; 18:00 Francesco Busso [ghironda]<\/span><\/span><\/span><\/span><\/p>\n<p lang=\"it-IT\"><span style=\"color: #00000a;\"><span style=\"font-family: Cambria, serif;\"><span style=\"font-size: medium;\"><span style=\"font-family: 'Avenir Book', serif;\">18:00 &#8211; 19:00 Sebastiano Bon [flauto]<\/span><\/span><\/span><\/span><\/p>\n<p lang=\"it-IT\"><span style=\"color: #00000a;\"><span style=\"font-family: Cambria, serif;\"><span style=\"font-size: medium;\"><span style=\"font-family: 'Avenir Book', serif;\"><b>PIAZZA MAGGIORE [concerti]<\/b><\/span><\/span><\/span><\/span><\/p>\n<p lang=\"it-IT\"><span style=\"color: #00000a;\"><span style=\"font-family: Cambria, serif;\"><span style=\"font-size: medium;\"><span style=\"font-family: 'Avenir Book', serif;\">18:00 &#8211; 19:00 Chamaleon Mime<\/span><\/span><\/span><\/span><\/p>\n<p lang=\"it-IT\"><span style=\"color: #00000a;\"><span style=\"font-family: Cambria, serif;\"><span style=\"font-size: medium;\"><span style=\"font-family: 'Avenir Book', serif;\">19:00 &#8211; 20:00 Electric Sheep<\/span><\/span><\/span><\/span><\/p>\n<p lang=\"it-IT\"><span style=\"color: #00000a;\"><span style=\"font-family: Cambria, serif;\"><span style=\"font-size: medium;\"><span style=\"font-family: 'Avenir Book', serif;\">20:00 &#8211; 21:00 Collettivo CAT<\/span><\/span><\/span><\/span><\/p>\n<p lang=\"it-IT\"><span style=\"color: #00000a;\"><span style=\"font-family: Cambria, serif;\"><span style=\"font-size: medium;\"><span style=\"font-family: 'Avenir Book', serif;\">21:00 &#8211; 22:00 Empatee Du Weiss<\/span><\/span><\/span><\/span><\/p>\n<p lang=\"it-IT\"><span style=\"color: #00000a;\"><span style=\"font-family: Cambria, serif;\"><span style=\"font-size: medium;\"><span style=\"font-family: 'Avenir Book', serif;\">22:00 &#8211; 23:00 Jam con Nazionale Italiana Jazzisti &amp; Friends<\/span><\/span><\/span><\/span><\/p>\n<p lang=\"it-IT\"><span style=\"color: #00000a;\"><span style=\"font-family: Cambria, serif;\"><span style=\"font-size: medium;\"><span style=\"font-family: 'Avenir Book', serif;\">23:00 &#8211; 00:00 Jam con Nazionale Italiana Jazzisti &amp; Friends<\/span><\/span><\/span><\/span><\/p>\n<p lang=\"it-IT\"><span style=\"color: #00000a;\"><span style=\"font-family: Cambria, serif;\"><span style=\"font-size: medium;\"><span style=\"font-family: 'Avenir Book', serif;\"><b>PIAZZA TRENTO E TRIESTE [concerti]<\/b><\/span><\/span><\/span><\/span><\/p>\n<p lang=\"it-IT\"><span style=\"color: #00000a;\"><span style=\"font-family: Cambria, serif;\"><span style=\"font-size: medium;\"><span style=\"font-family: 'Avenir Book', serif;\">18:00 &#8211; 19:00 Babou Saho &amp; Simone Baggia<\/span><\/span><\/span><\/span><\/p>\n<p lang=\"it-IT\"><span style=\"color: #00000a;\"><span style=\"font-family: Cambria, serif;\"><span style=\"font-size: medium;\"><span style=\"font-family: 'Avenir Book', serif;\">19:00 &#8211; 20:00 Saboriso<\/span><\/span><\/span><\/span><\/p>\n<p lang=\"it-IT\"><span style=\"color: #00000a;\"><span style=\"font-family: Cambria, serif;\"><span style=\"font-size: medium;\"><span style=\"font-family: 'Avenir Book', serif;\">20:00 &#8211; 21:00 Mascio &#8211; Candida<\/span><\/span><\/span><\/span><\/p>\n<p lang=\"it-IT\"><span style=\"color: #00000a;\"><span style=\"font-family: Cambria, serif;\"><span style=\"font-size: medium;\"><span style=\"font-family: 'Avenir Book', serif;\">21:00 &#8211; 22:00 Andrea Massaria with Friends<\/span><\/span><\/span><\/span><\/p>\n<p lang=\"it-IT\"><span style=\"color: #00000a;\"><span style=\"font-family: Cambria, serif;\"><span style=\"font-size: medium;\"><span style=\"font-family: 'Avenir Book', serif;\">22:00 &#8211; 23:00 Satoyama + painting<\/span><\/span><\/span><\/span><\/p>\n<p lang=\"it-IT\"><span style=\"color: #00000a;\"><span style=\"font-family: Cambria, serif;\"><span style=\"font-size: medium;\"><span style=\"font-family: 'Avenir Book', serif;\">23:00 &#8211; 00:00 Filippo Cosentino<\/span><\/span><\/span><\/span><\/p>\n<p lang=\"it-IT\"><span style=\"color: #00000a;\"><span style=\"font-family: Cambria, serif;\"><span style=\"font-size: medium;\"><span style=\"font-family: 'Avenir Book', serif;\"><b>PALAZZO GUARNIERI [concerti]<\/b><\/span><\/span><\/span><\/span><\/p>\n<p lang=\"it-IT\"><span style=\"color: #00000a;\"><span style=\"font-family: Cambria, serif;\"><span style=\"font-size: medium;\"><span style=\"font-family: 'Avenir Book', serif;\">18:00 &#8211; 19:00 Cusa &#8211; Coglitore &#8211; Marino<\/span><\/span><\/span><\/span><\/p>\n<p lang=\"it-IT\"><span style=\"color: #00000a;\"><span style=\"font-family: Cambria, serif;\"><span style=\"font-size: medium;\"><span style=\"font-family: 'Avenir Book', serif;\">19:00 &#8211; 20:00 Enrico Intra &#8211; Enrico Pieranunzi &#8216;Bluestop&#8217;<\/span><\/span><\/span><\/span><\/p>\n<p lang=\"it-IT\"><span style=\"color: #00000a;\"><span style=\"font-family: Cambria, serif;\"><span style=\"font-size: medium;\"><span style=\"font-family: 'Avenir Book', serif;\">20:00 &#8211; 21:00 OoF3<\/span><\/span><\/span><\/span><\/p>\n<p lang=\"it-IT\"><span style=\"color: #00000a;\"><span style=\"font-family: Cambria, serif;\"><span style=\"font-size: medium;\"><span style=\"font-family: 'Avenir Book', serif;\">21:00 &#8211; 22:00 Cettina Donato 4tet<\/span><\/span><\/span><\/span><\/p>\n<p lang=\"it-IT\"><span style=\"color: #00000a;\"><span style=\"font-family: Cambria, serif;\"><span style=\"font-size: medium;\"><span style=\"font-family: 'Avenir Book', serif;\">22:00 &#8211; 23:00 Scaglia &#8211; Pedrotti &#8211; Gubbiotti &#8211; Cusa 4tet<\/span><\/span><\/span><\/span><\/p>\n<p lang=\"it-IT\"><span style=\"color: #00000a;\"><span style=\"font-family: Cambria, serif;\"><span style=\"font-size: medium;\"><span style=\"font-family: 'Avenir Book', serif;\">23:00 &#8211; 00:00 Giuseppe Bassi &#8211; Giovanni Tommaso &#8220;Psicologia e alienazione di un contrabbassista di jazz&#8221;<\/span><\/span><\/span><\/span><\/p>\n<p lang=\"it-IT\" align=\"JUSTIFY\"><span style=\"color: #00000a;\"><span style=\"font-family: Cambria, serif;\"><span style=\"font-size: medium;\"><span style=\"font-family: 'Avenir Book', serif;\"><b>PALAZZO BORGASIO [Programmazione teatrale a cura di Corti Teatrali] <\/b><\/span><\/span><\/span><\/span><\/p>\n<p lang=\"it-IT\" align=\"JUSTIFY\"><span style=\"color: #00000a;\"><span style=\"font-family: Cambria, serif;\"><span style=\"font-size: medium;\"><span style=\"font-family: 'Avenir Book', serif;\">dalle ore 18.00 a mezzanotte \/ <\/span><\/span><\/span><\/span><\/p>\n<p lang=\"it-IT\"><span style=\"color: #00000a;\"><span style=\"font-family: Cambria, serif;\"><span style=\"font-size: medium;\"><span style=\"font-family: 'Avenir Book', serif;\"><br \/>\n<\/span><\/span><\/span><\/span><\/p>\n<p lang=\"it-IT\"><span style=\"color: #00000a;\"><span style=\"font-family: Cambria, serif;\"><span style=\"font-size: medium;\"><span style=\"font-family: 'Avenir Book', serif;\">&#8212;&#8212;&#8212;&#8212;&#8212;&#8212;&#8212;&#8212;&#8212;&#8212;&#8212;&#8212;&#8212;&#8212;&#8212;&#8212;&#8212;&#8212;&#8212;&#8212;&#8212;&#8212;&#8212;&#8212;&#8212;&#8212;&#8212;&#8212;&#8212;&#8212;&#8212;&#8212;&#8212;&#8212;&#8212;&#8212;&#8212;&#8212;&#8212;&#8212;<\/span><\/span><\/span><\/span><\/p>\n<p lang=\"it-IT\" align=\"CENTER\"><span style=\"color: #00000a;\"><span style=\"font-family: Cambria, serif;\"><span style=\"font-size: medium;\"><span style=\"font-family: 'Avenir Book', serif;\"><span style=\"font-size: xx-large;\"><b>DOMENICA 25 GIUGNO 2017<\/b><\/span><\/span><\/span><\/span><\/span><\/p>\n<p lang=\"it-IT\"><span style=\"color: #00000a;\"><span style=\"font-family: Cambria, serif;\"><span style=\"font-size: medium;\"><span style=\"font-family: 'Avenir Book', serif;\"><b>TURISMO CULTURALE DI COMUNIT\u00c0<\/b><\/span><\/span><\/span><\/span><\/p>\n<p lang=\"it-IT\"><span style=\"color: #00000a;\">\u201c<span style=\"font-family: Cambria, serif;\"><span style=\"font-size: medium;\"><span style=\"font-family: 'Avenir Book', serif;\"><b>I Palazzi del Potere\u201d<\/b><\/span><span style=\"font-family: 'Avenir Book', serif;\"> Il Fondaco per Feltre [dalle ore 15.30 alle ore 19.30]<\/span><\/span><\/span><\/span><\/p>\n<p lang=\"it-IT\"><span style=\"color: #00000a;\">\u201c<span style=\"font-family: Cambria, serif;\"><span style=\"font-size: medium;\"><span style=\"font-family: 'Avenir Book', serif;\"><b>La Valle di Seren tra antropologia, natura e gastronomia\u201d<\/b><\/span><span style=\"font-family: 'Avenir Book', serif;\"> (Loc. Valle di Seren del Grappa, ore 9,00 \u2013 <\/span><span style=\"color: #0000ff;\"><span lang=\"it-IT\"><u><a href=\"mailto:alberodeglialberi@libero.it\"><span style=\"font-family: 'Avenir Book', serif;\">alberodeglialberi@libero.it<\/span><\/a><\/u><\/span><\/span><span style=\"font-family: 'Avenir Book', serif;\">)<\/span><\/span><\/span><\/span><\/p>\n<p lang=\"it-IT\"><span style=\"color: #00000a;\">\u201c<span style=\"font-family: Cambria, serif;\"><span style=\"font-size: medium;\"><span style=\"font-family: 'Avenir Book', serif;\"><b>Sentiero naturalistico Valle di San Martino<\/b><\/span><span style=\"font-family: 'Avenir Book', serif;\">\u201d (Loc. Vignui di Feltre, ore 9.30 \u2013 <\/span><span style=\"color: #0000ff;\"><span lang=\"it-IT\"><u><a href=\"mailto:civitatesfeltre@gmail.com\"><span style=\"font-family: 'Avenir Book', serif;\">civitatesfeltre@gmail.com<\/span><\/a><\/u><\/span><\/span><span style=\"font-family: 'Avenir Book', serif;\">) <\/span><\/span><\/span><\/span><\/p>\n<p lang=\"it-IT\"><span style=\"color: #00000a;\">\u201c<span style=\"font-family: Cambria, serif;\"><span style=\"font-size: medium;\"><span style=\"font-family: 'Avenir Book', serif;\"><b>Feltre citt\u00e0 da scoprire\u201d<\/b><\/span><span style=\"font-family: 'Avenir Book', serif;\"> visita guidata al centro storico (Piazza Trento Trieste, ore 10.15 &#8211; 338.4480642)<\/span><\/span><\/span><\/span><\/p>\n<p lang=\"it-IT\"><span style=\"color: #00000a;\">\u201c<span style=\"font-family: Cambria, serif;\"><span style=\"font-size: medium;\"><span style=\"font-family: 'Avenir Book', serif;\"><b>Volare in parapendio\u201d<\/b><\/span><span style=\"font-family: 'Avenir Book', serif;\"> (Monte Avena, ore 9,30 \u2013 338.5409511<\/span><\/span><\/span><\/span><\/p>\n<p lang=\"it-IT\"><span style=\"color: #00000a;\">\u201c<span style=\"font-family: Cambria, serif;\"><span style=\"font-size: medium;\"><span style=\"font-family: 'Avenir Book', serif;\"><b>Passeggiata alla scoperta dell\u2019artigianato feltrino\u201d<\/b><\/span><span style=\"font-family: 'Avenir Book', serif;\"> (Centro storico, ore 15,00 &#8211; <\/span><span style=\"color: #0000ff;\"><span lang=\"it-IT\"><u><a href=\"mailto:civitatesfeltre@gmail.com\"><span style=\"font-family: 'Avenir Book', serif;\">civitatesfeltre@gmail.com<\/span><\/a><\/u><\/span><\/span><\/span><\/span><\/span><\/p>\n<p lang=\"it-IT\"><span style=\"color: #00000a;\">\u201c<span style=\"font-family: Cambria, serif;\"><span style=\"font-size: medium;\"><span style=\"font-family: 'Avenir Book', serif;\"><b>Visita guidata alla Fabbrica della Birra\u201d<\/b><\/span><span style=\"font-family: 'Avenir Book', serif;\"> (Loc. Pedavena, ore 14.30 \u2013 0439\/304402 \u2013 labirreria@libero.it)<\/span><\/span><\/span><\/span><\/p>\n<p lang=\"it-IT\"><span style=\"color: #00000a;\">\u201c<span style=\"font-family: Cambria, serif;\"><span style=\"font-size: medium;\"><span style=\"font-family: 'Avenir Book', serif;\"><b>Matin\u00e9e al Museo etnografico di Seravella\u201d<\/b><\/span><span style=\"font-family: 'Avenir Book', serif;\"> (Loc. Cesiomaggiore, ore 10.00 <\/span><span style=\"color: #0000ff;\"><span lang=\"it-IT\"><u><a href=\"mailto:civitatesfeltre@gmail.com\"><span style=\"font-family: 'Avenir Book', serif;\">civitatesfeltre@gmail.com<\/span><\/a><\/u><\/span><\/span><span style=\"font-family: 'Avenir Book', serif;\">)<\/span><\/span><\/span><\/span><\/p>\n<p lang=\"it-IT\"><span style=\"color: #00000a;\">\u201c<span style=\"font-family: Cambria, serif;\"><span style=\"font-size: medium;\"><span style=\"font-family: 'Avenir Book', serif;\"><b>In grotta con gli speleologi\u201d<\/b><\/span><span style=\"font-family: 'Avenir Book', serif;\"> (Loc. Valle di Seren del Grappa, ore 10,00 &#8211; civitatesfeltre@gmail.com)<\/span><\/span><\/span><\/span><\/p>\n<p lang=\"it-IT\"><span style=\"color: #00000a;\"><span style=\"font-family: Cambria, serif;\"><span style=\"font-size: medium;\"><span style=\"font-family: 'Avenir Book', serif;\"><b>IL VALORE SOCIALE DELLA MUSICA \u2013 TAVOLA ROTONDA E JAM SESSION<\/b><\/span><\/span><\/span><\/span><\/p>\n<p lang=\"it-IT\"><span style=\"color: #00000a;\"><span style=\"font-family: Cambria, serif;\"><span style=\"font-size: medium;\"><span style=\"font-family: 'Avenir Book', serif;\">c\/o OSPEDALE DI FELTRE [via Bagnols Sur C\u00e8z\u00e8, 1]<\/span><\/span><\/span><\/span><\/p>\n<p lang=\"it-IT\"><span style=\"color: #00000a;\"><span style=\"font-family: Cambria, serif;\"><span style=\"font-size: medium;\"><span style=\"font-family: 'Avenir Book', serif;\">11:00 &#8211; 11:30 Presentazione Civitates a cura di Luciano Vanni<\/span><\/span><\/span><\/span><\/p>\n<p lang=\"it-IT\"><span style=\"color: #00000a;\"><span style=\"font-family: Cambria, serif;\"><span style=\"font-size: medium;\"><span style=\"font-family: 'Avenir Book', serif;\">11:30 &#8211; 12:30 Geg\u00e9 Telesforo [Unicef], Leonardo De Lorenzo [Musica in Corsia], Cettina Donato [Residenza Villa GioVanna: musica e autismo], Pasquale Innarella [Rustica X Band: musica nelle periferie di Roma], Marco Pacassoni [musica a scuola con studenti con disturbi specifici di apprendimento], Johnny Lapio [Arcote Jazz Torino: musicoterapia]<\/span><\/span><\/span><\/span><\/p>\n<p lang=\"it-IT\"><span style=\"color: #00000a;\"><span style=\"font-family: Cambria, serif;\"><span style=\"font-size: medium;\"><span style=\"font-family: 'Avenir Book', serif;\">12:30 &#8211; 14:00 Jam session<\/span><\/span><\/span><\/span><\/p>\n<p lang=\"it-IT\"><span style=\"color: #00000a;\"><span style=\"font-family: Cambria, serif;\"><span style=\"font-size: medium;\"><span style=\"font-family: 'Avenir Book', serif;\"><b>PICNIC SONORI <\/b><\/span><\/span><\/span><\/span><\/p>\n<p lang=\"it-IT\"><span style=\"color: #00000a;\"><span style=\"font-family: Cambria, serif;\"><span style=\"font-size: medium;\"><span style=\"font-family: 'Avenir Book', serif;\">12.00 &#8211; Villa San Liberale (Viale San Liberale, 9 \u2013 347.9676850) con Francesco V Amenta Quartet<\/span><\/span><\/span><\/span><\/p>\n<p lang=\"it-IT\"><span style=\"color: #00000a;\"><span style=\"font-family: Cambria, serif;\"><span style=\"font-size: medium;\"><span style=\"font-family: 'Avenir Book', serif;\"><b>GALLERIA D\u2019ARTE MODERNA \u2018CARLO RIZZARDA\u2019 [lectures]<\/b><\/span><\/span><\/span><\/span><\/p>\n<p lang=\"it-IT\"><span style=\"color: #00000a;\"><span style=\"font-family: Cambria, serif;\"><span style=\"font-size: medium;\"><span style=\"font-family: 'Avenir Book', serif;\">15:00 &#8211; 16:30 \u201cJazz Future I: A Jazz Playlist for 2017: discussion about Future in Jazz\u201d \u201d di Ashley Kahn<\/span><\/span><\/span><\/span><\/p>\n<p lang=\"it-IT\"><span style=\"color: #00000a;\"><span style=\"font-family: Cambria, serif;\"><span style=\"font-size: medium;\"><span style=\"font-family: 'Avenir Book', serif;\">16:30 &#8211; 18:00 \u201cJazz Future II: A Jazz Playlist for 2017 by Jazzit Fest guest <\/span><\/span><\/span><\/span><\/p>\n<p lang=\"it-IT\"><span style=\"color: #00000a;\"><span style=\"font-family: Cambria, serif;\"><span style=\"font-size: medium;\"><span style=\"font-family: 'Avenir Book', serif;\"><b>PALAZZO BORGASIO [laboratori per l&#8217;infanzia]<\/b><\/span><\/span><\/span><\/span><\/p>\n<p lang=\"it-IT\"><span style=\"color: #00000a;\"><span style=\"font-family: Cambria, serif;\"><span style=\"font-size: medium;\"><span style=\"font-family: 'Avenir Book', serif;\">10:00 &#8211; 11:00 [A Isabella Bongini &#8220;Su con le rece&#8221; [fino a 3 anni]<\/span><\/span><\/span><\/span><\/p>\n<p lang=\"it-IT\"><span style=\"color: #00000a;\"><span style=\"font-family: Cambria, serif;\"><span style=\"font-size: medium;\"><span style=\"font-family: 'Avenir Book', serif;\">11:00 &#8211; 12:00 Isabella Bongini &#8220;Gira Strumenti&#8221; [dai 3 ai 6 anni]<\/span><\/span><\/span><\/span><\/p>\n<p lang=\"it-IT\"><span style=\"color: #00000a;\"><span style=\"font-family: Cambria, serif;\"><span style=\"font-size: medium;\"><span style=\"font-family: 'Avenir Book', serif;\">16:00 &#8211; 17:00 Andrea Lombardini &#8220;Riconoscere il suono degli strumenti&#8217; [dagli 8 ai 15 anni]<\/span><\/span><\/span><\/span><\/p>\n<p lang=\"it-IT\"><span style=\"color: #00000a;\"><span style=\"font-family: Cambria, serif;\"><span style=\"font-size: medium;\"><span style=\"font-family: 'Avenir Book', serif;\">17:00 &#8211; 18:00 Leonardo Radicchi &#8221; I cinque elementi della musica&#8221; [dai 4 ai 6 anni]<\/span><\/span><\/span><\/span><\/p>\n<p lang=\"it-IT\"><span style=\"color: #00000a;\"><span style=\"font-family: Cambria, serif;\"><span style=\"font-size: medium;\"><span style=\"font-family: 'Avenir Book', serif;\">18:00 &#8211; 19:00 Susanna Stivali &#8220;Vocal Summit&#8221; [dai 10 anni in su]<\/span><\/span><\/span><\/span><\/p>\n<p lang=\"it-IT\"><span style=\"color: #00000a;\"><span style=\"font-family: Cambria, serif;\"><span style=\"font-size: medium;\"><span style=\"font-family: 'Avenir Book', serif;\">19:00 &#8211; 20:00 Francesco Mascio &#8220;Musica e Cartoni Animati&#8221; <\/span><\/span><\/span><\/span><\/p>\n<p lang=\"it-IT\"><span style=\"color: #00000a;\"><span style=\"font-family: Cambria, serif;\"><span style=\"font-size: medium;\"><span style=\"font-family: 'Avenir Book', serif;\"><b>STANZONE DELLA MUSICA [presentazione cd &amp; libri]<\/b><\/span><\/span><\/span><\/span><\/p>\n<p lang=\"it-IT\"><span style=\"color: #00000a;\"><span style=\"font-family: Cambria, serif;\"><span style=\"font-size: medium;\"><span style=\"font-family: 'Avenir Book', serif;\">15:00 &#8211; 16:00 Bizzarri Lettori &#8211; \u201cRacconti Molesti\u201d di Francesco Cusa [Eris Edizioni, 2017]<\/span><\/span><\/span><\/span><\/p>\n<p lang=\"it-IT\"><span style=\"color: #00000a;\"><span style=\"font-family: Cambria, serif;\"><span style=\"font-size: medium;\"><span style=\"font-family: 'Avenir Book', serif;\">16:00 &#8211; 17:00 I libri Parlanti del CILP Feltre a cura di Ornella Favetti e Mauro Viani &#8220;Kind Of Blue&#8221; di Ashley Kahn<\/span><\/span><\/span><\/span><\/p>\n<p lang=\"it-IT\"><span style=\"color: #00000a;\"><span style=\"font-family: Cambria, serif;\"><span style=\"font-size: medium;\"><span style=\"font-family: 'Avenir Book', serif;\">17:00 &#8211; 18:00 Susanna Stivali \u201cGoing For The Unknown\u201d (Jazzit Records, 2107)<\/span><\/span><\/span><\/span><\/p>\n<p lang=\"it-IT\"><span style=\"color: #00000a;\"><span style=\"font-family: Cambria, serif;\"><span style=\"font-size: medium;\"><span style=\"font-family: 'Avenir Book', serif;\">18:00 &#8211; 19:00 Solitunes presenta Solitunes<\/span><\/span><\/span><\/span><\/p>\n<p lang=\"it-IT\"><span style=\"color: #00000a;\"><span style=\"font-family: Cambria, serif;\"><span style=\"font-size: medium;\"><span style=\"font-family: 'Avenir Book', serif;\">19:00 &#8211; 20:00 Pasquale Innarella &#8220;Migrantes&#8221; [Alfa, 2017]<\/span><\/span><\/span><\/span><\/p>\n<p lang=\"it-IT\"><span style=\"color: #00000a;\"><span style=\"font-family: Cambria, serif;\"><span style=\"font-size: medium;\"><span style=\"font-family: 'Avenir Book', serif;\"><b>TEATRO DE LA SENA [concerti]<\/b><\/span><\/span><\/span><\/span><\/p>\n<p lang=\"it-IT\"><span style=\"color: #00000a;\"><span style=\"font-family: Cambria, serif;\"><span style=\"font-size: medium;\"><span style=\"font-family: 'Avenir Book', serif;\">11:00 &#8211; 13:00 workshop e incontro con Enrico Pieranunzi &#8220;Classica e Jazz:amici, nemici o colleghi?\u201d<\/span><\/span><\/span><\/span><\/p>\n<p lang=\"it-IT\"><span style=\"color: #00000a;\"><span style=\"font-family: Cambria, serif;\"><span style=\"font-size: medium;\"><span style=\"font-family: 'Avenir Book', serif;\">15:45 &#8211; 16:00 Nora Lux &#8216;Lipushiau&#8217; [15 minuti]<\/span><\/span><\/span><\/span><\/p>\n<p lang=\"it-IT\"><span style=\"color: #00000a;\"><span style=\"font-family: Cambria, serif;\"><span style=\"font-size: medium;\"><span style=\"font-family: 'Avenir Book', serif;\">15:00 &#8211; 16:00 William Leniham [chitarra classica]<\/span><\/span><\/span><\/span><\/p>\n<p lang=\"it-IT\"><span style=\"color: #00000a;\"><span style=\"font-family: Cambria, serif;\"><span style=\"font-size: medium;\"><span style=\"font-family: 'Avenir Book', serif;\">16:00 &#8211; 17:00 Sebastiano Bon 3<\/span><\/span><\/span><\/span><\/p>\n<p lang=\"it-IT\"><span style=\"color: #00000a;\"><span style=\"font-family: Cambria, serif;\"><span style=\"font-size: medium;\"><span style=\"font-family: 'Avenir Book', serif;\">17:00 &#8211; 18:00 &#8220;I siciliani di Antonio Caldarella&#8221; &#8211; jam session di musica e poesia con Cettina Donato e Ninni Bruschetta<\/span><\/span><\/span><\/span><\/p>\n<p lang=\"it-IT\"><span style=\"color: #00000a;\"><span style=\"font-family: Cambria, serif;\"><span style=\"font-size: medium;\"><span style=\"font-family: 'Avenir Book', serif;\">18:00 &#8211; 19:00 Out Loud<\/span><\/span><\/span><\/span><\/p>\n<p lang=\"it-IT\"><span style=\"color: #00000a;\"><span style=\"font-family: Cambria, serif;\"><span style=\"font-size: medium;\"><span style=\"font-family: 'Avenir Book', serif;\">19:00 &#8211; 20:00 Francesco V Amenta Quartet<\/span><\/span><\/span><\/span><\/p>\n<p lang=\"it-IT\"><span style=\"color: #00000a;\"><span style=\"font-family: Cambria, serif;\"><span style=\"font-size: medium;\"><span style=\"font-family: 'Avenir Book', serif;\">20:00 &#8211; 21:00 B.Chord Vocal Jazz Duo<\/span><\/span><\/span><\/span><\/p>\n<p lang=\"it-IT\"><span style=\"color: #00000a;\"><span style=\"font-family: Cambria, serif;\"><span style=\"font-size: medium;\"><span style=\"font-family: 'Avenir Book', serif;\"><b>PALAZZO TOMITANO &#8211; MONTE DI PIETA&#8217; [solo performance]<\/b><\/span><\/span><\/span><\/span><\/p>\n<p lang=\"it-IT\"><span style=\"color: #00000a;\"><span style=\"font-family: Cambria, serif;\"><span style=\"font-size: medium;\"><span style=\"font-family: 'Avenir Book', serif;\">15:00 &#8211; 16:00 Carlo Cappello [chitarra elettrica]<\/span><\/span><\/span><\/span><\/p>\n<p lang=\"it-IT\"><span style=\"color: #00000a;\"><span style=\"font-family: Cambria, serif;\"><span style=\"font-size: medium;\"><span style=\"font-family: 'Avenir Book', serif;\">16:00 &#8211; 17:00 <\/span><span style=\"font-family: 'Avenir Book', serif;\">Zakkary Garner<\/span><span style=\"font-family: 'Avenir Book', serif;\"> [sax]<\/span><\/span><\/span><\/span><\/p>\n<p lang=\"it-IT\"><span style=\"color: #00000a;\"><span style=\"font-family: Cambria, serif;\"><span style=\"font-size: medium;\"><span style=\"font-family: 'Avenir Book', serif;\">17:00 &#8211; 18:00 Sorah Rionda [chitarra e voce]<\/span><\/span><\/span><\/span><\/p>\n<p lang=\"it-IT\"><span style=\"color: #00000a;\"><span style=\"font-family: Cambria, serif;\"><span style=\"font-size: medium;\"><span style=\"font-family: 'Avenir Book', serif;\">18:00 &#8211; 19:00 Ilaria Capalbo [contrabbasso]<\/span><\/span><\/span><\/span><\/p>\n<p lang=\"it-IT\"><span style=\"color: #00000a;\"><span style=\"font-family: Cambria, serif;\"><span style=\"font-size: medium;\"><span style=\"font-family: 'Avenir Book', serif;\"><b>PIAZZA MAGGIORE [concerti]<\/b><\/span><\/span><\/span><\/span><\/p>\n<p lang=\"it-IT\"><span style=\"color: #00000a;\"><span style=\"font-family: Cambria, serif;\"><span style=\"font-size: medium;\"><span style=\"font-family: 'Avenir Book', serif;\">18:00 &#8211; 19:00 Beppe Di Benedetto &amp; Friends<\/span><\/span><\/span><\/span><\/p>\n<p lang=\"it-IT\"><span style=\"color: #00000a;\"><span style=\"font-family: Cambria, serif;\"><span style=\"font-size: medium;\"><span style=\"font-family: 'Avenir Book', serif;\">19:00 &#8211; 20:00 Empatee Du Weiss with Gruppo Sbandieratori Citt\u00e0 di Feltre<\/span><\/span><\/span><\/span><\/p>\n<p lang=\"it-IT\"><span style=\"color: #00000a;\"><span style=\"font-family: Cambria, serif;\"><span style=\"font-size: medium;\"><span style=\"font-family: 'Avenir Book', serif;\">20:00 &#8211; 21:00 Geg\u00e9 Telesforo &#8220;Soundz For Children&#8221; UNICEF &#8211; soundcheck aperto al pubblico<\/span><\/span><\/span><\/span><\/p>\n<p lang=\"it-IT\"><span style=\"color: #00000a;\"><span style=\"font-family: Cambria, serif;\"><span style=\"font-size: medium;\"><span style=\"font-family: 'Avenir Book', serif;\">21:00 &#8211; 22:00 Geg\u00e9 Telesforo &#8220;Soundz For Children&#8221; UNICEF<\/span><\/span><\/span><\/span><\/p>\n<p lang=\"it-IT\"><span style=\"color: #00000a;\"><span style=\"font-family: Cambria, serif;\"><span style=\"font-size: medium;\"><span style=\"font-family: 'Avenir Book', serif;\">22:00 &#8211; 23:00 Francesco Cusa Naked Musicians &#8220;Il ritorno di Frank Zappa sulla terra&#8221;<\/span><\/span><\/span><\/span><\/p>\n<p lang=\"it-IT\"><span style=\"color: #00000a;\"><span style=\"font-family: Cambria, serif;\"><span style=\"font-size: medium;\"><span style=\"font-family: 'Avenir Book', serif;\">23:00 &#8211; 00:00 Francesco Cusa Naked Musicians &#8220;Il ritorno di Frank Zappa sulla terra&#8221;<\/span><\/span><\/span><\/span><\/p>\n<p lang=\"it-IT\"><span style=\"color: #00000a;\"><span style=\"font-family: Cambria, serif;\"><span style=\"font-size: medium;\"><span style=\"font-family: 'Avenir Book', serif;\"><b>TRENTO E TRIESTE [concerti]<\/b><\/span><\/span><\/span><\/span><\/p>\n<p lang=\"it-IT\"><span style=\"color: #00000a;\"><span style=\"font-family: Cambria, serif;\"><span style=\"font-size: medium;\"><span style=\"font-family: 'Avenir Book', serif;\">18:00 &#8211; 19:00 Mascio &#8211; Candida<\/span><\/span><\/span><\/span><\/p>\n<p lang=\"it-IT\"><span style=\"color: #00000a;\"><span style=\"font-family: Cambria, serif;\"><span style=\"font-size: medium;\"><span style=\"font-family: 'Avenir Book', serif;\">19:00 &#8211; 20:00 Babou Saho &amp; Simone Baggia<\/span><\/span><\/span><\/span><\/p>\n<p lang=\"it-IT\"><span style=\"color: #00000a;\"><span style=\"font-family: Cambria, serif;\"><span style=\"font-size: medium;\"><span style=\"font-family: 'Avenir Book', serif;\">20:00 &#8211; 21:00 Ekos<\/span><\/span><\/span><\/span><\/p>\n<p lang=\"it-IT\"><span style=\"color: #00000a;\"><span style=\"font-family: Cambria, serif;\"><span style=\"font-size: medium;\"><span style=\"font-family: 'Avenir Book', serif;\">21:00 &#8211; 22:00 Andrea Massaria with Friends<\/span><\/span><\/span><\/span><\/p>\n<p lang=\"it-IT\"><span style=\"color: #00000a;\"><span style=\"font-family: Cambria, serif;\"><span style=\"font-size: medium;\"><span style=\"font-family: 'Avenir Book', serif;\">22:00 &#8211; 23:00 Risso &#8211; Busso &#8211; Furia [cb, ghi, bat]<\/span><\/span><\/span><\/span><\/p>\n<p lang=\"it-IT\"><span style=\"color: #00000a;\"><span style=\"font-family: Cambria, serif;\"><span style=\"font-size: medium;\"><span style=\"font-family: 'Avenir Book', serif;\"><b>PALAZZO GUARNIERI [concerti]<\/b><\/span><\/span><\/span><\/span><\/p>\n<p lang=\"it-IT\"><span style=\"color: #00000a;\"><span style=\"font-family: Cambria, serif;\"><span style=\"font-size: medium;\"><span style=\"font-family: 'Avenir Book', serif;\">18:00 &#8211; 19:00 Andrea Allulli &#8220;The Chad Song&#8217;<\/span><\/span><\/span><\/span><\/p>\n<p lang=\"it-IT\"><span style=\"color: #00000a;\"><span style=\"font-family: Cambria, serif;\"><span style=\"font-size: medium;\"><span style=\"font-family: 'Avenir Book', serif;\">19:00 &#8211; 20:00 Jazz in The Space Age<\/span><\/span><\/span><\/span><\/p>\n<p lang=\"it-IT\"><span style=\"color: #00000a;\"><span style=\"font-family: Cambria, serif;\"><span style=\"font-size: medium;\"><span style=\"font-family: 'Avenir Book', serif;\">20:00 &#8211; 21:00 Marta del Grandi + Cecilia Valagussa<\/span><\/span><\/span><\/span><\/p>\n<p lang=\"it-IT\"><span style=\"color: #00000a;\"><span style=\"font-family: Cambria, serif;\"><span style=\"font-size: medium;\"><span style=\"font-family: 'Avenir Book', serif;\">21:00 &#8211; 22:00 Feliciati-Lombardini-De Seta &#8220;John Doe&#8221;<\/span><\/span><\/span><\/span><\/p>\n<p lang=\"it-IT\"><span style=\"color: #00000a;\"><span style=\"font-family: Cambria, serif;\"><span style=\"font-size: medium;\"><span style=\"font-family: 'Avenir Book', serif;\">22:00 &#8211; 23:00 Andrea Lombardini &#8216;Live Production&#8217;<\/span><\/span><\/span><\/span><\/p>\n<p lang=\"it-IT\"><span style=\"color: #00000a;\"><span style=\"font-family: Cambria, serif;\"><span style=\"font-size: medium;\"><span style=\"font-family: 'Avenir Book', serif;\">23:00 &#8211; 00:00 Enrico Intra &#8211; Pasquale Innarella with Friends<\/span><\/span><\/span><\/span><\/p>\n<p lang=\"it-IT\"><span style=\"color: #00000a;\"><span style=\"font-family: Cambria, serif;\"><span style=\"font-size: medium;\"><span style=\"font-family: 'Avenir Book', serif;\">after midnight ATA plays \u201cLa gran fine stellATA\u201d (ascolto sdraiato con gli occhi rivolti al cielo]<\/span><\/span><\/span><\/span><\/p>\n<p lang=\"it-IT\"><span style=\"color: #00000a;\"><span style=\"font-family: Cambria, serif;\"><span style=\"font-size: medium;\"><span style=\"font-family: 'Avenir Book', serif;\"><br \/>\n<\/span><span style=\"font-family: 'Avenir Book', serif;\"><b>PALAZZO BORGASIO [Programmazione teatrale a cura di Corti Teatrali] <\/b><\/span><\/span><\/span><\/span><\/p>\n<p lang=\"it-IT\" align=\"JUSTIFY\"><span style=\"color: #00000a;\"><span style=\"font-family: Cambria, serif;\"><span style=\"font-size: medium;\"><span style=\"font-family: 'Avenir Book', serif;\">dalle ore 18.00 a mezzanotte \/ <\/span><\/span><\/span><\/span><\/p>\n<p lang=\"it-IT\"><span style=\"color: #00000a;\"><span style=\"font-family: Cambria, serif;\"><span style=\"font-size: medium;\"><span style=\"font-family: 'Avenir Book', serif;\">&#8212;&#8212;&#8212;&#8212;&#8212;&#8212;&#8212;&#8212;&#8212;&#8212;&#8212;&#8212;&#8212;&#8212;&#8212;&#8212;&#8212;&#8212;&#8212;&#8212;&#8212;&#8212;&#8212;&#8212;&#8212;&#8212;&#8212;&#8212;&#8212;&#8212;&#8212;&#8212;&#8212;&#8212;&#8212;&#8212;&#8212;&#8212;&#8212;&#8212;<\/span><\/span><\/span><\/span><\/p>\n<p lang=\"it-IT\" align=\"CENTER\"><span style=\"color: #00000a;\"><span style=\"font-family: Cambria, serif;\"><span style=\"font-size: medium;\"><span style=\"font-family: 'Avenir Book', serif;\"><span style=\"font-size: xx-large;\"><b>JAZZIT FEST<\/b><\/span><\/span><\/span><\/span><\/span><\/p>\n<p lang=\"it-IT\"><span style=\"color: #00000a;\"><span style=\"font-family: Cambria, serif;\"><span style=\"font-size: medium;\"><span style=\"font-family: 'Avenir Book', serif;\">cell \/ 339.3737764<\/span><\/span><\/span><\/span><\/p>\n<p lang=\"it-IT\"><span style=\"color: #00000a;\"><span style=\"font-family: Cambria, serif;\"><span style=\"font-size: medium;\"><span style=\"font-family: 'Avenir Book', serif;\">e-mail programmazione \/ jazzitfest2017@gmail.com<\/span><\/span><\/span><\/span><\/p>\n<p lang=\"it-IT\"><span style=\"color: #00000a;\"><span style=\"font-family: Cambria, serif;\"><span style=\"font-size: medium;\"><span style=\"font-family: 'Avenir Book', serif;\">e-mail turismo culturale di comunit\u00e0 \/ civitatesfeltre@gmail.com<\/span><\/span><\/span><\/span><\/p>\n<p lang=\"it-IT\"><span style=\"color: #00000a;\"><span style=\"font-family: Cambria, serif;\"><span style=\"font-size: medium;\"><span style=\"font-family: 'Avenir Book', serif;\">e-mail per accoglienza turistica \/ <\/span><span style=\"color: #000000;\"><span style=\"font-family: 'Avenir Book', serif;\">info@dolomitiprealpi.it<\/span><\/span><\/span><\/span><\/span><\/p>\n<p lang=\"it-IT\"><span style=\"color: #00000a;\"><span style=\"font-family: Cambria, serif;\"><span style=\"font-size: medium;\"><span style=\"font-family: 'Avenir Book', serif;\"><b>PROGRAMMAZIONE TEATRALE<\/b><\/span><\/span><\/span><\/span><\/p>\n<p lang=\"it-IT\" align=\"JUSTIFY\"><span style=\"color: #00000a;\"><span style=\"font-family: Cambria, serif;\"><span style=\"font-size: medium;\"><span style=\"font-family: 'Avenir Book', serif;\">Corti Teatrali ha promosso una rassegna di teatro all\u2019interno di Palazzo Borgasio, dalle ore 18 alle ore 23 \/ L&#8217;Imbroglietto (Habitas) &#8211; La Collezione (Focus2) &#8211; Il Circo Invisibile (Cristina Pedetta, Sandro Calabrese) &#8211; Parlavano di Me (Francesca Nerozzi, Marzo Zingaro) &#8211; A-Social (Raffaella Agate) &#8211; Terra di Rosa [SpinOff] (Tiziana Francesca Vaccaro) &#8211; No Potho Reposare (Vincenza Pastore) &#8211; La Favola di Psiche (Associazione MAG, Valeria Nardella) &#8211; La Mente&#8230; le (Comic Art) &#8211; Piano, Forte, Forte (Valentina Cidda, Valentino Infuso)<\/span><\/span><\/span><\/span><\/p>\n<p lang=\"it-IT\"><span style=\"color: #00000a;\"><span style=\"font-family: Cambria, serif;\"><span style=\"font-size: medium;\"><span style=\"font-family: 'Avenir Book', serif;\"><b>PUNTI RISTORO UFFICIALI DEL JAZZIT FEST<\/b><\/span><\/span><\/span><\/span><\/p>\n<ul>\n<li>\n<p lang=\"it-IT\"><span style=\"color: #00000a;\"><span style=\"font-family: Cambria, serif;\"><span style=\"font-size: medium;\"><span style=\"font-family: 'Avenir Book', serif;\">Il Salotto di Jazzit &amp; Jazzit Pub <\/span><span style=\"font-family: 'Avenir Book', serif;\"><i>[loggetta Segusini &#8211; piazza Maggiore]<\/i><\/span><\/span><\/span><\/span><\/p>\n<\/li>\n<li>\n<p lang=\"it-IT\"><span style=\"color: #00000a;\"><span style=\"font-family: Cambria, serif;\"><span style=\"font-size: medium;\"><span style=\"font-family: 'Avenir Book', serif;\">GILF [via Mezzaterra \u2013 giardino del Vescovado]<\/span><\/span><\/span><\/span><\/p>\n<\/li>\n<li>\n<p lang=\"it-IT\"><span style=\"color: #00000a;\"><span style=\"font-family: Cambria, serif;\"><span style=\"font-size: medium;\"><span style=\"font-family: 'Avenir Book', serif;\">Mostra Mercato Contadino [piazzetta Filippo De Boni]<\/span><\/span><\/span><\/span><\/p>\n<\/li>\n<li>\n<p lang=\"it-IT\"><span style=\"color: #00000a;\"><span style=\"font-family: Cambria, serif;\"><span style=\"font-size: medium;\"><span style=\"font-family: 'Avenir Book', serif;\">Gruppo Sbandieratori Citt\u00e0 di Feltre [via Mezzaterra]<\/span><\/span><\/span><\/span><\/p>\n<\/li>\n<li>\n<p lang=\"it-IT\"><span style=\"color: #00000a;\"><span style=\"font-family: Cambria, serif;\"><span style=\"font-size: medium;\"><span style=\"font-family: 'Avenir Book', serif;\">Quartiere Santo Stefano [Castello di Alboino]<\/span><\/span><\/span><\/span><\/p>\n<\/li>\n<li>\n<p lang=\"it-IT\"><span style=\"color: #00000a;\"><span style=\"font-family: Cambria, serif;\"><span style=\"font-size: medium;\"><span style=\"font-family: 'Avenir Book', serif;\">Quartiere Castello [via Paradiso \u2013 Pascolet]<\/span><\/span><\/span><\/span><\/p>\n<\/li>\n<li>\n<p lang=\"it-IT\"><span style=\"color: #00000a;\"><span style=\"font-family: Cambria, serif;\"><span style=\"font-size: medium;\"><span style=\"font-family: 'Avenir Book', serif;\">Bramb\u00f9 [piazzetta della Legna]<\/span><\/span><\/span><\/span><\/p>\n<\/li>\n<li>\n<p lang=\"it-IT\"><span style=\"color: #00000a;\"><span style=\"font-family: Cambria, serif;\"><span style=\"font-size: medium;\"><span style=\"font-family: 'Avenir Book', serif;\">Track Food [via Campogiorgio]<\/span><\/span><\/span><\/span><\/p>\n<\/li>\n<\/ul>\n<p lang=\"it-IT\"><span style=\"color: #00000a;\"><span style=\"font-family: Cambria, serif;\"><span style=\"font-size: medium;\"><span style=\"font-family: 'Avenir Book', serif;\"><b>RESIDENZE CREATIVE<\/b><\/span><\/span><\/span><\/span><\/p>\n<ul>\n<li>\n<p lang=\"it-IT\"><span style=\"color: #00000a;\"><span style=\"font-family: Cambria, serif;\"><span style=\"font-size: medium;\"><span style=\"font-family: 'Avenir Book', serif;\">Alfa Music [Recording Studio] presso Centro di Musica Unisono<\/span><\/span><\/span><\/span><\/p>\n<\/li>\n<li>\n<p lang=\"it-IT\"><span style=\"color: #00000a;\"><span style=\"font-family: Cambria, serif;\"><span style=\"font-size: medium;\"><span style=\"font-family: 'Avenir Book', serif;\">Daniela Floris e Carlo Mogavero [blogger e fotografo] presso Centro di Musica Unisono<\/span><\/span><\/span><\/span><\/p>\n<\/li>\n<li>\n<p lang=\"it-IT\"><span style=\"color: #00000a;\"><span style=\"font-family: Cambria, serif;\"><span style=\"font-size: medium;\"><span style=\"font-family: 'Avenir Book', serif;\">Federica Di Bari [blogger], Fiorenza Gherardi De Candei [comunicazione], Francesco Truono [fotografo], Jonathan Giustini [comunicazione], Michele Mari [fotografo] presso Sala Stampa \u2018Aula Consiliare\u2019, Palazzo della Ragione<\/span><\/span><\/span><\/span><\/p>\n<\/li>\n<li>\n<p lang=\"it-IT\"><span style=\"color: #00000a;\"><span style=\"font-family: Cambria, serif;\"><span style=\"font-size: medium;\"><span style=\"font-family: 'Avenir Book', serif;\">Paolo Soriani with \u2018Soriansky Meets\u201d [fotografo] presso Centro di Musica Unisono<\/span><\/span><\/span><\/span><\/p>\n<\/li>\n<li>\n<p lang=\"it-IT\"><span style=\"color: #00000a;\"><span style=\"font-family: Cambria, serif;\"><span style=\"font-size: medium;\"><span style=\"font-family: 'Avenir Book', serif;\">Milk Studios [publishing] presso Centro di Musica Unisono<\/span><\/span><\/span><\/span><\/p>\n<\/li>\n<li>\n<p lang=\"it-IT\"><span style=\"color: #00000a;\"><span style=\"font-family: Cambria, serif;\"><span style=\"font-size: medium;\"><span style=\"font-family: 'Avenir Book', serif;\">Radio Nassau [radio tv] presso sala Stampa \u2018Aula Consiliare\u2019, Palazzo della Ragione<\/span><\/span><\/span><\/span><\/p>\n<\/li>\n<li>\n<p lang=\"it-IT\"><span style=\"color: #00000a;\"><span style=\"font-family: Cambria, serif;\"><span style=\"font-size: medium;\"><span style=\"font-family: 'Avenir Book', serif;\">Solitunes Records [Recording Studio] presso Centro di Musica Unisono<\/span><\/span><\/span><\/span><\/p>\n<\/li>\n<li>\n<p lang=\"it-IT\"><span style=\"color: #00000a;\"><span style=\"font-family: Cambria, serif;\"><span style=\"font-size: medium;\"><span style=\"font-family: 'Avenir Book', serif;\">Video [Palazzo Gazzi]<\/span><\/span><\/span><\/span><\/p>\n<\/li>\n<li>\n<p lang=\"it-IT\"><span style=\"color: #00000a;\"><span style=\"font-family: Cambria, serif;\"><span style=\"font-size: medium;\"><span style=\"font-family: 'Avenir Book', serif;\">Coltivar Condividendo [Palazzo Gazzi]<\/span><\/span><\/span><\/span><\/p>\n<\/li>\n<li>\n<p lang=\"it-IT\"><span style=\"color: #00000a;\"><span style=\"font-family: Cambria, serif;\"><span style=\"font-size: medium;\"><span style=\"font-family: 'Avenir Book', serif;\">Elena De Bacco e Francesca Quaglia <\/span><\/span><\/span><\/span><\/p>\n<\/li>\n<li>\n<p lang=\"it-IT\"><span style=\"color: #00000a;\"><span style=\"font-family: Cambria, serif;\"><span style=\"font-size: medium;\"><span style=\"font-family: 'Avenir Book', serif;\">Sala Prove &amp; Masterclass [Scuola Sandi]<\/span><\/span><\/span><\/span><\/p>\n<\/li>\n<li>\n<p lang=\"it-IT\"><span style=\"color: #00000a;\"><span style=\"font-family: Cambria, serif;\"><span style=\"font-size: medium;\"><span style=\"font-family: 'Avenir Book', serif;\">Villa Buzzati con incontri e performance di artisti e musicisti<\/span><\/span><\/span><\/span><\/p>\n<\/li>\n<\/ul>\n<p lang=\"it-IT\"><span style=\"color: #00000a;\"><span style=\"font-family: Cambria, serif;\"><span style=\"font-size: medium;\"><span style=\"font-family: 'Avenir Book', serif;\"><b>JAZZIT CLUB <\/b><\/span><span style=\"font-family: 'Avenir Book', serif;\">[a partire dalle ore 23.00, opening jam session]<\/span><\/span><\/span><\/span><\/p>\n<ul>\n<li>\n<p lang=\"it-IT\"><span style=\"color: #00000a;\"><span style=\"font-family: Cambria, serif;\"><span style=\"font-size: medium;\"><span style=\"font-family: 'Avenir Book', serif;\">Antica Osteria da Casot<\/span><b> <\/b><span style=\"font-family: 'Avenir Book', serif;\">(via Borgo Ruga, 1) \/ Illogic Trio presents \u201cI-Xperiment\u2019 [sabato 24]<\/span><\/span><\/span><\/span><\/p>\n<\/li>\n<li>\n<p lang=\"it-IT\"><span style=\"color: #00000a;\"><span style=\"font-family: Cambria, serif;\"><span style=\"font-size: medium;\"><span style=\"font-family: 'Avenir Book', serif;\">Bandalarga [via Luigi Basso, 6] \/ Mario Bettega \u2018Feel\u2019, Andrea Ditura &amp; Friends ed Enrica Balzan con I Ravioli Giganti<\/span><\/span><\/span><\/span><\/p>\n<\/li>\n<li>\n<p lang=\"it-IT\"><span style=\"color: #00000a;\"><span style=\"font-family: Cambria, serif;\"><span style=\"font-size: medium;\"><span style=\"font-family: 'Avenir Book', serif;\">Birreria Pedavena [viale Vittorio Veneto, 76] \/ Small House<\/span><\/span><\/span><\/span><\/p>\n<\/li>\n<li>\n<p lang=\"it-IT\"><span style=\"color: #00000a;\"><span style=\"font-family: Cambria, serif;\"><span style=\"font-size: medium;\"><span style=\"font-family: 'Avenir Book', serif;\">Civico 43 [via Mezzaterra, 43] \/ Ruggero Burigo<\/span><\/span><\/span><\/span><\/p>\n<\/li>\n<li>\n<p lang=\"it-IT\"><span style=\"color: #00000a;\"><span style=\"font-family: Cambria, serif;\"><span style=\"font-size: medium;\"><span style=\"font-family: 'Avenir Book', serif;\">Giardino di Palazzo Borgasio [via Lorenzo Luzzo, 11] \/ Niccol\u00f2 Sovilla &amp; Friends<\/span><\/span><\/span><\/span><\/p>\n<\/li>\n<li>\n<p lang=\"it-IT\"><span style=\"color: #00000a;\"><span style=\"font-family: Cambria, serif;\"><span style=\"font-size: medium;\"><span style=\"font-family: 'Avenir Book', serif;\">La Taverna da Eliseo [via Lorenzo Luzzo,11] \/ Marco Fiori Quartet<\/span><\/span><\/span><\/span><\/p>\n<\/li>\n<li>\n<p lang=\"it-IT\"><span style=\"color: #00000a;\"><span style=\"font-family: Cambria, serif;\"><span style=\"font-size: medium;\"><span style=\"font-family: 'Avenir Book', serif;\">Osteria El Fil\u00f2 [piazzale Silvio Guarnieri, 17] \/ Romano \u2013 Casciello \u2013 Basile <\/span><\/span><\/span><\/span><\/p>\n<\/li>\n<li>\n<p lang=\"it-IT\"><span style=\"color: #00000a;\"><span style=\"font-family: Cambria, serif;\"><span style=\"font-size: medium;\"><span style=\"font-family: 'Avenir Book', serif;\">Osteria Mezzaterra [via Mezzaterra, 5] \/ Enrico Dalla Cort 4tet<\/span><\/span><\/span><\/span><\/p>\n<\/li>\n<li>\n<p lang=\"it-IT\"><span style=\"color: #00000a;\"><span style=\"font-family: Cambria, serif;\"><span style=\"font-size: medium;\"><span style=\"font-family: 'Avenir Book', serif;\">Unisono Jazz Caf\u00e9 [piazza Maggiore, 4] \/ Jazz in The Space Age<\/span><\/span><\/span><\/span><\/p>\n<\/li>\n<\/ul>\n<p lang=\"it-IT\"><span style=\"color: #00000a;\"><span style=\"font-family: Cambria, serif;\"><span style=\"font-size: medium;\"><span style=\"font-family: 'Avenir Book', serif;\"><b>DOVE MANGIARE<\/b><\/span><\/span><\/span><\/span><\/p>\n<p lang=\"it-IT\"><span style=\"color: #00000a;\"><span style=\"font-family: Cambria, serif;\"><span style=\"font-size: medium;\"><span style=\"font-family: 'Avenir Book', serif;\"><b>Al Cantonet<\/b><\/span><span style=\"font-family: 'Avenir Book', serif;\"> (piazzetta Trento e Trieste, 12);<\/span><span style=\"font-family: 'Avenir Book', serif;\"><b> Antica Osteria da Casot <\/b><\/span><span style=\"font-family: 'Avenir Book', serif;\">(via Borgo Ruga, 1);<\/span><b> <\/b><span style=\"font-family: 'Avenir Book', serif;\">Bandalarga (via Luigi Basso, 6); <\/span><span style=\"font-family: 'Avenir Book', serif;\"><b>Civico 43<\/b><\/span><span style=\"font-family: 'Avenir Book', serif;\"> (via Mezzaterra, 43)<\/span><span style=\"font-family: 'Avenir Book', serif;\"><b>; Enoteca Contemporanea <\/b><\/span><span style=\"font-family: 'Avenir Book', serif;\">(via XXXI Ottobre, 26);<\/span><span style=\"font-family: 'Avenir Book', serif;\"><b> Hostaria Novecento<\/b><\/span><span style=\"font-family: 'Avenir Book', serif;\"> (via Mezzaterra, 24)<\/span><span style=\"font-family: 'Avenir Book', serif;\"><b>; La Taverna da Eliseo <\/b><\/span><span style=\"font-family: 'Avenir Book', serif;\">(via Lorenzo Luzzo,11);<\/span><span style=\"font-family: 'Avenir Book', serif;\"><b> Le Scudelette<\/b><\/span><span style=\"font-family: 'Avenir Book', serif;\"> (via Bilesimo, 1)<\/span><span style=\"font-family: 'Avenir Book', serif;\"><b>; Osteria Crash<\/b><\/span><span style=\"font-family: 'Avenir Book', serif;\"> (via Paradiso, 46);<\/span><span style=\"font-family: 'Avenir Book', serif;\"><b> Osteria El Fil\u00f2<\/b><\/span><span style=\"font-family: 'Avenir Book', serif;\"> (piazzale Silvio Guarnieri, 17); Osteria Ristorante La Cuba (viale Farra, 24);<\/span><span style=\"font-family: 'Avenir Book', serif;\"><b> Osteria Mezzaterra<\/b><\/span><span style=\"font-family: 'Avenir Book', serif;\"> (via Mezzaterra,5); <\/span><span style=\"font-family: 'Avenir Book', serif;\"><b>Osteria Piero Ostia<\/b><\/span><span style=\"font-family: 'Avenir Book', serif;\"> (via Tofana Prima, 4); <\/span><span style=\"font-family: 'Avenir Book', serif;\"><b>Pizzeria Ristorante \u201cIl Sole di Napoli\u201d<\/b><\/span><span style=\"font-family: 'Avenir Book', serif;\"> (via Rizzarda, 32);<\/span><span style=\"font-family: 'Avenir Book', serif;\"><b> Pub \u201cIl Vecchio e il Nuovo\u201d<\/b><\/span><span style=\"font-family: 'Avenir Book', serif;\"> [via Fusinato, 61]; <\/span><span style=\"font-family: 'Avenir Book', serif;\"><b>Ristorante Aurora<\/b><\/span><span style=\"font-family: 'Avenir Book', serif;\"> (via Giuseppe Garibaldi, 68); <\/span><span style=\"font-family: 'Avenir Book', serif;\"><b>Ristorante \u2018La Casona\u2019<\/b><\/span><span style=\"font-family: 'Avenir Book', serif;\"> (via G.Segusini, 17);<\/span><span style=\"font-family: 'Avenir Book', serif;\"><b> The Crown Pub <\/b><\/span><span style=\"font-family: 'Avenir Book', serif;\">(via Borgo Ruga, 5);<\/span><span style=\"font-family: 'Avenir Book', serif;\"><b> Unisono Jazz Restaurant <\/b><\/span><span style=\"font-family: 'Avenir Book', serif;\">(piazza Maggiore, 4)<\/span><\/span><\/span><\/span><\/p>\n<p lang=\"it-IT\"><span style=\"color: #00000a;\"><span style=\"font-family: Cambria, serif;\"><span style=\"font-size: medium;\"><span style=\"font-family: 'Avenir Book', serif;\"><b>APERITIVI, BAR &amp; CO<\/b><\/span><\/span><\/span><\/span><\/p>\n<p lang=\"it-IT\"><span style=\"color: #00000a;\"><span style=\"font-family: Cambria, serif;\"><span style=\"font-size: medium;\"><span style=\"font-family: 'Avenir Book', serif;\"><b>Barcelleria<\/b><\/span><span style=\"font-family: 'Avenir Book', serif;\"> (via XXXI Ottobre, 1); <\/span><span style=\"font-family: 'Avenir Book', serif;\"><b>Bar Al Cavallino<\/b><\/span><span style=\"font-family: 'Avenir Book', serif;\"> (via Garibaldi, 8); <\/span><span style=\"font-family: 'Avenir Book', serif;\"><b>Bar Al Duomo<\/b><\/span><span style=\"font-family: 'Avenir Book', serif;\"> (via Vecellio Antonio, 24); <\/span><span style=\"font-family: 'Avenir Book', serif;\"><b>Bar Corr\u00e0<\/b><\/span><span style=\"font-family: 'Avenir Book', serif;\"> (via Montegrappa, 38); <\/span><span style=\"font-family: 'Avenir Book', serif;\"><b>Bar Impero<\/b><\/span><span style=\"font-family: 'Avenir Book', serif;\"> (Largo Panfilo Castaldi, 15); <\/span><span style=\"font-family: 'Avenir Book', serif;\"><b>Bar Principe<\/b><\/span><span style=\"font-family: 'Avenir Book', serif;\"> (via Vittorino da Feltre, 8); <\/span><span style=\"font-family: 'Avenir Book', serif;\"><b>Bar Roma<\/b><\/span><span style=\"font-family: 'Avenir Book', serif;\"> (via XXXI Ottobre, 12); <\/span><span style=\"font-family: 'Avenir Book', serif;\"><b>Caff\u00e8 Commercio<\/b><\/span><span style=\"font-family: 'Avenir Book', serif;\"> (largo Panfilo Castaldi, 12); <\/span><span style=\"font-family: 'Avenir Book', serif;\"><b>La Cicchetteria<\/b><\/span><span style=\"font-family: 'Avenir Book', serif;\"> (via XXXI Ottobre, 16); <\/span><span style=\"font-family: 'Avenir Book', serif;\"><b>Lucky Corner<\/b><\/span><span style=\"font-family: 'Avenir Book', serif;\"> (via XXXI Ottobre, 8)<\/span><\/span><\/span><\/span><\/p>\n","protected":false},"excerpt":{"rendered":"<p>VENERD\u00cc 23 GIUGNO 2017 TURISMO CULTURALE DI COMUNIT\u00c0 \u201cI Palazzi del Potere\u201d \u2013 Il Fondaco per Feltre [dalle ore 15.30 alle ore 19.30] STANZONE DELLA MUSICA [presentazione cd &amp; libri con l\u2019autore] 15:00 &#8211; 16:00 Bizzarri Lettori &#8211; \u201cRacconti Molesti\u201d di Francesco Cusa [Eris Edizioni, 2017] 16:00 &#8211; 17:00 I libri Parlanti del CILP Feltre [&hellip;]<\/p>\n","protected":false},"author":2,"featured_media":0,"comment_status":"closed","ping_status":"open","sticky":false,"template":"","format":"standard","meta":{"footnotes":""},"categories":[27,3,25],"tags":[],"class_list":["post-87102","post","type-post","status-publish","format-standard","category-appuntamenti","category-arte-cultura-spettacoli-scienza-archivi","category-pausa-caffe"],"yoast_head":"<!-- This site is optimized with the Yoast SEO plugin v28.4 - https:\/\/yoast.com\/product\/yoast-seo-wordpress\/ -->\n<title>Jazzit Fest di Feltre. Il programma completo dal 23 al 25 giugno - Bellunopress - Dolomiti<\/title>\n<meta name=\"robots\" content=\"index, follow, max-snippet:-1, max-image-preview:large, max-video-preview:-1\" \/>\n<link rel=\"canonical\" href=\"https:\/\/www.bellunopress.it\/fr\/2017\/06\/19\/jazzit-fest-di-feltre-il-programma-completo-dal-23-al-25-giugno\/\" \/>\n<meta property=\"og:locale\" content=\"fr_FR\" \/>\n<meta property=\"og:type\" content=\"article\" \/>\n<meta property=\"og:title\" content=\"Jazzit Fest di Feltre. Il programma completo dal 23 al 25 giugno - Bellunopress - Dolomiti\" \/>\n<meta property=\"og:description\" content=\"VENERD\u00cc 23 GIUGNO 2017 TURISMO CULTURALE DI COMUNIT\u00c0 \u201cI Palazzi del Potere\u201d \u2013 Il Fondaco per Feltre [dalle ore 15.30 alle ore 19.30] STANZONE DELLA MUSICA [presentazione cd &amp; libri con l\u2019autore] 15:00 &#8211; 16:00 Bizzarri Lettori &#8211; \u201cRacconti Molesti\u201d di Francesco Cusa [Eris Edizioni, 2017] 16:00 &#8211; 17:00 I libri Parlanti del CILP Feltre [&hellip;]\" \/>\n<meta property=\"og:url\" content=\"https:\/\/www.bellunopress.it\/fr\/2017\/06\/19\/jazzit-fest-di-feltre-il-programma-completo-dal-23-al-25-giugno\/\" \/>\n<meta property=\"og:site_name\" content=\"Bellunopress - Dolomiti\" \/>\n<meta property=\"article:publisher\" content=\"https:\/\/www.facebook.com\/profile.php?id=100008943462799\" \/>\n<meta property=\"article:published_time\" content=\"2017-06-19T16:55:04+00:00\" \/>\n<meta property=\"og:image\" content=\"http:\/\/www.bellunopress.it\/wp-content\/uploads\/2012\/07\/logo-bellunopress-250x250-2012.jpg\" \/>\n<meta name=\"author\" content=\"redazione\" \/>\n<meta name=\"twitter:card\" content=\"summary_large_image\" \/>\n<meta name=\"twitter:creator\" content=\"@bellunopress\" \/>\n<meta name=\"twitter:site\" content=\"@bellunopress\" \/>\n<meta name=\"twitter:label1\" content=\"\u00c9crit par\" \/>\n\t<meta name=\"twitter:data1\" content=\"redazione\" \/>\n\t<meta name=\"twitter:label2\" content=\"Dur\u00e9e de lecture estim\u00e9e\" \/>\n\t<meta name=\"twitter:data2\" content=\"11 minutes\" \/>\n<script type=\"application\/ld+json\" class=\"yoast-schema-graph\">{\"@context\":\"https:\\\/\\\/schema.org\",\"@graph\":[{\"@type\":\"Article\",\"@id\":\"https:\\\/\\\/www.bellunopress.it\\\/2017\\\/06\\\/19\\\/jazzit-fest-di-feltre-il-programma-completo-dal-23-al-25-giugno\\\/#article\",\"isPartOf\":{\"@id\":\"https:\\\/\\\/www.bellunopress.it\\\/2017\\\/06\\\/19\\\/jazzit-fest-di-feltre-il-programma-completo-dal-23-al-25-giugno\\\/\"},\"author\":{\"name\":\"redazione\",\"@id\":\"https:\\\/\\\/www.bellunopress.it\\\/#\\\/schema\\\/person\\\/79bb06722b37ece1c03d3e94beb30d73\"},\"headline\":\"Jazzit Fest di Feltre. Il programma completo dal 23 al 25 giugno\",\"datePublished\":\"2017-06-19T16:55:04+00:00\",\"mainEntityOfPage\":{\"@id\":\"https:\\\/\\\/www.bellunopress.it\\\/2017\\\/06\\\/19\\\/jazzit-fest-di-feltre-il-programma-completo-dal-23-al-25-giugno\\\/\"},\"wordCount\":2145,\"publisher\":{\"@id\":\"https:\\\/\\\/www.bellunopress.it\\\/#organization\"},\"articleSection\":[\"Appuntamenti, Eventi\",\"Arte, Cultura, Spettacoli, Scienza\",\"Pausa Caff\u00e8\"],\"inLanguage\":\"fr-FR\"},{\"@type\":\"WebPage\",\"@id\":\"https:\\\/\\\/www.bellunopress.it\\\/2017\\\/06\\\/19\\\/jazzit-fest-di-feltre-il-programma-completo-dal-23-al-25-giugno\\\/\",\"url\":\"https:\\\/\\\/www.bellunopress.it\\\/2017\\\/06\\\/19\\\/jazzit-fest-di-feltre-il-programma-completo-dal-23-al-25-giugno\\\/\",\"name\":\"Jazzit Fest di Feltre. Il programma completo dal 23 al 25 giugno - Bellunopress - Dolomiti\",\"isPartOf\":{\"@id\":\"https:\\\/\\\/www.bellunopress.it\\\/#website\"},\"datePublished\":\"2017-06-19T16:55:04+00:00\",\"breadcrumb\":{\"@id\":\"https:\\\/\\\/www.bellunopress.it\\\/2017\\\/06\\\/19\\\/jazzit-fest-di-feltre-il-programma-completo-dal-23-al-25-giugno\\\/#breadcrumb\"},\"inLanguage\":\"fr-FR\",\"potentialAction\":[{\"@type\":\"ReadAction\",\"target\":[\"https:\\\/\\\/www.bellunopress.it\\\/2017\\\/06\\\/19\\\/jazzit-fest-di-feltre-il-programma-completo-dal-23-al-25-giugno\\\/\"]}]},{\"@type\":\"BreadcrumbList\",\"@id\":\"https:\\\/\\\/www.bellunopress.it\\\/2017\\\/06\\\/19\\\/jazzit-fest-di-feltre-il-programma-completo-dal-23-al-25-giugno\\\/#breadcrumb\",\"itemListElement\":[{\"@type\":\"ListItem\",\"position\":1,\"name\":\"Home\",\"item\":\"https:\\\/\\\/www.bellunopress.it\\\/\"},{\"@type\":\"ListItem\",\"position\":2,\"name\":\"Jazzit Fest di Feltre. Il programma completo dal 23 al 25 giugno\"}]},{\"@type\":\"WebSite\",\"@id\":\"https:\\\/\\\/www.bellunopress.it\\\/#website\",\"url\":\"https:\\\/\\\/www.bellunopress.it\\\/\",\"name\":\"Bellunopress - Dolomiti\",\"description\":\"e-mail: redazione@bellunopress.it\",\"publisher\":{\"@id\":\"https:\\\/\\\/www.bellunopress.it\\\/#organization\"},\"potentialAction\":[{\"@type\":\"SearchAction\",\"target\":{\"@type\":\"EntryPoint\",\"urlTemplate\":\"https:\\\/\\\/www.bellunopress.it\\\/?s={search_term_string}\"},\"query-input\":{\"@type\":\"PropertyValueSpecification\",\"valueRequired\":true,\"valueName\":\"search_term_string\"}}],\"inLanguage\":\"fr-FR\"},{\"@type\":\"Organization\",\"@id\":\"https:\\\/\\\/www.bellunopress.it\\\/#organization\",\"name\":\"Bellunopress\",\"url\":\"https:\\\/\\\/www.bellunopress.it\\\/\",\"logo\":{\"@type\":\"ImageObject\",\"inLanguage\":\"fr-FR\",\"@id\":\"https:\\\/\\\/www.bellunopress.it\\\/#\\\/schema\\\/logo\\\/image\\\/\",\"url\":\"https:\\\/\\\/www.bellunopress.it\\\/wp-content\\\/uploads\\\/2011\\\/05\\\/cropped-logo-bellunopress-.jpg\",\"contentUrl\":\"https:\\\/\\\/www.bellunopress.it\\\/wp-content\\\/uploads\\\/2011\\\/05\\\/cropped-logo-bellunopress-.jpg\",\"width\":512,\"height\":512,\"caption\":\"Bellunopress\"},\"image\":{\"@id\":\"https:\\\/\\\/www.bellunopress.it\\\/#\\\/schema\\\/logo\\\/image\\\/\"},\"sameAs\":[\"https:\\\/\\\/www.facebook.com\\\/profile.php?id=100008943462799\",\"https:\\\/\\\/x.com\\\/bellunopress\",\"https:\\\/\\\/www.linkedin.com\\\/hp\\\/?dnr=JBzUWaJfMUw8vbXJJ2tVW5-I3jZKvC4wsoxE&amp;amp;amp;amp;amp;amp;trk=nav_responsive_tab_home\",\"https:\\\/\\\/www.youtube.com\\\/channel\\\/UCxL0wu1uN0_3_7hGG0306cw\"]},{\"@type\":\"Person\",\"@id\":\"https:\\\/\\\/www.bellunopress.it\\\/#\\\/schema\\\/person\\\/79bb06722b37ece1c03d3e94beb30d73\",\"name\":\"redazione\",\"image\":{\"@type\":\"ImageObject\",\"inLanguage\":\"fr-FR\",\"@id\":\"https:\\\/\\\/secure.gravatar.com\\\/avatar\\\/37d968a2e67a6fd04c169c4bdef102d0bc5d31b2546345219e348575eb80e9a0?s=96&d=mm&r=g\",\"url\":\"https:\\\/\\\/secure.gravatar.com\\\/avatar\\\/37d968a2e67a6fd04c169c4bdef102d0bc5d31b2546345219e348575eb80e9a0?s=96&d=mm&r=g\",\"contentUrl\":\"https:\\\/\\\/secure.gravatar.com\\\/avatar\\\/37d968a2e67a6fd04c169c4bdef102d0bc5d31b2546345219e348575eb80e9a0?s=96&d=mm&r=g\",\"caption\":\"redazione\"},\"sameAs\":[\"http:\\\/\\\/www.bellunopress.it\",\"https:\\\/\\\/x.com\\\/bellunopress\"],\"url\":\"https:\\\/\\\/www.bellunopress.it\\\/fr\\\/author\\\/redazione\\\/\"}]}<\/script>\n<!-- \/ Yoast SEO plugin. -->","yoast_head_json":{"title":"Jazzit Fest di Feltre. Il programma completo dal 23 al 25 giugno - Bellunopress - Dolomiti","robots":{"index":"index","follow":"follow","max-snippet":"max-snippet:-1","max-image-preview":"max-image-preview:large","max-video-preview":"max-video-preview:-1"},"canonical":"https:\/\/www.bellunopress.it\/fr\/2017\/06\/19\/jazzit-fest-di-feltre-il-programma-completo-dal-23-al-25-giugno\/","og_locale":"fr_FR","og_type":"article","og_title":"Jazzit Fest di Feltre. Il programma completo dal 23 al 25 giugno - Bellunopress - Dolomiti","og_description":"VENERD\u00cc 23 GIUGNO 2017 TURISMO CULTURALE DI COMUNIT\u00c0 \u201cI Palazzi del Potere\u201d \u2013 Il Fondaco per Feltre [dalle ore 15.30 alle ore 19.30] STANZONE DELLA MUSICA [presentazione cd &amp; libri con l\u2019autore] 15:00 &#8211; 16:00 Bizzarri Lettori &#8211; \u201cRacconti Molesti\u201d di Francesco Cusa [Eris Edizioni, 2017] 16:00 &#8211; 17:00 I libri Parlanti del CILP Feltre [&hellip;]","og_url":"https:\/\/www.bellunopress.it\/fr\/2017\/06\/19\/jazzit-fest-di-feltre-il-programma-completo-dal-23-al-25-giugno\/","og_site_name":"Bellunopress - Dolomiti","article_publisher":"https:\/\/www.facebook.com\/profile.php?id=100008943462799","article_published_time":"2017-06-19T16:55:04+00:00","og_image":[{"url":"http:\/\/www.bellunopress.it\/wp-content\/uploads\/2012\/07\/logo-bellunopress-250x250-2012.jpg","type":"","width":"","height":""}],"author":"redazione","twitter_card":"summary_large_image","twitter_creator":"@bellunopress","twitter_site":"@bellunopress","twitter_misc":{"\u00c9crit par":"redazione","Dur\u00e9e de lecture estim\u00e9e":"11 minutes"},"schema":{"@context":"https:\/\/schema.org","@graph":[{"@type":"Article","@id":"https:\/\/www.bellunopress.it\/2017\/06\/19\/jazzit-fest-di-feltre-il-programma-completo-dal-23-al-25-giugno\/#article","isPartOf":{"@id":"https:\/\/www.bellunopress.it\/2017\/06\/19\/jazzit-fest-di-feltre-il-programma-completo-dal-23-al-25-giugno\/"},"author":{"name":"redazione","@id":"https:\/\/www.bellunopress.it\/#\/schema\/person\/79bb06722b37ece1c03d3e94beb30d73"},"headline":"Jazzit Fest di Feltre. Il programma completo dal 23 al 25 giugno","datePublished":"2017-06-19T16:55:04+00:00","mainEntityOfPage":{"@id":"https:\/\/www.bellunopress.it\/2017\/06\/19\/jazzit-fest-di-feltre-il-programma-completo-dal-23-al-25-giugno\/"},"wordCount":2145,"publisher":{"@id":"https:\/\/www.bellunopress.it\/#organization"},"articleSection":["Appuntamenti, Eventi","Arte, Cultura, Spettacoli, Scienza","Pausa Caff\u00e8"],"inLanguage":"fr-FR"},{"@type":"WebPage","@id":"https:\/\/www.bellunopress.it\/2017\/06\/19\/jazzit-fest-di-feltre-il-programma-completo-dal-23-al-25-giugno\/","url":"https:\/\/www.bellunopress.it\/2017\/06\/19\/jazzit-fest-di-feltre-il-programma-completo-dal-23-al-25-giugno\/","name":"Jazzit Fest di Feltre. Il programma completo dal 23 al 25 giugno - Bellunopress - Dolomiti","isPartOf":{"@id":"https:\/\/www.bellunopress.it\/#website"},"datePublished":"2017-06-19T16:55:04+00:00","breadcrumb":{"@id":"https:\/\/www.bellunopress.it\/2017\/06\/19\/jazzit-fest-di-feltre-il-programma-completo-dal-23-al-25-giugno\/#breadcrumb"},"inLanguage":"fr-FR","potentialAction":[{"@type":"ReadAction","target":["https:\/\/www.bellunopress.it\/2017\/06\/19\/jazzit-fest-di-feltre-il-programma-completo-dal-23-al-25-giugno\/"]}]},{"@type":"BreadcrumbList","@id":"https:\/\/www.bellunopress.it\/2017\/06\/19\/jazzit-fest-di-feltre-il-programma-completo-dal-23-al-25-giugno\/#breadcrumb","itemListElement":[{"@type":"ListItem","position":1,"name":"Home","item":"https:\/\/www.bellunopress.it\/"},{"@type":"ListItem","position":2,"name":"Jazzit Fest di Feltre. Il programma completo dal 23 al 25 giugno"}]},{"@type":"WebSite","@id":"https:\/\/www.bellunopress.it\/#website","url":"https:\/\/www.bellunopress.it\/","name":"Bellunopress - Dolomiti","description":"e-mail: redazione@bellunopress.it","publisher":{"@id":"https:\/\/www.bellunopress.it\/#organization"},"potentialAction":[{"@type":"SearchAction","target":{"@type":"EntryPoint","urlTemplate":"https:\/\/www.bellunopress.it\/?s={search_term_string}"},"query-input":{"@type":"PropertyValueSpecification","valueRequired":true,"valueName":"search_term_string"}}],"inLanguage":"fr-FR"},{"@type":"Organization","@id":"https:\/\/www.bellunopress.it\/#organization","name":"Bellunopress","url":"https:\/\/www.bellunopress.it\/","logo":{"@type":"ImageObject","inLanguage":"fr-FR","@id":"https:\/\/www.bellunopress.it\/#\/schema\/logo\/image\/","url":"https:\/\/www.bellunopress.it\/wp-content\/uploads\/2011\/05\/cropped-logo-bellunopress-.jpg","contentUrl":"https:\/\/www.bellunopress.it\/wp-content\/uploads\/2011\/05\/cropped-logo-bellunopress-.jpg","width":512,"height":512,"caption":"Bellunopress"},"image":{"@id":"https:\/\/www.bellunopress.it\/#\/schema\/logo\/image\/"},"sameAs":["https:\/\/www.facebook.com\/profile.php?id=100008943462799","https:\/\/x.com\/bellunopress","https:\/\/www.linkedin.com\/hp\/?dnr=JBzUWaJfMUw8vbXJJ2tVW5-I3jZKvC4wsoxE&amp;amp;amp;amp;amp;amp;trk=nav_responsive_tab_home","https:\/\/www.youtube.com\/channel\/UCxL0wu1uN0_3_7hGG0306cw"]},{"@type":"Person","@id":"https:\/\/www.bellunopress.it\/#\/schema\/person\/79bb06722b37ece1c03d3e94beb30d73","name":"r\u00e9daction","image":{"@type":"ImageObject","inLanguage":"fr-FR","@id":"https:\/\/secure.gravatar.com\/avatar\/37d968a2e67a6fd04c169c4bdef102d0bc5d31b2546345219e348575eb80e9a0?s=96&d=mm&r=g","url":"https:\/\/secure.gravatar.com\/avatar\/37d968a2e67a6fd04c169c4bdef102d0bc5d31b2546345219e348575eb80e9a0?s=96&d=mm&r=g","contentUrl":"https:\/\/secure.gravatar.com\/avatar\/37d968a2e67a6fd04c169c4bdef102d0bc5d31b2546345219e348575eb80e9a0?s=96&d=mm&r=g","caption":"redazione"},"sameAs":["http:\/\/www.bellunopress.it","https:\/\/x.com\/bellunopress"],"url":"https:\/\/www.bellunopress.it\/fr\/author\/redazione\/"}]}},"_links":{"self":[{"href":"https:\/\/www.bellunopress.it\/fr\/wp-json\/wp\/v2\/posts\/87102","targetHints":{"allow":["GET"]}}],"collection":[{"href":"https:\/\/www.bellunopress.it\/fr\/wp-json\/wp\/v2\/posts"}],"about":[{"href":"https:\/\/www.bellunopress.it\/fr\/wp-json\/wp\/v2\/types\/post"}],"author":[{"embeddable":true,"href":"https:\/\/www.bellunopress.it\/fr\/wp-json\/wp\/v2\/users\/2"}],"replies":[{"embeddable":true,"href":"https:\/\/www.bellunopress.it\/fr\/wp-json\/wp\/v2\/comments?post=87102"}],"version-history":[{"count":1,"href":"https:\/\/www.bellunopress.it\/fr\/wp-json\/wp\/v2\/posts\/87102\/revisions"}],"predecessor-version":[{"id":87103,"href":"https:\/\/www.bellunopress.it\/fr\/wp-json\/wp\/v2\/posts\/87102\/revisions\/87103"}],"wp:attachment":[{"href":"https:\/\/www.bellunopress.it\/fr\/wp-json\/wp\/v2\/media?parent=87102"}],"wp:term":[{"taxonomy":"category","embeddable":true,"href":"https:\/\/www.bellunopress.it\/fr\/wp-json\/wp\/v2\/categories?post=87102"},{"taxonomy":"post_tag","embeddable":true,"href":"https:\/\/www.bellunopress.it\/fr\/wp-json\/wp\/v2\/tags?post=87102"}],"curies":[{"name":"wp","href":"https:\/\/api.w.org\/{rel}","templated":true}]}}