{"id":87097,"date":"2017-06-19T18:09:43","date_gmt":"2017-06-19T16:09:43","guid":{"rendered":"http:\/\/www.bellunopress.it\/?p=87097"},"modified":"2017-06-19T18:09:43","modified_gmt":"2017-06-19T16:09:43","slug":"feltre-valbelluna-card-mercoledi-la-presentazione-a-trichiana","status":"publish","type":"post","link":"https:\/\/www.bellunopress.it\/fr\/2017\/06\/19\/feltre-valbelluna-card-mercoledi-la-presentazione-a-trichiana\/","title":{"rendered":"\u201cFeltre ValBelluna Card\u201d, mercoled\u00ec la presentazione a Trichiana"},"content":{"rendered":"<p><a href=\"http:\/\/www.bellunopress.it\/wp-content\/uploads\/2017\/06\/consorzio-dolomiti-prealpi.jpg\"><img loading=\"lazy\" decoding=\"async\" class=\"alignleft size-full wp-image-87098\" src=\"http:\/\/www.bellunopress.it\/wp-content\/uploads\/2017\/06\/consorzio-dolomiti-prealpi.jpg\" alt=\"\" width=\"248\" height=\"143\" \/><\/a>Dopo la presentazione di mercoled\u00ec 13 giugno, la card turistica \u201cFeltre ValBelluna Card\u201d \u00e8 disponibile per la vendita, presso l\u2019ufficio turistico di Feltre e le strutture ricettive del territorio. Per agevolare l\u2019acquisto in conto vendita da parte degli operatori turistici della Valbelluna, mercoled\u00ec 21 giugno, alle ore 10 nella sala \u201cTina Merlin\u201d di Trichiana (sopra l\u2019ufficio postale), il Consorzio turistico Dolomiti Prealpi metter\u00e0 a disposizione le card, spiegandone scopi e obiettivi:<\/p>\n<p>\u201cLa card \u00e8 nata nell\u2019ottica di una sempre maggiore offerta di servizi ai turisti \u2013 spiega Alessandra Magagnin, vicepresidente del Consorzio Dolomiti Prealpi \u2013 e sar\u00e0 valida per tutto il periodo estivo, fino al 10 settembre, nei fine settimana. E\u2019 stato predisposto un programma di escursioni naturalistiche e culturali, visite e degustazioni nelle cantine, entrate ai musei, al teatro e siti archeologici di Feltre e viaggi con il trenino turistico. Per il periodo dei Campionati mondiali di Parapendio, dal 1 al 15 luglio, inoltre, \u201cFeltre ValBelluna Card\u201d sar\u00e0 affiancata da una card specificamente studiata per l\u2019evento, con un calendario settimanale valido dal 3 al 16 luglio\u201d.<\/p>\n<p>Le card sono acquistabili dai turisti direttamente all\u2019Ufficio turistico di Feltre, al costo di 10 euro per la card valida 3 giorni e 18 euro per la card \u201cmondiale\u201d. Ma a scopo promozionale e per incentivare il pernottamento dei turisti nel territorio, \u201cFeltre ValBelluna Card\u201d pu\u00f2 anche essere venduta direttamente nelle strutture ricettive, che possono ritirarle in conto vendita, senza quindi nessun obbligo di acquisto: \u201cIn questo modo \u2013 spiega Magagnin \u2013 contiamo di far s\u00ec che la card diventi un bel veicolo promozionale. A fine stagione il Consorzio Dolomiti Prealpi fatturer\u00e0 direttamente alle strutture solo le card effettivamente vendute\u201d.<\/p>","protected":false},"excerpt":{"rendered":"<p>Dopo la presentazione di mercoled\u00ec 13 giugno, la card turistica \u201cFeltre ValBelluna Card\u201d \u00e8 disponibile per la vendita, presso l\u2019ufficio turistico di Feltre e le strutture ricettive del territorio. Per agevolare l\u2019acquisto in conto vendita da parte degli operatori turistici della Valbelluna, mercoled\u00ec 21 giugno, alle ore 10 nella sala \u201cTina Merlin\u201d di Trichiana (sopra [&hellip;]<\/p>\n","protected":false},"author":2,"featured_media":0,"comment_status":"closed","ping_status":"open","sticky":false,"template":"","format":"standard","meta":{"footnotes":""},"categories":[36,26,4],"tags":[],"class_list":["post-87097","post","type-post","status-publish","format-standard","category-lavoro-economia","category-prima-pagina","category-sport"],"yoast_head":"<!-- This site is optimized with the Yoast SEO plugin v28.4 - https:\/\/yoast.com\/product\/yoast-seo-wordpress\/ -->\n<title>\u201cFeltre ValBelluna Card\u201d, mercoled\u00ec la presentazione a Trichiana - Bellunopress - Dolomiti<\/title>\n<meta name=\"robots\" content=\"index, follow, max-snippet:-1, max-image-preview:large, max-video-preview:-1\" \/>\n<link rel=\"canonical\" href=\"https:\/\/www.bellunopress.it\/fr\/2017\/06\/19\/feltre-valbelluna-card-mercoledi-la-presentazione-a-trichiana\/\" \/>\n<meta property=\"og:locale\" content=\"fr_FR\" \/>\n<meta property=\"og:type\" content=\"article\" \/>\n<meta property=\"og:title\" content=\"\u201cFeltre ValBelluna Card\u201d, mercoled\u00ec la presentazione a Trichiana - Bellunopress - Dolomiti\" \/>\n<meta property=\"og:description\" content=\"Dopo la presentazione di mercoled\u00ec 13 giugno, la card turistica \u201cFeltre ValBelluna Card\u201d \u00e8 disponibile per la vendita, presso l\u2019ufficio turistico di Feltre e le strutture ricettive del territorio. Per agevolare l\u2019acquisto in conto vendita da parte degli operatori turistici della Valbelluna, mercoled\u00ec 21 giugno, alle ore 10 nella sala \u201cTina Merlin\u201d di Trichiana (sopra [&hellip;]\" \/>\n<meta property=\"og:url\" content=\"https:\/\/www.bellunopress.it\/fr\/2017\/06\/19\/feltre-valbelluna-card-mercoledi-la-presentazione-a-trichiana\/\" \/>\n<meta property=\"og:site_name\" content=\"Bellunopress - Dolomiti\" \/>\n<meta property=\"article:publisher\" content=\"https:\/\/www.facebook.com\/profile.php?id=100008943462799\" \/>\n<meta property=\"article:published_time\" content=\"2017-06-19T16:09:43+00:00\" \/>\n<meta property=\"og:image\" content=\"http:\/\/www.bellunopress.it\/wp-content\/uploads\/2017\/06\/consorzio-dolomiti-prealpi.jpg\" \/>\n<meta name=\"author\" content=\"redazione\" \/>\n<meta name=\"twitter:card\" content=\"summary_large_image\" \/>\n<meta name=\"twitter:creator\" content=\"@bellunopress\" \/>\n<meta name=\"twitter:site\" content=\"@bellunopress\" \/>\n<meta name=\"twitter:label1\" content=\"\u00c9crit par\" \/>\n\t<meta name=\"twitter:data1\" content=\"redazione\" \/>\n\t<meta name=\"twitter:label2\" content=\"Dur\u00e9e de lecture estim\u00e9e\" \/>\n\t<meta name=\"twitter:data2\" content=\"1 minute\" \/>\n<script type=\"application\/ld+json\" class=\"yoast-schema-graph\">{\"@context\":\"https:\\\/\\\/schema.org\",\"@graph\":[{\"@type\":\"Article\",\"@id\":\"https:\\\/\\\/www.bellunopress.it\\\/2017\\\/06\\\/19\\\/feltre-valbelluna-card-mercoledi-la-presentazione-a-trichiana\\\/#article\",\"isPartOf\":{\"@id\":\"https:\\\/\\\/www.bellunopress.it\\\/2017\\\/06\\\/19\\\/feltre-valbelluna-card-mercoledi-la-presentazione-a-trichiana\\\/\"},\"author\":{\"name\":\"redazione\",\"@id\":\"https:\\\/\\\/www.bellunopress.it\\\/#\\\/schema\\\/person\\\/79bb06722b37ece1c03d3e94beb30d73\"},\"headline\":\"\u201cFeltre ValBelluna Card\u201d, mercoled\u00ec la presentazione a Trichiana\",\"datePublished\":\"2017-06-19T16:09:43+00:00\",\"mainEntityOfPage\":{\"@id\":\"https:\\\/\\\/www.bellunopress.it\\\/2017\\\/06\\\/19\\\/feltre-valbelluna-card-mercoledi-la-presentazione-a-trichiana\\\/\"},\"wordCount\":274,\"publisher\":{\"@id\":\"https:\\\/\\\/www.bellunopress.it\\\/#organization\"},\"image\":{\"@id\":\"https:\\\/\\\/www.bellunopress.it\\\/2017\\\/06\\\/19\\\/feltre-valbelluna-card-mercoledi-la-presentazione-a-trichiana\\\/#primaryimage\"},\"thumbnailUrl\":\"http:\\\/\\\/www.bellunopress.it\\\/wp-content\\\/uploads\\\/2017\\\/06\\\/consorzio-dolomiti-prealpi.jpg\",\"articleSection\":[\"Lavoro, Economia, Turismo\",\"Prima Pagina\",\"Sport, tempo libero\"],\"inLanguage\":\"fr-FR\"},{\"@type\":\"WebPage\",\"@id\":\"https:\\\/\\\/www.bellunopress.it\\\/2017\\\/06\\\/19\\\/feltre-valbelluna-card-mercoledi-la-presentazione-a-trichiana\\\/\",\"url\":\"https:\\\/\\\/www.bellunopress.it\\\/2017\\\/06\\\/19\\\/feltre-valbelluna-card-mercoledi-la-presentazione-a-trichiana\\\/\",\"name\":\"\u201cFeltre ValBelluna Card\u201d, mercoled\u00ec la presentazione a Trichiana - Bellunopress - Dolomiti\",\"isPartOf\":{\"@id\":\"https:\\\/\\\/www.bellunopress.it\\\/#website\"},\"primaryImageOfPage\":{\"@id\":\"https:\\\/\\\/www.bellunopress.it\\\/2017\\\/06\\\/19\\\/feltre-valbelluna-card-mercoledi-la-presentazione-a-trichiana\\\/#primaryimage\"},\"image\":{\"@id\":\"https:\\\/\\\/www.bellunopress.it\\\/2017\\\/06\\\/19\\\/feltre-valbelluna-card-mercoledi-la-presentazione-a-trichiana\\\/#primaryimage\"},\"thumbnailUrl\":\"http:\\\/\\\/www.bellunopress.it\\\/wp-content\\\/uploads\\\/2017\\\/06\\\/consorzio-dolomiti-prealpi.jpg\",\"datePublished\":\"2017-06-19T16:09:43+00:00\",\"breadcrumb\":{\"@id\":\"https:\\\/\\\/www.bellunopress.it\\\/2017\\\/06\\\/19\\\/feltre-valbelluna-card-mercoledi-la-presentazione-a-trichiana\\\/#breadcrumb\"},\"inLanguage\":\"fr-FR\",\"potentialAction\":[{\"@type\":\"ReadAction\",\"target\":[\"https:\\\/\\\/www.bellunopress.it\\\/2017\\\/06\\\/19\\\/feltre-valbelluna-card-mercoledi-la-presentazione-a-trichiana\\\/\"]}]},{\"@type\":\"ImageObject\",\"inLanguage\":\"fr-FR\",\"@id\":\"https:\\\/\\\/www.bellunopress.it\\\/2017\\\/06\\\/19\\\/feltre-valbelluna-card-mercoledi-la-presentazione-a-trichiana\\\/#primaryimage\",\"url\":\"http:\\\/\\\/www.bellunopress.it\\\/wp-content\\\/uploads\\\/2017\\\/06\\\/consorzio-dolomiti-prealpi.jpg\",\"contentUrl\":\"http:\\\/\\\/www.bellunopress.it\\\/wp-content\\\/uploads\\\/2017\\\/06\\\/consorzio-dolomiti-prealpi.jpg\"},{\"@type\":\"BreadcrumbList\",\"@id\":\"https:\\\/\\\/www.bellunopress.it\\\/2017\\\/06\\\/19\\\/feltre-valbelluna-card-mercoledi-la-presentazione-a-trichiana\\\/#breadcrumb\",\"itemListElement\":[{\"@type\":\"ListItem\",\"position\":1,\"name\":\"Home\",\"item\":\"https:\\\/\\\/www.bellunopress.it\\\/\"},{\"@type\":\"ListItem\",\"position\":2,\"name\":\"\u201cFeltre ValBelluna Card\u201d, mercoled\u00ec la presentazione a Trichiana\"}]},{\"@type\":\"WebSite\",\"@id\":\"https:\\\/\\\/www.bellunopress.it\\\/#website\",\"url\":\"https:\\\/\\\/www.bellunopress.it\\\/\",\"name\":\"Bellunopress - Dolomiti\",\"description\":\"e-mail: redazione@bellunopress.it\",\"publisher\":{\"@id\":\"https:\\\/\\\/www.bellunopress.it\\\/#organization\"},\"potentialAction\":[{\"@type\":\"SearchAction\",\"target\":{\"@type\":\"EntryPoint\",\"urlTemplate\":\"https:\\\/\\\/www.bellunopress.it\\\/?s={search_term_string}\"},\"query-input\":{\"@type\":\"PropertyValueSpecification\",\"valueRequired\":true,\"valueName\":\"search_term_string\"}}],\"inLanguage\":\"fr-FR\"},{\"@type\":\"Organization\",\"@id\":\"https:\\\/\\\/www.bellunopress.it\\\/#organization\",\"name\":\"Bellunopress\",\"url\":\"https:\\\/\\\/www.bellunopress.it\\\/\",\"logo\":{\"@type\":\"ImageObject\",\"inLanguage\":\"fr-FR\",\"@id\":\"https:\\\/\\\/www.bellunopress.it\\\/#\\\/schema\\\/logo\\\/image\\\/\",\"url\":\"https:\\\/\\\/www.bellunopress.it\\\/wp-content\\\/uploads\\\/2011\\\/05\\\/cropped-logo-bellunopress-.jpg\",\"contentUrl\":\"https:\\\/\\\/www.bellunopress.it\\\/wp-content\\\/uploads\\\/2011\\\/05\\\/cropped-logo-bellunopress-.jpg\",\"width\":512,\"height\":512,\"caption\":\"Bellunopress\"},\"image\":{\"@id\":\"https:\\\/\\\/www.bellunopress.it\\\/#\\\/schema\\\/logo\\\/image\\\/\"},\"sameAs\":[\"https:\\\/\\\/www.facebook.com\\\/profile.php?id=100008943462799\",\"https:\\\/\\\/x.com\\\/bellunopress\",\"https:\\\/\\\/www.linkedin.com\\\/hp\\\/?dnr=JBzUWaJfMUw8vbXJJ2tVW5-I3jZKvC4wsoxE&amp;amp;amp;amp;amp;amp;trk=nav_responsive_tab_home\",\"https:\\\/\\\/www.youtube.com\\\/channel\\\/UCxL0wu1uN0_3_7hGG0306cw\"]},{\"@type\":\"Person\",\"@id\":\"https:\\\/\\\/www.bellunopress.it\\\/#\\\/schema\\\/person\\\/79bb06722b37ece1c03d3e94beb30d73\",\"name\":\"redazione\",\"image\":{\"@type\":\"ImageObject\",\"inLanguage\":\"fr-FR\",\"@id\":\"https:\\\/\\\/secure.gravatar.com\\\/avatar\\\/37d968a2e67a6fd04c169c4bdef102d0bc5d31b2546345219e348575eb80e9a0?s=96&d=mm&r=g\",\"url\":\"https:\\\/\\\/secure.gravatar.com\\\/avatar\\\/37d968a2e67a6fd04c169c4bdef102d0bc5d31b2546345219e348575eb80e9a0?s=96&d=mm&r=g\",\"contentUrl\":\"https:\\\/\\\/secure.gravatar.com\\\/avatar\\\/37d968a2e67a6fd04c169c4bdef102d0bc5d31b2546345219e348575eb80e9a0?s=96&d=mm&r=g\",\"caption\":\"redazione\"},\"sameAs\":[\"http:\\\/\\\/www.bellunopress.it\",\"https:\\\/\\\/x.com\\\/bellunopress\"],\"url\":\"https:\\\/\\\/www.bellunopress.it\\\/fr\\\/author\\\/redazione\\\/\"}]}<\/script>\n<!-- \/ Yoast SEO plugin. -->","yoast_head_json":{"title":"\u201cFeltre ValBelluna Card\u201d, mercoled\u00ec la presentazione a Trichiana - Bellunopress - Dolomiti","robots":{"index":"index","follow":"follow","max-snippet":"max-snippet:-1","max-image-preview":"max-image-preview:large","max-video-preview":"max-video-preview:-1"},"canonical":"https:\/\/www.bellunopress.it\/fr\/2017\/06\/19\/feltre-valbelluna-card-mercoledi-la-presentazione-a-trichiana\/","og_locale":"fr_FR","og_type":"article","og_title":"\u201cFeltre ValBelluna Card\u201d, mercoled\u00ec la presentazione a Trichiana - Bellunopress - Dolomiti","og_description":"Dopo la presentazione di mercoled\u00ec 13 giugno, la card turistica \u201cFeltre ValBelluna Card\u201d \u00e8 disponibile per la vendita, presso l\u2019ufficio turistico di Feltre e le strutture ricettive del territorio. Per agevolare l\u2019acquisto in conto vendita da parte degli operatori turistici della Valbelluna, mercoled\u00ec 21 giugno, alle ore 10 nella sala \u201cTina Merlin\u201d di Trichiana (sopra [&hellip;]","og_url":"https:\/\/www.bellunopress.it\/fr\/2017\/06\/19\/feltre-valbelluna-card-mercoledi-la-presentazione-a-trichiana\/","og_site_name":"Bellunopress - Dolomiti","article_publisher":"https:\/\/www.facebook.com\/profile.php?id=100008943462799","article_published_time":"2017-06-19T16:09:43+00:00","og_image":[{"url":"http:\/\/www.bellunopress.it\/wp-content\/uploads\/2017\/06\/consorzio-dolomiti-prealpi.jpg","type":"","width":"","height":""}],"author":"redazione","twitter_card":"summary_large_image","twitter_creator":"@bellunopress","twitter_site":"@bellunopress","twitter_misc":{"\u00c9crit par":"redazione","Dur\u00e9e de lecture estim\u00e9e":"1 minute"},"schema":{"@context":"https:\/\/schema.org","@graph":[{"@type":"Article","@id":"https:\/\/www.bellunopress.it\/2017\/06\/19\/feltre-valbelluna-card-mercoledi-la-presentazione-a-trichiana\/#article","isPartOf":{"@id":"https:\/\/www.bellunopress.it\/2017\/06\/19\/feltre-valbelluna-card-mercoledi-la-presentazione-a-trichiana\/"},"author":{"name":"redazione","@id":"https:\/\/www.bellunopress.it\/#\/schema\/person\/79bb06722b37ece1c03d3e94beb30d73"},"headline":"\u201cFeltre ValBelluna Card\u201d, mercoled\u00ec la presentazione a Trichiana","datePublished":"2017-06-19T16:09:43+00:00","mainEntityOfPage":{"@id":"https:\/\/www.bellunopress.it\/2017\/06\/19\/feltre-valbelluna-card-mercoledi-la-presentazione-a-trichiana\/"},"wordCount":274,"publisher":{"@id":"https:\/\/www.bellunopress.it\/#organization"},"image":{"@id":"https:\/\/www.bellunopress.it\/2017\/06\/19\/feltre-valbelluna-card-mercoledi-la-presentazione-a-trichiana\/#primaryimage"},"thumbnailUrl":"http:\/\/www.bellunopress.it\/wp-content\/uploads\/2017\/06\/consorzio-dolomiti-prealpi.jpg","articleSection":["Lavoro, Economia, Turismo","Prima Pagina","Sport, tempo libero"],"inLanguage":"fr-FR"},{"@type":"WebPage","@id":"https:\/\/www.bellunopress.it\/2017\/06\/19\/feltre-valbelluna-card-mercoledi-la-presentazione-a-trichiana\/","url":"https:\/\/www.bellunopress.it\/2017\/06\/19\/feltre-valbelluna-card-mercoledi-la-presentazione-a-trichiana\/","name":"\u201cFeltre ValBelluna Card\u201d, mercoled\u00ec la presentazione a Trichiana - Bellunopress - Dolomiti","isPartOf":{"@id":"https:\/\/www.bellunopress.it\/#website"},"primaryImageOfPage":{"@id":"https:\/\/www.bellunopress.it\/2017\/06\/19\/feltre-valbelluna-card-mercoledi-la-presentazione-a-trichiana\/#primaryimage"},"image":{"@id":"https:\/\/www.bellunopress.it\/2017\/06\/19\/feltre-valbelluna-card-mercoledi-la-presentazione-a-trichiana\/#primaryimage"},"thumbnailUrl":"http:\/\/www.bellunopress.it\/wp-content\/uploads\/2017\/06\/consorzio-dolomiti-prealpi.jpg","datePublished":"2017-06-19T16:09:43+00:00","breadcrumb":{"@id":"https:\/\/www.bellunopress.it\/2017\/06\/19\/feltre-valbelluna-card-mercoledi-la-presentazione-a-trichiana\/#breadcrumb"},"inLanguage":"fr-FR","potentialAction":[{"@type":"ReadAction","target":["https:\/\/www.bellunopress.it\/2017\/06\/19\/feltre-valbelluna-card-mercoledi-la-presentazione-a-trichiana\/"]}]},{"@type":"ImageObject","inLanguage":"fr-FR","@id":"https:\/\/www.bellunopress.it\/2017\/06\/19\/feltre-valbelluna-card-mercoledi-la-presentazione-a-trichiana\/#primaryimage","url":"http:\/\/www.bellunopress.it\/wp-content\/uploads\/2017\/06\/consorzio-dolomiti-prealpi.jpg","contentUrl":"http:\/\/www.bellunopress.it\/wp-content\/uploads\/2017\/06\/consorzio-dolomiti-prealpi.jpg"},{"@type":"BreadcrumbList","@id":"https:\/\/www.bellunopress.it\/2017\/06\/19\/feltre-valbelluna-card-mercoledi-la-presentazione-a-trichiana\/#breadcrumb","itemListElement":[{"@type":"ListItem","position":1,"name":"Home","item":"https:\/\/www.bellunopress.it\/"},{"@type":"ListItem","position":2,"name":"\u201cFeltre ValBelluna Card\u201d, mercoled\u00ec la presentazione a Trichiana"}]},{"@type":"WebSite","@id":"https:\/\/www.bellunopress.it\/#website","url":"https:\/\/www.bellunopress.it\/","name":"Bellunopress - Dolomiti","description":"e-mail: redazione@bellunopress.it","publisher":{"@id":"https:\/\/www.bellunopress.it\/#organization"},"potentialAction":[{"@type":"SearchAction","target":{"@type":"EntryPoint","urlTemplate":"https:\/\/www.bellunopress.it\/?s={search_term_string}"},"query-input":{"@type":"PropertyValueSpecification","valueRequired":true,"valueName":"search_term_string"}}],"inLanguage":"fr-FR"},{"@type":"Organization","@id":"https:\/\/www.bellunopress.it\/#organization","name":"Bellunopress","url":"https:\/\/www.bellunopress.it\/","logo":{"@type":"ImageObject","inLanguage":"fr-FR","@id":"https:\/\/www.bellunopress.it\/#\/schema\/logo\/image\/","url":"https:\/\/www.bellunopress.it\/wp-content\/uploads\/2011\/05\/cropped-logo-bellunopress-.jpg","contentUrl":"https:\/\/www.bellunopress.it\/wp-content\/uploads\/2011\/05\/cropped-logo-bellunopress-.jpg","width":512,"height":512,"caption":"Bellunopress"},"image":{"@id":"https:\/\/www.bellunopress.it\/#\/schema\/logo\/image\/"},"sameAs":["https:\/\/www.facebook.com\/profile.php?id=100008943462799","https:\/\/x.com\/bellunopress","https:\/\/www.linkedin.com\/hp\/?dnr=JBzUWaJfMUw8vbXJJ2tVW5-I3jZKvC4wsoxE&amp;amp;amp;amp;amp;amp;trk=nav_responsive_tab_home","https:\/\/www.youtube.com\/channel\/UCxL0wu1uN0_3_7hGG0306cw"]},{"@type":"Person","@id":"https:\/\/www.bellunopress.it\/#\/schema\/person\/79bb06722b37ece1c03d3e94beb30d73","name":"r\u00e9daction","image":{"@type":"ImageObject","inLanguage":"fr-FR","@id":"https:\/\/secure.gravatar.com\/avatar\/37d968a2e67a6fd04c169c4bdef102d0bc5d31b2546345219e348575eb80e9a0?s=96&d=mm&r=g","url":"https:\/\/secure.gravatar.com\/avatar\/37d968a2e67a6fd04c169c4bdef102d0bc5d31b2546345219e348575eb80e9a0?s=96&d=mm&r=g","contentUrl":"https:\/\/secure.gravatar.com\/avatar\/37d968a2e67a6fd04c169c4bdef102d0bc5d31b2546345219e348575eb80e9a0?s=96&d=mm&r=g","caption":"redazione"},"sameAs":["http:\/\/www.bellunopress.it","https:\/\/x.com\/bellunopress"],"url":"https:\/\/www.bellunopress.it\/fr\/author\/redazione\/"}]}},"_links":{"self":[{"href":"https:\/\/www.bellunopress.it\/fr\/wp-json\/wp\/v2\/posts\/87097","targetHints":{"allow":["GET"]}}],"collection":[{"href":"https:\/\/www.bellunopress.it\/fr\/wp-json\/wp\/v2\/posts"}],"about":[{"href":"https:\/\/www.bellunopress.it\/fr\/wp-json\/wp\/v2\/types\/post"}],"author":[{"embeddable":true,"href":"https:\/\/www.bellunopress.it\/fr\/wp-json\/wp\/v2\/users\/2"}],"replies":[{"embeddable":true,"href":"https:\/\/www.bellunopress.it\/fr\/wp-json\/wp\/v2\/comments?post=87097"}],"version-history":[{"count":1,"href":"https:\/\/www.bellunopress.it\/fr\/wp-json\/wp\/v2\/posts\/87097\/revisions"}],"predecessor-version":[{"id":87099,"href":"https:\/\/www.bellunopress.it\/fr\/wp-json\/wp\/v2\/posts\/87097\/revisions\/87099"}],"wp:attachment":[{"href":"https:\/\/www.bellunopress.it\/fr\/wp-json\/wp\/v2\/media?parent=87097"}],"wp:term":[{"taxonomy":"category","embeddable":true,"href":"https:\/\/www.bellunopress.it\/fr\/wp-json\/wp\/v2\/categories?post=87097"},{"taxonomy":"post_tag","embeddable":true,"href":"https:\/\/www.bellunopress.it\/fr\/wp-json\/wp\/v2\/tags?post=87097"}],"curies":[{"name":"wp","href":"https:\/\/api.w.org\/{rel}","templated":true}]}}