{"id":87095,"date":"2017-06-19T17:55:59","date_gmt":"2017-06-19T15:55:59","guid":{"rendered":"http:\/\/www.bellunopress.it\/?p=87095"},"modified":"2017-06-19T17:55:59","modified_gmt":"2017-06-19T15:55:59","slug":"due-incidenti-con-il-trattore","status":"publish","type":"post","link":"https:\/\/www.bellunopress.it\/fr\/2017\/06\/19\/due-incidenti-con-il-trattore\/","title":{"rendered":"Due incidenti con il trattore"},"content":{"rendered":"<p><a href=\"http:\/\/www.bellunopress.it\/wp-content\/uploads\/2015\/08\/soccorso-alpino-1.jpg\"><img loading=\"lazy\" decoding=\"async\" class=\"alignleft size-full wp-image-71228\" src=\"http:\/\/www.bellunopress.it\/wp-content\/uploads\/2015\/08\/soccorso-alpino-1.jpg\" alt=\"\" width=\"300\" height=\"181\" \/><\/a>Belluno, 19 &#8211; 06 &#8211; 17 \u00a0\u00a0Questa mattina alle 9 l&#8217;elicottero del Suem di Pieve di Cadore \u00e8 decollato in direzione di Laste di Rocca Pietore, poich\u00e9 durante una manovra, un trattorino si \u00e8 rovesciato con il conducente da una strada sterrata, rotolando per un centinaio di metri in mezzo al bosco. Sbarcati sulla strada con un verricello, medico, infermiere e tecnico di elisoccorso hanno raggiunto l&#8217;uomo, G.Z., 57 anni, di Rocca Pietore (BL), che sembrava aver riportato un politrauma. Dopo avergli prestato le prime cure, assieme al personale dell&#8217;ambulanza, del Soccorso alpino della Val Pettorina e dei Vigili del fuoco, l&#8217;infortunato \u00e8 stato imbarellato e sollevato fino alla strada, da dove l&#8217;ambulanza per un breve tragitto lo ha trasportato all&#8217;elicottero, partito in direzione dell&#8217;ospedale di Belluno.<\/p>\n<p>Alle 11.15 il Suem ha poi dirottato l&#8217;eliambulanza sul luogo di un secondo incidente, nel comune di Selva di Cadore, avvenuto anche in questo caso con un trattorino. P.Z., 54 anni, di Selva di Cadore (BL), stava infatti manovrando il mezzo, che si \u00e8 rovesciato a lato della strada, a monte del paese. Sbarcati in hovering nelle vicinanze, medico, infermiere e tecnico di elisoccorso hanno stabilizzato l&#8217;infortunato, che presentava diversi possibili traumi e una frattura al braccio. Con l&#8217;aiuto del Soccorso alpino della Val Fiorentina, dei vigili del fuoco e del personale dell&#8217;ambulanza, l&#8217;uomo \u00e8 stato caricato con la barella e portato in ambulanza all&#8217;elicottero. Il ferito \u00e8 stato condotto all&#8217;ospedale di Treviso.<\/p>","protected":false},"excerpt":{"rendered":"<p>Belluno, 19 &#8211; 06 &#8211; 17 \u00a0\u00a0Questa mattina alle 9 l&#8217;elicottero del Suem di Pieve di Cadore \u00e8 decollato in direzione di Laste di Rocca Pietore, poich\u00e9 durante una manovra, un trattorino si \u00e8 rovesciato con il conducente da una strada sterrata, rotolando per un centinaio di metri in mezzo al bosco. Sbarcati sulla strada [&hellip;]<\/p>\n","protected":false},"author":2,"featured_media":0,"comment_status":"closed","ping_status":"open","sticky":false,"template":"","format":"standard","meta":{"footnotes":""},"categories":[5,26],"tags":[],"class_list":["post-87095","post","type-post","status-publish","format-standard","category-cronaca","category-prima-pagina"],"yoast_head":"<!-- This site is optimized with the Yoast SEO plugin v28.4 - https:\/\/yoast.com\/product\/yoast-seo-wordpress\/ -->\n<title>Due incidenti con il trattore - Bellunopress - Dolomiti<\/title>\n<meta name=\"robots\" content=\"index, follow, max-snippet:-1, max-image-preview:large, max-video-preview:-1\" \/>\n<link rel=\"canonical\" href=\"https:\/\/www.bellunopress.it\/fr\/2017\/06\/19\/due-incidenti-con-il-trattore\/\" \/>\n<meta property=\"og:locale\" content=\"fr_FR\" \/>\n<meta property=\"og:type\" content=\"article\" \/>\n<meta property=\"og:title\" content=\"Due incidenti con il trattore - Bellunopress - Dolomiti\" \/>\n<meta property=\"og:description\" content=\"Belluno, 19 &#8211; 06 &#8211; 17 \u00a0\u00a0Questa mattina alle 9 l&#8217;elicottero del Suem di Pieve di Cadore \u00e8 decollato in direzione di Laste di Rocca Pietore, poich\u00e9 durante una manovra, un trattorino si \u00e8 rovesciato con il conducente da una strada sterrata, rotolando per un centinaio di metri in mezzo al bosco. Sbarcati sulla strada [&hellip;]\" \/>\n<meta property=\"og:url\" content=\"https:\/\/www.bellunopress.it\/fr\/2017\/06\/19\/due-incidenti-con-il-trattore\/\" \/>\n<meta property=\"og:site_name\" content=\"Bellunopress - Dolomiti\" \/>\n<meta property=\"article:publisher\" content=\"https:\/\/www.facebook.com\/profile.php?id=100008943462799\" \/>\n<meta property=\"article:published_time\" content=\"2017-06-19T15:55:59+00:00\" \/>\n<meta property=\"og:image\" content=\"http:\/\/www.bellunopress.it\/wp-content\/uploads\/2015\/08\/soccorso-alpino-1.jpg\" \/>\n<meta name=\"author\" content=\"redazione\" \/>\n<meta name=\"twitter:card\" content=\"summary_large_image\" \/>\n<meta name=\"twitter:creator\" content=\"@bellunopress\" \/>\n<meta name=\"twitter:site\" content=\"@bellunopress\" \/>\n<meta name=\"twitter:label1\" content=\"\u00c9crit par\" \/>\n\t<meta name=\"twitter:data1\" content=\"redazione\" \/>\n\t<meta name=\"twitter:label2\" content=\"Dur\u00e9e de lecture estim\u00e9e\" \/>\n\t<meta name=\"twitter:data2\" content=\"1 minute\" \/>\n<script type=\"application\/ld+json\" class=\"yoast-schema-graph\">{\"@context\":\"https:\\\/\\\/schema.org\",\"@graph\":[{\"@type\":\"Article\",\"@id\":\"https:\\\/\\\/www.bellunopress.it\\\/2017\\\/06\\\/19\\\/due-incidenti-con-il-trattore\\\/#article\",\"isPartOf\":{\"@id\":\"https:\\\/\\\/www.bellunopress.it\\\/2017\\\/06\\\/19\\\/due-incidenti-con-il-trattore\\\/\"},\"author\":{\"name\":\"redazione\",\"@id\":\"https:\\\/\\\/www.bellunopress.it\\\/#\\\/schema\\\/person\\\/79bb06722b37ece1c03d3e94beb30d73\"},\"headline\":\"Due incidenti con il trattore\",\"datePublished\":\"2017-06-19T15:55:59+00:00\",\"mainEntityOfPage\":{\"@id\":\"https:\\\/\\\/www.bellunopress.it\\\/2017\\\/06\\\/19\\\/due-incidenti-con-il-trattore\\\/\"},\"wordCount\":248,\"publisher\":{\"@id\":\"https:\\\/\\\/www.bellunopress.it\\\/#organization\"},\"image\":{\"@id\":\"https:\\\/\\\/www.bellunopress.it\\\/2017\\\/06\\\/19\\\/due-incidenti-con-il-trattore\\\/#primaryimage\"},\"thumbnailUrl\":\"http:\\\/\\\/www.bellunopress.it\\\/wp-content\\\/uploads\\\/2015\\\/08\\\/soccorso-alpino-1.jpg\",\"articleSection\":[\"Cronaca\\\/Politica\",\"Prima Pagina\"],\"inLanguage\":\"fr-FR\"},{\"@type\":\"WebPage\",\"@id\":\"https:\\\/\\\/www.bellunopress.it\\\/2017\\\/06\\\/19\\\/due-incidenti-con-il-trattore\\\/\",\"url\":\"https:\\\/\\\/www.bellunopress.it\\\/2017\\\/06\\\/19\\\/due-incidenti-con-il-trattore\\\/\",\"name\":\"Due incidenti con il trattore - Bellunopress - Dolomiti\",\"isPartOf\":{\"@id\":\"https:\\\/\\\/www.bellunopress.it\\\/#website\"},\"primaryImageOfPage\":{\"@id\":\"https:\\\/\\\/www.bellunopress.it\\\/2017\\\/06\\\/19\\\/due-incidenti-con-il-trattore\\\/#primaryimage\"},\"image\":{\"@id\":\"https:\\\/\\\/www.bellunopress.it\\\/2017\\\/06\\\/19\\\/due-incidenti-con-il-trattore\\\/#primaryimage\"},\"thumbnailUrl\":\"http:\\\/\\\/www.bellunopress.it\\\/wp-content\\\/uploads\\\/2015\\\/08\\\/soccorso-alpino-1.jpg\",\"datePublished\":\"2017-06-19T15:55:59+00:00\",\"breadcrumb\":{\"@id\":\"https:\\\/\\\/www.bellunopress.it\\\/2017\\\/06\\\/19\\\/due-incidenti-con-il-trattore\\\/#breadcrumb\"},\"inLanguage\":\"fr-FR\",\"potentialAction\":[{\"@type\":\"ReadAction\",\"target\":[\"https:\\\/\\\/www.bellunopress.it\\\/2017\\\/06\\\/19\\\/due-incidenti-con-il-trattore\\\/\"]}]},{\"@type\":\"ImageObject\",\"inLanguage\":\"fr-FR\",\"@id\":\"https:\\\/\\\/www.bellunopress.it\\\/2017\\\/06\\\/19\\\/due-incidenti-con-il-trattore\\\/#primaryimage\",\"url\":\"http:\\\/\\\/www.bellunopress.it\\\/wp-content\\\/uploads\\\/2015\\\/08\\\/soccorso-alpino-1.jpg\",\"contentUrl\":\"http:\\\/\\\/www.bellunopress.it\\\/wp-content\\\/uploads\\\/2015\\\/08\\\/soccorso-alpino-1.jpg\"},{\"@type\":\"BreadcrumbList\",\"@id\":\"https:\\\/\\\/www.bellunopress.it\\\/2017\\\/06\\\/19\\\/due-incidenti-con-il-trattore\\\/#breadcrumb\",\"itemListElement\":[{\"@type\":\"ListItem\",\"position\":1,\"name\":\"Home\",\"item\":\"https:\\\/\\\/www.bellunopress.it\\\/\"},{\"@type\":\"ListItem\",\"position\":2,\"name\":\"Due incidenti con il trattore\"}]},{\"@type\":\"WebSite\",\"@id\":\"https:\\\/\\\/www.bellunopress.it\\\/#website\",\"url\":\"https:\\\/\\\/www.bellunopress.it\\\/\",\"name\":\"Bellunopress - Dolomiti\",\"description\":\"e-mail: redazione@bellunopress.it\",\"publisher\":{\"@id\":\"https:\\\/\\\/www.bellunopress.it\\\/#organization\"},\"potentialAction\":[{\"@type\":\"SearchAction\",\"target\":{\"@type\":\"EntryPoint\",\"urlTemplate\":\"https:\\\/\\\/www.bellunopress.it\\\/?s={search_term_string}\"},\"query-input\":{\"@type\":\"PropertyValueSpecification\",\"valueRequired\":true,\"valueName\":\"search_term_string\"}}],\"inLanguage\":\"fr-FR\"},{\"@type\":\"Organization\",\"@id\":\"https:\\\/\\\/www.bellunopress.it\\\/#organization\",\"name\":\"Bellunopress\",\"url\":\"https:\\\/\\\/www.bellunopress.it\\\/\",\"logo\":{\"@type\":\"ImageObject\",\"inLanguage\":\"fr-FR\",\"@id\":\"https:\\\/\\\/www.bellunopress.it\\\/#\\\/schema\\\/logo\\\/image\\\/\",\"url\":\"https:\\\/\\\/www.bellunopress.it\\\/wp-content\\\/uploads\\\/2011\\\/05\\\/cropped-logo-bellunopress-.jpg\",\"contentUrl\":\"https:\\\/\\\/www.bellunopress.it\\\/wp-content\\\/uploads\\\/2011\\\/05\\\/cropped-logo-bellunopress-.jpg\",\"width\":512,\"height\":512,\"caption\":\"Bellunopress\"},\"image\":{\"@id\":\"https:\\\/\\\/www.bellunopress.it\\\/#\\\/schema\\\/logo\\\/image\\\/\"},\"sameAs\":[\"https:\\\/\\\/www.facebook.com\\\/profile.php?id=100008943462799\",\"https:\\\/\\\/x.com\\\/bellunopress\",\"https:\\\/\\\/www.linkedin.com\\\/hp\\\/?dnr=JBzUWaJfMUw8vbXJJ2tVW5-I3jZKvC4wsoxE&amp;amp;amp;amp;amp;amp;trk=nav_responsive_tab_home\",\"https:\\\/\\\/www.youtube.com\\\/channel\\\/UCxL0wu1uN0_3_7hGG0306cw\"]},{\"@type\":\"Person\",\"@id\":\"https:\\\/\\\/www.bellunopress.it\\\/#\\\/schema\\\/person\\\/79bb06722b37ece1c03d3e94beb30d73\",\"name\":\"redazione\",\"image\":{\"@type\":\"ImageObject\",\"inLanguage\":\"fr-FR\",\"@id\":\"https:\\\/\\\/secure.gravatar.com\\\/avatar\\\/37d968a2e67a6fd04c169c4bdef102d0bc5d31b2546345219e348575eb80e9a0?s=96&d=mm&r=g\",\"url\":\"https:\\\/\\\/secure.gravatar.com\\\/avatar\\\/37d968a2e67a6fd04c169c4bdef102d0bc5d31b2546345219e348575eb80e9a0?s=96&d=mm&r=g\",\"contentUrl\":\"https:\\\/\\\/secure.gravatar.com\\\/avatar\\\/37d968a2e67a6fd04c169c4bdef102d0bc5d31b2546345219e348575eb80e9a0?s=96&d=mm&r=g\",\"caption\":\"redazione\"},\"sameAs\":[\"http:\\\/\\\/www.bellunopress.it\",\"https:\\\/\\\/x.com\\\/bellunopress\"],\"url\":\"https:\\\/\\\/www.bellunopress.it\\\/fr\\\/author\\\/redazione\\\/\"}]}<\/script>\n<!-- \/ Yoast SEO plugin. -->","yoast_head_json":{"title":"Due incidenti con il trattore - Bellunopress - Dolomiti","robots":{"index":"index","follow":"follow","max-snippet":"max-snippet:-1","max-image-preview":"max-image-preview:large","max-video-preview":"max-video-preview:-1"},"canonical":"https:\/\/www.bellunopress.it\/fr\/2017\/06\/19\/due-incidenti-con-il-trattore\/","og_locale":"fr_FR","og_type":"article","og_title":"Due incidenti con il trattore - Bellunopress - Dolomiti","og_description":"Belluno, 19 &#8211; 06 &#8211; 17 \u00a0\u00a0Questa mattina alle 9 l&#8217;elicottero del Suem di Pieve di Cadore \u00e8 decollato in direzione di Laste di Rocca Pietore, poich\u00e9 durante una manovra, un trattorino si \u00e8 rovesciato con il conducente da una strada sterrata, rotolando per un centinaio di metri in mezzo al bosco. Sbarcati sulla strada [&hellip;]","og_url":"https:\/\/www.bellunopress.it\/fr\/2017\/06\/19\/due-incidenti-con-il-trattore\/","og_site_name":"Bellunopress - Dolomiti","article_publisher":"https:\/\/www.facebook.com\/profile.php?id=100008943462799","article_published_time":"2017-06-19T15:55:59+00:00","og_image":[{"url":"http:\/\/www.bellunopress.it\/wp-content\/uploads\/2015\/08\/soccorso-alpino-1.jpg","type":"","width":"","height":""}],"author":"redazione","twitter_card":"summary_large_image","twitter_creator":"@bellunopress","twitter_site":"@bellunopress","twitter_misc":{"\u00c9crit par":"redazione","Dur\u00e9e de lecture estim\u00e9e":"1 minute"},"schema":{"@context":"https:\/\/schema.org","@graph":[{"@type":"Article","@id":"https:\/\/www.bellunopress.it\/2017\/06\/19\/due-incidenti-con-il-trattore\/#article","isPartOf":{"@id":"https:\/\/www.bellunopress.it\/2017\/06\/19\/due-incidenti-con-il-trattore\/"},"author":{"name":"redazione","@id":"https:\/\/www.bellunopress.it\/#\/schema\/person\/79bb06722b37ece1c03d3e94beb30d73"},"headline":"Due incidenti con il trattore","datePublished":"2017-06-19T15:55:59+00:00","mainEntityOfPage":{"@id":"https:\/\/www.bellunopress.it\/2017\/06\/19\/due-incidenti-con-il-trattore\/"},"wordCount":248,"publisher":{"@id":"https:\/\/www.bellunopress.it\/#organization"},"image":{"@id":"https:\/\/www.bellunopress.it\/2017\/06\/19\/due-incidenti-con-il-trattore\/#primaryimage"},"thumbnailUrl":"http:\/\/www.bellunopress.it\/wp-content\/uploads\/2015\/08\/soccorso-alpino-1.jpg","articleSection":["Cronaca\/Politica","Prima Pagina"],"inLanguage":"fr-FR"},{"@type":"WebPage","@id":"https:\/\/www.bellunopress.it\/2017\/06\/19\/due-incidenti-con-il-trattore\/","url":"https:\/\/www.bellunopress.it\/2017\/06\/19\/due-incidenti-con-il-trattore\/","name":"Due incidenti con il trattore - Bellunopress - Dolomiti","isPartOf":{"@id":"https:\/\/www.bellunopress.it\/#website"},"primaryImageOfPage":{"@id":"https:\/\/www.bellunopress.it\/2017\/06\/19\/due-incidenti-con-il-trattore\/#primaryimage"},"image":{"@id":"https:\/\/www.bellunopress.it\/2017\/06\/19\/due-incidenti-con-il-trattore\/#primaryimage"},"thumbnailUrl":"http:\/\/www.bellunopress.it\/wp-content\/uploads\/2015\/08\/soccorso-alpino-1.jpg","datePublished":"2017-06-19T15:55:59+00:00","breadcrumb":{"@id":"https:\/\/www.bellunopress.it\/2017\/06\/19\/due-incidenti-con-il-trattore\/#breadcrumb"},"inLanguage":"fr-FR","potentialAction":[{"@type":"ReadAction","target":["https:\/\/www.bellunopress.it\/2017\/06\/19\/due-incidenti-con-il-trattore\/"]}]},{"@type":"ImageObject","inLanguage":"fr-FR","@id":"https:\/\/www.bellunopress.it\/2017\/06\/19\/due-incidenti-con-il-trattore\/#primaryimage","url":"http:\/\/www.bellunopress.it\/wp-content\/uploads\/2015\/08\/soccorso-alpino-1.jpg","contentUrl":"http:\/\/www.bellunopress.it\/wp-content\/uploads\/2015\/08\/soccorso-alpino-1.jpg"},{"@type":"BreadcrumbList","@id":"https:\/\/www.bellunopress.it\/2017\/06\/19\/due-incidenti-con-il-trattore\/#breadcrumb","itemListElement":[{"@type":"ListItem","position":1,"name":"Home","item":"https:\/\/www.bellunopress.it\/"},{"@type":"ListItem","position":2,"name":"Due incidenti con il trattore"}]},{"@type":"WebSite","@id":"https:\/\/www.bellunopress.it\/#website","url":"https:\/\/www.bellunopress.it\/","name":"Bellunopress - Dolomiti","description":"e-mail: redazione@bellunopress.it","publisher":{"@id":"https:\/\/www.bellunopress.it\/#organization"},"potentialAction":[{"@type":"SearchAction","target":{"@type":"EntryPoint","urlTemplate":"https:\/\/www.bellunopress.it\/?s={search_term_string}"},"query-input":{"@type":"PropertyValueSpecification","valueRequired":true,"valueName":"search_term_string"}}],"inLanguage":"fr-FR"},{"@type":"Organization","@id":"https:\/\/www.bellunopress.it\/#organization","name":"Bellunopress","url":"https:\/\/www.bellunopress.it\/","logo":{"@type":"ImageObject","inLanguage":"fr-FR","@id":"https:\/\/www.bellunopress.it\/#\/schema\/logo\/image\/","url":"https:\/\/www.bellunopress.it\/wp-content\/uploads\/2011\/05\/cropped-logo-bellunopress-.jpg","contentUrl":"https:\/\/www.bellunopress.it\/wp-content\/uploads\/2011\/05\/cropped-logo-bellunopress-.jpg","width":512,"height":512,"caption":"Bellunopress"},"image":{"@id":"https:\/\/www.bellunopress.it\/#\/schema\/logo\/image\/"},"sameAs":["https:\/\/www.facebook.com\/profile.php?id=100008943462799","https:\/\/x.com\/bellunopress","https:\/\/www.linkedin.com\/hp\/?dnr=JBzUWaJfMUw8vbXJJ2tVW5-I3jZKvC4wsoxE&amp;amp;amp;amp;amp;amp;trk=nav_responsive_tab_home","https:\/\/www.youtube.com\/channel\/UCxL0wu1uN0_3_7hGG0306cw"]},{"@type":"Person","@id":"https:\/\/www.bellunopress.it\/#\/schema\/person\/79bb06722b37ece1c03d3e94beb30d73","name":"r\u00e9daction","image":{"@type":"ImageObject","inLanguage":"fr-FR","@id":"https:\/\/secure.gravatar.com\/avatar\/37d968a2e67a6fd04c169c4bdef102d0bc5d31b2546345219e348575eb80e9a0?s=96&d=mm&r=g","url":"https:\/\/secure.gravatar.com\/avatar\/37d968a2e67a6fd04c169c4bdef102d0bc5d31b2546345219e348575eb80e9a0?s=96&d=mm&r=g","contentUrl":"https:\/\/secure.gravatar.com\/avatar\/37d968a2e67a6fd04c169c4bdef102d0bc5d31b2546345219e348575eb80e9a0?s=96&d=mm&r=g","caption":"redazione"},"sameAs":["http:\/\/www.bellunopress.it","https:\/\/x.com\/bellunopress"],"url":"https:\/\/www.bellunopress.it\/fr\/author\/redazione\/"}]}},"_links":{"self":[{"href":"https:\/\/www.bellunopress.it\/fr\/wp-json\/wp\/v2\/posts\/87095","targetHints":{"allow":["GET"]}}],"collection":[{"href":"https:\/\/www.bellunopress.it\/fr\/wp-json\/wp\/v2\/posts"}],"about":[{"href":"https:\/\/www.bellunopress.it\/fr\/wp-json\/wp\/v2\/types\/post"}],"author":[{"embeddable":true,"href":"https:\/\/www.bellunopress.it\/fr\/wp-json\/wp\/v2\/users\/2"}],"replies":[{"embeddable":true,"href":"https:\/\/www.bellunopress.it\/fr\/wp-json\/wp\/v2\/comments?post=87095"}],"version-history":[{"count":1,"href":"https:\/\/www.bellunopress.it\/fr\/wp-json\/wp\/v2\/posts\/87095\/revisions"}],"predecessor-version":[{"id":87096,"href":"https:\/\/www.bellunopress.it\/fr\/wp-json\/wp\/v2\/posts\/87095\/revisions\/87096"}],"wp:attachment":[{"href":"https:\/\/www.bellunopress.it\/fr\/wp-json\/wp\/v2\/media?parent=87095"}],"wp:term":[{"taxonomy":"category","embeddable":true,"href":"https:\/\/www.bellunopress.it\/fr\/wp-json\/wp\/v2\/categories?post=87095"},{"taxonomy":"post_tag","embeddable":true,"href":"https:\/\/www.bellunopress.it\/fr\/wp-json\/wp\/v2\/tags?post=87095"}],"curies":[{"name":"wp","href":"https:\/\/api.w.org\/{rel}","templated":true}]}}