{"id":8707,"date":"2009-10-06T18:09:21","date_gmt":"2009-10-06T17:09:21","guid":{"rendered":"http:\/\/www.bellunopress.it\/?p=8707"},"modified":"2009-10-06T18:09:21","modified_gmt":"2009-10-06T17:09:21","slug":"per-chi-cerca-lavoro-nella-pubblica-amministrazione","status":"publish","type":"post","link":"https:\/\/www.bellunopress.it\/fr\/2009\/10\/06\/per-chi-cerca-lavoro-nella-pubblica-amministrazione\/","title":{"rendered":"Per chi cerca lavoro nella pubblica amministrazione"},"content":{"rendered":"<p>In collaborazione con Informagiovani del Comune di Belluno (Tel. +39 0437913255 &#8211; Fax. +39 0437913284) pubblichiamo i bandi di concorso nella pubblica amministrazione che interessano il nostro territorio<\/p>\n<p>CONCORSI IN PROVINCIA DI BELLUNO<\/p>\n<p>COMUNE DI ZOPPE&#8217; DI CADORE<br \/>\nConcorso pubblico per soli esami, per la copertura a tempo indeterminato e ad orario pieno\u00a0 di n. 1 posto di cat. B \u2013 pos. ec. B3 &#8211; \u201coperaio \u2013 conduttore di macchine operatrici \u2013 addetto al patrimonio comunale ed ai servizi cimiteriali, con mansioni anche di messo e collaboratore amministrativo\u201d nonch\u00e9 per la formazione di una graduatoria di idonei per assunzioni a tempo determinato per la medesima per la medesima figura.<br \/>\nRequisiti specifici:<br \/>\ndiploma di scuola media inferiore pi\u00f9 diploma di qualifica con corso triennale (il possesso di un titolo di studio superiore purch\u00e9 relativo all&#8217;istruzione tecnica, supera la mancanza di titolo previsto)<br \/>\npatente categoria C<br \/>\noppure<br \/>\nesperienza professionale certificata in mansioni equiparabili all&#8217;operaio specializzato di almeno 1 anno nel settore pubblico o privato<br \/>\npatente categoria C<br \/>\nScadenza: entro le ore 12 del 30 ottobre 2009.<\/p>\n<p>COMUNE DI SELVA DI CADORE (BL)<br \/>\nConcorso pubblico per esami per la copertura di n. 1 posto di Istruttore di Vigilanza \u2013 Agente di Polizia Municipale, a tempo indeterminato e a tempo pieno,\u00a0 Cat. C \u2013 C1- , area di attivit\u00e0 &#8211; Vigilanza.<br \/>\nRequisiti specifici:<br \/>\nDiploma di scuola media superiore, di durata quinquennale, o superiori.<br \/>\nPatente Cat. B o superiore.<br \/>\nScadenza: entro il\u00a0 2 dicembre 2009.<\/p>\n<p>COMUNE DI LIVINALLONGO DEL COL DI LANA (BL)<br \/>\nConcorso pubblico, per esami, per l\u2019assunzione a tempo pieno e indeterminato di n. 2 posti di operaio specializzato: conduttore di macchine\u00a0 operatrici complesse\/autista scuolabus &#8211; cat. B &#8211; posiz. econ. B3 (ex 5\u00b0 q.f.) &#8211; area tecnica.<br \/>\nRequisiti specifici:<br \/>\npossesso del seguente titolo di studio: diploma di istruzione secondaria di secondo grado\u00a0 (qualifica professionale biennale o triennale) rilasciato da istituti scolastici statali o regionali\u00a0 e patente \u201cD\u201d con CAP,<br \/>\noppure<br \/>\nlicenza scuola dell\u2019obbligo ed esperienza lavorativa con mansioni analoghe a quelle da ricoprire alla dipendenza di Enti Pubblici o Aziende Private di almeno 5 anni e patente \u201cD\u201d con CAP.<br \/>\nScadenza: entro l&#8217;8 ottobre 2009<br \/>\nCONCORSI IN DIVISA<br \/>\nReclutamento nella Marina militare di 2.470 volontari di truppa in ferma prefissata di un anno (VFP 1) &#8211; anno 2010 con primo blocco di incorporamento:<br \/>\na) 1\u00b0 blocco: 830 posti<br \/>\nLa domanda di partecipazione pu\u00f2 essere presentata dal 15 settembre al 31 ottobre 2009<br \/>\nPossono partecipare al reclutamento coloro che siano in possesso del diploma di istruzione secondaria di primo grado e che abbiano un\u2019et\u00e0 compresa tra il 18\u00b0 anno ed il compimento del 25\u00b0 anno.<\/p>\n<p>Reclutamento nell\u2019Aeronautica militare di 820 volontari di truppa in ferma prefissata di un anno (VFP 1), con primo blocco di incorporamento:<br \/>\na) 1\u00b0 blocco, con prevista incorporazione nel mese di giugno 2010, 410 posti.<br \/>\nLa domanda di partecipazione pu\u00f2 essere presentata dal 15 ottobre 2009 al 15 gennaio 2010<br \/>\nPossono partecipare al reclutamento coloro che siano in possesso del diploma di istruzione secondaria di primo grado e che abbiano un&#8217;et\u00e0 compresa tra il 18\u00b0 anno ed il compimento del 25\u00b0 anno.<\/p>\n<p>Reclutamento nell\u2019Esercito italiano di 12.000 volontari di truppa (VFP 1) con primo blocco di incorporamento:<br \/>\na) 1\u00b0 blocco, con prevista incorporazione nel mese di marzo 2010, 3000 posti.<br \/>\n\u00a0La domanda di partecipazione pu\u00f2 essere presentata dal 9 settembre al 13 novembre 2009.<br \/>\nPossono partecipare al reclutamento coloro che siano in possesso del diploma di istruzione secondaria di primo grado e che abbiano un&#8217;et\u00e0 compresa tra il 18\u00b0 anno ed il compimento del 25\u00b0 anno.<\/p>\n<p>Bollettino Ufficiale N. 81 del 02\/10\/2009<\/p>\n<p>Concorsi<br \/>\nCONCORSO \/ COMUNE DI TOMBOLO<br \/>\nConcorso pubblico per titoli ed esami a tempo indeterminato e orario pieno di un posto di collaboratore amministrativo cat. b3 da adibire ai servizi demografici ed elettorali.<br \/>\nCONCORSO \/ IPAB CASA DI RIPOSO DOTT. UMBERTO ED ALICE TASSONI, CORNEDO VICENTINO (VICENZA)<br \/>\nConcorso pubblico per esami per la copertura di 1 posto di infermiere professionale (cat.c pos.economica c1, ccnl enti locali 2008\/2009), a tempo pieno ed indeterminato.<br \/>\nCONCORSO \/ IPAB CASA DI RIPOSO E CENTRO DIURNO PER ANZIANI GINO E PIERINA MARANI, VILLORBA (TREVISO)<br \/>\nConcorso pubblico per soli esami per la copertura di n. 1 posto di &#8220;coordinatore di nucleo &#8211; infermiere professionale&#8221; a tempo pieno e indetermianto &#8211; categoria d1.<br \/>\nCONCORSO \/ IPAB CASA DI RIPOSO OPERE RIUNITE &#8220;DON LUIGI ROSSI&#8221;, ARCOLE (VERONA)<br \/>\nBando di concorso pubblico per soli esami per la copertura di n. 3 posti di operatore socio sanitario a tempo pieno ed indeterminato cat. b &#8211; pos. b1.<br \/>\nCONCORSO \/ IPAB CENTRO SERVIZI PER ANZIANI &#8220;A. MORETTI BONORA&#8221;, CAMPOSAMPIERO (PADOVA)<br \/>\nAvviso di selezione pubblica per soli esami per la formazione di una graduatoria per il conferimento di incarichi a tempo pieno o parziale e determinato nel profilo di &#8220;operatore addetto all&#8217;assistenza&#8221;(categoria b &#8211; posizione b1 &#8211; ccnl regioni autonomie locali 2006\/2009).<br \/>\nCONCORSO \/ I.R.E. &#8211; ISTITUZIONE DI RICOVERO E DI EDUCAZIONE &#8211; VENEZIA<br \/>\nConcorso pubblico per titoli ed esami per n. 2 posti di &#8220;PSICOLOGO&#8221; Categoria D posizione D3 a tempo pieno e a tempo indeterminato.<br \/>\nCONCORSO \/ ISTITUTO DI RICOVERO E CURA A CARATTERE SCIENTIFICO EUGENIO MEDEA, CONEGLIANO (TREVISO)<br \/>\nRicerca di personale medico specializzato in neurologia a tempo pieno e determinato per unit\u00e0 per la riabilitazione delle turbe neuropsicologiche acquisite di pieve di soligo (tv). c.c.n.l. delle strutture sanitarie private associate aiop, aris fdg.<br \/>\nCONCORSO \/ ISTITUTO ZOOPROFILATTICO SPERIMENTALE DELLE VENEZIE &#8211; LEGNARO &#8211; PADOVA<br \/>\nSelezione pubblica per titoli, prova scritta ed eventuale colloquio per l&#8217;assunzione a tempo determinato ex art. 15 octies del d. lgs n. 502 del 1992, come modificato dall&#8217;art. 13 del d. lgs n. 229 del 1999, di n. 1 programmatore cat. c da assegnarsi alla sc4 &#8211; laboratorio sistemi informativi ed &#8230;<br \/>\nCONCORSO \/ ULSS N.02 &#8211; FELTRE (BL)<br \/>\nAvviso pubblico per la formazione di una graduatoria da utilizzare per il conferimento di incarichi di sostituzione per il servizio di continuit\u00e0 assistenziale per l&#8217;anno 2010.<br \/>\nCONCORSO \/ ULSS N.02 &#8211; FELTRE (BL)<br \/>\nAvviso pubblico, per titoli e prova colloquio, per la formazione di una graduatoria per l&#8217;assunzione a tempo determinato di personale appartenente al profilo professionale di assistente sanitario, collaboratore professionale sanitario (cat.d)<br \/>\nCONCORSO \/ ULSS N.07 &#8211; PIEVE DI SOLIGO (TV)<br \/>\nAvviso pubblico, per titoli e colloquio, per l&#8217;assunzione a tempo determinato di n. 1 dirigente medico di medicina e chirurgia d&#8217;accettazione e d&#8217;urgenza per l&#8217;u.o. di pronto soccorso.<br \/>\nCONCORSO \/ ULSS N.13 &#8211; MIRANO (VE)<br \/>\nAvviso pubblico, per titoli e prova pratica, per incarichi a tempo determinato di c.p.s. infermiere cat. d, addestrato nella strumentazione di sala operatoria.<br \/>\nCONCORSO \/ ULSS N.13 &#8211; MIRANO (VE)<br \/>\nAvviso pubblico, per titoli e prova d&#8217;esame, per incarichi a tempo determinato di operatore socio sanitario cat. &#8220;bs&#8221;.<br \/>\nCONCORSO \/ ULSS N.18 &#8211; ROVIGO<br \/>\nConcorso pubblico per la copertura a tempo indeterminato di n. 1 posto di dirigente medico di psichiatria.<br \/>\nCONCORSO \/ ULSS N.21 &#8211; LEGNAGO (VR)<br \/>\nAvvisi di selezione pubblica, per titoli e colloquio, per l&#8217;assunzione a tempo determinato di varie qualifiche presso l&#8217;azienda ulss 21 di legnago (vr).<\/p>","protected":false},"excerpt":{"rendered":"<p>In collaborazione con Informagiovani del Comune di Belluno (Tel. +39 0437913255 &#8211; Fax. +39 0437913284) pubblichiamo i bandi di concorso nella pubblica amministrazione che interessano il nostro territorio CONCORSI IN PROVINCIA DI BELLUNO COMUNE DI ZOPPE&#8217; DI CADORE Concorso pubblico per soli esami, per la copertura a tempo indeterminato e ad orario pieno\u00a0 di n. [&hellip;]<\/p>\n","protected":false},"author":2,"featured_media":0,"comment_status":"closed","ping_status":"open","sticky":false,"template":"","format":"standard","meta":{"footnotes":""},"categories":[36,26],"tags":[139,151,302],"class_list":["post-8707","post","type-post","status-publish","format-standard","category-lavoro-economia","category-prima-pagina","tag-belluno","tag-cadore","tag-feltre"],"yoast_head":"<!-- This site is optimized with the Yoast SEO plugin v28.4 - https:\/\/yoast.com\/product\/yoast-seo-wordpress\/ -->\n<title>Per chi cerca lavoro nella pubblica amministrazione - Bellunopress - Dolomiti<\/title>\n<meta name=\"robots\" content=\"index, follow, max-snippet:-1, max-image-preview:large, max-video-preview:-1\" \/>\n<link rel=\"canonical\" href=\"https:\/\/www.bellunopress.it\/fr\/2009\/10\/06\/per-chi-cerca-lavoro-nella-pubblica-amministrazione\/\" \/>\n<meta property=\"og:locale\" content=\"fr_FR\" \/>\n<meta property=\"og:type\" content=\"article\" \/>\n<meta property=\"og:title\" content=\"Per chi cerca lavoro nella pubblica amministrazione - Bellunopress - Dolomiti\" \/>\n<meta property=\"og:description\" content=\"In collaborazione con Informagiovani del Comune di Belluno (Tel. +39 0437913255 &#8211; Fax. +39 0437913284) pubblichiamo i bandi di concorso nella pubblica amministrazione che interessano il nostro territorio CONCORSI IN PROVINCIA DI BELLUNO COMUNE DI ZOPPE&#8217; DI CADORE Concorso pubblico per soli esami, per la copertura a tempo indeterminato e ad orario pieno\u00a0 di n. [&hellip;]\" \/>\n<meta property=\"og:url\" content=\"https:\/\/www.bellunopress.it\/fr\/2009\/10\/06\/per-chi-cerca-lavoro-nella-pubblica-amministrazione\/\" \/>\n<meta property=\"og:site_name\" content=\"Bellunopress - Dolomiti\" \/>\n<meta property=\"article:publisher\" content=\"https:\/\/www.facebook.com\/profile.php?id=100008943462799\" \/>\n<meta property=\"article:published_time\" content=\"2009-10-06T17:09:21+00:00\" \/>\n<meta property=\"og:image\" content=\"http:\/\/www.bellunopress.it\/wp-content\/uploads\/2012\/07\/logo-bellunopress-250x250-2012.jpg\" \/>\n<meta name=\"author\" content=\"redazione\" \/>\n<meta name=\"twitter:card\" content=\"summary_large_image\" \/>\n<meta name=\"twitter:creator\" content=\"@bellunopress\" \/>\n<meta name=\"twitter:site\" content=\"@bellunopress\" \/>\n<meta name=\"twitter:label1\" content=\"\u00c9crit par\" \/>\n\t<meta name=\"twitter:data1\" content=\"redazione\" \/>\n\t<meta name=\"twitter:label2\" content=\"Dur\u00e9e de lecture estim\u00e9e\" \/>\n\t<meta name=\"twitter:data2\" content=\"5 minutes\" \/>\n<script type=\"application\/ld+json\" class=\"yoast-schema-graph\">{\"@context\":\"https:\\\/\\\/schema.org\",\"@graph\":[{\"@type\":\"Article\",\"@id\":\"https:\\\/\\\/www.bellunopress.it\\\/2009\\\/10\\\/06\\\/per-chi-cerca-lavoro-nella-pubblica-amministrazione\\\/#article\",\"isPartOf\":{\"@id\":\"https:\\\/\\\/www.bellunopress.it\\\/2009\\\/10\\\/06\\\/per-chi-cerca-lavoro-nella-pubblica-amministrazione\\\/\"},\"author\":{\"name\":\"redazione\",\"@id\":\"https:\\\/\\\/www.bellunopress.it\\\/#\\\/schema\\\/person\\\/79bb06722b37ece1c03d3e94beb30d73\"},\"headline\":\"Per chi cerca lavoro nella pubblica amministrazione\",\"datePublished\":\"2009-10-06T17:09:21+00:00\",\"mainEntityOfPage\":{\"@id\":\"https:\\\/\\\/www.bellunopress.it\\\/2009\\\/10\\\/06\\\/per-chi-cerca-lavoro-nella-pubblica-amministrazione\\\/\"},\"wordCount\":1121,\"publisher\":{\"@id\":\"https:\\\/\\\/www.bellunopress.it\\\/#organization\"},\"keywords\":[\"Belluno\",\"Cadore\",\"Feltre\"],\"articleSection\":[\"Lavoro, Economia, Turismo\",\"Prima Pagina\"],\"inLanguage\":\"fr-FR\"},{\"@type\":\"WebPage\",\"@id\":\"https:\\\/\\\/www.bellunopress.it\\\/2009\\\/10\\\/06\\\/per-chi-cerca-lavoro-nella-pubblica-amministrazione\\\/\",\"url\":\"https:\\\/\\\/www.bellunopress.it\\\/2009\\\/10\\\/06\\\/per-chi-cerca-lavoro-nella-pubblica-amministrazione\\\/\",\"name\":\"Per chi cerca lavoro nella pubblica amministrazione - Bellunopress - Dolomiti\",\"isPartOf\":{\"@id\":\"https:\\\/\\\/www.bellunopress.it\\\/#website\"},\"datePublished\":\"2009-10-06T17:09:21+00:00\",\"breadcrumb\":{\"@id\":\"https:\\\/\\\/www.bellunopress.it\\\/2009\\\/10\\\/06\\\/per-chi-cerca-lavoro-nella-pubblica-amministrazione\\\/#breadcrumb\"},\"inLanguage\":\"fr-FR\",\"potentialAction\":[{\"@type\":\"ReadAction\",\"target\":[\"https:\\\/\\\/www.bellunopress.it\\\/2009\\\/10\\\/06\\\/per-chi-cerca-lavoro-nella-pubblica-amministrazione\\\/\"]}]},{\"@type\":\"BreadcrumbList\",\"@id\":\"https:\\\/\\\/www.bellunopress.it\\\/2009\\\/10\\\/06\\\/per-chi-cerca-lavoro-nella-pubblica-amministrazione\\\/#breadcrumb\",\"itemListElement\":[{\"@type\":\"ListItem\",\"position\":1,\"name\":\"Home\",\"item\":\"https:\\\/\\\/www.bellunopress.it\\\/\"},{\"@type\":\"ListItem\",\"position\":2,\"name\":\"Per chi cerca lavoro nella pubblica amministrazione\"}]},{\"@type\":\"WebSite\",\"@id\":\"https:\\\/\\\/www.bellunopress.it\\\/#website\",\"url\":\"https:\\\/\\\/www.bellunopress.it\\\/\",\"name\":\"Bellunopress - Dolomiti\",\"description\":\"e-mail: redazione@bellunopress.it\",\"publisher\":{\"@id\":\"https:\\\/\\\/www.bellunopress.it\\\/#organization\"},\"potentialAction\":[{\"@type\":\"SearchAction\",\"target\":{\"@type\":\"EntryPoint\",\"urlTemplate\":\"https:\\\/\\\/www.bellunopress.it\\\/?s={search_term_string}\"},\"query-input\":{\"@type\":\"PropertyValueSpecification\",\"valueRequired\":true,\"valueName\":\"search_term_string\"}}],\"inLanguage\":\"fr-FR\"},{\"@type\":\"Organization\",\"@id\":\"https:\\\/\\\/www.bellunopress.it\\\/#organization\",\"name\":\"Bellunopress\",\"url\":\"https:\\\/\\\/www.bellunopress.it\\\/\",\"logo\":{\"@type\":\"ImageObject\",\"inLanguage\":\"fr-FR\",\"@id\":\"https:\\\/\\\/www.bellunopress.it\\\/#\\\/schema\\\/logo\\\/image\\\/\",\"url\":\"https:\\\/\\\/www.bellunopress.it\\\/wp-content\\\/uploads\\\/2011\\\/05\\\/cropped-logo-bellunopress-.jpg\",\"contentUrl\":\"https:\\\/\\\/www.bellunopress.it\\\/wp-content\\\/uploads\\\/2011\\\/05\\\/cropped-logo-bellunopress-.jpg\",\"width\":512,\"height\":512,\"caption\":\"Bellunopress\"},\"image\":{\"@id\":\"https:\\\/\\\/www.bellunopress.it\\\/#\\\/schema\\\/logo\\\/image\\\/\"},\"sameAs\":[\"https:\\\/\\\/www.facebook.com\\\/profile.php?id=100008943462799\",\"https:\\\/\\\/x.com\\\/bellunopress\",\"https:\\\/\\\/www.linkedin.com\\\/hp\\\/?dnr=JBzUWaJfMUw8vbXJJ2tVW5-I3jZKvC4wsoxE&amp;amp;amp;amp;amp;amp;trk=nav_responsive_tab_home\",\"https:\\\/\\\/www.youtube.com\\\/channel\\\/UCxL0wu1uN0_3_7hGG0306cw\"]},{\"@type\":\"Person\",\"@id\":\"https:\\\/\\\/www.bellunopress.it\\\/#\\\/schema\\\/person\\\/79bb06722b37ece1c03d3e94beb30d73\",\"name\":\"redazione\",\"image\":{\"@type\":\"ImageObject\",\"inLanguage\":\"fr-FR\",\"@id\":\"https:\\\/\\\/secure.gravatar.com\\\/avatar\\\/37d968a2e67a6fd04c169c4bdef102d0bc5d31b2546345219e348575eb80e9a0?s=96&d=mm&r=g\",\"url\":\"https:\\\/\\\/secure.gravatar.com\\\/avatar\\\/37d968a2e67a6fd04c169c4bdef102d0bc5d31b2546345219e348575eb80e9a0?s=96&d=mm&r=g\",\"contentUrl\":\"https:\\\/\\\/secure.gravatar.com\\\/avatar\\\/37d968a2e67a6fd04c169c4bdef102d0bc5d31b2546345219e348575eb80e9a0?s=96&d=mm&r=g\",\"caption\":\"redazione\"},\"sameAs\":[\"http:\\\/\\\/www.bellunopress.it\",\"https:\\\/\\\/x.com\\\/bellunopress\"],\"url\":\"https:\\\/\\\/www.bellunopress.it\\\/fr\\\/author\\\/redazione\\\/\"}]}<\/script>\n<!-- \/ Yoast SEO plugin. -->","yoast_head_json":{"title":"Per chi cerca lavoro nella pubblica amministrazione - Bellunopress - Dolomiti","robots":{"index":"index","follow":"follow","max-snippet":"max-snippet:-1","max-image-preview":"max-image-preview:large","max-video-preview":"max-video-preview:-1"},"canonical":"https:\/\/www.bellunopress.it\/fr\/2009\/10\/06\/per-chi-cerca-lavoro-nella-pubblica-amministrazione\/","og_locale":"fr_FR","og_type":"article","og_title":"Per chi cerca lavoro nella pubblica amministrazione - Bellunopress - Dolomiti","og_description":"In collaborazione con Informagiovani del Comune di Belluno (Tel. +39 0437913255 &#8211; Fax. +39 0437913284) pubblichiamo i bandi di concorso nella pubblica amministrazione che interessano il nostro territorio CONCORSI IN PROVINCIA DI BELLUNO COMUNE DI ZOPPE&#8217; DI CADORE Concorso pubblico per soli esami, per la copertura a tempo indeterminato e ad orario pieno\u00a0 di n. [&hellip;]","og_url":"https:\/\/www.bellunopress.it\/fr\/2009\/10\/06\/per-chi-cerca-lavoro-nella-pubblica-amministrazione\/","og_site_name":"Bellunopress - Dolomiti","article_publisher":"https:\/\/www.facebook.com\/profile.php?id=100008943462799","article_published_time":"2009-10-06T17:09:21+00:00","og_image":[{"url":"http:\/\/www.bellunopress.it\/wp-content\/uploads\/2012\/07\/logo-bellunopress-250x250-2012.jpg","type":"","width":"","height":""}],"author":"redazione","twitter_card":"summary_large_image","twitter_creator":"@bellunopress","twitter_site":"@bellunopress","twitter_misc":{"\u00c9crit par":"redazione","Dur\u00e9e de lecture estim\u00e9e":"5 minutes"},"schema":{"@context":"https:\/\/schema.org","@graph":[{"@type":"Article","@id":"https:\/\/www.bellunopress.it\/2009\/10\/06\/per-chi-cerca-lavoro-nella-pubblica-amministrazione\/#article","isPartOf":{"@id":"https:\/\/www.bellunopress.it\/2009\/10\/06\/per-chi-cerca-lavoro-nella-pubblica-amministrazione\/"},"author":{"name":"redazione","@id":"https:\/\/www.bellunopress.it\/#\/schema\/person\/79bb06722b37ece1c03d3e94beb30d73"},"headline":"Per chi cerca lavoro nella pubblica amministrazione","datePublished":"2009-10-06T17:09:21+00:00","mainEntityOfPage":{"@id":"https:\/\/www.bellunopress.it\/2009\/10\/06\/per-chi-cerca-lavoro-nella-pubblica-amministrazione\/"},"wordCount":1121,"publisher":{"@id":"https:\/\/www.bellunopress.it\/#organization"},"keywords":["Belluno","Cadore","Feltre"],"articleSection":["Lavoro, Economia, Turismo","Prima Pagina"],"inLanguage":"fr-FR"},{"@type":"WebPage","@id":"https:\/\/www.bellunopress.it\/2009\/10\/06\/per-chi-cerca-lavoro-nella-pubblica-amministrazione\/","url":"https:\/\/www.bellunopress.it\/2009\/10\/06\/per-chi-cerca-lavoro-nella-pubblica-amministrazione\/","name":"Per chi cerca lavoro nella pubblica amministrazione - Bellunopress - Dolomiti","isPartOf":{"@id":"https:\/\/www.bellunopress.it\/#website"},"datePublished":"2009-10-06T17:09:21+00:00","breadcrumb":{"@id":"https:\/\/www.bellunopress.it\/2009\/10\/06\/per-chi-cerca-lavoro-nella-pubblica-amministrazione\/#breadcrumb"},"inLanguage":"fr-FR","potentialAction":[{"@type":"ReadAction","target":["https:\/\/www.bellunopress.it\/2009\/10\/06\/per-chi-cerca-lavoro-nella-pubblica-amministrazione\/"]}]},{"@type":"BreadcrumbList","@id":"https:\/\/www.bellunopress.it\/2009\/10\/06\/per-chi-cerca-lavoro-nella-pubblica-amministrazione\/#breadcrumb","itemListElement":[{"@type":"ListItem","position":1,"name":"Home","item":"https:\/\/www.bellunopress.it\/"},{"@type":"ListItem","position":2,"name":"Per chi cerca lavoro nella pubblica amministrazione"}]},{"@type":"WebSite","@id":"https:\/\/www.bellunopress.it\/#website","url":"https:\/\/www.bellunopress.it\/","name":"Bellunopress - Dolomiti","description":"e-mail: redazione@bellunopress.it","publisher":{"@id":"https:\/\/www.bellunopress.it\/#organization"},"potentialAction":[{"@type":"SearchAction","target":{"@type":"EntryPoint","urlTemplate":"https:\/\/www.bellunopress.it\/?s={search_term_string}"},"query-input":{"@type":"PropertyValueSpecification","valueRequired":true,"valueName":"search_term_string"}}],"inLanguage":"fr-FR"},{"@type":"Organization","@id":"https:\/\/www.bellunopress.it\/#organization","name":"Bellunopress","url":"https:\/\/www.bellunopress.it\/","logo":{"@type":"ImageObject","inLanguage":"fr-FR","@id":"https:\/\/www.bellunopress.it\/#\/schema\/logo\/image\/","url":"https:\/\/www.bellunopress.it\/wp-content\/uploads\/2011\/05\/cropped-logo-bellunopress-.jpg","contentUrl":"https:\/\/www.bellunopress.it\/wp-content\/uploads\/2011\/05\/cropped-logo-bellunopress-.jpg","width":512,"height":512,"caption":"Bellunopress"},"image":{"@id":"https:\/\/www.bellunopress.it\/#\/schema\/logo\/image\/"},"sameAs":["https:\/\/www.facebook.com\/profile.php?id=100008943462799","https:\/\/x.com\/bellunopress","https:\/\/www.linkedin.com\/hp\/?dnr=JBzUWaJfMUw8vbXJJ2tVW5-I3jZKvC4wsoxE&amp;amp;amp;amp;amp;amp;trk=nav_responsive_tab_home","https:\/\/www.youtube.com\/channel\/UCxL0wu1uN0_3_7hGG0306cw"]},{"@type":"Person","@id":"https:\/\/www.bellunopress.it\/#\/schema\/person\/79bb06722b37ece1c03d3e94beb30d73","name":"r\u00e9daction","image":{"@type":"ImageObject","inLanguage":"fr-FR","@id":"https:\/\/secure.gravatar.com\/avatar\/37d968a2e67a6fd04c169c4bdef102d0bc5d31b2546345219e348575eb80e9a0?s=96&d=mm&r=g","url":"https:\/\/secure.gravatar.com\/avatar\/37d968a2e67a6fd04c169c4bdef102d0bc5d31b2546345219e348575eb80e9a0?s=96&d=mm&r=g","contentUrl":"https:\/\/secure.gravatar.com\/avatar\/37d968a2e67a6fd04c169c4bdef102d0bc5d31b2546345219e348575eb80e9a0?s=96&d=mm&r=g","caption":"redazione"},"sameAs":["http:\/\/www.bellunopress.it","https:\/\/x.com\/bellunopress"],"url":"https:\/\/www.bellunopress.it\/fr\/author\/redazione\/"}]}},"_links":{"self":[{"href":"https:\/\/www.bellunopress.it\/fr\/wp-json\/wp\/v2\/posts\/8707","targetHints":{"allow":["GET"]}}],"collection":[{"href":"https:\/\/www.bellunopress.it\/fr\/wp-json\/wp\/v2\/posts"}],"about":[{"href":"https:\/\/www.bellunopress.it\/fr\/wp-json\/wp\/v2\/types\/post"}],"author":[{"embeddable":true,"href":"https:\/\/www.bellunopress.it\/fr\/wp-json\/wp\/v2\/users\/2"}],"replies":[{"embeddable":true,"href":"https:\/\/www.bellunopress.it\/fr\/wp-json\/wp\/v2\/comments?post=8707"}],"version-history":[{"count":1,"href":"https:\/\/www.bellunopress.it\/fr\/wp-json\/wp\/v2\/posts\/8707\/revisions"}],"predecessor-version":[{"id":8708,"href":"https:\/\/www.bellunopress.it\/fr\/wp-json\/wp\/v2\/posts\/8707\/revisions\/8708"}],"wp:attachment":[{"href":"https:\/\/www.bellunopress.it\/fr\/wp-json\/wp\/v2\/media?parent=8707"}],"wp:term":[{"taxonomy":"category","embeddable":true,"href":"https:\/\/www.bellunopress.it\/fr\/wp-json\/wp\/v2\/categories?post=8707"},{"taxonomy":"post_tag","embeddable":true,"href":"https:\/\/www.bellunopress.it\/fr\/wp-json\/wp\/v2\/tags?post=8707"}],"curies":[{"name":"wp","href":"https:\/\/api.w.org\/{rel}","templated":true}]}}