{"id":8703,"date":"2009-10-06T13:51:48","date_gmt":"2009-10-06T12:51:48","guid":{"rendered":"http:\/\/www.bellunopress.it\/?p=8703"},"modified":"2009-10-06T13:51:48","modified_gmt":"2009-10-06T12:51:48","slug":"san-nicolo-comelico-danta-santo-stefano-e-valle-di-cadore-saranno-risarciti-dei-danni-causati-dal-maltempo-del-settembre-2008","status":"publish","type":"post","link":"https:\/\/www.bellunopress.it\/fr\/2009\/10\/06\/san-nicolo-comelico-danta-santo-stefano-e-valle-di-cadore-saranno-risarciti-dei-danni-causati-dal-maltempo-del-settembre-2008\/","title":{"rendered":"San Nicol\u00f2 Comelico, Danta, Santo Stefano e Valle di Cadore saranno risarciti dei danni causati dal maltempo del settembre 2008"},"content":{"rendered":"<p>\u00abHo approvato con soddisfazione il provvedimento proposto dalla collega Elena Donazzan, assessore alla Protezione civile del Veneto, con il quale la Giunta di Palazzo Balbi ha stabilito in maniera definitiva le localit\u00e0 colpite dal forte maltempo verificatosi nei giorni\u00a0 29 e 30 settembre dell\u2019anno scorso. Si tratta dei Comuni di Danta di Cadore, San Nicol\u00f2 Comelico, Santo Stefano di Cadore e Valle di Cadore per i quali saranno stanziati finanziamenti per andare incontro alle spese sostenute a causa dei danni provocati dal violento fenomeno atmosferico\u00bb. L\u2019assessore regionale Oscar De Bona riferisce cos\u00ec la decisione della giunta di delimitare\u00a0 geograficamente i territori colpiti dal persistente nubifragio d\u2019inizio autunno 2008. In quel periodo infatti, un\u2019ampia area ciclonica aveva convogliato soprattutto sulla montagna bellunese precipitazioni intense e abbondanti con quantitativi tra i 100 e i 180 millimetri di pioggia specie sulle Dolomiti centromeridionali. Le forti raffiche di vento e i nubifragi avevano causato il sollevamento dei tetti di molti fabbricati, lo sradicamento di alberi, il cedimento di tratti stradali, interrompendo sia la viabilit\u00e0 e sia le linee elettriche e telefoniche.<br \/>\n\u00abLa gravit\u00e0 della situazione \u2013 fa presente De Bona &#8211; aveva reso immediata la dichiarazione da parte del presidente Galan dello stato di crisi regionale per i territori dei comuni bellunesi anzidetti e di Gruaro in provincia di Venezia. L\u2019estensione del fenomeno inoltre aveva posto immediatamente in luce la consistenza dei danni patiti dalla popolazione, tanto che la Regione aveva subito richiesto a tali amministrazioni comunali di inviare la quantificazione dei danneggiamenti subiti\u00bb.<\/p>","protected":false},"excerpt":{"rendered":"<p>\u00abHo approvato con soddisfazione il provvedimento proposto dalla collega Elena Donazzan, assessore alla Protezione civile del Veneto, con il quale la Giunta di Palazzo Balbi ha stabilito in maniera definitiva le localit\u00e0 colpite dal forte maltempo verificatosi nei giorni\u00a0 29 e 30 settembre dell\u2019anno scorso. Si tratta dei Comuni di Danta di Cadore, San Nicol\u00f2 [&hellip;]<\/p>\n","protected":false},"author":2,"featured_media":0,"comment_status":"closed","ping_status":"open","sticky":false,"template":"","format":"standard","meta":{"footnotes":""},"categories":[5,26],"tags":[151,63],"class_list":["post-8703","post","type-post","status-publish","format-standard","category-cronaca","category-prima-pagina","tag-cadore","tag-dolomiti"],"yoast_head":"<!-- This site is optimized with the Yoast SEO plugin v28.4 - https:\/\/yoast.com\/product\/yoast-seo-wordpress\/ -->\n<title>San Nicol\u00f2 Comelico, Danta, Santo Stefano e Valle di Cadore saranno risarciti dei danni causati dal maltempo del settembre 2008 - Bellunopress - Dolomiti<\/title>\n<meta name=\"robots\" content=\"index, follow, max-snippet:-1, max-image-preview:large, max-video-preview:-1\" \/>\n<link rel=\"canonical\" href=\"https:\/\/www.bellunopress.it\/fr\/2009\/10\/06\/san-nicolo-comelico-danta-santo-stefano-e-valle-di-cadore-saranno-risarciti-dei-danni-causati-dal-maltempo-del-settembre-2008\/\" \/>\n<meta property=\"og:locale\" content=\"fr_FR\" \/>\n<meta property=\"og:type\" content=\"article\" \/>\n<meta property=\"og:title\" content=\"San Nicol\u00f2 Comelico, Danta, Santo Stefano e Valle di Cadore saranno risarciti dei danni causati dal maltempo del settembre 2008 - Bellunopress - Dolomiti\" \/>\n<meta property=\"og:description\" content=\"\u00abHo approvato con soddisfazione il provvedimento proposto dalla collega Elena Donazzan, assessore alla Protezione civile del Veneto, con il quale la Giunta di Palazzo Balbi ha stabilito in maniera definitiva le localit\u00e0 colpite dal forte maltempo verificatosi nei giorni\u00a0 29 e 30 settembre dell\u2019anno scorso. Si tratta dei Comuni di Danta di Cadore, San Nicol\u00f2 [&hellip;]\" \/>\n<meta property=\"og:url\" content=\"https:\/\/www.bellunopress.it\/fr\/2009\/10\/06\/san-nicolo-comelico-danta-santo-stefano-e-valle-di-cadore-saranno-risarciti-dei-danni-causati-dal-maltempo-del-settembre-2008\/\" \/>\n<meta property=\"og:site_name\" content=\"Bellunopress - Dolomiti\" \/>\n<meta property=\"article:publisher\" content=\"https:\/\/www.facebook.com\/profile.php?id=100008943462799\" \/>\n<meta property=\"article:published_time\" content=\"2009-10-06T12:51:48+00:00\" \/>\n<meta property=\"og:image\" content=\"http:\/\/www.bellunopress.it\/wp-content\/uploads\/2012\/07\/logo-bellunopress-250x250-2012.jpg\" \/>\n<meta name=\"author\" content=\"redazione\" \/>\n<meta name=\"twitter:card\" content=\"summary_large_image\" \/>\n<meta name=\"twitter:creator\" content=\"@bellunopress\" \/>\n<meta name=\"twitter:site\" content=\"@bellunopress\" \/>\n<meta name=\"twitter:label1\" content=\"\u00c9crit par\" \/>\n\t<meta name=\"twitter:data1\" content=\"redazione\" \/>\n\t<meta name=\"twitter:label2\" content=\"Dur\u00e9e de lecture estim\u00e9e\" \/>\n\t<meta name=\"twitter:data2\" content=\"1 minute\" \/>\n<script type=\"application\/ld+json\" class=\"yoast-schema-graph\">{\"@context\":\"https:\\\/\\\/schema.org\",\"@graph\":[{\"@type\":\"Article\",\"@id\":\"https:\\\/\\\/www.bellunopress.it\\\/2009\\\/10\\\/06\\\/san-nicolo-comelico-danta-santo-stefano-e-valle-di-cadore-saranno-risarciti-dei-danni-causati-dal-maltempo-del-settembre-2008\\\/#article\",\"isPartOf\":{\"@id\":\"https:\\\/\\\/www.bellunopress.it\\\/2009\\\/10\\\/06\\\/san-nicolo-comelico-danta-santo-stefano-e-valle-di-cadore-saranno-risarciti-dei-danni-causati-dal-maltempo-del-settembre-2008\\\/\"},\"author\":{\"name\":\"redazione\",\"@id\":\"https:\\\/\\\/www.bellunopress.it\\\/#\\\/schema\\\/person\\\/79bb06722b37ece1c03d3e94beb30d73\"},\"headline\":\"San Nicol\u00f2 Comelico, Danta, Santo Stefano e Valle di Cadore saranno risarciti dei danni causati dal maltempo del settembre 2008\",\"datePublished\":\"2009-10-06T12:51:48+00:00\",\"mainEntityOfPage\":{\"@id\":\"https:\\\/\\\/www.bellunopress.it\\\/2009\\\/10\\\/06\\\/san-nicolo-comelico-danta-santo-stefano-e-valle-di-cadore-saranno-risarciti-dei-danni-causati-dal-maltempo-del-settembre-2008\\\/\"},\"wordCount\":268,\"publisher\":{\"@id\":\"https:\\\/\\\/www.bellunopress.it\\\/#organization\"},\"keywords\":[\"Cadore\",\"Dolomiti\"],\"articleSection\":[\"Cronaca\\\/Politica\",\"Prima Pagina\"],\"inLanguage\":\"fr-FR\"},{\"@type\":\"WebPage\",\"@id\":\"https:\\\/\\\/www.bellunopress.it\\\/2009\\\/10\\\/06\\\/san-nicolo-comelico-danta-santo-stefano-e-valle-di-cadore-saranno-risarciti-dei-danni-causati-dal-maltempo-del-settembre-2008\\\/\",\"url\":\"https:\\\/\\\/www.bellunopress.it\\\/2009\\\/10\\\/06\\\/san-nicolo-comelico-danta-santo-stefano-e-valle-di-cadore-saranno-risarciti-dei-danni-causati-dal-maltempo-del-settembre-2008\\\/\",\"name\":\"San Nicol\u00f2 Comelico, Danta, Santo Stefano e Valle di Cadore saranno risarciti dei danni causati dal maltempo del settembre 2008 - Bellunopress - Dolomiti\",\"isPartOf\":{\"@id\":\"https:\\\/\\\/www.bellunopress.it\\\/#website\"},\"datePublished\":\"2009-10-06T12:51:48+00:00\",\"breadcrumb\":{\"@id\":\"https:\\\/\\\/www.bellunopress.it\\\/2009\\\/10\\\/06\\\/san-nicolo-comelico-danta-santo-stefano-e-valle-di-cadore-saranno-risarciti-dei-danni-causati-dal-maltempo-del-settembre-2008\\\/#breadcrumb\"},\"inLanguage\":\"fr-FR\",\"potentialAction\":[{\"@type\":\"ReadAction\",\"target\":[\"https:\\\/\\\/www.bellunopress.it\\\/2009\\\/10\\\/06\\\/san-nicolo-comelico-danta-santo-stefano-e-valle-di-cadore-saranno-risarciti-dei-danni-causati-dal-maltempo-del-settembre-2008\\\/\"]}]},{\"@type\":\"BreadcrumbList\",\"@id\":\"https:\\\/\\\/www.bellunopress.it\\\/2009\\\/10\\\/06\\\/san-nicolo-comelico-danta-santo-stefano-e-valle-di-cadore-saranno-risarciti-dei-danni-causati-dal-maltempo-del-settembre-2008\\\/#breadcrumb\",\"itemListElement\":[{\"@type\":\"ListItem\",\"position\":1,\"name\":\"Home\",\"item\":\"https:\\\/\\\/www.bellunopress.it\\\/\"},{\"@type\":\"ListItem\",\"position\":2,\"name\":\"San Nicol\u00f2 Comelico, Danta, Santo Stefano e Valle di Cadore saranno risarciti dei danni causati dal maltempo del settembre 2008\"}]},{\"@type\":\"WebSite\",\"@id\":\"https:\\\/\\\/www.bellunopress.it\\\/#website\",\"url\":\"https:\\\/\\\/www.bellunopress.it\\\/\",\"name\":\"Bellunopress - Dolomiti\",\"description\":\"e-mail: redazione@bellunopress.it\",\"publisher\":{\"@id\":\"https:\\\/\\\/www.bellunopress.it\\\/#organization\"},\"potentialAction\":[{\"@type\":\"SearchAction\",\"target\":{\"@type\":\"EntryPoint\",\"urlTemplate\":\"https:\\\/\\\/www.bellunopress.it\\\/?s={search_term_string}\"},\"query-input\":{\"@type\":\"PropertyValueSpecification\",\"valueRequired\":true,\"valueName\":\"search_term_string\"}}],\"inLanguage\":\"fr-FR\"},{\"@type\":\"Organization\",\"@id\":\"https:\\\/\\\/www.bellunopress.it\\\/#organization\",\"name\":\"Bellunopress\",\"url\":\"https:\\\/\\\/www.bellunopress.it\\\/\",\"logo\":{\"@type\":\"ImageObject\",\"inLanguage\":\"fr-FR\",\"@id\":\"https:\\\/\\\/www.bellunopress.it\\\/#\\\/schema\\\/logo\\\/image\\\/\",\"url\":\"https:\\\/\\\/www.bellunopress.it\\\/wp-content\\\/uploads\\\/2011\\\/05\\\/cropped-logo-bellunopress-.jpg\",\"contentUrl\":\"https:\\\/\\\/www.bellunopress.it\\\/wp-content\\\/uploads\\\/2011\\\/05\\\/cropped-logo-bellunopress-.jpg\",\"width\":512,\"height\":512,\"caption\":\"Bellunopress\"},\"image\":{\"@id\":\"https:\\\/\\\/www.bellunopress.it\\\/#\\\/schema\\\/logo\\\/image\\\/\"},\"sameAs\":[\"https:\\\/\\\/www.facebook.com\\\/profile.php?id=100008943462799\",\"https:\\\/\\\/x.com\\\/bellunopress\",\"https:\\\/\\\/www.linkedin.com\\\/hp\\\/?dnr=JBzUWaJfMUw8vbXJJ2tVW5-I3jZKvC4wsoxE&amp;amp;amp;amp;amp;amp;trk=nav_responsive_tab_home\",\"https:\\\/\\\/www.youtube.com\\\/channel\\\/UCxL0wu1uN0_3_7hGG0306cw\"]},{\"@type\":\"Person\",\"@id\":\"https:\\\/\\\/www.bellunopress.it\\\/#\\\/schema\\\/person\\\/79bb06722b37ece1c03d3e94beb30d73\",\"name\":\"redazione\",\"image\":{\"@type\":\"ImageObject\",\"inLanguage\":\"fr-FR\",\"@id\":\"https:\\\/\\\/secure.gravatar.com\\\/avatar\\\/37d968a2e67a6fd04c169c4bdef102d0bc5d31b2546345219e348575eb80e9a0?s=96&d=mm&r=g\",\"url\":\"https:\\\/\\\/secure.gravatar.com\\\/avatar\\\/37d968a2e67a6fd04c169c4bdef102d0bc5d31b2546345219e348575eb80e9a0?s=96&d=mm&r=g\",\"contentUrl\":\"https:\\\/\\\/secure.gravatar.com\\\/avatar\\\/37d968a2e67a6fd04c169c4bdef102d0bc5d31b2546345219e348575eb80e9a0?s=96&d=mm&r=g\",\"caption\":\"redazione\"},\"sameAs\":[\"http:\\\/\\\/www.bellunopress.it\",\"https:\\\/\\\/x.com\\\/bellunopress\"],\"url\":\"https:\\\/\\\/www.bellunopress.it\\\/fr\\\/author\\\/redazione\\\/\"}]}<\/script>\n<!-- \/ Yoast SEO plugin. -->","yoast_head_json":{"title":"San Nicol\u00f2 Comelico, Danta, Santo Stefano e Valle di Cadore saranno risarciti dei danni causati dal maltempo del settembre 2008 - Bellunopress - Dolomiti","robots":{"index":"index","follow":"follow","max-snippet":"max-snippet:-1","max-image-preview":"max-image-preview:large","max-video-preview":"max-video-preview:-1"},"canonical":"https:\/\/www.bellunopress.it\/fr\/2009\/10\/06\/san-nicolo-comelico-danta-santo-stefano-e-valle-di-cadore-saranno-risarciti-dei-danni-causati-dal-maltempo-del-settembre-2008\/","og_locale":"fr_FR","og_type":"article","og_title":"San Nicol\u00f2 Comelico, Danta, Santo Stefano e Valle di Cadore saranno risarciti dei danni causati dal maltempo del settembre 2008 - Bellunopress - Dolomiti","og_description":"\u00abHo approvato con soddisfazione il provvedimento proposto dalla collega Elena Donazzan, assessore alla Protezione civile del Veneto, con il quale la Giunta di Palazzo Balbi ha stabilito in maniera definitiva le localit\u00e0 colpite dal forte maltempo verificatosi nei giorni\u00a0 29 e 30 settembre dell\u2019anno scorso. Si tratta dei Comuni di Danta di Cadore, San Nicol\u00f2 [&hellip;]","og_url":"https:\/\/www.bellunopress.it\/fr\/2009\/10\/06\/san-nicolo-comelico-danta-santo-stefano-e-valle-di-cadore-saranno-risarciti-dei-danni-causati-dal-maltempo-del-settembre-2008\/","og_site_name":"Bellunopress - Dolomiti","article_publisher":"https:\/\/www.facebook.com\/profile.php?id=100008943462799","article_published_time":"2009-10-06T12:51:48+00:00","og_image":[{"url":"http:\/\/www.bellunopress.it\/wp-content\/uploads\/2012\/07\/logo-bellunopress-250x250-2012.jpg","type":"","width":"","height":""}],"author":"redazione","twitter_card":"summary_large_image","twitter_creator":"@bellunopress","twitter_site":"@bellunopress","twitter_misc":{"\u00c9crit par":"redazione","Dur\u00e9e de lecture estim\u00e9e":"1 minute"},"schema":{"@context":"https:\/\/schema.org","@graph":[{"@type":"Article","@id":"https:\/\/www.bellunopress.it\/2009\/10\/06\/san-nicolo-comelico-danta-santo-stefano-e-valle-di-cadore-saranno-risarciti-dei-danni-causati-dal-maltempo-del-settembre-2008\/#article","isPartOf":{"@id":"https:\/\/www.bellunopress.it\/2009\/10\/06\/san-nicolo-comelico-danta-santo-stefano-e-valle-di-cadore-saranno-risarciti-dei-danni-causati-dal-maltempo-del-settembre-2008\/"},"author":{"name":"redazione","@id":"https:\/\/www.bellunopress.it\/#\/schema\/person\/79bb06722b37ece1c03d3e94beb30d73"},"headline":"San Nicol\u00f2 Comelico, Danta, Santo Stefano e Valle di Cadore saranno risarciti dei danni causati dal maltempo del settembre 2008","datePublished":"2009-10-06T12:51:48+00:00","mainEntityOfPage":{"@id":"https:\/\/www.bellunopress.it\/2009\/10\/06\/san-nicolo-comelico-danta-santo-stefano-e-valle-di-cadore-saranno-risarciti-dei-danni-causati-dal-maltempo-del-settembre-2008\/"},"wordCount":268,"publisher":{"@id":"https:\/\/www.bellunopress.it\/#organization"},"keywords":["Cadore","Dolomiti"],"articleSection":["Cronaca\/Politica","Prima Pagina"],"inLanguage":"fr-FR"},{"@type":"WebPage","@id":"https:\/\/www.bellunopress.it\/2009\/10\/06\/san-nicolo-comelico-danta-santo-stefano-e-valle-di-cadore-saranno-risarciti-dei-danni-causati-dal-maltempo-del-settembre-2008\/","url":"https:\/\/www.bellunopress.it\/2009\/10\/06\/san-nicolo-comelico-danta-santo-stefano-e-valle-di-cadore-saranno-risarciti-dei-danni-causati-dal-maltempo-del-settembre-2008\/","name":"San Nicol\u00f2 Comelico, Danta, Santo Stefano e Valle di Cadore saranno risarciti dei danni causati dal maltempo del settembre 2008 - Bellunopress - Dolomiti","isPartOf":{"@id":"https:\/\/www.bellunopress.it\/#website"},"datePublished":"2009-10-06T12:51:48+00:00","breadcrumb":{"@id":"https:\/\/www.bellunopress.it\/2009\/10\/06\/san-nicolo-comelico-danta-santo-stefano-e-valle-di-cadore-saranno-risarciti-dei-danni-causati-dal-maltempo-del-settembre-2008\/#breadcrumb"},"inLanguage":"fr-FR","potentialAction":[{"@type":"ReadAction","target":["https:\/\/www.bellunopress.it\/2009\/10\/06\/san-nicolo-comelico-danta-santo-stefano-e-valle-di-cadore-saranno-risarciti-dei-danni-causati-dal-maltempo-del-settembre-2008\/"]}]},{"@type":"BreadcrumbList","@id":"https:\/\/www.bellunopress.it\/2009\/10\/06\/san-nicolo-comelico-danta-santo-stefano-e-valle-di-cadore-saranno-risarciti-dei-danni-causati-dal-maltempo-del-settembre-2008\/#breadcrumb","itemListElement":[{"@type":"ListItem","position":1,"name":"Home","item":"https:\/\/www.bellunopress.it\/"},{"@type":"ListItem","position":2,"name":"San Nicol\u00f2 Comelico, Danta, Santo Stefano e Valle di Cadore saranno risarciti dei danni causati dal maltempo del settembre 2008"}]},{"@type":"WebSite","@id":"https:\/\/www.bellunopress.it\/#website","url":"https:\/\/www.bellunopress.it\/","name":"Bellunopress - Dolomiti","description":"e-mail: redazione@bellunopress.it","publisher":{"@id":"https:\/\/www.bellunopress.it\/#organization"},"potentialAction":[{"@type":"SearchAction","target":{"@type":"EntryPoint","urlTemplate":"https:\/\/www.bellunopress.it\/?s={search_term_string}"},"query-input":{"@type":"PropertyValueSpecification","valueRequired":true,"valueName":"search_term_string"}}],"inLanguage":"fr-FR"},{"@type":"Organization","@id":"https:\/\/www.bellunopress.it\/#organization","name":"Bellunopress","url":"https:\/\/www.bellunopress.it\/","logo":{"@type":"ImageObject","inLanguage":"fr-FR","@id":"https:\/\/www.bellunopress.it\/#\/schema\/logo\/image\/","url":"https:\/\/www.bellunopress.it\/wp-content\/uploads\/2011\/05\/cropped-logo-bellunopress-.jpg","contentUrl":"https:\/\/www.bellunopress.it\/wp-content\/uploads\/2011\/05\/cropped-logo-bellunopress-.jpg","width":512,"height":512,"caption":"Bellunopress"},"image":{"@id":"https:\/\/www.bellunopress.it\/#\/schema\/logo\/image\/"},"sameAs":["https:\/\/www.facebook.com\/profile.php?id=100008943462799","https:\/\/x.com\/bellunopress","https:\/\/www.linkedin.com\/hp\/?dnr=JBzUWaJfMUw8vbXJJ2tVW5-I3jZKvC4wsoxE&amp;amp;amp;amp;amp;amp;trk=nav_responsive_tab_home","https:\/\/www.youtube.com\/channel\/UCxL0wu1uN0_3_7hGG0306cw"]},{"@type":"Person","@id":"https:\/\/www.bellunopress.it\/#\/schema\/person\/79bb06722b37ece1c03d3e94beb30d73","name":"r\u00e9daction","image":{"@type":"ImageObject","inLanguage":"fr-FR","@id":"https:\/\/secure.gravatar.com\/avatar\/37d968a2e67a6fd04c169c4bdef102d0bc5d31b2546345219e348575eb80e9a0?s=96&d=mm&r=g","url":"https:\/\/secure.gravatar.com\/avatar\/37d968a2e67a6fd04c169c4bdef102d0bc5d31b2546345219e348575eb80e9a0?s=96&d=mm&r=g","contentUrl":"https:\/\/secure.gravatar.com\/avatar\/37d968a2e67a6fd04c169c4bdef102d0bc5d31b2546345219e348575eb80e9a0?s=96&d=mm&r=g","caption":"redazione"},"sameAs":["http:\/\/www.bellunopress.it","https:\/\/x.com\/bellunopress"],"url":"https:\/\/www.bellunopress.it\/fr\/author\/redazione\/"}]}},"_links":{"self":[{"href":"https:\/\/www.bellunopress.it\/fr\/wp-json\/wp\/v2\/posts\/8703","targetHints":{"allow":["GET"]}}],"collection":[{"href":"https:\/\/www.bellunopress.it\/fr\/wp-json\/wp\/v2\/posts"}],"about":[{"href":"https:\/\/www.bellunopress.it\/fr\/wp-json\/wp\/v2\/types\/post"}],"author":[{"embeddable":true,"href":"https:\/\/www.bellunopress.it\/fr\/wp-json\/wp\/v2\/users\/2"}],"replies":[{"embeddable":true,"href":"https:\/\/www.bellunopress.it\/fr\/wp-json\/wp\/v2\/comments?post=8703"}],"version-history":[{"count":1,"href":"https:\/\/www.bellunopress.it\/fr\/wp-json\/wp\/v2\/posts\/8703\/revisions"}],"predecessor-version":[{"id":8704,"href":"https:\/\/www.bellunopress.it\/fr\/wp-json\/wp\/v2\/posts\/8703\/revisions\/8704"}],"wp:attachment":[{"href":"https:\/\/www.bellunopress.it\/fr\/wp-json\/wp\/v2\/media?parent=8703"}],"wp:term":[{"taxonomy":"category","embeddable":true,"href":"https:\/\/www.bellunopress.it\/fr\/wp-json\/wp\/v2\/categories?post=8703"},{"taxonomy":"post_tag","embeddable":true,"href":"https:\/\/www.bellunopress.it\/fr\/wp-json\/wp\/v2\/tags?post=8703"}],"curies":[{"name":"wp","href":"https:\/\/api.w.org\/{rel}","templated":true}]}}