{"id":8701,"date":"2009-10-06T13:48:10","date_gmt":"2009-10-06T12:48:10","guid":{"rendered":"http:\/\/www.bellunopress.it\/?p=8701"},"modified":"2009-10-06T13:48:10","modified_gmt":"2009-10-06T12:48:10","slug":"finanziamenti-per-il-recupero-del-patrimonio-edilizio-dei-centri-storici-minori","status":"publish","type":"post","link":"https:\/\/www.bellunopress.it\/fr\/2009\/10\/06\/finanziamenti-per-il-recupero-del-patrimonio-edilizio-dei-centri-storici-minori\/","title":{"rendered":"Finanziamenti per il recupero del patrimonio edilizio dei centri storici minori"},"content":{"rendered":"<p>Nell\u2019ambito della legge regionale riferita agli interventi a favore dei centri storici dei comuni minori, la giunta veneta ha deliberato una serie di benefici per il recupero del patrimonio edilizio di rilevanza storia ed\u00a0 artistica sia pubblico che privato. \u00abRingrazio il collega Massimo Giorgetti, assessore alle Politiche dei Lavori pubblici \u2013 ha sottolineato Oscar De Bona \u2013 per l\u2019attenzione rivolta all\u2019impegno di enti locali e di singole persone nell\u2019accentuare il pregio di edifici ristrutturandoli e ripristinandone le facciate. In questo modo si incentiva l\u2019azione delle nostre comunit\u00e0 nel salvaguardare e valorizzare i centri storici dei comuni pi\u00f9 piccoli, che spesso sono gioielli sia per quanto riguarda l\u2019architettura e l\u2019urbanistica e sia per il patrimonio culturale e storico che essi racchiudono\u00bb. Nel riparto dell\u2019esercizio finanziario 2009, sulla base delle domande ritenute ammissibili di contributo, sono stati finanziati per la riqualificazione urbana i Comuni di Sovramonte con \u20ac 27.000, Lentiai \u20ac 137.508, Vas \u20ac 24.330, San Gregorio nelle Alpi \u20ac 26.400, Quero\u00a0 \u20ac 96.030, Comelico Superiore\u00a0 \u20ac\u00a0 8.796; mentre a Pieve d\u2019Alpago \u20ac 40.219 per la ristrutturazione di edificio con cambio di destinazione d&#8217;uso da ex latteria e centro culturale e sociale, a Seren del Grappa \u20ac 2.970 per realizzare un murale con stemma e meridiana sulla facciata della sede municipale.\u00a0\u00a0Per quanto riguarda edifici privati, sono state accolte domande di persone di Sovramonte per \u20ac 5.900 e per \u20ac 5.377; Pieve d\u2019Alpago \u20ac 9.511, \u20ac 3.829, \u20ac 9.432, \u20ac 10.040; Zoldo Alto \u20ac 26.300 e \u20ac 33.258; Comelico Superiore \u20ac 4.153, \u20ac 2.428, \u20ac 2.552, \u20ac 17.633; Danta di Cadore \u20ac5.817; Santo Stefano di Cadore \u20ac 9.341; Puos d\u2019Alpago \u20ac 26.448; Tambre \u20ac 7.495; Sospirolo \u20ac 7.873; Arsi\u00e8 \u20ac 11.827; Vigo di Cadore \u20ac 25.425.<\/p>","protected":false},"excerpt":{"rendered":"<p>Nell\u2019ambito della legge regionale riferita agli interventi a favore dei centri storici dei comuni minori, la giunta veneta ha deliberato una serie di benefici per il recupero del patrimonio edilizio di rilevanza storia ed\u00a0 artistica sia pubblico che privato. \u00abRingrazio il collega Massimo Giorgetti, assessore alle Politiche dei Lavori pubblici \u2013 ha sottolineato Oscar De [&hellip;]<\/p>\n","protected":false},"author":2,"featured_media":0,"comment_status":"closed","ping_status":"open","sticky":false,"template":"","format":"standard","meta":{"footnotes":""},"categories":[5,26],"tags":[151,2262],"class_list":["post-8701","post","type-post","status-publish","format-standard","category-cronaca","category-prima-pagina","tag-cadore","tag-zoldo"],"yoast_head":"<!-- This site is optimized with the Yoast SEO plugin v28.4 - https:\/\/yoast.com\/product\/yoast-seo-wordpress\/ -->\n<title>Finanziamenti per il recupero del patrimonio edilizio dei centri storici minori - Bellunopress - Dolomiti<\/title>\n<meta name=\"robots\" content=\"index, follow, max-snippet:-1, max-image-preview:large, max-video-preview:-1\" \/>\n<link rel=\"canonical\" href=\"https:\/\/www.bellunopress.it\/fr\/2009\/10\/06\/finanziamenti-per-il-recupero-del-patrimonio-edilizio-dei-centri-storici-minori\/\" \/>\n<meta property=\"og:locale\" content=\"fr_FR\" \/>\n<meta property=\"og:type\" content=\"article\" \/>\n<meta property=\"og:title\" content=\"Finanziamenti per il recupero del patrimonio edilizio dei centri storici minori - Bellunopress - Dolomiti\" \/>\n<meta property=\"og:description\" content=\"Nell\u2019ambito della legge regionale riferita agli interventi a favore dei centri storici dei comuni minori, la giunta veneta ha deliberato una serie di benefici per il recupero del patrimonio edilizio di rilevanza storia ed\u00a0 artistica sia pubblico che privato. \u00abRingrazio il collega Massimo Giorgetti, assessore alle Politiche dei Lavori pubblici \u2013 ha sottolineato Oscar De [&hellip;]\" \/>\n<meta property=\"og:url\" content=\"https:\/\/www.bellunopress.it\/fr\/2009\/10\/06\/finanziamenti-per-il-recupero-del-patrimonio-edilizio-dei-centri-storici-minori\/\" \/>\n<meta property=\"og:site_name\" content=\"Bellunopress - Dolomiti\" \/>\n<meta property=\"article:publisher\" content=\"https:\/\/www.facebook.com\/profile.php?id=100008943462799\" \/>\n<meta property=\"article:published_time\" content=\"2009-10-06T12:48:10+00:00\" \/>\n<meta property=\"og:image\" content=\"http:\/\/www.bellunopress.it\/wp-content\/uploads\/2012\/07\/logo-bellunopress-250x250-2012.jpg\" \/>\n<meta name=\"author\" content=\"redazione\" \/>\n<meta name=\"twitter:card\" content=\"summary_large_image\" \/>\n<meta name=\"twitter:creator\" content=\"@bellunopress\" \/>\n<meta name=\"twitter:site\" content=\"@bellunopress\" \/>\n<meta name=\"twitter:label1\" content=\"\u00c9crit par\" \/>\n\t<meta name=\"twitter:data1\" content=\"redazione\" \/>\n\t<meta name=\"twitter:label2\" content=\"Dur\u00e9e de lecture estim\u00e9e\" \/>\n\t<meta name=\"twitter:data2\" content=\"1 minute\" \/>\n<script type=\"application\/ld+json\" class=\"yoast-schema-graph\">{\"@context\":\"https:\\\/\\\/schema.org\",\"@graph\":[{\"@type\":\"Article\",\"@id\":\"https:\\\/\\\/www.bellunopress.it\\\/2009\\\/10\\\/06\\\/finanziamenti-per-il-recupero-del-patrimonio-edilizio-dei-centri-storici-minori\\\/#article\",\"isPartOf\":{\"@id\":\"https:\\\/\\\/www.bellunopress.it\\\/2009\\\/10\\\/06\\\/finanziamenti-per-il-recupero-del-patrimonio-edilizio-dei-centri-storici-minori\\\/\"},\"author\":{\"name\":\"redazione\",\"@id\":\"https:\\\/\\\/www.bellunopress.it\\\/#\\\/schema\\\/person\\\/79bb06722b37ece1c03d3e94beb30d73\"},\"headline\":\"Finanziamenti per il recupero del patrimonio edilizio dei centri storici minori\",\"datePublished\":\"2009-10-06T12:48:10+00:00\",\"mainEntityOfPage\":{\"@id\":\"https:\\\/\\\/www.bellunopress.it\\\/2009\\\/10\\\/06\\\/finanziamenti-per-il-recupero-del-patrimonio-edilizio-dei-centri-storici-minori\\\/\"},\"wordCount\":251,\"publisher\":{\"@id\":\"https:\\\/\\\/www.bellunopress.it\\\/#organization\"},\"keywords\":[\"Cadore\",\"zoldo\"],\"articleSection\":[\"Cronaca\\\/Politica\",\"Prima Pagina\"],\"inLanguage\":\"fr-FR\"},{\"@type\":\"WebPage\",\"@id\":\"https:\\\/\\\/www.bellunopress.it\\\/2009\\\/10\\\/06\\\/finanziamenti-per-il-recupero-del-patrimonio-edilizio-dei-centri-storici-minori\\\/\",\"url\":\"https:\\\/\\\/www.bellunopress.it\\\/2009\\\/10\\\/06\\\/finanziamenti-per-il-recupero-del-patrimonio-edilizio-dei-centri-storici-minori\\\/\",\"name\":\"Finanziamenti per il recupero del patrimonio edilizio dei centri storici minori - Bellunopress - Dolomiti\",\"isPartOf\":{\"@id\":\"https:\\\/\\\/www.bellunopress.it\\\/#website\"},\"datePublished\":\"2009-10-06T12:48:10+00:00\",\"breadcrumb\":{\"@id\":\"https:\\\/\\\/www.bellunopress.it\\\/2009\\\/10\\\/06\\\/finanziamenti-per-il-recupero-del-patrimonio-edilizio-dei-centri-storici-minori\\\/#breadcrumb\"},\"inLanguage\":\"fr-FR\",\"potentialAction\":[{\"@type\":\"ReadAction\",\"target\":[\"https:\\\/\\\/www.bellunopress.it\\\/2009\\\/10\\\/06\\\/finanziamenti-per-il-recupero-del-patrimonio-edilizio-dei-centri-storici-minori\\\/\"]}]},{\"@type\":\"BreadcrumbList\",\"@id\":\"https:\\\/\\\/www.bellunopress.it\\\/2009\\\/10\\\/06\\\/finanziamenti-per-il-recupero-del-patrimonio-edilizio-dei-centri-storici-minori\\\/#breadcrumb\",\"itemListElement\":[{\"@type\":\"ListItem\",\"position\":1,\"name\":\"Home\",\"item\":\"https:\\\/\\\/www.bellunopress.it\\\/\"},{\"@type\":\"ListItem\",\"position\":2,\"name\":\"Finanziamenti per il recupero del patrimonio edilizio dei centri storici minori\"}]},{\"@type\":\"WebSite\",\"@id\":\"https:\\\/\\\/www.bellunopress.it\\\/#website\",\"url\":\"https:\\\/\\\/www.bellunopress.it\\\/\",\"name\":\"Bellunopress - Dolomiti\",\"description\":\"e-mail: redazione@bellunopress.it\",\"publisher\":{\"@id\":\"https:\\\/\\\/www.bellunopress.it\\\/#organization\"},\"potentialAction\":[{\"@type\":\"SearchAction\",\"target\":{\"@type\":\"EntryPoint\",\"urlTemplate\":\"https:\\\/\\\/www.bellunopress.it\\\/?s={search_term_string}\"},\"query-input\":{\"@type\":\"PropertyValueSpecification\",\"valueRequired\":true,\"valueName\":\"search_term_string\"}}],\"inLanguage\":\"fr-FR\"},{\"@type\":\"Organization\",\"@id\":\"https:\\\/\\\/www.bellunopress.it\\\/#organization\",\"name\":\"Bellunopress\",\"url\":\"https:\\\/\\\/www.bellunopress.it\\\/\",\"logo\":{\"@type\":\"ImageObject\",\"inLanguage\":\"fr-FR\",\"@id\":\"https:\\\/\\\/www.bellunopress.it\\\/#\\\/schema\\\/logo\\\/image\\\/\",\"url\":\"https:\\\/\\\/www.bellunopress.it\\\/wp-content\\\/uploads\\\/2011\\\/05\\\/cropped-logo-bellunopress-.jpg\",\"contentUrl\":\"https:\\\/\\\/www.bellunopress.it\\\/wp-content\\\/uploads\\\/2011\\\/05\\\/cropped-logo-bellunopress-.jpg\",\"width\":512,\"height\":512,\"caption\":\"Bellunopress\"},\"image\":{\"@id\":\"https:\\\/\\\/www.bellunopress.it\\\/#\\\/schema\\\/logo\\\/image\\\/\"},\"sameAs\":[\"https:\\\/\\\/www.facebook.com\\\/profile.php?id=100008943462799\",\"https:\\\/\\\/x.com\\\/bellunopress\",\"https:\\\/\\\/www.linkedin.com\\\/hp\\\/?dnr=JBzUWaJfMUw8vbXJJ2tVW5-I3jZKvC4wsoxE&amp;amp;amp;amp;amp;amp;trk=nav_responsive_tab_home\",\"https:\\\/\\\/www.youtube.com\\\/channel\\\/UCxL0wu1uN0_3_7hGG0306cw\"]},{\"@type\":\"Person\",\"@id\":\"https:\\\/\\\/www.bellunopress.it\\\/#\\\/schema\\\/person\\\/79bb06722b37ece1c03d3e94beb30d73\",\"name\":\"redazione\",\"image\":{\"@type\":\"ImageObject\",\"inLanguage\":\"fr-FR\",\"@id\":\"https:\\\/\\\/secure.gravatar.com\\\/avatar\\\/37d968a2e67a6fd04c169c4bdef102d0bc5d31b2546345219e348575eb80e9a0?s=96&d=mm&r=g\",\"url\":\"https:\\\/\\\/secure.gravatar.com\\\/avatar\\\/37d968a2e67a6fd04c169c4bdef102d0bc5d31b2546345219e348575eb80e9a0?s=96&d=mm&r=g\",\"contentUrl\":\"https:\\\/\\\/secure.gravatar.com\\\/avatar\\\/37d968a2e67a6fd04c169c4bdef102d0bc5d31b2546345219e348575eb80e9a0?s=96&d=mm&r=g\",\"caption\":\"redazione\"},\"sameAs\":[\"http:\\\/\\\/www.bellunopress.it\",\"https:\\\/\\\/x.com\\\/bellunopress\"],\"url\":\"https:\\\/\\\/www.bellunopress.it\\\/fr\\\/author\\\/redazione\\\/\"}]}<\/script>\n<!-- \/ Yoast SEO plugin. -->","yoast_head_json":{"title":"Finanziamenti per il recupero del patrimonio edilizio dei centri storici minori - Bellunopress - Dolomiti","robots":{"index":"index","follow":"follow","max-snippet":"max-snippet:-1","max-image-preview":"max-image-preview:large","max-video-preview":"max-video-preview:-1"},"canonical":"https:\/\/www.bellunopress.it\/fr\/2009\/10\/06\/finanziamenti-per-il-recupero-del-patrimonio-edilizio-dei-centri-storici-minori\/","og_locale":"fr_FR","og_type":"article","og_title":"Finanziamenti per il recupero del patrimonio edilizio dei centri storici minori - Bellunopress - Dolomiti","og_description":"Nell\u2019ambito della legge regionale riferita agli interventi a favore dei centri storici dei comuni minori, la giunta veneta ha deliberato una serie di benefici per il recupero del patrimonio edilizio di rilevanza storia ed\u00a0 artistica sia pubblico che privato. \u00abRingrazio il collega Massimo Giorgetti, assessore alle Politiche dei Lavori pubblici \u2013 ha sottolineato Oscar De [&hellip;]","og_url":"https:\/\/www.bellunopress.it\/fr\/2009\/10\/06\/finanziamenti-per-il-recupero-del-patrimonio-edilizio-dei-centri-storici-minori\/","og_site_name":"Bellunopress - Dolomiti","article_publisher":"https:\/\/www.facebook.com\/profile.php?id=100008943462799","article_published_time":"2009-10-06T12:48:10+00:00","og_image":[{"url":"http:\/\/www.bellunopress.it\/wp-content\/uploads\/2012\/07\/logo-bellunopress-250x250-2012.jpg","type":"","width":"","height":""}],"author":"redazione","twitter_card":"summary_large_image","twitter_creator":"@bellunopress","twitter_site":"@bellunopress","twitter_misc":{"\u00c9crit par":"redazione","Dur\u00e9e de lecture estim\u00e9e":"1 minute"},"schema":{"@context":"https:\/\/schema.org","@graph":[{"@type":"Article","@id":"https:\/\/www.bellunopress.it\/2009\/10\/06\/finanziamenti-per-il-recupero-del-patrimonio-edilizio-dei-centri-storici-minori\/#article","isPartOf":{"@id":"https:\/\/www.bellunopress.it\/2009\/10\/06\/finanziamenti-per-il-recupero-del-patrimonio-edilizio-dei-centri-storici-minori\/"},"author":{"name":"redazione","@id":"https:\/\/www.bellunopress.it\/#\/schema\/person\/79bb06722b37ece1c03d3e94beb30d73"},"headline":"Finanziamenti per il recupero del patrimonio edilizio dei centri storici minori","datePublished":"2009-10-06T12:48:10+00:00","mainEntityOfPage":{"@id":"https:\/\/www.bellunopress.it\/2009\/10\/06\/finanziamenti-per-il-recupero-del-patrimonio-edilizio-dei-centri-storici-minori\/"},"wordCount":251,"publisher":{"@id":"https:\/\/www.bellunopress.it\/#organization"},"keywords":["Cadore","zoldo"],"articleSection":["Cronaca\/Politica","Prima Pagina"],"inLanguage":"fr-FR"},{"@type":"WebPage","@id":"https:\/\/www.bellunopress.it\/2009\/10\/06\/finanziamenti-per-il-recupero-del-patrimonio-edilizio-dei-centri-storici-minori\/","url":"https:\/\/www.bellunopress.it\/2009\/10\/06\/finanziamenti-per-il-recupero-del-patrimonio-edilizio-dei-centri-storici-minori\/","name":"Finanziamenti per il recupero del patrimonio edilizio dei centri storici minori - Bellunopress - Dolomiti","isPartOf":{"@id":"https:\/\/www.bellunopress.it\/#website"},"datePublished":"2009-10-06T12:48:10+00:00","breadcrumb":{"@id":"https:\/\/www.bellunopress.it\/2009\/10\/06\/finanziamenti-per-il-recupero-del-patrimonio-edilizio-dei-centri-storici-minori\/#breadcrumb"},"inLanguage":"fr-FR","potentialAction":[{"@type":"ReadAction","target":["https:\/\/www.bellunopress.it\/2009\/10\/06\/finanziamenti-per-il-recupero-del-patrimonio-edilizio-dei-centri-storici-minori\/"]}]},{"@type":"BreadcrumbList","@id":"https:\/\/www.bellunopress.it\/2009\/10\/06\/finanziamenti-per-il-recupero-del-patrimonio-edilizio-dei-centri-storici-minori\/#breadcrumb","itemListElement":[{"@type":"ListItem","position":1,"name":"Home","item":"https:\/\/www.bellunopress.it\/"},{"@type":"ListItem","position":2,"name":"Finanziamenti per il recupero del patrimonio edilizio dei centri storici minori"}]},{"@type":"WebSite","@id":"https:\/\/www.bellunopress.it\/#website","url":"https:\/\/www.bellunopress.it\/","name":"Bellunopress - Dolomiti","description":"e-mail: redazione@bellunopress.it","publisher":{"@id":"https:\/\/www.bellunopress.it\/#organization"},"potentialAction":[{"@type":"SearchAction","target":{"@type":"EntryPoint","urlTemplate":"https:\/\/www.bellunopress.it\/?s={search_term_string}"},"query-input":{"@type":"PropertyValueSpecification","valueRequired":true,"valueName":"search_term_string"}}],"inLanguage":"fr-FR"},{"@type":"Organization","@id":"https:\/\/www.bellunopress.it\/#organization","name":"Bellunopress","url":"https:\/\/www.bellunopress.it\/","logo":{"@type":"ImageObject","inLanguage":"fr-FR","@id":"https:\/\/www.bellunopress.it\/#\/schema\/logo\/image\/","url":"https:\/\/www.bellunopress.it\/wp-content\/uploads\/2011\/05\/cropped-logo-bellunopress-.jpg","contentUrl":"https:\/\/www.bellunopress.it\/wp-content\/uploads\/2011\/05\/cropped-logo-bellunopress-.jpg","width":512,"height":512,"caption":"Bellunopress"},"image":{"@id":"https:\/\/www.bellunopress.it\/#\/schema\/logo\/image\/"},"sameAs":["https:\/\/www.facebook.com\/profile.php?id=100008943462799","https:\/\/x.com\/bellunopress","https:\/\/www.linkedin.com\/hp\/?dnr=JBzUWaJfMUw8vbXJJ2tVW5-I3jZKvC4wsoxE&amp;amp;amp;amp;amp;amp;trk=nav_responsive_tab_home","https:\/\/www.youtube.com\/channel\/UCxL0wu1uN0_3_7hGG0306cw"]},{"@type":"Person","@id":"https:\/\/www.bellunopress.it\/#\/schema\/person\/79bb06722b37ece1c03d3e94beb30d73","name":"r\u00e9daction","image":{"@type":"ImageObject","inLanguage":"fr-FR","@id":"https:\/\/secure.gravatar.com\/avatar\/37d968a2e67a6fd04c169c4bdef102d0bc5d31b2546345219e348575eb80e9a0?s=96&d=mm&r=g","url":"https:\/\/secure.gravatar.com\/avatar\/37d968a2e67a6fd04c169c4bdef102d0bc5d31b2546345219e348575eb80e9a0?s=96&d=mm&r=g","contentUrl":"https:\/\/secure.gravatar.com\/avatar\/37d968a2e67a6fd04c169c4bdef102d0bc5d31b2546345219e348575eb80e9a0?s=96&d=mm&r=g","caption":"redazione"},"sameAs":["http:\/\/www.bellunopress.it","https:\/\/x.com\/bellunopress"],"url":"https:\/\/www.bellunopress.it\/fr\/author\/redazione\/"}]}},"_links":{"self":[{"href":"https:\/\/www.bellunopress.it\/fr\/wp-json\/wp\/v2\/posts\/8701","targetHints":{"allow":["GET"]}}],"collection":[{"href":"https:\/\/www.bellunopress.it\/fr\/wp-json\/wp\/v2\/posts"}],"about":[{"href":"https:\/\/www.bellunopress.it\/fr\/wp-json\/wp\/v2\/types\/post"}],"author":[{"embeddable":true,"href":"https:\/\/www.bellunopress.it\/fr\/wp-json\/wp\/v2\/users\/2"}],"replies":[{"embeddable":true,"href":"https:\/\/www.bellunopress.it\/fr\/wp-json\/wp\/v2\/comments?post=8701"}],"version-history":[{"count":1,"href":"https:\/\/www.bellunopress.it\/fr\/wp-json\/wp\/v2\/posts\/8701\/revisions"}],"predecessor-version":[{"id":8702,"href":"https:\/\/www.bellunopress.it\/fr\/wp-json\/wp\/v2\/posts\/8701\/revisions\/8702"}],"wp:attachment":[{"href":"https:\/\/www.bellunopress.it\/fr\/wp-json\/wp\/v2\/media?parent=8701"}],"wp:term":[{"taxonomy":"category","embeddable":true,"href":"https:\/\/www.bellunopress.it\/fr\/wp-json\/wp\/v2\/categories?post=8701"},{"taxonomy":"post_tag","embeddable":true,"href":"https:\/\/www.bellunopress.it\/fr\/wp-json\/wp\/v2\/tags?post=8701"}],"curies":[{"name":"wp","href":"https:\/\/api.w.org\/{rel}","templated":true}]}}