{"id":8695,"date":"2009-10-06T10:49:07","date_gmt":"2009-10-06T09:49:07","guid":{"rendered":"http:\/\/www.bellunopress.it\/?p=8695"},"modified":"2009-10-06T10:49:07","modified_gmt":"2009-10-06T09:49:07","slug":"energia-pulita-un-progetto-per-conoscere-il-potenziale-delle-biomasse","status":"publish","type":"post","link":"https:\/\/www.bellunopress.it\/fr\/2009\/10\/06\/energia-pulita-un-progetto-per-conoscere-il-potenziale-delle-biomasse\/","title":{"rendered":"Energia pulita, un progetto per conoscere il potenziale delle biomasse"},"content":{"rendered":"<figure id=\"attachment_2222\" aria-describedby=\"caption-attachment-2222\" style=\"width: 94px\" class=\"wp-caption alignleft\"><a href=\"http:\/\/www.bellunopress.it\/wp-content\/uploads\/2009\/04\/giovanni-piccoli.jpg\"><img loading=\"lazy\" decoding=\"async\" class=\"size-medium wp-image-2222\" title=\"giovanni-piccoli presidente del Consorzio Bim Piave\" src=\"http:\/\/www.bellunopress.it\/wp-content\/uploads\/2009\/04\/giovanni-piccoli.jpg\" alt=\"Giovanni Piccoli presidente del Consorzio Bim Piave\" width=\"94\" height=\"138\" \/><\/a><figcaption id=\"caption-attachment-2222\" class=\"wp-caption-text\">Giovanni Piccoli presidente del Consorzio Bim Piave<\/figcaption><\/figure>\n<p>Si chiama NESBA e mette insieme gli Ispettorati Forestali di Vipiteno (BZ) e Steinach (Austria) ed il Consorzio Bim Piave di Belluno, oltre ai Comuni di Gries am Brenner (Austria) e Obernberg am Brenner (Austria) e alla Direzione Foreste ed Economia Montana della Regione Veneto. I boschi sono il \u201cpetrolio\u201d verde del territorio alpino. Possono essere un\u2019importante fonte di produzione di energia pulita, utile allo sviluppo economico della montagna. Ma qual \u00e8 il potenziale delle cosiddette biomasse? Quali sono i modelli per il loro utilizzo? Come si pu\u00f2 conciliare la coltivazione di malghe e pascoli con la produzione capillare di energia da biomassa legnosa, ovviamente nel rispetto del paesaggio naturale e dell\u2019ambiente? Sono, questi, alcuni degli interrogativi ai quali si tenter\u00e0 di dare una risposta con il Progetto Interreg IV tra Italia e Austria (NESBA) che mette insieme gli Ispettorati Forestali di Vipiteno (BZ) e Steinach (Austria) ed il Consorzio Bim Piave di Belluno, oltre ai Comuni di Gries am Brenner (Austria) e Obernberg am Brenner (Austria) e alla Direzione Foreste ed Economia Montana della Regione Veneto.\u00a0 Nei giorni scorsi c\u2019\u00e8 stato un incontro presso la sede del Consorzio Bim Piave, il primo in provincia di Belluno, al quale hanno partecipato i rappresentanti dei partner dell\u2019iniziativa: Helmut Gassebner, direttore dell\u2019Ispettorato Forestale del Tirolo; Sigmund Franz, direttore dell\u2019Ispettorato Forestale di Vipiteno; Maurizio Dissegna, dirigente della Regione Veneto; Stefano Savaris, segretario del Consorzio Bim Piave; Orazio Andrich, tecnico incaricato del coordinamento della parte bellunese del progetto; Joachim Hofman, tecnico incaricato del coordinamento transfrontaliero del progetto. E\u2019 stata, questa, l\u2019occasione per fare il punto della situazione del progetto stesso e, soprattutto, degli interventi in atto. Il primo riguarda l\u2019area della Val di Gares, in Comune di Canale d\u2019Agordo. Qui si sta intervenendo in una zona boschiva non servita da strade di collegamento e \u201cdanneggiata\u201d dalle abbondanti nevicate dell\u2019inverno scorso. Recuperando gli alberi abbattuti anche con l\u2019utilizzo dell\u2019elicottero e immettendo piante giovani per la conservazione del bosco. L\u2019obiettivo, detto in termini molto semplici, \u00e8 di studiare e definire dei modelli di intervento che permettano di conoscere i costi e le tecniche pi\u00f9 adatte. Quanto costa recuperare gli alberi in zone disagevoli di alta montagna? Sarebbe un\u2019azione economicamente sostenibile in un\u2019ottica di utilizzo della biomassa legnosa per la produzione di energia pulita? L\u2019intervento in Val di Gares servir\u00e0 per dare una risposta esaustiva a questi e altri interrogativi. \u00abPoich\u00e9 nel concetto di rinnovabilit\u00e0 di una fonte energetica \u00e8 insita anche la sostenibilit\u00e0 ambientale \u2013 commenta Giovanni Piccoli, presidente del Consorzio Bim Piave &#8211; sar\u00e0 necessario che le biomasse, con particolare riferimento a quelle di origine forestale, provengano da pratiche aventi impatto ambientale trascurabile, se non addirittura nullo come sono proprio le operazioni di manutenzione boschiva\u00bb. Successivamente il progetto NESBA prevede altri due interventi analoghi, ma in zone diverse. Uno in Cadore, dove si provveder\u00e0 al recupero e al ripristino dei pascoli in aree invase dalla vegetazione. L\u2019altro in Alpago, dove teoricamente l\u2019approvvigionamento dovrebbe essere meno problematico. \u00ab Dopo di che \u2013 precisa Giovanni Piccoli \u2013 ad esito di questo progetto che prevede studi e sperimentazioni sulla coltivazione della biomassa, provvederemo anche alla realizzazione di alcuni impianti a biomasse, resi ora economicamente sostenibili in virt\u00f9 di nuovi provvedimenti legislativi in materia. Non solo. Si tratta di opere e progetti che i Comuni Bellunesi, da soli, non sarebbero mai in grado di realizzare. In un momento di difficolt\u00e0 economica anche per gli enti locali \u2013 conclude Giovanni Piccoli \u2013 \u00e8 perci\u00f2 indispensabile cogliere tutte le opportunit\u00e0 messe a disposizione dall\u2019Unione Europea, non solo nell\u2019ambito delle energie rinnovabili. A questo proposito, la realizzazione del progetto NESBA \u00e8 un\u2019altra conferma di quanto gi\u00e0 dichiarato dal governatore Giancarlo Galan: il Veneto \u00e8 la prima regione italiana come capacit\u00e0 di spesa e reale attuazione di ci\u00f2 che giunge dall\u2019Europa: chiede e ottiene contributi comunitari perch\u00e9 i suoi progetti sono credibili, utili al territorio e sono effettivamente realizzati\u00bb.<\/p>","protected":false},"excerpt":{"rendered":"<p>Si chiama NESBA e mette insieme gli Ispettorati Forestali di Vipiteno (BZ) e Steinach (Austria) ed il Consorzio Bim Piave di Belluno, oltre ai Comuni di Gries am Brenner (Austria) e Obernberg am Brenner (Austria) e alla Direzione Foreste ed Economia Montana della Regione Veneto. I boschi sono il \u201cpetrolio\u201d verde del territorio alpino. Possono [&hellip;]<\/p>\n","protected":false},"author":2,"featured_media":0,"comment_status":"closed","ping_status":"open","sticky":false,"template":"","format":"standard","meta":{"footnotes":""},"categories":[5,26],"tags":[139,151],"class_list":["post-8695","post","type-post","status-publish","format-standard","category-cronaca","category-prima-pagina","tag-belluno","tag-cadore"],"yoast_head":"<!-- This site is optimized with the Yoast SEO plugin v28.4 - https:\/\/yoast.com\/product\/yoast-seo-wordpress\/ -->\n<title>Energia pulita, un progetto per conoscere il potenziale delle biomasse - Bellunopress - Dolomiti<\/title>\n<meta name=\"robots\" content=\"index, follow, max-snippet:-1, max-image-preview:large, max-video-preview:-1\" \/>\n<link rel=\"canonical\" href=\"https:\/\/www.bellunopress.it\/fr\/2009\/10\/06\/energia-pulita-un-progetto-per-conoscere-il-potenziale-delle-biomasse\/\" \/>\n<meta property=\"og:locale\" content=\"fr_FR\" \/>\n<meta property=\"og:type\" content=\"article\" \/>\n<meta property=\"og:title\" content=\"Energia pulita, un progetto per conoscere il potenziale delle biomasse - Bellunopress - Dolomiti\" \/>\n<meta property=\"og:description\" content=\"Si chiama NESBA e mette insieme gli Ispettorati Forestali di Vipiteno (BZ) e Steinach (Austria) ed il Consorzio Bim Piave di Belluno, oltre ai Comuni di Gries am Brenner (Austria) e Obernberg am Brenner (Austria) e alla Direzione Foreste ed Economia Montana della Regione Veneto. I boschi sono il \u201cpetrolio\u201d verde del territorio alpino. Possono [&hellip;]\" \/>\n<meta property=\"og:url\" content=\"https:\/\/www.bellunopress.it\/fr\/2009\/10\/06\/energia-pulita-un-progetto-per-conoscere-il-potenziale-delle-biomasse\/\" \/>\n<meta property=\"og:site_name\" content=\"Bellunopress - Dolomiti\" \/>\n<meta property=\"article:publisher\" content=\"https:\/\/www.facebook.com\/profile.php?id=100008943462799\" \/>\n<meta property=\"article:published_time\" content=\"2009-10-06T09:49:07+00:00\" \/>\n<meta property=\"og:image\" content=\"http:\/\/www.bellunopress.it\/wp-content\/uploads\/2009\/04\/giovanni-piccoli.jpg\" \/>\n<meta name=\"author\" content=\"redazione\" \/>\n<meta name=\"twitter:card\" content=\"summary_large_image\" \/>\n<meta name=\"twitter:creator\" content=\"@bellunopress\" \/>\n<meta name=\"twitter:site\" content=\"@bellunopress\" \/>\n<meta name=\"twitter:label1\" content=\"\u00c9crit par\" \/>\n\t<meta name=\"twitter:data1\" content=\"redazione\" \/>\n\t<meta name=\"twitter:label2\" content=\"Dur\u00e9e de lecture estim\u00e9e\" \/>\n\t<meta name=\"twitter:data2\" content=\"3 minutes\" \/>\n<script type=\"application\/ld+json\" class=\"yoast-schema-graph\">{\"@context\":\"https:\\\/\\\/schema.org\",\"@graph\":[{\"@type\":\"Article\",\"@id\":\"https:\\\/\\\/www.bellunopress.it\\\/2009\\\/10\\\/06\\\/energia-pulita-un-progetto-per-conoscere-il-potenziale-delle-biomasse\\\/#article\",\"isPartOf\":{\"@id\":\"https:\\\/\\\/www.bellunopress.it\\\/2009\\\/10\\\/06\\\/energia-pulita-un-progetto-per-conoscere-il-potenziale-delle-biomasse\\\/\"},\"author\":{\"name\":\"redazione\",\"@id\":\"https:\\\/\\\/www.bellunopress.it\\\/#\\\/schema\\\/person\\\/79bb06722b37ece1c03d3e94beb30d73\"},\"headline\":\"Energia pulita, un progetto per conoscere il potenziale delle biomasse\",\"datePublished\":\"2009-10-06T09:49:07+00:00\",\"mainEntityOfPage\":{\"@id\":\"https:\\\/\\\/www.bellunopress.it\\\/2009\\\/10\\\/06\\\/energia-pulita-un-progetto-per-conoscere-il-potenziale-delle-biomasse\\\/\"},\"wordCount\":680,\"publisher\":{\"@id\":\"https:\\\/\\\/www.bellunopress.it\\\/#organization\"},\"image\":{\"@id\":\"https:\\\/\\\/www.bellunopress.it\\\/2009\\\/10\\\/06\\\/energia-pulita-un-progetto-per-conoscere-il-potenziale-delle-biomasse\\\/#primaryimage\"},\"thumbnailUrl\":\"http:\\\/\\\/www.bellunopress.it\\\/wp-content\\\/uploads\\\/2009\\\/04\\\/giovanni-piccoli.jpg\",\"keywords\":[\"Belluno\",\"Cadore\"],\"articleSection\":[\"Cronaca\\\/Politica\",\"Prima Pagina\"],\"inLanguage\":\"fr-FR\"},{\"@type\":\"WebPage\",\"@id\":\"https:\\\/\\\/www.bellunopress.it\\\/2009\\\/10\\\/06\\\/energia-pulita-un-progetto-per-conoscere-il-potenziale-delle-biomasse\\\/\",\"url\":\"https:\\\/\\\/www.bellunopress.it\\\/2009\\\/10\\\/06\\\/energia-pulita-un-progetto-per-conoscere-il-potenziale-delle-biomasse\\\/\",\"name\":\"Energia pulita, un progetto per conoscere il potenziale delle biomasse - Bellunopress - Dolomiti\",\"isPartOf\":{\"@id\":\"https:\\\/\\\/www.bellunopress.it\\\/#website\"},\"primaryImageOfPage\":{\"@id\":\"https:\\\/\\\/www.bellunopress.it\\\/2009\\\/10\\\/06\\\/energia-pulita-un-progetto-per-conoscere-il-potenziale-delle-biomasse\\\/#primaryimage\"},\"image\":{\"@id\":\"https:\\\/\\\/www.bellunopress.it\\\/2009\\\/10\\\/06\\\/energia-pulita-un-progetto-per-conoscere-il-potenziale-delle-biomasse\\\/#primaryimage\"},\"thumbnailUrl\":\"http:\\\/\\\/www.bellunopress.it\\\/wp-content\\\/uploads\\\/2009\\\/04\\\/giovanni-piccoli.jpg\",\"datePublished\":\"2009-10-06T09:49:07+00:00\",\"breadcrumb\":{\"@id\":\"https:\\\/\\\/www.bellunopress.it\\\/2009\\\/10\\\/06\\\/energia-pulita-un-progetto-per-conoscere-il-potenziale-delle-biomasse\\\/#breadcrumb\"},\"inLanguage\":\"fr-FR\",\"potentialAction\":[{\"@type\":\"ReadAction\",\"target\":[\"https:\\\/\\\/www.bellunopress.it\\\/2009\\\/10\\\/06\\\/energia-pulita-un-progetto-per-conoscere-il-potenziale-delle-biomasse\\\/\"]}]},{\"@type\":\"ImageObject\",\"inLanguage\":\"fr-FR\",\"@id\":\"https:\\\/\\\/www.bellunopress.it\\\/2009\\\/10\\\/06\\\/energia-pulita-un-progetto-per-conoscere-il-potenziale-delle-biomasse\\\/#primaryimage\",\"url\":\"http:\\\/\\\/www.bellunopress.it\\\/wp-content\\\/uploads\\\/2009\\\/04\\\/giovanni-piccoli.jpg\",\"contentUrl\":\"http:\\\/\\\/www.bellunopress.it\\\/wp-content\\\/uploads\\\/2009\\\/04\\\/giovanni-piccoli.jpg\"},{\"@type\":\"BreadcrumbList\",\"@id\":\"https:\\\/\\\/www.bellunopress.it\\\/2009\\\/10\\\/06\\\/energia-pulita-un-progetto-per-conoscere-il-potenziale-delle-biomasse\\\/#breadcrumb\",\"itemListElement\":[{\"@type\":\"ListItem\",\"position\":1,\"name\":\"Home\",\"item\":\"https:\\\/\\\/www.bellunopress.it\\\/\"},{\"@type\":\"ListItem\",\"position\":2,\"name\":\"Energia pulita, un progetto per conoscere il potenziale delle biomasse\"}]},{\"@type\":\"WebSite\",\"@id\":\"https:\\\/\\\/www.bellunopress.it\\\/#website\",\"url\":\"https:\\\/\\\/www.bellunopress.it\\\/\",\"name\":\"Bellunopress - Dolomiti\",\"description\":\"e-mail: redazione@bellunopress.it\",\"publisher\":{\"@id\":\"https:\\\/\\\/www.bellunopress.it\\\/#organization\"},\"potentialAction\":[{\"@type\":\"SearchAction\",\"target\":{\"@type\":\"EntryPoint\",\"urlTemplate\":\"https:\\\/\\\/www.bellunopress.it\\\/?s={search_term_string}\"},\"query-input\":{\"@type\":\"PropertyValueSpecification\",\"valueRequired\":true,\"valueName\":\"search_term_string\"}}],\"inLanguage\":\"fr-FR\"},{\"@type\":\"Organization\",\"@id\":\"https:\\\/\\\/www.bellunopress.it\\\/#organization\",\"name\":\"Bellunopress\",\"url\":\"https:\\\/\\\/www.bellunopress.it\\\/\",\"logo\":{\"@type\":\"ImageObject\",\"inLanguage\":\"fr-FR\",\"@id\":\"https:\\\/\\\/www.bellunopress.it\\\/#\\\/schema\\\/logo\\\/image\\\/\",\"url\":\"https:\\\/\\\/www.bellunopress.it\\\/wp-content\\\/uploads\\\/2011\\\/05\\\/cropped-logo-bellunopress-.jpg\",\"contentUrl\":\"https:\\\/\\\/www.bellunopress.it\\\/wp-content\\\/uploads\\\/2011\\\/05\\\/cropped-logo-bellunopress-.jpg\",\"width\":512,\"height\":512,\"caption\":\"Bellunopress\"},\"image\":{\"@id\":\"https:\\\/\\\/www.bellunopress.it\\\/#\\\/schema\\\/logo\\\/image\\\/\"},\"sameAs\":[\"https:\\\/\\\/www.facebook.com\\\/profile.php?id=100008943462799\",\"https:\\\/\\\/x.com\\\/bellunopress\",\"https:\\\/\\\/www.linkedin.com\\\/hp\\\/?dnr=JBzUWaJfMUw8vbXJJ2tVW5-I3jZKvC4wsoxE&amp;amp;amp;amp;amp;amp;trk=nav_responsive_tab_home\",\"https:\\\/\\\/www.youtube.com\\\/channel\\\/UCxL0wu1uN0_3_7hGG0306cw\"]},{\"@type\":\"Person\",\"@id\":\"https:\\\/\\\/www.bellunopress.it\\\/#\\\/schema\\\/person\\\/79bb06722b37ece1c03d3e94beb30d73\",\"name\":\"redazione\",\"image\":{\"@type\":\"ImageObject\",\"inLanguage\":\"fr-FR\",\"@id\":\"https:\\\/\\\/secure.gravatar.com\\\/avatar\\\/37d968a2e67a6fd04c169c4bdef102d0bc5d31b2546345219e348575eb80e9a0?s=96&d=mm&r=g\",\"url\":\"https:\\\/\\\/secure.gravatar.com\\\/avatar\\\/37d968a2e67a6fd04c169c4bdef102d0bc5d31b2546345219e348575eb80e9a0?s=96&d=mm&r=g\",\"contentUrl\":\"https:\\\/\\\/secure.gravatar.com\\\/avatar\\\/37d968a2e67a6fd04c169c4bdef102d0bc5d31b2546345219e348575eb80e9a0?s=96&d=mm&r=g\",\"caption\":\"redazione\"},\"sameAs\":[\"http:\\\/\\\/www.bellunopress.it\",\"https:\\\/\\\/x.com\\\/bellunopress\"],\"url\":\"https:\\\/\\\/www.bellunopress.it\\\/fr\\\/author\\\/redazione\\\/\"}]}<\/script>\n<!-- \/ Yoast SEO plugin. -->","yoast_head_json":{"title":"Energia pulita, un progetto per conoscere il potenziale delle biomasse - Bellunopress - Dolomiti","robots":{"index":"index","follow":"follow","max-snippet":"max-snippet:-1","max-image-preview":"max-image-preview:large","max-video-preview":"max-video-preview:-1"},"canonical":"https:\/\/www.bellunopress.it\/fr\/2009\/10\/06\/energia-pulita-un-progetto-per-conoscere-il-potenziale-delle-biomasse\/","og_locale":"fr_FR","og_type":"article","og_title":"Energia pulita, un progetto per conoscere il potenziale delle biomasse - Bellunopress - Dolomiti","og_description":"Si chiama NESBA e mette insieme gli Ispettorati Forestali di Vipiteno (BZ) e Steinach (Austria) ed il Consorzio Bim Piave di Belluno, oltre ai Comuni di Gries am Brenner (Austria) e Obernberg am Brenner (Austria) e alla Direzione Foreste ed Economia Montana della Regione Veneto. I boschi sono il \u201cpetrolio\u201d verde del territorio alpino. Possono [&hellip;]","og_url":"https:\/\/www.bellunopress.it\/fr\/2009\/10\/06\/energia-pulita-un-progetto-per-conoscere-il-potenziale-delle-biomasse\/","og_site_name":"Bellunopress - Dolomiti","article_publisher":"https:\/\/www.facebook.com\/profile.php?id=100008943462799","article_published_time":"2009-10-06T09:49:07+00:00","og_image":[{"url":"http:\/\/www.bellunopress.it\/wp-content\/uploads\/2009\/04\/giovanni-piccoli.jpg","type":"","width":"","height":""}],"author":"redazione","twitter_card":"summary_large_image","twitter_creator":"@bellunopress","twitter_site":"@bellunopress","twitter_misc":{"\u00c9crit par":"redazione","Dur\u00e9e de lecture estim\u00e9e":"3 minutes"},"schema":{"@context":"https:\/\/schema.org","@graph":[{"@type":"Article","@id":"https:\/\/www.bellunopress.it\/2009\/10\/06\/energia-pulita-un-progetto-per-conoscere-il-potenziale-delle-biomasse\/#article","isPartOf":{"@id":"https:\/\/www.bellunopress.it\/2009\/10\/06\/energia-pulita-un-progetto-per-conoscere-il-potenziale-delle-biomasse\/"},"author":{"name":"redazione","@id":"https:\/\/www.bellunopress.it\/#\/schema\/person\/79bb06722b37ece1c03d3e94beb30d73"},"headline":"Energia pulita, un progetto per conoscere il potenziale delle biomasse","datePublished":"2009-10-06T09:49:07+00:00","mainEntityOfPage":{"@id":"https:\/\/www.bellunopress.it\/2009\/10\/06\/energia-pulita-un-progetto-per-conoscere-il-potenziale-delle-biomasse\/"},"wordCount":680,"publisher":{"@id":"https:\/\/www.bellunopress.it\/#organization"},"image":{"@id":"https:\/\/www.bellunopress.it\/2009\/10\/06\/energia-pulita-un-progetto-per-conoscere-il-potenziale-delle-biomasse\/#primaryimage"},"thumbnailUrl":"http:\/\/www.bellunopress.it\/wp-content\/uploads\/2009\/04\/giovanni-piccoli.jpg","keywords":["Belluno","Cadore"],"articleSection":["Cronaca\/Politica","Prima Pagina"],"inLanguage":"fr-FR"},{"@type":"WebPage","@id":"https:\/\/www.bellunopress.it\/2009\/10\/06\/energia-pulita-un-progetto-per-conoscere-il-potenziale-delle-biomasse\/","url":"https:\/\/www.bellunopress.it\/2009\/10\/06\/energia-pulita-un-progetto-per-conoscere-il-potenziale-delle-biomasse\/","name":"Energia pulita, un progetto per conoscere il potenziale delle biomasse - Bellunopress - Dolomiti","isPartOf":{"@id":"https:\/\/www.bellunopress.it\/#website"},"primaryImageOfPage":{"@id":"https:\/\/www.bellunopress.it\/2009\/10\/06\/energia-pulita-un-progetto-per-conoscere-il-potenziale-delle-biomasse\/#primaryimage"},"image":{"@id":"https:\/\/www.bellunopress.it\/2009\/10\/06\/energia-pulita-un-progetto-per-conoscere-il-potenziale-delle-biomasse\/#primaryimage"},"thumbnailUrl":"http:\/\/www.bellunopress.it\/wp-content\/uploads\/2009\/04\/giovanni-piccoli.jpg","datePublished":"2009-10-06T09:49:07+00:00","breadcrumb":{"@id":"https:\/\/www.bellunopress.it\/2009\/10\/06\/energia-pulita-un-progetto-per-conoscere-il-potenziale-delle-biomasse\/#breadcrumb"},"inLanguage":"fr-FR","potentialAction":[{"@type":"ReadAction","target":["https:\/\/www.bellunopress.it\/2009\/10\/06\/energia-pulita-un-progetto-per-conoscere-il-potenziale-delle-biomasse\/"]}]},{"@type":"ImageObject","inLanguage":"fr-FR","@id":"https:\/\/www.bellunopress.it\/2009\/10\/06\/energia-pulita-un-progetto-per-conoscere-il-potenziale-delle-biomasse\/#primaryimage","url":"http:\/\/www.bellunopress.it\/wp-content\/uploads\/2009\/04\/giovanni-piccoli.jpg","contentUrl":"http:\/\/www.bellunopress.it\/wp-content\/uploads\/2009\/04\/giovanni-piccoli.jpg"},{"@type":"BreadcrumbList","@id":"https:\/\/www.bellunopress.it\/2009\/10\/06\/energia-pulita-un-progetto-per-conoscere-il-potenziale-delle-biomasse\/#breadcrumb","itemListElement":[{"@type":"ListItem","position":1,"name":"Home","item":"https:\/\/www.bellunopress.it\/"},{"@type":"ListItem","position":2,"name":"Energia pulita, un progetto per conoscere il potenziale delle biomasse"}]},{"@type":"WebSite","@id":"https:\/\/www.bellunopress.it\/#website","url":"https:\/\/www.bellunopress.it\/","name":"Bellunopress - Dolomiti","description":"e-mail: redazione@bellunopress.it","publisher":{"@id":"https:\/\/www.bellunopress.it\/#organization"},"potentialAction":[{"@type":"SearchAction","target":{"@type":"EntryPoint","urlTemplate":"https:\/\/www.bellunopress.it\/?s={search_term_string}"},"query-input":{"@type":"PropertyValueSpecification","valueRequired":true,"valueName":"search_term_string"}}],"inLanguage":"fr-FR"},{"@type":"Organization","@id":"https:\/\/www.bellunopress.it\/#organization","name":"Bellunopress","url":"https:\/\/www.bellunopress.it\/","logo":{"@type":"ImageObject","inLanguage":"fr-FR","@id":"https:\/\/www.bellunopress.it\/#\/schema\/logo\/image\/","url":"https:\/\/www.bellunopress.it\/wp-content\/uploads\/2011\/05\/cropped-logo-bellunopress-.jpg","contentUrl":"https:\/\/www.bellunopress.it\/wp-content\/uploads\/2011\/05\/cropped-logo-bellunopress-.jpg","width":512,"height":512,"caption":"Bellunopress"},"image":{"@id":"https:\/\/www.bellunopress.it\/#\/schema\/logo\/image\/"},"sameAs":["https:\/\/www.facebook.com\/profile.php?id=100008943462799","https:\/\/x.com\/bellunopress","https:\/\/www.linkedin.com\/hp\/?dnr=JBzUWaJfMUw8vbXJJ2tVW5-I3jZKvC4wsoxE&amp;amp;amp;amp;amp;amp;trk=nav_responsive_tab_home","https:\/\/www.youtube.com\/channel\/UCxL0wu1uN0_3_7hGG0306cw"]},{"@type":"Person","@id":"https:\/\/www.bellunopress.it\/#\/schema\/person\/79bb06722b37ece1c03d3e94beb30d73","name":"r\u00e9daction","image":{"@type":"ImageObject","inLanguage":"fr-FR","@id":"https:\/\/secure.gravatar.com\/avatar\/37d968a2e67a6fd04c169c4bdef102d0bc5d31b2546345219e348575eb80e9a0?s=96&d=mm&r=g","url":"https:\/\/secure.gravatar.com\/avatar\/37d968a2e67a6fd04c169c4bdef102d0bc5d31b2546345219e348575eb80e9a0?s=96&d=mm&r=g","contentUrl":"https:\/\/secure.gravatar.com\/avatar\/37d968a2e67a6fd04c169c4bdef102d0bc5d31b2546345219e348575eb80e9a0?s=96&d=mm&r=g","caption":"redazione"},"sameAs":["http:\/\/www.bellunopress.it","https:\/\/x.com\/bellunopress"],"url":"https:\/\/www.bellunopress.it\/fr\/author\/redazione\/"}]}},"_links":{"self":[{"href":"https:\/\/www.bellunopress.it\/fr\/wp-json\/wp\/v2\/posts\/8695","targetHints":{"allow":["GET"]}}],"collection":[{"href":"https:\/\/www.bellunopress.it\/fr\/wp-json\/wp\/v2\/posts"}],"about":[{"href":"https:\/\/www.bellunopress.it\/fr\/wp-json\/wp\/v2\/types\/post"}],"author":[{"embeddable":true,"href":"https:\/\/www.bellunopress.it\/fr\/wp-json\/wp\/v2\/users\/2"}],"replies":[{"embeddable":true,"href":"https:\/\/www.bellunopress.it\/fr\/wp-json\/wp\/v2\/comments?post=8695"}],"version-history":[{"count":1,"href":"https:\/\/www.bellunopress.it\/fr\/wp-json\/wp\/v2\/posts\/8695\/revisions"}],"predecessor-version":[{"id":8696,"href":"https:\/\/www.bellunopress.it\/fr\/wp-json\/wp\/v2\/posts\/8695\/revisions\/8696"}],"wp:attachment":[{"href":"https:\/\/www.bellunopress.it\/fr\/wp-json\/wp\/v2\/media?parent=8695"}],"wp:term":[{"taxonomy":"category","embeddable":true,"href":"https:\/\/www.bellunopress.it\/fr\/wp-json\/wp\/v2\/categories?post=8695"},{"taxonomy":"post_tag","embeddable":true,"href":"https:\/\/www.bellunopress.it\/fr\/wp-json\/wp\/v2\/tags?post=8695"}],"curies":[{"name":"wp","href":"https:\/\/api.w.org\/{rel}","templated":true}]}}