{"id":8693,"date":"2009-10-05T19:13:06","date_gmt":"2009-10-05T18:13:06","guid":{"rendered":"http:\/\/www.bellunopress.it\/?p=8693"},"modified":"2009-10-05T19:13:06","modified_gmt":"2009-10-05T18:13:06","slug":"che-donna-sono-che-madre-saro-mercoledi-7-ottobre-la-presentazione-del-corso","status":"publish","type":"post","link":"https:\/\/www.bellunopress.it\/fr\/2009\/10\/05\/che-donna-sono-che-madre-saro-mercoledi-7-ottobre-la-presentazione-del-corso\/","title":{"rendered":"Che donna sono? Che madre sar\u00f2? Mercoled\u00ec 7 ottobre la presentazione del corso"},"content":{"rendered":"<p>\u00a0Mercoled\u00ec 7 ottobre in via Mezzaterra 71presso la sede di Studi associati, preceduta da un piccolo buffet, si terr\u00e0 la presentazione del corso &#8220;InFormazione alla nascita&#8221;. La gravidanza con il parto e la nascita di un figlio sono fra le esperienze pi\u00f9 intense e emozionanti che la donna \u00e8 chiamata ad affrontare durante la propria vita. Grandi cambiamenti fisici e psicologici, l&#8217;acquisizione di nuove responsabilit\u00e0, l&#8217;incertezza delle proprie capacit\u00e0, le forti emozioni&#8230; rappresentano solo una parte del percorso da intraprendere e necessitano di una preparazione personale pensata e condivisa, di un apprendimento di strategie tramite le quali affrontare con serenit\u00e0 il cambiamento. Il corso presentato secondo una modalit\u00e0 esperienziale, si propone di favorire processi di autoapprendimento lavorando sulle emozioni, sulla consapevole gestione di ansie e paure, tramite tecniche di ristrutturazione cognitiva razionale e addestramento assertivo, sull&#8217;acquisizione di tecniche di rilassamento da impiegare nel corso della gravidanza. Inoltre altro obiettivo \u00e8 quello di affrontare e approfondire, tramite momenti di discussione, confronto e condivisione, tematiche centrali inerenti ai cambiamenti psicologici che avvengono in gravidanza e nel post partum. Il corso di informazione e formazione alla nascita si propone di offrire anche un&#8217;occasione di incontro fra donne che condividono le stesse paure e problematiche, tramite la creazione di un clima di comprensione e rispetto. Il corso si svolger\u00e0 in modalit\u00e0 esperienziale e si articoler\u00e0 in 10 incontri settimanali. Argomenti, giornate e orari sono programmati in funzione delle esigenze delle partecipanti. L&#8217; inizio del rinfresco \u00e8 previsto per le ore 19.30. \u00c8 richiesta la comunicazione di partecipazione (anche SMS al n. 349-4029356); allo stesso numero ci si pu\u00f2 rivolgere anche per richiedere ulteriori informazioni. Responsabile del corso \u00e8 la dott.ssa Vanessa D&#8217;Alpaos, psicologa clinica. StudiAssociati, Belluno, via Mezzaterra, 71- tel. 0437-380239.<\/p>","protected":false},"excerpt":{"rendered":"<p>\u00a0Mercoled\u00ec 7 ottobre in via Mezzaterra 71presso la sede di Studi associati, preceduta da un piccolo buffet, si terr\u00e0 la presentazione del corso &#8220;InFormazione alla nascita&#8221;. La gravidanza con il parto e la nascita di un figlio sono fra le esperienze pi\u00f9 intense e emozionanti che la donna \u00e8 chiamata ad affrontare durante la propria [&hellip;]<\/p>\n","protected":false},"author":2,"featured_media":0,"comment_status":"closed","ping_status":"open","sticky":false,"template":"","format":"standard","meta":{"footnotes":""},"categories":[27,25],"tags":[139],"class_list":["post-8693","post","type-post","status-publish","format-standard","category-appuntamenti","category-pausa-caffe","tag-belluno"],"yoast_head":"<!-- This site is optimized with the Yoast SEO plugin v28.4 - https:\/\/yoast.com\/product\/yoast-seo-wordpress\/ -->\n<title>Che donna sono? Che madre sar\u00f2? Mercoled\u00ec 7 ottobre la presentazione del corso - Bellunopress - Dolomiti<\/title>\n<meta name=\"robots\" content=\"index, follow, max-snippet:-1, max-image-preview:large, max-video-preview:-1\" \/>\n<link rel=\"canonical\" href=\"https:\/\/www.bellunopress.it\/fr\/2009\/10\/05\/che-donna-sono-che-madre-saro-mercoledi-7-ottobre-la-presentazione-del-corso\/\" \/>\n<meta property=\"og:locale\" content=\"fr_FR\" \/>\n<meta property=\"og:type\" content=\"article\" \/>\n<meta property=\"og:title\" content=\"Che donna sono? Che madre sar\u00f2? Mercoled\u00ec 7 ottobre la presentazione del corso - Bellunopress - Dolomiti\" \/>\n<meta property=\"og:description\" content=\"\u00a0Mercoled\u00ec 7 ottobre in via Mezzaterra 71presso la sede di Studi associati, preceduta da un piccolo buffet, si terr\u00e0 la presentazione del corso &#8220;InFormazione alla nascita&#8221;. La gravidanza con il parto e la nascita di un figlio sono fra le esperienze pi\u00f9 intense e emozionanti che la donna \u00e8 chiamata ad affrontare durante la propria [&hellip;]\" \/>\n<meta property=\"og:url\" content=\"https:\/\/www.bellunopress.it\/fr\/2009\/10\/05\/che-donna-sono-che-madre-saro-mercoledi-7-ottobre-la-presentazione-del-corso\/\" \/>\n<meta property=\"og:site_name\" content=\"Bellunopress - Dolomiti\" \/>\n<meta property=\"article:publisher\" content=\"https:\/\/www.facebook.com\/profile.php?id=100008943462799\" \/>\n<meta property=\"article:published_time\" content=\"2009-10-05T18:13:06+00:00\" \/>\n<meta property=\"og:image\" content=\"http:\/\/www.bellunopress.it\/wp-content\/uploads\/2012\/07\/logo-bellunopress-250x250-2012.jpg\" \/>\n<meta name=\"author\" content=\"redazione\" \/>\n<meta name=\"twitter:card\" content=\"summary_large_image\" \/>\n<meta name=\"twitter:creator\" content=\"@bellunopress\" \/>\n<meta name=\"twitter:site\" content=\"@bellunopress\" \/>\n<meta name=\"twitter:label1\" content=\"\u00c9crit par\" \/>\n\t<meta name=\"twitter:data1\" content=\"redazione\" \/>\n\t<meta name=\"twitter:label2\" content=\"Dur\u00e9e de lecture estim\u00e9e\" \/>\n\t<meta name=\"twitter:data2\" content=\"1 minute\" \/>\n<script type=\"application\/ld+json\" class=\"yoast-schema-graph\">{\"@context\":\"https:\\\/\\\/schema.org\",\"@graph\":[{\"@type\":\"Article\",\"@id\":\"https:\\\/\\\/www.bellunopress.it\\\/2009\\\/10\\\/05\\\/che-donna-sono-che-madre-saro-mercoledi-7-ottobre-la-presentazione-del-corso\\\/#article\",\"isPartOf\":{\"@id\":\"https:\\\/\\\/www.bellunopress.it\\\/2009\\\/10\\\/05\\\/che-donna-sono-che-madre-saro-mercoledi-7-ottobre-la-presentazione-del-corso\\\/\"},\"author\":{\"name\":\"redazione\",\"@id\":\"https:\\\/\\\/www.bellunopress.it\\\/#\\\/schema\\\/person\\\/79bb06722b37ece1c03d3e94beb30d73\"},\"headline\":\"Che donna sono? Che madre sar\u00f2? Mercoled\u00ec 7 ottobre la presentazione del corso\",\"datePublished\":\"2009-10-05T18:13:06+00:00\",\"mainEntityOfPage\":{\"@id\":\"https:\\\/\\\/www.bellunopress.it\\\/2009\\\/10\\\/05\\\/che-donna-sono-che-madre-saro-mercoledi-7-ottobre-la-presentazione-del-corso\\\/\"},\"wordCount\":297,\"publisher\":{\"@id\":\"https:\\\/\\\/www.bellunopress.it\\\/#organization\"},\"keywords\":[\"Belluno\"],\"articleSection\":[\"Appuntamenti, Eventi\",\"Pausa Caff\u00e8\"],\"inLanguage\":\"fr-FR\"},{\"@type\":\"WebPage\",\"@id\":\"https:\\\/\\\/www.bellunopress.it\\\/2009\\\/10\\\/05\\\/che-donna-sono-che-madre-saro-mercoledi-7-ottobre-la-presentazione-del-corso\\\/\",\"url\":\"https:\\\/\\\/www.bellunopress.it\\\/2009\\\/10\\\/05\\\/che-donna-sono-che-madre-saro-mercoledi-7-ottobre-la-presentazione-del-corso\\\/\",\"name\":\"Che donna sono? Che madre sar\u00f2? Mercoled\u00ec 7 ottobre la presentazione del corso - Bellunopress - Dolomiti\",\"isPartOf\":{\"@id\":\"https:\\\/\\\/www.bellunopress.it\\\/#website\"},\"datePublished\":\"2009-10-05T18:13:06+00:00\",\"breadcrumb\":{\"@id\":\"https:\\\/\\\/www.bellunopress.it\\\/2009\\\/10\\\/05\\\/che-donna-sono-che-madre-saro-mercoledi-7-ottobre-la-presentazione-del-corso\\\/#breadcrumb\"},\"inLanguage\":\"fr-FR\",\"potentialAction\":[{\"@type\":\"ReadAction\",\"target\":[\"https:\\\/\\\/www.bellunopress.it\\\/2009\\\/10\\\/05\\\/che-donna-sono-che-madre-saro-mercoledi-7-ottobre-la-presentazione-del-corso\\\/\"]}]},{\"@type\":\"BreadcrumbList\",\"@id\":\"https:\\\/\\\/www.bellunopress.it\\\/2009\\\/10\\\/05\\\/che-donna-sono-che-madre-saro-mercoledi-7-ottobre-la-presentazione-del-corso\\\/#breadcrumb\",\"itemListElement\":[{\"@type\":\"ListItem\",\"position\":1,\"name\":\"Home\",\"item\":\"https:\\\/\\\/www.bellunopress.it\\\/\"},{\"@type\":\"ListItem\",\"position\":2,\"name\":\"Che donna sono? Che madre sar\u00f2? Mercoled\u00ec 7 ottobre la presentazione del corso\"}]},{\"@type\":\"WebSite\",\"@id\":\"https:\\\/\\\/www.bellunopress.it\\\/#website\",\"url\":\"https:\\\/\\\/www.bellunopress.it\\\/\",\"name\":\"Bellunopress - Dolomiti\",\"description\":\"e-mail: redazione@bellunopress.it\",\"publisher\":{\"@id\":\"https:\\\/\\\/www.bellunopress.it\\\/#organization\"},\"potentialAction\":[{\"@type\":\"SearchAction\",\"target\":{\"@type\":\"EntryPoint\",\"urlTemplate\":\"https:\\\/\\\/www.bellunopress.it\\\/?s={search_term_string}\"},\"query-input\":{\"@type\":\"PropertyValueSpecification\",\"valueRequired\":true,\"valueName\":\"search_term_string\"}}],\"inLanguage\":\"fr-FR\"},{\"@type\":\"Organization\",\"@id\":\"https:\\\/\\\/www.bellunopress.it\\\/#organization\",\"name\":\"Bellunopress\",\"url\":\"https:\\\/\\\/www.bellunopress.it\\\/\",\"logo\":{\"@type\":\"ImageObject\",\"inLanguage\":\"fr-FR\",\"@id\":\"https:\\\/\\\/www.bellunopress.it\\\/#\\\/schema\\\/logo\\\/image\\\/\",\"url\":\"https:\\\/\\\/www.bellunopress.it\\\/wp-content\\\/uploads\\\/2011\\\/05\\\/cropped-logo-bellunopress-.jpg\",\"contentUrl\":\"https:\\\/\\\/www.bellunopress.it\\\/wp-content\\\/uploads\\\/2011\\\/05\\\/cropped-logo-bellunopress-.jpg\",\"width\":512,\"height\":512,\"caption\":\"Bellunopress\"},\"image\":{\"@id\":\"https:\\\/\\\/www.bellunopress.it\\\/#\\\/schema\\\/logo\\\/image\\\/\"},\"sameAs\":[\"https:\\\/\\\/www.facebook.com\\\/profile.php?id=100008943462799\",\"https:\\\/\\\/x.com\\\/bellunopress\",\"https:\\\/\\\/www.linkedin.com\\\/hp\\\/?dnr=JBzUWaJfMUw8vbXJJ2tVW5-I3jZKvC4wsoxE&amp;amp;amp;amp;amp;amp;trk=nav_responsive_tab_home\",\"https:\\\/\\\/www.youtube.com\\\/channel\\\/UCxL0wu1uN0_3_7hGG0306cw\"]},{\"@type\":\"Person\",\"@id\":\"https:\\\/\\\/www.bellunopress.it\\\/#\\\/schema\\\/person\\\/79bb06722b37ece1c03d3e94beb30d73\",\"name\":\"redazione\",\"image\":{\"@type\":\"ImageObject\",\"inLanguage\":\"fr-FR\",\"@id\":\"https:\\\/\\\/secure.gravatar.com\\\/avatar\\\/37d968a2e67a6fd04c169c4bdef102d0bc5d31b2546345219e348575eb80e9a0?s=96&d=mm&r=g\",\"url\":\"https:\\\/\\\/secure.gravatar.com\\\/avatar\\\/37d968a2e67a6fd04c169c4bdef102d0bc5d31b2546345219e348575eb80e9a0?s=96&d=mm&r=g\",\"contentUrl\":\"https:\\\/\\\/secure.gravatar.com\\\/avatar\\\/37d968a2e67a6fd04c169c4bdef102d0bc5d31b2546345219e348575eb80e9a0?s=96&d=mm&r=g\",\"caption\":\"redazione\"},\"sameAs\":[\"http:\\\/\\\/www.bellunopress.it\",\"https:\\\/\\\/x.com\\\/bellunopress\"],\"url\":\"https:\\\/\\\/www.bellunopress.it\\\/fr\\\/author\\\/redazione\\\/\"}]}<\/script>\n<!-- \/ Yoast SEO plugin. -->","yoast_head_json":{"title":"Che donna sono? Che madre sar\u00f2? Mercoled\u00ec 7 ottobre la presentazione del corso - Bellunopress - Dolomiti","robots":{"index":"index","follow":"follow","max-snippet":"max-snippet:-1","max-image-preview":"max-image-preview:large","max-video-preview":"max-video-preview:-1"},"canonical":"https:\/\/www.bellunopress.it\/fr\/2009\/10\/05\/che-donna-sono-che-madre-saro-mercoledi-7-ottobre-la-presentazione-del-corso\/","og_locale":"fr_FR","og_type":"article","og_title":"Che donna sono? Che madre sar\u00f2? Mercoled\u00ec 7 ottobre la presentazione del corso - Bellunopress - Dolomiti","og_description":"\u00a0Mercoled\u00ec 7 ottobre in via Mezzaterra 71presso la sede di Studi associati, preceduta da un piccolo buffet, si terr\u00e0 la presentazione del corso &#8220;InFormazione alla nascita&#8221;. La gravidanza con il parto e la nascita di un figlio sono fra le esperienze pi\u00f9 intense e emozionanti che la donna \u00e8 chiamata ad affrontare durante la propria [&hellip;]","og_url":"https:\/\/www.bellunopress.it\/fr\/2009\/10\/05\/che-donna-sono-che-madre-saro-mercoledi-7-ottobre-la-presentazione-del-corso\/","og_site_name":"Bellunopress - Dolomiti","article_publisher":"https:\/\/www.facebook.com\/profile.php?id=100008943462799","article_published_time":"2009-10-05T18:13:06+00:00","og_image":[{"url":"http:\/\/www.bellunopress.it\/wp-content\/uploads\/2012\/07\/logo-bellunopress-250x250-2012.jpg","type":"","width":"","height":""}],"author":"redazione","twitter_card":"summary_large_image","twitter_creator":"@bellunopress","twitter_site":"@bellunopress","twitter_misc":{"\u00c9crit par":"redazione","Dur\u00e9e de lecture estim\u00e9e":"1 minute"},"schema":{"@context":"https:\/\/schema.org","@graph":[{"@type":"Article","@id":"https:\/\/www.bellunopress.it\/2009\/10\/05\/che-donna-sono-che-madre-saro-mercoledi-7-ottobre-la-presentazione-del-corso\/#article","isPartOf":{"@id":"https:\/\/www.bellunopress.it\/2009\/10\/05\/che-donna-sono-che-madre-saro-mercoledi-7-ottobre-la-presentazione-del-corso\/"},"author":{"name":"redazione","@id":"https:\/\/www.bellunopress.it\/#\/schema\/person\/79bb06722b37ece1c03d3e94beb30d73"},"headline":"Che donna sono? Che madre sar\u00f2? Mercoled\u00ec 7 ottobre la presentazione del corso","datePublished":"2009-10-05T18:13:06+00:00","mainEntityOfPage":{"@id":"https:\/\/www.bellunopress.it\/2009\/10\/05\/che-donna-sono-che-madre-saro-mercoledi-7-ottobre-la-presentazione-del-corso\/"},"wordCount":297,"publisher":{"@id":"https:\/\/www.bellunopress.it\/#organization"},"keywords":["Belluno"],"articleSection":["Appuntamenti, Eventi","Pausa Caff\u00e8"],"inLanguage":"fr-FR"},{"@type":"WebPage","@id":"https:\/\/www.bellunopress.it\/2009\/10\/05\/che-donna-sono-che-madre-saro-mercoledi-7-ottobre-la-presentazione-del-corso\/","url":"https:\/\/www.bellunopress.it\/2009\/10\/05\/che-donna-sono-che-madre-saro-mercoledi-7-ottobre-la-presentazione-del-corso\/","name":"Che donna sono? Che madre sar\u00f2? Mercoled\u00ec 7 ottobre la presentazione del corso - Bellunopress - Dolomiti","isPartOf":{"@id":"https:\/\/www.bellunopress.it\/#website"},"datePublished":"2009-10-05T18:13:06+00:00","breadcrumb":{"@id":"https:\/\/www.bellunopress.it\/2009\/10\/05\/che-donna-sono-che-madre-saro-mercoledi-7-ottobre-la-presentazione-del-corso\/#breadcrumb"},"inLanguage":"fr-FR","potentialAction":[{"@type":"ReadAction","target":["https:\/\/www.bellunopress.it\/2009\/10\/05\/che-donna-sono-che-madre-saro-mercoledi-7-ottobre-la-presentazione-del-corso\/"]}]},{"@type":"BreadcrumbList","@id":"https:\/\/www.bellunopress.it\/2009\/10\/05\/che-donna-sono-che-madre-saro-mercoledi-7-ottobre-la-presentazione-del-corso\/#breadcrumb","itemListElement":[{"@type":"ListItem","position":1,"name":"Home","item":"https:\/\/www.bellunopress.it\/"},{"@type":"ListItem","position":2,"name":"Che donna sono? Che madre sar\u00f2? Mercoled\u00ec 7 ottobre la presentazione del corso"}]},{"@type":"WebSite","@id":"https:\/\/www.bellunopress.it\/#website","url":"https:\/\/www.bellunopress.it\/","name":"Bellunopress - Dolomiti","description":"e-mail: redazione@bellunopress.it","publisher":{"@id":"https:\/\/www.bellunopress.it\/#organization"},"potentialAction":[{"@type":"SearchAction","target":{"@type":"EntryPoint","urlTemplate":"https:\/\/www.bellunopress.it\/?s={search_term_string}"},"query-input":{"@type":"PropertyValueSpecification","valueRequired":true,"valueName":"search_term_string"}}],"inLanguage":"fr-FR"},{"@type":"Organization","@id":"https:\/\/www.bellunopress.it\/#organization","name":"Bellunopress","url":"https:\/\/www.bellunopress.it\/","logo":{"@type":"ImageObject","inLanguage":"fr-FR","@id":"https:\/\/www.bellunopress.it\/#\/schema\/logo\/image\/","url":"https:\/\/www.bellunopress.it\/wp-content\/uploads\/2011\/05\/cropped-logo-bellunopress-.jpg","contentUrl":"https:\/\/www.bellunopress.it\/wp-content\/uploads\/2011\/05\/cropped-logo-bellunopress-.jpg","width":512,"height":512,"caption":"Bellunopress"},"image":{"@id":"https:\/\/www.bellunopress.it\/#\/schema\/logo\/image\/"},"sameAs":["https:\/\/www.facebook.com\/profile.php?id=100008943462799","https:\/\/x.com\/bellunopress","https:\/\/www.linkedin.com\/hp\/?dnr=JBzUWaJfMUw8vbXJJ2tVW5-I3jZKvC4wsoxE&amp;amp;amp;amp;amp;amp;trk=nav_responsive_tab_home","https:\/\/www.youtube.com\/channel\/UCxL0wu1uN0_3_7hGG0306cw"]},{"@type":"Person","@id":"https:\/\/www.bellunopress.it\/#\/schema\/person\/79bb06722b37ece1c03d3e94beb30d73","name":"r\u00e9daction","image":{"@type":"ImageObject","inLanguage":"fr-FR","@id":"https:\/\/secure.gravatar.com\/avatar\/37d968a2e67a6fd04c169c4bdef102d0bc5d31b2546345219e348575eb80e9a0?s=96&d=mm&r=g","url":"https:\/\/secure.gravatar.com\/avatar\/37d968a2e67a6fd04c169c4bdef102d0bc5d31b2546345219e348575eb80e9a0?s=96&d=mm&r=g","contentUrl":"https:\/\/secure.gravatar.com\/avatar\/37d968a2e67a6fd04c169c4bdef102d0bc5d31b2546345219e348575eb80e9a0?s=96&d=mm&r=g","caption":"redazione"},"sameAs":["http:\/\/www.bellunopress.it","https:\/\/x.com\/bellunopress"],"url":"https:\/\/www.bellunopress.it\/fr\/author\/redazione\/"}]}},"_links":{"self":[{"href":"https:\/\/www.bellunopress.it\/fr\/wp-json\/wp\/v2\/posts\/8693","targetHints":{"allow":["GET"]}}],"collection":[{"href":"https:\/\/www.bellunopress.it\/fr\/wp-json\/wp\/v2\/posts"}],"about":[{"href":"https:\/\/www.bellunopress.it\/fr\/wp-json\/wp\/v2\/types\/post"}],"author":[{"embeddable":true,"href":"https:\/\/www.bellunopress.it\/fr\/wp-json\/wp\/v2\/users\/2"}],"replies":[{"embeddable":true,"href":"https:\/\/www.bellunopress.it\/fr\/wp-json\/wp\/v2\/comments?post=8693"}],"version-history":[{"count":1,"href":"https:\/\/www.bellunopress.it\/fr\/wp-json\/wp\/v2\/posts\/8693\/revisions"}],"predecessor-version":[{"id":8694,"href":"https:\/\/www.bellunopress.it\/fr\/wp-json\/wp\/v2\/posts\/8693\/revisions\/8694"}],"wp:attachment":[{"href":"https:\/\/www.bellunopress.it\/fr\/wp-json\/wp\/v2\/media?parent=8693"}],"wp:term":[{"taxonomy":"category","embeddable":true,"href":"https:\/\/www.bellunopress.it\/fr\/wp-json\/wp\/v2\/categories?post=8693"},{"taxonomy":"post_tag","embeddable":true,"href":"https:\/\/www.bellunopress.it\/fr\/wp-json\/wp\/v2\/tags?post=8693"}],"curies":[{"name":"wp","href":"https:\/\/api.w.org\/{rel}","templated":true}]}}