{"id":8654,"date":"2009-10-04T14:01:05","date_gmt":"2009-10-04T13:01:05","guid":{"rendered":"http:\/\/www.bellunopress.it\/?p=8654"},"modified":"2010-02-19T15:09:16","modified_gmt":"2010-02-19T14:09:16","slug":"per-gli-speciali-di-bellunopress-pubblichiamo-la-cronaca-giudiziaria-di-trecento-anni-fa-del-giornalista-scrittore-sante-rossetto","status":"publish","type":"post","link":"https:\/\/www.bellunopress.it\/fr\/2009\/10\/04\/per-gli-speciali-di-bellunopress-pubblichiamo-la-cronaca-giudiziaria-di-trecento-anni-fa-del-giornalista-scrittore-sante-rossetto\/","title":{"rendered":"Per gli speciali di Bellunopress, pubblichiamo la cronaca giudiziaria di trecento anni fa del giornalista-scrittore Sante Rossetto"},"content":{"rendered":"<p><strong>Campi devastati a Trichiana e Campedei:\u00a0puniti dalla Giustizia alcuni notabili del Settecento violenti contro poveri contadini.<\/strong><\/p>\n<p><a href=\"http:\/\/www.bellunopress.it\/wp-content\/uploads\/2009\/10\/leone-di-san-marco.jpg\"><img loading=\"lazy\" decoding=\"async\" class=\"alignleft size-medium wp-image-8596\" title=\"leone-di-san-marco\" src=\"http:\/\/www.bellunopress.it\/wp-content\/uploads\/2009\/10\/leone-di-san-marco.jpg\" alt=\"\" width=\"290\" height=\"214\" \/><\/a>La Giustizia veneziana aveva molte pecche, ma riscuoteva la fiducia del popolo che la sentiva vicina alle proprie esigenze. Anche perch\u00e9 non lasciava impunite le sopraffazioni di chi ricopriva qualche posto di autorit\u00e0. Fossero essi nobili del posto, notoriamente arroganti e violenti, o piccoli notabili che approfittavano della loro posizione e della ignoranza della gente. Quella che vi raccontiamo \u00e8 la conclusione della lunga diatriba tra Apollonio Brancher, pacifico contadino che ha quattro campi a Campedei di Trichiana, e\u00a0 una mezza dozzina di piccole autorit\u00e0 della Pieve di San Felice, capitanati dal sindaco unito al meriga (agente comunale), allo scrivano e altri tre impiegati pubblici. Siamo nel 1720. Il citato Apollonio Brancher aveva acquistato molti anni prima dal nobile Giovanni Magno quattro campi a Campedei. Campi che facevano parte del patrimonio dei beni comunali venduti dalla Repubblica nel Seicento. I campi comunali erano di tutti, cio\u00e8 comuni. Ma sindaco, meriga e la cricca del piccolo potere vogliono togliere al nuovo proprietario, che \u00e8 un villico del posto, quei campi. Perch\u00e9, non lo sappiamo. E per convincerlo a cedere alle loro soperchierie danneggiano le coltivazioni. Immaginarsi la disperazione del povero contadino. Dopo tanta fatica vedersi rovinati i frutti del suo lavoro. Una soluzione, alla fine, si trova. Ma favorevole ai sopraffattori. Brancher si rassegna. Vogliono i miei campi di Campedei? Bene, datemene altrettanti e io ve li cedo. Accordo fatto perch\u00e9 al Brancher sono ceduti, in nome della Pieve cio\u00e8 dell&#8217;istituzione comunale, quattro campi in localit\u00e0 Calmata. Il bravo contadino pensa che adesso sia tutto a posto. Si impegna a recintare la propriet\u00e0 e a migliorare i campi. Ma la vicenda continua. Passano una mezza dozzina d&#8217;anni e si arriva al 1727. Sindaco e compagni, convinti di poter fare il bello e cattivo tempo, vogliono recuperare anche i quattro campi di Calmata. E si recano in tribunale chiedendo di annullare l&#8217;accordo del cambio svolto qualche tempo prima. E, adesso, entrano in gioco le scritture notarili. Che arrivano fino a Venezia. L\u00ec quelli che hanno un po&#8217; di potere possono arrivare. Loro, i villici che non sanno leggere, non potranno mai arrivarci. Ma a Venezia i giudici danno ragione ai contadini. E allora i tracotanti notabili seguono un&#8217;altra strada. Hanno in mano delle carte venute dal tribunale di Venezia, mandano un fante (un cursore comunale) a imporre ai villici di trovarsi la mattina del 30 giugno in piazza per decisioni che riguardano le regole della Pieve. Cio\u00e8 le propriet\u00e0 comunali della Pieve.\u00a0 E dovevano venire muniti di manarini, manere e coltelli. Per fare che cosa? Avrebbero ricevuto istruzioni dal meriga del Comun. Il quale arriva e si trova dinanzi 129 villici. Ovviamente analfabeti. I quali apprendono dall&#8217;uomo, uno che sa leggere, che tutta quella gente deve distruggere \u201cli stroppi\u201d (le recinzioni) di alcune propriet\u00e0. Tra queste quella di Apollonio Brancher. Anzi, per far le cose come si deve, il meriga aveva portato le ballotte (le palline) per mettere a votazione popolare la decisione. Dopo le sue parole quasi tutti votano per eseguire l&#8217;opera da lui sollecitata. Perch\u00e9 la aveva letta nella lettera giunta da Venezia. Qualcuno, per\u00f2, anche se non sa leggere, non \u00e8 del tutto convinto della bont\u00e0 di quello che gli viene detto. Chiede di rileggere per bene quello che viene impartito da Venezia. E il meriga ribadisce che, s\u00ec, si comanda di distruggere le protezioni che circondano i campi che erano stati campi comunali.\u00a0 E dice anche dove bisogna andare. Per prima si comincia con la propriet\u00e0 di Apollonio Brancher. Poi si proseguir\u00e0 con quella di Filippo Brancher, Vettor Schiocchet, Pietro da Canal. Il meriga ha convinto i villici che quelli non erano i legittimi proprietari dei loro campi che avevano comperati anni prima. Perch\u00e9 quei campi erano beni comunali, cio\u00e8 di tutti a beneficio di tutti. Ed era inutile sostenere che c&#8217;era tanto di rogiti notarili. Chi non sa leggere deve fidarsi. E dopo Calmata bisogner\u00e0 recuperare i campi comunali che si trovano nel Pian di Pianezze, alla Stabiole, sul Col de Signa. E cos\u00ec fanno. Appena distrutte le recinzioni dei campi gli animali possono entrare e devastare i seminati. Facile descrivere la disperazione di quei poveri proprietari che avevano lavorato anni per sistemare quelle terre. Ma non tutti i notabili avevano preso parte all&#8217;opera di devastazione. Soltanto il meriga. Gli altri, furbescamente sapendo di commettere una ingiustizia, si erano tenuti lontano. Per poter dire che non c&#8217;entravano. Ma, anche se il documento non ce lo racconta, chi ha fatto la denuncia deve aver raccontato tutta la storia. Il giudice parla di \u201cmalizia inescusabile\u201d di questi sopraffattori che turbano la tranquillit\u00e0 e l&#8217;ordine dei lavoratori. Mandano gli sbirri ad arrestarli, ma quelli hanno cambiato casa. Allora sono obbligati a presentarsi spontaneamente alle carceri. Dapprima tentennano, ma alla fine non resta che affrontare\u00a0 le proprie responsabilit\u00e0. Si istruisce il processo, si sentono i testimoni, si arriva alla sentenza. Che non \u00e8 troppo leggera perch\u00e9 tutti finiscono per sei mesi in prigione. Di quelle senza luce. Oltre alla perdita della reputazione per il futuro perch\u00e9 quei sopraffattori incarichi pubblici non ne ricopriranno pi\u00f9.\u00a0 Ma non basta perch\u00e9 potranno uscire di prigione soltanto se avranno sistemato le recinzioni dei campi e pagato i danni apportati. Un esempio di come la Serenissima aveva a cuore la sorte dei suoi sudditi. Almeno secondo questa sentenza. Dietro la quale, probabilmente, c&#8217;erano migliaia di casi in cui la tracotanza restava impunita. Ma non soltanto tre secoli fa.<br \/>\nSante Rossetto<\/p>","protected":false},"excerpt":{"rendered":"<p>Campi devastati a Trichiana e Campedei:\u00a0puniti dalla Giustizia alcuni notabili del Settecento violenti contro poveri contadini. La Giustizia veneziana aveva molte pecche, ma riscuoteva la fiducia del popolo che la sentiva vicina alle proprie esigenze. Anche perch\u00e9 non lasciava impunite le sopraffazioni di chi ricopriva qualche posto di autorit\u00e0. Fossero essi nobili del posto, notoriamente [&hellip;]<\/p>\n","protected":false},"author":2,"featured_media":0,"comment_status":"closed","ping_status":"open","sticky":false,"template":"","format":"standard","meta":{"footnotes":""},"categories":[49,26],"tags":[179,178,180,101],"class_list":["post-8654","post","type-post","status-publish","format-standard","category-speciali","category-prima-pagina","tag-campedei-di-trichiana","tag-giustizia-veneziana","tag-notabili-del-settecento","tag-sante-rossetto"],"yoast_head":"<!-- This site is optimized with the Yoast SEO plugin v28.4 - https:\/\/yoast.com\/product\/yoast-seo-wordpress\/ -->\n<title>Per gli speciali di Bellunopress, pubblichiamo la cronaca giudiziaria di trecento anni fa del giornalista-scrittore Sante Rossetto  - Bellunopress - Dolomiti<\/title>\n<meta name=\"robots\" content=\"index, follow, max-snippet:-1, max-image-preview:large, max-video-preview:-1\" \/>\n<link rel=\"canonical\" href=\"https:\/\/www.bellunopress.it\/fr\/2009\/10\/04\/per-gli-speciali-di-bellunopress-pubblichiamo-la-cronaca-giudiziaria-di-trecento-anni-fa-del-giornalista-scrittore-sante-rossetto\/\" \/>\n<meta property=\"og:locale\" content=\"fr_FR\" \/>\n<meta property=\"og:type\" content=\"article\" \/>\n<meta property=\"og:title\" content=\"Per gli speciali di Bellunopress, pubblichiamo la cronaca giudiziaria di trecento anni fa del giornalista-scrittore Sante Rossetto  - Bellunopress - Dolomiti\" \/>\n<meta property=\"og:description\" content=\"Campi devastati a Trichiana e Campedei:\u00a0puniti dalla Giustizia alcuni notabili del Settecento violenti contro poveri contadini. La Giustizia veneziana aveva molte pecche, ma riscuoteva la fiducia del popolo che la sentiva vicina alle proprie esigenze. Anche perch\u00e9 non lasciava impunite le sopraffazioni di chi ricopriva qualche posto di autorit\u00e0. Fossero essi nobili del posto, notoriamente [&hellip;]\" \/>\n<meta property=\"og:url\" content=\"https:\/\/www.bellunopress.it\/fr\/2009\/10\/04\/per-gli-speciali-di-bellunopress-pubblichiamo-la-cronaca-giudiziaria-di-trecento-anni-fa-del-giornalista-scrittore-sante-rossetto\/\" \/>\n<meta property=\"og:site_name\" content=\"Bellunopress - Dolomiti\" \/>\n<meta property=\"article:publisher\" content=\"https:\/\/www.facebook.com\/profile.php?id=100008943462799\" \/>\n<meta property=\"article:published_time\" content=\"2009-10-04T13:01:05+00:00\" \/>\n<meta property=\"article:modified_time\" content=\"2010-02-19T14:09:16+00:00\" \/>\n<meta property=\"og:image\" content=\"http:\/\/www.bellunopress.it\/wp-content\/uploads\/2009\/10\/leone-di-san-marco.jpg\" \/>\n<meta name=\"author\" content=\"redazione\" \/>\n<meta name=\"twitter:card\" content=\"summary_large_image\" \/>\n<meta name=\"twitter:creator\" content=\"@bellunopress\" \/>\n<meta name=\"twitter:site\" content=\"@bellunopress\" \/>\n<meta name=\"twitter:label1\" content=\"\u00c9crit par\" \/>\n\t<meta name=\"twitter:data1\" content=\"redazione\" \/>\n\t<meta name=\"twitter:label2\" content=\"Dur\u00e9e de lecture estim\u00e9e\" \/>\n\t<meta name=\"twitter:data2\" content=\"5 minutes\" \/>\n<script type=\"application\/ld+json\" class=\"yoast-schema-graph\">{\"@context\":\"https:\\\/\\\/schema.org\",\"@graph\":[{\"@type\":\"Article\",\"@id\":\"https:\\\/\\\/www.bellunopress.it\\\/2009\\\/10\\\/04\\\/per-gli-speciali-di-bellunopress-pubblichiamo-la-cronaca-giudiziaria-di-trecento-anni-fa-del-giornalista-scrittore-sante-rossetto\\\/#article\",\"isPartOf\":{\"@id\":\"https:\\\/\\\/www.bellunopress.it\\\/2009\\\/10\\\/04\\\/per-gli-speciali-di-bellunopress-pubblichiamo-la-cronaca-giudiziaria-di-trecento-anni-fa-del-giornalista-scrittore-sante-rossetto\\\/\"},\"author\":{\"name\":\"redazione\",\"@id\":\"https:\\\/\\\/www.bellunopress.it\\\/#\\\/schema\\\/person\\\/79bb06722b37ece1c03d3e94beb30d73\"},\"headline\":\"Per gli speciali di Bellunopress, pubblichiamo la cronaca giudiziaria di trecento anni fa del giornalista-scrittore Sante Rossetto\",\"datePublished\":\"2009-10-04T13:01:05+00:00\",\"dateModified\":\"2010-02-19T14:09:16+00:00\",\"mainEntityOfPage\":{\"@id\":\"https:\\\/\\\/www.bellunopress.it\\\/2009\\\/10\\\/04\\\/per-gli-speciali-di-bellunopress-pubblichiamo-la-cronaca-giudiziaria-di-trecento-anni-fa-del-giornalista-scrittore-sante-rossetto\\\/\"},\"wordCount\":941,\"publisher\":{\"@id\":\"https:\\\/\\\/www.bellunopress.it\\\/#organization\"},\"image\":{\"@id\":\"https:\\\/\\\/www.bellunopress.it\\\/2009\\\/10\\\/04\\\/per-gli-speciali-di-bellunopress-pubblichiamo-la-cronaca-giudiziaria-di-trecento-anni-fa-del-giornalista-scrittore-sante-rossetto\\\/#primaryimage\"},\"thumbnailUrl\":\"http:\\\/\\\/www.bellunopress.it\\\/wp-content\\\/uploads\\\/2009\\\/10\\\/leone-di-san-marco.jpg\",\"keywords\":[\"Campedei di Trichiana\",\"giustizia veneziana\",\"notabili del Settecento\",\"Sante Rossetto\"],\"articleSection\":[\"Gli speciali di Bellunopress\",\"Prima Pagina\"],\"inLanguage\":\"fr-FR\"},{\"@type\":\"WebPage\",\"@id\":\"https:\\\/\\\/www.bellunopress.it\\\/2009\\\/10\\\/04\\\/per-gli-speciali-di-bellunopress-pubblichiamo-la-cronaca-giudiziaria-di-trecento-anni-fa-del-giornalista-scrittore-sante-rossetto\\\/\",\"url\":\"https:\\\/\\\/www.bellunopress.it\\\/2009\\\/10\\\/04\\\/per-gli-speciali-di-bellunopress-pubblichiamo-la-cronaca-giudiziaria-di-trecento-anni-fa-del-giornalista-scrittore-sante-rossetto\\\/\",\"name\":\"Per gli speciali di Bellunopress, pubblichiamo la cronaca giudiziaria di trecento anni fa del giornalista-scrittore Sante Rossetto - Bellunopress - Dolomiti\",\"isPartOf\":{\"@id\":\"https:\\\/\\\/www.bellunopress.it\\\/#website\"},\"primaryImageOfPage\":{\"@id\":\"https:\\\/\\\/www.bellunopress.it\\\/2009\\\/10\\\/04\\\/per-gli-speciali-di-bellunopress-pubblichiamo-la-cronaca-giudiziaria-di-trecento-anni-fa-del-giornalista-scrittore-sante-rossetto\\\/#primaryimage\"},\"image\":{\"@id\":\"https:\\\/\\\/www.bellunopress.it\\\/2009\\\/10\\\/04\\\/per-gli-speciali-di-bellunopress-pubblichiamo-la-cronaca-giudiziaria-di-trecento-anni-fa-del-giornalista-scrittore-sante-rossetto\\\/#primaryimage\"},\"thumbnailUrl\":\"http:\\\/\\\/www.bellunopress.it\\\/wp-content\\\/uploads\\\/2009\\\/10\\\/leone-di-san-marco.jpg\",\"datePublished\":\"2009-10-04T13:01:05+00:00\",\"dateModified\":\"2010-02-19T14:09:16+00:00\",\"breadcrumb\":{\"@id\":\"https:\\\/\\\/www.bellunopress.it\\\/2009\\\/10\\\/04\\\/per-gli-speciali-di-bellunopress-pubblichiamo-la-cronaca-giudiziaria-di-trecento-anni-fa-del-giornalista-scrittore-sante-rossetto\\\/#breadcrumb\"},\"inLanguage\":\"fr-FR\",\"potentialAction\":[{\"@type\":\"ReadAction\",\"target\":[\"https:\\\/\\\/www.bellunopress.it\\\/2009\\\/10\\\/04\\\/per-gli-speciali-di-bellunopress-pubblichiamo-la-cronaca-giudiziaria-di-trecento-anni-fa-del-giornalista-scrittore-sante-rossetto\\\/\"]}]},{\"@type\":\"ImageObject\",\"inLanguage\":\"fr-FR\",\"@id\":\"https:\\\/\\\/www.bellunopress.it\\\/2009\\\/10\\\/04\\\/per-gli-speciali-di-bellunopress-pubblichiamo-la-cronaca-giudiziaria-di-trecento-anni-fa-del-giornalista-scrittore-sante-rossetto\\\/#primaryimage\",\"url\":\"http:\\\/\\\/www.bellunopress.it\\\/wp-content\\\/uploads\\\/2009\\\/10\\\/leone-di-san-marco.jpg\",\"contentUrl\":\"http:\\\/\\\/www.bellunopress.it\\\/wp-content\\\/uploads\\\/2009\\\/10\\\/leone-di-san-marco.jpg\"},{\"@type\":\"BreadcrumbList\",\"@id\":\"https:\\\/\\\/www.bellunopress.it\\\/2009\\\/10\\\/04\\\/per-gli-speciali-di-bellunopress-pubblichiamo-la-cronaca-giudiziaria-di-trecento-anni-fa-del-giornalista-scrittore-sante-rossetto\\\/#breadcrumb\",\"itemListElement\":[{\"@type\":\"ListItem\",\"position\":1,\"name\":\"Home\",\"item\":\"https:\\\/\\\/www.bellunopress.it\\\/\"},{\"@type\":\"ListItem\",\"position\":2,\"name\":\"Per gli speciali di Bellunopress, pubblichiamo la cronaca giudiziaria di trecento anni fa del giornalista-scrittore Sante Rossetto\"}]},{\"@type\":\"WebSite\",\"@id\":\"https:\\\/\\\/www.bellunopress.it\\\/#website\",\"url\":\"https:\\\/\\\/www.bellunopress.it\\\/\",\"name\":\"Bellunopress - Dolomiti\",\"description\":\"e-mail: redazione@bellunopress.it\",\"publisher\":{\"@id\":\"https:\\\/\\\/www.bellunopress.it\\\/#organization\"},\"potentialAction\":[{\"@type\":\"SearchAction\",\"target\":{\"@type\":\"EntryPoint\",\"urlTemplate\":\"https:\\\/\\\/www.bellunopress.it\\\/?s={search_term_string}\"},\"query-input\":{\"@type\":\"PropertyValueSpecification\",\"valueRequired\":true,\"valueName\":\"search_term_string\"}}],\"inLanguage\":\"fr-FR\"},{\"@type\":\"Organization\",\"@id\":\"https:\\\/\\\/www.bellunopress.it\\\/#organization\",\"name\":\"Bellunopress\",\"url\":\"https:\\\/\\\/www.bellunopress.it\\\/\",\"logo\":{\"@type\":\"ImageObject\",\"inLanguage\":\"fr-FR\",\"@id\":\"https:\\\/\\\/www.bellunopress.it\\\/#\\\/schema\\\/logo\\\/image\\\/\",\"url\":\"https:\\\/\\\/www.bellunopress.it\\\/wp-content\\\/uploads\\\/2011\\\/05\\\/cropped-logo-bellunopress-.jpg\",\"contentUrl\":\"https:\\\/\\\/www.bellunopress.it\\\/wp-content\\\/uploads\\\/2011\\\/05\\\/cropped-logo-bellunopress-.jpg\",\"width\":512,\"height\":512,\"caption\":\"Bellunopress\"},\"image\":{\"@id\":\"https:\\\/\\\/www.bellunopress.it\\\/#\\\/schema\\\/logo\\\/image\\\/\"},\"sameAs\":[\"https:\\\/\\\/www.facebook.com\\\/profile.php?id=100008943462799\",\"https:\\\/\\\/x.com\\\/bellunopress\",\"https:\\\/\\\/www.linkedin.com\\\/hp\\\/?dnr=JBzUWaJfMUw8vbXJJ2tVW5-I3jZKvC4wsoxE&amp;amp;amp;amp;amp;amp;trk=nav_responsive_tab_home\",\"https:\\\/\\\/www.youtube.com\\\/channel\\\/UCxL0wu1uN0_3_7hGG0306cw\"]},{\"@type\":\"Person\",\"@id\":\"https:\\\/\\\/www.bellunopress.it\\\/#\\\/schema\\\/person\\\/79bb06722b37ece1c03d3e94beb30d73\",\"name\":\"redazione\",\"image\":{\"@type\":\"ImageObject\",\"inLanguage\":\"fr-FR\",\"@id\":\"https:\\\/\\\/secure.gravatar.com\\\/avatar\\\/37d968a2e67a6fd04c169c4bdef102d0bc5d31b2546345219e348575eb80e9a0?s=96&d=mm&r=g\",\"url\":\"https:\\\/\\\/secure.gravatar.com\\\/avatar\\\/37d968a2e67a6fd04c169c4bdef102d0bc5d31b2546345219e348575eb80e9a0?s=96&d=mm&r=g\",\"contentUrl\":\"https:\\\/\\\/secure.gravatar.com\\\/avatar\\\/37d968a2e67a6fd04c169c4bdef102d0bc5d31b2546345219e348575eb80e9a0?s=96&d=mm&r=g\",\"caption\":\"redazione\"},\"sameAs\":[\"http:\\\/\\\/www.bellunopress.it\",\"https:\\\/\\\/x.com\\\/bellunopress\"],\"url\":\"https:\\\/\\\/www.bellunopress.it\\\/fr\\\/author\\\/redazione\\\/\"}]}<\/script>\n<!-- \/ Yoast SEO plugin. -->","yoast_head_json":{"title":"Per gli speciali di Bellunopress, pubblichiamo la cronaca giudiziaria di trecento anni fa del giornalista-scrittore Sante Rossetto  - Bellunopress - Dolomiti","robots":{"index":"index","follow":"follow","max-snippet":"max-snippet:-1","max-image-preview":"max-image-preview:large","max-video-preview":"max-video-preview:-1"},"canonical":"https:\/\/www.bellunopress.it\/fr\/2009\/10\/04\/per-gli-speciali-di-bellunopress-pubblichiamo-la-cronaca-giudiziaria-di-trecento-anni-fa-del-giornalista-scrittore-sante-rossetto\/","og_locale":"fr_FR","og_type":"article","og_title":"Per gli speciali di Bellunopress, pubblichiamo la cronaca giudiziaria di trecento anni fa del giornalista-scrittore Sante Rossetto  - Bellunopress - Dolomiti","og_description":"Campi devastati a Trichiana e Campedei:\u00a0puniti dalla Giustizia alcuni notabili del Settecento violenti contro poveri contadini. La Giustizia veneziana aveva molte pecche, ma riscuoteva la fiducia del popolo che la sentiva vicina alle proprie esigenze. Anche perch\u00e9 non lasciava impunite le sopraffazioni di chi ricopriva qualche posto di autorit\u00e0. Fossero essi nobili del posto, notoriamente [&hellip;]","og_url":"https:\/\/www.bellunopress.it\/fr\/2009\/10\/04\/per-gli-speciali-di-bellunopress-pubblichiamo-la-cronaca-giudiziaria-di-trecento-anni-fa-del-giornalista-scrittore-sante-rossetto\/","og_site_name":"Bellunopress - Dolomiti","article_publisher":"https:\/\/www.facebook.com\/profile.php?id=100008943462799","article_published_time":"2009-10-04T13:01:05+00:00","article_modified_time":"2010-02-19T14:09:16+00:00","og_image":[{"url":"http:\/\/www.bellunopress.it\/wp-content\/uploads\/2009\/10\/leone-di-san-marco.jpg","type":"","width":"","height":""}],"author":"redazione","twitter_card":"summary_large_image","twitter_creator":"@bellunopress","twitter_site":"@bellunopress","twitter_misc":{"\u00c9crit par":"redazione","Dur\u00e9e de lecture estim\u00e9e":"5 minutes"},"schema":{"@context":"https:\/\/schema.org","@graph":[{"@type":"Article","@id":"https:\/\/www.bellunopress.it\/2009\/10\/04\/per-gli-speciali-di-bellunopress-pubblichiamo-la-cronaca-giudiziaria-di-trecento-anni-fa-del-giornalista-scrittore-sante-rossetto\/#article","isPartOf":{"@id":"https:\/\/www.bellunopress.it\/2009\/10\/04\/per-gli-speciali-di-bellunopress-pubblichiamo-la-cronaca-giudiziaria-di-trecento-anni-fa-del-giornalista-scrittore-sante-rossetto\/"},"author":{"name":"redazione","@id":"https:\/\/www.bellunopress.it\/#\/schema\/person\/79bb06722b37ece1c03d3e94beb30d73"},"headline":"Per gli speciali di Bellunopress, pubblichiamo la cronaca giudiziaria di trecento anni fa del giornalista-scrittore Sante Rossetto","datePublished":"2009-10-04T13:01:05+00:00","dateModified":"2010-02-19T14:09:16+00:00","mainEntityOfPage":{"@id":"https:\/\/www.bellunopress.it\/2009\/10\/04\/per-gli-speciali-di-bellunopress-pubblichiamo-la-cronaca-giudiziaria-di-trecento-anni-fa-del-giornalista-scrittore-sante-rossetto\/"},"wordCount":941,"publisher":{"@id":"https:\/\/www.bellunopress.it\/#organization"},"image":{"@id":"https:\/\/www.bellunopress.it\/2009\/10\/04\/per-gli-speciali-di-bellunopress-pubblichiamo-la-cronaca-giudiziaria-di-trecento-anni-fa-del-giornalista-scrittore-sante-rossetto\/#primaryimage"},"thumbnailUrl":"http:\/\/www.bellunopress.it\/wp-content\/uploads\/2009\/10\/leone-di-san-marco.jpg","keywords":["Campedei di Trichiana","giustizia veneziana","notabili del Settecento","Sante Rossetto"],"articleSection":["Gli speciali di Bellunopress","Prima Pagina"],"inLanguage":"fr-FR"},{"@type":"WebPage","@id":"https:\/\/www.bellunopress.it\/2009\/10\/04\/per-gli-speciali-di-bellunopress-pubblichiamo-la-cronaca-giudiziaria-di-trecento-anni-fa-del-giornalista-scrittore-sante-rossetto\/","url":"https:\/\/www.bellunopress.it\/2009\/10\/04\/per-gli-speciali-di-bellunopress-pubblichiamo-la-cronaca-giudiziaria-di-trecento-anni-fa-del-giornalista-scrittore-sante-rossetto\/","name":"Per gli speciali di Bellunopress, pubblichiamo la cronaca giudiziaria di trecento anni fa del giornalista-scrittore Sante Rossetto - Bellunopress - Dolomiti","isPartOf":{"@id":"https:\/\/www.bellunopress.it\/#website"},"primaryImageOfPage":{"@id":"https:\/\/www.bellunopress.it\/2009\/10\/04\/per-gli-speciali-di-bellunopress-pubblichiamo-la-cronaca-giudiziaria-di-trecento-anni-fa-del-giornalista-scrittore-sante-rossetto\/#primaryimage"},"image":{"@id":"https:\/\/www.bellunopress.it\/2009\/10\/04\/per-gli-speciali-di-bellunopress-pubblichiamo-la-cronaca-giudiziaria-di-trecento-anni-fa-del-giornalista-scrittore-sante-rossetto\/#primaryimage"},"thumbnailUrl":"http:\/\/www.bellunopress.it\/wp-content\/uploads\/2009\/10\/leone-di-san-marco.jpg","datePublished":"2009-10-04T13:01:05+00:00","dateModified":"2010-02-19T14:09:16+00:00","breadcrumb":{"@id":"https:\/\/www.bellunopress.it\/2009\/10\/04\/per-gli-speciali-di-bellunopress-pubblichiamo-la-cronaca-giudiziaria-di-trecento-anni-fa-del-giornalista-scrittore-sante-rossetto\/#breadcrumb"},"inLanguage":"fr-FR","potentialAction":[{"@type":"ReadAction","target":["https:\/\/www.bellunopress.it\/2009\/10\/04\/per-gli-speciali-di-bellunopress-pubblichiamo-la-cronaca-giudiziaria-di-trecento-anni-fa-del-giornalista-scrittore-sante-rossetto\/"]}]},{"@type":"ImageObject","inLanguage":"fr-FR","@id":"https:\/\/www.bellunopress.it\/2009\/10\/04\/per-gli-speciali-di-bellunopress-pubblichiamo-la-cronaca-giudiziaria-di-trecento-anni-fa-del-giornalista-scrittore-sante-rossetto\/#primaryimage","url":"http:\/\/www.bellunopress.it\/wp-content\/uploads\/2009\/10\/leone-di-san-marco.jpg","contentUrl":"http:\/\/www.bellunopress.it\/wp-content\/uploads\/2009\/10\/leone-di-san-marco.jpg"},{"@type":"BreadcrumbList","@id":"https:\/\/www.bellunopress.it\/2009\/10\/04\/per-gli-speciali-di-bellunopress-pubblichiamo-la-cronaca-giudiziaria-di-trecento-anni-fa-del-giornalista-scrittore-sante-rossetto\/#breadcrumb","itemListElement":[{"@type":"ListItem","position":1,"name":"Home","item":"https:\/\/www.bellunopress.it\/"},{"@type":"ListItem","position":2,"name":"Per gli speciali di Bellunopress, pubblichiamo la cronaca giudiziaria di trecento anni fa del giornalista-scrittore Sante Rossetto"}]},{"@type":"WebSite","@id":"https:\/\/www.bellunopress.it\/#website","url":"https:\/\/www.bellunopress.it\/","name":"Bellunopress - Dolomiti","description":"e-mail: redazione@bellunopress.it","publisher":{"@id":"https:\/\/www.bellunopress.it\/#organization"},"potentialAction":[{"@type":"SearchAction","target":{"@type":"EntryPoint","urlTemplate":"https:\/\/www.bellunopress.it\/?s={search_term_string}"},"query-input":{"@type":"PropertyValueSpecification","valueRequired":true,"valueName":"search_term_string"}}],"inLanguage":"fr-FR"},{"@type":"Organization","@id":"https:\/\/www.bellunopress.it\/#organization","name":"Bellunopress","url":"https:\/\/www.bellunopress.it\/","logo":{"@type":"ImageObject","inLanguage":"fr-FR","@id":"https:\/\/www.bellunopress.it\/#\/schema\/logo\/image\/","url":"https:\/\/www.bellunopress.it\/wp-content\/uploads\/2011\/05\/cropped-logo-bellunopress-.jpg","contentUrl":"https:\/\/www.bellunopress.it\/wp-content\/uploads\/2011\/05\/cropped-logo-bellunopress-.jpg","width":512,"height":512,"caption":"Bellunopress"},"image":{"@id":"https:\/\/www.bellunopress.it\/#\/schema\/logo\/image\/"},"sameAs":["https:\/\/www.facebook.com\/profile.php?id=100008943462799","https:\/\/x.com\/bellunopress","https:\/\/www.linkedin.com\/hp\/?dnr=JBzUWaJfMUw8vbXJJ2tVW5-I3jZKvC4wsoxE&amp;amp;amp;amp;amp;amp;trk=nav_responsive_tab_home","https:\/\/www.youtube.com\/channel\/UCxL0wu1uN0_3_7hGG0306cw"]},{"@type":"Person","@id":"https:\/\/www.bellunopress.it\/#\/schema\/person\/79bb06722b37ece1c03d3e94beb30d73","name":"r\u00e9daction","image":{"@type":"ImageObject","inLanguage":"fr-FR","@id":"https:\/\/secure.gravatar.com\/avatar\/37d968a2e67a6fd04c169c4bdef102d0bc5d31b2546345219e348575eb80e9a0?s=96&d=mm&r=g","url":"https:\/\/secure.gravatar.com\/avatar\/37d968a2e67a6fd04c169c4bdef102d0bc5d31b2546345219e348575eb80e9a0?s=96&d=mm&r=g","contentUrl":"https:\/\/secure.gravatar.com\/avatar\/37d968a2e67a6fd04c169c4bdef102d0bc5d31b2546345219e348575eb80e9a0?s=96&d=mm&r=g","caption":"redazione"},"sameAs":["http:\/\/www.bellunopress.it","https:\/\/x.com\/bellunopress"],"url":"https:\/\/www.bellunopress.it\/fr\/author\/redazione\/"}]}},"_links":{"self":[{"href":"https:\/\/www.bellunopress.it\/fr\/wp-json\/wp\/v2\/posts\/8654","targetHints":{"allow":["GET"]}}],"collection":[{"href":"https:\/\/www.bellunopress.it\/fr\/wp-json\/wp\/v2\/posts"}],"about":[{"href":"https:\/\/www.bellunopress.it\/fr\/wp-json\/wp\/v2\/types\/post"}],"author":[{"embeddable":true,"href":"https:\/\/www.bellunopress.it\/fr\/wp-json\/wp\/v2\/users\/2"}],"replies":[{"embeddable":true,"href":"https:\/\/www.bellunopress.it\/fr\/wp-json\/wp\/v2\/comments?post=8654"}],"version-history":[{"count":3,"href":"https:\/\/www.bellunopress.it\/fr\/wp-json\/wp\/v2\/posts\/8654\/revisions"}],"predecessor-version":[{"id":12699,"href":"https:\/\/www.bellunopress.it\/fr\/wp-json\/wp\/v2\/posts\/8654\/revisions\/12699"}],"wp:attachment":[{"href":"https:\/\/www.bellunopress.it\/fr\/wp-json\/wp\/v2\/media?parent=8654"}],"wp:term":[{"taxonomy":"category","embeddable":true,"href":"https:\/\/www.bellunopress.it\/fr\/wp-json\/wp\/v2\/categories?post=8654"},{"taxonomy":"post_tag","embeddable":true,"href":"https:\/\/www.bellunopress.it\/fr\/wp-json\/wp\/v2\/tags?post=8654"}],"curies":[{"name":"wp","href":"https:\/\/api.w.org\/{rel}","templated":true}]}}