{"id":8651,"date":"2009-10-03T20:16:33","date_gmt":"2009-10-03T19:16:33","guid":{"rendered":"http:\/\/www.bellunopress.it\/?p=8651"},"modified":"2009-10-03T20:16:33","modified_gmt":"2009-10-03T19:16:33","slug":"da-brescia-al-vajont-in-bicicletta-per-ricordare-le-vittime-di-tutte-le-tragedie-annunciate-stasera-la-veglia-e-domenica-lultima-pedalata-intorno-alla-diga","status":"publish","type":"post","link":"https:\/\/www.bellunopress.it\/fr\/2009\/10\/03\/da-brescia-al-vajont-in-bicicletta-per-ricordare-le-vittime-di-tutte-le-tragedie-annunciate-stasera-la-veglia-e-domenica-lultima-pedalata-intorno-alla-diga\/","title":{"rendered":"Da Brescia al Vajont in bicicletta per ricordare le vittime di tutte le tragedie annunciate. Stasera la veglia e domenica l&#8217;ultima pedalata intorno alla diga"},"content":{"rendered":"<p><a href=\"http:\/\/www.bellunopress.it\/wp-content\/uploads\/2009\/10\/amici-della-bicicletta.jpg\"><img loading=\"lazy\" decoding=\"async\" class=\"alignleft size-medium wp-image-8652\" title=\"amici-della-bicicletta\" src=\"http:\/\/www.bellunopress.it\/wp-content\/uploads\/2009\/10\/amici-della-bicicletta.jpg\" alt=\"\" width=\"290\" height=\"217\" \/><\/a>Ricordare le vittime del Vajont con una veglia notturna sulla diga. L&#8217;iniziativa \u00e8 degli Amici della Bicicletta di Brescia, Milano e Belluno che oggi pomeriggio hanno fatto tappa in piazza Duomo a Belluno. Come l\u2019anno scorso, sono partiti venerd\u00ec in 38 da Brescia (in 4 gioved\u00ec da Milano) e hanno raggiunto la nostra provincia passando per il Lago di Caldonazzo e la Valsugana. Al gruppo lombardo si \u00e8 aggiunto quello dei bellunesi guidato da Bortolo Calligaro, per un totale di una cinquantina di ciclisti. Che questa sera (sabato 3) daranno vita alla veglia notturna con i \u201dCittadini per la Memoria del Vajont\u201d e la giornalista Lucia Vastano, autrice del libro \u201cVajont l\u2019Onda Lunga\u201d, prosecuzione ideale dell\u2019impegno di ricerca e denuncia delle molte responsabilit\u00e0, complicit\u00e0, coperture, che fu di Tina Merlin. La manifestazione si propone l&#8217;obiettivo di istituire una giornata dedicata al ricordo dei caduti di tutte le stragi causate dall&#8217;uomo. Per questo motivo \u00e8 stato scelto come punto di partenza piazza della Loggia a Brescia, dove il 28 maggio del 1974 una bomba esplosa sotto i portici provoc\u00f2 8 morti e pi\u00f9 di 90 feriti. E l&#8217;arrivo sul Vajont, dove il 9 ottobre del 1963 persero la vita 1910 persone. La manifestazione prosegue domenica con un percorso di 20 Km in Val Vajont (partenza alle 10.30 dalla diga) e coinvolger\u00e0 anche alcuni ragazzini di\u00a0 Beslan (Ossezia del Nord), altro luogo tristemente famoso, dove il I settembre del 2004 morirono 394 persone di cui 156 bambini per un attentato in una scuola. Domenica si percorrer\u00e0 la strada che attraversa la zona della frana, passando dalla frazione di Pineda, scendendo poi al ponte sul torrente Vajont e risalendo sulla statale. Dopo\u00a0 la frazione di S. Martino, si arriver\u00e0 a Erto, attraversando il caratteristico abitato di Erto vecchia, e si ritorner\u00e0 alla diga. Prima per\u00f2, chi se la sente, potr\u00e0 salire nel suggestivo paese di Casso (dislivello 150 m), che domina dall\u2019alto la valle. &#8220;L\u2019esercizio per la Memoria del Vajont, oltre al significativo e doveroso ricordo delle vittime,\u00a0 vuole anche essere un invito a riconsiderare il dissennato uso del territorio &#8211; ha detto Massimo Braghini &#8211;\u00a0 Riteniamo che l\u2019andare in bicicletta sia una risposta alla nuova tragedia annunciata dei cambiamenti climatici. E un segno di sensibilit\u00e0 ambientale&#8221;.<\/p>","protected":false},"excerpt":{"rendered":"<p>Ricordare le vittime del Vajont con una veglia notturna sulla diga. L&#8217;iniziativa \u00e8 degli Amici della Bicicletta di Brescia, Milano e Belluno che oggi pomeriggio hanno fatto tappa in piazza Duomo a Belluno. Come l\u2019anno scorso, sono partiti venerd\u00ec in 38 da Brescia (in 4 gioved\u00ec da Milano) e hanno raggiunto la nostra provincia passando [&hellip;]<\/p>\n","protected":false},"author":2,"featured_media":0,"comment_status":"closed","ping_status":"open","sticky":false,"template":"","format":"standard","meta":{"footnotes":""},"categories":[5],"tags":[139],"class_list":["post-8651","post","type-post","status-publish","format-standard","category-cronaca","tag-belluno"],"yoast_head":"<!-- This site is optimized with the Yoast SEO plugin v28.4 - https:\/\/yoast.com\/product\/yoast-seo-wordpress\/ -->\n<title>Da Brescia al Vajont in bicicletta per ricordare le vittime di tutte le tragedie annunciate. Stasera la veglia e domenica l&#039;ultima pedalata intorno alla diga  - Bellunopress - Dolomiti<\/title>\n<meta name=\"robots\" content=\"index, follow, max-snippet:-1, max-image-preview:large, max-video-preview:-1\" \/>\n<link rel=\"canonical\" href=\"https:\/\/www.bellunopress.it\/fr\/2009\/10\/03\/da-brescia-al-vajont-in-bicicletta-per-ricordare-le-vittime-di-tutte-le-tragedie-annunciate-stasera-la-veglia-e-domenica-lultima-pedalata-intorno-alla-diga\/\" \/>\n<meta property=\"og:locale\" content=\"fr_FR\" \/>\n<meta property=\"og:type\" content=\"article\" \/>\n<meta property=\"og:title\" content=\"Da Brescia al Vajont in bicicletta per ricordare le vittime di tutte le tragedie annunciate. Stasera la veglia e domenica l&#039;ultima pedalata intorno alla diga  - Bellunopress - Dolomiti\" \/>\n<meta property=\"og:description\" content=\"Ricordare le vittime del Vajont con una veglia notturna sulla diga. L&#8217;iniziativa \u00e8 degli Amici della Bicicletta di Brescia, Milano e Belluno che oggi pomeriggio hanno fatto tappa in piazza Duomo a Belluno. Come l\u2019anno scorso, sono partiti venerd\u00ec in 38 da Brescia (in 4 gioved\u00ec da Milano) e hanno raggiunto la nostra provincia passando [&hellip;]\" \/>\n<meta property=\"og:url\" content=\"https:\/\/www.bellunopress.it\/fr\/2009\/10\/03\/da-brescia-al-vajont-in-bicicletta-per-ricordare-le-vittime-di-tutte-le-tragedie-annunciate-stasera-la-veglia-e-domenica-lultima-pedalata-intorno-alla-diga\/\" \/>\n<meta property=\"og:site_name\" content=\"Bellunopress - Dolomiti\" \/>\n<meta property=\"article:publisher\" content=\"https:\/\/www.facebook.com\/profile.php?id=100008943462799\" \/>\n<meta property=\"article:published_time\" content=\"2009-10-03T19:16:33+00:00\" \/>\n<meta property=\"og:image\" content=\"http:\/\/www.bellunopress.it\/wp-content\/uploads\/2009\/10\/amici-della-bicicletta.jpg\" \/>\n<meta name=\"author\" content=\"redazione\" \/>\n<meta name=\"twitter:card\" content=\"summary_large_image\" \/>\n<meta name=\"twitter:creator\" content=\"@bellunopress\" \/>\n<meta name=\"twitter:site\" content=\"@bellunopress\" \/>\n<meta name=\"twitter:label1\" content=\"\u00c9crit par\" \/>\n\t<meta name=\"twitter:data1\" content=\"redazione\" \/>\n\t<meta name=\"twitter:label2\" content=\"Dur\u00e9e de lecture estim\u00e9e\" \/>\n\t<meta name=\"twitter:data2\" content=\"2 minutes\" \/>\n<script type=\"application\/ld+json\" class=\"yoast-schema-graph\">{\"@context\":\"https:\\\/\\\/schema.org\",\"@graph\":[{\"@type\":\"Article\",\"@id\":\"https:\\\/\\\/www.bellunopress.it\\\/2009\\\/10\\\/03\\\/da-brescia-al-vajont-in-bicicletta-per-ricordare-le-vittime-di-tutte-le-tragedie-annunciate-stasera-la-veglia-e-domenica-lultima-pedalata-intorno-alla-diga\\\/#article\",\"isPartOf\":{\"@id\":\"https:\\\/\\\/www.bellunopress.it\\\/2009\\\/10\\\/03\\\/da-brescia-al-vajont-in-bicicletta-per-ricordare-le-vittime-di-tutte-le-tragedie-annunciate-stasera-la-veglia-e-domenica-lultima-pedalata-intorno-alla-diga\\\/\"},\"author\":{\"name\":\"redazione\",\"@id\":\"https:\\\/\\\/www.bellunopress.it\\\/#\\\/schema\\\/person\\\/79bb06722b37ece1c03d3e94beb30d73\"},\"headline\":\"Da Brescia al Vajont in bicicletta per ricordare le vittime di tutte le tragedie annunciate. Stasera la veglia e domenica l&#8217;ultima pedalata intorno alla diga\",\"datePublished\":\"2009-10-03T19:16:33+00:00\",\"mainEntityOfPage\":{\"@id\":\"https:\\\/\\\/www.bellunopress.it\\\/2009\\\/10\\\/03\\\/da-brescia-al-vajont-in-bicicletta-per-ricordare-le-vittime-di-tutte-le-tragedie-annunciate-stasera-la-veglia-e-domenica-lultima-pedalata-intorno-alla-diga\\\/\"},\"wordCount\":391,\"publisher\":{\"@id\":\"https:\\\/\\\/www.bellunopress.it\\\/#organization\"},\"image\":{\"@id\":\"https:\\\/\\\/www.bellunopress.it\\\/2009\\\/10\\\/03\\\/da-brescia-al-vajont-in-bicicletta-per-ricordare-le-vittime-di-tutte-le-tragedie-annunciate-stasera-la-veglia-e-domenica-lultima-pedalata-intorno-alla-diga\\\/#primaryimage\"},\"thumbnailUrl\":\"http:\\\/\\\/www.bellunopress.it\\\/wp-content\\\/uploads\\\/2009\\\/10\\\/amici-della-bicicletta.jpg\",\"keywords\":[\"Belluno\"],\"articleSection\":[\"Cronaca\\\/Politica\"],\"inLanguage\":\"fr-FR\"},{\"@type\":\"WebPage\",\"@id\":\"https:\\\/\\\/www.bellunopress.it\\\/2009\\\/10\\\/03\\\/da-brescia-al-vajont-in-bicicletta-per-ricordare-le-vittime-di-tutte-le-tragedie-annunciate-stasera-la-veglia-e-domenica-lultima-pedalata-intorno-alla-diga\\\/\",\"url\":\"https:\\\/\\\/www.bellunopress.it\\\/2009\\\/10\\\/03\\\/da-brescia-al-vajont-in-bicicletta-per-ricordare-le-vittime-di-tutte-le-tragedie-annunciate-stasera-la-veglia-e-domenica-lultima-pedalata-intorno-alla-diga\\\/\",\"name\":\"Da Brescia al Vajont in bicicletta per ricordare le vittime di tutte le tragedie annunciate. Stasera la veglia e domenica l'ultima pedalata intorno alla diga - Bellunopress - Dolomiti\",\"isPartOf\":{\"@id\":\"https:\\\/\\\/www.bellunopress.it\\\/#website\"},\"primaryImageOfPage\":{\"@id\":\"https:\\\/\\\/www.bellunopress.it\\\/2009\\\/10\\\/03\\\/da-brescia-al-vajont-in-bicicletta-per-ricordare-le-vittime-di-tutte-le-tragedie-annunciate-stasera-la-veglia-e-domenica-lultima-pedalata-intorno-alla-diga\\\/#primaryimage\"},\"image\":{\"@id\":\"https:\\\/\\\/www.bellunopress.it\\\/2009\\\/10\\\/03\\\/da-brescia-al-vajont-in-bicicletta-per-ricordare-le-vittime-di-tutte-le-tragedie-annunciate-stasera-la-veglia-e-domenica-lultima-pedalata-intorno-alla-diga\\\/#primaryimage\"},\"thumbnailUrl\":\"http:\\\/\\\/www.bellunopress.it\\\/wp-content\\\/uploads\\\/2009\\\/10\\\/amici-della-bicicletta.jpg\",\"datePublished\":\"2009-10-03T19:16:33+00:00\",\"breadcrumb\":{\"@id\":\"https:\\\/\\\/www.bellunopress.it\\\/2009\\\/10\\\/03\\\/da-brescia-al-vajont-in-bicicletta-per-ricordare-le-vittime-di-tutte-le-tragedie-annunciate-stasera-la-veglia-e-domenica-lultima-pedalata-intorno-alla-diga\\\/#breadcrumb\"},\"inLanguage\":\"fr-FR\",\"potentialAction\":[{\"@type\":\"ReadAction\",\"target\":[\"https:\\\/\\\/www.bellunopress.it\\\/2009\\\/10\\\/03\\\/da-brescia-al-vajont-in-bicicletta-per-ricordare-le-vittime-di-tutte-le-tragedie-annunciate-stasera-la-veglia-e-domenica-lultima-pedalata-intorno-alla-diga\\\/\"]}]},{\"@type\":\"ImageObject\",\"inLanguage\":\"fr-FR\",\"@id\":\"https:\\\/\\\/www.bellunopress.it\\\/2009\\\/10\\\/03\\\/da-brescia-al-vajont-in-bicicletta-per-ricordare-le-vittime-di-tutte-le-tragedie-annunciate-stasera-la-veglia-e-domenica-lultima-pedalata-intorno-alla-diga\\\/#primaryimage\",\"url\":\"http:\\\/\\\/www.bellunopress.it\\\/wp-content\\\/uploads\\\/2009\\\/10\\\/amici-della-bicicletta.jpg\",\"contentUrl\":\"http:\\\/\\\/www.bellunopress.it\\\/wp-content\\\/uploads\\\/2009\\\/10\\\/amici-della-bicicletta.jpg\"},{\"@type\":\"BreadcrumbList\",\"@id\":\"https:\\\/\\\/www.bellunopress.it\\\/2009\\\/10\\\/03\\\/da-brescia-al-vajont-in-bicicletta-per-ricordare-le-vittime-di-tutte-le-tragedie-annunciate-stasera-la-veglia-e-domenica-lultima-pedalata-intorno-alla-diga\\\/#breadcrumb\",\"itemListElement\":[{\"@type\":\"ListItem\",\"position\":1,\"name\":\"Home\",\"item\":\"https:\\\/\\\/www.bellunopress.it\\\/\"},{\"@type\":\"ListItem\",\"position\":2,\"name\":\"Da Brescia al Vajont in bicicletta per ricordare le vittime di tutte le tragedie annunciate. Stasera la veglia e domenica l&#8217;ultima pedalata intorno alla diga\"}]},{\"@type\":\"WebSite\",\"@id\":\"https:\\\/\\\/www.bellunopress.it\\\/#website\",\"url\":\"https:\\\/\\\/www.bellunopress.it\\\/\",\"name\":\"Bellunopress - Dolomiti\",\"description\":\"e-mail: redazione@bellunopress.it\",\"publisher\":{\"@id\":\"https:\\\/\\\/www.bellunopress.it\\\/#organization\"},\"potentialAction\":[{\"@type\":\"SearchAction\",\"target\":{\"@type\":\"EntryPoint\",\"urlTemplate\":\"https:\\\/\\\/www.bellunopress.it\\\/?s={search_term_string}\"},\"query-input\":{\"@type\":\"PropertyValueSpecification\",\"valueRequired\":true,\"valueName\":\"search_term_string\"}}],\"inLanguage\":\"fr-FR\"},{\"@type\":\"Organization\",\"@id\":\"https:\\\/\\\/www.bellunopress.it\\\/#organization\",\"name\":\"Bellunopress\",\"url\":\"https:\\\/\\\/www.bellunopress.it\\\/\",\"logo\":{\"@type\":\"ImageObject\",\"inLanguage\":\"fr-FR\",\"@id\":\"https:\\\/\\\/www.bellunopress.it\\\/#\\\/schema\\\/logo\\\/image\\\/\",\"url\":\"https:\\\/\\\/www.bellunopress.it\\\/wp-content\\\/uploads\\\/2011\\\/05\\\/cropped-logo-bellunopress-.jpg\",\"contentUrl\":\"https:\\\/\\\/www.bellunopress.it\\\/wp-content\\\/uploads\\\/2011\\\/05\\\/cropped-logo-bellunopress-.jpg\",\"width\":512,\"height\":512,\"caption\":\"Bellunopress\"},\"image\":{\"@id\":\"https:\\\/\\\/www.bellunopress.it\\\/#\\\/schema\\\/logo\\\/image\\\/\"},\"sameAs\":[\"https:\\\/\\\/www.facebook.com\\\/profile.php?id=100008943462799\",\"https:\\\/\\\/x.com\\\/bellunopress\",\"https:\\\/\\\/www.linkedin.com\\\/hp\\\/?dnr=JBzUWaJfMUw8vbXJJ2tVW5-I3jZKvC4wsoxE&amp;amp;amp;amp;amp;amp;trk=nav_responsive_tab_home\",\"https:\\\/\\\/www.youtube.com\\\/channel\\\/UCxL0wu1uN0_3_7hGG0306cw\"]},{\"@type\":\"Person\",\"@id\":\"https:\\\/\\\/www.bellunopress.it\\\/#\\\/schema\\\/person\\\/79bb06722b37ece1c03d3e94beb30d73\",\"name\":\"redazione\",\"image\":{\"@type\":\"ImageObject\",\"inLanguage\":\"fr-FR\",\"@id\":\"https:\\\/\\\/secure.gravatar.com\\\/avatar\\\/37d968a2e67a6fd04c169c4bdef102d0bc5d31b2546345219e348575eb80e9a0?s=96&d=mm&r=g\",\"url\":\"https:\\\/\\\/secure.gravatar.com\\\/avatar\\\/37d968a2e67a6fd04c169c4bdef102d0bc5d31b2546345219e348575eb80e9a0?s=96&d=mm&r=g\",\"contentUrl\":\"https:\\\/\\\/secure.gravatar.com\\\/avatar\\\/37d968a2e67a6fd04c169c4bdef102d0bc5d31b2546345219e348575eb80e9a0?s=96&d=mm&r=g\",\"caption\":\"redazione\"},\"sameAs\":[\"http:\\\/\\\/www.bellunopress.it\",\"https:\\\/\\\/x.com\\\/bellunopress\"],\"url\":\"https:\\\/\\\/www.bellunopress.it\\\/fr\\\/author\\\/redazione\\\/\"}]}<\/script>\n<!-- \/ Yoast SEO plugin. -->","yoast_head_json":{"title":"Da Brescia al Vajont in bicicletta per ricordare le vittime di tutte le tragedie annunciate. Stasera la veglia e domenica l'ultima pedalata intorno alla diga  - Bellunopress - Dolomiti","robots":{"index":"index","follow":"follow","max-snippet":"max-snippet:-1","max-image-preview":"max-image-preview:large","max-video-preview":"max-video-preview:-1"},"canonical":"https:\/\/www.bellunopress.it\/fr\/2009\/10\/03\/da-brescia-al-vajont-in-bicicletta-per-ricordare-le-vittime-di-tutte-le-tragedie-annunciate-stasera-la-veglia-e-domenica-lultima-pedalata-intorno-alla-diga\/","og_locale":"fr_FR","og_type":"article","og_title":"Da Brescia al Vajont in bicicletta per ricordare le vittime di tutte le tragedie annunciate. Stasera la veglia e domenica l'ultima pedalata intorno alla diga  - Bellunopress - Dolomiti","og_description":"Ricordare le vittime del Vajont con una veglia notturna sulla diga. L&#8217;iniziativa \u00e8 degli Amici della Bicicletta di Brescia, Milano e Belluno che oggi pomeriggio hanno fatto tappa in piazza Duomo a Belluno. Come l\u2019anno scorso, sono partiti venerd\u00ec in 38 da Brescia (in 4 gioved\u00ec da Milano) e hanno raggiunto la nostra provincia passando [&hellip;]","og_url":"https:\/\/www.bellunopress.it\/fr\/2009\/10\/03\/da-brescia-al-vajont-in-bicicletta-per-ricordare-le-vittime-di-tutte-le-tragedie-annunciate-stasera-la-veglia-e-domenica-lultima-pedalata-intorno-alla-diga\/","og_site_name":"Bellunopress - Dolomiti","article_publisher":"https:\/\/www.facebook.com\/profile.php?id=100008943462799","article_published_time":"2009-10-03T19:16:33+00:00","og_image":[{"url":"http:\/\/www.bellunopress.it\/wp-content\/uploads\/2009\/10\/amici-della-bicicletta.jpg","type":"","width":"","height":""}],"author":"redazione","twitter_card":"summary_large_image","twitter_creator":"@bellunopress","twitter_site":"@bellunopress","twitter_misc":{"\u00c9crit par":"redazione","Dur\u00e9e de lecture estim\u00e9e":"2 minutes"},"schema":{"@context":"https:\/\/schema.org","@graph":[{"@type":"Article","@id":"https:\/\/www.bellunopress.it\/2009\/10\/03\/da-brescia-al-vajont-in-bicicletta-per-ricordare-le-vittime-di-tutte-le-tragedie-annunciate-stasera-la-veglia-e-domenica-lultima-pedalata-intorno-alla-diga\/#article","isPartOf":{"@id":"https:\/\/www.bellunopress.it\/2009\/10\/03\/da-brescia-al-vajont-in-bicicletta-per-ricordare-le-vittime-di-tutte-le-tragedie-annunciate-stasera-la-veglia-e-domenica-lultima-pedalata-intorno-alla-diga\/"},"author":{"name":"redazione","@id":"https:\/\/www.bellunopress.it\/#\/schema\/person\/79bb06722b37ece1c03d3e94beb30d73"},"headline":"Da Brescia al Vajont in bicicletta per ricordare le vittime di tutte le tragedie annunciate. Stasera la veglia e domenica l&#8217;ultima pedalata intorno alla diga","datePublished":"2009-10-03T19:16:33+00:00","mainEntityOfPage":{"@id":"https:\/\/www.bellunopress.it\/2009\/10\/03\/da-brescia-al-vajont-in-bicicletta-per-ricordare-le-vittime-di-tutte-le-tragedie-annunciate-stasera-la-veglia-e-domenica-lultima-pedalata-intorno-alla-diga\/"},"wordCount":391,"publisher":{"@id":"https:\/\/www.bellunopress.it\/#organization"},"image":{"@id":"https:\/\/www.bellunopress.it\/2009\/10\/03\/da-brescia-al-vajont-in-bicicletta-per-ricordare-le-vittime-di-tutte-le-tragedie-annunciate-stasera-la-veglia-e-domenica-lultima-pedalata-intorno-alla-diga\/#primaryimage"},"thumbnailUrl":"http:\/\/www.bellunopress.it\/wp-content\/uploads\/2009\/10\/amici-della-bicicletta.jpg","keywords":["Belluno"],"articleSection":["Cronaca\/Politica"],"inLanguage":"fr-FR"},{"@type":"WebPage","@id":"https:\/\/www.bellunopress.it\/2009\/10\/03\/da-brescia-al-vajont-in-bicicletta-per-ricordare-le-vittime-di-tutte-le-tragedie-annunciate-stasera-la-veglia-e-domenica-lultima-pedalata-intorno-alla-diga\/","url":"https:\/\/www.bellunopress.it\/2009\/10\/03\/da-brescia-al-vajont-in-bicicletta-per-ricordare-le-vittime-di-tutte-le-tragedie-annunciate-stasera-la-veglia-e-domenica-lultima-pedalata-intorno-alla-diga\/","name":"Da Brescia al Vajont in bicicletta per ricordare le vittime di tutte le tragedie annunciate. Stasera la veglia e domenica l'ultima pedalata intorno alla diga - Bellunopress - Dolomiti","isPartOf":{"@id":"https:\/\/www.bellunopress.it\/#website"},"primaryImageOfPage":{"@id":"https:\/\/www.bellunopress.it\/2009\/10\/03\/da-brescia-al-vajont-in-bicicletta-per-ricordare-le-vittime-di-tutte-le-tragedie-annunciate-stasera-la-veglia-e-domenica-lultima-pedalata-intorno-alla-diga\/#primaryimage"},"image":{"@id":"https:\/\/www.bellunopress.it\/2009\/10\/03\/da-brescia-al-vajont-in-bicicletta-per-ricordare-le-vittime-di-tutte-le-tragedie-annunciate-stasera-la-veglia-e-domenica-lultima-pedalata-intorno-alla-diga\/#primaryimage"},"thumbnailUrl":"http:\/\/www.bellunopress.it\/wp-content\/uploads\/2009\/10\/amici-della-bicicletta.jpg","datePublished":"2009-10-03T19:16:33+00:00","breadcrumb":{"@id":"https:\/\/www.bellunopress.it\/2009\/10\/03\/da-brescia-al-vajont-in-bicicletta-per-ricordare-le-vittime-di-tutte-le-tragedie-annunciate-stasera-la-veglia-e-domenica-lultima-pedalata-intorno-alla-diga\/#breadcrumb"},"inLanguage":"fr-FR","potentialAction":[{"@type":"ReadAction","target":["https:\/\/www.bellunopress.it\/2009\/10\/03\/da-brescia-al-vajont-in-bicicletta-per-ricordare-le-vittime-di-tutte-le-tragedie-annunciate-stasera-la-veglia-e-domenica-lultima-pedalata-intorno-alla-diga\/"]}]},{"@type":"ImageObject","inLanguage":"fr-FR","@id":"https:\/\/www.bellunopress.it\/2009\/10\/03\/da-brescia-al-vajont-in-bicicletta-per-ricordare-le-vittime-di-tutte-le-tragedie-annunciate-stasera-la-veglia-e-domenica-lultima-pedalata-intorno-alla-diga\/#primaryimage","url":"http:\/\/www.bellunopress.it\/wp-content\/uploads\/2009\/10\/amici-della-bicicletta.jpg","contentUrl":"http:\/\/www.bellunopress.it\/wp-content\/uploads\/2009\/10\/amici-della-bicicletta.jpg"},{"@type":"BreadcrumbList","@id":"https:\/\/www.bellunopress.it\/2009\/10\/03\/da-brescia-al-vajont-in-bicicletta-per-ricordare-le-vittime-di-tutte-le-tragedie-annunciate-stasera-la-veglia-e-domenica-lultima-pedalata-intorno-alla-diga\/#breadcrumb","itemListElement":[{"@type":"ListItem","position":1,"name":"Home","item":"https:\/\/www.bellunopress.it\/"},{"@type":"ListItem","position":2,"name":"Da Brescia al Vajont in bicicletta per ricordare le vittime di tutte le tragedie annunciate. Stasera la veglia e domenica l&#8217;ultima pedalata intorno alla diga"}]},{"@type":"WebSite","@id":"https:\/\/www.bellunopress.it\/#website","url":"https:\/\/www.bellunopress.it\/","name":"Bellunopress - Dolomiti","description":"e-mail: redazione@bellunopress.it","publisher":{"@id":"https:\/\/www.bellunopress.it\/#organization"},"potentialAction":[{"@type":"SearchAction","target":{"@type":"EntryPoint","urlTemplate":"https:\/\/www.bellunopress.it\/?s={search_term_string}"},"query-input":{"@type":"PropertyValueSpecification","valueRequired":true,"valueName":"search_term_string"}}],"inLanguage":"fr-FR"},{"@type":"Organization","@id":"https:\/\/www.bellunopress.it\/#organization","name":"Bellunopress","url":"https:\/\/www.bellunopress.it\/","logo":{"@type":"ImageObject","inLanguage":"fr-FR","@id":"https:\/\/www.bellunopress.it\/#\/schema\/logo\/image\/","url":"https:\/\/www.bellunopress.it\/wp-content\/uploads\/2011\/05\/cropped-logo-bellunopress-.jpg","contentUrl":"https:\/\/www.bellunopress.it\/wp-content\/uploads\/2011\/05\/cropped-logo-bellunopress-.jpg","width":512,"height":512,"caption":"Bellunopress"},"image":{"@id":"https:\/\/www.bellunopress.it\/#\/schema\/logo\/image\/"},"sameAs":["https:\/\/www.facebook.com\/profile.php?id=100008943462799","https:\/\/x.com\/bellunopress","https:\/\/www.linkedin.com\/hp\/?dnr=JBzUWaJfMUw8vbXJJ2tVW5-I3jZKvC4wsoxE&amp;amp;amp;amp;amp;amp;trk=nav_responsive_tab_home","https:\/\/www.youtube.com\/channel\/UCxL0wu1uN0_3_7hGG0306cw"]},{"@type":"Person","@id":"https:\/\/www.bellunopress.it\/#\/schema\/person\/79bb06722b37ece1c03d3e94beb30d73","name":"r\u00e9daction","image":{"@type":"ImageObject","inLanguage":"fr-FR","@id":"https:\/\/secure.gravatar.com\/avatar\/37d968a2e67a6fd04c169c4bdef102d0bc5d31b2546345219e348575eb80e9a0?s=96&d=mm&r=g","url":"https:\/\/secure.gravatar.com\/avatar\/37d968a2e67a6fd04c169c4bdef102d0bc5d31b2546345219e348575eb80e9a0?s=96&d=mm&r=g","contentUrl":"https:\/\/secure.gravatar.com\/avatar\/37d968a2e67a6fd04c169c4bdef102d0bc5d31b2546345219e348575eb80e9a0?s=96&d=mm&r=g","caption":"redazione"},"sameAs":["http:\/\/www.bellunopress.it","https:\/\/x.com\/bellunopress"],"url":"https:\/\/www.bellunopress.it\/fr\/author\/redazione\/"}]}},"_links":{"self":[{"href":"https:\/\/www.bellunopress.it\/fr\/wp-json\/wp\/v2\/posts\/8651","targetHints":{"allow":["GET"]}}],"collection":[{"href":"https:\/\/www.bellunopress.it\/fr\/wp-json\/wp\/v2\/posts"}],"about":[{"href":"https:\/\/www.bellunopress.it\/fr\/wp-json\/wp\/v2\/types\/post"}],"author":[{"embeddable":true,"href":"https:\/\/www.bellunopress.it\/fr\/wp-json\/wp\/v2\/users\/2"}],"replies":[{"embeddable":true,"href":"https:\/\/www.bellunopress.it\/fr\/wp-json\/wp\/v2\/comments?post=8651"}],"version-history":[{"count":1,"href":"https:\/\/www.bellunopress.it\/fr\/wp-json\/wp\/v2\/posts\/8651\/revisions"}],"predecessor-version":[{"id":8653,"href":"https:\/\/www.bellunopress.it\/fr\/wp-json\/wp\/v2\/posts\/8651\/revisions\/8653"}],"wp:attachment":[{"href":"https:\/\/www.bellunopress.it\/fr\/wp-json\/wp\/v2\/media?parent=8651"}],"wp:term":[{"taxonomy":"category","embeddable":true,"href":"https:\/\/www.bellunopress.it\/fr\/wp-json\/wp\/v2\/categories?post=8651"},{"taxonomy":"post_tag","embeddable":true,"href":"https:\/\/www.bellunopress.it\/fr\/wp-json\/wp\/v2\/tags?post=8651"}],"curies":[{"name":"wp","href":"https:\/\/api.w.org\/{rel}","templated":true}]}}