{"id":863,"date":"2009-02-20T13:03:42","date_gmt":"2009-02-20T12:03:42","guid":{"rendered":"http:\/\/www.bellunopress.it\/?p=863"},"modified":"2009-02-20T13:03:42","modified_gmt":"2009-02-20T12:03:42","slug":"quote-latte-iniziativa-del-senatore-fistarol","status":"publish","type":"post","link":"https:\/\/www.bellunopress.it\/fr\/2009\/02\/20\/quote-latte-iniziativa-del-senatore-fistarol\/","title":{"rendered":"Quote latte: iniziativa del senatore Fistarol"},"content":{"rendered":"<p><a href=\"http:\/\/www.bellunopress.it\/wp-content\/uploads\/2009\/02\/maurizio-fistarol.jpg\"><img loading=\"lazy\" decoding=\"async\" class=\"alignleft size-medium wp-image-864\" title=\"maurizio-fistarol\" src=\"http:\/\/www.bellunopress.it\/wp-content\/uploads\/2009\/02\/maurizio-fistarol.jpg\" alt=\"\" width=\"83\" height=\"110\" \/><\/a>Il senatore del Partito democratico, Maurizio Fistarol, risponde alle sollecitazioni degli imprenditori agricoli della provincia di Belluno che hanno chiesto l\u2019intervento dei parlamentari locali per modificare il decreto legge sulle Quote latte, approvato recentemente dal Governo e ora all\u2019esame del Parlamento. \u201cIl Partito democratico &#8211; afferma Fistarol &#8211; ha presentato in commissione Agricoltura al Senato un pacchetto di emendamenti. L&#8217;intervento si \u00e8 concentrato su una serie di punti decisivi per chiudere la partita, ma orientati a sostenere coloro che hanno sempre operato nella legalit\u00e0. Per la stragrande maggioranza dei produttori di latte, infatti, questo decreto \u00e8 penalizzante e il Pd si impegner\u00e0 in Parlamento per dare voce a tutte le associazioni di categoria e agli allevatori che hanno agito nel rispetto delle regole&#8221;. L\u2019esame e le votazioni agli emendamenti al decreto legge n. 4 del 2009 \u201cMisure urgenti in materia di produzione lattiera e rateizzazione del debito nel settore lattiero-caseario\u201d in commissione Agricoltura si terranno molto probabilmente la prossima settimana. Altra questione spinosa: le agevolazioni previdenziali per le zone montane e svantaggiate. Secondo il senatore Fistarol\u00a0 \u00e8 necessario intervenire subito per evitare di mettere in ginocchio il gi\u00e0 debole sistema agricolo di montagna. Un problema che \u00e8 stato sollevato, nei giorni scorsi, anche dal Presidente della Confagricoltura di Belluno, Diego Donazzolo. Secondo i calcoli comunicati dall\u2019associazione le giornate di lavoro in zone montane e svantaggiate sarebbero 85 milioni su poco pi\u00f9 di 100 milioni. La mancata proroga della legge 81\/2006 sulla fiscalizzazione delle aree svantaggiate, dunque, peserebbe per 275 milioni di euro all\u2019anno sul sistema agricolo. \u201cCi siamo interessati anche a questo tema &#8211; dichiara l\u2019ex sindaco di Belluno &#8211; cos\u00ec importante per l\u2019agricoltura di montagna. Per la fiscalizzazione si \u00e8 raggiunto un accordo positivo con la commissione Bilancio del Senato, che dovrebbe portare ad un emendamento al decreto legge n. 4 sostenuto unitariamente dall\u2019opposizione e dalla maggioranza. Il provvedimento dovrebbe essere presentato quando il decreto approder\u00e0 nell\u2019aula di Palazzo Madama. Il nostro impegno prosegue &#8211; conclude Fistarol &#8211; affinch\u00e9 sia garantito il buon esito dell\u2019iniziativa\u201d.<\/p>","protected":false},"excerpt":{"rendered":"<p>Il senatore del Partito democratico, Maurizio Fistarol, risponde alle sollecitazioni degli imprenditori agricoli della provincia di Belluno che hanno chiesto l\u2019intervento dei parlamentari locali per modificare il decreto legge sulle Quote latte, approvato recentemente dal Governo e ora all\u2019esame del Parlamento. \u201cIl Partito democratico &#8211; afferma Fistarol &#8211; ha presentato in commissione Agricoltura al Senato [&hellip;]<\/p>\n","protected":false},"author":2,"featured_media":0,"comment_status":"closed","ping_status":"open","sticky":false,"template":"","format":"standard","meta":{"footnotes":""},"categories":[1],"tags":[139],"class_list":["post-863","post","type-post","status-publish","format-standard","category-leo","tag-belluno"],"yoast_head":"<!-- This site is optimized with the Yoast SEO plugin v28.4 - https:\/\/yoast.com\/product\/yoast-seo-wordpress\/ -->\n<title>Quote latte: iniziativa del senatore Fistarol - Bellunopress - Dolomiti<\/title>\n<meta name=\"robots\" content=\"index, follow, max-snippet:-1, max-image-preview:large, max-video-preview:-1\" \/>\n<link rel=\"canonical\" href=\"https:\/\/www.bellunopress.it\/fr\/2009\/02\/20\/quote-latte-iniziativa-del-senatore-fistarol\/\" \/>\n<meta property=\"og:locale\" content=\"fr_FR\" \/>\n<meta property=\"og:type\" content=\"article\" \/>\n<meta property=\"og:title\" content=\"Quote latte: iniziativa del senatore Fistarol - Bellunopress - Dolomiti\" \/>\n<meta property=\"og:description\" content=\"Il senatore del Partito democratico, Maurizio Fistarol, risponde alle sollecitazioni degli imprenditori agricoli della provincia di Belluno che hanno chiesto l\u2019intervento dei parlamentari locali per modificare il decreto legge sulle Quote latte, approvato recentemente dal Governo e ora all\u2019esame del Parlamento. \u201cIl Partito democratico &#8211; afferma Fistarol &#8211; ha presentato in commissione Agricoltura al Senato [&hellip;]\" \/>\n<meta property=\"og:url\" content=\"https:\/\/www.bellunopress.it\/fr\/2009\/02\/20\/quote-latte-iniziativa-del-senatore-fistarol\/\" \/>\n<meta property=\"og:site_name\" content=\"Bellunopress - Dolomiti\" \/>\n<meta property=\"article:publisher\" content=\"https:\/\/www.facebook.com\/profile.php?id=100008943462799\" \/>\n<meta property=\"article:published_time\" content=\"2009-02-20T12:03:42+00:00\" \/>\n<meta property=\"og:image\" content=\"http:\/\/www.bellunopress.it\/wp-content\/uploads\/2009\/02\/maurizio-fistarol.jpg\" \/>\n<meta name=\"author\" content=\"redazione\" \/>\n<meta name=\"twitter:card\" content=\"summary_large_image\" \/>\n<meta name=\"twitter:creator\" content=\"@bellunopress\" \/>\n<meta name=\"twitter:site\" content=\"@bellunopress\" \/>\n<meta name=\"twitter:label1\" content=\"\u00c9crit par\" \/>\n\t<meta name=\"twitter:data1\" content=\"redazione\" \/>\n\t<meta name=\"twitter:label2\" content=\"Dur\u00e9e de lecture estim\u00e9e\" \/>\n\t<meta name=\"twitter:data2\" content=\"2 minutes\" \/>\n<script type=\"application\/ld+json\" class=\"yoast-schema-graph\">{\"@context\":\"https:\\\/\\\/schema.org\",\"@graph\":[{\"@type\":\"Article\",\"@id\":\"https:\\\/\\\/www.bellunopress.it\\\/2009\\\/02\\\/20\\\/quote-latte-iniziativa-del-senatore-fistarol\\\/#article\",\"isPartOf\":{\"@id\":\"https:\\\/\\\/www.bellunopress.it\\\/2009\\\/02\\\/20\\\/quote-latte-iniziativa-del-senatore-fistarol\\\/\"},\"author\":{\"name\":\"redazione\",\"@id\":\"https:\\\/\\\/www.bellunopress.it\\\/#\\\/schema\\\/person\\\/79bb06722b37ece1c03d3e94beb30d73\"},\"headline\":\"Quote latte: iniziativa del senatore Fistarol\",\"datePublished\":\"2009-02-20T12:03:42+00:00\",\"mainEntityOfPage\":{\"@id\":\"https:\\\/\\\/www.bellunopress.it\\\/2009\\\/02\\\/20\\\/quote-latte-iniziativa-del-senatore-fistarol\\\/\"},\"wordCount\":341,\"publisher\":{\"@id\":\"https:\\\/\\\/www.bellunopress.it\\\/#organization\"},\"image\":{\"@id\":\"https:\\\/\\\/www.bellunopress.it\\\/2009\\\/02\\\/20\\\/quote-latte-iniziativa-del-senatore-fistarol\\\/#primaryimage\"},\"thumbnailUrl\":\"http:\\\/\\\/www.bellunopress.it\\\/wp-content\\\/uploads\\\/2009\\\/02\\\/maurizio-fistarol.jpg\",\"keywords\":[\"Belluno\"],\"articleSection\":[\"Lettere Opinioni\"],\"inLanguage\":\"fr-FR\"},{\"@type\":\"WebPage\",\"@id\":\"https:\\\/\\\/www.bellunopress.it\\\/2009\\\/02\\\/20\\\/quote-latte-iniziativa-del-senatore-fistarol\\\/\",\"url\":\"https:\\\/\\\/www.bellunopress.it\\\/2009\\\/02\\\/20\\\/quote-latte-iniziativa-del-senatore-fistarol\\\/\",\"name\":\"Quote latte: iniziativa del senatore Fistarol - Bellunopress - Dolomiti\",\"isPartOf\":{\"@id\":\"https:\\\/\\\/www.bellunopress.it\\\/#website\"},\"primaryImageOfPage\":{\"@id\":\"https:\\\/\\\/www.bellunopress.it\\\/2009\\\/02\\\/20\\\/quote-latte-iniziativa-del-senatore-fistarol\\\/#primaryimage\"},\"image\":{\"@id\":\"https:\\\/\\\/www.bellunopress.it\\\/2009\\\/02\\\/20\\\/quote-latte-iniziativa-del-senatore-fistarol\\\/#primaryimage\"},\"thumbnailUrl\":\"http:\\\/\\\/www.bellunopress.it\\\/wp-content\\\/uploads\\\/2009\\\/02\\\/maurizio-fistarol.jpg\",\"datePublished\":\"2009-02-20T12:03:42+00:00\",\"breadcrumb\":{\"@id\":\"https:\\\/\\\/www.bellunopress.it\\\/2009\\\/02\\\/20\\\/quote-latte-iniziativa-del-senatore-fistarol\\\/#breadcrumb\"},\"inLanguage\":\"fr-FR\",\"potentialAction\":[{\"@type\":\"ReadAction\",\"target\":[\"https:\\\/\\\/www.bellunopress.it\\\/2009\\\/02\\\/20\\\/quote-latte-iniziativa-del-senatore-fistarol\\\/\"]}]},{\"@type\":\"ImageObject\",\"inLanguage\":\"fr-FR\",\"@id\":\"https:\\\/\\\/www.bellunopress.it\\\/2009\\\/02\\\/20\\\/quote-latte-iniziativa-del-senatore-fistarol\\\/#primaryimage\",\"url\":\"http:\\\/\\\/www.bellunopress.it\\\/wp-content\\\/uploads\\\/2009\\\/02\\\/maurizio-fistarol.jpg\",\"contentUrl\":\"http:\\\/\\\/www.bellunopress.it\\\/wp-content\\\/uploads\\\/2009\\\/02\\\/maurizio-fistarol.jpg\"},{\"@type\":\"BreadcrumbList\",\"@id\":\"https:\\\/\\\/www.bellunopress.it\\\/2009\\\/02\\\/20\\\/quote-latte-iniziativa-del-senatore-fistarol\\\/#breadcrumb\",\"itemListElement\":[{\"@type\":\"ListItem\",\"position\":1,\"name\":\"Home\",\"item\":\"https:\\\/\\\/www.bellunopress.it\\\/\"},{\"@type\":\"ListItem\",\"position\":2,\"name\":\"Quote latte: iniziativa del senatore Fistarol\"}]},{\"@type\":\"WebSite\",\"@id\":\"https:\\\/\\\/www.bellunopress.it\\\/#website\",\"url\":\"https:\\\/\\\/www.bellunopress.it\\\/\",\"name\":\"Bellunopress - Dolomiti\",\"description\":\"e-mail: redazione@bellunopress.it\",\"publisher\":{\"@id\":\"https:\\\/\\\/www.bellunopress.it\\\/#organization\"},\"potentialAction\":[{\"@type\":\"SearchAction\",\"target\":{\"@type\":\"EntryPoint\",\"urlTemplate\":\"https:\\\/\\\/www.bellunopress.it\\\/?s={search_term_string}\"},\"query-input\":{\"@type\":\"PropertyValueSpecification\",\"valueRequired\":true,\"valueName\":\"search_term_string\"}}],\"inLanguage\":\"fr-FR\"},{\"@type\":\"Organization\",\"@id\":\"https:\\\/\\\/www.bellunopress.it\\\/#organization\",\"name\":\"Bellunopress\",\"url\":\"https:\\\/\\\/www.bellunopress.it\\\/\",\"logo\":{\"@type\":\"ImageObject\",\"inLanguage\":\"fr-FR\",\"@id\":\"https:\\\/\\\/www.bellunopress.it\\\/#\\\/schema\\\/logo\\\/image\\\/\",\"url\":\"https:\\\/\\\/www.bellunopress.it\\\/wp-content\\\/uploads\\\/2011\\\/05\\\/cropped-logo-bellunopress-.jpg\",\"contentUrl\":\"https:\\\/\\\/www.bellunopress.it\\\/wp-content\\\/uploads\\\/2011\\\/05\\\/cropped-logo-bellunopress-.jpg\",\"width\":512,\"height\":512,\"caption\":\"Bellunopress\"},\"image\":{\"@id\":\"https:\\\/\\\/www.bellunopress.it\\\/#\\\/schema\\\/logo\\\/image\\\/\"},\"sameAs\":[\"https:\\\/\\\/www.facebook.com\\\/profile.php?id=100008943462799\",\"https:\\\/\\\/x.com\\\/bellunopress\",\"https:\\\/\\\/www.linkedin.com\\\/hp\\\/?dnr=JBzUWaJfMUw8vbXJJ2tVW5-I3jZKvC4wsoxE&amp;amp;amp;amp;amp;amp;trk=nav_responsive_tab_home\",\"https:\\\/\\\/www.youtube.com\\\/channel\\\/UCxL0wu1uN0_3_7hGG0306cw\"]},{\"@type\":\"Person\",\"@id\":\"https:\\\/\\\/www.bellunopress.it\\\/#\\\/schema\\\/person\\\/79bb06722b37ece1c03d3e94beb30d73\",\"name\":\"redazione\",\"image\":{\"@type\":\"ImageObject\",\"inLanguage\":\"fr-FR\",\"@id\":\"https:\\\/\\\/secure.gravatar.com\\\/avatar\\\/37d968a2e67a6fd04c169c4bdef102d0bc5d31b2546345219e348575eb80e9a0?s=96&d=mm&r=g\",\"url\":\"https:\\\/\\\/secure.gravatar.com\\\/avatar\\\/37d968a2e67a6fd04c169c4bdef102d0bc5d31b2546345219e348575eb80e9a0?s=96&d=mm&r=g\",\"contentUrl\":\"https:\\\/\\\/secure.gravatar.com\\\/avatar\\\/37d968a2e67a6fd04c169c4bdef102d0bc5d31b2546345219e348575eb80e9a0?s=96&d=mm&r=g\",\"caption\":\"redazione\"},\"sameAs\":[\"http:\\\/\\\/www.bellunopress.it\",\"https:\\\/\\\/x.com\\\/bellunopress\"],\"url\":\"https:\\\/\\\/www.bellunopress.it\\\/fr\\\/author\\\/redazione\\\/\"}]}<\/script>\n<!-- \/ Yoast SEO plugin. -->","yoast_head_json":{"title":"Quote latte: iniziativa del senatore Fistarol - Bellunopress - Dolomiti","robots":{"index":"index","follow":"follow","max-snippet":"max-snippet:-1","max-image-preview":"max-image-preview:large","max-video-preview":"max-video-preview:-1"},"canonical":"https:\/\/www.bellunopress.it\/fr\/2009\/02\/20\/quote-latte-iniziativa-del-senatore-fistarol\/","og_locale":"fr_FR","og_type":"article","og_title":"Quote latte: iniziativa del senatore Fistarol - Bellunopress - Dolomiti","og_description":"Il senatore del Partito democratico, Maurizio Fistarol, risponde alle sollecitazioni degli imprenditori agricoli della provincia di Belluno che hanno chiesto l\u2019intervento dei parlamentari locali per modificare il decreto legge sulle Quote latte, approvato recentemente dal Governo e ora all\u2019esame del Parlamento. \u201cIl Partito democratico &#8211; afferma Fistarol &#8211; ha presentato in commissione Agricoltura al Senato [&hellip;]","og_url":"https:\/\/www.bellunopress.it\/fr\/2009\/02\/20\/quote-latte-iniziativa-del-senatore-fistarol\/","og_site_name":"Bellunopress - Dolomiti","article_publisher":"https:\/\/www.facebook.com\/profile.php?id=100008943462799","article_published_time":"2009-02-20T12:03:42+00:00","og_image":[{"url":"http:\/\/www.bellunopress.it\/wp-content\/uploads\/2009\/02\/maurizio-fistarol.jpg","type":"","width":"","height":""}],"author":"redazione","twitter_card":"summary_large_image","twitter_creator":"@bellunopress","twitter_site":"@bellunopress","twitter_misc":{"\u00c9crit par":"redazione","Dur\u00e9e de lecture estim\u00e9e":"2 minutes"},"schema":{"@context":"https:\/\/schema.org","@graph":[{"@type":"Article","@id":"https:\/\/www.bellunopress.it\/2009\/02\/20\/quote-latte-iniziativa-del-senatore-fistarol\/#article","isPartOf":{"@id":"https:\/\/www.bellunopress.it\/2009\/02\/20\/quote-latte-iniziativa-del-senatore-fistarol\/"},"author":{"name":"redazione","@id":"https:\/\/www.bellunopress.it\/#\/schema\/person\/79bb06722b37ece1c03d3e94beb30d73"},"headline":"Quote latte: iniziativa del senatore Fistarol","datePublished":"2009-02-20T12:03:42+00:00","mainEntityOfPage":{"@id":"https:\/\/www.bellunopress.it\/2009\/02\/20\/quote-latte-iniziativa-del-senatore-fistarol\/"},"wordCount":341,"publisher":{"@id":"https:\/\/www.bellunopress.it\/#organization"},"image":{"@id":"https:\/\/www.bellunopress.it\/2009\/02\/20\/quote-latte-iniziativa-del-senatore-fistarol\/#primaryimage"},"thumbnailUrl":"http:\/\/www.bellunopress.it\/wp-content\/uploads\/2009\/02\/maurizio-fistarol.jpg","keywords":["Belluno"],"articleSection":["Lettere Opinioni"],"inLanguage":"fr-FR"},{"@type":"WebPage","@id":"https:\/\/www.bellunopress.it\/2009\/02\/20\/quote-latte-iniziativa-del-senatore-fistarol\/","url":"https:\/\/www.bellunopress.it\/2009\/02\/20\/quote-latte-iniziativa-del-senatore-fistarol\/","name":"Quote latte: iniziativa del senatore Fistarol - Bellunopress - Dolomiti","isPartOf":{"@id":"https:\/\/www.bellunopress.it\/#website"},"primaryImageOfPage":{"@id":"https:\/\/www.bellunopress.it\/2009\/02\/20\/quote-latte-iniziativa-del-senatore-fistarol\/#primaryimage"},"image":{"@id":"https:\/\/www.bellunopress.it\/2009\/02\/20\/quote-latte-iniziativa-del-senatore-fistarol\/#primaryimage"},"thumbnailUrl":"http:\/\/www.bellunopress.it\/wp-content\/uploads\/2009\/02\/maurizio-fistarol.jpg","datePublished":"2009-02-20T12:03:42+00:00","breadcrumb":{"@id":"https:\/\/www.bellunopress.it\/2009\/02\/20\/quote-latte-iniziativa-del-senatore-fistarol\/#breadcrumb"},"inLanguage":"fr-FR","potentialAction":[{"@type":"ReadAction","target":["https:\/\/www.bellunopress.it\/2009\/02\/20\/quote-latte-iniziativa-del-senatore-fistarol\/"]}]},{"@type":"ImageObject","inLanguage":"fr-FR","@id":"https:\/\/www.bellunopress.it\/2009\/02\/20\/quote-latte-iniziativa-del-senatore-fistarol\/#primaryimage","url":"http:\/\/www.bellunopress.it\/wp-content\/uploads\/2009\/02\/maurizio-fistarol.jpg","contentUrl":"http:\/\/www.bellunopress.it\/wp-content\/uploads\/2009\/02\/maurizio-fistarol.jpg"},{"@type":"BreadcrumbList","@id":"https:\/\/www.bellunopress.it\/2009\/02\/20\/quote-latte-iniziativa-del-senatore-fistarol\/#breadcrumb","itemListElement":[{"@type":"ListItem","position":1,"name":"Home","item":"https:\/\/www.bellunopress.it\/"},{"@type":"ListItem","position":2,"name":"Quote latte: iniziativa del senatore Fistarol"}]},{"@type":"WebSite","@id":"https:\/\/www.bellunopress.it\/#website","url":"https:\/\/www.bellunopress.it\/","name":"Bellunopress - Dolomiti","description":"e-mail: redazione@bellunopress.it","publisher":{"@id":"https:\/\/www.bellunopress.it\/#organization"},"potentialAction":[{"@type":"SearchAction","target":{"@type":"EntryPoint","urlTemplate":"https:\/\/www.bellunopress.it\/?s={search_term_string}"},"query-input":{"@type":"PropertyValueSpecification","valueRequired":true,"valueName":"search_term_string"}}],"inLanguage":"fr-FR"},{"@type":"Organization","@id":"https:\/\/www.bellunopress.it\/#organization","name":"Bellunopress","url":"https:\/\/www.bellunopress.it\/","logo":{"@type":"ImageObject","inLanguage":"fr-FR","@id":"https:\/\/www.bellunopress.it\/#\/schema\/logo\/image\/","url":"https:\/\/www.bellunopress.it\/wp-content\/uploads\/2011\/05\/cropped-logo-bellunopress-.jpg","contentUrl":"https:\/\/www.bellunopress.it\/wp-content\/uploads\/2011\/05\/cropped-logo-bellunopress-.jpg","width":512,"height":512,"caption":"Bellunopress"},"image":{"@id":"https:\/\/www.bellunopress.it\/#\/schema\/logo\/image\/"},"sameAs":["https:\/\/www.facebook.com\/profile.php?id=100008943462799","https:\/\/x.com\/bellunopress","https:\/\/www.linkedin.com\/hp\/?dnr=JBzUWaJfMUw8vbXJJ2tVW5-I3jZKvC4wsoxE&amp;amp;amp;amp;amp;amp;trk=nav_responsive_tab_home","https:\/\/www.youtube.com\/channel\/UCxL0wu1uN0_3_7hGG0306cw"]},{"@type":"Person","@id":"https:\/\/www.bellunopress.it\/#\/schema\/person\/79bb06722b37ece1c03d3e94beb30d73","name":"r\u00e9daction","image":{"@type":"ImageObject","inLanguage":"fr-FR","@id":"https:\/\/secure.gravatar.com\/avatar\/37d968a2e67a6fd04c169c4bdef102d0bc5d31b2546345219e348575eb80e9a0?s=96&d=mm&r=g","url":"https:\/\/secure.gravatar.com\/avatar\/37d968a2e67a6fd04c169c4bdef102d0bc5d31b2546345219e348575eb80e9a0?s=96&d=mm&r=g","contentUrl":"https:\/\/secure.gravatar.com\/avatar\/37d968a2e67a6fd04c169c4bdef102d0bc5d31b2546345219e348575eb80e9a0?s=96&d=mm&r=g","caption":"redazione"},"sameAs":["http:\/\/www.bellunopress.it","https:\/\/x.com\/bellunopress"],"url":"https:\/\/www.bellunopress.it\/fr\/author\/redazione\/"}]}},"_links":{"self":[{"href":"https:\/\/www.bellunopress.it\/fr\/wp-json\/wp\/v2\/posts\/863","targetHints":{"allow":["GET"]}}],"collection":[{"href":"https:\/\/www.bellunopress.it\/fr\/wp-json\/wp\/v2\/posts"}],"about":[{"href":"https:\/\/www.bellunopress.it\/fr\/wp-json\/wp\/v2\/types\/post"}],"author":[{"embeddable":true,"href":"https:\/\/www.bellunopress.it\/fr\/wp-json\/wp\/v2\/users\/2"}],"replies":[{"embeddable":true,"href":"https:\/\/www.bellunopress.it\/fr\/wp-json\/wp\/v2\/comments?post=863"}],"version-history":[{"count":1,"href":"https:\/\/www.bellunopress.it\/fr\/wp-json\/wp\/v2\/posts\/863\/revisions"}],"predecessor-version":[{"id":865,"href":"https:\/\/www.bellunopress.it\/fr\/wp-json\/wp\/v2\/posts\/863\/revisions\/865"}],"wp:attachment":[{"href":"https:\/\/www.bellunopress.it\/fr\/wp-json\/wp\/v2\/media?parent=863"}],"wp:term":[{"taxonomy":"category","embeddable":true,"href":"https:\/\/www.bellunopress.it\/fr\/wp-json\/wp\/v2\/categories?post=863"},{"taxonomy":"post_tag","embeddable":true,"href":"https:\/\/www.bellunopress.it\/fr\/wp-json\/wp\/v2\/tags?post=863"}],"curies":[{"name":"wp","href":"https:\/\/api.w.org\/{rel}","templated":true}]}}