{"id":8627,"date":"2009-10-02T20:31:46","date_gmt":"2009-10-02T19:31:46","guid":{"rendered":"http:\/\/www.bellunopress.it\/?p=8627"},"modified":"2009-10-02T20:31:46","modified_gmt":"2009-10-02T19:31:46","slug":"chiuso-il-progetto-%e2%80%9coltre-il-cinema%e2%80%9d-con-protagonisti-giovani-di-vari-paesi-del-mondo","status":"publish","type":"post","link":"https:\/\/www.bellunopress.it\/fr\/2009\/10\/02\/chiuso-il-progetto-%e2%80%9coltre-il-cinema%e2%80%9d-con-protagonisti-giovani-di-vari-paesi-del-mondo\/","title":{"rendered":"Chiuso il progetto \u201cOltre il Cinema\u201d con protagonisti giovani di vari Paesi del mondo."},"content":{"rendered":"<p>Si \u00e8 conclusa domenica scorsa 27 settembre, con un incontro multiculturale presso la sede del Csv di Belluno l\u2019esperienza estiva di un gruppo di 17 ragazzi provenienti da vari Paesi del mondo, Albania, Pakistan, Repubblica Dominicana, Congo, Camerun, Bulgaria, Kosovo e Italia e residenti in provincia di Belluno. L\u2019incontro ha visto protagonisti, oltre agli stessi giovani, maschi e femmine di et\u00e0 compresa tra i 14 e i 18 anni che hanno presentato le attivit\u00e0 svolte nei mesi di luglio e agosto, anche le loro famiglie. Ne \u00e8 nata una miscela di culture, generazioni, lingue, musiche e pietanze che hanno confermato ancora una volta come le apparentemente insuperabili barriere della diversit\u00e0 di provenienza o di linguaggio siano in realt\u00e0 pi\u00f9 facilmente valicabili di quanto sembri. I 17 ragazzi sono i protagonisti di due progetti realizzati con il contributo del Csv di Belluno e il supporto dell&#8217;Informa Immigrati del Comune di Belluno: il primo, \u201cOltre il cinema&#8230;\u201d, \u00e8 stato avviato dall\u2019associazione \u201cAlba Azione di Gioia Onlus\u201d con la collaborazione della Cooperativa Sociale \u201cMonteserva\u201d, del Comune di Santa Giustina e la partecipazione dell\u2019associazione \u201cFare Cinema\u201d. Il secondo, \u201cCsv\u2026 Volontario anche tu\u201d, \u00e8 stato promosso per far avvicinare i giovani al volontariato facendo compiere loro alcune attivit\u00e0 presso le associazioni sul territorio, ricompensandoli con buoni per l\u2019acquisto di materiale scolastico. La combinazione dei due progetti ha visto i ragazzi impegnati nella realizzazione di una ricerca sull&#8217;accoglienza e l&#8217;apprendimento dell&#8217;italiano nelle scuole e un lavoro cinematografico con il supporto del regista Marco Recalchi dell\u2019associazione \u201cFare Cinema\u201d, ispirato al tema dell\u2019integrazione e dell\u2019accoglienza degli stranieri. Tema di cui \u00e8 promotrice l\u2019associazione \u201cAlba Azione di Gioia\u201d. Importante anche\u00a0 l\u2019aspetto di operare all\u2019interno di un gruppo multiculturale, che ha dato risultati molto positivi. Per farsi un\u2019idea pi\u00f9 precisa sul significato della parola \u201cintegrazione\u201d i giovani hanno incontrato ed intervistato alcune persone straniere residenti a Belluno, che hanno raccontato la loro esperienza. Uno di essi, il regista televisivo camerunense Thierry Atangana, collabora con TeleBelluno Dolomiti, e dopo ad aver portato i ragazzi a visitare gli studi della televisione, li ha assistiti durante la lavorazione e le riprese del cortometraggio.<br \/>\nAi giovani sono stati anche fornite nozioni di fotografia con il fotografo bellunese Roberto Muraro, che ha illustrato i principi e le caratteristiche di quest\u2019arte, anche in previsione dell\u2019allestimento, nella primavera del prossimo anno, di una mostra sui temi dell\u2019integrazione.. La confluenza di esperienze, mista all\u2019entusiasmo dei giovani volontari, ha infine dato origine ad uno spot televisivo, che sar\u00e0 diffuso al pi\u00f9 presto sui media locali. Con la speranza, ovviamente, che il messaggio lanciare dai giovani attraverso il proprio lavoro e l\u2019esempio non rimanga inascoltato.<\/p>","protected":false},"excerpt":{"rendered":"<p>Si \u00e8 conclusa domenica scorsa 27 settembre, con un incontro multiculturale presso la sede del Csv di Belluno l\u2019esperienza estiva di un gruppo di 17 ragazzi provenienti da vari Paesi del mondo, Albania, Pakistan, Repubblica Dominicana, Congo, Camerun, Bulgaria, Kosovo e Italia e residenti in provincia di Belluno. L\u2019incontro ha visto protagonisti, oltre agli stessi [&hellip;]<\/p>\n","protected":false},"author":2,"featured_media":0,"comment_status":"closed","ping_status":"open","sticky":false,"template":"","format":"standard","meta":{"footnotes":""},"categories":[1],"tags":[139,63],"class_list":["post-8627","post","type-post","status-publish","format-standard","category-leo","tag-belluno","tag-dolomiti"],"yoast_head":"<!-- This site is optimized with the Yoast SEO plugin v28.4 - https:\/\/yoast.com\/product\/yoast-seo-wordpress\/ -->\n<title>Chiuso il progetto \u201cOltre il Cinema\u201d con protagonisti giovani di vari Paesi del mondo. - Bellunopress - Dolomiti<\/title>\n<meta name=\"robots\" content=\"index, follow, max-snippet:-1, max-image-preview:large, max-video-preview:-1\" \/>\n<link rel=\"canonical\" href=\"https:\/\/www.bellunopress.it\/fr\/2009\/10\/02\/chiuso-il-progetto-\u201coltre-il-cinema\u201d-con-protagonisti-giovani-di-vari-paesi-del-mondo\/\" \/>\n<meta property=\"og:locale\" content=\"fr_FR\" \/>\n<meta property=\"og:type\" content=\"article\" \/>\n<meta property=\"og:title\" content=\"Chiuso il progetto \u201cOltre il Cinema\u201d con protagonisti giovani di vari Paesi del mondo. - Bellunopress - Dolomiti\" \/>\n<meta property=\"og:description\" content=\"Si \u00e8 conclusa domenica scorsa 27 settembre, con un incontro multiculturale presso la sede del Csv di Belluno l\u2019esperienza estiva di un gruppo di 17 ragazzi provenienti da vari Paesi del mondo, Albania, Pakistan, Repubblica Dominicana, Congo, Camerun, Bulgaria, Kosovo e Italia e residenti in provincia di Belluno. L\u2019incontro ha visto protagonisti, oltre agli stessi [&hellip;]\" \/>\n<meta property=\"og:url\" content=\"https:\/\/www.bellunopress.it\/fr\/2009\/10\/02\/chiuso-il-progetto-\u201coltre-il-cinema\u201d-con-protagonisti-giovani-di-vari-paesi-del-mondo\/\" \/>\n<meta property=\"og:site_name\" content=\"Bellunopress - Dolomiti\" \/>\n<meta property=\"article:publisher\" content=\"https:\/\/www.facebook.com\/profile.php?id=100008943462799\" \/>\n<meta property=\"article:published_time\" content=\"2009-10-02T19:31:46+00:00\" \/>\n<meta property=\"og:image\" content=\"http:\/\/www.bellunopress.it\/wp-content\/uploads\/2012\/07\/logo-bellunopress-250x250-2012.jpg\" \/>\n<meta name=\"author\" content=\"redazione\" \/>\n<meta name=\"twitter:card\" content=\"summary_large_image\" \/>\n<meta name=\"twitter:creator\" content=\"@bellunopress\" \/>\n<meta name=\"twitter:site\" content=\"@bellunopress\" \/>\n<meta name=\"twitter:label1\" content=\"\u00c9crit par\" \/>\n\t<meta name=\"twitter:data1\" content=\"redazione\" \/>\n\t<meta name=\"twitter:label2\" content=\"Dur\u00e9e de lecture estim\u00e9e\" \/>\n\t<meta name=\"twitter:data2\" content=\"2 minutes\" \/>\n<script type=\"application\/ld+json\" class=\"yoast-schema-graph\">{\"@context\":\"https:\\\/\\\/schema.org\",\"@graph\":[{\"@type\":\"Article\",\"@id\":\"https:\\\/\\\/www.bellunopress.it\\\/2009\\\/10\\\/02\\\/chiuso-il-progetto-%e2%80%9coltre-il-cinema%e2%80%9d-con-protagonisti-giovani-di-vari-paesi-del-mondo\\\/#article\",\"isPartOf\":{\"@id\":\"https:\\\/\\\/www.bellunopress.it\\\/2009\\\/10\\\/02\\\/chiuso-il-progetto-%e2%80%9coltre-il-cinema%e2%80%9d-con-protagonisti-giovani-di-vari-paesi-del-mondo\\\/\"},\"author\":{\"name\":\"redazione\",\"@id\":\"https:\\\/\\\/www.bellunopress.it\\\/#\\\/schema\\\/person\\\/79bb06722b37ece1c03d3e94beb30d73\"},\"headline\":\"Chiuso il progetto \u201cOltre il Cinema\u201d con protagonisti giovani di vari Paesi del mondo.\",\"datePublished\":\"2009-10-02T19:31:46+00:00\",\"mainEntityOfPage\":{\"@id\":\"https:\\\/\\\/www.bellunopress.it\\\/2009\\\/10\\\/02\\\/chiuso-il-progetto-%e2%80%9coltre-il-cinema%e2%80%9d-con-protagonisti-giovani-di-vari-paesi-del-mondo\\\/\"},\"wordCount\":460,\"publisher\":{\"@id\":\"https:\\\/\\\/www.bellunopress.it\\\/#organization\"},\"keywords\":[\"Belluno\",\"Dolomiti\"],\"articleSection\":[\"Lettere Opinioni\"],\"inLanguage\":\"fr-FR\"},{\"@type\":\"WebPage\",\"@id\":\"https:\\\/\\\/www.bellunopress.it\\\/2009\\\/10\\\/02\\\/chiuso-il-progetto-%e2%80%9coltre-il-cinema%e2%80%9d-con-protagonisti-giovani-di-vari-paesi-del-mondo\\\/\",\"url\":\"https:\\\/\\\/www.bellunopress.it\\\/2009\\\/10\\\/02\\\/chiuso-il-progetto-%e2%80%9coltre-il-cinema%e2%80%9d-con-protagonisti-giovani-di-vari-paesi-del-mondo\\\/\",\"name\":\"Chiuso il progetto \u201cOltre il Cinema\u201d con protagonisti giovani di vari Paesi del mondo. - Bellunopress - Dolomiti\",\"isPartOf\":{\"@id\":\"https:\\\/\\\/www.bellunopress.it\\\/#website\"},\"datePublished\":\"2009-10-02T19:31:46+00:00\",\"breadcrumb\":{\"@id\":\"https:\\\/\\\/www.bellunopress.it\\\/2009\\\/10\\\/02\\\/chiuso-il-progetto-%e2%80%9coltre-il-cinema%e2%80%9d-con-protagonisti-giovani-di-vari-paesi-del-mondo\\\/#breadcrumb\"},\"inLanguage\":\"fr-FR\",\"potentialAction\":[{\"@type\":\"ReadAction\",\"target\":[\"https:\\\/\\\/www.bellunopress.it\\\/2009\\\/10\\\/02\\\/chiuso-il-progetto-%e2%80%9coltre-il-cinema%e2%80%9d-con-protagonisti-giovani-di-vari-paesi-del-mondo\\\/\"]}]},{\"@type\":\"BreadcrumbList\",\"@id\":\"https:\\\/\\\/www.bellunopress.it\\\/2009\\\/10\\\/02\\\/chiuso-il-progetto-%e2%80%9coltre-il-cinema%e2%80%9d-con-protagonisti-giovani-di-vari-paesi-del-mondo\\\/#breadcrumb\",\"itemListElement\":[{\"@type\":\"ListItem\",\"position\":1,\"name\":\"Home\",\"item\":\"https:\\\/\\\/www.bellunopress.it\\\/\"},{\"@type\":\"ListItem\",\"position\":2,\"name\":\"Chiuso il progetto \u201cOltre il Cinema\u201d con protagonisti giovani di vari Paesi del mondo.\"}]},{\"@type\":\"WebSite\",\"@id\":\"https:\\\/\\\/www.bellunopress.it\\\/#website\",\"url\":\"https:\\\/\\\/www.bellunopress.it\\\/\",\"name\":\"Bellunopress - Dolomiti\",\"description\":\"e-mail: redazione@bellunopress.it\",\"publisher\":{\"@id\":\"https:\\\/\\\/www.bellunopress.it\\\/#organization\"},\"potentialAction\":[{\"@type\":\"SearchAction\",\"target\":{\"@type\":\"EntryPoint\",\"urlTemplate\":\"https:\\\/\\\/www.bellunopress.it\\\/?s={search_term_string}\"},\"query-input\":{\"@type\":\"PropertyValueSpecification\",\"valueRequired\":true,\"valueName\":\"search_term_string\"}}],\"inLanguage\":\"fr-FR\"},{\"@type\":\"Organization\",\"@id\":\"https:\\\/\\\/www.bellunopress.it\\\/#organization\",\"name\":\"Bellunopress\",\"url\":\"https:\\\/\\\/www.bellunopress.it\\\/\",\"logo\":{\"@type\":\"ImageObject\",\"inLanguage\":\"fr-FR\",\"@id\":\"https:\\\/\\\/www.bellunopress.it\\\/#\\\/schema\\\/logo\\\/image\\\/\",\"url\":\"https:\\\/\\\/www.bellunopress.it\\\/wp-content\\\/uploads\\\/2011\\\/05\\\/cropped-logo-bellunopress-.jpg\",\"contentUrl\":\"https:\\\/\\\/www.bellunopress.it\\\/wp-content\\\/uploads\\\/2011\\\/05\\\/cropped-logo-bellunopress-.jpg\",\"width\":512,\"height\":512,\"caption\":\"Bellunopress\"},\"image\":{\"@id\":\"https:\\\/\\\/www.bellunopress.it\\\/#\\\/schema\\\/logo\\\/image\\\/\"},\"sameAs\":[\"https:\\\/\\\/www.facebook.com\\\/profile.php?id=100008943462799\",\"https:\\\/\\\/x.com\\\/bellunopress\",\"https:\\\/\\\/www.linkedin.com\\\/hp\\\/?dnr=JBzUWaJfMUw8vbXJJ2tVW5-I3jZKvC4wsoxE&amp;amp;amp;amp;amp;amp;trk=nav_responsive_tab_home\",\"https:\\\/\\\/www.youtube.com\\\/channel\\\/UCxL0wu1uN0_3_7hGG0306cw\"]},{\"@type\":\"Person\",\"@id\":\"https:\\\/\\\/www.bellunopress.it\\\/#\\\/schema\\\/person\\\/79bb06722b37ece1c03d3e94beb30d73\",\"name\":\"redazione\",\"image\":{\"@type\":\"ImageObject\",\"inLanguage\":\"fr-FR\",\"@id\":\"https:\\\/\\\/secure.gravatar.com\\\/avatar\\\/37d968a2e67a6fd04c169c4bdef102d0bc5d31b2546345219e348575eb80e9a0?s=96&d=mm&r=g\",\"url\":\"https:\\\/\\\/secure.gravatar.com\\\/avatar\\\/37d968a2e67a6fd04c169c4bdef102d0bc5d31b2546345219e348575eb80e9a0?s=96&d=mm&r=g\",\"contentUrl\":\"https:\\\/\\\/secure.gravatar.com\\\/avatar\\\/37d968a2e67a6fd04c169c4bdef102d0bc5d31b2546345219e348575eb80e9a0?s=96&d=mm&r=g\",\"caption\":\"redazione\"},\"sameAs\":[\"http:\\\/\\\/www.bellunopress.it\",\"https:\\\/\\\/x.com\\\/bellunopress\"],\"url\":\"https:\\\/\\\/www.bellunopress.it\\\/fr\\\/author\\\/redazione\\\/\"}]}<\/script>\n<!-- \/ Yoast SEO plugin. -->","yoast_head_json":{"title":"Chiuso il progetto \u201cOltre il Cinema\u201d con protagonisti giovani di vari Paesi del mondo. - Bellunopress - Dolomiti","robots":{"index":"index","follow":"follow","max-snippet":"max-snippet:-1","max-image-preview":"max-image-preview:large","max-video-preview":"max-video-preview:-1"},"canonical":"https:\/\/www.bellunopress.it\/fr\/2009\/10\/02\/chiuso-il-progetto-\u201coltre-il-cinema\u201d-con-protagonisti-giovani-di-vari-paesi-del-mondo\/","og_locale":"fr_FR","og_type":"article","og_title":"Chiuso il progetto \u201cOltre il Cinema\u201d con protagonisti giovani di vari Paesi del mondo. - Bellunopress - Dolomiti","og_description":"Si \u00e8 conclusa domenica scorsa 27 settembre, con un incontro multiculturale presso la sede del Csv di Belluno l\u2019esperienza estiva di un gruppo di 17 ragazzi provenienti da vari Paesi del mondo, Albania, Pakistan, Repubblica Dominicana, Congo, Camerun, Bulgaria, Kosovo e Italia e residenti in provincia di Belluno. L\u2019incontro ha visto protagonisti, oltre agli stessi [&hellip;]","og_url":"https:\/\/www.bellunopress.it\/fr\/2009\/10\/02\/chiuso-il-progetto-\u201coltre-il-cinema\u201d-con-protagonisti-giovani-di-vari-paesi-del-mondo\/","og_site_name":"Bellunopress - Dolomiti","article_publisher":"https:\/\/www.facebook.com\/profile.php?id=100008943462799","article_published_time":"2009-10-02T19:31:46+00:00","og_image":[{"url":"http:\/\/www.bellunopress.it\/wp-content\/uploads\/2012\/07\/logo-bellunopress-250x250-2012.jpg","type":"","width":"","height":""}],"author":"redazione","twitter_card":"summary_large_image","twitter_creator":"@bellunopress","twitter_site":"@bellunopress","twitter_misc":{"\u00c9crit par":"redazione","Dur\u00e9e de lecture estim\u00e9e":"2 minutes"},"schema":{"@context":"https:\/\/schema.org","@graph":[{"@type":"Article","@id":"https:\/\/www.bellunopress.it\/2009\/10\/02\/chiuso-il-progetto-%e2%80%9coltre-il-cinema%e2%80%9d-con-protagonisti-giovani-di-vari-paesi-del-mondo\/#article","isPartOf":{"@id":"https:\/\/www.bellunopress.it\/2009\/10\/02\/chiuso-il-progetto-%e2%80%9coltre-il-cinema%e2%80%9d-con-protagonisti-giovani-di-vari-paesi-del-mondo\/"},"author":{"name":"redazione","@id":"https:\/\/www.bellunopress.it\/#\/schema\/person\/79bb06722b37ece1c03d3e94beb30d73"},"headline":"Chiuso il progetto \u201cOltre il Cinema\u201d con protagonisti giovani di vari Paesi del mondo.","datePublished":"2009-10-02T19:31:46+00:00","mainEntityOfPage":{"@id":"https:\/\/www.bellunopress.it\/2009\/10\/02\/chiuso-il-progetto-%e2%80%9coltre-il-cinema%e2%80%9d-con-protagonisti-giovani-di-vari-paesi-del-mondo\/"},"wordCount":460,"publisher":{"@id":"https:\/\/www.bellunopress.it\/#organization"},"keywords":["Belluno","Dolomiti"],"articleSection":["Lettere Opinioni"],"inLanguage":"fr-FR"},{"@type":"WebPage","@id":"https:\/\/www.bellunopress.it\/2009\/10\/02\/chiuso-il-progetto-%e2%80%9coltre-il-cinema%e2%80%9d-con-protagonisti-giovani-di-vari-paesi-del-mondo\/","url":"https:\/\/www.bellunopress.it\/2009\/10\/02\/chiuso-il-progetto-%e2%80%9coltre-il-cinema%e2%80%9d-con-protagonisti-giovani-di-vari-paesi-del-mondo\/","name":"Chiuso il progetto \u201cOltre il Cinema\u201d con protagonisti giovani di vari Paesi del mondo. - Bellunopress - Dolomiti","isPartOf":{"@id":"https:\/\/www.bellunopress.it\/#website"},"datePublished":"2009-10-02T19:31:46+00:00","breadcrumb":{"@id":"https:\/\/www.bellunopress.it\/2009\/10\/02\/chiuso-il-progetto-%e2%80%9coltre-il-cinema%e2%80%9d-con-protagonisti-giovani-di-vari-paesi-del-mondo\/#breadcrumb"},"inLanguage":"fr-FR","potentialAction":[{"@type":"ReadAction","target":["https:\/\/www.bellunopress.it\/2009\/10\/02\/chiuso-il-progetto-%e2%80%9coltre-il-cinema%e2%80%9d-con-protagonisti-giovani-di-vari-paesi-del-mondo\/"]}]},{"@type":"BreadcrumbList","@id":"https:\/\/www.bellunopress.it\/2009\/10\/02\/chiuso-il-progetto-%e2%80%9coltre-il-cinema%e2%80%9d-con-protagonisti-giovani-di-vari-paesi-del-mondo\/#breadcrumb","itemListElement":[{"@type":"ListItem","position":1,"name":"Home","item":"https:\/\/www.bellunopress.it\/"},{"@type":"ListItem","position":2,"name":"Chiuso il progetto \u201cOltre il Cinema\u201d con protagonisti giovani di vari Paesi del mondo."}]},{"@type":"WebSite","@id":"https:\/\/www.bellunopress.it\/#website","url":"https:\/\/www.bellunopress.it\/","name":"Bellunopress - Dolomiti","description":"e-mail: redazione@bellunopress.it","publisher":{"@id":"https:\/\/www.bellunopress.it\/#organization"},"potentialAction":[{"@type":"SearchAction","target":{"@type":"EntryPoint","urlTemplate":"https:\/\/www.bellunopress.it\/?s={search_term_string}"},"query-input":{"@type":"PropertyValueSpecification","valueRequired":true,"valueName":"search_term_string"}}],"inLanguage":"fr-FR"},{"@type":"Organization","@id":"https:\/\/www.bellunopress.it\/#organization","name":"Bellunopress","url":"https:\/\/www.bellunopress.it\/","logo":{"@type":"ImageObject","inLanguage":"fr-FR","@id":"https:\/\/www.bellunopress.it\/#\/schema\/logo\/image\/","url":"https:\/\/www.bellunopress.it\/wp-content\/uploads\/2011\/05\/cropped-logo-bellunopress-.jpg","contentUrl":"https:\/\/www.bellunopress.it\/wp-content\/uploads\/2011\/05\/cropped-logo-bellunopress-.jpg","width":512,"height":512,"caption":"Bellunopress"},"image":{"@id":"https:\/\/www.bellunopress.it\/#\/schema\/logo\/image\/"},"sameAs":["https:\/\/www.facebook.com\/profile.php?id=100008943462799","https:\/\/x.com\/bellunopress","https:\/\/www.linkedin.com\/hp\/?dnr=JBzUWaJfMUw8vbXJJ2tVW5-I3jZKvC4wsoxE&amp;amp;amp;amp;amp;amp;trk=nav_responsive_tab_home","https:\/\/www.youtube.com\/channel\/UCxL0wu1uN0_3_7hGG0306cw"]},{"@type":"Person","@id":"https:\/\/www.bellunopress.it\/#\/schema\/person\/79bb06722b37ece1c03d3e94beb30d73","name":"r\u00e9daction","image":{"@type":"ImageObject","inLanguage":"fr-FR","@id":"https:\/\/secure.gravatar.com\/avatar\/37d968a2e67a6fd04c169c4bdef102d0bc5d31b2546345219e348575eb80e9a0?s=96&d=mm&r=g","url":"https:\/\/secure.gravatar.com\/avatar\/37d968a2e67a6fd04c169c4bdef102d0bc5d31b2546345219e348575eb80e9a0?s=96&d=mm&r=g","contentUrl":"https:\/\/secure.gravatar.com\/avatar\/37d968a2e67a6fd04c169c4bdef102d0bc5d31b2546345219e348575eb80e9a0?s=96&d=mm&r=g","caption":"redazione"},"sameAs":["http:\/\/www.bellunopress.it","https:\/\/x.com\/bellunopress"],"url":"https:\/\/www.bellunopress.it\/fr\/author\/redazione\/"}]}},"_links":{"self":[{"href":"https:\/\/www.bellunopress.it\/fr\/wp-json\/wp\/v2\/posts\/8627","targetHints":{"allow":["GET"]}}],"collection":[{"href":"https:\/\/www.bellunopress.it\/fr\/wp-json\/wp\/v2\/posts"}],"about":[{"href":"https:\/\/www.bellunopress.it\/fr\/wp-json\/wp\/v2\/types\/post"}],"author":[{"embeddable":true,"href":"https:\/\/www.bellunopress.it\/fr\/wp-json\/wp\/v2\/users\/2"}],"replies":[{"embeddable":true,"href":"https:\/\/www.bellunopress.it\/fr\/wp-json\/wp\/v2\/comments?post=8627"}],"version-history":[{"count":1,"href":"https:\/\/www.bellunopress.it\/fr\/wp-json\/wp\/v2\/posts\/8627\/revisions"}],"predecessor-version":[{"id":8628,"href":"https:\/\/www.bellunopress.it\/fr\/wp-json\/wp\/v2\/posts\/8627\/revisions\/8628"}],"wp:attachment":[{"href":"https:\/\/www.bellunopress.it\/fr\/wp-json\/wp\/v2\/media?parent=8627"}],"wp:term":[{"taxonomy":"category","embeddable":true,"href":"https:\/\/www.bellunopress.it\/fr\/wp-json\/wp\/v2\/categories?post=8627"},{"taxonomy":"post_tag","embeddable":true,"href":"https:\/\/www.bellunopress.it\/fr\/wp-json\/wp\/v2\/tags?post=8627"}],"curies":[{"name":"wp","href":"https:\/\/api.w.org\/{rel}","templated":true}]}}