{"id":8625,"date":"2009-10-02T20:29:49","date_gmt":"2009-10-02T19:29:49","guid":{"rendered":"http:\/\/www.bellunopress.it\/?p=8625"},"modified":"2009-10-02T20:29:49","modified_gmt":"2009-10-02T19:29:49","slug":"lorchidea-dellunicef-sabato-e-domenica-nelle-piazze","status":"publish","type":"post","link":"https:\/\/www.bellunopress.it\/fr\/2009\/10\/02\/lorchidea-dellunicef-sabato-e-domenica-nelle-piazze\/","title":{"rendered":"L&#8217;orchidea dell&#8217;Unicef sabato e domenica nelle piazze"},"content":{"rendered":"<p><a href=\"http:\/\/www.bellunopress.it\/wp-content\/uploads\/2009\/07\/unicef.jpg\"><img loading=\"lazy\" decoding=\"async\" class=\"alignleft size-medium wp-image-5926\" title=\"unicef\" src=\"http:\/\/www.bellunopress.it\/wp-content\/uploads\/2009\/07\/unicef.jpg\" alt=\"\" width=\"240\" height=\"180\" \/><\/a>\u201cL\u2019Orchidea Unicef: cos\u00ec preziosa che pu\u00f2 salvare la vita a un bambino\u201d. E\u2019 lo slogan scelto per il lancio di una grande iniziativa dicomunicazione e raccolta fondi che l\u2019Unicef proporr\u00e0 in Italia domani e domenica prossimi, 3 e 4 ottobre. Pi\u00f9 di 10.000 volontari, presenti in oltre 2.000 piazze, offriranno a fronte di una donazione minima di 15 euro, una pianta di orchidea phalaenopsis, unica pianta fiorita in questoperiodo dell\u2019anno e che simbolicamente rappresenta la speranza di un futuro pieno di colori per tanti bambini. Coinvolte saranno anche le piazze della provincia di Belluno. I banchetti dell\u2019Unicef saranno a Belluno, Agordo, Feltre, Cortina, Domegge di Cadore, Limana, Longarone, Mel, Quero, Sedico e Trichiana. In particolare, a Belluno l\u2019Unicef sar\u00e0 presente in piazza dei Martiri domani dalle 9 alle 17.30 e domenica dalle 9.30 alle 17, a Feltre in Largo Castaldi sabato e domenica dalle 10 alle 18, ad Agordo in piazza Libert\u00e0 domenica dalle 8.30 alle 17. Tanti sono i testimonial nazionali dell\u2019 Orchidea Unicef: Lino Banfi, Roberto Bolle, Alessio Boni, Milly Carlucci, Simona Marchini, Maria Rosaria Omaggio, Daniela Poggi, Mario Porfito, Francesco Prando, Patrizio Rispo, Paola Saluzzi, Amii Stewart, la nave-scuola Amerigo<br \/>\nVespucci, il Corpo Nazionale dei Vigili del Fuoco e il Piccolo Coro \u201cMariele Ventre\u201ddell\u2019Antoniano. Sempre nell\u2019ambito di questa iniziativa, realizzata in collaborazione con il Corpo Nazionale dei Vigili del Fuoco, \u00e8 stato lanciato un sms solidale al numero 48545, attivo fino al Prossimo 12 ottobre, attraverso il quale sar\u00e0 possibile donare 2 euro da telefono<br \/>\ncellulare e 2 o 5 euro da fisso. \u201cI fondi raccolti con le orchidee e con l&#8217;sms \u2013 spiega il presidente dell\u2019Unicef<br \/>\nItalia Vincenzo Spadafora &#8211; sosterranno interventi salva-vita per i bambini in 6 paesi dell\u2019Africa centrale e occidentale: Benin, Repubblica Democratica del Congo, Ghana, Guinea Bissau,Senegal e Togo. Verr\u00e0 cos\u00ec finanziata la &#8220;Acsd-Accelerated Child Survival and Development&#8221;, progetto che prevede un pacchetto integrato di interventi, con alimenti, vaccinazioni, vitamina A, zanzariere e altri strumenti essenziali per la sopravvivenza dei bambini\u201d. Per pubblicizzare l\u2019evento e sostenere l\u2019sms solidale sono stati realizzati uno spot televisivo e uno radiofonico. Le donazioni potranno essere effettuate anche tramite il sito-web <a href=\"http:\/\/www.unicef.it\">www.unicef.it<\/a> e nelle piazze. Per informazioni sulle piazze dove trovare l\u2019Orchidea Unicef c\u2019\u00e8 anche il numero verde 800745000.<\/p>","protected":false},"excerpt":{"rendered":"<p>\u201cL\u2019Orchidea Unicef: cos\u00ec preziosa che pu\u00f2 salvare la vita a un bambino\u201d. E\u2019 lo slogan scelto per il lancio di una grande iniziativa dicomunicazione e raccolta fondi che l\u2019Unicef proporr\u00e0 in Italia domani e domenica prossimi, 3 e 4 ottobre. Pi\u00f9 di 10.000 volontari, presenti in oltre 2.000 piazze, offriranno a fronte di una donazione [&hellip;]<\/p>\n","protected":false},"author":2,"featured_media":0,"comment_status":"closed","ping_status":"open","sticky":false,"template":"","format":"standard","meta":{"footnotes":""},"categories":[27,26],"tags":[139,151,302],"class_list":["post-8625","post","type-post","status-publish","format-standard","category-appuntamenti","category-prima-pagina","tag-belluno","tag-cadore","tag-feltre"],"yoast_head":"<!-- This site is optimized with the Yoast SEO plugin v28.4 - https:\/\/yoast.com\/product\/yoast-seo-wordpress\/ -->\n<title>L&#039;orchidea dell&#039;Unicef sabato e domenica nelle piazze - Bellunopress - Dolomiti<\/title>\n<meta name=\"robots\" content=\"index, follow, max-snippet:-1, max-image-preview:large, max-video-preview:-1\" \/>\n<link rel=\"canonical\" href=\"https:\/\/www.bellunopress.it\/fr\/2009\/10\/02\/lorchidea-dellunicef-sabato-e-domenica-nelle-piazze\/\" \/>\n<meta property=\"og:locale\" content=\"fr_FR\" \/>\n<meta property=\"og:type\" content=\"article\" \/>\n<meta property=\"og:title\" content=\"L&#039;orchidea dell&#039;Unicef sabato e domenica nelle piazze - Bellunopress - Dolomiti\" \/>\n<meta property=\"og:description\" content=\"\u201cL\u2019Orchidea Unicef: cos\u00ec preziosa che pu\u00f2 salvare la vita a un bambino\u201d. E\u2019 lo slogan scelto per il lancio di una grande iniziativa dicomunicazione e raccolta fondi che l\u2019Unicef proporr\u00e0 in Italia domani e domenica prossimi, 3 e 4 ottobre. Pi\u00f9 di 10.000 volontari, presenti in oltre 2.000 piazze, offriranno a fronte di una donazione [&hellip;]\" \/>\n<meta property=\"og:url\" content=\"https:\/\/www.bellunopress.it\/fr\/2009\/10\/02\/lorchidea-dellunicef-sabato-e-domenica-nelle-piazze\/\" \/>\n<meta property=\"og:site_name\" content=\"Bellunopress - Dolomiti\" \/>\n<meta property=\"article:publisher\" content=\"https:\/\/www.facebook.com\/profile.php?id=100008943462799\" \/>\n<meta property=\"article:published_time\" content=\"2009-10-02T19:29:49+00:00\" \/>\n<meta property=\"og:image\" content=\"http:\/\/www.bellunopress.it\/wp-content\/uploads\/2009\/07\/unicef.jpg\" \/>\n<meta name=\"author\" content=\"redazione\" \/>\n<meta name=\"twitter:card\" content=\"summary_large_image\" \/>\n<meta name=\"twitter:creator\" content=\"@bellunopress\" \/>\n<meta name=\"twitter:site\" content=\"@bellunopress\" \/>\n<meta name=\"twitter:label1\" content=\"\u00c9crit par\" \/>\n\t<meta name=\"twitter:data1\" content=\"redazione\" \/>\n\t<meta name=\"twitter:label2\" content=\"Dur\u00e9e de lecture estim\u00e9e\" \/>\n\t<meta name=\"twitter:data2\" content=\"2 minutes\" \/>\n<script type=\"application\/ld+json\" class=\"yoast-schema-graph\">{\"@context\":\"https:\\\/\\\/schema.org\",\"@graph\":[{\"@type\":\"Article\",\"@id\":\"https:\\\/\\\/www.bellunopress.it\\\/2009\\\/10\\\/02\\\/lorchidea-dellunicef-sabato-e-domenica-nelle-piazze\\\/#article\",\"isPartOf\":{\"@id\":\"https:\\\/\\\/www.bellunopress.it\\\/2009\\\/10\\\/02\\\/lorchidea-dellunicef-sabato-e-domenica-nelle-piazze\\\/\"},\"author\":{\"name\":\"redazione\",\"@id\":\"https:\\\/\\\/www.bellunopress.it\\\/#\\\/schema\\\/person\\\/79bb06722b37ece1c03d3e94beb30d73\"},\"headline\":\"L&#8217;orchidea dell&#8217;Unicef sabato e domenica nelle piazze\",\"datePublished\":\"2009-10-02T19:29:49+00:00\",\"mainEntityOfPage\":{\"@id\":\"https:\\\/\\\/www.bellunopress.it\\\/2009\\\/10\\\/02\\\/lorchidea-dellunicef-sabato-e-domenica-nelle-piazze\\\/\"},\"wordCount\":376,\"publisher\":{\"@id\":\"https:\\\/\\\/www.bellunopress.it\\\/#organization\"},\"image\":{\"@id\":\"https:\\\/\\\/www.bellunopress.it\\\/2009\\\/10\\\/02\\\/lorchidea-dellunicef-sabato-e-domenica-nelle-piazze\\\/#primaryimage\"},\"thumbnailUrl\":\"http:\\\/\\\/www.bellunopress.it\\\/wp-content\\\/uploads\\\/2009\\\/07\\\/unicef.jpg\",\"keywords\":[\"Belluno\",\"Cadore\",\"Feltre\"],\"articleSection\":[\"Appuntamenti, Eventi\",\"Prima Pagina\"],\"inLanguage\":\"fr-FR\"},{\"@type\":\"WebPage\",\"@id\":\"https:\\\/\\\/www.bellunopress.it\\\/2009\\\/10\\\/02\\\/lorchidea-dellunicef-sabato-e-domenica-nelle-piazze\\\/\",\"url\":\"https:\\\/\\\/www.bellunopress.it\\\/2009\\\/10\\\/02\\\/lorchidea-dellunicef-sabato-e-domenica-nelle-piazze\\\/\",\"name\":\"L'orchidea dell'Unicef sabato e domenica nelle piazze - Bellunopress - Dolomiti\",\"isPartOf\":{\"@id\":\"https:\\\/\\\/www.bellunopress.it\\\/#website\"},\"primaryImageOfPage\":{\"@id\":\"https:\\\/\\\/www.bellunopress.it\\\/2009\\\/10\\\/02\\\/lorchidea-dellunicef-sabato-e-domenica-nelle-piazze\\\/#primaryimage\"},\"image\":{\"@id\":\"https:\\\/\\\/www.bellunopress.it\\\/2009\\\/10\\\/02\\\/lorchidea-dellunicef-sabato-e-domenica-nelle-piazze\\\/#primaryimage\"},\"thumbnailUrl\":\"http:\\\/\\\/www.bellunopress.it\\\/wp-content\\\/uploads\\\/2009\\\/07\\\/unicef.jpg\",\"datePublished\":\"2009-10-02T19:29:49+00:00\",\"breadcrumb\":{\"@id\":\"https:\\\/\\\/www.bellunopress.it\\\/2009\\\/10\\\/02\\\/lorchidea-dellunicef-sabato-e-domenica-nelle-piazze\\\/#breadcrumb\"},\"inLanguage\":\"fr-FR\",\"potentialAction\":[{\"@type\":\"ReadAction\",\"target\":[\"https:\\\/\\\/www.bellunopress.it\\\/2009\\\/10\\\/02\\\/lorchidea-dellunicef-sabato-e-domenica-nelle-piazze\\\/\"]}]},{\"@type\":\"ImageObject\",\"inLanguage\":\"fr-FR\",\"@id\":\"https:\\\/\\\/www.bellunopress.it\\\/2009\\\/10\\\/02\\\/lorchidea-dellunicef-sabato-e-domenica-nelle-piazze\\\/#primaryimage\",\"url\":\"http:\\\/\\\/www.bellunopress.it\\\/wp-content\\\/uploads\\\/2009\\\/07\\\/unicef.jpg\",\"contentUrl\":\"http:\\\/\\\/www.bellunopress.it\\\/wp-content\\\/uploads\\\/2009\\\/07\\\/unicef.jpg\"},{\"@type\":\"BreadcrumbList\",\"@id\":\"https:\\\/\\\/www.bellunopress.it\\\/2009\\\/10\\\/02\\\/lorchidea-dellunicef-sabato-e-domenica-nelle-piazze\\\/#breadcrumb\",\"itemListElement\":[{\"@type\":\"ListItem\",\"position\":1,\"name\":\"Home\",\"item\":\"https:\\\/\\\/www.bellunopress.it\\\/\"},{\"@type\":\"ListItem\",\"position\":2,\"name\":\"L&#8217;orchidea dell&#8217;Unicef sabato e domenica nelle piazze\"}]},{\"@type\":\"WebSite\",\"@id\":\"https:\\\/\\\/www.bellunopress.it\\\/#website\",\"url\":\"https:\\\/\\\/www.bellunopress.it\\\/\",\"name\":\"Bellunopress - Dolomiti\",\"description\":\"e-mail: redazione@bellunopress.it\",\"publisher\":{\"@id\":\"https:\\\/\\\/www.bellunopress.it\\\/#organization\"},\"potentialAction\":[{\"@type\":\"SearchAction\",\"target\":{\"@type\":\"EntryPoint\",\"urlTemplate\":\"https:\\\/\\\/www.bellunopress.it\\\/?s={search_term_string}\"},\"query-input\":{\"@type\":\"PropertyValueSpecification\",\"valueRequired\":true,\"valueName\":\"search_term_string\"}}],\"inLanguage\":\"fr-FR\"},{\"@type\":\"Organization\",\"@id\":\"https:\\\/\\\/www.bellunopress.it\\\/#organization\",\"name\":\"Bellunopress\",\"url\":\"https:\\\/\\\/www.bellunopress.it\\\/\",\"logo\":{\"@type\":\"ImageObject\",\"inLanguage\":\"fr-FR\",\"@id\":\"https:\\\/\\\/www.bellunopress.it\\\/#\\\/schema\\\/logo\\\/image\\\/\",\"url\":\"https:\\\/\\\/www.bellunopress.it\\\/wp-content\\\/uploads\\\/2011\\\/05\\\/cropped-logo-bellunopress-.jpg\",\"contentUrl\":\"https:\\\/\\\/www.bellunopress.it\\\/wp-content\\\/uploads\\\/2011\\\/05\\\/cropped-logo-bellunopress-.jpg\",\"width\":512,\"height\":512,\"caption\":\"Bellunopress\"},\"image\":{\"@id\":\"https:\\\/\\\/www.bellunopress.it\\\/#\\\/schema\\\/logo\\\/image\\\/\"},\"sameAs\":[\"https:\\\/\\\/www.facebook.com\\\/profile.php?id=100008943462799\",\"https:\\\/\\\/x.com\\\/bellunopress\",\"https:\\\/\\\/www.linkedin.com\\\/hp\\\/?dnr=JBzUWaJfMUw8vbXJJ2tVW5-I3jZKvC4wsoxE&amp;amp;amp;amp;amp;amp;trk=nav_responsive_tab_home\",\"https:\\\/\\\/www.youtube.com\\\/channel\\\/UCxL0wu1uN0_3_7hGG0306cw\"]},{\"@type\":\"Person\",\"@id\":\"https:\\\/\\\/www.bellunopress.it\\\/#\\\/schema\\\/person\\\/79bb06722b37ece1c03d3e94beb30d73\",\"name\":\"redazione\",\"image\":{\"@type\":\"ImageObject\",\"inLanguage\":\"fr-FR\",\"@id\":\"https:\\\/\\\/secure.gravatar.com\\\/avatar\\\/37d968a2e67a6fd04c169c4bdef102d0bc5d31b2546345219e348575eb80e9a0?s=96&d=mm&r=g\",\"url\":\"https:\\\/\\\/secure.gravatar.com\\\/avatar\\\/37d968a2e67a6fd04c169c4bdef102d0bc5d31b2546345219e348575eb80e9a0?s=96&d=mm&r=g\",\"contentUrl\":\"https:\\\/\\\/secure.gravatar.com\\\/avatar\\\/37d968a2e67a6fd04c169c4bdef102d0bc5d31b2546345219e348575eb80e9a0?s=96&d=mm&r=g\",\"caption\":\"redazione\"},\"sameAs\":[\"http:\\\/\\\/www.bellunopress.it\",\"https:\\\/\\\/x.com\\\/bellunopress\"],\"url\":\"https:\\\/\\\/www.bellunopress.it\\\/fr\\\/author\\\/redazione\\\/\"}]}<\/script>\n<!-- \/ Yoast SEO plugin. -->","yoast_head_json":{"title":"L'orchidea dell'Unicef sabato e domenica nelle piazze - Bellunopress - Dolomiti","robots":{"index":"index","follow":"follow","max-snippet":"max-snippet:-1","max-image-preview":"max-image-preview:large","max-video-preview":"max-video-preview:-1"},"canonical":"https:\/\/www.bellunopress.it\/fr\/2009\/10\/02\/lorchidea-dellunicef-sabato-e-domenica-nelle-piazze\/","og_locale":"fr_FR","og_type":"article","og_title":"L'orchidea dell'Unicef sabato e domenica nelle piazze - Bellunopress - Dolomiti","og_description":"\u201cL\u2019Orchidea Unicef: cos\u00ec preziosa che pu\u00f2 salvare la vita a un bambino\u201d. E\u2019 lo slogan scelto per il lancio di una grande iniziativa dicomunicazione e raccolta fondi che l\u2019Unicef proporr\u00e0 in Italia domani e domenica prossimi, 3 e 4 ottobre. Pi\u00f9 di 10.000 volontari, presenti in oltre 2.000 piazze, offriranno a fronte di una donazione [&hellip;]","og_url":"https:\/\/www.bellunopress.it\/fr\/2009\/10\/02\/lorchidea-dellunicef-sabato-e-domenica-nelle-piazze\/","og_site_name":"Bellunopress - Dolomiti","article_publisher":"https:\/\/www.facebook.com\/profile.php?id=100008943462799","article_published_time":"2009-10-02T19:29:49+00:00","og_image":[{"url":"http:\/\/www.bellunopress.it\/wp-content\/uploads\/2009\/07\/unicef.jpg","type":"","width":"","height":""}],"author":"redazione","twitter_card":"summary_large_image","twitter_creator":"@bellunopress","twitter_site":"@bellunopress","twitter_misc":{"\u00c9crit par":"redazione","Dur\u00e9e de lecture estim\u00e9e":"2 minutes"},"schema":{"@context":"https:\/\/schema.org","@graph":[{"@type":"Article","@id":"https:\/\/www.bellunopress.it\/2009\/10\/02\/lorchidea-dellunicef-sabato-e-domenica-nelle-piazze\/#article","isPartOf":{"@id":"https:\/\/www.bellunopress.it\/2009\/10\/02\/lorchidea-dellunicef-sabato-e-domenica-nelle-piazze\/"},"author":{"name":"redazione","@id":"https:\/\/www.bellunopress.it\/#\/schema\/person\/79bb06722b37ece1c03d3e94beb30d73"},"headline":"L&#8217;orchidea dell&#8217;Unicef sabato e domenica nelle piazze","datePublished":"2009-10-02T19:29:49+00:00","mainEntityOfPage":{"@id":"https:\/\/www.bellunopress.it\/2009\/10\/02\/lorchidea-dellunicef-sabato-e-domenica-nelle-piazze\/"},"wordCount":376,"publisher":{"@id":"https:\/\/www.bellunopress.it\/#organization"},"image":{"@id":"https:\/\/www.bellunopress.it\/2009\/10\/02\/lorchidea-dellunicef-sabato-e-domenica-nelle-piazze\/#primaryimage"},"thumbnailUrl":"http:\/\/www.bellunopress.it\/wp-content\/uploads\/2009\/07\/unicef.jpg","keywords":["Belluno","Cadore","Feltre"],"articleSection":["Appuntamenti, Eventi","Prima Pagina"],"inLanguage":"fr-FR"},{"@type":"WebPage","@id":"https:\/\/www.bellunopress.it\/2009\/10\/02\/lorchidea-dellunicef-sabato-e-domenica-nelle-piazze\/","url":"https:\/\/www.bellunopress.it\/2009\/10\/02\/lorchidea-dellunicef-sabato-e-domenica-nelle-piazze\/","name":"L'orchidea dell'Unicef sabato e domenica nelle piazze - Bellunopress - Dolomiti","isPartOf":{"@id":"https:\/\/www.bellunopress.it\/#website"},"primaryImageOfPage":{"@id":"https:\/\/www.bellunopress.it\/2009\/10\/02\/lorchidea-dellunicef-sabato-e-domenica-nelle-piazze\/#primaryimage"},"image":{"@id":"https:\/\/www.bellunopress.it\/2009\/10\/02\/lorchidea-dellunicef-sabato-e-domenica-nelle-piazze\/#primaryimage"},"thumbnailUrl":"http:\/\/www.bellunopress.it\/wp-content\/uploads\/2009\/07\/unicef.jpg","datePublished":"2009-10-02T19:29:49+00:00","breadcrumb":{"@id":"https:\/\/www.bellunopress.it\/2009\/10\/02\/lorchidea-dellunicef-sabato-e-domenica-nelle-piazze\/#breadcrumb"},"inLanguage":"fr-FR","potentialAction":[{"@type":"ReadAction","target":["https:\/\/www.bellunopress.it\/2009\/10\/02\/lorchidea-dellunicef-sabato-e-domenica-nelle-piazze\/"]}]},{"@type":"ImageObject","inLanguage":"fr-FR","@id":"https:\/\/www.bellunopress.it\/2009\/10\/02\/lorchidea-dellunicef-sabato-e-domenica-nelle-piazze\/#primaryimage","url":"http:\/\/www.bellunopress.it\/wp-content\/uploads\/2009\/07\/unicef.jpg","contentUrl":"http:\/\/www.bellunopress.it\/wp-content\/uploads\/2009\/07\/unicef.jpg"},{"@type":"BreadcrumbList","@id":"https:\/\/www.bellunopress.it\/2009\/10\/02\/lorchidea-dellunicef-sabato-e-domenica-nelle-piazze\/#breadcrumb","itemListElement":[{"@type":"ListItem","position":1,"name":"Home","item":"https:\/\/www.bellunopress.it\/"},{"@type":"ListItem","position":2,"name":"L&#8217;orchidea dell&#8217;Unicef sabato e domenica nelle piazze"}]},{"@type":"WebSite","@id":"https:\/\/www.bellunopress.it\/#website","url":"https:\/\/www.bellunopress.it\/","name":"Bellunopress - Dolomiti","description":"e-mail: redazione@bellunopress.it","publisher":{"@id":"https:\/\/www.bellunopress.it\/#organization"},"potentialAction":[{"@type":"SearchAction","target":{"@type":"EntryPoint","urlTemplate":"https:\/\/www.bellunopress.it\/?s={search_term_string}"},"query-input":{"@type":"PropertyValueSpecification","valueRequired":true,"valueName":"search_term_string"}}],"inLanguage":"fr-FR"},{"@type":"Organization","@id":"https:\/\/www.bellunopress.it\/#organization","name":"Bellunopress","url":"https:\/\/www.bellunopress.it\/","logo":{"@type":"ImageObject","inLanguage":"fr-FR","@id":"https:\/\/www.bellunopress.it\/#\/schema\/logo\/image\/","url":"https:\/\/www.bellunopress.it\/wp-content\/uploads\/2011\/05\/cropped-logo-bellunopress-.jpg","contentUrl":"https:\/\/www.bellunopress.it\/wp-content\/uploads\/2011\/05\/cropped-logo-bellunopress-.jpg","width":512,"height":512,"caption":"Bellunopress"},"image":{"@id":"https:\/\/www.bellunopress.it\/#\/schema\/logo\/image\/"},"sameAs":["https:\/\/www.facebook.com\/profile.php?id=100008943462799","https:\/\/x.com\/bellunopress","https:\/\/www.linkedin.com\/hp\/?dnr=JBzUWaJfMUw8vbXJJ2tVW5-I3jZKvC4wsoxE&amp;amp;amp;amp;amp;amp;trk=nav_responsive_tab_home","https:\/\/www.youtube.com\/channel\/UCxL0wu1uN0_3_7hGG0306cw"]},{"@type":"Person","@id":"https:\/\/www.bellunopress.it\/#\/schema\/person\/79bb06722b37ece1c03d3e94beb30d73","name":"r\u00e9daction","image":{"@type":"ImageObject","inLanguage":"fr-FR","@id":"https:\/\/secure.gravatar.com\/avatar\/37d968a2e67a6fd04c169c4bdef102d0bc5d31b2546345219e348575eb80e9a0?s=96&d=mm&r=g","url":"https:\/\/secure.gravatar.com\/avatar\/37d968a2e67a6fd04c169c4bdef102d0bc5d31b2546345219e348575eb80e9a0?s=96&d=mm&r=g","contentUrl":"https:\/\/secure.gravatar.com\/avatar\/37d968a2e67a6fd04c169c4bdef102d0bc5d31b2546345219e348575eb80e9a0?s=96&d=mm&r=g","caption":"redazione"},"sameAs":["http:\/\/www.bellunopress.it","https:\/\/x.com\/bellunopress"],"url":"https:\/\/www.bellunopress.it\/fr\/author\/redazione\/"}]}},"_links":{"self":[{"href":"https:\/\/www.bellunopress.it\/fr\/wp-json\/wp\/v2\/posts\/8625","targetHints":{"allow":["GET"]}}],"collection":[{"href":"https:\/\/www.bellunopress.it\/fr\/wp-json\/wp\/v2\/posts"}],"about":[{"href":"https:\/\/www.bellunopress.it\/fr\/wp-json\/wp\/v2\/types\/post"}],"author":[{"embeddable":true,"href":"https:\/\/www.bellunopress.it\/fr\/wp-json\/wp\/v2\/users\/2"}],"replies":[{"embeddable":true,"href":"https:\/\/www.bellunopress.it\/fr\/wp-json\/wp\/v2\/comments?post=8625"}],"version-history":[{"count":1,"href":"https:\/\/www.bellunopress.it\/fr\/wp-json\/wp\/v2\/posts\/8625\/revisions"}],"predecessor-version":[{"id":8626,"href":"https:\/\/www.bellunopress.it\/fr\/wp-json\/wp\/v2\/posts\/8625\/revisions\/8626"}],"wp:attachment":[{"href":"https:\/\/www.bellunopress.it\/fr\/wp-json\/wp\/v2\/media?parent=8625"}],"wp:term":[{"taxonomy":"category","embeddable":true,"href":"https:\/\/www.bellunopress.it\/fr\/wp-json\/wp\/v2\/categories?post=8625"},{"taxonomy":"post_tag","embeddable":true,"href":"https:\/\/www.bellunopress.it\/fr\/wp-json\/wp\/v2\/tags?post=8625"}],"curies":[{"name":"wp","href":"https:\/\/api.w.org\/{rel}","templated":true}]}}