{"id":8623,"date":"2009-10-02T20:21:27","date_gmt":"2009-10-02T19:21:27","guid":{"rendered":"http:\/\/www.bellunopress.it\/?p=8623"},"modified":"2009-10-02T20:21:27","modified_gmt":"2009-10-02T19:21:27","slug":"il-parco-delle-dolomiti-cerca-un-gestore-per-il-centro-culturale-piero-rossi","status":"publish","type":"post","link":"https:\/\/www.bellunopress.it\/fr\/2009\/10\/02\/il-parco-delle-dolomiti-cerca-un-gestore-per-il-centro-culturale-piero-rossi\/","title":{"rendered":"Il Parco delle Dolomiti cerca un gestore per il Centro culturale &#8220;Piero Rossi&#8221;"},"content":{"rendered":"<p>Il Parco Nazionale Dolomiti Bellunesi bandisce la gara per la gestione del Centro culturale &#8220;Piero Rossi&#8221; a Belluno.Nel cuore della citt\u00e0 capoluogo di Provincia \u00e8 ubicata questa struttura che si candida a divenire il vero e proprio cuore delle attivit\u00e0 culturali dell&#8217;area naturale protetta e del suo territorio. Di fronte alla Schiara, tanto cara alla memoria di Dino Buzzati e di Piero Rossi, il centro culturale \u00e8 affacciato sulla centralissima piazza Piloni, sede di un bel mercato settimanale il sabato. Il Centro \u00e8 composto da due grandi saloni di circa 108 mq e 87 mq con un passaggio di circa 10 mq, oltre a servizi e vani deposito.\u00a0La struttura sar\u00e0 una vera e propria &#8220;piazza al coperto&#8221;, con una sala per incontri culturali, un bar con prodotti del Parco a marchio Carta Qualit\u00e0, un negozio di prodotti locali, tipici, del territorio, del Parco e di altre aree protette del Veneto e d&#8217;Italia.\u00a0L&#8217;Ente Parco cerca il gestore, pi\u00f9 che un affittuario un vero e proprio socio, cui affidare la cura e l&#8217;amore per un luogo speciale, attivit\u00e0 economia e culturale, promozionale e di aggregazione sociale. La base d&#8217;asta \u00e8 10.000 euro l&#8217;anno, oltre ad una percentuale sul fatturato, ma per aggiudicarsi la gara (per tre anni, rinnovabile per uno) occorrer\u00e0 redigere un bel piano di gestione.<br \/>\nLa gara scade il 13 novembre.<\/p>","protected":false},"excerpt":{"rendered":"<p>Il Parco Nazionale Dolomiti Bellunesi bandisce la gara per la gestione del Centro culturale &#8220;Piero Rossi&#8221; a Belluno.Nel cuore della citt\u00e0 capoluogo di Provincia \u00e8 ubicata questa struttura che si candida a divenire il vero e proprio cuore delle attivit\u00e0 culturali dell&#8217;area naturale protetta e del suo territorio. Di fronte alla Schiara, tanto cara alla [&hellip;]<\/p>\n","protected":false},"author":2,"featured_media":0,"comment_status":"closed","ping_status":"open","sticky":false,"template":"","format":"standard","meta":{"footnotes":""},"categories":[36,26],"tags":[139,63],"class_list":["post-8623","post","type-post","status-publish","format-standard","category-lavoro-economia","category-prima-pagina","tag-belluno","tag-dolomiti"],"yoast_head":"<!-- This site is optimized with the Yoast SEO plugin v28.4 - https:\/\/yoast.com\/product\/yoast-seo-wordpress\/ -->\n<title>Il Parco delle Dolomiti cerca un gestore per il Centro culturale &quot;Piero Rossi&quot; - Bellunopress - Dolomiti<\/title>\n<meta name=\"robots\" content=\"index, follow, max-snippet:-1, max-image-preview:large, max-video-preview:-1\" \/>\n<link rel=\"canonical\" href=\"https:\/\/www.bellunopress.it\/fr\/2009\/10\/02\/il-parco-delle-dolomiti-cerca-un-gestore-per-il-centro-culturale-piero-rossi\/\" \/>\n<meta property=\"og:locale\" content=\"fr_FR\" \/>\n<meta property=\"og:type\" content=\"article\" \/>\n<meta property=\"og:title\" content=\"Il Parco delle Dolomiti cerca un gestore per il Centro culturale &quot;Piero Rossi&quot; - Bellunopress - Dolomiti\" \/>\n<meta property=\"og:description\" content=\"Il Parco Nazionale Dolomiti Bellunesi bandisce la gara per la gestione del Centro culturale &#8220;Piero Rossi&#8221; a Belluno.Nel cuore della citt\u00e0 capoluogo di Provincia \u00e8 ubicata questa struttura che si candida a divenire il vero e proprio cuore delle attivit\u00e0 culturali dell&#8217;area naturale protetta e del suo territorio. Di fronte alla Schiara, tanto cara alla [&hellip;]\" \/>\n<meta property=\"og:url\" content=\"https:\/\/www.bellunopress.it\/fr\/2009\/10\/02\/il-parco-delle-dolomiti-cerca-un-gestore-per-il-centro-culturale-piero-rossi\/\" \/>\n<meta property=\"og:site_name\" content=\"Bellunopress - Dolomiti\" \/>\n<meta property=\"article:publisher\" content=\"https:\/\/www.facebook.com\/profile.php?id=100008943462799\" \/>\n<meta property=\"article:published_time\" content=\"2009-10-02T19:21:27+00:00\" \/>\n<meta property=\"og:image\" content=\"http:\/\/www.bellunopress.it\/wp-content\/uploads\/2012\/07\/logo-bellunopress-250x250-2012.jpg\" \/>\n<meta name=\"author\" content=\"redazione\" \/>\n<meta name=\"twitter:card\" content=\"summary_large_image\" \/>\n<meta name=\"twitter:creator\" content=\"@bellunopress\" \/>\n<meta name=\"twitter:site\" content=\"@bellunopress\" \/>\n<meta name=\"twitter:label1\" content=\"\u00c9crit par\" \/>\n\t<meta name=\"twitter:data1\" content=\"redazione\" \/>\n\t<meta name=\"twitter:label2\" content=\"Dur\u00e9e de lecture estim\u00e9e\" \/>\n\t<meta name=\"twitter:data2\" content=\"1 minute\" \/>\n<script type=\"application\/ld+json\" class=\"yoast-schema-graph\">{\"@context\":\"https:\\\/\\\/schema.org\",\"@graph\":[{\"@type\":\"Article\",\"@id\":\"https:\\\/\\\/www.bellunopress.it\\\/2009\\\/10\\\/02\\\/il-parco-delle-dolomiti-cerca-un-gestore-per-il-centro-culturale-piero-rossi\\\/#article\",\"isPartOf\":{\"@id\":\"https:\\\/\\\/www.bellunopress.it\\\/2009\\\/10\\\/02\\\/il-parco-delle-dolomiti-cerca-un-gestore-per-il-centro-culturale-piero-rossi\\\/\"},\"author\":{\"name\":\"redazione\",\"@id\":\"https:\\\/\\\/www.bellunopress.it\\\/#\\\/schema\\\/person\\\/79bb06722b37ece1c03d3e94beb30d73\"},\"headline\":\"Il Parco delle Dolomiti cerca un gestore per il Centro culturale &#8220;Piero Rossi&#8221;\",\"datePublished\":\"2009-10-02T19:21:27+00:00\",\"mainEntityOfPage\":{\"@id\":\"https:\\\/\\\/www.bellunopress.it\\\/2009\\\/10\\\/02\\\/il-parco-delle-dolomiti-cerca-un-gestore-per-il-centro-culturale-piero-rossi\\\/\"},\"wordCount\":234,\"publisher\":{\"@id\":\"https:\\\/\\\/www.bellunopress.it\\\/#organization\"},\"keywords\":[\"Belluno\",\"Dolomiti\"],\"articleSection\":[\"Lavoro, Economia, Turismo\",\"Prima Pagina\"],\"inLanguage\":\"fr-FR\"},{\"@type\":\"WebPage\",\"@id\":\"https:\\\/\\\/www.bellunopress.it\\\/2009\\\/10\\\/02\\\/il-parco-delle-dolomiti-cerca-un-gestore-per-il-centro-culturale-piero-rossi\\\/\",\"url\":\"https:\\\/\\\/www.bellunopress.it\\\/2009\\\/10\\\/02\\\/il-parco-delle-dolomiti-cerca-un-gestore-per-il-centro-culturale-piero-rossi\\\/\",\"name\":\"Il Parco delle Dolomiti cerca un gestore per il Centro culturale \\\"Piero Rossi\\\" - Bellunopress - Dolomiti\",\"isPartOf\":{\"@id\":\"https:\\\/\\\/www.bellunopress.it\\\/#website\"},\"datePublished\":\"2009-10-02T19:21:27+00:00\",\"breadcrumb\":{\"@id\":\"https:\\\/\\\/www.bellunopress.it\\\/2009\\\/10\\\/02\\\/il-parco-delle-dolomiti-cerca-un-gestore-per-il-centro-culturale-piero-rossi\\\/#breadcrumb\"},\"inLanguage\":\"fr-FR\",\"potentialAction\":[{\"@type\":\"ReadAction\",\"target\":[\"https:\\\/\\\/www.bellunopress.it\\\/2009\\\/10\\\/02\\\/il-parco-delle-dolomiti-cerca-un-gestore-per-il-centro-culturale-piero-rossi\\\/\"]}]},{\"@type\":\"BreadcrumbList\",\"@id\":\"https:\\\/\\\/www.bellunopress.it\\\/2009\\\/10\\\/02\\\/il-parco-delle-dolomiti-cerca-un-gestore-per-il-centro-culturale-piero-rossi\\\/#breadcrumb\",\"itemListElement\":[{\"@type\":\"ListItem\",\"position\":1,\"name\":\"Home\",\"item\":\"https:\\\/\\\/www.bellunopress.it\\\/\"},{\"@type\":\"ListItem\",\"position\":2,\"name\":\"Il Parco delle Dolomiti cerca un gestore per il Centro culturale &#8220;Piero Rossi&#8221;\"}]},{\"@type\":\"WebSite\",\"@id\":\"https:\\\/\\\/www.bellunopress.it\\\/#website\",\"url\":\"https:\\\/\\\/www.bellunopress.it\\\/\",\"name\":\"Bellunopress - Dolomiti\",\"description\":\"e-mail: redazione@bellunopress.it\",\"publisher\":{\"@id\":\"https:\\\/\\\/www.bellunopress.it\\\/#organization\"},\"potentialAction\":[{\"@type\":\"SearchAction\",\"target\":{\"@type\":\"EntryPoint\",\"urlTemplate\":\"https:\\\/\\\/www.bellunopress.it\\\/?s={search_term_string}\"},\"query-input\":{\"@type\":\"PropertyValueSpecification\",\"valueRequired\":true,\"valueName\":\"search_term_string\"}}],\"inLanguage\":\"fr-FR\"},{\"@type\":\"Organization\",\"@id\":\"https:\\\/\\\/www.bellunopress.it\\\/#organization\",\"name\":\"Bellunopress\",\"url\":\"https:\\\/\\\/www.bellunopress.it\\\/\",\"logo\":{\"@type\":\"ImageObject\",\"inLanguage\":\"fr-FR\",\"@id\":\"https:\\\/\\\/www.bellunopress.it\\\/#\\\/schema\\\/logo\\\/image\\\/\",\"url\":\"https:\\\/\\\/www.bellunopress.it\\\/wp-content\\\/uploads\\\/2011\\\/05\\\/cropped-logo-bellunopress-.jpg\",\"contentUrl\":\"https:\\\/\\\/www.bellunopress.it\\\/wp-content\\\/uploads\\\/2011\\\/05\\\/cropped-logo-bellunopress-.jpg\",\"width\":512,\"height\":512,\"caption\":\"Bellunopress\"},\"image\":{\"@id\":\"https:\\\/\\\/www.bellunopress.it\\\/#\\\/schema\\\/logo\\\/image\\\/\"},\"sameAs\":[\"https:\\\/\\\/www.facebook.com\\\/profile.php?id=100008943462799\",\"https:\\\/\\\/x.com\\\/bellunopress\",\"https:\\\/\\\/www.linkedin.com\\\/hp\\\/?dnr=JBzUWaJfMUw8vbXJJ2tVW5-I3jZKvC4wsoxE&amp;amp;amp;amp;amp;amp;trk=nav_responsive_tab_home\",\"https:\\\/\\\/www.youtube.com\\\/channel\\\/UCxL0wu1uN0_3_7hGG0306cw\"]},{\"@type\":\"Person\",\"@id\":\"https:\\\/\\\/www.bellunopress.it\\\/#\\\/schema\\\/person\\\/79bb06722b37ece1c03d3e94beb30d73\",\"name\":\"redazione\",\"image\":{\"@type\":\"ImageObject\",\"inLanguage\":\"fr-FR\",\"@id\":\"https:\\\/\\\/secure.gravatar.com\\\/avatar\\\/37d968a2e67a6fd04c169c4bdef102d0bc5d31b2546345219e348575eb80e9a0?s=96&d=mm&r=g\",\"url\":\"https:\\\/\\\/secure.gravatar.com\\\/avatar\\\/37d968a2e67a6fd04c169c4bdef102d0bc5d31b2546345219e348575eb80e9a0?s=96&d=mm&r=g\",\"contentUrl\":\"https:\\\/\\\/secure.gravatar.com\\\/avatar\\\/37d968a2e67a6fd04c169c4bdef102d0bc5d31b2546345219e348575eb80e9a0?s=96&d=mm&r=g\",\"caption\":\"redazione\"},\"sameAs\":[\"http:\\\/\\\/www.bellunopress.it\",\"https:\\\/\\\/x.com\\\/bellunopress\"],\"url\":\"https:\\\/\\\/www.bellunopress.it\\\/fr\\\/author\\\/redazione\\\/\"}]}<\/script>\n<!-- \/ Yoast SEO plugin. -->","yoast_head_json":{"title":"Il Parco delle Dolomiti cerca un gestore per il Centro culturale \"Piero Rossi\" - Bellunopress - Dolomiti","robots":{"index":"index","follow":"follow","max-snippet":"max-snippet:-1","max-image-preview":"max-image-preview:large","max-video-preview":"max-video-preview:-1"},"canonical":"https:\/\/www.bellunopress.it\/fr\/2009\/10\/02\/il-parco-delle-dolomiti-cerca-un-gestore-per-il-centro-culturale-piero-rossi\/","og_locale":"fr_FR","og_type":"article","og_title":"Il Parco delle Dolomiti cerca un gestore per il Centro culturale \"Piero Rossi\" - Bellunopress - Dolomiti","og_description":"Il Parco Nazionale Dolomiti Bellunesi bandisce la gara per la gestione del Centro culturale &#8220;Piero Rossi&#8221; a Belluno.Nel cuore della citt\u00e0 capoluogo di Provincia \u00e8 ubicata questa struttura che si candida a divenire il vero e proprio cuore delle attivit\u00e0 culturali dell&#8217;area naturale protetta e del suo territorio. Di fronte alla Schiara, tanto cara alla [&hellip;]","og_url":"https:\/\/www.bellunopress.it\/fr\/2009\/10\/02\/il-parco-delle-dolomiti-cerca-un-gestore-per-il-centro-culturale-piero-rossi\/","og_site_name":"Bellunopress - Dolomiti","article_publisher":"https:\/\/www.facebook.com\/profile.php?id=100008943462799","article_published_time":"2009-10-02T19:21:27+00:00","og_image":[{"url":"http:\/\/www.bellunopress.it\/wp-content\/uploads\/2012\/07\/logo-bellunopress-250x250-2012.jpg","type":"","width":"","height":""}],"author":"redazione","twitter_card":"summary_large_image","twitter_creator":"@bellunopress","twitter_site":"@bellunopress","twitter_misc":{"\u00c9crit par":"redazione","Dur\u00e9e de lecture estim\u00e9e":"1 minute"},"schema":{"@context":"https:\/\/schema.org","@graph":[{"@type":"Article","@id":"https:\/\/www.bellunopress.it\/2009\/10\/02\/il-parco-delle-dolomiti-cerca-un-gestore-per-il-centro-culturale-piero-rossi\/#article","isPartOf":{"@id":"https:\/\/www.bellunopress.it\/2009\/10\/02\/il-parco-delle-dolomiti-cerca-un-gestore-per-il-centro-culturale-piero-rossi\/"},"author":{"name":"redazione","@id":"https:\/\/www.bellunopress.it\/#\/schema\/person\/79bb06722b37ece1c03d3e94beb30d73"},"headline":"Il Parco delle Dolomiti cerca un gestore per il Centro culturale &#8220;Piero Rossi&#8221;","datePublished":"2009-10-02T19:21:27+00:00","mainEntityOfPage":{"@id":"https:\/\/www.bellunopress.it\/2009\/10\/02\/il-parco-delle-dolomiti-cerca-un-gestore-per-il-centro-culturale-piero-rossi\/"},"wordCount":234,"publisher":{"@id":"https:\/\/www.bellunopress.it\/#organization"},"keywords":["Belluno","Dolomiti"],"articleSection":["Lavoro, Economia, Turismo","Prima Pagina"],"inLanguage":"fr-FR"},{"@type":"WebPage","@id":"https:\/\/www.bellunopress.it\/2009\/10\/02\/il-parco-delle-dolomiti-cerca-un-gestore-per-il-centro-culturale-piero-rossi\/","url":"https:\/\/www.bellunopress.it\/2009\/10\/02\/il-parco-delle-dolomiti-cerca-un-gestore-per-il-centro-culturale-piero-rossi\/","name":"Il Parco delle Dolomiti cerca un gestore per il Centro culturale \"Piero Rossi\" - Bellunopress - Dolomiti","isPartOf":{"@id":"https:\/\/www.bellunopress.it\/#website"},"datePublished":"2009-10-02T19:21:27+00:00","breadcrumb":{"@id":"https:\/\/www.bellunopress.it\/2009\/10\/02\/il-parco-delle-dolomiti-cerca-un-gestore-per-il-centro-culturale-piero-rossi\/#breadcrumb"},"inLanguage":"fr-FR","potentialAction":[{"@type":"ReadAction","target":["https:\/\/www.bellunopress.it\/2009\/10\/02\/il-parco-delle-dolomiti-cerca-un-gestore-per-il-centro-culturale-piero-rossi\/"]}]},{"@type":"BreadcrumbList","@id":"https:\/\/www.bellunopress.it\/2009\/10\/02\/il-parco-delle-dolomiti-cerca-un-gestore-per-il-centro-culturale-piero-rossi\/#breadcrumb","itemListElement":[{"@type":"ListItem","position":1,"name":"Home","item":"https:\/\/www.bellunopress.it\/"},{"@type":"ListItem","position":2,"name":"Il Parco delle Dolomiti cerca un gestore per il Centro culturale &#8220;Piero Rossi&#8221;"}]},{"@type":"WebSite","@id":"https:\/\/www.bellunopress.it\/#website","url":"https:\/\/www.bellunopress.it\/","name":"Bellunopress - Dolomiti","description":"e-mail: redazione@bellunopress.it","publisher":{"@id":"https:\/\/www.bellunopress.it\/#organization"},"potentialAction":[{"@type":"SearchAction","target":{"@type":"EntryPoint","urlTemplate":"https:\/\/www.bellunopress.it\/?s={search_term_string}"},"query-input":{"@type":"PropertyValueSpecification","valueRequired":true,"valueName":"search_term_string"}}],"inLanguage":"fr-FR"},{"@type":"Organization","@id":"https:\/\/www.bellunopress.it\/#organization","name":"Bellunopress","url":"https:\/\/www.bellunopress.it\/","logo":{"@type":"ImageObject","inLanguage":"fr-FR","@id":"https:\/\/www.bellunopress.it\/#\/schema\/logo\/image\/","url":"https:\/\/www.bellunopress.it\/wp-content\/uploads\/2011\/05\/cropped-logo-bellunopress-.jpg","contentUrl":"https:\/\/www.bellunopress.it\/wp-content\/uploads\/2011\/05\/cropped-logo-bellunopress-.jpg","width":512,"height":512,"caption":"Bellunopress"},"image":{"@id":"https:\/\/www.bellunopress.it\/#\/schema\/logo\/image\/"},"sameAs":["https:\/\/www.facebook.com\/profile.php?id=100008943462799","https:\/\/x.com\/bellunopress","https:\/\/www.linkedin.com\/hp\/?dnr=JBzUWaJfMUw8vbXJJ2tVW5-I3jZKvC4wsoxE&amp;amp;amp;amp;amp;amp;trk=nav_responsive_tab_home","https:\/\/www.youtube.com\/channel\/UCxL0wu1uN0_3_7hGG0306cw"]},{"@type":"Person","@id":"https:\/\/www.bellunopress.it\/#\/schema\/person\/79bb06722b37ece1c03d3e94beb30d73","name":"r\u00e9daction","image":{"@type":"ImageObject","inLanguage":"fr-FR","@id":"https:\/\/secure.gravatar.com\/avatar\/37d968a2e67a6fd04c169c4bdef102d0bc5d31b2546345219e348575eb80e9a0?s=96&d=mm&r=g","url":"https:\/\/secure.gravatar.com\/avatar\/37d968a2e67a6fd04c169c4bdef102d0bc5d31b2546345219e348575eb80e9a0?s=96&d=mm&r=g","contentUrl":"https:\/\/secure.gravatar.com\/avatar\/37d968a2e67a6fd04c169c4bdef102d0bc5d31b2546345219e348575eb80e9a0?s=96&d=mm&r=g","caption":"redazione"},"sameAs":["http:\/\/www.bellunopress.it","https:\/\/x.com\/bellunopress"],"url":"https:\/\/www.bellunopress.it\/fr\/author\/redazione\/"}]}},"_links":{"self":[{"href":"https:\/\/www.bellunopress.it\/fr\/wp-json\/wp\/v2\/posts\/8623","targetHints":{"allow":["GET"]}}],"collection":[{"href":"https:\/\/www.bellunopress.it\/fr\/wp-json\/wp\/v2\/posts"}],"about":[{"href":"https:\/\/www.bellunopress.it\/fr\/wp-json\/wp\/v2\/types\/post"}],"author":[{"embeddable":true,"href":"https:\/\/www.bellunopress.it\/fr\/wp-json\/wp\/v2\/users\/2"}],"replies":[{"embeddable":true,"href":"https:\/\/www.bellunopress.it\/fr\/wp-json\/wp\/v2\/comments?post=8623"}],"version-history":[{"count":1,"href":"https:\/\/www.bellunopress.it\/fr\/wp-json\/wp\/v2\/posts\/8623\/revisions"}],"predecessor-version":[{"id":8624,"href":"https:\/\/www.bellunopress.it\/fr\/wp-json\/wp\/v2\/posts\/8623\/revisions\/8624"}],"wp:attachment":[{"href":"https:\/\/www.bellunopress.it\/fr\/wp-json\/wp\/v2\/media?parent=8623"}],"wp:term":[{"taxonomy":"category","embeddable":true,"href":"https:\/\/www.bellunopress.it\/fr\/wp-json\/wp\/v2\/categories?post=8623"},{"taxonomy":"post_tag","embeddable":true,"href":"https:\/\/www.bellunopress.it\/fr\/wp-json\/wp\/v2\/tags?post=8623"}],"curies":[{"name":"wp","href":"https:\/\/api.w.org\/{rel}","templated":true}]}}