{"id":86140,"date":"2017-05-02T22:41:24","date_gmt":"2017-05-02T20:41:24","guid":{"rendered":"http:\/\/www.bellunopress.it\/?p=86140"},"modified":"2017-05-02T22:41:24","modified_gmt":"2017-05-02T20:41:24","slug":"antonio-serena-replica-al-post-di-toni-sirena-su-facebook","status":"publish","type":"post","link":"https:\/\/www.bellunopress.it\/fr\/2017\/05\/02\/antonio-serena-replica-al-post-di-toni-sirena-su-facebook\/","title":{"rendered":"Antonio Serena replica al post di Toni Sirena su Facebook"},"content":{"rendered":"<figure id=\"attachment_71631\" aria-describedby=\"caption-attachment-71631\" style=\"width: 156px\" class=\"wp-caption alignleft\"><a href=\"http:\/\/www.bellunopress.it\/wp-content\/uploads\/2015\/09\/antonio-serena.jpg\"><img loading=\"lazy\" decoding=\"async\" class=\"size-full wp-image-71631\" src=\"http:\/\/www.bellunopress.it\/wp-content\/uploads\/2015\/09\/antonio-serena.jpg\" alt=\"\" width=\"156\" height=\"190\" \/><\/a><figcaption id=\"caption-attachment-71631\" class=\"wp-caption-text\">Antonio Serena<\/figcaption><\/figure>\n<p>Sono Antonio Serena, non sono iscritto a facebook. Leggo le sue <em>(rivolto a Toni Sirena ndr)<\/em> affermazioni sul mio conto e i commenti dei suoi compagni relativamente alla recente presentazione del mio libro &#8220;Benedetti assassini&#8221; a Belluno, dove sono sono stato invitato dagli autonomisti di PAB. Tralascio di rispondere ai commenti denigratori suoi (apprendo di aver appartenuto a Forza Italia&#8230;) e dei suoi compari, unicamente per ragioni di tema e di spazio. Mi limito a rassicurarla sul fatto che non compro pagine di giornali per pubblicizzare i miei libri, dal momento che il ricavato delle mie pubblicazioni \u00e8 interamente devoluto ad opere assistenziali. La mia coerenza, anche e soprattutto quella politica, non ha bisogno di sponsor. Lei, che come la maggior parte delle persone avr\u00e0 votato almeno per 2 o 3 partiti nel corso della sua vita, mi insegna che l&#8217;adesione a sigle partitiche rappresenta molto spesso una maturazione dettata da bisogni di coerenza. In quanto alla mia persona , mi sono sempre presentato anche a Belluno l\u2019altro ieri, unicamente come un ricercatore che da oltre cinquant\u2019anni studia il fenomeno della guerra civile nel solo Veneto nella sua parte sempre per anni taciuta, cio\u00e8 quella dei crimini partigiani avvenuti soprattutto a guerra finita.<\/p>\n<p>Rimanendo dunque sul tema, lei ha perorato, poi correggendosi, un intervento del sindaco per intervenire maledicendo o impedendo la presentazione di un libro e ci\u00f2 rappresenta per me un onore, dal momento che trattamenti simili vennero riservati dai comunisti anche ad Aleksandr Sol\u017eenicyn (il lupo perde il pelo&#8230;). Lei parla anche di querele per diffamazione per il fatto che, in un libro edito 27 anni fa, ho scritto che Filomeno Martinelli \u00e8 stato ucciso dai partigiani. Tutto vero, finch\u00e9, dopo aver scoperto che il Martinelli era ancora vivo e dopo averlo visitato morente in un ospedale di Bolzano negli anni novanta, non ho appreso dallo stesso che riusc\u00ec a sfuggire alla pena di morte inflittagli dai partigiani e provvedendo di conseguenza a rettificare la mia precedente asserzione nel libro \u201cBenedetti assassini\u201d che lei quindi dimostra di non aver letto (lo faccia, perch\u00e9 si parla anche di molti particolari interessanti riguardanti la sua famiglia).<\/p>\n<p>Invece di parlare a sproposito di denunce e di calunniare le persone come fa qualche suo noto compare, non sarebbe stato pi\u00f9 opportuno accettare l\u2019invito dell\u2019 on. Bampo a partecipare al dibattito di Belluno cui eravate stati invitati? Io capisco che all\u2019interno degli istituti resistenziali bellunesi vi sono figli e parenti di fucilati e infoibati sul Cansiglio dai partigiani e che quindi l\u2019argomento per qualcuno risulti ostico, ma, a pi\u00f9 di cinquant\u2019anni dalla fine della guerra, \u00e8 proprio difficile trovare il coraggio di rispettare la verit\u00e0 storica e di smetterla di dividere i morti in buoni e cattivi?<br \/>\nEvidentemente a qualcuno la verit\u00e0 continua a non piacere.<\/p>\n<p>Non basta parlare dell\u2019eccidio del Bosco delle Castagne; bisogna aggiungere che la rappresaglia avvenne dopo l\u2019attentato di Mario Bernardo (\u201cRadiosa Aurora\u201d) al Poligono di tiro, lo \u201cscherzo\u201d ai tedeschi che caus\u00f2 dieci vittime e la rappresaglia contro dieci partigiani che, prima di venire uccisi, si scatenarono verbalmente contro la vilt\u00e0 dei loro compagni che in pratica li avevano mandati a morire. E\u2019 scritto, questo, sui libri della resistenza (Landi Claudio, Sappiatelo paesani, Vangelista, Milano 1973), non sui libri di Pansa o Pisan\u00f2. O l\u2019altra rappresaglia, quella seguita alla morte di due militi della RSI (Di Dio e Lovati) che provoc\u00f2 l\u2019impiccagione in piazza Campitello di 4 partigiani, due dei quali erano stati incarcerati per delitti contro il patrimonio. Vedo che i suoi amici di Facebook non lo sanno: dovrebbero leggere anche i libri \u201cnon conformi\u201d, altrimenti spianano la via a quel \u201cpensiero unico\u201d che sta gi\u00e0 facendo troppi danni.<br \/>\nIo, da uomo libero, rimango a disposizione per qualsivoglia chiarimento e confronto.<br \/>\nUn cordiale saluto.<br \/>\nAntonio Serena<\/p>","protected":false},"excerpt":{"rendered":"<p>Sono Antonio Serena, non sono iscritto a facebook. Leggo le sue (rivolto a Toni Sirena ndr) affermazioni sul mio conto e i commenti dei suoi compagni relativamente alla recente presentazione del mio libro &#8220;Benedetti assassini&#8221; a Belluno, dove sono sono stato invitato dagli autonomisti di PAB. Tralascio di rispondere ai commenti denigratori suoi (apprendo di [&hellip;]<\/p>\n","protected":false},"author":2,"featured_media":0,"comment_status":"closed","ping_status":"open","sticky":false,"template":"","format":"standard","meta":{"footnotes":""},"categories":[5,1,26],"tags":[],"class_list":["post-86140","post","type-post","status-publish","format-standard","category-cronaca","category-leo","category-prima-pagina"],"yoast_head":"<!-- This site is optimized with the Yoast SEO plugin v28.4 - https:\/\/yoast.com\/product\/yoast-seo-wordpress\/ -->\n<title>Antonio Serena replica al post di Toni Sirena su Facebook - Bellunopress - Dolomiti<\/title>\n<meta name=\"robots\" content=\"index, follow, max-snippet:-1, max-image-preview:large, max-video-preview:-1\" \/>\n<link rel=\"canonical\" href=\"https:\/\/www.bellunopress.it\/fr\/2017\/05\/02\/antonio-serena-replica-al-post-di-toni-sirena-su-facebook\/\" \/>\n<meta property=\"og:locale\" content=\"fr_FR\" \/>\n<meta property=\"og:type\" content=\"article\" \/>\n<meta property=\"og:title\" content=\"Antonio Serena replica al post di Toni Sirena su Facebook - Bellunopress - Dolomiti\" \/>\n<meta property=\"og:description\" content=\"Sono Antonio Serena, non sono iscritto a facebook. Leggo le sue (rivolto a Toni Sirena ndr) affermazioni sul mio conto e i commenti dei suoi compagni relativamente alla recente presentazione del mio libro &#8220;Benedetti assassini&#8221; a Belluno, dove sono sono stato invitato dagli autonomisti di PAB. Tralascio di rispondere ai commenti denigratori suoi (apprendo di [&hellip;]\" \/>\n<meta property=\"og:url\" content=\"https:\/\/www.bellunopress.it\/fr\/2017\/05\/02\/antonio-serena-replica-al-post-di-toni-sirena-su-facebook\/\" \/>\n<meta property=\"og:site_name\" content=\"Bellunopress - Dolomiti\" \/>\n<meta property=\"article:publisher\" content=\"https:\/\/www.facebook.com\/profile.php?id=100008943462799\" \/>\n<meta property=\"article:published_time\" content=\"2017-05-02T20:41:24+00:00\" \/>\n<meta property=\"og:image\" content=\"http:\/\/www.bellunopress.it\/wp-content\/uploads\/2015\/09\/antonio-serena.jpg\" \/>\n<meta name=\"author\" content=\"redazione\" \/>\n<meta name=\"twitter:card\" content=\"summary_large_image\" \/>\n<meta name=\"twitter:creator\" content=\"@bellunopress\" \/>\n<meta name=\"twitter:site\" content=\"@bellunopress\" \/>\n<meta name=\"twitter:label1\" content=\"\u00c9crit par\" \/>\n\t<meta name=\"twitter:data1\" content=\"redazione\" \/>\n\t<meta name=\"twitter:label2\" content=\"Dur\u00e9e de lecture estim\u00e9e\" \/>\n\t<meta name=\"twitter:data2\" content=\"3 minutes\" \/>\n<script type=\"application\/ld+json\" class=\"yoast-schema-graph\">{\"@context\":\"https:\\\/\\\/schema.org\",\"@graph\":[{\"@type\":\"Article\",\"@id\":\"https:\\\/\\\/www.bellunopress.it\\\/2017\\\/05\\\/02\\\/antonio-serena-replica-al-post-di-toni-sirena-su-facebook\\\/#article\",\"isPartOf\":{\"@id\":\"https:\\\/\\\/www.bellunopress.it\\\/2017\\\/05\\\/02\\\/antonio-serena-replica-al-post-di-toni-sirena-su-facebook\\\/\"},\"author\":{\"name\":\"redazione\",\"@id\":\"https:\\\/\\\/www.bellunopress.it\\\/#\\\/schema\\\/person\\\/79bb06722b37ece1c03d3e94beb30d73\"},\"headline\":\"Antonio Serena replica al post di Toni Sirena su Facebook\",\"datePublished\":\"2017-05-02T20:41:24+00:00\",\"mainEntityOfPage\":{\"@id\":\"https:\\\/\\\/www.bellunopress.it\\\/2017\\\/05\\\/02\\\/antonio-serena-replica-al-post-di-toni-sirena-su-facebook\\\/\"},\"wordCount\":651,\"publisher\":{\"@id\":\"https:\\\/\\\/www.bellunopress.it\\\/#organization\"},\"image\":{\"@id\":\"https:\\\/\\\/www.bellunopress.it\\\/2017\\\/05\\\/02\\\/antonio-serena-replica-al-post-di-toni-sirena-su-facebook\\\/#primaryimage\"},\"thumbnailUrl\":\"http:\\\/\\\/www.bellunopress.it\\\/wp-content\\\/uploads\\\/2015\\\/09\\\/antonio-serena.jpg\",\"articleSection\":[\"Cronaca\\\/Politica\",\"Lettere Opinioni\",\"Prima Pagina\"],\"inLanguage\":\"fr-FR\"},{\"@type\":\"WebPage\",\"@id\":\"https:\\\/\\\/www.bellunopress.it\\\/2017\\\/05\\\/02\\\/antonio-serena-replica-al-post-di-toni-sirena-su-facebook\\\/\",\"url\":\"https:\\\/\\\/www.bellunopress.it\\\/2017\\\/05\\\/02\\\/antonio-serena-replica-al-post-di-toni-sirena-su-facebook\\\/\",\"name\":\"Antonio Serena replica al post di Toni Sirena su Facebook - Bellunopress - Dolomiti\",\"isPartOf\":{\"@id\":\"https:\\\/\\\/www.bellunopress.it\\\/#website\"},\"primaryImageOfPage\":{\"@id\":\"https:\\\/\\\/www.bellunopress.it\\\/2017\\\/05\\\/02\\\/antonio-serena-replica-al-post-di-toni-sirena-su-facebook\\\/#primaryimage\"},\"image\":{\"@id\":\"https:\\\/\\\/www.bellunopress.it\\\/2017\\\/05\\\/02\\\/antonio-serena-replica-al-post-di-toni-sirena-su-facebook\\\/#primaryimage\"},\"thumbnailUrl\":\"http:\\\/\\\/www.bellunopress.it\\\/wp-content\\\/uploads\\\/2015\\\/09\\\/antonio-serena.jpg\",\"datePublished\":\"2017-05-02T20:41:24+00:00\",\"breadcrumb\":{\"@id\":\"https:\\\/\\\/www.bellunopress.it\\\/2017\\\/05\\\/02\\\/antonio-serena-replica-al-post-di-toni-sirena-su-facebook\\\/#breadcrumb\"},\"inLanguage\":\"fr-FR\",\"potentialAction\":[{\"@type\":\"ReadAction\",\"target\":[\"https:\\\/\\\/www.bellunopress.it\\\/2017\\\/05\\\/02\\\/antonio-serena-replica-al-post-di-toni-sirena-su-facebook\\\/\"]}]},{\"@type\":\"ImageObject\",\"inLanguage\":\"fr-FR\",\"@id\":\"https:\\\/\\\/www.bellunopress.it\\\/2017\\\/05\\\/02\\\/antonio-serena-replica-al-post-di-toni-sirena-su-facebook\\\/#primaryimage\",\"url\":\"http:\\\/\\\/www.bellunopress.it\\\/wp-content\\\/uploads\\\/2015\\\/09\\\/antonio-serena.jpg\",\"contentUrl\":\"http:\\\/\\\/www.bellunopress.it\\\/wp-content\\\/uploads\\\/2015\\\/09\\\/antonio-serena.jpg\"},{\"@type\":\"BreadcrumbList\",\"@id\":\"https:\\\/\\\/www.bellunopress.it\\\/2017\\\/05\\\/02\\\/antonio-serena-replica-al-post-di-toni-sirena-su-facebook\\\/#breadcrumb\",\"itemListElement\":[{\"@type\":\"ListItem\",\"position\":1,\"name\":\"Home\",\"item\":\"https:\\\/\\\/www.bellunopress.it\\\/\"},{\"@type\":\"ListItem\",\"position\":2,\"name\":\"Antonio Serena replica al post di Toni Sirena su Facebook\"}]},{\"@type\":\"WebSite\",\"@id\":\"https:\\\/\\\/www.bellunopress.it\\\/#website\",\"url\":\"https:\\\/\\\/www.bellunopress.it\\\/\",\"name\":\"Bellunopress - Dolomiti\",\"description\":\"e-mail: redazione@bellunopress.it\",\"publisher\":{\"@id\":\"https:\\\/\\\/www.bellunopress.it\\\/#organization\"},\"potentialAction\":[{\"@type\":\"SearchAction\",\"target\":{\"@type\":\"EntryPoint\",\"urlTemplate\":\"https:\\\/\\\/www.bellunopress.it\\\/?s={search_term_string}\"},\"query-input\":{\"@type\":\"PropertyValueSpecification\",\"valueRequired\":true,\"valueName\":\"search_term_string\"}}],\"inLanguage\":\"fr-FR\"},{\"@type\":\"Organization\",\"@id\":\"https:\\\/\\\/www.bellunopress.it\\\/#organization\",\"name\":\"Bellunopress\",\"url\":\"https:\\\/\\\/www.bellunopress.it\\\/\",\"logo\":{\"@type\":\"ImageObject\",\"inLanguage\":\"fr-FR\",\"@id\":\"https:\\\/\\\/www.bellunopress.it\\\/#\\\/schema\\\/logo\\\/image\\\/\",\"url\":\"https:\\\/\\\/www.bellunopress.it\\\/wp-content\\\/uploads\\\/2011\\\/05\\\/cropped-logo-bellunopress-.jpg\",\"contentUrl\":\"https:\\\/\\\/www.bellunopress.it\\\/wp-content\\\/uploads\\\/2011\\\/05\\\/cropped-logo-bellunopress-.jpg\",\"width\":512,\"height\":512,\"caption\":\"Bellunopress\"},\"image\":{\"@id\":\"https:\\\/\\\/www.bellunopress.it\\\/#\\\/schema\\\/logo\\\/image\\\/\"},\"sameAs\":[\"https:\\\/\\\/www.facebook.com\\\/profile.php?id=100008943462799\",\"https:\\\/\\\/x.com\\\/bellunopress\",\"https:\\\/\\\/www.linkedin.com\\\/hp\\\/?dnr=JBzUWaJfMUw8vbXJJ2tVW5-I3jZKvC4wsoxE&amp;amp;amp;amp;amp;amp;trk=nav_responsive_tab_home\",\"https:\\\/\\\/www.youtube.com\\\/channel\\\/UCxL0wu1uN0_3_7hGG0306cw\"]},{\"@type\":\"Person\",\"@id\":\"https:\\\/\\\/www.bellunopress.it\\\/#\\\/schema\\\/person\\\/79bb06722b37ece1c03d3e94beb30d73\",\"name\":\"redazione\",\"image\":{\"@type\":\"ImageObject\",\"inLanguage\":\"fr-FR\",\"@id\":\"https:\\\/\\\/secure.gravatar.com\\\/avatar\\\/37d968a2e67a6fd04c169c4bdef102d0bc5d31b2546345219e348575eb80e9a0?s=96&d=mm&r=g\",\"url\":\"https:\\\/\\\/secure.gravatar.com\\\/avatar\\\/37d968a2e67a6fd04c169c4bdef102d0bc5d31b2546345219e348575eb80e9a0?s=96&d=mm&r=g\",\"contentUrl\":\"https:\\\/\\\/secure.gravatar.com\\\/avatar\\\/37d968a2e67a6fd04c169c4bdef102d0bc5d31b2546345219e348575eb80e9a0?s=96&d=mm&r=g\",\"caption\":\"redazione\"},\"sameAs\":[\"http:\\\/\\\/www.bellunopress.it\",\"https:\\\/\\\/x.com\\\/bellunopress\"],\"url\":\"https:\\\/\\\/www.bellunopress.it\\\/fr\\\/author\\\/redazione\\\/\"}]}<\/script>\n<!-- \/ Yoast SEO plugin. -->","yoast_head_json":{"title":"Antonio Serena replica al post di Toni Sirena su Facebook - Bellunopress - Dolomiti","robots":{"index":"index","follow":"follow","max-snippet":"max-snippet:-1","max-image-preview":"max-image-preview:large","max-video-preview":"max-video-preview:-1"},"canonical":"https:\/\/www.bellunopress.it\/fr\/2017\/05\/02\/antonio-serena-replica-al-post-di-toni-sirena-su-facebook\/","og_locale":"fr_FR","og_type":"article","og_title":"Antonio Serena replica al post di Toni Sirena su Facebook - Bellunopress - Dolomiti","og_description":"Sono Antonio Serena, non sono iscritto a facebook. Leggo le sue (rivolto a Toni Sirena ndr) affermazioni sul mio conto e i commenti dei suoi compagni relativamente alla recente presentazione del mio libro &#8220;Benedetti assassini&#8221; a Belluno, dove sono sono stato invitato dagli autonomisti di PAB. Tralascio di rispondere ai commenti denigratori suoi (apprendo di [&hellip;]","og_url":"https:\/\/www.bellunopress.it\/fr\/2017\/05\/02\/antonio-serena-replica-al-post-di-toni-sirena-su-facebook\/","og_site_name":"Bellunopress - Dolomiti","article_publisher":"https:\/\/www.facebook.com\/profile.php?id=100008943462799","article_published_time":"2017-05-02T20:41:24+00:00","og_image":[{"url":"http:\/\/www.bellunopress.it\/wp-content\/uploads\/2015\/09\/antonio-serena.jpg","type":"","width":"","height":""}],"author":"redazione","twitter_card":"summary_large_image","twitter_creator":"@bellunopress","twitter_site":"@bellunopress","twitter_misc":{"\u00c9crit par":"redazione","Dur\u00e9e de lecture estim\u00e9e":"3 minutes"},"schema":{"@context":"https:\/\/schema.org","@graph":[{"@type":"Article","@id":"https:\/\/www.bellunopress.it\/2017\/05\/02\/antonio-serena-replica-al-post-di-toni-sirena-su-facebook\/#article","isPartOf":{"@id":"https:\/\/www.bellunopress.it\/2017\/05\/02\/antonio-serena-replica-al-post-di-toni-sirena-su-facebook\/"},"author":{"name":"redazione","@id":"https:\/\/www.bellunopress.it\/#\/schema\/person\/79bb06722b37ece1c03d3e94beb30d73"},"headline":"Antonio Serena replica al post di Toni Sirena su Facebook","datePublished":"2017-05-02T20:41:24+00:00","mainEntityOfPage":{"@id":"https:\/\/www.bellunopress.it\/2017\/05\/02\/antonio-serena-replica-al-post-di-toni-sirena-su-facebook\/"},"wordCount":651,"publisher":{"@id":"https:\/\/www.bellunopress.it\/#organization"},"image":{"@id":"https:\/\/www.bellunopress.it\/2017\/05\/02\/antonio-serena-replica-al-post-di-toni-sirena-su-facebook\/#primaryimage"},"thumbnailUrl":"http:\/\/www.bellunopress.it\/wp-content\/uploads\/2015\/09\/antonio-serena.jpg","articleSection":["Cronaca\/Politica","Lettere Opinioni","Prima Pagina"],"inLanguage":"fr-FR"},{"@type":"WebPage","@id":"https:\/\/www.bellunopress.it\/2017\/05\/02\/antonio-serena-replica-al-post-di-toni-sirena-su-facebook\/","url":"https:\/\/www.bellunopress.it\/2017\/05\/02\/antonio-serena-replica-al-post-di-toni-sirena-su-facebook\/","name":"Antonio Serena replica al post di Toni Sirena su Facebook - Bellunopress - Dolomiti","isPartOf":{"@id":"https:\/\/www.bellunopress.it\/#website"},"primaryImageOfPage":{"@id":"https:\/\/www.bellunopress.it\/2017\/05\/02\/antonio-serena-replica-al-post-di-toni-sirena-su-facebook\/#primaryimage"},"image":{"@id":"https:\/\/www.bellunopress.it\/2017\/05\/02\/antonio-serena-replica-al-post-di-toni-sirena-su-facebook\/#primaryimage"},"thumbnailUrl":"http:\/\/www.bellunopress.it\/wp-content\/uploads\/2015\/09\/antonio-serena.jpg","datePublished":"2017-05-02T20:41:24+00:00","breadcrumb":{"@id":"https:\/\/www.bellunopress.it\/2017\/05\/02\/antonio-serena-replica-al-post-di-toni-sirena-su-facebook\/#breadcrumb"},"inLanguage":"fr-FR","potentialAction":[{"@type":"ReadAction","target":["https:\/\/www.bellunopress.it\/2017\/05\/02\/antonio-serena-replica-al-post-di-toni-sirena-su-facebook\/"]}]},{"@type":"ImageObject","inLanguage":"fr-FR","@id":"https:\/\/www.bellunopress.it\/2017\/05\/02\/antonio-serena-replica-al-post-di-toni-sirena-su-facebook\/#primaryimage","url":"http:\/\/www.bellunopress.it\/wp-content\/uploads\/2015\/09\/antonio-serena.jpg","contentUrl":"http:\/\/www.bellunopress.it\/wp-content\/uploads\/2015\/09\/antonio-serena.jpg"},{"@type":"BreadcrumbList","@id":"https:\/\/www.bellunopress.it\/2017\/05\/02\/antonio-serena-replica-al-post-di-toni-sirena-su-facebook\/#breadcrumb","itemListElement":[{"@type":"ListItem","position":1,"name":"Home","item":"https:\/\/www.bellunopress.it\/"},{"@type":"ListItem","position":2,"name":"Antonio Serena replica al post di Toni Sirena su Facebook"}]},{"@type":"WebSite","@id":"https:\/\/www.bellunopress.it\/#website","url":"https:\/\/www.bellunopress.it\/","name":"Bellunopress - Dolomiti","description":"e-mail: redazione@bellunopress.it","publisher":{"@id":"https:\/\/www.bellunopress.it\/#organization"},"potentialAction":[{"@type":"SearchAction","target":{"@type":"EntryPoint","urlTemplate":"https:\/\/www.bellunopress.it\/?s={search_term_string}"},"query-input":{"@type":"PropertyValueSpecification","valueRequired":true,"valueName":"search_term_string"}}],"inLanguage":"fr-FR"},{"@type":"Organization","@id":"https:\/\/www.bellunopress.it\/#organization","name":"Bellunopress","url":"https:\/\/www.bellunopress.it\/","logo":{"@type":"ImageObject","inLanguage":"fr-FR","@id":"https:\/\/www.bellunopress.it\/#\/schema\/logo\/image\/","url":"https:\/\/www.bellunopress.it\/wp-content\/uploads\/2011\/05\/cropped-logo-bellunopress-.jpg","contentUrl":"https:\/\/www.bellunopress.it\/wp-content\/uploads\/2011\/05\/cropped-logo-bellunopress-.jpg","width":512,"height":512,"caption":"Bellunopress"},"image":{"@id":"https:\/\/www.bellunopress.it\/#\/schema\/logo\/image\/"},"sameAs":["https:\/\/www.facebook.com\/profile.php?id=100008943462799","https:\/\/x.com\/bellunopress","https:\/\/www.linkedin.com\/hp\/?dnr=JBzUWaJfMUw8vbXJJ2tVW5-I3jZKvC4wsoxE&amp;amp;amp;amp;amp;amp;trk=nav_responsive_tab_home","https:\/\/www.youtube.com\/channel\/UCxL0wu1uN0_3_7hGG0306cw"]},{"@type":"Person","@id":"https:\/\/www.bellunopress.it\/#\/schema\/person\/79bb06722b37ece1c03d3e94beb30d73","name":"r\u00e9daction","image":{"@type":"ImageObject","inLanguage":"fr-FR","@id":"https:\/\/secure.gravatar.com\/avatar\/37d968a2e67a6fd04c169c4bdef102d0bc5d31b2546345219e348575eb80e9a0?s=96&d=mm&r=g","url":"https:\/\/secure.gravatar.com\/avatar\/37d968a2e67a6fd04c169c4bdef102d0bc5d31b2546345219e348575eb80e9a0?s=96&d=mm&r=g","contentUrl":"https:\/\/secure.gravatar.com\/avatar\/37d968a2e67a6fd04c169c4bdef102d0bc5d31b2546345219e348575eb80e9a0?s=96&d=mm&r=g","caption":"redazione"},"sameAs":["http:\/\/www.bellunopress.it","https:\/\/x.com\/bellunopress"],"url":"https:\/\/www.bellunopress.it\/fr\/author\/redazione\/"}]}},"_links":{"self":[{"href":"https:\/\/www.bellunopress.it\/fr\/wp-json\/wp\/v2\/posts\/86140","targetHints":{"allow":["GET"]}}],"collection":[{"href":"https:\/\/www.bellunopress.it\/fr\/wp-json\/wp\/v2\/posts"}],"about":[{"href":"https:\/\/www.bellunopress.it\/fr\/wp-json\/wp\/v2\/types\/post"}],"author":[{"embeddable":true,"href":"https:\/\/www.bellunopress.it\/fr\/wp-json\/wp\/v2\/users\/2"}],"replies":[{"embeddable":true,"href":"https:\/\/www.bellunopress.it\/fr\/wp-json\/wp\/v2\/comments?post=86140"}],"version-history":[{"count":1,"href":"https:\/\/www.bellunopress.it\/fr\/wp-json\/wp\/v2\/posts\/86140\/revisions"}],"predecessor-version":[{"id":86141,"href":"https:\/\/www.bellunopress.it\/fr\/wp-json\/wp\/v2\/posts\/86140\/revisions\/86141"}],"wp:attachment":[{"href":"https:\/\/www.bellunopress.it\/fr\/wp-json\/wp\/v2\/media?parent=86140"}],"wp:term":[{"taxonomy":"category","embeddable":true,"href":"https:\/\/www.bellunopress.it\/fr\/wp-json\/wp\/v2\/categories?post=86140"},{"taxonomy":"post_tag","embeddable":true,"href":"https:\/\/www.bellunopress.it\/fr\/wp-json\/wp\/v2\/tags?post=86140"}],"curies":[{"name":"wp","href":"https:\/\/api.w.org\/{rel}","templated":true}]}}