{"id":86135,"date":"2017-05-02T17:11:37","date_gmt":"2017-05-02T15:11:37","guid":{"rendered":"http:\/\/www.bellunopress.it\/?p=86135"},"modified":"2017-05-02T17:11:37","modified_gmt":"2017-05-02T15:11:37","slug":"siccita-zanoni-pd-dobbiamo-uscire-dalla-logica-dellemergenza-la-regione-intervenga-in-modo-organico","status":"publish","type":"post","link":"https:\/\/www.bellunopress.it\/fr\/2017\/05\/02\/siccita-zanoni-pd-dobbiamo-uscire-dalla-logica-dellemergenza-la-regione-intervenga-in-modo-organico\/","title":{"rendered":"Siccit\u00e0. Zanoni (Pd): &#8220;Dobbiamo uscire dalla logica dell&#8217;emergenza. La Regione intervenga in modo organico&#8221;"},"content":{"rendered":"<figure id=\"attachment_72596\" aria-describedby=\"caption-attachment-72596\" style=\"width: 156px\" class=\"wp-caption alignleft\"><a href=\"http:\/\/www.bellunopress.it\/wp-content\/uploads\/2015\/10\/Zanoni.jpg\"><img loading=\"lazy\" decoding=\"async\" class=\"size-full wp-image-72596\" src=\"http:\/\/www.bellunopress.it\/wp-content\/uploads\/2015\/10\/Zanoni.jpg\" alt=\"\" width=\"156\" height=\"180\" \/><\/a><figcaption id=\"caption-attachment-72596\" class=\"wp-caption-text\">Andrea Zanoni &#8211; consigliere regionale Pd<\/figcaption><\/figure>\n<p>Venezia, 2 maggio 2017 \u00a0&#8211;\u00a0&#8220;La siccit\u00e0 \u00e8 diventato un problema ormai cronico in Veneto. La situazione in molti fiumi, come il Piave, \u00e8 grave: la Regione deve intervenire in maniera seria, uscendo dalla logica puramente emergenziale&#8221;. A spronare Palazzo Balbi \u00e8 il consigliere del Partito Democratico, presentando un&#8217;interrogazione a risposta immediata, firmata anche dalla collega Francesca Zottis e da Cristina Guarda della lista AMP.<\/p>\n<p>&#8220;Zaia e la sua Giunta operano in maniera &#8216;schizofrenica&#8217;. Da un lato decretano lo stato di crisi, emanano disposizioni sui prelievi nei corsi d&#8217;acqua, mentre sulle falde agiscono in maniera opposta, dando il via libera a centinaia di impianti di Prosecco in pianura, con relative autorizzazioni di pozzi che vanno a &#8216;pescare&#8217; proprio dalle falde. Non ha senso continuare con provvedimenti d&#8217;urgenza e ordinanze, serve una politica seria che pianifichi il risparmio idrico, con controllo delle captazioni, programmazione oculata degli invasi alpini e rilascio del deflusso minimo vitale. A febbraio 2016 il Consiglio aveva approvato un ordine del giorno, di cui ero primo firmatario, che andava in questa direzione, ma non sono stati fatti grandi passi in avanti&#8221;, prosegue l&#8217;esponente del PD, che cita poi un vademecum di Legambiente da prendere come modello, &#8220;anche se &#8211; specifica &#8211; riguarda interventi dedicati alla tutela degli acquiferi del Piave e della fascia delle risorgive&#8221;.<\/p>\n<p>&#8220;Si tratta di undici punti importanti, dalla convocazione in tempi stetti di una Conferenza di servizi con tutti i soggetti interessati (Province, Comuni, Consorzi, associazioni dei coltivatori e ambientaliste) al blocco degli interventi di escavazione di ghiaia nei fiumi con progetti di ripristino ambientale. E, ancora, dalla revisione della politica agricola della Regione, tenendo conto della fase attuale caratterizzata da fenomeni imputabili senza alcun dubbio ai cambiamenti climatici, fino a un dossier puntuale da inviare al Segretariato di Ramsar, sulla fascia di zone umide. Non \u00e8 una battaglia che ha colore politico, dovrebbe interessare tutti. E infatti \u2013 spiega Zanoni \u2013 il Comune di Santa Lucia di Piave, amministrato dal centrodestra, ha adottato praticamente all&#8217;unanimit\u00e0 un documento proposto da Legambiente, approvando un ordine del giorno su &#8216;acqua e siccit\u00e0&#8217;. \u00c8 evidente come questo problema sia molto sentito, perci\u00f2 chiedo alla Regione di agire in maniera davvero efficace, individuando misure e interventi necessari a tutelare al meglio il nostro patrimonio idrico, anzich\u00e9 muoversi esclusivamente sulla scia dell&#8217;emergenza&#8221;.<\/p>","protected":false},"excerpt":{"rendered":"<p>Venezia, 2 maggio 2017 \u00a0&#8211;\u00a0&#8220;La siccit\u00e0 \u00e8 diventato un problema ormai cronico in Veneto. La situazione in molti fiumi, come il Piave, \u00e8 grave: la Regione deve intervenire in maniera seria, uscendo dalla logica puramente emergenziale&#8221;. A spronare Palazzo Balbi \u00e8 il consigliere del Partito Democratico, presentando un&#8217;interrogazione a risposta immediata, firmata anche dalla collega [&hellip;]<\/p>\n","protected":false},"author":2,"featured_media":0,"comment_status":"closed","ping_status":"open","sticky":false,"template":"","format":"standard","meta":{"footnotes":""},"categories":[5,26],"tags":[],"class_list":["post-86135","post","type-post","status-publish","format-standard","category-cronaca","category-prima-pagina"],"yoast_head":"<!-- This site is optimized with the Yoast SEO plugin v28.4 - https:\/\/yoast.com\/product\/yoast-seo-wordpress\/ -->\n<title>Siccit\u00e0. Zanoni (Pd): &quot;Dobbiamo uscire dalla logica dell&#039;emergenza. La Regione intervenga in modo organico&quot; - Bellunopress - Dolomiti<\/title>\n<meta name=\"robots\" content=\"index, follow, max-snippet:-1, max-image-preview:large, max-video-preview:-1\" \/>\n<link rel=\"canonical\" href=\"https:\/\/www.bellunopress.it\/fr\/2017\/05\/02\/siccita-zanoni-pd-dobbiamo-uscire-dalla-logica-dellemergenza-la-regione-intervenga-in-modo-organico\/\" \/>\n<meta property=\"og:locale\" content=\"fr_FR\" \/>\n<meta property=\"og:type\" content=\"article\" \/>\n<meta property=\"og:title\" content=\"Siccit\u00e0. Zanoni (Pd): &quot;Dobbiamo uscire dalla logica dell&#039;emergenza. La Regione intervenga in modo organico&quot; - Bellunopress - Dolomiti\" \/>\n<meta property=\"og:description\" content=\"Venezia, 2 maggio 2017 \u00a0&#8211;\u00a0&#8220;La siccit\u00e0 \u00e8 diventato un problema ormai cronico in Veneto. La situazione in molti fiumi, come il Piave, \u00e8 grave: la Regione deve intervenire in maniera seria, uscendo dalla logica puramente emergenziale&#8221;. A spronare Palazzo Balbi \u00e8 il consigliere del Partito Democratico, presentando un&#8217;interrogazione a risposta immediata, firmata anche dalla collega [&hellip;]\" \/>\n<meta property=\"og:url\" content=\"https:\/\/www.bellunopress.it\/fr\/2017\/05\/02\/siccita-zanoni-pd-dobbiamo-uscire-dalla-logica-dellemergenza-la-regione-intervenga-in-modo-organico\/\" \/>\n<meta property=\"og:site_name\" content=\"Bellunopress - Dolomiti\" \/>\n<meta property=\"article:publisher\" content=\"https:\/\/www.facebook.com\/profile.php?id=100008943462799\" \/>\n<meta property=\"article:published_time\" content=\"2017-05-02T15:11:37+00:00\" \/>\n<meta property=\"og:image\" content=\"http:\/\/www.bellunopress.it\/wp-content\/uploads\/2015\/10\/Zanoni.jpg\" \/>\n<meta name=\"author\" content=\"redazione\" \/>\n<meta name=\"twitter:card\" content=\"summary_large_image\" \/>\n<meta name=\"twitter:creator\" content=\"@bellunopress\" \/>\n<meta name=\"twitter:site\" content=\"@bellunopress\" \/>\n<meta name=\"twitter:label1\" content=\"Written by\" \/>\n\t<meta name=\"twitter:data1\" content=\"redazione\" \/>\n\t<meta name=\"twitter:label2\" content=\"Est. reading time\" \/>\n\t<meta name=\"twitter:data2\" content=\"2 minutes\" \/>\n<script type=\"application\/ld+json\" class=\"yoast-schema-graph\">{\"@context\":\"https:\\\/\\\/schema.org\",\"@graph\":[{\"@type\":\"Article\",\"@id\":\"https:\\\/\\\/www.bellunopress.it\\\/2017\\\/05\\\/02\\\/siccita-zanoni-pd-dobbiamo-uscire-dalla-logica-dellemergenza-la-regione-intervenga-in-modo-organico\\\/#article\",\"isPartOf\":{\"@id\":\"https:\\\/\\\/www.bellunopress.it\\\/2017\\\/05\\\/02\\\/siccita-zanoni-pd-dobbiamo-uscire-dalla-logica-dellemergenza-la-regione-intervenga-in-modo-organico\\\/\"},\"author\":{\"name\":\"redazione\",\"@id\":\"https:\\\/\\\/www.bellunopress.it\\\/#\\\/schema\\\/person\\\/79bb06722b37ece1c03d3e94beb30d73\"},\"headline\":\"Siccit\u00e0. Zanoni (Pd): &#8220;Dobbiamo uscire dalla logica dell&#8217;emergenza. La Regione intervenga in modo organico&#8221;\",\"datePublished\":\"2017-05-02T15:11:37+00:00\",\"mainEntityOfPage\":{\"@id\":\"https:\\\/\\\/www.bellunopress.it\\\/2017\\\/05\\\/02\\\/siccita-zanoni-pd-dobbiamo-uscire-dalla-logica-dellemergenza-la-regione-intervenga-in-modo-organico\\\/\"},\"wordCount\":407,\"publisher\":{\"@id\":\"https:\\\/\\\/www.bellunopress.it\\\/#organization\"},\"image\":{\"@id\":\"https:\\\/\\\/www.bellunopress.it\\\/2017\\\/05\\\/02\\\/siccita-zanoni-pd-dobbiamo-uscire-dalla-logica-dellemergenza-la-regione-intervenga-in-modo-organico\\\/#primaryimage\"},\"thumbnailUrl\":\"http:\\\/\\\/www.bellunopress.it\\\/wp-content\\\/uploads\\\/2015\\\/10\\\/Zanoni.jpg\",\"articleSection\":[\"Cronaca\\\/Politica\",\"Prima Pagina\"],\"inLanguage\":\"fr-FR\"},{\"@type\":\"WebPage\",\"@id\":\"https:\\\/\\\/www.bellunopress.it\\\/2017\\\/05\\\/02\\\/siccita-zanoni-pd-dobbiamo-uscire-dalla-logica-dellemergenza-la-regione-intervenga-in-modo-organico\\\/\",\"url\":\"https:\\\/\\\/www.bellunopress.it\\\/2017\\\/05\\\/02\\\/siccita-zanoni-pd-dobbiamo-uscire-dalla-logica-dellemergenza-la-regione-intervenga-in-modo-organico\\\/\",\"name\":\"Siccit\u00e0. Zanoni (Pd): \\\"Dobbiamo uscire dalla logica dell'emergenza. La Regione intervenga in modo organico\\\" - Bellunopress - Dolomiti\",\"isPartOf\":{\"@id\":\"https:\\\/\\\/www.bellunopress.it\\\/#website\"},\"primaryImageOfPage\":{\"@id\":\"https:\\\/\\\/www.bellunopress.it\\\/2017\\\/05\\\/02\\\/siccita-zanoni-pd-dobbiamo-uscire-dalla-logica-dellemergenza-la-regione-intervenga-in-modo-organico\\\/#primaryimage\"},\"image\":{\"@id\":\"https:\\\/\\\/www.bellunopress.it\\\/2017\\\/05\\\/02\\\/siccita-zanoni-pd-dobbiamo-uscire-dalla-logica-dellemergenza-la-regione-intervenga-in-modo-organico\\\/#primaryimage\"},\"thumbnailUrl\":\"http:\\\/\\\/www.bellunopress.it\\\/wp-content\\\/uploads\\\/2015\\\/10\\\/Zanoni.jpg\",\"datePublished\":\"2017-05-02T15:11:37+00:00\",\"breadcrumb\":{\"@id\":\"https:\\\/\\\/www.bellunopress.it\\\/2017\\\/05\\\/02\\\/siccita-zanoni-pd-dobbiamo-uscire-dalla-logica-dellemergenza-la-regione-intervenga-in-modo-organico\\\/#breadcrumb\"},\"inLanguage\":\"fr-FR\",\"potentialAction\":[{\"@type\":\"ReadAction\",\"target\":[\"https:\\\/\\\/www.bellunopress.it\\\/2017\\\/05\\\/02\\\/siccita-zanoni-pd-dobbiamo-uscire-dalla-logica-dellemergenza-la-regione-intervenga-in-modo-organico\\\/\"]}]},{\"@type\":\"ImageObject\",\"inLanguage\":\"fr-FR\",\"@id\":\"https:\\\/\\\/www.bellunopress.it\\\/2017\\\/05\\\/02\\\/siccita-zanoni-pd-dobbiamo-uscire-dalla-logica-dellemergenza-la-regione-intervenga-in-modo-organico\\\/#primaryimage\",\"url\":\"http:\\\/\\\/www.bellunopress.it\\\/wp-content\\\/uploads\\\/2015\\\/10\\\/Zanoni.jpg\",\"contentUrl\":\"http:\\\/\\\/www.bellunopress.it\\\/wp-content\\\/uploads\\\/2015\\\/10\\\/Zanoni.jpg\"},{\"@type\":\"BreadcrumbList\",\"@id\":\"https:\\\/\\\/www.bellunopress.it\\\/2017\\\/05\\\/02\\\/siccita-zanoni-pd-dobbiamo-uscire-dalla-logica-dellemergenza-la-regione-intervenga-in-modo-organico\\\/#breadcrumb\",\"itemListElement\":[{\"@type\":\"ListItem\",\"position\":1,\"name\":\"Home\",\"item\":\"https:\\\/\\\/www.bellunopress.it\\\/\"},{\"@type\":\"ListItem\",\"position\":2,\"name\":\"Siccit\u00e0. Zanoni (Pd): &#8220;Dobbiamo uscire dalla logica dell&#8217;emergenza. La Regione intervenga in modo organico&#8221;\"}]},{\"@type\":\"WebSite\",\"@id\":\"https:\\\/\\\/www.bellunopress.it\\\/#website\",\"url\":\"https:\\\/\\\/www.bellunopress.it\\\/\",\"name\":\"Bellunopress - Dolomiti\",\"description\":\"e-mail: redazione@bellunopress.it\",\"publisher\":{\"@id\":\"https:\\\/\\\/www.bellunopress.it\\\/#organization\"},\"potentialAction\":[{\"@type\":\"SearchAction\",\"target\":{\"@type\":\"EntryPoint\",\"urlTemplate\":\"https:\\\/\\\/www.bellunopress.it\\\/?s={search_term_string}\"},\"query-input\":{\"@type\":\"PropertyValueSpecification\",\"valueRequired\":true,\"valueName\":\"search_term_string\"}}],\"inLanguage\":\"fr-FR\"},{\"@type\":\"Organization\",\"@id\":\"https:\\\/\\\/www.bellunopress.it\\\/#organization\",\"name\":\"Bellunopress\",\"url\":\"https:\\\/\\\/www.bellunopress.it\\\/\",\"logo\":{\"@type\":\"ImageObject\",\"inLanguage\":\"fr-FR\",\"@id\":\"https:\\\/\\\/www.bellunopress.it\\\/#\\\/schema\\\/logo\\\/image\\\/\",\"url\":\"https:\\\/\\\/www.bellunopress.it\\\/wp-content\\\/uploads\\\/2011\\\/05\\\/cropped-logo-bellunopress-.jpg\",\"contentUrl\":\"https:\\\/\\\/www.bellunopress.it\\\/wp-content\\\/uploads\\\/2011\\\/05\\\/cropped-logo-bellunopress-.jpg\",\"width\":512,\"height\":512,\"caption\":\"Bellunopress\"},\"image\":{\"@id\":\"https:\\\/\\\/www.bellunopress.it\\\/#\\\/schema\\\/logo\\\/image\\\/\"},\"sameAs\":[\"https:\\\/\\\/www.facebook.com\\\/profile.php?id=100008943462799\",\"https:\\\/\\\/x.com\\\/bellunopress\",\"https:\\\/\\\/www.linkedin.com\\\/hp\\\/?dnr=JBzUWaJfMUw8vbXJJ2tVW5-I3jZKvC4wsoxE&amp;amp;amp;amp;amp;amp;trk=nav_responsive_tab_home\",\"https:\\\/\\\/www.youtube.com\\\/channel\\\/UCxL0wu1uN0_3_7hGG0306cw\"]},{\"@type\":\"Person\",\"@id\":\"https:\\\/\\\/www.bellunopress.it\\\/#\\\/schema\\\/person\\\/79bb06722b37ece1c03d3e94beb30d73\",\"name\":\"redazione\",\"image\":{\"@type\":\"ImageObject\",\"inLanguage\":\"fr-FR\",\"@id\":\"https:\\\/\\\/secure.gravatar.com\\\/avatar\\\/37d968a2e67a6fd04c169c4bdef102d0bc5d31b2546345219e348575eb80e9a0?s=96&d=mm&r=g\",\"url\":\"https:\\\/\\\/secure.gravatar.com\\\/avatar\\\/37d968a2e67a6fd04c169c4bdef102d0bc5d31b2546345219e348575eb80e9a0?s=96&d=mm&r=g\",\"contentUrl\":\"https:\\\/\\\/secure.gravatar.com\\\/avatar\\\/37d968a2e67a6fd04c169c4bdef102d0bc5d31b2546345219e348575eb80e9a0?s=96&d=mm&r=g\",\"caption\":\"redazione\"},\"sameAs\":[\"http:\\\/\\\/www.bellunopress.it\",\"https:\\\/\\\/x.com\\\/bellunopress\"],\"url\":\"https:\\\/\\\/www.bellunopress.it\\\/fr\\\/author\\\/redazione\\\/\"}]}<\/script>\n<!-- \/ Yoast SEO plugin. -->","yoast_head_json":{"title":"Siccit\u00e0. Zanoni (Pd): \"Dobbiamo uscire dalla logica dell'emergenza. La Regione intervenga in modo organico\" - Bellunopress - Dolomiti","robots":{"index":"index","follow":"follow","max-snippet":"max-snippet:-1","max-image-preview":"max-image-preview:large","max-video-preview":"max-video-preview:-1"},"canonical":"https:\/\/www.bellunopress.it\/fr\/2017\/05\/02\/siccita-zanoni-pd-dobbiamo-uscire-dalla-logica-dellemergenza-la-regione-intervenga-in-modo-organico\/","og_locale":"fr_FR","og_type":"article","og_title":"Siccit\u00e0. Zanoni (Pd): \"Dobbiamo uscire dalla logica dell'emergenza. La Regione intervenga in modo organico\" - Bellunopress - Dolomiti","og_description":"Venezia, 2 maggio 2017 \u00a0&#8211;\u00a0&#8220;La siccit\u00e0 \u00e8 diventato un problema ormai cronico in Veneto. La situazione in molti fiumi, come il Piave, \u00e8 grave: la Regione deve intervenire in maniera seria, uscendo dalla logica puramente emergenziale&#8221;. A spronare Palazzo Balbi \u00e8 il consigliere del Partito Democratico, presentando un&#8217;interrogazione a risposta immediata, firmata anche dalla collega [&hellip;]","og_url":"https:\/\/www.bellunopress.it\/fr\/2017\/05\/02\/siccita-zanoni-pd-dobbiamo-uscire-dalla-logica-dellemergenza-la-regione-intervenga-in-modo-organico\/","og_site_name":"Bellunopress - Dolomiti","article_publisher":"https:\/\/www.facebook.com\/profile.php?id=100008943462799","article_published_time":"2017-05-02T15:11:37+00:00","og_image":[{"url":"http:\/\/www.bellunopress.it\/wp-content\/uploads\/2015\/10\/Zanoni.jpg","type":"","width":"","height":""}],"author":"redazione","twitter_card":"summary_large_image","twitter_creator":"@bellunopress","twitter_site":"@bellunopress","twitter_misc":{"Written by":"redazione","Est. reading time":"2 minutes"},"schema":{"@context":"https:\/\/schema.org","@graph":[{"@type":"Article","@id":"https:\/\/www.bellunopress.it\/2017\/05\/02\/siccita-zanoni-pd-dobbiamo-uscire-dalla-logica-dellemergenza-la-regione-intervenga-in-modo-organico\/#article","isPartOf":{"@id":"https:\/\/www.bellunopress.it\/2017\/05\/02\/siccita-zanoni-pd-dobbiamo-uscire-dalla-logica-dellemergenza-la-regione-intervenga-in-modo-organico\/"},"author":{"name":"redazione","@id":"https:\/\/www.bellunopress.it\/#\/schema\/person\/79bb06722b37ece1c03d3e94beb30d73"},"headline":"Siccit\u00e0. Zanoni (Pd): &#8220;Dobbiamo uscire dalla logica dell&#8217;emergenza. La Regione intervenga in modo organico&#8221;","datePublished":"2017-05-02T15:11:37+00:00","mainEntityOfPage":{"@id":"https:\/\/www.bellunopress.it\/2017\/05\/02\/siccita-zanoni-pd-dobbiamo-uscire-dalla-logica-dellemergenza-la-regione-intervenga-in-modo-organico\/"},"wordCount":407,"publisher":{"@id":"https:\/\/www.bellunopress.it\/#organization"},"image":{"@id":"https:\/\/www.bellunopress.it\/2017\/05\/02\/siccita-zanoni-pd-dobbiamo-uscire-dalla-logica-dellemergenza-la-regione-intervenga-in-modo-organico\/#primaryimage"},"thumbnailUrl":"http:\/\/www.bellunopress.it\/wp-content\/uploads\/2015\/10\/Zanoni.jpg","articleSection":["Cronaca\/Politica","Prima Pagina"],"inLanguage":"fr-FR"},{"@type":"WebPage","@id":"https:\/\/www.bellunopress.it\/2017\/05\/02\/siccita-zanoni-pd-dobbiamo-uscire-dalla-logica-dellemergenza-la-regione-intervenga-in-modo-organico\/","url":"https:\/\/www.bellunopress.it\/2017\/05\/02\/siccita-zanoni-pd-dobbiamo-uscire-dalla-logica-dellemergenza-la-regione-intervenga-in-modo-organico\/","name":"Siccit\u00e0. Zanoni (Pd): \"Dobbiamo uscire dalla logica dell'emergenza. La Regione intervenga in modo organico\" - Bellunopress - Dolomiti","isPartOf":{"@id":"https:\/\/www.bellunopress.it\/#website"},"primaryImageOfPage":{"@id":"https:\/\/www.bellunopress.it\/2017\/05\/02\/siccita-zanoni-pd-dobbiamo-uscire-dalla-logica-dellemergenza-la-regione-intervenga-in-modo-organico\/#primaryimage"},"image":{"@id":"https:\/\/www.bellunopress.it\/2017\/05\/02\/siccita-zanoni-pd-dobbiamo-uscire-dalla-logica-dellemergenza-la-regione-intervenga-in-modo-organico\/#primaryimage"},"thumbnailUrl":"http:\/\/www.bellunopress.it\/wp-content\/uploads\/2015\/10\/Zanoni.jpg","datePublished":"2017-05-02T15:11:37+00:00","breadcrumb":{"@id":"https:\/\/www.bellunopress.it\/2017\/05\/02\/siccita-zanoni-pd-dobbiamo-uscire-dalla-logica-dellemergenza-la-regione-intervenga-in-modo-organico\/#breadcrumb"},"inLanguage":"fr-FR","potentialAction":[{"@type":"ReadAction","target":["https:\/\/www.bellunopress.it\/2017\/05\/02\/siccita-zanoni-pd-dobbiamo-uscire-dalla-logica-dellemergenza-la-regione-intervenga-in-modo-organico\/"]}]},{"@type":"ImageObject","inLanguage":"fr-FR","@id":"https:\/\/www.bellunopress.it\/2017\/05\/02\/siccita-zanoni-pd-dobbiamo-uscire-dalla-logica-dellemergenza-la-regione-intervenga-in-modo-organico\/#primaryimage","url":"http:\/\/www.bellunopress.it\/wp-content\/uploads\/2015\/10\/Zanoni.jpg","contentUrl":"http:\/\/www.bellunopress.it\/wp-content\/uploads\/2015\/10\/Zanoni.jpg"},{"@type":"BreadcrumbList","@id":"https:\/\/www.bellunopress.it\/2017\/05\/02\/siccita-zanoni-pd-dobbiamo-uscire-dalla-logica-dellemergenza-la-regione-intervenga-in-modo-organico\/#breadcrumb","itemListElement":[{"@type":"ListItem","position":1,"name":"Home","item":"https:\/\/www.bellunopress.it\/"},{"@type":"ListItem","position":2,"name":"Siccit\u00e0. Zanoni (Pd): &#8220;Dobbiamo uscire dalla logica dell&#8217;emergenza. La Regione intervenga in modo organico&#8221;"}]},{"@type":"WebSite","@id":"https:\/\/www.bellunopress.it\/#website","url":"https:\/\/www.bellunopress.it\/","name":"Bellunopress - Dolomiti","description":"e-mail: redazione@bellunopress.it","publisher":{"@id":"https:\/\/www.bellunopress.it\/#organization"},"potentialAction":[{"@type":"SearchAction","target":{"@type":"EntryPoint","urlTemplate":"https:\/\/www.bellunopress.it\/?s={search_term_string}"},"query-input":{"@type":"PropertyValueSpecification","valueRequired":true,"valueName":"search_term_string"}}],"inLanguage":"fr-FR"},{"@type":"Organization","@id":"https:\/\/www.bellunopress.it\/#organization","name":"Bellunopress","url":"https:\/\/www.bellunopress.it\/","logo":{"@type":"ImageObject","inLanguage":"fr-FR","@id":"https:\/\/www.bellunopress.it\/#\/schema\/logo\/image\/","url":"https:\/\/www.bellunopress.it\/wp-content\/uploads\/2011\/05\/cropped-logo-bellunopress-.jpg","contentUrl":"https:\/\/www.bellunopress.it\/wp-content\/uploads\/2011\/05\/cropped-logo-bellunopress-.jpg","width":512,"height":512,"caption":"Bellunopress"},"image":{"@id":"https:\/\/www.bellunopress.it\/#\/schema\/logo\/image\/"},"sameAs":["https:\/\/www.facebook.com\/profile.php?id=100008943462799","https:\/\/x.com\/bellunopress","https:\/\/www.linkedin.com\/hp\/?dnr=JBzUWaJfMUw8vbXJJ2tVW5-I3jZKvC4wsoxE&amp;amp;amp;amp;amp;amp;trk=nav_responsive_tab_home","https:\/\/www.youtube.com\/channel\/UCxL0wu1uN0_3_7hGG0306cw"]},{"@type":"Person","@id":"https:\/\/www.bellunopress.it\/#\/schema\/person\/79bb06722b37ece1c03d3e94beb30d73","name":"r\u00e9daction","image":{"@type":"ImageObject","inLanguage":"fr-FR","@id":"https:\/\/secure.gravatar.com\/avatar\/37d968a2e67a6fd04c169c4bdef102d0bc5d31b2546345219e348575eb80e9a0?s=96&d=mm&r=g","url":"https:\/\/secure.gravatar.com\/avatar\/37d968a2e67a6fd04c169c4bdef102d0bc5d31b2546345219e348575eb80e9a0?s=96&d=mm&r=g","contentUrl":"https:\/\/secure.gravatar.com\/avatar\/37d968a2e67a6fd04c169c4bdef102d0bc5d31b2546345219e348575eb80e9a0?s=96&d=mm&r=g","caption":"redazione"},"sameAs":["http:\/\/www.bellunopress.it","https:\/\/x.com\/bellunopress"],"url":"https:\/\/www.bellunopress.it\/fr\/author\/redazione\/"}]}},"_links":{"self":[{"href":"https:\/\/www.bellunopress.it\/fr\/wp-json\/wp\/v2\/posts\/86135","targetHints":{"allow":["GET"]}}],"collection":[{"href":"https:\/\/www.bellunopress.it\/fr\/wp-json\/wp\/v2\/posts"}],"about":[{"href":"https:\/\/www.bellunopress.it\/fr\/wp-json\/wp\/v2\/types\/post"}],"author":[{"embeddable":true,"href":"https:\/\/www.bellunopress.it\/fr\/wp-json\/wp\/v2\/users\/2"}],"replies":[{"embeddable":true,"href":"https:\/\/www.bellunopress.it\/fr\/wp-json\/wp\/v2\/comments?post=86135"}],"version-history":[{"count":1,"href":"https:\/\/www.bellunopress.it\/fr\/wp-json\/wp\/v2\/posts\/86135\/revisions"}],"predecessor-version":[{"id":86136,"href":"https:\/\/www.bellunopress.it\/fr\/wp-json\/wp\/v2\/posts\/86135\/revisions\/86136"}],"wp:attachment":[{"href":"https:\/\/www.bellunopress.it\/fr\/wp-json\/wp\/v2\/media?parent=86135"}],"wp:term":[{"taxonomy":"category","embeddable":true,"href":"https:\/\/www.bellunopress.it\/fr\/wp-json\/wp\/v2\/categories?post=86135"},{"taxonomy":"post_tag","embeddable":true,"href":"https:\/\/www.bellunopress.it\/fr\/wp-json\/wp\/v2\/tags?post=86135"}],"curies":[{"name":"wp","href":"https:\/\/api.w.org\/{rel}","templated":true}]}}