{"id":86123,"date":"2017-05-02T08:32:50","date_gmt":"2017-05-02T06:32:50","guid":{"rendered":"http:\/\/www.bellunopress.it\/?p=86123"},"modified":"2017-05-05T20:48:20","modified_gmt":"2017-05-05T18:48:20","slug":"lultima-figlia-venerdi-allinsolita-storia-la-presentazione-del-libro-di-dangie-gaz-schreiber","status":"publish","type":"post","link":"https:\/\/www.bellunopress.it\/fr\/2017\/05\/02\/lultima-figlia-venerdi-allinsolita-storia-la-presentazione-del-libro-di-dangie-gaz-schreiber\/","title":{"rendered":"L&#8217;ultima figlia. Venerd\u00ec all&#8217;Insolita storia la presentazione del libro di Dangie Gaz Schreiber"},"content":{"rendered":"<p>Venerd\u00ec 5 maggio alle ore 19 al bar L&#8217;Insolita storia di Belluno, si terr\u00e0 la presentazione del libro &#8220;L&#8217;Ultima figlia&#8221;, il primo lavoro di Dangie Gaz Schreiber.<\/p>\n<p>Dialoga con l&#8217;autore Chiara Sacchet.<\/p>\n<p>Letture di Caterina Prade e Nanni Dorigo.<\/p>\n<p>&#8220;L&#8217;ultima figlia&#8221; di Dangie Gaz Schreiber<br \/>\nOltre il velo opaco della quotidianit\u00e0, un evento inatteso apre uno squarcio nella tela del tempo, spalancando gli abissi di un misterioso e inquietante passato\u2026 un passato che nessuno doveva conoscere\u2026<br \/>\nSe le cose fossero andate diversamente da come ci hanno fatto credere, cosa nasconde l\u2019inganno che regge il Mondo?<br \/>\nLe risposte si trovano in un mondo inimmaginabile, alla fine di un lungo cammino attraverso l\u2019Europa, sino ai confini del Mondo, alle vertiginose altezze delle Ande, nei pressi della misteriosa citt\u00e0 di Tiuhanaco e a un cupo lago Titicaca\u2026<\/p>\n<p>I primi capitoli del romanzo (in formato PDF) sono scaricabili gratuitamente, \u00e8\u2019 sufficiente attivare il link inviato via mail a chi inserisce il proprio indirizzo di posta elettronica nella pagina web promozionale:<br \/>\nhttp:\/\/www.dgschreiber.com\/go\/l-ultima-figlia-landing-page\/<\/p>\n<p>Il romanzo \u00e8 disponibile su Amazon in formato digitale (kindle) e cartaceo.<\/p>","protected":false},"excerpt":{"rendered":"<p>Venerd\u00ec 5 maggio alle ore 19 al bar L&#8217;Insolita storia di Belluno, si terr\u00e0 la presentazione del libro &#8220;L&#8217;Ultima figlia&#8221;, il primo lavoro di Dangie Gaz Schreiber. Dialoga con l&#8217;autore Chiara Sacchet. Letture di Caterina Prade e Nanni Dorigo. &#8220;L&#8217;ultima figlia&#8221; di Dangie Gaz Schreiber Oltre il velo opaco della quotidianit\u00e0, un evento inatteso apre [&hellip;]<\/p>\n","protected":false},"author":2,"featured_media":0,"comment_status":"closed","ping_status":"open","sticky":false,"template":"","format":"standard","meta":{"footnotes":""},"categories":[27,3],"tags":[],"class_list":["post-86123","post","type-post","status-publish","format-standard","category-appuntamenti","category-arte-cultura-spettacoli-scienza-archivi"],"yoast_head":"<!-- This site is optimized with the Yoast SEO plugin v28.4 - https:\/\/yoast.com\/product\/yoast-seo-wordpress\/ -->\n<title>L&#039;ultima figlia. Venerd\u00ec all&#039;Insolita storia la presentazione del libro di Dangie Gaz Schreiber - Bellunopress - Dolomiti<\/title>\n<meta name=\"robots\" content=\"index, follow, max-snippet:-1, max-image-preview:large, max-video-preview:-1\" \/>\n<link rel=\"canonical\" href=\"https:\/\/www.bellunopress.it\/fr\/2017\/05\/02\/lultima-figlia-venerdi-allinsolita-storia-la-presentazione-del-libro-di-dangie-gaz-schreiber\/\" \/>\n<meta property=\"og:locale\" content=\"fr_FR\" \/>\n<meta property=\"og:type\" content=\"article\" \/>\n<meta property=\"og:title\" content=\"L&#039;ultima figlia. Venerd\u00ec all&#039;Insolita storia la presentazione del libro di Dangie Gaz Schreiber - Bellunopress - Dolomiti\" \/>\n<meta property=\"og:description\" content=\"Venerd\u00ec 5 maggio alle ore 19 al bar L&#8217;Insolita storia di Belluno, si terr\u00e0 la presentazione del libro &#8220;L&#8217;Ultima figlia&#8221;, il primo lavoro di Dangie Gaz Schreiber. Dialoga con l&#8217;autore Chiara Sacchet. Letture di Caterina Prade e Nanni Dorigo. &#8220;L&#8217;ultima figlia&#8221; di Dangie Gaz Schreiber Oltre il velo opaco della quotidianit\u00e0, un evento inatteso apre [&hellip;]\" \/>\n<meta property=\"og:url\" content=\"https:\/\/www.bellunopress.it\/fr\/2017\/05\/02\/lultima-figlia-venerdi-allinsolita-storia-la-presentazione-del-libro-di-dangie-gaz-schreiber\/\" \/>\n<meta property=\"og:site_name\" content=\"Bellunopress - Dolomiti\" \/>\n<meta property=\"article:publisher\" content=\"https:\/\/www.facebook.com\/profile.php?id=100008943462799\" \/>\n<meta property=\"article:published_time\" content=\"2017-05-02T06:32:50+00:00\" \/>\n<meta property=\"article:modified_time\" content=\"2017-05-05T18:48:20+00:00\" \/>\n<meta property=\"og:image\" content=\"http:\/\/www.bellunopress.it\/wp-content\/uploads\/2012\/07\/logo-bellunopress-250x250-2012.jpg\" \/>\n<meta name=\"author\" content=\"redazione\" \/>\n<meta name=\"twitter:card\" content=\"summary_large_image\" \/>\n<meta name=\"twitter:creator\" content=\"@bellunopress\" \/>\n<meta name=\"twitter:site\" content=\"@bellunopress\" \/>\n<meta name=\"twitter:label1\" content=\"\u00c9crit par\" \/>\n\t<meta name=\"twitter:data1\" content=\"redazione\" \/>\n\t<meta name=\"twitter:label2\" content=\"Dur\u00e9e de lecture estim\u00e9e\" \/>\n\t<meta name=\"twitter:data2\" content=\"1 minute\" \/>\n<script type=\"application\/ld+json\" class=\"yoast-schema-graph\">{\"@context\":\"https:\\\/\\\/schema.org\",\"@graph\":[{\"@type\":\"Article\",\"@id\":\"https:\\\/\\\/www.bellunopress.it\\\/2017\\\/05\\\/02\\\/lultima-figlia-venerdi-allinsolita-storia-la-presentazione-del-libro-di-dangie-gaz-schreiber\\\/#article\",\"isPartOf\":{\"@id\":\"https:\\\/\\\/www.bellunopress.it\\\/2017\\\/05\\\/02\\\/lultima-figlia-venerdi-allinsolita-storia-la-presentazione-del-libro-di-dangie-gaz-schreiber\\\/\"},\"author\":{\"name\":\"redazione\",\"@id\":\"https:\\\/\\\/www.bellunopress.it\\\/#\\\/schema\\\/person\\\/79bb06722b37ece1c03d3e94beb30d73\"},\"headline\":\"L&#8217;ultima figlia. Venerd\u00ec all&#8217;Insolita storia la presentazione del libro di Dangie Gaz Schreiber\",\"datePublished\":\"2017-05-02T06:32:50+00:00\",\"dateModified\":\"2017-05-05T18:48:20+00:00\",\"mainEntityOfPage\":{\"@id\":\"https:\\\/\\\/www.bellunopress.it\\\/2017\\\/05\\\/02\\\/lultima-figlia-venerdi-allinsolita-storia-la-presentazione-del-libro-di-dangie-gaz-schreiber\\\/\"},\"wordCount\":201,\"publisher\":{\"@id\":\"https:\\\/\\\/www.bellunopress.it\\\/#organization\"},\"articleSection\":[\"Appuntamenti, Eventi\",\"Arte, Cultura, Spettacoli, Scienza\"],\"inLanguage\":\"fr-FR\"},{\"@type\":\"WebPage\",\"@id\":\"https:\\\/\\\/www.bellunopress.it\\\/2017\\\/05\\\/02\\\/lultima-figlia-venerdi-allinsolita-storia-la-presentazione-del-libro-di-dangie-gaz-schreiber\\\/\",\"url\":\"https:\\\/\\\/www.bellunopress.it\\\/2017\\\/05\\\/02\\\/lultima-figlia-venerdi-allinsolita-storia-la-presentazione-del-libro-di-dangie-gaz-schreiber\\\/\",\"name\":\"L'ultima figlia. Venerd\u00ec all'Insolita storia la presentazione del libro di Dangie Gaz Schreiber - Bellunopress - Dolomiti\",\"isPartOf\":{\"@id\":\"https:\\\/\\\/www.bellunopress.it\\\/#website\"},\"datePublished\":\"2017-05-02T06:32:50+00:00\",\"dateModified\":\"2017-05-05T18:48:20+00:00\",\"breadcrumb\":{\"@id\":\"https:\\\/\\\/www.bellunopress.it\\\/2017\\\/05\\\/02\\\/lultima-figlia-venerdi-allinsolita-storia-la-presentazione-del-libro-di-dangie-gaz-schreiber\\\/#breadcrumb\"},\"inLanguage\":\"fr-FR\",\"potentialAction\":[{\"@type\":\"ReadAction\",\"target\":[\"https:\\\/\\\/www.bellunopress.it\\\/2017\\\/05\\\/02\\\/lultima-figlia-venerdi-allinsolita-storia-la-presentazione-del-libro-di-dangie-gaz-schreiber\\\/\"]}]},{\"@type\":\"BreadcrumbList\",\"@id\":\"https:\\\/\\\/www.bellunopress.it\\\/2017\\\/05\\\/02\\\/lultima-figlia-venerdi-allinsolita-storia-la-presentazione-del-libro-di-dangie-gaz-schreiber\\\/#breadcrumb\",\"itemListElement\":[{\"@type\":\"ListItem\",\"position\":1,\"name\":\"Home\",\"item\":\"https:\\\/\\\/www.bellunopress.it\\\/\"},{\"@type\":\"ListItem\",\"position\":2,\"name\":\"L&#8217;ultima figlia. Venerd\u00ec all&#8217;Insolita storia la presentazione del libro di Dangie Gaz Schreiber\"}]},{\"@type\":\"WebSite\",\"@id\":\"https:\\\/\\\/www.bellunopress.it\\\/#website\",\"url\":\"https:\\\/\\\/www.bellunopress.it\\\/\",\"name\":\"Bellunopress - Dolomiti\",\"description\":\"e-mail: redazione@bellunopress.it\",\"publisher\":{\"@id\":\"https:\\\/\\\/www.bellunopress.it\\\/#organization\"},\"potentialAction\":[{\"@type\":\"SearchAction\",\"target\":{\"@type\":\"EntryPoint\",\"urlTemplate\":\"https:\\\/\\\/www.bellunopress.it\\\/?s={search_term_string}\"},\"query-input\":{\"@type\":\"PropertyValueSpecification\",\"valueRequired\":true,\"valueName\":\"search_term_string\"}}],\"inLanguage\":\"fr-FR\"},{\"@type\":\"Organization\",\"@id\":\"https:\\\/\\\/www.bellunopress.it\\\/#organization\",\"name\":\"Bellunopress\",\"url\":\"https:\\\/\\\/www.bellunopress.it\\\/\",\"logo\":{\"@type\":\"ImageObject\",\"inLanguage\":\"fr-FR\",\"@id\":\"https:\\\/\\\/www.bellunopress.it\\\/#\\\/schema\\\/logo\\\/image\\\/\",\"url\":\"https:\\\/\\\/www.bellunopress.it\\\/wp-content\\\/uploads\\\/2011\\\/05\\\/cropped-logo-bellunopress-.jpg\",\"contentUrl\":\"https:\\\/\\\/www.bellunopress.it\\\/wp-content\\\/uploads\\\/2011\\\/05\\\/cropped-logo-bellunopress-.jpg\",\"width\":512,\"height\":512,\"caption\":\"Bellunopress\"},\"image\":{\"@id\":\"https:\\\/\\\/www.bellunopress.it\\\/#\\\/schema\\\/logo\\\/image\\\/\"},\"sameAs\":[\"https:\\\/\\\/www.facebook.com\\\/profile.php?id=100008943462799\",\"https:\\\/\\\/x.com\\\/bellunopress\",\"https:\\\/\\\/www.linkedin.com\\\/hp\\\/?dnr=JBzUWaJfMUw8vbXJJ2tVW5-I3jZKvC4wsoxE&amp;amp;amp;amp;amp;amp;trk=nav_responsive_tab_home\",\"https:\\\/\\\/www.youtube.com\\\/channel\\\/UCxL0wu1uN0_3_7hGG0306cw\"]},{\"@type\":\"Person\",\"@id\":\"https:\\\/\\\/www.bellunopress.it\\\/#\\\/schema\\\/person\\\/79bb06722b37ece1c03d3e94beb30d73\",\"name\":\"redazione\",\"image\":{\"@type\":\"ImageObject\",\"inLanguage\":\"fr-FR\",\"@id\":\"https:\\\/\\\/secure.gravatar.com\\\/avatar\\\/37d968a2e67a6fd04c169c4bdef102d0bc5d31b2546345219e348575eb80e9a0?s=96&d=mm&r=g\",\"url\":\"https:\\\/\\\/secure.gravatar.com\\\/avatar\\\/37d968a2e67a6fd04c169c4bdef102d0bc5d31b2546345219e348575eb80e9a0?s=96&d=mm&r=g\",\"contentUrl\":\"https:\\\/\\\/secure.gravatar.com\\\/avatar\\\/37d968a2e67a6fd04c169c4bdef102d0bc5d31b2546345219e348575eb80e9a0?s=96&d=mm&r=g\",\"caption\":\"redazione\"},\"sameAs\":[\"http:\\\/\\\/www.bellunopress.it\",\"https:\\\/\\\/x.com\\\/bellunopress\"],\"url\":\"https:\\\/\\\/www.bellunopress.it\\\/fr\\\/author\\\/redazione\\\/\"}]}<\/script>\n<!-- \/ Yoast SEO plugin. -->","yoast_head_json":{"title":"L'ultima figlia. Venerd\u00ec all'Insolita storia la presentazione del libro di Dangie Gaz Schreiber - Bellunopress - Dolomiti","robots":{"index":"index","follow":"follow","max-snippet":"max-snippet:-1","max-image-preview":"max-image-preview:large","max-video-preview":"max-video-preview:-1"},"canonical":"https:\/\/www.bellunopress.it\/fr\/2017\/05\/02\/lultima-figlia-venerdi-allinsolita-storia-la-presentazione-del-libro-di-dangie-gaz-schreiber\/","og_locale":"fr_FR","og_type":"article","og_title":"L'ultima figlia. Venerd\u00ec all'Insolita storia la presentazione del libro di Dangie Gaz Schreiber - Bellunopress - Dolomiti","og_description":"Venerd\u00ec 5 maggio alle ore 19 al bar L&#8217;Insolita storia di Belluno, si terr\u00e0 la presentazione del libro &#8220;L&#8217;Ultima figlia&#8221;, il primo lavoro di Dangie Gaz Schreiber. Dialoga con l&#8217;autore Chiara Sacchet. Letture di Caterina Prade e Nanni Dorigo. &#8220;L&#8217;ultima figlia&#8221; di Dangie Gaz Schreiber Oltre il velo opaco della quotidianit\u00e0, un evento inatteso apre [&hellip;]","og_url":"https:\/\/www.bellunopress.it\/fr\/2017\/05\/02\/lultima-figlia-venerdi-allinsolita-storia-la-presentazione-del-libro-di-dangie-gaz-schreiber\/","og_site_name":"Bellunopress - Dolomiti","article_publisher":"https:\/\/www.facebook.com\/profile.php?id=100008943462799","article_published_time":"2017-05-02T06:32:50+00:00","article_modified_time":"2017-05-05T18:48:20+00:00","og_image":[{"url":"http:\/\/www.bellunopress.it\/wp-content\/uploads\/2012\/07\/logo-bellunopress-250x250-2012.jpg","type":"","width":"","height":""}],"author":"redazione","twitter_card":"summary_large_image","twitter_creator":"@bellunopress","twitter_site":"@bellunopress","twitter_misc":{"\u00c9crit par":"redazione","Dur\u00e9e de lecture estim\u00e9e":"1 minute"},"schema":{"@context":"https:\/\/schema.org","@graph":[{"@type":"Article","@id":"https:\/\/www.bellunopress.it\/2017\/05\/02\/lultima-figlia-venerdi-allinsolita-storia-la-presentazione-del-libro-di-dangie-gaz-schreiber\/#article","isPartOf":{"@id":"https:\/\/www.bellunopress.it\/2017\/05\/02\/lultima-figlia-venerdi-allinsolita-storia-la-presentazione-del-libro-di-dangie-gaz-schreiber\/"},"author":{"name":"redazione","@id":"https:\/\/www.bellunopress.it\/#\/schema\/person\/79bb06722b37ece1c03d3e94beb30d73"},"headline":"L&#8217;ultima figlia. Venerd\u00ec all&#8217;Insolita storia la presentazione del libro di Dangie Gaz Schreiber","datePublished":"2017-05-02T06:32:50+00:00","dateModified":"2017-05-05T18:48:20+00:00","mainEntityOfPage":{"@id":"https:\/\/www.bellunopress.it\/2017\/05\/02\/lultima-figlia-venerdi-allinsolita-storia-la-presentazione-del-libro-di-dangie-gaz-schreiber\/"},"wordCount":201,"publisher":{"@id":"https:\/\/www.bellunopress.it\/#organization"},"articleSection":["Appuntamenti, Eventi","Arte, Cultura, Spettacoli, Scienza"],"inLanguage":"fr-FR"},{"@type":"WebPage","@id":"https:\/\/www.bellunopress.it\/2017\/05\/02\/lultima-figlia-venerdi-allinsolita-storia-la-presentazione-del-libro-di-dangie-gaz-schreiber\/","url":"https:\/\/www.bellunopress.it\/2017\/05\/02\/lultima-figlia-venerdi-allinsolita-storia-la-presentazione-del-libro-di-dangie-gaz-schreiber\/","name":"L'ultima figlia. Venerd\u00ec all'Insolita storia la presentazione del libro di Dangie Gaz Schreiber - Bellunopress - Dolomiti","isPartOf":{"@id":"https:\/\/www.bellunopress.it\/#website"},"datePublished":"2017-05-02T06:32:50+00:00","dateModified":"2017-05-05T18:48:20+00:00","breadcrumb":{"@id":"https:\/\/www.bellunopress.it\/2017\/05\/02\/lultima-figlia-venerdi-allinsolita-storia-la-presentazione-del-libro-di-dangie-gaz-schreiber\/#breadcrumb"},"inLanguage":"fr-FR","potentialAction":[{"@type":"ReadAction","target":["https:\/\/www.bellunopress.it\/2017\/05\/02\/lultima-figlia-venerdi-allinsolita-storia-la-presentazione-del-libro-di-dangie-gaz-schreiber\/"]}]},{"@type":"BreadcrumbList","@id":"https:\/\/www.bellunopress.it\/2017\/05\/02\/lultima-figlia-venerdi-allinsolita-storia-la-presentazione-del-libro-di-dangie-gaz-schreiber\/#breadcrumb","itemListElement":[{"@type":"ListItem","position":1,"name":"Home","item":"https:\/\/www.bellunopress.it\/"},{"@type":"ListItem","position":2,"name":"L&#8217;ultima figlia. Venerd\u00ec all&#8217;Insolita storia la presentazione del libro di Dangie Gaz Schreiber"}]},{"@type":"WebSite","@id":"https:\/\/www.bellunopress.it\/#website","url":"https:\/\/www.bellunopress.it\/","name":"Bellunopress - Dolomiti","description":"e-mail: redazione@bellunopress.it","publisher":{"@id":"https:\/\/www.bellunopress.it\/#organization"},"potentialAction":[{"@type":"SearchAction","target":{"@type":"EntryPoint","urlTemplate":"https:\/\/www.bellunopress.it\/?s={search_term_string}"},"query-input":{"@type":"PropertyValueSpecification","valueRequired":true,"valueName":"search_term_string"}}],"inLanguage":"fr-FR"},{"@type":"Organization","@id":"https:\/\/www.bellunopress.it\/#organization","name":"Bellunopress","url":"https:\/\/www.bellunopress.it\/","logo":{"@type":"ImageObject","inLanguage":"fr-FR","@id":"https:\/\/www.bellunopress.it\/#\/schema\/logo\/image\/","url":"https:\/\/www.bellunopress.it\/wp-content\/uploads\/2011\/05\/cropped-logo-bellunopress-.jpg","contentUrl":"https:\/\/www.bellunopress.it\/wp-content\/uploads\/2011\/05\/cropped-logo-bellunopress-.jpg","width":512,"height":512,"caption":"Bellunopress"},"image":{"@id":"https:\/\/www.bellunopress.it\/#\/schema\/logo\/image\/"},"sameAs":["https:\/\/www.facebook.com\/profile.php?id=100008943462799","https:\/\/x.com\/bellunopress","https:\/\/www.linkedin.com\/hp\/?dnr=JBzUWaJfMUw8vbXJJ2tVW5-I3jZKvC4wsoxE&amp;amp;amp;amp;amp;amp;trk=nav_responsive_tab_home","https:\/\/www.youtube.com\/channel\/UCxL0wu1uN0_3_7hGG0306cw"]},{"@type":"Person","@id":"https:\/\/www.bellunopress.it\/#\/schema\/person\/79bb06722b37ece1c03d3e94beb30d73","name":"r\u00e9daction","image":{"@type":"ImageObject","inLanguage":"fr-FR","@id":"https:\/\/secure.gravatar.com\/avatar\/37d968a2e67a6fd04c169c4bdef102d0bc5d31b2546345219e348575eb80e9a0?s=96&d=mm&r=g","url":"https:\/\/secure.gravatar.com\/avatar\/37d968a2e67a6fd04c169c4bdef102d0bc5d31b2546345219e348575eb80e9a0?s=96&d=mm&r=g","contentUrl":"https:\/\/secure.gravatar.com\/avatar\/37d968a2e67a6fd04c169c4bdef102d0bc5d31b2546345219e348575eb80e9a0?s=96&d=mm&r=g","caption":"redazione"},"sameAs":["http:\/\/www.bellunopress.it","https:\/\/x.com\/bellunopress"],"url":"https:\/\/www.bellunopress.it\/fr\/author\/redazione\/"}]}},"_links":{"self":[{"href":"https:\/\/www.bellunopress.it\/fr\/wp-json\/wp\/v2\/posts\/86123","targetHints":{"allow":["GET"]}}],"collection":[{"href":"https:\/\/www.bellunopress.it\/fr\/wp-json\/wp\/v2\/posts"}],"about":[{"href":"https:\/\/www.bellunopress.it\/fr\/wp-json\/wp\/v2\/types\/post"}],"author":[{"embeddable":true,"href":"https:\/\/www.bellunopress.it\/fr\/wp-json\/wp\/v2\/users\/2"}],"replies":[{"embeddable":true,"href":"https:\/\/www.bellunopress.it\/fr\/wp-json\/wp\/v2\/comments?post=86123"}],"version-history":[{"count":2,"href":"https:\/\/www.bellunopress.it\/fr\/wp-json\/wp\/v2\/posts\/86123\/revisions"}],"predecessor-version":[{"id":86125,"href":"https:\/\/www.bellunopress.it\/fr\/wp-json\/wp\/v2\/posts\/86123\/revisions\/86125"}],"wp:attachment":[{"href":"https:\/\/www.bellunopress.it\/fr\/wp-json\/wp\/v2\/media?parent=86123"}],"wp:term":[{"taxonomy":"category","embeddable":true,"href":"https:\/\/www.bellunopress.it\/fr\/wp-json\/wp\/v2\/categories?post=86123"},{"taxonomy":"post_tag","embeddable":true,"href":"https:\/\/www.bellunopress.it\/fr\/wp-json\/wp\/v2\/tags?post=86123"}],"curies":[{"name":"wp","href":"https:\/\/api.w.org\/{rel}","templated":true}]}}