{"id":86120,"date":"2017-05-01T15:02:48","date_gmt":"2017-05-01T13:02:48","guid":{"rendered":"http:\/\/www.bellunopress.it\/?p=86120"},"modified":"2017-05-01T19:05:37","modified_gmt":"2017-05-01T17:05:37","slug":"esercizi-di-creativita-giovedi-allistituto-catullo-con-patrizia-stevanin-psicoterapeuta","status":"publish","type":"post","link":"https:\/\/www.bellunopress.it\/fr\/2017\/05\/01\/esercizi-di-creativita-giovedi-allistituto-catullo-con-patrizia-stevanin-psicoterapeuta\/","title":{"rendered":"Esercizi di creativit\u00e0. Gioved\u00ec all&#8217;Istituto Catullo con Patrizia Stevanin psicoterapeuta"},"content":{"rendered":"<p><strong>Belluno 4 maggio ore 18.30 \u2013 aula magna Istituto Catullo; secondo appuntamento della rassegna \u201cA casa di Dino\u201d con la psicoterapeuta Patrizia Stevanin e i suoi \u201cEsercizi di creativit\u00e0\u201d.<\/strong><\/p>\n<figure id=\"attachment_81868\" aria-describedby=\"caption-attachment-81868\" style=\"width: 300px\" class=\"wp-caption alignleft\"><a href=\"http:\/\/www.bellunopress.it\/wp-content\/uploads\/2016\/11\/istituto-catullo.jpg\"><img loading=\"lazy\" decoding=\"async\" class=\"size-full wp-image-81868\" src=\"http:\/\/www.bellunopress.it\/wp-content\/uploads\/2016\/11\/istituto-catullo.jpg\" alt=\"\" width=\"300\" height=\"168\" \/><\/a><figcaption id=\"caption-attachment-81868\" class=\"wp-caption-text\">Istituto &#8220;Catullo&#8221; &#8211; Belluno<\/figcaption><\/figure>\n<p>Secondo appuntamento per \u201cA casa di Dino\u201d, il ciclo di quattro appuntamenti con cadenza settimanale organizzato dall\u2019Associazione Culturale Villa Buzzati S. Pellegrino il Granaio.<br \/>\nDopo il successo del ritorno a Belluno del giornalista del Corriere della Sera Lorenzo Vigan\u00f2, che ha tenuto a battesimo la nuova proposta culturale in una Sala degli Affreschi gremita da un pubblico catturato dalle fortezze di Buzzati; il Corriere della Sera e la fortezza Bastiani de \u201cIl deserto dei Tartari\u201d, gioved\u00ec 4, alle 18.30 nell\u2019aula Magna dell\u2019Istituto Catullo si parler\u00e0 della specificit\u00e0 del pensiero creativo con Patrizia Stevanin.<br \/>\nPatrizia Stevanin \u00e8 una psicoterapeuta formata nell\u2019ambito dell\u2019et\u00e0 evolutiva, della genitorialit\u00e0 e della clinica. Specializzata in psicoterapia della Gestalt, un approccio fenomenologico relazionale, lavora da vent\u2019anni come libero professionista, collabora con la sanit\u00e0 pubblica, la scuola e le associazioni di volontariato.<br \/>\nTema dell\u2019incontro le specificit\u00e0 del pensiero creativo e quale ambiente sociale, relazionale ed educativo lo stimoli, lo favorisca e lo alleni. Non si parler\u00e0 solo di creativit\u00e0 nell\u2019arte, ma anche di come, per molte teorie psicologiche, la creativit\u00e0 sia alla base dell\u2019adattamento all\u2019ambiente affettivo-relazionale che ci circonda in un costrutto che permette ai nostri personali bisogni di essere soddisfatti e di dare vita al dolore.<br \/>\nLo spunto \u00e8 come sempre buzzatiano: \u201cUna goccia d\u2019acqua sale i gradini della scala. La senti?\u201d Una vera sfida creativa per tutti coloro che non mancheranno l\u2019appuntamento di gioved\u00ec 4 alle 18.30 nell\u2019aula Magna dell\u2019Istituto Catullo.<\/p>","protected":false},"excerpt":{"rendered":"<p>Belluno 4 maggio ore 18.30 \u2013 aula magna Istituto Catullo; secondo appuntamento della rassegna \u201cA casa di Dino\u201d con la psicoterapeuta Patrizia Stevanin e i suoi \u201cEsercizi di creativit\u00e0\u201d. Secondo appuntamento per \u201cA casa di Dino\u201d, il ciclo di quattro appuntamenti con cadenza settimanale organizzato dall\u2019Associazione Culturale Villa Buzzati S. Pellegrino il Granaio. Dopo il [&hellip;]<\/p>\n","protected":false},"author":2,"featured_media":0,"comment_status":"closed","ping_status":"open","sticky":false,"template":"","format":"standard","meta":{"footnotes":""},"categories":[27,3,25],"tags":[],"class_list":["post-86120","post","type-post","status-publish","format-standard","category-appuntamenti","category-arte-cultura-spettacoli-scienza-archivi","category-pausa-caffe"],"yoast_head":"<!-- This site is optimized with the Yoast SEO plugin v28.4 - https:\/\/yoast.com\/product\/yoast-seo-wordpress\/ -->\n<title>Esercizi di creativit\u00e0. Gioved\u00ec all&#039;Istituto Catullo con Patrizia Stevanin psicoterapeuta - Bellunopress - Dolomiti<\/title>\n<meta name=\"robots\" content=\"index, follow, max-snippet:-1, max-image-preview:large, max-video-preview:-1\" \/>\n<link rel=\"canonical\" href=\"https:\/\/www.bellunopress.it\/fr\/2017\/05\/01\/esercizi-di-creativita-giovedi-allistituto-catullo-con-patrizia-stevanin-psicoterapeuta\/\" \/>\n<meta property=\"og:locale\" content=\"fr_FR\" \/>\n<meta property=\"og:type\" content=\"article\" \/>\n<meta property=\"og:title\" content=\"Esercizi di creativit\u00e0. Gioved\u00ec all&#039;Istituto Catullo con Patrizia Stevanin psicoterapeuta - Bellunopress - Dolomiti\" \/>\n<meta property=\"og:description\" content=\"Belluno 4 maggio ore 18.30 \u2013 aula magna Istituto Catullo; secondo appuntamento della rassegna \u201cA casa di Dino\u201d con la psicoterapeuta Patrizia Stevanin e i suoi \u201cEsercizi di creativit\u00e0\u201d. Secondo appuntamento per \u201cA casa di Dino\u201d, il ciclo di quattro appuntamenti con cadenza settimanale organizzato dall\u2019Associazione Culturale Villa Buzzati S. Pellegrino il Granaio. Dopo il [&hellip;]\" \/>\n<meta property=\"og:url\" content=\"https:\/\/www.bellunopress.it\/fr\/2017\/05\/01\/esercizi-di-creativita-giovedi-allistituto-catullo-con-patrizia-stevanin-psicoterapeuta\/\" \/>\n<meta property=\"og:site_name\" content=\"Bellunopress - Dolomiti\" \/>\n<meta property=\"article:publisher\" content=\"https:\/\/www.facebook.com\/profile.php?id=100008943462799\" \/>\n<meta property=\"article:published_time\" content=\"2017-05-01T13:02:48+00:00\" \/>\n<meta property=\"article:modified_time\" content=\"2017-05-01T17:05:37+00:00\" \/>\n<meta property=\"og:image\" content=\"http:\/\/www.bellunopress.it\/wp-content\/uploads\/2016\/11\/istituto-catullo.jpg\" \/>\n<meta name=\"author\" content=\"redazione\" \/>\n<meta name=\"twitter:card\" content=\"summary_large_image\" \/>\n<meta name=\"twitter:creator\" content=\"@bellunopress\" \/>\n<meta name=\"twitter:site\" content=\"@bellunopress\" \/>\n<meta name=\"twitter:label1\" content=\"\u00c9crit par\" \/>\n\t<meta name=\"twitter:data1\" content=\"redazione\" \/>\n\t<meta name=\"twitter:label2\" content=\"Dur\u00e9e de lecture estim\u00e9e\" \/>\n\t<meta name=\"twitter:data2\" content=\"1 minute\" \/>\n<script type=\"application\/ld+json\" class=\"yoast-schema-graph\">{\"@context\":\"https:\\\/\\\/schema.org\",\"@graph\":[{\"@type\":\"Article\",\"@id\":\"https:\\\/\\\/www.bellunopress.it\\\/2017\\\/05\\\/01\\\/esercizi-di-creativita-giovedi-allistituto-catullo-con-patrizia-stevanin-psicoterapeuta\\\/#article\",\"isPartOf\":{\"@id\":\"https:\\\/\\\/www.bellunopress.it\\\/2017\\\/05\\\/01\\\/esercizi-di-creativita-giovedi-allistituto-catullo-con-patrizia-stevanin-psicoterapeuta\\\/\"},\"author\":{\"name\":\"redazione\",\"@id\":\"https:\\\/\\\/www.bellunopress.it\\\/#\\\/schema\\\/person\\\/79bb06722b37ece1c03d3e94beb30d73\"},\"headline\":\"Esercizi di creativit\u00e0. Gioved\u00ec all&#8217;Istituto Catullo con Patrizia Stevanin psicoterapeuta\",\"datePublished\":\"2017-05-01T13:02:48+00:00\",\"dateModified\":\"2017-05-01T17:05:37+00:00\",\"mainEntityOfPage\":{\"@id\":\"https:\\\/\\\/www.bellunopress.it\\\/2017\\\/05\\\/01\\\/esercizi-di-creativita-giovedi-allistituto-catullo-con-patrizia-stevanin-psicoterapeuta\\\/\"},\"wordCount\":291,\"publisher\":{\"@id\":\"https:\\\/\\\/www.bellunopress.it\\\/#organization\"},\"image\":{\"@id\":\"https:\\\/\\\/www.bellunopress.it\\\/2017\\\/05\\\/01\\\/esercizi-di-creativita-giovedi-allistituto-catullo-con-patrizia-stevanin-psicoterapeuta\\\/#primaryimage\"},\"thumbnailUrl\":\"http:\\\/\\\/www.bellunopress.it\\\/wp-content\\\/uploads\\\/2016\\\/11\\\/istituto-catullo.jpg\",\"articleSection\":[\"Appuntamenti, Eventi\",\"Arte, Cultura, Spettacoli, Scienza\",\"Pausa Caff\u00e8\"],\"inLanguage\":\"fr-FR\"},{\"@type\":\"WebPage\",\"@id\":\"https:\\\/\\\/www.bellunopress.it\\\/2017\\\/05\\\/01\\\/esercizi-di-creativita-giovedi-allistituto-catullo-con-patrizia-stevanin-psicoterapeuta\\\/\",\"url\":\"https:\\\/\\\/www.bellunopress.it\\\/2017\\\/05\\\/01\\\/esercizi-di-creativita-giovedi-allistituto-catullo-con-patrizia-stevanin-psicoterapeuta\\\/\",\"name\":\"Esercizi di creativit\u00e0. Gioved\u00ec all'Istituto Catullo con Patrizia Stevanin psicoterapeuta - Bellunopress - Dolomiti\",\"isPartOf\":{\"@id\":\"https:\\\/\\\/www.bellunopress.it\\\/#website\"},\"primaryImageOfPage\":{\"@id\":\"https:\\\/\\\/www.bellunopress.it\\\/2017\\\/05\\\/01\\\/esercizi-di-creativita-giovedi-allistituto-catullo-con-patrizia-stevanin-psicoterapeuta\\\/#primaryimage\"},\"image\":{\"@id\":\"https:\\\/\\\/www.bellunopress.it\\\/2017\\\/05\\\/01\\\/esercizi-di-creativita-giovedi-allistituto-catullo-con-patrizia-stevanin-psicoterapeuta\\\/#primaryimage\"},\"thumbnailUrl\":\"http:\\\/\\\/www.bellunopress.it\\\/wp-content\\\/uploads\\\/2016\\\/11\\\/istituto-catullo.jpg\",\"datePublished\":\"2017-05-01T13:02:48+00:00\",\"dateModified\":\"2017-05-01T17:05:37+00:00\",\"breadcrumb\":{\"@id\":\"https:\\\/\\\/www.bellunopress.it\\\/2017\\\/05\\\/01\\\/esercizi-di-creativita-giovedi-allistituto-catullo-con-patrizia-stevanin-psicoterapeuta\\\/#breadcrumb\"},\"inLanguage\":\"fr-FR\",\"potentialAction\":[{\"@type\":\"ReadAction\",\"target\":[\"https:\\\/\\\/www.bellunopress.it\\\/2017\\\/05\\\/01\\\/esercizi-di-creativita-giovedi-allistituto-catullo-con-patrizia-stevanin-psicoterapeuta\\\/\"]}]},{\"@type\":\"ImageObject\",\"inLanguage\":\"fr-FR\",\"@id\":\"https:\\\/\\\/www.bellunopress.it\\\/2017\\\/05\\\/01\\\/esercizi-di-creativita-giovedi-allistituto-catullo-con-patrizia-stevanin-psicoterapeuta\\\/#primaryimage\",\"url\":\"http:\\\/\\\/www.bellunopress.it\\\/wp-content\\\/uploads\\\/2016\\\/11\\\/istituto-catullo.jpg\",\"contentUrl\":\"http:\\\/\\\/www.bellunopress.it\\\/wp-content\\\/uploads\\\/2016\\\/11\\\/istituto-catullo.jpg\"},{\"@type\":\"BreadcrumbList\",\"@id\":\"https:\\\/\\\/www.bellunopress.it\\\/2017\\\/05\\\/01\\\/esercizi-di-creativita-giovedi-allistituto-catullo-con-patrizia-stevanin-psicoterapeuta\\\/#breadcrumb\",\"itemListElement\":[{\"@type\":\"ListItem\",\"position\":1,\"name\":\"Home\",\"item\":\"https:\\\/\\\/www.bellunopress.it\\\/\"},{\"@type\":\"ListItem\",\"position\":2,\"name\":\"Esercizi di creativit\u00e0. Gioved\u00ec all&#8217;Istituto Catullo con Patrizia Stevanin psicoterapeuta\"}]},{\"@type\":\"WebSite\",\"@id\":\"https:\\\/\\\/www.bellunopress.it\\\/#website\",\"url\":\"https:\\\/\\\/www.bellunopress.it\\\/\",\"name\":\"Bellunopress - Dolomiti\",\"description\":\"e-mail: redazione@bellunopress.it\",\"publisher\":{\"@id\":\"https:\\\/\\\/www.bellunopress.it\\\/#organization\"},\"potentialAction\":[{\"@type\":\"SearchAction\",\"target\":{\"@type\":\"EntryPoint\",\"urlTemplate\":\"https:\\\/\\\/www.bellunopress.it\\\/?s={search_term_string}\"},\"query-input\":{\"@type\":\"PropertyValueSpecification\",\"valueRequired\":true,\"valueName\":\"search_term_string\"}}],\"inLanguage\":\"fr-FR\"},{\"@type\":\"Organization\",\"@id\":\"https:\\\/\\\/www.bellunopress.it\\\/#organization\",\"name\":\"Bellunopress\",\"url\":\"https:\\\/\\\/www.bellunopress.it\\\/\",\"logo\":{\"@type\":\"ImageObject\",\"inLanguage\":\"fr-FR\",\"@id\":\"https:\\\/\\\/www.bellunopress.it\\\/#\\\/schema\\\/logo\\\/image\\\/\",\"url\":\"https:\\\/\\\/www.bellunopress.it\\\/wp-content\\\/uploads\\\/2011\\\/05\\\/cropped-logo-bellunopress-.jpg\",\"contentUrl\":\"https:\\\/\\\/www.bellunopress.it\\\/wp-content\\\/uploads\\\/2011\\\/05\\\/cropped-logo-bellunopress-.jpg\",\"width\":512,\"height\":512,\"caption\":\"Bellunopress\"},\"image\":{\"@id\":\"https:\\\/\\\/www.bellunopress.it\\\/#\\\/schema\\\/logo\\\/image\\\/\"},\"sameAs\":[\"https:\\\/\\\/www.facebook.com\\\/profile.php?id=100008943462799\",\"https:\\\/\\\/x.com\\\/bellunopress\",\"https:\\\/\\\/www.linkedin.com\\\/hp\\\/?dnr=JBzUWaJfMUw8vbXJJ2tVW5-I3jZKvC4wsoxE&amp;amp;amp;amp;amp;amp;trk=nav_responsive_tab_home\",\"https:\\\/\\\/www.youtube.com\\\/channel\\\/UCxL0wu1uN0_3_7hGG0306cw\"]},{\"@type\":\"Person\",\"@id\":\"https:\\\/\\\/www.bellunopress.it\\\/#\\\/schema\\\/person\\\/79bb06722b37ece1c03d3e94beb30d73\",\"name\":\"redazione\",\"image\":{\"@type\":\"ImageObject\",\"inLanguage\":\"fr-FR\",\"@id\":\"https:\\\/\\\/secure.gravatar.com\\\/avatar\\\/37d968a2e67a6fd04c169c4bdef102d0bc5d31b2546345219e348575eb80e9a0?s=96&d=mm&r=g\",\"url\":\"https:\\\/\\\/secure.gravatar.com\\\/avatar\\\/37d968a2e67a6fd04c169c4bdef102d0bc5d31b2546345219e348575eb80e9a0?s=96&d=mm&r=g\",\"contentUrl\":\"https:\\\/\\\/secure.gravatar.com\\\/avatar\\\/37d968a2e67a6fd04c169c4bdef102d0bc5d31b2546345219e348575eb80e9a0?s=96&d=mm&r=g\",\"caption\":\"redazione\"},\"sameAs\":[\"http:\\\/\\\/www.bellunopress.it\",\"https:\\\/\\\/x.com\\\/bellunopress\"],\"url\":\"https:\\\/\\\/www.bellunopress.it\\\/fr\\\/author\\\/redazione\\\/\"}]}<\/script>\n<!-- \/ Yoast SEO plugin. -->","yoast_head_json":{"title":"Esercizi di creativit\u00e0. Gioved\u00ec all'Istituto Catullo con Patrizia Stevanin psicoterapeuta - Bellunopress - Dolomiti","robots":{"index":"index","follow":"follow","max-snippet":"max-snippet:-1","max-image-preview":"max-image-preview:large","max-video-preview":"max-video-preview:-1"},"canonical":"https:\/\/www.bellunopress.it\/fr\/2017\/05\/01\/esercizi-di-creativita-giovedi-allistituto-catullo-con-patrizia-stevanin-psicoterapeuta\/","og_locale":"fr_FR","og_type":"article","og_title":"Esercizi di creativit\u00e0. Gioved\u00ec all'Istituto Catullo con Patrizia Stevanin psicoterapeuta - Bellunopress - Dolomiti","og_description":"Belluno 4 maggio ore 18.30 \u2013 aula magna Istituto Catullo; secondo appuntamento della rassegna \u201cA casa di Dino\u201d con la psicoterapeuta Patrizia Stevanin e i suoi \u201cEsercizi di creativit\u00e0\u201d. Secondo appuntamento per \u201cA casa di Dino\u201d, il ciclo di quattro appuntamenti con cadenza settimanale organizzato dall\u2019Associazione Culturale Villa Buzzati S. Pellegrino il Granaio. Dopo il [&hellip;]","og_url":"https:\/\/www.bellunopress.it\/fr\/2017\/05\/01\/esercizi-di-creativita-giovedi-allistituto-catullo-con-patrizia-stevanin-psicoterapeuta\/","og_site_name":"Bellunopress - Dolomiti","article_publisher":"https:\/\/www.facebook.com\/profile.php?id=100008943462799","article_published_time":"2017-05-01T13:02:48+00:00","article_modified_time":"2017-05-01T17:05:37+00:00","og_image":[{"url":"http:\/\/www.bellunopress.it\/wp-content\/uploads\/2016\/11\/istituto-catullo.jpg","type":"","width":"","height":""}],"author":"redazione","twitter_card":"summary_large_image","twitter_creator":"@bellunopress","twitter_site":"@bellunopress","twitter_misc":{"\u00c9crit par":"redazione","Dur\u00e9e de lecture estim\u00e9e":"1 minute"},"schema":{"@context":"https:\/\/schema.org","@graph":[{"@type":"Article","@id":"https:\/\/www.bellunopress.it\/2017\/05\/01\/esercizi-di-creativita-giovedi-allistituto-catullo-con-patrizia-stevanin-psicoterapeuta\/#article","isPartOf":{"@id":"https:\/\/www.bellunopress.it\/2017\/05\/01\/esercizi-di-creativita-giovedi-allistituto-catullo-con-patrizia-stevanin-psicoterapeuta\/"},"author":{"name":"redazione","@id":"https:\/\/www.bellunopress.it\/#\/schema\/person\/79bb06722b37ece1c03d3e94beb30d73"},"headline":"Esercizi di creativit\u00e0. Gioved\u00ec all&#8217;Istituto Catullo con Patrizia Stevanin psicoterapeuta","datePublished":"2017-05-01T13:02:48+00:00","dateModified":"2017-05-01T17:05:37+00:00","mainEntityOfPage":{"@id":"https:\/\/www.bellunopress.it\/2017\/05\/01\/esercizi-di-creativita-giovedi-allistituto-catullo-con-patrizia-stevanin-psicoterapeuta\/"},"wordCount":291,"publisher":{"@id":"https:\/\/www.bellunopress.it\/#organization"},"image":{"@id":"https:\/\/www.bellunopress.it\/2017\/05\/01\/esercizi-di-creativita-giovedi-allistituto-catullo-con-patrizia-stevanin-psicoterapeuta\/#primaryimage"},"thumbnailUrl":"http:\/\/www.bellunopress.it\/wp-content\/uploads\/2016\/11\/istituto-catullo.jpg","articleSection":["Appuntamenti, Eventi","Arte, Cultura, Spettacoli, Scienza","Pausa Caff\u00e8"],"inLanguage":"fr-FR"},{"@type":"WebPage","@id":"https:\/\/www.bellunopress.it\/2017\/05\/01\/esercizi-di-creativita-giovedi-allistituto-catullo-con-patrizia-stevanin-psicoterapeuta\/","url":"https:\/\/www.bellunopress.it\/2017\/05\/01\/esercizi-di-creativita-giovedi-allistituto-catullo-con-patrizia-stevanin-psicoterapeuta\/","name":"Esercizi di creativit\u00e0. Gioved\u00ec all'Istituto Catullo con Patrizia Stevanin psicoterapeuta - Bellunopress - Dolomiti","isPartOf":{"@id":"https:\/\/www.bellunopress.it\/#website"},"primaryImageOfPage":{"@id":"https:\/\/www.bellunopress.it\/2017\/05\/01\/esercizi-di-creativita-giovedi-allistituto-catullo-con-patrizia-stevanin-psicoterapeuta\/#primaryimage"},"image":{"@id":"https:\/\/www.bellunopress.it\/2017\/05\/01\/esercizi-di-creativita-giovedi-allistituto-catullo-con-patrizia-stevanin-psicoterapeuta\/#primaryimage"},"thumbnailUrl":"http:\/\/www.bellunopress.it\/wp-content\/uploads\/2016\/11\/istituto-catullo.jpg","datePublished":"2017-05-01T13:02:48+00:00","dateModified":"2017-05-01T17:05:37+00:00","breadcrumb":{"@id":"https:\/\/www.bellunopress.it\/2017\/05\/01\/esercizi-di-creativita-giovedi-allistituto-catullo-con-patrizia-stevanin-psicoterapeuta\/#breadcrumb"},"inLanguage":"fr-FR","potentialAction":[{"@type":"ReadAction","target":["https:\/\/www.bellunopress.it\/2017\/05\/01\/esercizi-di-creativita-giovedi-allistituto-catullo-con-patrizia-stevanin-psicoterapeuta\/"]}]},{"@type":"ImageObject","inLanguage":"fr-FR","@id":"https:\/\/www.bellunopress.it\/2017\/05\/01\/esercizi-di-creativita-giovedi-allistituto-catullo-con-patrizia-stevanin-psicoterapeuta\/#primaryimage","url":"http:\/\/www.bellunopress.it\/wp-content\/uploads\/2016\/11\/istituto-catullo.jpg","contentUrl":"http:\/\/www.bellunopress.it\/wp-content\/uploads\/2016\/11\/istituto-catullo.jpg"},{"@type":"BreadcrumbList","@id":"https:\/\/www.bellunopress.it\/2017\/05\/01\/esercizi-di-creativita-giovedi-allistituto-catullo-con-patrizia-stevanin-psicoterapeuta\/#breadcrumb","itemListElement":[{"@type":"ListItem","position":1,"name":"Home","item":"https:\/\/www.bellunopress.it\/"},{"@type":"ListItem","position":2,"name":"Esercizi di creativit\u00e0. Gioved\u00ec all&#8217;Istituto Catullo con Patrizia Stevanin psicoterapeuta"}]},{"@type":"WebSite","@id":"https:\/\/www.bellunopress.it\/#website","url":"https:\/\/www.bellunopress.it\/","name":"Bellunopress - Dolomiti","description":"e-mail: redazione@bellunopress.it","publisher":{"@id":"https:\/\/www.bellunopress.it\/#organization"},"potentialAction":[{"@type":"SearchAction","target":{"@type":"EntryPoint","urlTemplate":"https:\/\/www.bellunopress.it\/?s={search_term_string}"},"query-input":{"@type":"PropertyValueSpecification","valueRequired":true,"valueName":"search_term_string"}}],"inLanguage":"fr-FR"},{"@type":"Organization","@id":"https:\/\/www.bellunopress.it\/#organization","name":"Bellunopress","url":"https:\/\/www.bellunopress.it\/","logo":{"@type":"ImageObject","inLanguage":"fr-FR","@id":"https:\/\/www.bellunopress.it\/#\/schema\/logo\/image\/","url":"https:\/\/www.bellunopress.it\/wp-content\/uploads\/2011\/05\/cropped-logo-bellunopress-.jpg","contentUrl":"https:\/\/www.bellunopress.it\/wp-content\/uploads\/2011\/05\/cropped-logo-bellunopress-.jpg","width":512,"height":512,"caption":"Bellunopress"},"image":{"@id":"https:\/\/www.bellunopress.it\/#\/schema\/logo\/image\/"},"sameAs":["https:\/\/www.facebook.com\/profile.php?id=100008943462799","https:\/\/x.com\/bellunopress","https:\/\/www.linkedin.com\/hp\/?dnr=JBzUWaJfMUw8vbXJJ2tVW5-I3jZKvC4wsoxE&amp;amp;amp;amp;amp;amp;trk=nav_responsive_tab_home","https:\/\/www.youtube.com\/channel\/UCxL0wu1uN0_3_7hGG0306cw"]},{"@type":"Person","@id":"https:\/\/www.bellunopress.it\/#\/schema\/person\/79bb06722b37ece1c03d3e94beb30d73","name":"r\u00e9daction","image":{"@type":"ImageObject","inLanguage":"fr-FR","@id":"https:\/\/secure.gravatar.com\/avatar\/37d968a2e67a6fd04c169c4bdef102d0bc5d31b2546345219e348575eb80e9a0?s=96&d=mm&r=g","url":"https:\/\/secure.gravatar.com\/avatar\/37d968a2e67a6fd04c169c4bdef102d0bc5d31b2546345219e348575eb80e9a0?s=96&d=mm&r=g","contentUrl":"https:\/\/secure.gravatar.com\/avatar\/37d968a2e67a6fd04c169c4bdef102d0bc5d31b2546345219e348575eb80e9a0?s=96&d=mm&r=g","caption":"redazione"},"sameAs":["http:\/\/www.bellunopress.it","https:\/\/x.com\/bellunopress"],"url":"https:\/\/www.bellunopress.it\/fr\/author\/redazione\/"}]}},"_links":{"self":[{"href":"https:\/\/www.bellunopress.it\/fr\/wp-json\/wp\/v2\/posts\/86120","targetHints":{"allow":["GET"]}}],"collection":[{"href":"https:\/\/www.bellunopress.it\/fr\/wp-json\/wp\/v2\/posts"}],"about":[{"href":"https:\/\/www.bellunopress.it\/fr\/wp-json\/wp\/v2\/types\/post"}],"author":[{"embeddable":true,"href":"https:\/\/www.bellunopress.it\/fr\/wp-json\/wp\/v2\/users\/2"}],"replies":[{"embeddable":true,"href":"https:\/\/www.bellunopress.it\/fr\/wp-json\/wp\/v2\/comments?post=86120"}],"version-history":[{"count":1,"href":"https:\/\/www.bellunopress.it\/fr\/wp-json\/wp\/v2\/posts\/86120\/revisions"}],"predecessor-version":[{"id":86121,"href":"https:\/\/www.bellunopress.it\/fr\/wp-json\/wp\/v2\/posts\/86120\/revisions\/86121"}],"wp:attachment":[{"href":"https:\/\/www.bellunopress.it\/fr\/wp-json\/wp\/v2\/media?parent=86120"}],"wp:term":[{"taxonomy":"category","embeddable":true,"href":"https:\/\/www.bellunopress.it\/fr\/wp-json\/wp\/v2\/categories?post=86120"},{"taxonomy":"post_tag","embeddable":true,"href":"https:\/\/www.bellunopress.it\/fr\/wp-json\/wp\/v2\/tags?post=86120"}],"curies":[{"name":"wp","href":"https:\/\/api.w.org\/{rel}","templated":true}]}}