{"id":8606,"date":"2009-10-02T13:19:29","date_gmt":"2009-10-02T12:19:29","guid":{"rendered":"http:\/\/www.bellunopress.it\/?p=8606"},"modified":"2009-10-02T13:19:29","modified_gmt":"2009-10-02T12:19:29","slug":"anche-listituto-tecnico-industrale-statale-gsegato-di-belluno-tra-il-club-dei-15-eccellenti-riunitisi-oggi-sul-lago-di-como-secondo-le-imprese-in-italia-mancano-181mila-periti-ogni-anno","status":"publish","type":"post","link":"https:\/\/www.bellunopress.it\/fr\/2009\/10\/02\/anche-listituto-tecnico-industrale-statale-gsegato-di-belluno-tra-il-club-dei-15-eccellenti-riunitisi-oggi-sul-lago-di-como-secondo-le-imprese-in-italia-mancano-181mila-periti-ogni-anno\/","title":{"rendered":"Anche l&#8217;Istituto tecnico industrale statale  &#8220;G.Segato&#8221; di Belluno tra il club dei 15 eccellenti riunitisi oggi sul Lago di Como. Secondo le imprese, in Italia mancano 181mila periti ogni anno"},"content":{"rendered":"<figure id=\"attachment_8475\" aria-describedby=\"caption-attachment-8475\" style=\"width: 270px\" class=\"wp-caption alignleft\"><a href=\"http:\/\/www.bellunopress.it\/wp-content\/uploads\/2009\/09\/istituto-tecnico-segato-001.jpg\"><img loading=\"lazy\" decoding=\"async\" class=\"size-medium wp-image-8475\" title=\"istituto-tecnico-segato-001\" src=\"http:\/\/www.bellunopress.it\/wp-content\/uploads\/2009\/09\/istituto-tecnico-segato-001.jpg\" alt=\"Itis &quot;G.Segato&quot; di Belluno\" width=\"270\" height=\"202\" \/><\/a><figcaption id=\"caption-attachment-8475\" class=\"wp-caption-text\">Itis <\/figcaption><\/figure>\n<p>Sono stati per decenni il perno del manifatturiero italiano. Sono i periti industriali, quelle figure professionali che nel vasto mare delle piccole imprese svolgono funzioni spesso di vertice nei processi produttivi e, in quelle pi\u00f9 strutturate, costituiscono la nervatura di collegamento tra direzione aziendale e reparti. In Italia e a Belluno, ogni anno le imprese hanno \u201cfame\u201d di diplomati tecnici e professionali in ragione di oltre 323mila unit\u00e0, ma ne trovano a disposizione solo 142mila. C\u2019\u00e8 un gap di 181mila diplomati che, purtroppo, non si trovano. Il fenomeno \u00e8 tanto pi\u00f9 critico quanto pi\u00f9 si consideri che l\u2019incidenza delle professioni tecniche sul totale dell\u2019occupazione \u00e8 passato in Italia dal 16% del 2000 al 22% del 2007, collocandosi al di sopra della media Ocse di cinque punti percentuali. Dopo diciassette anni di calo costante, finalmente le iscrizioni agli istituti tecnici e professionali sono riprese con l\u2019anno scolastico 2008-2009. Un timido +0,6% che non risolve il problema ma che va incoraggiato attraverso un orientamento mirato verso i giovani e le famiglie. \u201cIn provincia di Belluno c\u2019\u00e8 un grande bisogno di diplomati tecnici\u201d- spiega Marco Bortoluzzi, Presidente del Gruppo Giovani Imprenditori di Confindustria Belluno Dolomiti, presente proprio oggi insieme a Gerardo Cavaliero Dirigente Scolastico dell\u2019ITIS Segato di Belluno alla consulta sul lago di Como del Club dei 15 istituti tecnici manifatturieri eccellenti \u2013 \u201cI numeri che oggi sono a disposizione delle imprese sono largamente insufficienti a coprirne il fabbisogno. Per questo stiamo lavorando al progetto del Club dei 15, che mira a rilanciare e sviluppare la cultura tecnica\u201d. Prioritaria \u00e8 la valorizzazione degli istituti tecnici superiori, quegli istituti che, in diversi casi, risalgono alle scuole tecniche messe in piedi proprio da imprenditori di tre o quattro generazioni fa e che sovente ne portano ancora il nome. E che, oggi, potrebbero trovare ancora una volta nell\u2019industria un supporto per riqualificarsi. Il progetto dei 15 \u00e8 guidato dallo spirito di allora. L\u2019idea \u00e8 quella di investire su attivit\u00e0, progetti, iniziative per avvicinare il mondo della scuola a quello dell\u2019impresa, alle sue esigenze e ai suoi linguaggi. Come? Borse di studio agli studenti meritevoli, stage in azienda, preparazione dei docenti, ammodernamento e potenziamento dei laboratori scolastici, alternanza scuola-lavoro: rendere cos\u00ec le scuole pi\u00f9 attrattive, fare percepire il valore dell\u2019istruzione tecnica e l\u2019utilit\u00e0 di un diploma per trovare subito un lavoro qualificato nell\u2019industria.<br \/>\nQuesto \u00e8 l\u2019obiettivo di fondo dell\u2019azione comune voluta e pensata dalle associazioni industriali che, insieme agli istituti scolastici delle province a pi\u00f9 alto tasso di industrializzazione, desiderano fare conoscere le opportunit\u00e0 che possono esserci per i giovani.<\/p>\n<figure id=\"attachment_3899\" aria-describedby=\"caption-attachment-3899\" style=\"width: 100px\" class=\"wp-caption alignleft\"><a href=\"http:\/\/www.bellunopress.it\/wp-content\/uploads\/2009\/05\/gerardo-cavaliero-preside-iti.jpg\"><img loading=\"lazy\" decoding=\"async\" class=\"size-medium wp-image-3899\" title=\"gerardo-cavaliero-preside-iti\" src=\"http:\/\/www.bellunopress.it\/wp-content\/uploads\/2009\/05\/gerardo-cavaliero-preside-iti.jpg\" alt=\"Gerardo Cavaliero\" width=\"100\" height=\"67\" \/><\/a><figcaption id=\"caption-attachment-3899\" class=\"wp-caption-text\">Gerardo Cavaliero<\/figcaption><\/figure>\n<p>\u201cLe scuole tecniche sono sempre state un punto di riferimento per le industrie\u201d &#8211; conferma Gerardo Cavaliero, dirigente scolastico dell\u2019ITIS &#8220;G.Segato&#8221; di Belluno \u2013 \u201ctant\u2019\u00e8 che tutti gli anni riceviamo, ancora prima della fine dell\u2019anno scolastico, le richieste degli elenchi degli studenti da parte delle imprese per poterli assumere.\u201d Un particolare, questo, che viene quasi del tutto ignorato dalle famiglie e purtroppo anche dai docenti delle scuole medie, cio\u00e8 da coloro che influiscono maggiormente sulla scelta del tipo di scuola superiore. Per partire, il progetto prevede una fase di\u00a0 messa a punto coinvolgendo quindici istituti tecnici, ciascuno per le province del Club. \u201cDaremo vita &#8211; spiega\u00a0 Alberto Barcella, attuale responsabile del progetto all\u2019interno del Club dei 15 \u2013 \u201cad un network di istituti tecnici e professionali protagonisti dell&#8217;innovazione manifatturiera con i quali ogni Associazione del Club collabora gi\u00e0 da alcuni anni. Grazie alla flessibilit\u00e0 prevista dalla riforma e al coinvolgimento diretto delle imprese cercheremo di orientare l\u2019offerta formativa alle necessit\u00e0 del territorio, ma &#8211; soprattutto &#8211; con il prezioso contributo dei docenti si potr\u00e0 offrire ai giovani una pi\u00f9 ampia gamma di opportunit\u00e0 per accrescere le loro conoscenze e competenze.\u201d L\u2019intento \u00e8 anche quello di superare il luogo comune che vede il liceo come la \u201cserie A\u201d e l\u2019istituto tecnico come la \u201cserie B\u201d. Infatti, il 54% dei diplomati tecnici si iscrive all\u2019universit\u00e0. Il 26% dei laureati tecnico-scientifici proviene dagli istituti tecnici e quasi il 30% dei laureati in ingegneria e architettura possiede un diploma rilasciato da istituti tecnici. Si tratta di dati che ridimensionano notevolmente il presunto differenziale reputazionale tra licei e istituti tecnici. E per chi entra in azienda ci sono opportunit\u00e0 e possibilit\u00e0 pari a quelle di un neolaureato, perch\u00e8 le aziende non guardano pi\u00f9 solo al titolo di studio ma anche a quello che concretamente i giovani sanno fare. E senza contare che l\u2019istruzione tecnica pu\u00f2 dare una marcia in pi\u00f9 sulla strada dell\u2019auto-imprenditorialit\u00e0: molte imprese, infatti, nascono dall\u2019esperienza e da quel saper fare che proprio l\u2019istruzione tecnica, nella quale si alternano formazione teorica e sperimentazione sul campo, \u00e8 in grado di fornire. La partita \u00e8 importante. In gioco c\u2019\u00e8 il futuro del lavoro di molti giovani, ma anche del manifatturiero nel nostro paese. I diplomati degli istituti tecnici sono quelli che hanno le competenze necessarie per le applicazioni pratiche delle discipline tecnico-scientifiche nel sistema produttivo, cio\u00e8 per migliorare i processi produttivi nelle imprese. Ma \u00e8 necessario che la conoscenza accumulata non si disperda da una generazione all\u2019altra.<br \/>\n323.000 i posti disponibili nell\u2019industria per i diplomati tecnici<br \/>\n142.000 i neo-diplomati disponibili ogni anno<br \/>\n181.000 il gap da colmare<\/p>\n<p>I licei preferiti agli istituti tecnici, eppure:<br \/>\n&#8211; il 54% dei diplomati tecnici si iscrive all\u2019universit\u00e0<br \/>\n&#8211; il 26% dei laureati tecnico-scientifici proviene dagli istituti tecnici<br \/>\n&#8211; il 30% dei laureati in ingegneria e architettura possiede un diploma rilasciato da istituti tecnici<\/p>\n<p>Un progetto di rilancio dell\u2019istruzione tecnica del Club dei 15, il network delle associazioni industriali di Confindustria rappresentative delle province a pi\u00f9 alta incidenza del manifatturiero nel Pil locale. Del Club fanno parte: Ancona, Belluno, Bergamo, Biella, Brescia, Como, Lecco, Modena, Novara, Prato, Pordenone, Reggio Emilia, Treviso, Varese, Vicenza, cui si \u00e8 aggiunta successivamente Mantova.<\/p>","protected":false},"excerpt":{"rendered":"<p>Sono stati per decenni il perno del manifatturiero italiano. Sono i periti industriali, quelle figure professionali che nel vasto mare delle piccole imprese svolgono funzioni spesso di vertice nei processi produttivi e, in quelle pi\u00f9 strutturate, costituiscono la nervatura di collegamento tra direzione aziendale e reparti. In Italia e a Belluno, ogni anno le imprese [&hellip;]<\/p>\n","protected":false},"author":2,"featured_media":0,"comment_status":"closed","ping_status":"open","sticky":false,"template":"","format":"standard","meta":{"footnotes":""},"categories":[36,15],"tags":[139,63],"class_list":["post-8606","post","type-post","status-publish","format-standard","category-lavoro-economia","category-scuola","tag-belluno","tag-dolomiti"],"yoast_head":"<!-- This site is optimized with the Yoast SEO plugin v28.4 - https:\/\/yoast.com\/product\/yoast-seo-wordpress\/ -->\n<title>Anche l&#039;Istituto tecnico industrale statale &quot;G.Segato&quot; di Belluno tra il club dei 15 eccellenti riunitisi oggi sul Lago di Como. Secondo le imprese, in Italia mancano 181mila periti ogni anno - Bellunopress - Dolomiti<\/title>\n<meta name=\"robots\" content=\"index, follow, max-snippet:-1, max-image-preview:large, max-video-preview:-1\" \/>\n<link rel=\"canonical\" href=\"https:\/\/www.bellunopress.it\/fr\/2009\/10\/02\/anche-listituto-tecnico-industrale-statale-gsegato-di-belluno-tra-il-club-dei-15-eccellenti-riunitisi-oggi-sul-lago-di-como-secondo-le-imprese-in-italia-mancano-181mila-periti-ogni-anno\/\" \/>\n<meta property=\"og:locale\" content=\"fr_FR\" \/>\n<meta property=\"og:type\" content=\"article\" \/>\n<meta property=\"og:title\" content=\"Anche l&#039;Istituto tecnico industrale statale &quot;G.Segato&quot; di Belluno tra il club dei 15 eccellenti riunitisi oggi sul Lago di Como. Secondo le imprese, in Italia mancano 181mila periti ogni anno - Bellunopress - Dolomiti\" \/>\n<meta property=\"og:description\" content=\"Sono stati per decenni il perno del manifatturiero italiano. Sono i periti industriali, quelle figure professionali che nel vasto mare delle piccole imprese svolgono funzioni spesso di vertice nei processi produttivi e, in quelle pi\u00f9 strutturate, costituiscono la nervatura di collegamento tra direzione aziendale e reparti. In Italia e a Belluno, ogni anno le imprese [&hellip;]\" \/>\n<meta property=\"og:url\" content=\"https:\/\/www.bellunopress.it\/fr\/2009\/10\/02\/anche-listituto-tecnico-industrale-statale-gsegato-di-belluno-tra-il-club-dei-15-eccellenti-riunitisi-oggi-sul-lago-di-como-secondo-le-imprese-in-italia-mancano-181mila-periti-ogni-anno\/\" \/>\n<meta property=\"og:site_name\" content=\"Bellunopress - Dolomiti\" \/>\n<meta property=\"article:publisher\" content=\"https:\/\/www.facebook.com\/profile.php?id=100008943462799\" \/>\n<meta property=\"article:published_time\" content=\"2009-10-02T12:19:29+00:00\" \/>\n<meta property=\"og:image\" content=\"http:\/\/www.bellunopress.it\/wp-content\/uploads\/2009\/09\/istituto-tecnico-segato-001.jpg\" \/>\n<meta name=\"author\" content=\"redazione\" \/>\n<meta name=\"twitter:card\" content=\"summary_large_image\" \/>\n<meta name=\"twitter:creator\" content=\"@bellunopress\" \/>\n<meta name=\"twitter:site\" content=\"@bellunopress\" \/>\n<meta name=\"twitter:label1\" content=\"\u00c9crit par\" \/>\n\t<meta name=\"twitter:data1\" content=\"redazione\" \/>\n\t<meta name=\"twitter:label2\" content=\"Dur\u00e9e de lecture estim\u00e9e\" \/>\n\t<meta name=\"twitter:data2\" content=\"5 minutes\" \/>\n<script type=\"application\/ld+json\" class=\"yoast-schema-graph\">{\"@context\":\"https:\\\/\\\/schema.org\",\"@graph\":[{\"@type\":\"Article\",\"@id\":\"https:\\\/\\\/www.bellunopress.it\\\/2009\\\/10\\\/02\\\/anche-listituto-tecnico-industrale-statale-gsegato-di-belluno-tra-il-club-dei-15-eccellenti-riunitisi-oggi-sul-lago-di-como-secondo-le-imprese-in-italia-mancano-181mila-periti-ogni-anno\\\/#article\",\"isPartOf\":{\"@id\":\"https:\\\/\\\/www.bellunopress.it\\\/2009\\\/10\\\/02\\\/anche-listituto-tecnico-industrale-statale-gsegato-di-belluno-tra-il-club-dei-15-eccellenti-riunitisi-oggi-sul-lago-di-como-secondo-le-imprese-in-italia-mancano-181mila-periti-ogni-anno\\\/\"},\"author\":{\"name\":\"redazione\",\"@id\":\"https:\\\/\\\/www.bellunopress.it\\\/#\\\/schema\\\/person\\\/79bb06722b37ece1c03d3e94beb30d73\"},\"headline\":\"Anche l&#8217;Istituto tecnico industrale statale &#8220;G.Segato&#8221; di Belluno tra il club dei 15 eccellenti riunitisi oggi sul Lago di Como. Secondo le imprese, in Italia mancano 181mila periti ogni anno\",\"datePublished\":\"2009-10-02T12:19:29+00:00\",\"mainEntityOfPage\":{\"@id\":\"https:\\\/\\\/www.bellunopress.it\\\/2009\\\/10\\\/02\\\/anche-listituto-tecnico-industrale-statale-gsegato-di-belluno-tra-il-club-dei-15-eccellenti-riunitisi-oggi-sul-lago-di-como-secondo-le-imprese-in-italia-mancano-181mila-periti-ogni-anno\\\/\"},\"wordCount\":999,\"publisher\":{\"@id\":\"https:\\\/\\\/www.bellunopress.it\\\/#organization\"},\"image\":{\"@id\":\"https:\\\/\\\/www.bellunopress.it\\\/2009\\\/10\\\/02\\\/anche-listituto-tecnico-industrale-statale-gsegato-di-belluno-tra-il-club-dei-15-eccellenti-riunitisi-oggi-sul-lago-di-como-secondo-le-imprese-in-italia-mancano-181mila-periti-ogni-anno\\\/#primaryimage\"},\"thumbnailUrl\":\"http:\\\/\\\/www.bellunopress.it\\\/wp-content\\\/uploads\\\/2009\\\/09\\\/istituto-tecnico-segato-001.jpg\",\"keywords\":[\"Belluno\",\"Dolomiti\"],\"articleSection\":[\"Lavoro, Economia, Turismo\",\"Scuola\"],\"inLanguage\":\"fr-FR\"},{\"@type\":\"WebPage\",\"@id\":\"https:\\\/\\\/www.bellunopress.it\\\/2009\\\/10\\\/02\\\/anche-listituto-tecnico-industrale-statale-gsegato-di-belluno-tra-il-club-dei-15-eccellenti-riunitisi-oggi-sul-lago-di-como-secondo-le-imprese-in-italia-mancano-181mila-periti-ogni-anno\\\/\",\"url\":\"https:\\\/\\\/www.bellunopress.it\\\/2009\\\/10\\\/02\\\/anche-listituto-tecnico-industrale-statale-gsegato-di-belluno-tra-il-club-dei-15-eccellenti-riunitisi-oggi-sul-lago-di-como-secondo-le-imprese-in-italia-mancano-181mila-periti-ogni-anno\\\/\",\"name\":\"Anche l'Istituto tecnico industrale statale \\\"G.Segato\\\" di Belluno tra il club dei 15 eccellenti riunitisi oggi sul Lago di Como. Secondo le imprese, in Italia mancano 181mila periti ogni anno - Bellunopress - Dolomiti\",\"isPartOf\":{\"@id\":\"https:\\\/\\\/www.bellunopress.it\\\/#website\"},\"primaryImageOfPage\":{\"@id\":\"https:\\\/\\\/www.bellunopress.it\\\/2009\\\/10\\\/02\\\/anche-listituto-tecnico-industrale-statale-gsegato-di-belluno-tra-il-club-dei-15-eccellenti-riunitisi-oggi-sul-lago-di-como-secondo-le-imprese-in-italia-mancano-181mila-periti-ogni-anno\\\/#primaryimage\"},\"image\":{\"@id\":\"https:\\\/\\\/www.bellunopress.it\\\/2009\\\/10\\\/02\\\/anche-listituto-tecnico-industrale-statale-gsegato-di-belluno-tra-il-club-dei-15-eccellenti-riunitisi-oggi-sul-lago-di-como-secondo-le-imprese-in-italia-mancano-181mila-periti-ogni-anno\\\/#primaryimage\"},\"thumbnailUrl\":\"http:\\\/\\\/www.bellunopress.it\\\/wp-content\\\/uploads\\\/2009\\\/09\\\/istituto-tecnico-segato-001.jpg\",\"datePublished\":\"2009-10-02T12:19:29+00:00\",\"breadcrumb\":{\"@id\":\"https:\\\/\\\/www.bellunopress.it\\\/2009\\\/10\\\/02\\\/anche-listituto-tecnico-industrale-statale-gsegato-di-belluno-tra-il-club-dei-15-eccellenti-riunitisi-oggi-sul-lago-di-como-secondo-le-imprese-in-italia-mancano-181mila-periti-ogni-anno\\\/#breadcrumb\"},\"inLanguage\":\"fr-FR\",\"potentialAction\":[{\"@type\":\"ReadAction\",\"target\":[\"https:\\\/\\\/www.bellunopress.it\\\/2009\\\/10\\\/02\\\/anche-listituto-tecnico-industrale-statale-gsegato-di-belluno-tra-il-club-dei-15-eccellenti-riunitisi-oggi-sul-lago-di-como-secondo-le-imprese-in-italia-mancano-181mila-periti-ogni-anno\\\/\"]}]},{\"@type\":\"ImageObject\",\"inLanguage\":\"fr-FR\",\"@id\":\"https:\\\/\\\/www.bellunopress.it\\\/2009\\\/10\\\/02\\\/anche-listituto-tecnico-industrale-statale-gsegato-di-belluno-tra-il-club-dei-15-eccellenti-riunitisi-oggi-sul-lago-di-como-secondo-le-imprese-in-italia-mancano-181mila-periti-ogni-anno\\\/#primaryimage\",\"url\":\"http:\\\/\\\/www.bellunopress.it\\\/wp-content\\\/uploads\\\/2009\\\/09\\\/istituto-tecnico-segato-001.jpg\",\"contentUrl\":\"http:\\\/\\\/www.bellunopress.it\\\/wp-content\\\/uploads\\\/2009\\\/09\\\/istituto-tecnico-segato-001.jpg\"},{\"@type\":\"BreadcrumbList\",\"@id\":\"https:\\\/\\\/www.bellunopress.it\\\/2009\\\/10\\\/02\\\/anche-listituto-tecnico-industrale-statale-gsegato-di-belluno-tra-il-club-dei-15-eccellenti-riunitisi-oggi-sul-lago-di-como-secondo-le-imprese-in-italia-mancano-181mila-periti-ogni-anno\\\/#breadcrumb\",\"itemListElement\":[{\"@type\":\"ListItem\",\"position\":1,\"name\":\"Home\",\"item\":\"https:\\\/\\\/www.bellunopress.it\\\/\"},{\"@type\":\"ListItem\",\"position\":2,\"name\":\"Anche l&#8217;Istituto tecnico industrale statale &#8220;G.Segato&#8221; di Belluno tra il club dei 15 eccellenti riunitisi oggi sul Lago di Como. Secondo le imprese, in Italia mancano 181mila periti ogni anno\"}]},{\"@type\":\"WebSite\",\"@id\":\"https:\\\/\\\/www.bellunopress.it\\\/#website\",\"url\":\"https:\\\/\\\/www.bellunopress.it\\\/\",\"name\":\"Bellunopress - Dolomiti\",\"description\":\"e-mail: redazione@bellunopress.it\",\"publisher\":{\"@id\":\"https:\\\/\\\/www.bellunopress.it\\\/#organization\"},\"potentialAction\":[{\"@type\":\"SearchAction\",\"target\":{\"@type\":\"EntryPoint\",\"urlTemplate\":\"https:\\\/\\\/www.bellunopress.it\\\/?s={search_term_string}\"},\"query-input\":{\"@type\":\"PropertyValueSpecification\",\"valueRequired\":true,\"valueName\":\"search_term_string\"}}],\"inLanguage\":\"fr-FR\"},{\"@type\":\"Organization\",\"@id\":\"https:\\\/\\\/www.bellunopress.it\\\/#organization\",\"name\":\"Bellunopress\",\"url\":\"https:\\\/\\\/www.bellunopress.it\\\/\",\"logo\":{\"@type\":\"ImageObject\",\"inLanguage\":\"fr-FR\",\"@id\":\"https:\\\/\\\/www.bellunopress.it\\\/#\\\/schema\\\/logo\\\/image\\\/\",\"url\":\"https:\\\/\\\/www.bellunopress.it\\\/wp-content\\\/uploads\\\/2011\\\/05\\\/cropped-logo-bellunopress-.jpg\",\"contentUrl\":\"https:\\\/\\\/www.bellunopress.it\\\/wp-content\\\/uploads\\\/2011\\\/05\\\/cropped-logo-bellunopress-.jpg\",\"width\":512,\"height\":512,\"caption\":\"Bellunopress\"},\"image\":{\"@id\":\"https:\\\/\\\/www.bellunopress.it\\\/#\\\/schema\\\/logo\\\/image\\\/\"},\"sameAs\":[\"https:\\\/\\\/www.facebook.com\\\/profile.php?id=100008943462799\",\"https:\\\/\\\/x.com\\\/bellunopress\",\"https:\\\/\\\/www.linkedin.com\\\/hp\\\/?dnr=JBzUWaJfMUw8vbXJJ2tVW5-I3jZKvC4wsoxE&amp;amp;amp;amp;amp;amp;trk=nav_responsive_tab_home\",\"https:\\\/\\\/www.youtube.com\\\/channel\\\/UCxL0wu1uN0_3_7hGG0306cw\"]},{\"@type\":\"Person\",\"@id\":\"https:\\\/\\\/www.bellunopress.it\\\/#\\\/schema\\\/person\\\/79bb06722b37ece1c03d3e94beb30d73\",\"name\":\"redazione\",\"image\":{\"@type\":\"ImageObject\",\"inLanguage\":\"fr-FR\",\"@id\":\"https:\\\/\\\/secure.gravatar.com\\\/avatar\\\/37d968a2e67a6fd04c169c4bdef102d0bc5d31b2546345219e348575eb80e9a0?s=96&d=mm&r=g\",\"url\":\"https:\\\/\\\/secure.gravatar.com\\\/avatar\\\/37d968a2e67a6fd04c169c4bdef102d0bc5d31b2546345219e348575eb80e9a0?s=96&d=mm&r=g\",\"contentUrl\":\"https:\\\/\\\/secure.gravatar.com\\\/avatar\\\/37d968a2e67a6fd04c169c4bdef102d0bc5d31b2546345219e348575eb80e9a0?s=96&d=mm&r=g\",\"caption\":\"redazione\"},\"sameAs\":[\"http:\\\/\\\/www.bellunopress.it\",\"https:\\\/\\\/x.com\\\/bellunopress\"],\"url\":\"https:\\\/\\\/www.bellunopress.it\\\/fr\\\/author\\\/redazione\\\/\"}]}<\/script>\n<!-- \/ Yoast SEO plugin. -->","yoast_head_json":{"title":"Anche l'Istituto tecnico industrale statale \"G.Segato\" di Belluno tra il club dei 15 eccellenti riunitisi oggi sul Lago di Como. Secondo le imprese, in Italia mancano 181mila periti ogni anno - Bellunopress - Dolomiti","robots":{"index":"index","follow":"follow","max-snippet":"max-snippet:-1","max-image-preview":"max-image-preview:large","max-video-preview":"max-video-preview:-1"},"canonical":"https:\/\/www.bellunopress.it\/fr\/2009\/10\/02\/anche-listituto-tecnico-industrale-statale-gsegato-di-belluno-tra-il-club-dei-15-eccellenti-riunitisi-oggi-sul-lago-di-como-secondo-le-imprese-in-italia-mancano-181mila-periti-ogni-anno\/","og_locale":"fr_FR","og_type":"article","og_title":"Anche l'Istituto tecnico industrale statale \"G.Segato\" di Belluno tra il club dei 15 eccellenti riunitisi oggi sul Lago di Como. Secondo le imprese, in Italia mancano 181mila periti ogni anno - Bellunopress - Dolomiti","og_description":"Sono stati per decenni il perno del manifatturiero italiano. Sono i periti industriali, quelle figure professionali che nel vasto mare delle piccole imprese svolgono funzioni spesso di vertice nei processi produttivi e, in quelle pi\u00f9 strutturate, costituiscono la nervatura di collegamento tra direzione aziendale e reparti. In Italia e a Belluno, ogni anno le imprese [&hellip;]","og_url":"https:\/\/www.bellunopress.it\/fr\/2009\/10\/02\/anche-listituto-tecnico-industrale-statale-gsegato-di-belluno-tra-il-club-dei-15-eccellenti-riunitisi-oggi-sul-lago-di-como-secondo-le-imprese-in-italia-mancano-181mila-periti-ogni-anno\/","og_site_name":"Bellunopress - Dolomiti","article_publisher":"https:\/\/www.facebook.com\/profile.php?id=100008943462799","article_published_time":"2009-10-02T12:19:29+00:00","og_image":[{"url":"http:\/\/www.bellunopress.it\/wp-content\/uploads\/2009\/09\/istituto-tecnico-segato-001.jpg","type":"","width":"","height":""}],"author":"redazione","twitter_card":"summary_large_image","twitter_creator":"@bellunopress","twitter_site":"@bellunopress","twitter_misc":{"\u00c9crit par":"redazione","Dur\u00e9e de lecture estim\u00e9e":"5 minutes"},"schema":{"@context":"https:\/\/schema.org","@graph":[{"@type":"Article","@id":"https:\/\/www.bellunopress.it\/2009\/10\/02\/anche-listituto-tecnico-industrale-statale-gsegato-di-belluno-tra-il-club-dei-15-eccellenti-riunitisi-oggi-sul-lago-di-como-secondo-le-imprese-in-italia-mancano-181mila-periti-ogni-anno\/#article","isPartOf":{"@id":"https:\/\/www.bellunopress.it\/2009\/10\/02\/anche-listituto-tecnico-industrale-statale-gsegato-di-belluno-tra-il-club-dei-15-eccellenti-riunitisi-oggi-sul-lago-di-como-secondo-le-imprese-in-italia-mancano-181mila-periti-ogni-anno\/"},"author":{"name":"redazione","@id":"https:\/\/www.bellunopress.it\/#\/schema\/person\/79bb06722b37ece1c03d3e94beb30d73"},"headline":"Anche l&#8217;Istituto tecnico industrale statale &#8220;G.Segato&#8221; di Belluno tra il club dei 15 eccellenti riunitisi oggi sul Lago di Como. Secondo le imprese, in Italia mancano 181mila periti ogni anno","datePublished":"2009-10-02T12:19:29+00:00","mainEntityOfPage":{"@id":"https:\/\/www.bellunopress.it\/2009\/10\/02\/anche-listituto-tecnico-industrale-statale-gsegato-di-belluno-tra-il-club-dei-15-eccellenti-riunitisi-oggi-sul-lago-di-como-secondo-le-imprese-in-italia-mancano-181mila-periti-ogni-anno\/"},"wordCount":999,"publisher":{"@id":"https:\/\/www.bellunopress.it\/#organization"},"image":{"@id":"https:\/\/www.bellunopress.it\/2009\/10\/02\/anche-listituto-tecnico-industrale-statale-gsegato-di-belluno-tra-il-club-dei-15-eccellenti-riunitisi-oggi-sul-lago-di-como-secondo-le-imprese-in-italia-mancano-181mila-periti-ogni-anno\/#primaryimage"},"thumbnailUrl":"http:\/\/www.bellunopress.it\/wp-content\/uploads\/2009\/09\/istituto-tecnico-segato-001.jpg","keywords":["Belluno","Dolomiti"],"articleSection":["Lavoro, Economia, Turismo","Scuola"],"inLanguage":"fr-FR"},{"@type":"WebPage","@id":"https:\/\/www.bellunopress.it\/2009\/10\/02\/anche-listituto-tecnico-industrale-statale-gsegato-di-belluno-tra-il-club-dei-15-eccellenti-riunitisi-oggi-sul-lago-di-como-secondo-le-imprese-in-italia-mancano-181mila-periti-ogni-anno\/","url":"https:\/\/www.bellunopress.it\/2009\/10\/02\/anche-listituto-tecnico-industrale-statale-gsegato-di-belluno-tra-il-club-dei-15-eccellenti-riunitisi-oggi-sul-lago-di-como-secondo-le-imprese-in-italia-mancano-181mila-periti-ogni-anno\/","name":"Anche l'Istituto tecnico industrale statale \"G.Segato\" di Belluno tra il club dei 15 eccellenti riunitisi oggi sul Lago di Como. Secondo le imprese, in Italia mancano 181mila periti ogni anno - Bellunopress - Dolomiti","isPartOf":{"@id":"https:\/\/www.bellunopress.it\/#website"},"primaryImageOfPage":{"@id":"https:\/\/www.bellunopress.it\/2009\/10\/02\/anche-listituto-tecnico-industrale-statale-gsegato-di-belluno-tra-il-club-dei-15-eccellenti-riunitisi-oggi-sul-lago-di-como-secondo-le-imprese-in-italia-mancano-181mila-periti-ogni-anno\/#primaryimage"},"image":{"@id":"https:\/\/www.bellunopress.it\/2009\/10\/02\/anche-listituto-tecnico-industrale-statale-gsegato-di-belluno-tra-il-club-dei-15-eccellenti-riunitisi-oggi-sul-lago-di-como-secondo-le-imprese-in-italia-mancano-181mila-periti-ogni-anno\/#primaryimage"},"thumbnailUrl":"http:\/\/www.bellunopress.it\/wp-content\/uploads\/2009\/09\/istituto-tecnico-segato-001.jpg","datePublished":"2009-10-02T12:19:29+00:00","breadcrumb":{"@id":"https:\/\/www.bellunopress.it\/2009\/10\/02\/anche-listituto-tecnico-industrale-statale-gsegato-di-belluno-tra-il-club-dei-15-eccellenti-riunitisi-oggi-sul-lago-di-como-secondo-le-imprese-in-italia-mancano-181mila-periti-ogni-anno\/#breadcrumb"},"inLanguage":"fr-FR","potentialAction":[{"@type":"ReadAction","target":["https:\/\/www.bellunopress.it\/2009\/10\/02\/anche-listituto-tecnico-industrale-statale-gsegato-di-belluno-tra-il-club-dei-15-eccellenti-riunitisi-oggi-sul-lago-di-como-secondo-le-imprese-in-italia-mancano-181mila-periti-ogni-anno\/"]}]},{"@type":"ImageObject","inLanguage":"fr-FR","@id":"https:\/\/www.bellunopress.it\/2009\/10\/02\/anche-listituto-tecnico-industrale-statale-gsegato-di-belluno-tra-il-club-dei-15-eccellenti-riunitisi-oggi-sul-lago-di-como-secondo-le-imprese-in-italia-mancano-181mila-periti-ogni-anno\/#primaryimage","url":"http:\/\/www.bellunopress.it\/wp-content\/uploads\/2009\/09\/istituto-tecnico-segato-001.jpg","contentUrl":"http:\/\/www.bellunopress.it\/wp-content\/uploads\/2009\/09\/istituto-tecnico-segato-001.jpg"},{"@type":"BreadcrumbList","@id":"https:\/\/www.bellunopress.it\/2009\/10\/02\/anche-listituto-tecnico-industrale-statale-gsegato-di-belluno-tra-il-club-dei-15-eccellenti-riunitisi-oggi-sul-lago-di-como-secondo-le-imprese-in-italia-mancano-181mila-periti-ogni-anno\/#breadcrumb","itemListElement":[{"@type":"ListItem","position":1,"name":"Home","item":"https:\/\/www.bellunopress.it\/"},{"@type":"ListItem","position":2,"name":"Anche l&#8217;Istituto tecnico industrale statale &#8220;G.Segato&#8221; di Belluno tra il club dei 15 eccellenti riunitisi oggi sul Lago di Como. Secondo le imprese, in Italia mancano 181mila periti ogni anno"}]},{"@type":"WebSite","@id":"https:\/\/www.bellunopress.it\/#website","url":"https:\/\/www.bellunopress.it\/","name":"Bellunopress - Dolomiti","description":"e-mail: redazione@bellunopress.it","publisher":{"@id":"https:\/\/www.bellunopress.it\/#organization"},"potentialAction":[{"@type":"SearchAction","target":{"@type":"EntryPoint","urlTemplate":"https:\/\/www.bellunopress.it\/?s={search_term_string}"},"query-input":{"@type":"PropertyValueSpecification","valueRequired":true,"valueName":"search_term_string"}}],"inLanguage":"fr-FR"},{"@type":"Organization","@id":"https:\/\/www.bellunopress.it\/#organization","name":"Bellunopress","url":"https:\/\/www.bellunopress.it\/","logo":{"@type":"ImageObject","inLanguage":"fr-FR","@id":"https:\/\/www.bellunopress.it\/#\/schema\/logo\/image\/","url":"https:\/\/www.bellunopress.it\/wp-content\/uploads\/2011\/05\/cropped-logo-bellunopress-.jpg","contentUrl":"https:\/\/www.bellunopress.it\/wp-content\/uploads\/2011\/05\/cropped-logo-bellunopress-.jpg","width":512,"height":512,"caption":"Bellunopress"},"image":{"@id":"https:\/\/www.bellunopress.it\/#\/schema\/logo\/image\/"},"sameAs":["https:\/\/www.facebook.com\/profile.php?id=100008943462799","https:\/\/x.com\/bellunopress","https:\/\/www.linkedin.com\/hp\/?dnr=JBzUWaJfMUw8vbXJJ2tVW5-I3jZKvC4wsoxE&amp;amp;amp;amp;amp;amp;trk=nav_responsive_tab_home","https:\/\/www.youtube.com\/channel\/UCxL0wu1uN0_3_7hGG0306cw"]},{"@type":"Person","@id":"https:\/\/www.bellunopress.it\/#\/schema\/person\/79bb06722b37ece1c03d3e94beb30d73","name":"r\u00e9daction","image":{"@type":"ImageObject","inLanguage":"fr-FR","@id":"https:\/\/secure.gravatar.com\/avatar\/37d968a2e67a6fd04c169c4bdef102d0bc5d31b2546345219e348575eb80e9a0?s=96&d=mm&r=g","url":"https:\/\/secure.gravatar.com\/avatar\/37d968a2e67a6fd04c169c4bdef102d0bc5d31b2546345219e348575eb80e9a0?s=96&d=mm&r=g","contentUrl":"https:\/\/secure.gravatar.com\/avatar\/37d968a2e67a6fd04c169c4bdef102d0bc5d31b2546345219e348575eb80e9a0?s=96&d=mm&r=g","caption":"redazione"},"sameAs":["http:\/\/www.bellunopress.it","https:\/\/x.com\/bellunopress"],"url":"https:\/\/www.bellunopress.it\/fr\/author\/redazione\/"}]}},"_links":{"self":[{"href":"https:\/\/www.bellunopress.it\/fr\/wp-json\/wp\/v2\/posts\/8606","targetHints":{"allow":["GET"]}}],"collection":[{"href":"https:\/\/www.bellunopress.it\/fr\/wp-json\/wp\/v2\/posts"}],"about":[{"href":"https:\/\/www.bellunopress.it\/fr\/wp-json\/wp\/v2\/types\/post"}],"author":[{"embeddable":true,"href":"https:\/\/www.bellunopress.it\/fr\/wp-json\/wp\/v2\/users\/2"}],"replies":[{"embeddable":true,"href":"https:\/\/www.bellunopress.it\/fr\/wp-json\/wp\/v2\/comments?post=8606"}],"version-history":[{"count":1,"href":"https:\/\/www.bellunopress.it\/fr\/wp-json\/wp\/v2\/posts\/8606\/revisions"}],"predecessor-version":[{"id":8607,"href":"https:\/\/www.bellunopress.it\/fr\/wp-json\/wp\/v2\/posts\/8606\/revisions\/8607"}],"wp:attachment":[{"href":"https:\/\/www.bellunopress.it\/fr\/wp-json\/wp\/v2\/media?parent=8606"}],"wp:term":[{"taxonomy":"category","embeddable":true,"href":"https:\/\/www.bellunopress.it\/fr\/wp-json\/wp\/v2\/categories?post=8606"},{"taxonomy":"post_tag","embeddable":true,"href":"https:\/\/www.bellunopress.it\/fr\/wp-json\/wp\/v2\/tags?post=8606"}],"curies":[{"name":"wp","href":"https:\/\/api.w.org\/{rel}","templated":true}]}}