{"id":8602,"date":"2009-10-02T10:20:13","date_gmt":"2009-10-02T09:20:13","guid":{"rendered":"http:\/\/www.bellunopress.it\/?p=8602"},"modified":"2009-10-02T10:20:13","modified_gmt":"2009-10-02T09:20:13","slug":"concerto-lunedi-a-pedavena-per-labruzzo-dimenticato","status":"publish","type":"post","link":"https:\/\/www.bellunopress.it\/fr\/2009\/10\/02\/concerto-lunedi-a-pedavena-per-labruzzo-dimenticato\/","title":{"rendered":"Concerto luned\u00ec a Pedavena, per l&#8217;Abruzzo &#8220;dimenticato&#8221;"},"content":{"rendered":"<p>Concerto-testimonianza dall&#8217;Abruzzo &#8220;dimmenticato&#8221; luned\u00ec 5 ottobre ore 20.30 Sala Guarnieri Pedavena\u00a0 &#8220;Dalla poesia di Fabrizio De Andr\u00e9 al Terremoto&#8221; con la Compagnia Arti e Spettacolo Icarus de L&#8217;Aquila. C&#8217;\u00e8 Abruzzo e Abruzzo. Ci sono aree colpite dal terremoto del 6 aprile che hanno trovato l&#8217;appoggio governativo e aiuti internazionali, suscitando l&#8217;attenzione mediatica; altre, pi\u00f9 periferiche, che sono state del tutto trascurate. Tra queste la zona di Bagni dell&#8217;Aquila, da dove proviene il gruppo di musicisti, affiliato all&#8217;Associazione Arti e Spettacolo Icarus de L&#8217;Aquila, che ha pensato di proporre un concerto di solidariet\u00e0 nel Nordest, con le musiche e i canti di Fabrizio De Andr\u00e9, appositamente riarrangiate, come occasione-pretesto per riportare la voce di tanti cittadini abruzzesi le cui vite sono rimaste sconvolte dal sisma. Il recital prevede infatti due parti: la prima dedicata alla poesia di De Andr\u00e8; la seconda alla lettura recitata di brani scritti e\u00a0 testimonianze orali raccolte nelle zone pi\u00f9 colpite dal terremoto. Il Gruppo, composto da Diego Del Vecchio (chitarra e armonica), Graziano Santucci (fisarmonica), Mauro Vaccarelli (contrabasso) e Tiziana Irti (voce recitante) giunger\u00e0 a Pedavena luned\u00ec 5 aprile per esibirsi al Centro culturale Silvio Guarnieri alle ore 20,30 in una tourn\u00e9e organizzata in collaborazione al Collettivo di Ricerca Teatrale di Vittorio Veneto. Il concerto-testimonianza prevede un biglietto di ingresso di \u20ac 7,00, il cui ricavato sar\u00e0 interamente investito nella realizzazione di un centro socio-culturale nei pressi de L&#8217;Aquila. L&#8217;auspicio dell&#8217;Amministrazione Comunale di Pedavena e delle Associazioni che hanno sostenuto la proposta &#8211; Associazione Gruppi Insieme si Pu\u00f2 Onlus\/ong, Smarcanda scs Commercio equo-solidale, Consulta Giovanile &#8220;Diciamo la Nostra&#8221; &#8211; \u00e8 che in tanti possano rispondere a questo appello di solidariet\u00e0, dimostrando con la loro presenza di essere vicini al dramma collettivo di questa gente<\/p>","protected":false},"excerpt":{"rendered":"<p>Concerto-testimonianza dall&#8217;Abruzzo &#8220;dimmenticato&#8221; luned\u00ec 5 ottobre ore 20.30 Sala Guarnieri Pedavena\u00a0 &#8220;Dalla poesia di Fabrizio De Andr\u00e9 al Terremoto&#8221; con la Compagnia Arti e Spettacolo Icarus de L&#8217;Aquila. C&#8217;\u00e8 Abruzzo e Abruzzo. Ci sono aree colpite dal terremoto del 6 aprile che hanno trovato l&#8217;appoggio governativo e aiuti internazionali, suscitando l&#8217;attenzione mediatica; altre, pi\u00f9 periferiche, [&hellip;]<\/p>\n","protected":false},"author":2,"featured_media":0,"comment_status":"closed","ping_status":"open","sticky":false,"template":"","format":"standard","meta":{"footnotes":""},"categories":[27,25],"tags":[],"class_list":["post-8602","post","type-post","status-publish","format-standard","category-appuntamenti","category-pausa-caffe"],"yoast_head":"<!-- This site is optimized with the Yoast SEO plugin v28.4 - https:\/\/yoast.com\/product\/yoast-seo-wordpress\/ -->\n<title>Concerto luned\u00ec a Pedavena, per l&#039;Abruzzo &quot;dimenticato&quot; - Bellunopress - Dolomiti<\/title>\n<meta name=\"robots\" content=\"index, follow, max-snippet:-1, max-image-preview:large, max-video-preview:-1\" \/>\n<link rel=\"canonical\" href=\"https:\/\/www.bellunopress.it\/fr\/2009\/10\/02\/concerto-lunedi-a-pedavena-per-labruzzo-dimenticato\/\" \/>\n<meta property=\"og:locale\" content=\"fr_FR\" \/>\n<meta property=\"og:type\" content=\"article\" \/>\n<meta property=\"og:title\" content=\"Concerto luned\u00ec a Pedavena, per l&#039;Abruzzo &quot;dimenticato&quot; - Bellunopress - Dolomiti\" \/>\n<meta property=\"og:description\" content=\"Concerto-testimonianza dall&#8217;Abruzzo &#8220;dimmenticato&#8221; luned\u00ec 5 ottobre ore 20.30 Sala Guarnieri Pedavena\u00a0 &#8220;Dalla poesia di Fabrizio De Andr\u00e9 al Terremoto&#8221; con la Compagnia Arti e Spettacolo Icarus de L&#8217;Aquila. C&#8217;\u00e8 Abruzzo e Abruzzo. Ci sono aree colpite dal terremoto del 6 aprile che hanno trovato l&#8217;appoggio governativo e aiuti internazionali, suscitando l&#8217;attenzione mediatica; altre, pi\u00f9 periferiche, [&hellip;]\" \/>\n<meta property=\"og:url\" content=\"https:\/\/www.bellunopress.it\/fr\/2009\/10\/02\/concerto-lunedi-a-pedavena-per-labruzzo-dimenticato\/\" \/>\n<meta property=\"og:site_name\" content=\"Bellunopress - Dolomiti\" \/>\n<meta property=\"article:publisher\" content=\"https:\/\/www.facebook.com\/profile.php?id=100008943462799\" \/>\n<meta property=\"article:published_time\" content=\"2009-10-02T09:20:13+00:00\" \/>\n<meta property=\"og:image\" content=\"http:\/\/www.bellunopress.it\/wp-content\/uploads\/2012\/07\/logo-bellunopress-250x250-2012.jpg\" \/>\n<meta name=\"author\" content=\"redazione\" \/>\n<meta name=\"twitter:card\" content=\"summary_large_image\" \/>\n<meta name=\"twitter:creator\" content=\"@bellunopress\" \/>\n<meta name=\"twitter:site\" content=\"@bellunopress\" \/>\n<meta name=\"twitter:label1\" content=\"\u00c9crit par\" \/>\n\t<meta name=\"twitter:data1\" content=\"redazione\" \/>\n\t<meta name=\"twitter:label2\" content=\"Dur\u00e9e de lecture estim\u00e9e\" \/>\n\t<meta name=\"twitter:data2\" content=\"1 minute\" \/>\n<script type=\"application\/ld+json\" class=\"yoast-schema-graph\">{\"@context\":\"https:\\\/\\\/schema.org\",\"@graph\":[{\"@type\":\"Article\",\"@id\":\"https:\\\/\\\/www.bellunopress.it\\\/2009\\\/10\\\/02\\\/concerto-lunedi-a-pedavena-per-labruzzo-dimenticato\\\/#article\",\"isPartOf\":{\"@id\":\"https:\\\/\\\/www.bellunopress.it\\\/2009\\\/10\\\/02\\\/concerto-lunedi-a-pedavena-per-labruzzo-dimenticato\\\/\"},\"author\":{\"name\":\"redazione\",\"@id\":\"https:\\\/\\\/www.bellunopress.it\\\/#\\\/schema\\\/person\\\/79bb06722b37ece1c03d3e94beb30d73\"},\"headline\":\"Concerto luned\u00ec a Pedavena, per l&#8217;Abruzzo &#8220;dimenticato&#8221;\",\"datePublished\":\"2009-10-02T09:20:13+00:00\",\"mainEntityOfPage\":{\"@id\":\"https:\\\/\\\/www.bellunopress.it\\\/2009\\\/10\\\/02\\\/concerto-lunedi-a-pedavena-per-labruzzo-dimenticato\\\/\"},\"wordCount\":300,\"publisher\":{\"@id\":\"https:\\\/\\\/www.bellunopress.it\\\/#organization\"},\"articleSection\":[\"Appuntamenti, Eventi\",\"Pausa Caff\u00e8\"],\"inLanguage\":\"fr-FR\"},{\"@type\":\"WebPage\",\"@id\":\"https:\\\/\\\/www.bellunopress.it\\\/2009\\\/10\\\/02\\\/concerto-lunedi-a-pedavena-per-labruzzo-dimenticato\\\/\",\"url\":\"https:\\\/\\\/www.bellunopress.it\\\/2009\\\/10\\\/02\\\/concerto-lunedi-a-pedavena-per-labruzzo-dimenticato\\\/\",\"name\":\"Concerto luned\u00ec a Pedavena, per l'Abruzzo \\\"dimenticato\\\" - Bellunopress - Dolomiti\",\"isPartOf\":{\"@id\":\"https:\\\/\\\/www.bellunopress.it\\\/#website\"},\"datePublished\":\"2009-10-02T09:20:13+00:00\",\"breadcrumb\":{\"@id\":\"https:\\\/\\\/www.bellunopress.it\\\/2009\\\/10\\\/02\\\/concerto-lunedi-a-pedavena-per-labruzzo-dimenticato\\\/#breadcrumb\"},\"inLanguage\":\"fr-FR\",\"potentialAction\":[{\"@type\":\"ReadAction\",\"target\":[\"https:\\\/\\\/www.bellunopress.it\\\/2009\\\/10\\\/02\\\/concerto-lunedi-a-pedavena-per-labruzzo-dimenticato\\\/\"]}]},{\"@type\":\"BreadcrumbList\",\"@id\":\"https:\\\/\\\/www.bellunopress.it\\\/2009\\\/10\\\/02\\\/concerto-lunedi-a-pedavena-per-labruzzo-dimenticato\\\/#breadcrumb\",\"itemListElement\":[{\"@type\":\"ListItem\",\"position\":1,\"name\":\"Home\",\"item\":\"https:\\\/\\\/www.bellunopress.it\\\/\"},{\"@type\":\"ListItem\",\"position\":2,\"name\":\"Concerto luned\u00ec a Pedavena, per l&#8217;Abruzzo &#8220;dimenticato&#8221;\"}]},{\"@type\":\"WebSite\",\"@id\":\"https:\\\/\\\/www.bellunopress.it\\\/#website\",\"url\":\"https:\\\/\\\/www.bellunopress.it\\\/\",\"name\":\"Bellunopress - Dolomiti\",\"description\":\"e-mail: redazione@bellunopress.it\",\"publisher\":{\"@id\":\"https:\\\/\\\/www.bellunopress.it\\\/#organization\"},\"potentialAction\":[{\"@type\":\"SearchAction\",\"target\":{\"@type\":\"EntryPoint\",\"urlTemplate\":\"https:\\\/\\\/www.bellunopress.it\\\/?s={search_term_string}\"},\"query-input\":{\"@type\":\"PropertyValueSpecification\",\"valueRequired\":true,\"valueName\":\"search_term_string\"}}],\"inLanguage\":\"fr-FR\"},{\"@type\":\"Organization\",\"@id\":\"https:\\\/\\\/www.bellunopress.it\\\/#organization\",\"name\":\"Bellunopress\",\"url\":\"https:\\\/\\\/www.bellunopress.it\\\/\",\"logo\":{\"@type\":\"ImageObject\",\"inLanguage\":\"fr-FR\",\"@id\":\"https:\\\/\\\/www.bellunopress.it\\\/#\\\/schema\\\/logo\\\/image\\\/\",\"url\":\"https:\\\/\\\/www.bellunopress.it\\\/wp-content\\\/uploads\\\/2011\\\/05\\\/cropped-logo-bellunopress-.jpg\",\"contentUrl\":\"https:\\\/\\\/www.bellunopress.it\\\/wp-content\\\/uploads\\\/2011\\\/05\\\/cropped-logo-bellunopress-.jpg\",\"width\":512,\"height\":512,\"caption\":\"Bellunopress\"},\"image\":{\"@id\":\"https:\\\/\\\/www.bellunopress.it\\\/#\\\/schema\\\/logo\\\/image\\\/\"},\"sameAs\":[\"https:\\\/\\\/www.facebook.com\\\/profile.php?id=100008943462799\",\"https:\\\/\\\/x.com\\\/bellunopress\",\"https:\\\/\\\/www.linkedin.com\\\/hp\\\/?dnr=JBzUWaJfMUw8vbXJJ2tVW5-I3jZKvC4wsoxE&amp;amp;amp;amp;amp;amp;trk=nav_responsive_tab_home\",\"https:\\\/\\\/www.youtube.com\\\/channel\\\/UCxL0wu1uN0_3_7hGG0306cw\"]},{\"@type\":\"Person\",\"@id\":\"https:\\\/\\\/www.bellunopress.it\\\/#\\\/schema\\\/person\\\/79bb06722b37ece1c03d3e94beb30d73\",\"name\":\"redazione\",\"image\":{\"@type\":\"ImageObject\",\"inLanguage\":\"fr-FR\",\"@id\":\"https:\\\/\\\/secure.gravatar.com\\\/avatar\\\/37d968a2e67a6fd04c169c4bdef102d0bc5d31b2546345219e348575eb80e9a0?s=96&d=mm&r=g\",\"url\":\"https:\\\/\\\/secure.gravatar.com\\\/avatar\\\/37d968a2e67a6fd04c169c4bdef102d0bc5d31b2546345219e348575eb80e9a0?s=96&d=mm&r=g\",\"contentUrl\":\"https:\\\/\\\/secure.gravatar.com\\\/avatar\\\/37d968a2e67a6fd04c169c4bdef102d0bc5d31b2546345219e348575eb80e9a0?s=96&d=mm&r=g\",\"caption\":\"redazione\"},\"sameAs\":[\"http:\\\/\\\/www.bellunopress.it\",\"https:\\\/\\\/x.com\\\/bellunopress\"],\"url\":\"https:\\\/\\\/www.bellunopress.it\\\/fr\\\/author\\\/redazione\\\/\"}]}<\/script>\n<!-- \/ Yoast SEO plugin. -->","yoast_head_json":{"title":"Concerto luned\u00ec a Pedavena, per l'Abruzzo \"dimenticato\" - Bellunopress - Dolomiti","robots":{"index":"index","follow":"follow","max-snippet":"max-snippet:-1","max-image-preview":"max-image-preview:large","max-video-preview":"max-video-preview:-1"},"canonical":"https:\/\/www.bellunopress.it\/fr\/2009\/10\/02\/concerto-lunedi-a-pedavena-per-labruzzo-dimenticato\/","og_locale":"fr_FR","og_type":"article","og_title":"Concerto luned\u00ec a Pedavena, per l'Abruzzo \"dimenticato\" - Bellunopress - Dolomiti","og_description":"Concerto-testimonianza dall&#8217;Abruzzo &#8220;dimmenticato&#8221; luned\u00ec 5 ottobre ore 20.30 Sala Guarnieri Pedavena\u00a0 &#8220;Dalla poesia di Fabrizio De Andr\u00e9 al Terremoto&#8221; con la Compagnia Arti e Spettacolo Icarus de L&#8217;Aquila. C&#8217;\u00e8 Abruzzo e Abruzzo. Ci sono aree colpite dal terremoto del 6 aprile che hanno trovato l&#8217;appoggio governativo e aiuti internazionali, suscitando l&#8217;attenzione mediatica; altre, pi\u00f9 periferiche, [&hellip;]","og_url":"https:\/\/www.bellunopress.it\/fr\/2009\/10\/02\/concerto-lunedi-a-pedavena-per-labruzzo-dimenticato\/","og_site_name":"Bellunopress - Dolomiti","article_publisher":"https:\/\/www.facebook.com\/profile.php?id=100008943462799","article_published_time":"2009-10-02T09:20:13+00:00","og_image":[{"url":"http:\/\/www.bellunopress.it\/wp-content\/uploads\/2012\/07\/logo-bellunopress-250x250-2012.jpg","type":"","width":"","height":""}],"author":"redazione","twitter_card":"summary_large_image","twitter_creator":"@bellunopress","twitter_site":"@bellunopress","twitter_misc":{"\u00c9crit par":"redazione","Dur\u00e9e de lecture estim\u00e9e":"1 minute"},"schema":{"@context":"https:\/\/schema.org","@graph":[{"@type":"Article","@id":"https:\/\/www.bellunopress.it\/2009\/10\/02\/concerto-lunedi-a-pedavena-per-labruzzo-dimenticato\/#article","isPartOf":{"@id":"https:\/\/www.bellunopress.it\/2009\/10\/02\/concerto-lunedi-a-pedavena-per-labruzzo-dimenticato\/"},"author":{"name":"redazione","@id":"https:\/\/www.bellunopress.it\/#\/schema\/person\/79bb06722b37ece1c03d3e94beb30d73"},"headline":"Concerto luned\u00ec a Pedavena, per l&#8217;Abruzzo &#8220;dimenticato&#8221;","datePublished":"2009-10-02T09:20:13+00:00","mainEntityOfPage":{"@id":"https:\/\/www.bellunopress.it\/2009\/10\/02\/concerto-lunedi-a-pedavena-per-labruzzo-dimenticato\/"},"wordCount":300,"publisher":{"@id":"https:\/\/www.bellunopress.it\/#organization"},"articleSection":["Appuntamenti, Eventi","Pausa Caff\u00e8"],"inLanguage":"fr-FR"},{"@type":"WebPage","@id":"https:\/\/www.bellunopress.it\/2009\/10\/02\/concerto-lunedi-a-pedavena-per-labruzzo-dimenticato\/","url":"https:\/\/www.bellunopress.it\/2009\/10\/02\/concerto-lunedi-a-pedavena-per-labruzzo-dimenticato\/","name":"Concerto luned\u00ec a Pedavena, per l'Abruzzo \"dimenticato\" - Bellunopress - Dolomiti","isPartOf":{"@id":"https:\/\/www.bellunopress.it\/#website"},"datePublished":"2009-10-02T09:20:13+00:00","breadcrumb":{"@id":"https:\/\/www.bellunopress.it\/2009\/10\/02\/concerto-lunedi-a-pedavena-per-labruzzo-dimenticato\/#breadcrumb"},"inLanguage":"fr-FR","potentialAction":[{"@type":"ReadAction","target":["https:\/\/www.bellunopress.it\/2009\/10\/02\/concerto-lunedi-a-pedavena-per-labruzzo-dimenticato\/"]}]},{"@type":"BreadcrumbList","@id":"https:\/\/www.bellunopress.it\/2009\/10\/02\/concerto-lunedi-a-pedavena-per-labruzzo-dimenticato\/#breadcrumb","itemListElement":[{"@type":"ListItem","position":1,"name":"Home","item":"https:\/\/www.bellunopress.it\/"},{"@type":"ListItem","position":2,"name":"Concerto luned\u00ec a Pedavena, per l&#8217;Abruzzo &#8220;dimenticato&#8221;"}]},{"@type":"WebSite","@id":"https:\/\/www.bellunopress.it\/#website","url":"https:\/\/www.bellunopress.it\/","name":"Bellunopress - Dolomiti","description":"e-mail: redazione@bellunopress.it","publisher":{"@id":"https:\/\/www.bellunopress.it\/#organization"},"potentialAction":[{"@type":"SearchAction","target":{"@type":"EntryPoint","urlTemplate":"https:\/\/www.bellunopress.it\/?s={search_term_string}"},"query-input":{"@type":"PropertyValueSpecification","valueRequired":true,"valueName":"search_term_string"}}],"inLanguage":"fr-FR"},{"@type":"Organization","@id":"https:\/\/www.bellunopress.it\/#organization","name":"Bellunopress","url":"https:\/\/www.bellunopress.it\/","logo":{"@type":"ImageObject","inLanguage":"fr-FR","@id":"https:\/\/www.bellunopress.it\/#\/schema\/logo\/image\/","url":"https:\/\/www.bellunopress.it\/wp-content\/uploads\/2011\/05\/cropped-logo-bellunopress-.jpg","contentUrl":"https:\/\/www.bellunopress.it\/wp-content\/uploads\/2011\/05\/cropped-logo-bellunopress-.jpg","width":512,"height":512,"caption":"Bellunopress"},"image":{"@id":"https:\/\/www.bellunopress.it\/#\/schema\/logo\/image\/"},"sameAs":["https:\/\/www.facebook.com\/profile.php?id=100008943462799","https:\/\/x.com\/bellunopress","https:\/\/www.linkedin.com\/hp\/?dnr=JBzUWaJfMUw8vbXJJ2tVW5-I3jZKvC4wsoxE&amp;amp;amp;amp;amp;amp;trk=nav_responsive_tab_home","https:\/\/www.youtube.com\/channel\/UCxL0wu1uN0_3_7hGG0306cw"]},{"@type":"Person","@id":"https:\/\/www.bellunopress.it\/#\/schema\/person\/79bb06722b37ece1c03d3e94beb30d73","name":"r\u00e9daction","image":{"@type":"ImageObject","inLanguage":"fr-FR","@id":"https:\/\/secure.gravatar.com\/avatar\/37d968a2e67a6fd04c169c4bdef102d0bc5d31b2546345219e348575eb80e9a0?s=96&d=mm&r=g","url":"https:\/\/secure.gravatar.com\/avatar\/37d968a2e67a6fd04c169c4bdef102d0bc5d31b2546345219e348575eb80e9a0?s=96&d=mm&r=g","contentUrl":"https:\/\/secure.gravatar.com\/avatar\/37d968a2e67a6fd04c169c4bdef102d0bc5d31b2546345219e348575eb80e9a0?s=96&d=mm&r=g","caption":"redazione"},"sameAs":["http:\/\/www.bellunopress.it","https:\/\/x.com\/bellunopress"],"url":"https:\/\/www.bellunopress.it\/fr\/author\/redazione\/"}]}},"_links":{"self":[{"href":"https:\/\/www.bellunopress.it\/fr\/wp-json\/wp\/v2\/posts\/8602","targetHints":{"allow":["GET"]}}],"collection":[{"href":"https:\/\/www.bellunopress.it\/fr\/wp-json\/wp\/v2\/posts"}],"about":[{"href":"https:\/\/www.bellunopress.it\/fr\/wp-json\/wp\/v2\/types\/post"}],"author":[{"embeddable":true,"href":"https:\/\/www.bellunopress.it\/fr\/wp-json\/wp\/v2\/users\/2"}],"replies":[{"embeddable":true,"href":"https:\/\/www.bellunopress.it\/fr\/wp-json\/wp\/v2\/comments?post=8602"}],"version-history":[{"count":1,"href":"https:\/\/www.bellunopress.it\/fr\/wp-json\/wp\/v2\/posts\/8602\/revisions"}],"predecessor-version":[{"id":8603,"href":"https:\/\/www.bellunopress.it\/fr\/wp-json\/wp\/v2\/posts\/8602\/revisions\/8603"}],"wp:attachment":[{"href":"https:\/\/www.bellunopress.it\/fr\/wp-json\/wp\/v2\/media?parent=8602"}],"wp:term":[{"taxonomy":"category","embeddable":true,"href":"https:\/\/www.bellunopress.it\/fr\/wp-json\/wp\/v2\/categories?post=8602"},{"taxonomy":"post_tag","embeddable":true,"href":"https:\/\/www.bellunopress.it\/fr\/wp-json\/wp\/v2\/tags?post=8602"}],"curies":[{"name":"wp","href":"https:\/\/api.w.org\/{rel}","templated":true}]}}