{"id":85837,"date":"2017-04-18T19:22:47","date_gmt":"2017-04-18T17:22:47","guid":{"rendered":"http:\/\/www.bellunopress.it\/?p=85837"},"modified":"2017-04-18T19:22:47","modified_gmt":"2017-04-18T17:22:47","slug":"lirresistibile-ducati-scrambler-cafe-racer-in-vetrina-alla-tecnosport-di-belluno","status":"publish","type":"post","link":"https:\/\/www.bellunopress.it\/fr\/2017\/04\/18\/lirresistibile-ducati-scrambler-cafe-racer-in-vetrina-alla-tecnosport-di-belluno\/","title":{"rendered":"L&#8217;irresistibile Ducati Scrambler Caf\u00e8 Racer in vetrina alla Tecnosport di Belluno"},"content":{"rendered":"<p>Serbatoio a goccia, semimanubri con specchietti alle estremit\u00e0 e scarico Termignoni a doppio silenziatore.<\/p>\n<p><a href=\"http:\/\/www.bellunopress.it\/wp-content\/uploads\/2017\/04\/Ducati-scrambler-caf\u00e8-racer.jpg\"><img loading=\"lazy\" decoding=\"async\" class=\"alignleft size-full wp-image-85838\" src=\"http:\/\/www.bellunopress.it\/wp-content\/uploads\/2017\/04\/Ducati-scrambler-caf\u00e8-racer.jpg\" alt=\"\" width=\"250\" height=\"300\" \/><\/a>Alla Tecnosport di Belluno, in via Vittorio Veneto n.258 \u00e8 arrivato lo Scrambler Caf\u00e8 Racer della Ducati, ovvero la moderna interpretazione delle leggendarie moto che hanno dato vita alla rivoluzione nel mondo delle due ruote. L&#8217;espressione dello spirito libero e l&#8217;emblema dello stile rocker della Londra anni &#8217;60, nella sua colorazione &#8220;Black Coffee&#8221;.<br \/>\nIl nuovo Caf\u00e8 Racer, ovvero la versione sportiva della serie Scrambler, monta il classico motore Ducati, brillante ed elastico bicilindrico a L con distribuzione desmodromica a 2 valvole per cilindro, raffreddato ad aria. Cilindrata 803 cc che eroga una potenza di 55 kW (75 CV) a 8.250 giri\/min Euro 4<br \/>\nIl Caf\u00e8 Racer si aggiunge cos\u00ec alla famiglia numerosa degli Scramler Ducati, disponibili nelle versioni Desert Sled, Sixty 2, Icon, Classic e Full Thottle. Rimane solo l&#8217;imbarazzo della scelta.<\/p>\n<p><a href=\"http:\/\/scramblerducati.com\/it\/bike\/cafe-racer\">http:\/\/scramblerducati.com\/it\/bike\/cafe-racer<\/a><\/p>","protected":false},"excerpt":{"rendered":"<p>Serbatoio a goccia, semimanubri con specchietti alle estremit\u00e0 e scarico Termignoni a doppio silenziatore. Alla Tecnosport di Belluno, in via Vittorio Veneto n.258 \u00e8 arrivato lo Scrambler Caf\u00e8 Racer della Ducati, ovvero la moderna interpretazione delle leggendarie moto che hanno dato vita alla rivoluzione nel mondo delle due ruote. L&#8217;espressione dello spirito libero e l&#8217;emblema [&hellip;]<\/p>\n","protected":false},"author":2,"featured_media":0,"comment_status":"closed","ping_status":"open","sticky":false,"template":"","format":"standard","meta":{"footnotes":""},"categories":[25,50,4],"tags":[],"class_list":["post-85837","post","type-post","status-publish","format-standard","category-pausa-caffe","category-pubbliredazionali","category-sport"],"yoast_head":"<!-- This site is optimized with the Yoast SEO plugin v28.4 - https:\/\/yoast.com\/product\/yoast-seo-wordpress\/ -->\n<title>L&#039;irresistibile Ducati Scrambler Caf\u00e8 Racer in vetrina alla Tecnosport di Belluno - Bellunopress - Dolomiti<\/title>\n<meta name=\"robots\" content=\"index, follow, max-snippet:-1, max-image-preview:large, max-video-preview:-1\" \/>\n<link rel=\"canonical\" href=\"https:\/\/www.bellunopress.it\/fr\/2017\/04\/18\/lirresistibile-ducati-scrambler-cafe-racer-in-vetrina-alla-tecnosport-di-belluno\/\" \/>\n<meta property=\"og:locale\" content=\"fr_FR\" \/>\n<meta property=\"og:type\" content=\"article\" \/>\n<meta property=\"og:title\" content=\"L&#039;irresistibile Ducati Scrambler Caf\u00e8 Racer in vetrina alla Tecnosport di Belluno - Bellunopress - Dolomiti\" \/>\n<meta property=\"og:description\" content=\"Serbatoio a goccia, semimanubri con specchietti alle estremit\u00e0 e scarico Termignoni a doppio silenziatore. Alla Tecnosport di Belluno, in via Vittorio Veneto n.258 \u00e8 arrivato lo Scrambler Caf\u00e8 Racer della Ducati, ovvero la moderna interpretazione delle leggendarie moto che hanno dato vita alla rivoluzione nel mondo delle due ruote. L&#8217;espressione dello spirito libero e l&#8217;emblema [&hellip;]\" \/>\n<meta property=\"og:url\" content=\"https:\/\/www.bellunopress.it\/fr\/2017\/04\/18\/lirresistibile-ducati-scrambler-cafe-racer-in-vetrina-alla-tecnosport-di-belluno\/\" \/>\n<meta property=\"og:site_name\" content=\"Bellunopress - Dolomiti\" \/>\n<meta property=\"article:publisher\" content=\"https:\/\/www.facebook.com\/profile.php?id=100008943462799\" \/>\n<meta property=\"article:published_time\" content=\"2017-04-18T17:22:47+00:00\" \/>\n<meta property=\"og:image\" content=\"http:\/\/www.bellunopress.it\/wp-content\/uploads\/2017\/04\/Ducati-scrambler-caf\u00e8-racer.jpg\" \/>\n<meta name=\"author\" content=\"redazione\" \/>\n<meta name=\"twitter:card\" content=\"summary_large_image\" \/>\n<meta name=\"twitter:creator\" content=\"@bellunopress\" \/>\n<meta name=\"twitter:site\" content=\"@bellunopress\" \/>\n<meta name=\"twitter:label1\" content=\"Written by\" \/>\n\t<meta name=\"twitter:data1\" content=\"redazione\" \/>\n\t<meta name=\"twitter:label2\" content=\"Est. reading time\" \/>\n\t<meta name=\"twitter:data2\" content=\"1 minute\" \/>\n<script type=\"application\/ld+json\" class=\"yoast-schema-graph\">{\"@context\":\"https:\\\/\\\/schema.org\",\"@graph\":[{\"@type\":\"Article\",\"@id\":\"https:\\\/\\\/www.bellunopress.it\\\/2017\\\/04\\\/18\\\/lirresistibile-ducati-scrambler-cafe-racer-in-vetrina-alla-tecnosport-di-belluno\\\/#article\",\"isPartOf\":{\"@id\":\"https:\\\/\\\/www.bellunopress.it\\\/2017\\\/04\\\/18\\\/lirresistibile-ducati-scrambler-cafe-racer-in-vetrina-alla-tecnosport-di-belluno\\\/\"},\"author\":{\"name\":\"redazione\",\"@id\":\"https:\\\/\\\/www.bellunopress.it\\\/#\\\/schema\\\/person\\\/79bb06722b37ece1c03d3e94beb30d73\"},\"headline\":\"L&#8217;irresistibile Ducati Scrambler Caf\u00e8 Racer in vetrina alla Tecnosport di Belluno\",\"datePublished\":\"2017-04-18T17:22:47+00:00\",\"mainEntityOfPage\":{\"@id\":\"https:\\\/\\\/www.bellunopress.it\\\/2017\\\/04\\\/18\\\/lirresistibile-ducati-scrambler-cafe-racer-in-vetrina-alla-tecnosport-di-belluno\\\/\"},\"wordCount\":159,\"publisher\":{\"@id\":\"https:\\\/\\\/www.bellunopress.it\\\/#organization\"},\"articleSection\":[\"Pausa Caff\u00e8\",\"Pubbliredazionali\",\"Sport, tempo libero\"],\"inLanguage\":\"fr-FR\"},{\"@type\":\"WebPage\",\"@id\":\"https:\\\/\\\/www.bellunopress.it\\\/2017\\\/04\\\/18\\\/lirresistibile-ducati-scrambler-cafe-racer-in-vetrina-alla-tecnosport-di-belluno\\\/\",\"url\":\"https:\\\/\\\/www.bellunopress.it\\\/2017\\\/04\\\/18\\\/lirresistibile-ducati-scrambler-cafe-racer-in-vetrina-alla-tecnosport-di-belluno\\\/\",\"name\":\"L'irresistibile Ducati Scrambler Caf\u00e8 Racer in vetrina alla Tecnosport di Belluno - Bellunopress - Dolomiti\",\"isPartOf\":{\"@id\":\"https:\\\/\\\/www.bellunopress.it\\\/#website\"},\"datePublished\":\"2017-04-18T17:22:47+00:00\",\"breadcrumb\":{\"@id\":\"https:\\\/\\\/www.bellunopress.it\\\/2017\\\/04\\\/18\\\/lirresistibile-ducati-scrambler-cafe-racer-in-vetrina-alla-tecnosport-di-belluno\\\/#breadcrumb\"},\"inLanguage\":\"fr-FR\",\"potentialAction\":[{\"@type\":\"ReadAction\",\"target\":[\"https:\\\/\\\/www.bellunopress.it\\\/2017\\\/04\\\/18\\\/lirresistibile-ducati-scrambler-cafe-racer-in-vetrina-alla-tecnosport-di-belluno\\\/\"]}]},{\"@type\":\"BreadcrumbList\",\"@id\":\"https:\\\/\\\/www.bellunopress.it\\\/2017\\\/04\\\/18\\\/lirresistibile-ducati-scrambler-cafe-racer-in-vetrina-alla-tecnosport-di-belluno\\\/#breadcrumb\",\"itemListElement\":[{\"@type\":\"ListItem\",\"position\":1,\"name\":\"Home\",\"item\":\"https:\\\/\\\/www.bellunopress.it\\\/\"},{\"@type\":\"ListItem\",\"position\":2,\"name\":\"L&#8217;irresistibile Ducati Scrambler Caf\u00e8 Racer in vetrina alla Tecnosport di Belluno\"}]},{\"@type\":\"WebSite\",\"@id\":\"https:\\\/\\\/www.bellunopress.it\\\/#website\",\"url\":\"https:\\\/\\\/www.bellunopress.it\\\/\",\"name\":\"Bellunopress - Dolomiti\",\"description\":\"e-mail: redazione@bellunopress.it\",\"publisher\":{\"@id\":\"https:\\\/\\\/www.bellunopress.it\\\/#organization\"},\"potentialAction\":[{\"@type\":\"SearchAction\",\"target\":{\"@type\":\"EntryPoint\",\"urlTemplate\":\"https:\\\/\\\/www.bellunopress.it\\\/?s={search_term_string}\"},\"query-input\":{\"@type\":\"PropertyValueSpecification\",\"valueRequired\":true,\"valueName\":\"search_term_string\"}}],\"inLanguage\":\"fr-FR\"},{\"@type\":\"Organization\",\"@id\":\"https:\\\/\\\/www.bellunopress.it\\\/#organization\",\"name\":\"Bellunopress\",\"url\":\"https:\\\/\\\/www.bellunopress.it\\\/\",\"logo\":{\"@type\":\"ImageObject\",\"inLanguage\":\"fr-FR\",\"@id\":\"https:\\\/\\\/www.bellunopress.it\\\/#\\\/schema\\\/logo\\\/image\\\/\",\"url\":\"https:\\\/\\\/www.bellunopress.it\\\/wp-content\\\/uploads\\\/2011\\\/05\\\/cropped-logo-bellunopress-.jpg\",\"contentUrl\":\"https:\\\/\\\/www.bellunopress.it\\\/wp-content\\\/uploads\\\/2011\\\/05\\\/cropped-logo-bellunopress-.jpg\",\"width\":512,\"height\":512,\"caption\":\"Bellunopress\"},\"image\":{\"@id\":\"https:\\\/\\\/www.bellunopress.it\\\/#\\\/schema\\\/logo\\\/image\\\/\"},\"sameAs\":[\"https:\\\/\\\/www.facebook.com\\\/profile.php?id=100008943462799\",\"https:\\\/\\\/x.com\\\/bellunopress\",\"https:\\\/\\\/www.linkedin.com\\\/hp\\\/?dnr=JBzUWaJfMUw8vbXJJ2tVW5-I3jZKvC4wsoxE&amp;amp;amp;amp;amp;amp;trk=nav_responsive_tab_home\",\"https:\\\/\\\/www.youtube.com\\\/channel\\\/UCxL0wu1uN0_3_7hGG0306cw\"]},{\"@type\":\"Person\",\"@id\":\"https:\\\/\\\/www.bellunopress.it\\\/#\\\/schema\\\/person\\\/79bb06722b37ece1c03d3e94beb30d73\",\"name\":\"redazione\",\"image\":{\"@type\":\"ImageObject\",\"inLanguage\":\"fr-FR\",\"@id\":\"https:\\\/\\\/secure.gravatar.com\\\/avatar\\\/37d968a2e67a6fd04c169c4bdef102d0bc5d31b2546345219e348575eb80e9a0?s=96&d=mm&r=g\",\"url\":\"https:\\\/\\\/secure.gravatar.com\\\/avatar\\\/37d968a2e67a6fd04c169c4bdef102d0bc5d31b2546345219e348575eb80e9a0?s=96&d=mm&r=g\",\"contentUrl\":\"https:\\\/\\\/secure.gravatar.com\\\/avatar\\\/37d968a2e67a6fd04c169c4bdef102d0bc5d31b2546345219e348575eb80e9a0?s=96&d=mm&r=g\",\"caption\":\"redazione\"},\"sameAs\":[\"http:\\\/\\\/www.bellunopress.it\",\"https:\\\/\\\/x.com\\\/bellunopress\"],\"url\":\"https:\\\/\\\/www.bellunopress.it\\\/fr\\\/author\\\/redazione\\\/\"}]}<\/script>\n<!-- \/ Yoast SEO plugin. -->","yoast_head_json":{"title":"L'irresistibile Ducati Scrambler Caf\u00e8 Racer in vetrina alla Tecnosport di Belluno - Bellunopress - Dolomiti","robots":{"index":"index","follow":"follow","max-snippet":"max-snippet:-1","max-image-preview":"max-image-preview:large","max-video-preview":"max-video-preview:-1"},"canonical":"https:\/\/www.bellunopress.it\/fr\/2017\/04\/18\/lirresistibile-ducati-scrambler-cafe-racer-in-vetrina-alla-tecnosport-di-belluno\/","og_locale":"fr_FR","og_type":"article","og_title":"L'irresistibile Ducati Scrambler Caf\u00e8 Racer in vetrina alla Tecnosport di Belluno - Bellunopress - Dolomiti","og_description":"Serbatoio a goccia, semimanubri con specchietti alle estremit\u00e0 e scarico Termignoni a doppio silenziatore. Alla Tecnosport di Belluno, in via Vittorio Veneto n.258 \u00e8 arrivato lo Scrambler Caf\u00e8 Racer della Ducati, ovvero la moderna interpretazione delle leggendarie moto che hanno dato vita alla rivoluzione nel mondo delle due ruote. L&#8217;espressione dello spirito libero e l&#8217;emblema [&hellip;]","og_url":"https:\/\/www.bellunopress.it\/fr\/2017\/04\/18\/lirresistibile-ducati-scrambler-cafe-racer-in-vetrina-alla-tecnosport-di-belluno\/","og_site_name":"Bellunopress - Dolomiti","article_publisher":"https:\/\/www.facebook.com\/profile.php?id=100008943462799","article_published_time":"2017-04-18T17:22:47+00:00","og_image":[{"url":"http:\/\/www.bellunopress.it\/wp-content\/uploads\/2017\/04\/Ducati-scrambler-caf\u00e8-racer.jpg","type":"","width":"","height":""}],"author":"redazione","twitter_card":"summary_large_image","twitter_creator":"@bellunopress","twitter_site":"@bellunopress","twitter_misc":{"Written by":"redazione","Est. reading time":"1 minute"},"schema":{"@context":"https:\/\/schema.org","@graph":[{"@type":"Article","@id":"https:\/\/www.bellunopress.it\/2017\/04\/18\/lirresistibile-ducati-scrambler-cafe-racer-in-vetrina-alla-tecnosport-di-belluno\/#article","isPartOf":{"@id":"https:\/\/www.bellunopress.it\/2017\/04\/18\/lirresistibile-ducati-scrambler-cafe-racer-in-vetrina-alla-tecnosport-di-belluno\/"},"author":{"name":"redazione","@id":"https:\/\/www.bellunopress.it\/#\/schema\/person\/79bb06722b37ece1c03d3e94beb30d73"},"headline":"L&#8217;irresistibile Ducati Scrambler Caf\u00e8 Racer in vetrina alla Tecnosport di Belluno","datePublished":"2017-04-18T17:22:47+00:00","mainEntityOfPage":{"@id":"https:\/\/www.bellunopress.it\/2017\/04\/18\/lirresistibile-ducati-scrambler-cafe-racer-in-vetrina-alla-tecnosport-di-belluno\/"},"wordCount":159,"publisher":{"@id":"https:\/\/www.bellunopress.it\/#organization"},"articleSection":["Pausa Caff\u00e8","Pubbliredazionali","Sport, tempo libero"],"inLanguage":"fr-FR"},{"@type":"WebPage","@id":"https:\/\/www.bellunopress.it\/2017\/04\/18\/lirresistibile-ducati-scrambler-cafe-racer-in-vetrina-alla-tecnosport-di-belluno\/","url":"https:\/\/www.bellunopress.it\/2017\/04\/18\/lirresistibile-ducati-scrambler-cafe-racer-in-vetrina-alla-tecnosport-di-belluno\/","name":"L'irresistibile Ducati Scrambler Caf\u00e8 Racer in vetrina alla Tecnosport di Belluno - Bellunopress - Dolomiti","isPartOf":{"@id":"https:\/\/www.bellunopress.it\/#website"},"datePublished":"2017-04-18T17:22:47+00:00","breadcrumb":{"@id":"https:\/\/www.bellunopress.it\/2017\/04\/18\/lirresistibile-ducati-scrambler-cafe-racer-in-vetrina-alla-tecnosport-di-belluno\/#breadcrumb"},"inLanguage":"fr-FR","potentialAction":[{"@type":"ReadAction","target":["https:\/\/www.bellunopress.it\/2017\/04\/18\/lirresistibile-ducati-scrambler-cafe-racer-in-vetrina-alla-tecnosport-di-belluno\/"]}]},{"@type":"BreadcrumbList","@id":"https:\/\/www.bellunopress.it\/2017\/04\/18\/lirresistibile-ducati-scrambler-cafe-racer-in-vetrina-alla-tecnosport-di-belluno\/#breadcrumb","itemListElement":[{"@type":"ListItem","position":1,"name":"Home","item":"https:\/\/www.bellunopress.it\/"},{"@type":"ListItem","position":2,"name":"L&#8217;irresistibile Ducati Scrambler Caf\u00e8 Racer in vetrina alla Tecnosport di Belluno"}]},{"@type":"WebSite","@id":"https:\/\/www.bellunopress.it\/#website","url":"https:\/\/www.bellunopress.it\/","name":"Bellunopress - Dolomiti","description":"e-mail: redazione@bellunopress.it","publisher":{"@id":"https:\/\/www.bellunopress.it\/#organization"},"potentialAction":[{"@type":"SearchAction","target":{"@type":"EntryPoint","urlTemplate":"https:\/\/www.bellunopress.it\/?s={search_term_string}"},"query-input":{"@type":"PropertyValueSpecification","valueRequired":true,"valueName":"search_term_string"}}],"inLanguage":"fr-FR"},{"@type":"Organization","@id":"https:\/\/www.bellunopress.it\/#organization","name":"Bellunopress","url":"https:\/\/www.bellunopress.it\/","logo":{"@type":"ImageObject","inLanguage":"fr-FR","@id":"https:\/\/www.bellunopress.it\/#\/schema\/logo\/image\/","url":"https:\/\/www.bellunopress.it\/wp-content\/uploads\/2011\/05\/cropped-logo-bellunopress-.jpg","contentUrl":"https:\/\/www.bellunopress.it\/wp-content\/uploads\/2011\/05\/cropped-logo-bellunopress-.jpg","width":512,"height":512,"caption":"Bellunopress"},"image":{"@id":"https:\/\/www.bellunopress.it\/#\/schema\/logo\/image\/"},"sameAs":["https:\/\/www.facebook.com\/profile.php?id=100008943462799","https:\/\/x.com\/bellunopress","https:\/\/www.linkedin.com\/hp\/?dnr=JBzUWaJfMUw8vbXJJ2tVW5-I3jZKvC4wsoxE&amp;amp;amp;amp;amp;amp;trk=nav_responsive_tab_home","https:\/\/www.youtube.com\/channel\/UCxL0wu1uN0_3_7hGG0306cw"]},{"@type":"Person","@id":"https:\/\/www.bellunopress.it\/#\/schema\/person\/79bb06722b37ece1c03d3e94beb30d73","name":"r\u00e9daction","image":{"@type":"ImageObject","inLanguage":"fr-FR","@id":"https:\/\/secure.gravatar.com\/avatar\/37d968a2e67a6fd04c169c4bdef102d0bc5d31b2546345219e348575eb80e9a0?s=96&d=mm&r=g","url":"https:\/\/secure.gravatar.com\/avatar\/37d968a2e67a6fd04c169c4bdef102d0bc5d31b2546345219e348575eb80e9a0?s=96&d=mm&r=g","contentUrl":"https:\/\/secure.gravatar.com\/avatar\/37d968a2e67a6fd04c169c4bdef102d0bc5d31b2546345219e348575eb80e9a0?s=96&d=mm&r=g","caption":"redazione"},"sameAs":["http:\/\/www.bellunopress.it","https:\/\/x.com\/bellunopress"],"url":"https:\/\/www.bellunopress.it\/fr\/author\/redazione\/"}]}},"_links":{"self":[{"href":"https:\/\/www.bellunopress.it\/fr\/wp-json\/wp\/v2\/posts\/85837","targetHints":{"allow":["GET"]}}],"collection":[{"href":"https:\/\/www.bellunopress.it\/fr\/wp-json\/wp\/v2\/posts"}],"about":[{"href":"https:\/\/www.bellunopress.it\/fr\/wp-json\/wp\/v2\/types\/post"}],"author":[{"embeddable":true,"href":"https:\/\/www.bellunopress.it\/fr\/wp-json\/wp\/v2\/users\/2"}],"replies":[{"embeddable":true,"href":"https:\/\/www.bellunopress.it\/fr\/wp-json\/wp\/v2\/comments?post=85837"}],"version-history":[{"count":1,"href":"https:\/\/www.bellunopress.it\/fr\/wp-json\/wp\/v2\/posts\/85837\/revisions"}],"predecessor-version":[{"id":85839,"href":"https:\/\/www.bellunopress.it\/fr\/wp-json\/wp\/v2\/posts\/85837\/revisions\/85839"}],"wp:attachment":[{"href":"https:\/\/www.bellunopress.it\/fr\/wp-json\/wp\/v2\/media?parent=85837"}],"wp:term":[{"taxonomy":"category","embeddable":true,"href":"https:\/\/www.bellunopress.it\/fr\/wp-json\/wp\/v2\/categories?post=85837"},{"taxonomy":"post_tag","embeddable":true,"href":"https:\/\/www.bellunopress.it\/fr\/wp-json\/wp\/v2\/tags?post=85837"}],"curies":[{"name":"wp","href":"https:\/\/api.w.org\/{rel}","templated":true}]}}