{"id":85835,"date":"2017-04-18T18:55:01","date_gmt":"2017-04-18T16:55:01","guid":{"rendered":"http:\/\/www.bellunopress.it\/?p=85835"},"modified":"2017-04-18T18:55:01","modified_gmt":"2017-04-18T16:55:01","slug":"ancora-senza-esito-le-ricerche-di-ido-bof","status":"publish","type":"post","link":"https:\/\/www.bellunopress.it\/fr\/2017\/04\/18\/ancora-senza-esito-le-ricerche-di-ido-bof\/","title":{"rendered":"Ancora senza esito le ricerche di Ido Bof"},"content":{"rendered":"<figure id=\"attachment_85794\" aria-describedby=\"caption-attachment-85794\" style=\"width: 144px\" class=\"wp-caption alignleft\"><a href=\"http:\/\/www.bellunopress.it\/wp-content\/uploads\/2017\/04\/ido-bof.jpg\"><img loading=\"lazy\" decoding=\"async\" class=\"size-full wp-image-85794\" src=\"http:\/\/www.bellunopress.it\/wp-content\/uploads\/2017\/04\/ido-bof.jpg\" alt=\"\" width=\"144\" height=\"200\" \/><\/a><figcaption id=\"caption-attachment-85794\" class=\"wp-caption-text\">Ido Bof<\/figcaption><\/figure>\n<p>Seren del Grappa (BL), 18 &#8211; 04 &#8211; 17 \u00a0 &#8211; \u00a0Sono proseguite per tutta la giornata di oggi le ricerche di Ido Bof, 59 anni, di Seren del Grappa (BL), senza purtroppo riuscire a far luce sulla sua scomparsa. Per il terzo giorno consecutivo, dopo la segnalazione della sorella ai carabinieri domenica mattina, decine di persone hanno portato avanti la perlustrazione di nuove zone di indagine, allargando l&#8217;area ad Arten e Fonzaso, al torrente Senaiga, verificando possibili segnalazioni e recandosi in luoghi dove l&#8217;uomo avrebbe potuto trovarsi, come una casera in localit\u00e0 Pontera, in fondo alla valle di Seren, cui era particolarmente legato. Una ventina di aree affidate ad altre squadre a piedi, mentre l&#8217;elicottero dei Vigili del fuoco effettuava una ricognizione dall&#8217;alto fino a Fonzaso e lungo la valle fino a localit\u00e0 Guizza. Oggi erano presenti un&#8217;ottantina di persone: il Soccorso alpino di Feltre, Belluno, Pedemontana del Grappa, Prealpi Trevigiane, Longarone, Alpago, con il Centro mobile di coordinamento e 2 unit\u00e0 cinofile, il Sagf di Auronzo e Cortina d&#8217;Ampezzo, i Vigili del fuoco con un&#8217;unit\u00e0 cinofila, la Protezione civile con 2 unit\u00e0 cinofile e i cacciatori della Riserva alpina di caccia di Seren, che gi\u00e0 da ieri hanno messo a disposizione la loro vasta conoscenza del territorio. Il telefono di Ido continua ad essere spento e l&#8217;ultimo aggancio alla cella telefonica risale a sabato mattina. Ido, che \u00e8 magro di corporatura, alto un metro e 80 e ha capelli corti castani, ieri indossava jeans e un gilet grigio. Chiunque lo avesse visto o abbia informazioni \u00e8 pregato di rivolgersi ai carabinieri. Le ricerche riprenderanno domattina. Ringraziamo ancora l&#8217;amministrazione comunale e il sindaco di Seren del Grappa per il costante appoggio.<\/p>","protected":false},"excerpt":{"rendered":"<p>Seren del Grappa (BL), 18 &#8211; 04 &#8211; 17 \u00a0 &#8211; \u00a0Sono proseguite per tutta la giornata di oggi le ricerche di Ido Bof, 59 anni, di Seren del Grappa (BL), senza purtroppo riuscire a far luce sulla sua scomparsa. Per il terzo giorno consecutivo, dopo la segnalazione della sorella ai carabinieri domenica mattina, decine [&hellip;]<\/p>\n","protected":false},"author":2,"featured_media":0,"comment_status":"closed","ping_status":"open","sticky":false,"template":"","format":"standard","meta":{"footnotes":""},"categories":[5,26],"tags":[],"class_list":["post-85835","post","type-post","status-publish","format-standard","category-cronaca","category-prima-pagina"],"yoast_head":"<!-- This site is optimized with the Yoast SEO plugin v28.4 - https:\/\/yoast.com\/product\/yoast-seo-wordpress\/ -->\n<title>Ancora senza esito le ricerche di Ido Bof - Bellunopress - Dolomiti<\/title>\n<meta name=\"robots\" content=\"index, follow, max-snippet:-1, max-image-preview:large, max-video-preview:-1\" \/>\n<link rel=\"canonical\" href=\"https:\/\/www.bellunopress.it\/fr\/2017\/04\/18\/ancora-senza-esito-le-ricerche-di-ido-bof\/\" \/>\n<meta property=\"og:locale\" content=\"fr_FR\" \/>\n<meta property=\"og:type\" content=\"article\" \/>\n<meta property=\"og:title\" content=\"Ancora senza esito le ricerche di Ido Bof - Bellunopress - Dolomiti\" \/>\n<meta property=\"og:description\" content=\"Seren del Grappa (BL), 18 &#8211; 04 &#8211; 17 \u00a0 &#8211; \u00a0Sono proseguite per tutta la giornata di oggi le ricerche di Ido Bof, 59 anni, di Seren del Grappa (BL), senza purtroppo riuscire a far luce sulla sua scomparsa. Per il terzo giorno consecutivo, dopo la segnalazione della sorella ai carabinieri domenica mattina, decine [&hellip;]\" \/>\n<meta property=\"og:url\" content=\"https:\/\/www.bellunopress.it\/fr\/2017\/04\/18\/ancora-senza-esito-le-ricerche-di-ido-bof\/\" \/>\n<meta property=\"og:site_name\" content=\"Bellunopress - Dolomiti\" \/>\n<meta property=\"article:publisher\" content=\"https:\/\/www.facebook.com\/profile.php?id=100008943462799\" \/>\n<meta property=\"article:published_time\" content=\"2017-04-18T16:55:01+00:00\" \/>\n<meta property=\"og:image\" content=\"http:\/\/www.bellunopress.it\/wp-content\/uploads\/2017\/04\/ido-bof.jpg\" \/>\n<meta name=\"author\" content=\"redazione\" \/>\n<meta name=\"twitter:card\" content=\"summary_large_image\" \/>\n<meta name=\"twitter:creator\" content=\"@bellunopress\" \/>\n<meta name=\"twitter:site\" content=\"@bellunopress\" \/>\n<meta name=\"twitter:label1\" content=\"Written by\" \/>\n\t<meta name=\"twitter:data1\" content=\"redazione\" \/>\n\t<meta name=\"twitter:label2\" content=\"Est. reading time\" \/>\n\t<meta name=\"twitter:data2\" content=\"1 minute\" \/>\n<script type=\"application\/ld+json\" class=\"yoast-schema-graph\">{\"@context\":\"https:\\\/\\\/schema.org\",\"@graph\":[{\"@type\":\"Article\",\"@id\":\"https:\\\/\\\/www.bellunopress.it\\\/2017\\\/04\\\/18\\\/ancora-senza-esito-le-ricerche-di-ido-bof\\\/#article\",\"isPartOf\":{\"@id\":\"https:\\\/\\\/www.bellunopress.it\\\/2017\\\/04\\\/18\\\/ancora-senza-esito-le-ricerche-di-ido-bof\\\/\"},\"author\":{\"name\":\"redazione\",\"@id\":\"https:\\\/\\\/www.bellunopress.it\\\/#\\\/schema\\\/person\\\/79bb06722b37ece1c03d3e94beb30d73\"},\"headline\":\"Ancora senza esito le ricerche di Ido Bof\",\"datePublished\":\"2017-04-18T16:55:01+00:00\",\"mainEntityOfPage\":{\"@id\":\"https:\\\/\\\/www.bellunopress.it\\\/2017\\\/04\\\/18\\\/ancora-senza-esito-le-ricerche-di-ido-bof\\\/\"},\"wordCount\":298,\"publisher\":{\"@id\":\"https:\\\/\\\/www.bellunopress.it\\\/#organization\"},\"image\":{\"@id\":\"https:\\\/\\\/www.bellunopress.it\\\/2017\\\/04\\\/18\\\/ancora-senza-esito-le-ricerche-di-ido-bof\\\/#primaryimage\"},\"thumbnailUrl\":\"http:\\\/\\\/www.bellunopress.it\\\/wp-content\\\/uploads\\\/2017\\\/04\\\/ido-bof.jpg\",\"articleSection\":[\"Cronaca\\\/Politica\",\"Prima Pagina\"],\"inLanguage\":\"fr-FR\"},{\"@type\":\"WebPage\",\"@id\":\"https:\\\/\\\/www.bellunopress.it\\\/2017\\\/04\\\/18\\\/ancora-senza-esito-le-ricerche-di-ido-bof\\\/\",\"url\":\"https:\\\/\\\/www.bellunopress.it\\\/2017\\\/04\\\/18\\\/ancora-senza-esito-le-ricerche-di-ido-bof\\\/\",\"name\":\"Ancora senza esito le ricerche di Ido Bof - Bellunopress - Dolomiti\",\"isPartOf\":{\"@id\":\"https:\\\/\\\/www.bellunopress.it\\\/#website\"},\"primaryImageOfPage\":{\"@id\":\"https:\\\/\\\/www.bellunopress.it\\\/2017\\\/04\\\/18\\\/ancora-senza-esito-le-ricerche-di-ido-bof\\\/#primaryimage\"},\"image\":{\"@id\":\"https:\\\/\\\/www.bellunopress.it\\\/2017\\\/04\\\/18\\\/ancora-senza-esito-le-ricerche-di-ido-bof\\\/#primaryimage\"},\"thumbnailUrl\":\"http:\\\/\\\/www.bellunopress.it\\\/wp-content\\\/uploads\\\/2017\\\/04\\\/ido-bof.jpg\",\"datePublished\":\"2017-04-18T16:55:01+00:00\",\"breadcrumb\":{\"@id\":\"https:\\\/\\\/www.bellunopress.it\\\/2017\\\/04\\\/18\\\/ancora-senza-esito-le-ricerche-di-ido-bof\\\/#breadcrumb\"},\"inLanguage\":\"fr-FR\",\"potentialAction\":[{\"@type\":\"ReadAction\",\"target\":[\"https:\\\/\\\/www.bellunopress.it\\\/2017\\\/04\\\/18\\\/ancora-senza-esito-le-ricerche-di-ido-bof\\\/\"]}]},{\"@type\":\"ImageObject\",\"inLanguage\":\"fr-FR\",\"@id\":\"https:\\\/\\\/www.bellunopress.it\\\/2017\\\/04\\\/18\\\/ancora-senza-esito-le-ricerche-di-ido-bof\\\/#primaryimage\",\"url\":\"http:\\\/\\\/www.bellunopress.it\\\/wp-content\\\/uploads\\\/2017\\\/04\\\/ido-bof.jpg\",\"contentUrl\":\"http:\\\/\\\/www.bellunopress.it\\\/wp-content\\\/uploads\\\/2017\\\/04\\\/ido-bof.jpg\"},{\"@type\":\"BreadcrumbList\",\"@id\":\"https:\\\/\\\/www.bellunopress.it\\\/2017\\\/04\\\/18\\\/ancora-senza-esito-le-ricerche-di-ido-bof\\\/#breadcrumb\",\"itemListElement\":[{\"@type\":\"ListItem\",\"position\":1,\"name\":\"Home\",\"item\":\"https:\\\/\\\/www.bellunopress.it\\\/\"},{\"@type\":\"ListItem\",\"position\":2,\"name\":\"Ancora senza esito le ricerche di Ido Bof\"}]},{\"@type\":\"WebSite\",\"@id\":\"https:\\\/\\\/www.bellunopress.it\\\/#website\",\"url\":\"https:\\\/\\\/www.bellunopress.it\\\/\",\"name\":\"Bellunopress - Dolomiti\",\"description\":\"e-mail: redazione@bellunopress.it\",\"publisher\":{\"@id\":\"https:\\\/\\\/www.bellunopress.it\\\/#organization\"},\"potentialAction\":[{\"@type\":\"SearchAction\",\"target\":{\"@type\":\"EntryPoint\",\"urlTemplate\":\"https:\\\/\\\/www.bellunopress.it\\\/?s={search_term_string}\"},\"query-input\":{\"@type\":\"PropertyValueSpecification\",\"valueRequired\":true,\"valueName\":\"search_term_string\"}}],\"inLanguage\":\"fr-FR\"},{\"@type\":\"Organization\",\"@id\":\"https:\\\/\\\/www.bellunopress.it\\\/#organization\",\"name\":\"Bellunopress\",\"url\":\"https:\\\/\\\/www.bellunopress.it\\\/\",\"logo\":{\"@type\":\"ImageObject\",\"inLanguage\":\"fr-FR\",\"@id\":\"https:\\\/\\\/www.bellunopress.it\\\/#\\\/schema\\\/logo\\\/image\\\/\",\"url\":\"https:\\\/\\\/www.bellunopress.it\\\/wp-content\\\/uploads\\\/2011\\\/05\\\/cropped-logo-bellunopress-.jpg\",\"contentUrl\":\"https:\\\/\\\/www.bellunopress.it\\\/wp-content\\\/uploads\\\/2011\\\/05\\\/cropped-logo-bellunopress-.jpg\",\"width\":512,\"height\":512,\"caption\":\"Bellunopress\"},\"image\":{\"@id\":\"https:\\\/\\\/www.bellunopress.it\\\/#\\\/schema\\\/logo\\\/image\\\/\"},\"sameAs\":[\"https:\\\/\\\/www.facebook.com\\\/profile.php?id=100008943462799\",\"https:\\\/\\\/x.com\\\/bellunopress\",\"https:\\\/\\\/www.linkedin.com\\\/hp\\\/?dnr=JBzUWaJfMUw8vbXJJ2tVW5-I3jZKvC4wsoxE&amp;amp;amp;amp;amp;amp;trk=nav_responsive_tab_home\",\"https:\\\/\\\/www.youtube.com\\\/channel\\\/UCxL0wu1uN0_3_7hGG0306cw\"]},{\"@type\":\"Person\",\"@id\":\"https:\\\/\\\/www.bellunopress.it\\\/#\\\/schema\\\/person\\\/79bb06722b37ece1c03d3e94beb30d73\",\"name\":\"redazione\",\"image\":{\"@type\":\"ImageObject\",\"inLanguage\":\"fr-FR\",\"@id\":\"https:\\\/\\\/secure.gravatar.com\\\/avatar\\\/37d968a2e67a6fd04c169c4bdef102d0bc5d31b2546345219e348575eb80e9a0?s=96&d=mm&r=g\",\"url\":\"https:\\\/\\\/secure.gravatar.com\\\/avatar\\\/37d968a2e67a6fd04c169c4bdef102d0bc5d31b2546345219e348575eb80e9a0?s=96&d=mm&r=g\",\"contentUrl\":\"https:\\\/\\\/secure.gravatar.com\\\/avatar\\\/37d968a2e67a6fd04c169c4bdef102d0bc5d31b2546345219e348575eb80e9a0?s=96&d=mm&r=g\",\"caption\":\"redazione\"},\"sameAs\":[\"http:\\\/\\\/www.bellunopress.it\",\"https:\\\/\\\/x.com\\\/bellunopress\"],\"url\":\"https:\\\/\\\/www.bellunopress.it\\\/fr\\\/author\\\/redazione\\\/\"}]}<\/script>\n<!-- \/ Yoast SEO plugin. -->","yoast_head_json":{"title":"Ancora senza esito le ricerche di Ido Bof - Bellunopress - Dolomiti","robots":{"index":"index","follow":"follow","max-snippet":"max-snippet:-1","max-image-preview":"max-image-preview:large","max-video-preview":"max-video-preview:-1"},"canonical":"https:\/\/www.bellunopress.it\/fr\/2017\/04\/18\/ancora-senza-esito-le-ricerche-di-ido-bof\/","og_locale":"fr_FR","og_type":"article","og_title":"Ancora senza esito le ricerche di Ido Bof - Bellunopress - Dolomiti","og_description":"Seren del Grappa (BL), 18 &#8211; 04 &#8211; 17 \u00a0 &#8211; \u00a0Sono proseguite per tutta la giornata di oggi le ricerche di Ido Bof, 59 anni, di Seren del Grappa (BL), senza purtroppo riuscire a far luce sulla sua scomparsa. Per il terzo giorno consecutivo, dopo la segnalazione della sorella ai carabinieri domenica mattina, decine [&hellip;]","og_url":"https:\/\/www.bellunopress.it\/fr\/2017\/04\/18\/ancora-senza-esito-le-ricerche-di-ido-bof\/","og_site_name":"Bellunopress - Dolomiti","article_publisher":"https:\/\/www.facebook.com\/profile.php?id=100008943462799","article_published_time":"2017-04-18T16:55:01+00:00","og_image":[{"url":"http:\/\/www.bellunopress.it\/wp-content\/uploads\/2017\/04\/ido-bof.jpg","type":"","width":"","height":""}],"author":"redazione","twitter_card":"summary_large_image","twitter_creator":"@bellunopress","twitter_site":"@bellunopress","twitter_misc":{"Written by":"redazione","Est. reading time":"1 minute"},"schema":{"@context":"https:\/\/schema.org","@graph":[{"@type":"Article","@id":"https:\/\/www.bellunopress.it\/2017\/04\/18\/ancora-senza-esito-le-ricerche-di-ido-bof\/#article","isPartOf":{"@id":"https:\/\/www.bellunopress.it\/2017\/04\/18\/ancora-senza-esito-le-ricerche-di-ido-bof\/"},"author":{"name":"redazione","@id":"https:\/\/www.bellunopress.it\/#\/schema\/person\/79bb06722b37ece1c03d3e94beb30d73"},"headline":"Ancora senza esito le ricerche di Ido Bof","datePublished":"2017-04-18T16:55:01+00:00","mainEntityOfPage":{"@id":"https:\/\/www.bellunopress.it\/2017\/04\/18\/ancora-senza-esito-le-ricerche-di-ido-bof\/"},"wordCount":298,"publisher":{"@id":"https:\/\/www.bellunopress.it\/#organization"},"image":{"@id":"https:\/\/www.bellunopress.it\/2017\/04\/18\/ancora-senza-esito-le-ricerche-di-ido-bof\/#primaryimage"},"thumbnailUrl":"http:\/\/www.bellunopress.it\/wp-content\/uploads\/2017\/04\/ido-bof.jpg","articleSection":["Cronaca\/Politica","Prima Pagina"],"inLanguage":"fr-FR"},{"@type":"WebPage","@id":"https:\/\/www.bellunopress.it\/2017\/04\/18\/ancora-senza-esito-le-ricerche-di-ido-bof\/","url":"https:\/\/www.bellunopress.it\/2017\/04\/18\/ancora-senza-esito-le-ricerche-di-ido-bof\/","name":"Ancora senza esito le ricerche di Ido Bof - Bellunopress - Dolomiti","isPartOf":{"@id":"https:\/\/www.bellunopress.it\/#website"},"primaryImageOfPage":{"@id":"https:\/\/www.bellunopress.it\/2017\/04\/18\/ancora-senza-esito-le-ricerche-di-ido-bof\/#primaryimage"},"image":{"@id":"https:\/\/www.bellunopress.it\/2017\/04\/18\/ancora-senza-esito-le-ricerche-di-ido-bof\/#primaryimage"},"thumbnailUrl":"http:\/\/www.bellunopress.it\/wp-content\/uploads\/2017\/04\/ido-bof.jpg","datePublished":"2017-04-18T16:55:01+00:00","breadcrumb":{"@id":"https:\/\/www.bellunopress.it\/2017\/04\/18\/ancora-senza-esito-le-ricerche-di-ido-bof\/#breadcrumb"},"inLanguage":"fr-FR","potentialAction":[{"@type":"ReadAction","target":["https:\/\/www.bellunopress.it\/2017\/04\/18\/ancora-senza-esito-le-ricerche-di-ido-bof\/"]}]},{"@type":"ImageObject","inLanguage":"fr-FR","@id":"https:\/\/www.bellunopress.it\/2017\/04\/18\/ancora-senza-esito-le-ricerche-di-ido-bof\/#primaryimage","url":"http:\/\/www.bellunopress.it\/wp-content\/uploads\/2017\/04\/ido-bof.jpg","contentUrl":"http:\/\/www.bellunopress.it\/wp-content\/uploads\/2017\/04\/ido-bof.jpg"},{"@type":"BreadcrumbList","@id":"https:\/\/www.bellunopress.it\/2017\/04\/18\/ancora-senza-esito-le-ricerche-di-ido-bof\/#breadcrumb","itemListElement":[{"@type":"ListItem","position":1,"name":"Home","item":"https:\/\/www.bellunopress.it\/"},{"@type":"ListItem","position":2,"name":"Ancora senza esito le ricerche di Ido Bof"}]},{"@type":"WebSite","@id":"https:\/\/www.bellunopress.it\/#website","url":"https:\/\/www.bellunopress.it\/","name":"Bellunopress - Dolomiti","description":"e-mail: redazione@bellunopress.it","publisher":{"@id":"https:\/\/www.bellunopress.it\/#organization"},"potentialAction":[{"@type":"SearchAction","target":{"@type":"EntryPoint","urlTemplate":"https:\/\/www.bellunopress.it\/?s={search_term_string}"},"query-input":{"@type":"PropertyValueSpecification","valueRequired":true,"valueName":"search_term_string"}}],"inLanguage":"fr-FR"},{"@type":"Organization","@id":"https:\/\/www.bellunopress.it\/#organization","name":"Bellunopress","url":"https:\/\/www.bellunopress.it\/","logo":{"@type":"ImageObject","inLanguage":"fr-FR","@id":"https:\/\/www.bellunopress.it\/#\/schema\/logo\/image\/","url":"https:\/\/www.bellunopress.it\/wp-content\/uploads\/2011\/05\/cropped-logo-bellunopress-.jpg","contentUrl":"https:\/\/www.bellunopress.it\/wp-content\/uploads\/2011\/05\/cropped-logo-bellunopress-.jpg","width":512,"height":512,"caption":"Bellunopress"},"image":{"@id":"https:\/\/www.bellunopress.it\/#\/schema\/logo\/image\/"},"sameAs":["https:\/\/www.facebook.com\/profile.php?id=100008943462799","https:\/\/x.com\/bellunopress","https:\/\/www.linkedin.com\/hp\/?dnr=JBzUWaJfMUw8vbXJJ2tVW5-I3jZKvC4wsoxE&amp;amp;amp;amp;amp;amp;trk=nav_responsive_tab_home","https:\/\/www.youtube.com\/channel\/UCxL0wu1uN0_3_7hGG0306cw"]},{"@type":"Person","@id":"https:\/\/www.bellunopress.it\/#\/schema\/person\/79bb06722b37ece1c03d3e94beb30d73","name":"r\u00e9daction","image":{"@type":"ImageObject","inLanguage":"fr-FR","@id":"https:\/\/secure.gravatar.com\/avatar\/37d968a2e67a6fd04c169c4bdef102d0bc5d31b2546345219e348575eb80e9a0?s=96&d=mm&r=g","url":"https:\/\/secure.gravatar.com\/avatar\/37d968a2e67a6fd04c169c4bdef102d0bc5d31b2546345219e348575eb80e9a0?s=96&d=mm&r=g","contentUrl":"https:\/\/secure.gravatar.com\/avatar\/37d968a2e67a6fd04c169c4bdef102d0bc5d31b2546345219e348575eb80e9a0?s=96&d=mm&r=g","caption":"redazione"},"sameAs":["http:\/\/www.bellunopress.it","https:\/\/x.com\/bellunopress"],"url":"https:\/\/www.bellunopress.it\/fr\/author\/redazione\/"}]}},"_links":{"self":[{"href":"https:\/\/www.bellunopress.it\/fr\/wp-json\/wp\/v2\/posts\/85835","targetHints":{"allow":["GET"]}}],"collection":[{"href":"https:\/\/www.bellunopress.it\/fr\/wp-json\/wp\/v2\/posts"}],"about":[{"href":"https:\/\/www.bellunopress.it\/fr\/wp-json\/wp\/v2\/types\/post"}],"author":[{"embeddable":true,"href":"https:\/\/www.bellunopress.it\/fr\/wp-json\/wp\/v2\/users\/2"}],"replies":[{"embeddable":true,"href":"https:\/\/www.bellunopress.it\/fr\/wp-json\/wp\/v2\/comments?post=85835"}],"version-history":[{"count":1,"href":"https:\/\/www.bellunopress.it\/fr\/wp-json\/wp\/v2\/posts\/85835\/revisions"}],"predecessor-version":[{"id":85836,"href":"https:\/\/www.bellunopress.it\/fr\/wp-json\/wp\/v2\/posts\/85835\/revisions\/85836"}],"wp:attachment":[{"href":"https:\/\/www.bellunopress.it\/fr\/wp-json\/wp\/v2\/media?parent=85835"}],"wp:term":[{"taxonomy":"category","embeddable":true,"href":"https:\/\/www.bellunopress.it\/fr\/wp-json\/wp\/v2\/categories?post=85835"},{"taxonomy":"post_tag","embeddable":true,"href":"https:\/\/www.bellunopress.it\/fr\/wp-json\/wp\/v2\/tags?post=85835"}],"curies":[{"name":"wp","href":"https:\/\/api.w.org\/{rel}","templated":true}]}}