{"id":8570,"date":"2009-10-01T11:15:22","date_gmt":"2009-10-01T10:15:22","guid":{"rendered":"http:\/\/www.bellunopress.it\/?p=8570"},"modified":"2009-10-01T11:19:52","modified_gmt":"2009-10-01T10:19:52","slug":"3%c2%b0-premio-all%e2%80%99ediltrophy-di-padova-con-i-bellunesi-in-evidenza","status":"publish","type":"post","link":"https:\/\/www.bellunopress.it\/fr\/2009\/10\/01\/3%c2%b0-premio-all%e2%80%99ediltrophy-di-padova-con-i-bellunesi-in-evidenza\/","title":{"rendered":"Terzo premio arte muraria ai giovani edili bellunesi all&#8217; Ediltrophy di Padova"},"content":{"rendered":"<p><a href=\"http:\/\/www.bellunopress.it\/wp-content\/uploads\/2009\/10\/edilizia-leggera.jpg\"><img loading=\"lazy\" decoding=\"async\" class=\"alignleft size-medium wp-image-8571\" title=\"edilizia-leggera\" src=\"http:\/\/www.bellunopress.it\/wp-content\/uploads\/2009\/10\/edilizia-leggera.jpg\" alt=\"\" width=\"270\" height=\"180\" \/><\/a>I bellunesi sono stati segnalati per l\u2019uso di DPI, il comportamento e ordine in cantiere e il saper costruire \u201ca regola d\u2019arte\u201d d\u2019alta qualit\u00e0. Si \u00e8 classificata terza la squadra degli allievi del Centro di formazione maestranze edili di Mel, nella gara di arte muraria tenutasi a Padova sabato scorso nell\u2019ambito dell\u2019Ediltrophy organizzato a livello nazionale da Formedil ente per la formazione in edilizia.<br \/>\nSoddisfazione anche per la squadra degli ex allievi di vent\u2019anni nella categoria over 18 che sebbene non abbiano raggiunto il primo premio per accedere ai confronti nazionali solamente per uno scarto sui tempi, sono stati elogiati dalla giuria per essersi distinti nell\u2019uso dei D.P.I. come unica squadra che ha utilizzato abbigliamento e dispositivi di protezione in piena regola. Un motivo di orgoglio pertanto per Fabio Zanon e Nicola Savaris che da poco usciti dal corso triennale di Mel si sono confrontati con adulti con anni di pregressa esperienza nel settore edile; dei giovani \u00e8 stata sottolineata dai giurati anche la correttezza d\u2019interpretazione del lavoro e la qualit\u00e0 molto alta dell\u2019esecuzione. Per la squadra degli allievi formata da Alessandro Reduce e Nicol\u00f2 Mazzalovo e dagli allievi di riserva e supporto Nicola Sabadotto e Mirko Ferroni, la soddisfazione non \u00e8 andata solo per il raggiunto terzo posto, ma anche per le particolari motivazioni espresse dalla giuria: uso dei D.P.I. al completo li hanno distinti dalle altre squadre cos\u00ec come \u00e8 stato elogiato l\u2019ordine in cantiere; eccellenza anche per\u00a0 l\u2019unica\u00a0 votazione 7 di tutte le voci in gara\u00a0 andata proprio al gruppo della scuola bellunese per la perfezione della piombatura utilizzando il filo a piombo. Il metodo,\u00a0 di antica tradizione, ha dimostrato ancora una volta, essere lo strumento pi\u00f9 corretto per raggiungere la perfezione dell\u2019esecuzione. E\u2019 dunque sulla qualit\u00e0 esecutiva, l\u2019interpretazione perfetta dell\u2019incarico, la cura meticolosa dei particolari che ha puntato la Scuola di Mel .<a href=\"http:\/\/www.bellunopress.it\/wp-content\/uploads\/2009\/10\/edilizia-2leggera.jpg\"><img loading=\"lazy\" decoding=\"async\" class=\"alignright size-medium wp-image-8572\" title=\"edilizia-2leggera\" src=\"http:\/\/www.bellunopress.it\/wp-content\/uploads\/2009\/10\/edilizia-2leggera.jpg\" alt=\"\" width=\"180\" height=\"270\" \/><\/a><br \/>\nDegli allievi bellunesi \u00e8 stato da pi\u00f9 voci elogiato non solo l\u2019affiatamento di squadra, la capacit\u00e0 di gestire un cantiere in perfetto ordine e l\u2019uso dei dispositivi di legge, ma anche il saper mettere in pratica l\u2019esecuzione nella perfetta \u201cregola d\u2019arte\u201d seguendo i principi fondamentali del costruire in edilizia.<br \/>\nUno sforzo formativo ed educativo che la scuola ha in questi anni seguito e che sta ulteriormente incrementando per il futuro: essere all\u2019avanguardia camminando sulle solide basi del \u201ccostruire a regola d\u2019arte\u201d con maestranze d\u2019eccellenza che sappiano curare con attenzione i minimi particolari ed elevare la qualit\u00e0 del lavoro.<\/p>","protected":false},"excerpt":{"rendered":"<p>I bellunesi sono stati segnalati per l\u2019uso di DPI, il comportamento e ordine in cantiere e il saper costruire \u201ca regola d\u2019arte\u201d d\u2019alta qualit\u00e0. Si \u00e8 classificata terza la squadra degli allievi del Centro di formazione maestranze edili di Mel, nella gara di arte muraria tenutasi a Padova sabato scorso nell\u2019ambito dell\u2019Ediltrophy organizzato a livello [&hellip;]<\/p>\n","protected":false},"author":2,"featured_media":0,"comment_status":"closed","ping_status":"open","sticky":false,"template":"","format":"standard","meta":{"footnotes":""},"categories":[36,26],"tags":[139],"class_list":["post-8570","post","type-post","status-publish","format-standard","category-lavoro-economia","category-prima-pagina","tag-belluno"],"yoast_head":"<!-- This site is optimized with the Yoast SEO plugin v28.4 - https:\/\/yoast.com\/product\/yoast-seo-wordpress\/ -->\n<title>Terzo premio arte muraria ai giovani edili bellunesi all&#039; Ediltrophy di Padova - Bellunopress - Dolomiti<\/title>\n<meta name=\"robots\" content=\"index, follow, max-snippet:-1, max-image-preview:large, max-video-preview:-1\" \/>\n<link rel=\"canonical\" href=\"https:\/\/www.bellunopress.it\/fr\/2009\/10\/01\/3\u00b0-premio-all\u2019ediltrophy-di-padova-con-i-bellunesi-in-evidenza\/\" \/>\n<meta property=\"og:locale\" content=\"fr_FR\" \/>\n<meta property=\"og:type\" content=\"article\" \/>\n<meta property=\"og:title\" content=\"Terzo premio arte muraria ai giovani edili bellunesi all&#039; Ediltrophy di Padova - Bellunopress - Dolomiti\" \/>\n<meta property=\"og:description\" content=\"I bellunesi sono stati segnalati per l\u2019uso di DPI, il comportamento e ordine in cantiere e il saper costruire \u201ca regola d\u2019arte\u201d d\u2019alta qualit\u00e0. Si \u00e8 classificata terza la squadra degli allievi del Centro di formazione maestranze edili di Mel, nella gara di arte muraria tenutasi a Padova sabato scorso nell\u2019ambito dell\u2019Ediltrophy organizzato a livello [&hellip;]\" \/>\n<meta property=\"og:url\" content=\"https:\/\/www.bellunopress.it\/fr\/2009\/10\/01\/3\u00b0-premio-all\u2019ediltrophy-di-padova-con-i-bellunesi-in-evidenza\/\" \/>\n<meta property=\"og:site_name\" content=\"Bellunopress - Dolomiti\" \/>\n<meta property=\"article:publisher\" content=\"https:\/\/www.facebook.com\/profile.php?id=100008943462799\" \/>\n<meta property=\"article:published_time\" content=\"2009-10-01T10:15:22+00:00\" \/>\n<meta property=\"article:modified_time\" content=\"2009-10-01T10:19:52+00:00\" \/>\n<meta property=\"og:image\" content=\"http:\/\/www.bellunopress.it\/wp-content\/uploads\/2009\/10\/edilizia-leggera.jpg\" \/>\n<meta name=\"author\" content=\"redazione\" \/>\n<meta name=\"twitter:card\" content=\"summary_large_image\" \/>\n<meta name=\"twitter:creator\" content=\"@bellunopress\" \/>\n<meta name=\"twitter:site\" content=\"@bellunopress\" \/>\n<meta name=\"twitter:label1\" content=\"\u00c9crit par\" \/>\n\t<meta name=\"twitter:data1\" content=\"redazione\" \/>\n\t<meta name=\"twitter:label2\" content=\"Dur\u00e9e de lecture estim\u00e9e\" \/>\n\t<meta name=\"twitter:data2\" content=\"2 minutes\" \/>\n<script type=\"application\/ld+json\" class=\"yoast-schema-graph\">{\"@context\":\"https:\\\/\\\/schema.org\",\"@graph\":[{\"@type\":\"Article\",\"@id\":\"https:\\\/\\\/www.bellunopress.it\\\/2009\\\/10\\\/01\\\/3%c2%b0-premio-all%e2%80%99ediltrophy-di-padova-con-i-bellunesi-in-evidenza\\\/#article\",\"isPartOf\":{\"@id\":\"https:\\\/\\\/www.bellunopress.it\\\/2009\\\/10\\\/01\\\/3%c2%b0-premio-all%e2%80%99ediltrophy-di-padova-con-i-bellunesi-in-evidenza\\\/\"},\"author\":{\"name\":\"redazione\",\"@id\":\"https:\\\/\\\/www.bellunopress.it\\\/#\\\/schema\\\/person\\\/79bb06722b37ece1c03d3e94beb30d73\"},\"headline\":\"Terzo premio arte muraria ai giovani edili bellunesi all&#8217; Ediltrophy di Padova\",\"datePublished\":\"2009-10-01T10:15:22+00:00\",\"dateModified\":\"2009-10-01T10:19:52+00:00\",\"mainEntityOfPage\":{\"@id\":\"https:\\\/\\\/www.bellunopress.it\\\/2009\\\/10\\\/01\\\/3%c2%b0-premio-all%e2%80%99ediltrophy-di-padova-con-i-bellunesi-in-evidenza\\\/\"},\"wordCount\":434,\"publisher\":{\"@id\":\"https:\\\/\\\/www.bellunopress.it\\\/#organization\"},\"image\":{\"@id\":\"https:\\\/\\\/www.bellunopress.it\\\/2009\\\/10\\\/01\\\/3%c2%b0-premio-all%e2%80%99ediltrophy-di-padova-con-i-bellunesi-in-evidenza\\\/#primaryimage\"},\"thumbnailUrl\":\"http:\\\/\\\/www.bellunopress.it\\\/wp-content\\\/uploads\\\/2009\\\/10\\\/edilizia-leggera.jpg\",\"keywords\":[\"Belluno\"],\"articleSection\":[\"Lavoro, Economia, Turismo\",\"Prima Pagina\"],\"inLanguage\":\"fr-FR\"},{\"@type\":\"WebPage\",\"@id\":\"https:\\\/\\\/www.bellunopress.it\\\/2009\\\/10\\\/01\\\/3%c2%b0-premio-all%e2%80%99ediltrophy-di-padova-con-i-bellunesi-in-evidenza\\\/\",\"url\":\"https:\\\/\\\/www.bellunopress.it\\\/2009\\\/10\\\/01\\\/3%c2%b0-premio-all%e2%80%99ediltrophy-di-padova-con-i-bellunesi-in-evidenza\\\/\",\"name\":\"Terzo premio arte muraria ai giovani edili bellunesi all' Ediltrophy di Padova - Bellunopress - Dolomiti\",\"isPartOf\":{\"@id\":\"https:\\\/\\\/www.bellunopress.it\\\/#website\"},\"primaryImageOfPage\":{\"@id\":\"https:\\\/\\\/www.bellunopress.it\\\/2009\\\/10\\\/01\\\/3%c2%b0-premio-all%e2%80%99ediltrophy-di-padova-con-i-bellunesi-in-evidenza\\\/#primaryimage\"},\"image\":{\"@id\":\"https:\\\/\\\/www.bellunopress.it\\\/2009\\\/10\\\/01\\\/3%c2%b0-premio-all%e2%80%99ediltrophy-di-padova-con-i-bellunesi-in-evidenza\\\/#primaryimage\"},\"thumbnailUrl\":\"http:\\\/\\\/www.bellunopress.it\\\/wp-content\\\/uploads\\\/2009\\\/10\\\/edilizia-leggera.jpg\",\"datePublished\":\"2009-10-01T10:15:22+00:00\",\"dateModified\":\"2009-10-01T10:19:52+00:00\",\"breadcrumb\":{\"@id\":\"https:\\\/\\\/www.bellunopress.it\\\/2009\\\/10\\\/01\\\/3%c2%b0-premio-all%e2%80%99ediltrophy-di-padova-con-i-bellunesi-in-evidenza\\\/#breadcrumb\"},\"inLanguage\":\"fr-FR\",\"potentialAction\":[{\"@type\":\"ReadAction\",\"target\":[\"https:\\\/\\\/www.bellunopress.it\\\/2009\\\/10\\\/01\\\/3%c2%b0-premio-all%e2%80%99ediltrophy-di-padova-con-i-bellunesi-in-evidenza\\\/\"]}]},{\"@type\":\"ImageObject\",\"inLanguage\":\"fr-FR\",\"@id\":\"https:\\\/\\\/www.bellunopress.it\\\/2009\\\/10\\\/01\\\/3%c2%b0-premio-all%e2%80%99ediltrophy-di-padova-con-i-bellunesi-in-evidenza\\\/#primaryimage\",\"url\":\"http:\\\/\\\/www.bellunopress.it\\\/wp-content\\\/uploads\\\/2009\\\/10\\\/edilizia-leggera.jpg\",\"contentUrl\":\"http:\\\/\\\/www.bellunopress.it\\\/wp-content\\\/uploads\\\/2009\\\/10\\\/edilizia-leggera.jpg\"},{\"@type\":\"BreadcrumbList\",\"@id\":\"https:\\\/\\\/www.bellunopress.it\\\/2009\\\/10\\\/01\\\/3%c2%b0-premio-all%e2%80%99ediltrophy-di-padova-con-i-bellunesi-in-evidenza\\\/#breadcrumb\",\"itemListElement\":[{\"@type\":\"ListItem\",\"position\":1,\"name\":\"Home\",\"item\":\"https:\\\/\\\/www.bellunopress.it\\\/\"},{\"@type\":\"ListItem\",\"position\":2,\"name\":\"Terzo premio arte muraria ai giovani edili bellunesi all&#8217; Ediltrophy di Padova\"}]},{\"@type\":\"WebSite\",\"@id\":\"https:\\\/\\\/www.bellunopress.it\\\/#website\",\"url\":\"https:\\\/\\\/www.bellunopress.it\\\/\",\"name\":\"Bellunopress - Dolomiti\",\"description\":\"e-mail: redazione@bellunopress.it\",\"publisher\":{\"@id\":\"https:\\\/\\\/www.bellunopress.it\\\/#organization\"},\"potentialAction\":[{\"@type\":\"SearchAction\",\"target\":{\"@type\":\"EntryPoint\",\"urlTemplate\":\"https:\\\/\\\/www.bellunopress.it\\\/?s={search_term_string}\"},\"query-input\":{\"@type\":\"PropertyValueSpecification\",\"valueRequired\":true,\"valueName\":\"search_term_string\"}}],\"inLanguage\":\"fr-FR\"},{\"@type\":\"Organization\",\"@id\":\"https:\\\/\\\/www.bellunopress.it\\\/#organization\",\"name\":\"Bellunopress\",\"url\":\"https:\\\/\\\/www.bellunopress.it\\\/\",\"logo\":{\"@type\":\"ImageObject\",\"inLanguage\":\"fr-FR\",\"@id\":\"https:\\\/\\\/www.bellunopress.it\\\/#\\\/schema\\\/logo\\\/image\\\/\",\"url\":\"https:\\\/\\\/www.bellunopress.it\\\/wp-content\\\/uploads\\\/2011\\\/05\\\/cropped-logo-bellunopress-.jpg\",\"contentUrl\":\"https:\\\/\\\/www.bellunopress.it\\\/wp-content\\\/uploads\\\/2011\\\/05\\\/cropped-logo-bellunopress-.jpg\",\"width\":512,\"height\":512,\"caption\":\"Bellunopress\"},\"image\":{\"@id\":\"https:\\\/\\\/www.bellunopress.it\\\/#\\\/schema\\\/logo\\\/image\\\/\"},\"sameAs\":[\"https:\\\/\\\/www.facebook.com\\\/profile.php?id=100008943462799\",\"https:\\\/\\\/x.com\\\/bellunopress\",\"https:\\\/\\\/www.linkedin.com\\\/hp\\\/?dnr=JBzUWaJfMUw8vbXJJ2tVW5-I3jZKvC4wsoxE&amp;amp;amp;amp;amp;amp;trk=nav_responsive_tab_home\",\"https:\\\/\\\/www.youtube.com\\\/channel\\\/UCxL0wu1uN0_3_7hGG0306cw\"]},{\"@type\":\"Person\",\"@id\":\"https:\\\/\\\/www.bellunopress.it\\\/#\\\/schema\\\/person\\\/79bb06722b37ece1c03d3e94beb30d73\",\"name\":\"redazione\",\"image\":{\"@type\":\"ImageObject\",\"inLanguage\":\"fr-FR\",\"@id\":\"https:\\\/\\\/secure.gravatar.com\\\/avatar\\\/37d968a2e67a6fd04c169c4bdef102d0bc5d31b2546345219e348575eb80e9a0?s=96&d=mm&r=g\",\"url\":\"https:\\\/\\\/secure.gravatar.com\\\/avatar\\\/37d968a2e67a6fd04c169c4bdef102d0bc5d31b2546345219e348575eb80e9a0?s=96&d=mm&r=g\",\"contentUrl\":\"https:\\\/\\\/secure.gravatar.com\\\/avatar\\\/37d968a2e67a6fd04c169c4bdef102d0bc5d31b2546345219e348575eb80e9a0?s=96&d=mm&r=g\",\"caption\":\"redazione\"},\"sameAs\":[\"http:\\\/\\\/www.bellunopress.it\",\"https:\\\/\\\/x.com\\\/bellunopress\"],\"url\":\"https:\\\/\\\/www.bellunopress.it\\\/fr\\\/author\\\/redazione\\\/\"}]}<\/script>\n<!-- \/ Yoast SEO plugin. -->","yoast_head_json":{"title":"Terzo premio arte muraria ai giovani edili bellunesi all' Ediltrophy di Padova - Bellunopress - Dolomiti","robots":{"index":"index","follow":"follow","max-snippet":"max-snippet:-1","max-image-preview":"max-image-preview:large","max-video-preview":"max-video-preview:-1"},"canonical":"https:\/\/www.bellunopress.it\/fr\/2009\/10\/01\/3\u00b0-premio-all\u2019ediltrophy-di-padova-con-i-bellunesi-in-evidenza\/","og_locale":"fr_FR","og_type":"article","og_title":"Terzo premio arte muraria ai giovani edili bellunesi all' Ediltrophy di Padova - Bellunopress - Dolomiti","og_description":"I bellunesi sono stati segnalati per l\u2019uso di DPI, il comportamento e ordine in cantiere e il saper costruire \u201ca regola d\u2019arte\u201d d\u2019alta qualit\u00e0. Si \u00e8 classificata terza la squadra degli allievi del Centro di formazione maestranze edili di Mel, nella gara di arte muraria tenutasi a Padova sabato scorso nell\u2019ambito dell\u2019Ediltrophy organizzato a livello [&hellip;]","og_url":"https:\/\/www.bellunopress.it\/fr\/2009\/10\/01\/3\u00b0-premio-all\u2019ediltrophy-di-padova-con-i-bellunesi-in-evidenza\/","og_site_name":"Bellunopress - Dolomiti","article_publisher":"https:\/\/www.facebook.com\/profile.php?id=100008943462799","article_published_time":"2009-10-01T10:15:22+00:00","article_modified_time":"2009-10-01T10:19:52+00:00","og_image":[{"url":"http:\/\/www.bellunopress.it\/wp-content\/uploads\/2009\/10\/edilizia-leggera.jpg","type":"","width":"","height":""}],"author":"redazione","twitter_card":"summary_large_image","twitter_creator":"@bellunopress","twitter_site":"@bellunopress","twitter_misc":{"\u00c9crit par":"redazione","Dur\u00e9e de lecture estim\u00e9e":"2 minutes"},"schema":{"@context":"https:\/\/schema.org","@graph":[{"@type":"Article","@id":"https:\/\/www.bellunopress.it\/2009\/10\/01\/3%c2%b0-premio-all%e2%80%99ediltrophy-di-padova-con-i-bellunesi-in-evidenza\/#article","isPartOf":{"@id":"https:\/\/www.bellunopress.it\/2009\/10\/01\/3%c2%b0-premio-all%e2%80%99ediltrophy-di-padova-con-i-bellunesi-in-evidenza\/"},"author":{"name":"redazione","@id":"https:\/\/www.bellunopress.it\/#\/schema\/person\/79bb06722b37ece1c03d3e94beb30d73"},"headline":"Terzo premio arte muraria ai giovani edili bellunesi all&#8217; Ediltrophy di Padova","datePublished":"2009-10-01T10:15:22+00:00","dateModified":"2009-10-01T10:19:52+00:00","mainEntityOfPage":{"@id":"https:\/\/www.bellunopress.it\/2009\/10\/01\/3%c2%b0-premio-all%e2%80%99ediltrophy-di-padova-con-i-bellunesi-in-evidenza\/"},"wordCount":434,"publisher":{"@id":"https:\/\/www.bellunopress.it\/#organization"},"image":{"@id":"https:\/\/www.bellunopress.it\/2009\/10\/01\/3%c2%b0-premio-all%e2%80%99ediltrophy-di-padova-con-i-bellunesi-in-evidenza\/#primaryimage"},"thumbnailUrl":"http:\/\/www.bellunopress.it\/wp-content\/uploads\/2009\/10\/edilizia-leggera.jpg","keywords":["Belluno"],"articleSection":["Lavoro, Economia, Turismo","Prima Pagina"],"inLanguage":"fr-FR"},{"@type":"WebPage","@id":"https:\/\/www.bellunopress.it\/2009\/10\/01\/3%c2%b0-premio-all%e2%80%99ediltrophy-di-padova-con-i-bellunesi-in-evidenza\/","url":"https:\/\/www.bellunopress.it\/2009\/10\/01\/3%c2%b0-premio-all%e2%80%99ediltrophy-di-padova-con-i-bellunesi-in-evidenza\/","name":"Terzo premio arte muraria ai giovani edili bellunesi all' Ediltrophy di Padova - Bellunopress - Dolomiti","isPartOf":{"@id":"https:\/\/www.bellunopress.it\/#website"},"primaryImageOfPage":{"@id":"https:\/\/www.bellunopress.it\/2009\/10\/01\/3%c2%b0-premio-all%e2%80%99ediltrophy-di-padova-con-i-bellunesi-in-evidenza\/#primaryimage"},"image":{"@id":"https:\/\/www.bellunopress.it\/2009\/10\/01\/3%c2%b0-premio-all%e2%80%99ediltrophy-di-padova-con-i-bellunesi-in-evidenza\/#primaryimage"},"thumbnailUrl":"http:\/\/www.bellunopress.it\/wp-content\/uploads\/2009\/10\/edilizia-leggera.jpg","datePublished":"2009-10-01T10:15:22+00:00","dateModified":"2009-10-01T10:19:52+00:00","breadcrumb":{"@id":"https:\/\/www.bellunopress.it\/2009\/10\/01\/3%c2%b0-premio-all%e2%80%99ediltrophy-di-padova-con-i-bellunesi-in-evidenza\/#breadcrumb"},"inLanguage":"fr-FR","potentialAction":[{"@type":"ReadAction","target":["https:\/\/www.bellunopress.it\/2009\/10\/01\/3%c2%b0-premio-all%e2%80%99ediltrophy-di-padova-con-i-bellunesi-in-evidenza\/"]}]},{"@type":"ImageObject","inLanguage":"fr-FR","@id":"https:\/\/www.bellunopress.it\/2009\/10\/01\/3%c2%b0-premio-all%e2%80%99ediltrophy-di-padova-con-i-bellunesi-in-evidenza\/#primaryimage","url":"http:\/\/www.bellunopress.it\/wp-content\/uploads\/2009\/10\/edilizia-leggera.jpg","contentUrl":"http:\/\/www.bellunopress.it\/wp-content\/uploads\/2009\/10\/edilizia-leggera.jpg"},{"@type":"BreadcrumbList","@id":"https:\/\/www.bellunopress.it\/2009\/10\/01\/3%c2%b0-premio-all%e2%80%99ediltrophy-di-padova-con-i-bellunesi-in-evidenza\/#breadcrumb","itemListElement":[{"@type":"ListItem","position":1,"name":"Home","item":"https:\/\/www.bellunopress.it\/"},{"@type":"ListItem","position":2,"name":"Terzo premio arte muraria ai giovani edili bellunesi all&#8217; Ediltrophy di Padova"}]},{"@type":"WebSite","@id":"https:\/\/www.bellunopress.it\/#website","url":"https:\/\/www.bellunopress.it\/","name":"Bellunopress - Dolomiti","description":"e-mail: redazione@bellunopress.it","publisher":{"@id":"https:\/\/www.bellunopress.it\/#organization"},"potentialAction":[{"@type":"SearchAction","target":{"@type":"EntryPoint","urlTemplate":"https:\/\/www.bellunopress.it\/?s={search_term_string}"},"query-input":{"@type":"PropertyValueSpecification","valueRequired":true,"valueName":"search_term_string"}}],"inLanguage":"fr-FR"},{"@type":"Organization","@id":"https:\/\/www.bellunopress.it\/#organization","name":"Bellunopress","url":"https:\/\/www.bellunopress.it\/","logo":{"@type":"ImageObject","inLanguage":"fr-FR","@id":"https:\/\/www.bellunopress.it\/#\/schema\/logo\/image\/","url":"https:\/\/www.bellunopress.it\/wp-content\/uploads\/2011\/05\/cropped-logo-bellunopress-.jpg","contentUrl":"https:\/\/www.bellunopress.it\/wp-content\/uploads\/2011\/05\/cropped-logo-bellunopress-.jpg","width":512,"height":512,"caption":"Bellunopress"},"image":{"@id":"https:\/\/www.bellunopress.it\/#\/schema\/logo\/image\/"},"sameAs":["https:\/\/www.facebook.com\/profile.php?id=100008943462799","https:\/\/x.com\/bellunopress","https:\/\/www.linkedin.com\/hp\/?dnr=JBzUWaJfMUw8vbXJJ2tVW5-I3jZKvC4wsoxE&amp;amp;amp;amp;amp;amp;trk=nav_responsive_tab_home","https:\/\/www.youtube.com\/channel\/UCxL0wu1uN0_3_7hGG0306cw"]},{"@type":"Person","@id":"https:\/\/www.bellunopress.it\/#\/schema\/person\/79bb06722b37ece1c03d3e94beb30d73","name":"r\u00e9daction","image":{"@type":"ImageObject","inLanguage":"fr-FR","@id":"https:\/\/secure.gravatar.com\/avatar\/37d968a2e67a6fd04c169c4bdef102d0bc5d31b2546345219e348575eb80e9a0?s=96&d=mm&r=g","url":"https:\/\/secure.gravatar.com\/avatar\/37d968a2e67a6fd04c169c4bdef102d0bc5d31b2546345219e348575eb80e9a0?s=96&d=mm&r=g","contentUrl":"https:\/\/secure.gravatar.com\/avatar\/37d968a2e67a6fd04c169c4bdef102d0bc5d31b2546345219e348575eb80e9a0?s=96&d=mm&r=g","caption":"redazione"},"sameAs":["http:\/\/www.bellunopress.it","https:\/\/x.com\/bellunopress"],"url":"https:\/\/www.bellunopress.it\/fr\/author\/redazione\/"}]}},"_links":{"self":[{"href":"https:\/\/www.bellunopress.it\/fr\/wp-json\/wp\/v2\/posts\/8570","targetHints":{"allow":["GET"]}}],"collection":[{"href":"https:\/\/www.bellunopress.it\/fr\/wp-json\/wp\/v2\/posts"}],"about":[{"href":"https:\/\/www.bellunopress.it\/fr\/wp-json\/wp\/v2\/types\/post"}],"author":[{"embeddable":true,"href":"https:\/\/www.bellunopress.it\/fr\/wp-json\/wp\/v2\/users\/2"}],"replies":[{"embeddable":true,"href":"https:\/\/www.bellunopress.it\/fr\/wp-json\/wp\/v2\/comments?post=8570"}],"version-history":[{"count":5,"href":"https:\/\/www.bellunopress.it\/fr\/wp-json\/wp\/v2\/posts\/8570\/revisions"}],"predecessor-version":[{"id":8577,"href":"https:\/\/www.bellunopress.it\/fr\/wp-json\/wp\/v2\/posts\/8570\/revisions\/8577"}],"wp:attachment":[{"href":"https:\/\/www.bellunopress.it\/fr\/wp-json\/wp\/v2\/media?parent=8570"}],"wp:term":[{"taxonomy":"category","embeddable":true,"href":"https:\/\/www.bellunopress.it\/fr\/wp-json\/wp\/v2\/categories?post=8570"},{"taxonomy":"post_tag","embeddable":true,"href":"https:\/\/www.bellunopress.it\/fr\/wp-json\/wp\/v2\/tags?post=8570"}],"curies":[{"name":"wp","href":"https:\/\/api.w.org\/{rel}","templated":true}]}}