{"id":85592,"date":"2017-04-06T16:08:14","date_gmt":"2017-04-06T14:08:14","guid":{"rendered":"http:\/\/www.bellunopress.it\/?p=85592"},"modified":"2017-04-06T16:08:14","modified_gmt":"2017-04-06T14:08:14","slug":"rombo-di-motori-questo-weekend-nellagordino-per-la-seconda-edizione-del-dolomiti-rally-day","status":"publish","type":"post","link":"https:\/\/www.bellunopress.it\/fr\/2017\/04\/06\/rombo-di-motori-questo-weekend-nellagordino-per-la-seconda-edizione-del-dolomiti-rally-day\/","title":{"rendered":"Rombo di motori questo weekend nell&#8217;Agordino per la seconda edizione del Dolomiti Rally Day"},"content":{"rendered":"<p>Si disputa sabato 8 e domenica 9 aprile la seconda edizione del Dolomiti Rally Day, la pi\u00f9 giovane fra le competizioni automobilistiche che si corrono in provincia di Belluno. Da quest\u2019anno l\u2019organizzazione dell\u2019evento \u00e8 curata dal Dolomiti Racing Motorsport di Mauro Riva, esperto ed appassionato navigatore.<\/p>\n<p><a href=\"http:\/\/www.bellunopress.it\/wp-content\/uploads\/2014\/06\/Rally-Dolomiti-Historic-montini_zoanni.jpg\"><img loading=\"lazy\" decoding=\"async\" class=\"alignleft size-full wp-image-59155\" src=\"http:\/\/www.bellunopress.it\/wp-content\/uploads\/2014\/06\/Rally-Dolomiti-Historic-montini_zoanni.jpg\" alt=\"\" width=\"290\" height=\"193\" \/><\/a>Il secondo Dolomiti Rally Day per due giorni far\u00e0 di Agordo e dell\u2019Agordino un rombante, colorito e festante capoluogo del motorismo veneto, interessando i territori comunali di Agordo, di Vallada, di Taibon, Voltago, Rivamonte, Cencenighe e San Tomaso. Come gi\u00e0 avvenuto lo scorso anno all\u2019esordio, la corsa abbraccia il \u201cCuore delle Dolomiti\u201d con un percorso su fondo asfaltato di 147,16 chilometri, di cui 38,85 impegnati dalle prove speciali, incastonato fra alcune delle pi\u00f9 suggestive ed affascinanti montagne del territorio: Moiazza, Civetta, Agner. Proprio il \u201cGigante delle Dolomiti\u201d, l\u2019Agner, d\u00e0 il nome ad una delle due speciali che, assieme alla \u201cSasso Bianco\u201d, caratterizzeranno la competizione.<\/p>\n<p>Gli equipaggi affronteranno ogni prova per tre volte, inframezzandole da due riordini che si terranno ad Agordo in via XXVII Aprile e in Piazza Libert\u00e0. Il quartier generale della manifestazione, invece, sar\u00e0 ospitato da Botol Car Service in localit\u00e0 Valcozzena dove, sabato 8 aprile, dalle 14 alle 18, si svolgeranno anche le verifiche ante gara.<\/p>\n<p>Domenica 9 aprile la corsa prender\u00e0 avvio alle 9, quando il primo equipaggio scender\u00e0 dal palco partenza allestito in Piazza Libert\u00e0.<\/p>\n<p>Il Dolomiti Rally Day ha raccolto il testimone del Ronde delle Dolomiti che si \u00e8 disputato fra il 2006 e il 2013 e vanta un albo d\u2019oro di grande prestigio:<\/p>\n<p>2006 &#8211; Auronzo di Cadore: Silva-Pina, Peugeot 206 Wrc;<br \/>\n2007 \u2013 Selva di Cadore: Gasparotto-Bizzotto, Peugeot 206 Wrc;<br \/>\n2008 \u2013 Selva di Cadore: Dalla Torre-Tomasini, Citroen Saxo A6;<br \/>\n2009 \u2013 Cortina d\u2019Ampezzo: Sciessere-Ba\u00f9, Citroen Xsara Wrc;<br \/>\n2010 \u2013 Cortina d\u2019Ampezzo: Giaconia-Torri, Ford Focus Wrc;<br \/>\n2011 \u2013 Cortina d\u2019Ampezzo: De Cecco-Campeis, Ford Focus Wrc;<br \/>\n2012 \u2013 Farra d\u2019Alpago: Porro-Ciminaghi, Ford Focus Wrc;<br \/>\n2013 \u2013 Puos d\u2019Alpago: Scopel-De Marco, Renault Clio FA7.<\/p>\n<p>Il Dolomiti Rally Day 2016 \u00e8 stato vinto dagli agordini di Taibon Lino Lena e Nicola Decima su Renault Clio R3C.<\/p>","protected":false},"excerpt":{"rendered":"<p>Si disputa sabato 8 e domenica 9 aprile la seconda edizione del Dolomiti Rally Day, la pi\u00f9 giovane fra le competizioni automobilistiche che si corrono in provincia di Belluno. Da quest\u2019anno l\u2019organizzazione dell\u2019evento \u00e8 curata dal Dolomiti Racing Motorsport di Mauro Riva, esperto ed appassionato navigatore. Il secondo Dolomiti Rally Day per due giorni far\u00e0 [&hellip;]<\/p>\n","protected":false},"author":2,"featured_media":0,"comment_status":"closed","ping_status":"open","sticky":false,"template":"","format":"standard","meta":{"footnotes":""},"categories":[27,26,4],"tags":[],"class_list":["post-85592","post","type-post","status-publish","format-standard","category-appuntamenti","category-prima-pagina","category-sport"],"yoast_head":"<!-- This site is optimized with the Yoast SEO plugin v28.4 - https:\/\/yoast.com\/product\/yoast-seo-wordpress\/ -->\n<title>Rombo di motori questo weekend nell&#039;Agordino per la seconda edizione del Dolomiti Rally Day - Bellunopress - Dolomiti<\/title>\n<meta name=\"robots\" content=\"index, follow, max-snippet:-1, max-image-preview:large, max-video-preview:-1\" \/>\n<link rel=\"canonical\" href=\"https:\/\/www.bellunopress.it\/fr\/2017\/04\/06\/rombo-di-motori-questo-weekend-nellagordino-per-la-seconda-edizione-del-dolomiti-rally-day\/\" \/>\n<meta property=\"og:locale\" content=\"fr_FR\" \/>\n<meta property=\"og:type\" content=\"article\" \/>\n<meta property=\"og:title\" content=\"Rombo di motori questo weekend nell&#039;Agordino per la seconda edizione del Dolomiti Rally Day - Bellunopress - Dolomiti\" \/>\n<meta property=\"og:description\" content=\"Si disputa sabato 8 e domenica 9 aprile la seconda edizione del Dolomiti Rally Day, la pi\u00f9 giovane fra le competizioni automobilistiche che si corrono in provincia di Belluno. Da quest\u2019anno l\u2019organizzazione dell\u2019evento \u00e8 curata dal Dolomiti Racing Motorsport di Mauro Riva, esperto ed appassionato navigatore. Il secondo Dolomiti Rally Day per due giorni far\u00e0 [&hellip;]\" \/>\n<meta property=\"og:url\" content=\"https:\/\/www.bellunopress.it\/fr\/2017\/04\/06\/rombo-di-motori-questo-weekend-nellagordino-per-la-seconda-edizione-del-dolomiti-rally-day\/\" \/>\n<meta property=\"og:site_name\" content=\"Bellunopress - Dolomiti\" \/>\n<meta property=\"article:publisher\" content=\"https:\/\/www.facebook.com\/profile.php?id=100008943462799\" \/>\n<meta property=\"article:published_time\" content=\"2017-04-06T14:08:14+00:00\" \/>\n<meta property=\"og:image\" content=\"http:\/\/www.bellunopress.it\/wp-content\/uploads\/2014\/06\/Rally-Dolomiti-Historic-montini_zoanni.jpg\" \/>\n<meta name=\"author\" content=\"redazione\" \/>\n<meta name=\"twitter:card\" content=\"summary_large_image\" \/>\n<meta name=\"twitter:creator\" content=\"@bellunopress\" \/>\n<meta name=\"twitter:site\" content=\"@bellunopress\" \/>\n<meta name=\"twitter:label1\" content=\"\u00c9crit par\" \/>\n\t<meta name=\"twitter:data1\" content=\"redazione\" \/>\n\t<meta name=\"twitter:label2\" content=\"Dur\u00e9e de lecture estim\u00e9e\" \/>\n\t<meta name=\"twitter:data2\" content=\"2 minutes\" \/>\n<script type=\"application\/ld+json\" class=\"yoast-schema-graph\">{\"@context\":\"https:\\\/\\\/schema.org\",\"@graph\":[{\"@type\":\"Article\",\"@id\":\"https:\\\/\\\/www.bellunopress.it\\\/2017\\\/04\\\/06\\\/rombo-di-motori-questo-weekend-nellagordino-per-la-seconda-edizione-del-dolomiti-rally-day\\\/#article\",\"isPartOf\":{\"@id\":\"https:\\\/\\\/www.bellunopress.it\\\/2017\\\/04\\\/06\\\/rombo-di-motori-questo-weekend-nellagordino-per-la-seconda-edizione-del-dolomiti-rally-day\\\/\"},\"author\":{\"name\":\"redazione\",\"@id\":\"https:\\\/\\\/www.bellunopress.it\\\/#\\\/schema\\\/person\\\/79bb06722b37ece1c03d3e94beb30d73\"},\"headline\":\"Rombo di motori questo weekend nell&#8217;Agordino per la seconda edizione del Dolomiti Rally Day\",\"datePublished\":\"2017-04-06T14:08:14+00:00\",\"mainEntityOfPage\":{\"@id\":\"https:\\\/\\\/www.bellunopress.it\\\/2017\\\/04\\\/06\\\/rombo-di-motori-questo-weekend-nellagordino-per-la-seconda-edizione-del-dolomiti-rally-day\\\/\"},\"wordCount\":343,\"publisher\":{\"@id\":\"https:\\\/\\\/www.bellunopress.it\\\/#organization\"},\"image\":{\"@id\":\"https:\\\/\\\/www.bellunopress.it\\\/2017\\\/04\\\/06\\\/rombo-di-motori-questo-weekend-nellagordino-per-la-seconda-edizione-del-dolomiti-rally-day\\\/#primaryimage\"},\"thumbnailUrl\":\"http:\\\/\\\/www.bellunopress.it\\\/wp-content\\\/uploads\\\/2014\\\/06\\\/Rally-Dolomiti-Historic-montini_zoanni.jpg\",\"articleSection\":[\"Appuntamenti, Eventi\",\"Prima Pagina\",\"Sport, tempo libero\"],\"inLanguage\":\"fr-FR\"},{\"@type\":\"WebPage\",\"@id\":\"https:\\\/\\\/www.bellunopress.it\\\/2017\\\/04\\\/06\\\/rombo-di-motori-questo-weekend-nellagordino-per-la-seconda-edizione-del-dolomiti-rally-day\\\/\",\"url\":\"https:\\\/\\\/www.bellunopress.it\\\/2017\\\/04\\\/06\\\/rombo-di-motori-questo-weekend-nellagordino-per-la-seconda-edizione-del-dolomiti-rally-day\\\/\",\"name\":\"Rombo di motori questo weekend nell'Agordino per la seconda edizione del Dolomiti Rally Day - Bellunopress - Dolomiti\",\"isPartOf\":{\"@id\":\"https:\\\/\\\/www.bellunopress.it\\\/#website\"},\"primaryImageOfPage\":{\"@id\":\"https:\\\/\\\/www.bellunopress.it\\\/2017\\\/04\\\/06\\\/rombo-di-motori-questo-weekend-nellagordino-per-la-seconda-edizione-del-dolomiti-rally-day\\\/#primaryimage\"},\"image\":{\"@id\":\"https:\\\/\\\/www.bellunopress.it\\\/2017\\\/04\\\/06\\\/rombo-di-motori-questo-weekend-nellagordino-per-la-seconda-edizione-del-dolomiti-rally-day\\\/#primaryimage\"},\"thumbnailUrl\":\"http:\\\/\\\/www.bellunopress.it\\\/wp-content\\\/uploads\\\/2014\\\/06\\\/Rally-Dolomiti-Historic-montini_zoanni.jpg\",\"datePublished\":\"2017-04-06T14:08:14+00:00\",\"breadcrumb\":{\"@id\":\"https:\\\/\\\/www.bellunopress.it\\\/2017\\\/04\\\/06\\\/rombo-di-motori-questo-weekend-nellagordino-per-la-seconda-edizione-del-dolomiti-rally-day\\\/#breadcrumb\"},\"inLanguage\":\"fr-FR\",\"potentialAction\":[{\"@type\":\"ReadAction\",\"target\":[\"https:\\\/\\\/www.bellunopress.it\\\/2017\\\/04\\\/06\\\/rombo-di-motori-questo-weekend-nellagordino-per-la-seconda-edizione-del-dolomiti-rally-day\\\/\"]}]},{\"@type\":\"ImageObject\",\"inLanguage\":\"fr-FR\",\"@id\":\"https:\\\/\\\/www.bellunopress.it\\\/2017\\\/04\\\/06\\\/rombo-di-motori-questo-weekend-nellagordino-per-la-seconda-edizione-del-dolomiti-rally-day\\\/#primaryimage\",\"url\":\"http:\\\/\\\/www.bellunopress.it\\\/wp-content\\\/uploads\\\/2014\\\/06\\\/Rally-Dolomiti-Historic-montini_zoanni.jpg\",\"contentUrl\":\"http:\\\/\\\/www.bellunopress.it\\\/wp-content\\\/uploads\\\/2014\\\/06\\\/Rally-Dolomiti-Historic-montini_zoanni.jpg\"},{\"@type\":\"BreadcrumbList\",\"@id\":\"https:\\\/\\\/www.bellunopress.it\\\/2017\\\/04\\\/06\\\/rombo-di-motori-questo-weekend-nellagordino-per-la-seconda-edizione-del-dolomiti-rally-day\\\/#breadcrumb\",\"itemListElement\":[{\"@type\":\"ListItem\",\"position\":1,\"name\":\"Home\",\"item\":\"https:\\\/\\\/www.bellunopress.it\\\/\"},{\"@type\":\"ListItem\",\"position\":2,\"name\":\"Rombo di motori questo weekend nell&#8217;Agordino per la seconda edizione del Dolomiti Rally Day\"}]},{\"@type\":\"WebSite\",\"@id\":\"https:\\\/\\\/www.bellunopress.it\\\/#website\",\"url\":\"https:\\\/\\\/www.bellunopress.it\\\/\",\"name\":\"Bellunopress - Dolomiti\",\"description\":\"e-mail: redazione@bellunopress.it\",\"publisher\":{\"@id\":\"https:\\\/\\\/www.bellunopress.it\\\/#organization\"},\"potentialAction\":[{\"@type\":\"SearchAction\",\"target\":{\"@type\":\"EntryPoint\",\"urlTemplate\":\"https:\\\/\\\/www.bellunopress.it\\\/?s={search_term_string}\"},\"query-input\":{\"@type\":\"PropertyValueSpecification\",\"valueRequired\":true,\"valueName\":\"search_term_string\"}}],\"inLanguage\":\"fr-FR\"},{\"@type\":\"Organization\",\"@id\":\"https:\\\/\\\/www.bellunopress.it\\\/#organization\",\"name\":\"Bellunopress\",\"url\":\"https:\\\/\\\/www.bellunopress.it\\\/\",\"logo\":{\"@type\":\"ImageObject\",\"inLanguage\":\"fr-FR\",\"@id\":\"https:\\\/\\\/www.bellunopress.it\\\/#\\\/schema\\\/logo\\\/image\\\/\",\"url\":\"https:\\\/\\\/www.bellunopress.it\\\/wp-content\\\/uploads\\\/2011\\\/05\\\/cropped-logo-bellunopress-.jpg\",\"contentUrl\":\"https:\\\/\\\/www.bellunopress.it\\\/wp-content\\\/uploads\\\/2011\\\/05\\\/cropped-logo-bellunopress-.jpg\",\"width\":512,\"height\":512,\"caption\":\"Bellunopress\"},\"image\":{\"@id\":\"https:\\\/\\\/www.bellunopress.it\\\/#\\\/schema\\\/logo\\\/image\\\/\"},\"sameAs\":[\"https:\\\/\\\/www.facebook.com\\\/profile.php?id=100008943462799\",\"https:\\\/\\\/x.com\\\/bellunopress\",\"https:\\\/\\\/www.linkedin.com\\\/hp\\\/?dnr=JBzUWaJfMUw8vbXJJ2tVW5-I3jZKvC4wsoxE&amp;amp;amp;amp;amp;amp;trk=nav_responsive_tab_home\",\"https:\\\/\\\/www.youtube.com\\\/channel\\\/UCxL0wu1uN0_3_7hGG0306cw\"]},{\"@type\":\"Person\",\"@id\":\"https:\\\/\\\/www.bellunopress.it\\\/#\\\/schema\\\/person\\\/79bb06722b37ece1c03d3e94beb30d73\",\"name\":\"redazione\",\"image\":{\"@type\":\"ImageObject\",\"inLanguage\":\"fr-FR\",\"@id\":\"https:\\\/\\\/secure.gravatar.com\\\/avatar\\\/37d968a2e67a6fd04c169c4bdef102d0bc5d31b2546345219e348575eb80e9a0?s=96&d=mm&r=g\",\"url\":\"https:\\\/\\\/secure.gravatar.com\\\/avatar\\\/37d968a2e67a6fd04c169c4bdef102d0bc5d31b2546345219e348575eb80e9a0?s=96&d=mm&r=g\",\"contentUrl\":\"https:\\\/\\\/secure.gravatar.com\\\/avatar\\\/37d968a2e67a6fd04c169c4bdef102d0bc5d31b2546345219e348575eb80e9a0?s=96&d=mm&r=g\",\"caption\":\"redazione\"},\"sameAs\":[\"http:\\\/\\\/www.bellunopress.it\",\"https:\\\/\\\/x.com\\\/bellunopress\"],\"url\":\"https:\\\/\\\/www.bellunopress.it\\\/fr\\\/author\\\/redazione\\\/\"}]}<\/script>\n<!-- \/ Yoast SEO plugin. -->","yoast_head_json":{"title":"Rombo di motori questo weekend nell'Agordino per la seconda edizione del Dolomiti Rally Day - Bellunopress - Dolomiti","robots":{"index":"index","follow":"follow","max-snippet":"max-snippet:-1","max-image-preview":"max-image-preview:large","max-video-preview":"max-video-preview:-1"},"canonical":"https:\/\/www.bellunopress.it\/fr\/2017\/04\/06\/rombo-di-motori-questo-weekend-nellagordino-per-la-seconda-edizione-del-dolomiti-rally-day\/","og_locale":"fr_FR","og_type":"article","og_title":"Rombo di motori questo weekend nell'Agordino per la seconda edizione del Dolomiti Rally Day - Bellunopress - Dolomiti","og_description":"Si disputa sabato 8 e domenica 9 aprile la seconda edizione del Dolomiti Rally Day, la pi\u00f9 giovane fra le competizioni automobilistiche che si corrono in provincia di Belluno. Da quest\u2019anno l\u2019organizzazione dell\u2019evento \u00e8 curata dal Dolomiti Racing Motorsport di Mauro Riva, esperto ed appassionato navigatore. Il secondo Dolomiti Rally Day per due giorni far\u00e0 [&hellip;]","og_url":"https:\/\/www.bellunopress.it\/fr\/2017\/04\/06\/rombo-di-motori-questo-weekend-nellagordino-per-la-seconda-edizione-del-dolomiti-rally-day\/","og_site_name":"Bellunopress - Dolomiti","article_publisher":"https:\/\/www.facebook.com\/profile.php?id=100008943462799","article_published_time":"2017-04-06T14:08:14+00:00","og_image":[{"url":"http:\/\/www.bellunopress.it\/wp-content\/uploads\/2014\/06\/Rally-Dolomiti-Historic-montini_zoanni.jpg","type":"","width":"","height":""}],"author":"redazione","twitter_card":"summary_large_image","twitter_creator":"@bellunopress","twitter_site":"@bellunopress","twitter_misc":{"\u00c9crit par":"redazione","Dur\u00e9e de lecture estim\u00e9e":"2 minutes"},"schema":{"@context":"https:\/\/schema.org","@graph":[{"@type":"Article","@id":"https:\/\/www.bellunopress.it\/2017\/04\/06\/rombo-di-motori-questo-weekend-nellagordino-per-la-seconda-edizione-del-dolomiti-rally-day\/#article","isPartOf":{"@id":"https:\/\/www.bellunopress.it\/2017\/04\/06\/rombo-di-motori-questo-weekend-nellagordino-per-la-seconda-edizione-del-dolomiti-rally-day\/"},"author":{"name":"redazione","@id":"https:\/\/www.bellunopress.it\/#\/schema\/person\/79bb06722b37ece1c03d3e94beb30d73"},"headline":"Rombo di motori questo weekend nell&#8217;Agordino per la seconda edizione del Dolomiti Rally Day","datePublished":"2017-04-06T14:08:14+00:00","mainEntityOfPage":{"@id":"https:\/\/www.bellunopress.it\/2017\/04\/06\/rombo-di-motori-questo-weekend-nellagordino-per-la-seconda-edizione-del-dolomiti-rally-day\/"},"wordCount":343,"publisher":{"@id":"https:\/\/www.bellunopress.it\/#organization"},"image":{"@id":"https:\/\/www.bellunopress.it\/2017\/04\/06\/rombo-di-motori-questo-weekend-nellagordino-per-la-seconda-edizione-del-dolomiti-rally-day\/#primaryimage"},"thumbnailUrl":"http:\/\/www.bellunopress.it\/wp-content\/uploads\/2014\/06\/Rally-Dolomiti-Historic-montini_zoanni.jpg","articleSection":["Appuntamenti, Eventi","Prima Pagina","Sport, tempo libero"],"inLanguage":"fr-FR"},{"@type":"WebPage","@id":"https:\/\/www.bellunopress.it\/2017\/04\/06\/rombo-di-motori-questo-weekend-nellagordino-per-la-seconda-edizione-del-dolomiti-rally-day\/","url":"https:\/\/www.bellunopress.it\/2017\/04\/06\/rombo-di-motori-questo-weekend-nellagordino-per-la-seconda-edizione-del-dolomiti-rally-day\/","name":"Rombo di motori questo weekend nell'Agordino per la seconda edizione del Dolomiti Rally Day - Bellunopress - Dolomiti","isPartOf":{"@id":"https:\/\/www.bellunopress.it\/#website"},"primaryImageOfPage":{"@id":"https:\/\/www.bellunopress.it\/2017\/04\/06\/rombo-di-motori-questo-weekend-nellagordino-per-la-seconda-edizione-del-dolomiti-rally-day\/#primaryimage"},"image":{"@id":"https:\/\/www.bellunopress.it\/2017\/04\/06\/rombo-di-motori-questo-weekend-nellagordino-per-la-seconda-edizione-del-dolomiti-rally-day\/#primaryimage"},"thumbnailUrl":"http:\/\/www.bellunopress.it\/wp-content\/uploads\/2014\/06\/Rally-Dolomiti-Historic-montini_zoanni.jpg","datePublished":"2017-04-06T14:08:14+00:00","breadcrumb":{"@id":"https:\/\/www.bellunopress.it\/2017\/04\/06\/rombo-di-motori-questo-weekend-nellagordino-per-la-seconda-edizione-del-dolomiti-rally-day\/#breadcrumb"},"inLanguage":"fr-FR","potentialAction":[{"@type":"ReadAction","target":["https:\/\/www.bellunopress.it\/2017\/04\/06\/rombo-di-motori-questo-weekend-nellagordino-per-la-seconda-edizione-del-dolomiti-rally-day\/"]}]},{"@type":"ImageObject","inLanguage":"fr-FR","@id":"https:\/\/www.bellunopress.it\/2017\/04\/06\/rombo-di-motori-questo-weekend-nellagordino-per-la-seconda-edizione-del-dolomiti-rally-day\/#primaryimage","url":"http:\/\/www.bellunopress.it\/wp-content\/uploads\/2014\/06\/Rally-Dolomiti-Historic-montini_zoanni.jpg","contentUrl":"http:\/\/www.bellunopress.it\/wp-content\/uploads\/2014\/06\/Rally-Dolomiti-Historic-montini_zoanni.jpg"},{"@type":"BreadcrumbList","@id":"https:\/\/www.bellunopress.it\/2017\/04\/06\/rombo-di-motori-questo-weekend-nellagordino-per-la-seconda-edizione-del-dolomiti-rally-day\/#breadcrumb","itemListElement":[{"@type":"ListItem","position":1,"name":"Home","item":"https:\/\/www.bellunopress.it\/"},{"@type":"ListItem","position":2,"name":"Rombo di motori questo weekend nell&#8217;Agordino per la seconda edizione del Dolomiti Rally Day"}]},{"@type":"WebSite","@id":"https:\/\/www.bellunopress.it\/#website","url":"https:\/\/www.bellunopress.it\/","name":"Bellunopress - Dolomiti","description":"e-mail: redazione@bellunopress.it","publisher":{"@id":"https:\/\/www.bellunopress.it\/#organization"},"potentialAction":[{"@type":"SearchAction","target":{"@type":"EntryPoint","urlTemplate":"https:\/\/www.bellunopress.it\/?s={search_term_string}"},"query-input":{"@type":"PropertyValueSpecification","valueRequired":true,"valueName":"search_term_string"}}],"inLanguage":"fr-FR"},{"@type":"Organization","@id":"https:\/\/www.bellunopress.it\/#organization","name":"Bellunopress","url":"https:\/\/www.bellunopress.it\/","logo":{"@type":"ImageObject","inLanguage":"fr-FR","@id":"https:\/\/www.bellunopress.it\/#\/schema\/logo\/image\/","url":"https:\/\/www.bellunopress.it\/wp-content\/uploads\/2011\/05\/cropped-logo-bellunopress-.jpg","contentUrl":"https:\/\/www.bellunopress.it\/wp-content\/uploads\/2011\/05\/cropped-logo-bellunopress-.jpg","width":512,"height":512,"caption":"Bellunopress"},"image":{"@id":"https:\/\/www.bellunopress.it\/#\/schema\/logo\/image\/"},"sameAs":["https:\/\/www.facebook.com\/profile.php?id=100008943462799","https:\/\/x.com\/bellunopress","https:\/\/www.linkedin.com\/hp\/?dnr=JBzUWaJfMUw8vbXJJ2tVW5-I3jZKvC4wsoxE&amp;amp;amp;amp;amp;amp;trk=nav_responsive_tab_home","https:\/\/www.youtube.com\/channel\/UCxL0wu1uN0_3_7hGG0306cw"]},{"@type":"Person","@id":"https:\/\/www.bellunopress.it\/#\/schema\/person\/79bb06722b37ece1c03d3e94beb30d73","name":"r\u00e9daction","image":{"@type":"ImageObject","inLanguage":"fr-FR","@id":"https:\/\/secure.gravatar.com\/avatar\/37d968a2e67a6fd04c169c4bdef102d0bc5d31b2546345219e348575eb80e9a0?s=96&d=mm&r=g","url":"https:\/\/secure.gravatar.com\/avatar\/37d968a2e67a6fd04c169c4bdef102d0bc5d31b2546345219e348575eb80e9a0?s=96&d=mm&r=g","contentUrl":"https:\/\/secure.gravatar.com\/avatar\/37d968a2e67a6fd04c169c4bdef102d0bc5d31b2546345219e348575eb80e9a0?s=96&d=mm&r=g","caption":"redazione"},"sameAs":["http:\/\/www.bellunopress.it","https:\/\/x.com\/bellunopress"],"url":"https:\/\/www.bellunopress.it\/fr\/author\/redazione\/"}]}},"_links":{"self":[{"href":"https:\/\/www.bellunopress.it\/fr\/wp-json\/wp\/v2\/posts\/85592","targetHints":{"allow":["GET"]}}],"collection":[{"href":"https:\/\/www.bellunopress.it\/fr\/wp-json\/wp\/v2\/posts"}],"about":[{"href":"https:\/\/www.bellunopress.it\/fr\/wp-json\/wp\/v2\/types\/post"}],"author":[{"embeddable":true,"href":"https:\/\/www.bellunopress.it\/fr\/wp-json\/wp\/v2\/users\/2"}],"replies":[{"embeddable":true,"href":"https:\/\/www.bellunopress.it\/fr\/wp-json\/wp\/v2\/comments?post=85592"}],"version-history":[{"count":1,"href":"https:\/\/www.bellunopress.it\/fr\/wp-json\/wp\/v2\/posts\/85592\/revisions"}],"predecessor-version":[{"id":85593,"href":"https:\/\/www.bellunopress.it\/fr\/wp-json\/wp\/v2\/posts\/85592\/revisions\/85593"}],"wp:attachment":[{"href":"https:\/\/www.bellunopress.it\/fr\/wp-json\/wp\/v2\/media?parent=85592"}],"wp:term":[{"taxonomy":"category","embeddable":true,"href":"https:\/\/www.bellunopress.it\/fr\/wp-json\/wp\/v2\/categories?post=85592"},{"taxonomy":"post_tag","embeddable":true,"href":"https:\/\/www.bellunopress.it\/fr\/wp-json\/wp\/v2\/tags?post=85592"}],"curies":[{"name":"wp","href":"https:\/\/api.w.org\/{rel}","templated":true}]}}