{"id":8559,"date":"2009-09-30T21:49:11","date_gmt":"2009-09-30T20:49:11","guid":{"rendered":"http:\/\/www.bellunopress.it\/?p=8559"},"modified":"2009-10-01T11:39:35","modified_gmt":"2009-10-01T10:39:35","slug":"la-giunta-finanzia-edifici-scolasti-e-strutture-sportive-bellunesi","status":"publish","type":"post","link":"https:\/\/www.bellunopress.it\/fr\/2009\/09\/30\/la-giunta-finanzia-edifici-scolasti-e-strutture-sportive-bellunesi\/","title":{"rendered":"La Giunta finanzia edifici scolastici e strutture sportive bellunesi"},"content":{"rendered":"<p>Per due istituti scolastici bellunesi sono stati rimodulati i finanziamenti previsti sulla base di nuove esigenze di progetto. Il provvedimento della Giunta del Veneto, approvato nella seduta del 29 settembre, risponde alla richiesta della Provincia di Belluno riguardante i lavori di adeguamento e messa in sicurezza del liceo \u201cCastaldi\u201d\u00a0 di Feltre e dell\u2019Itc \u201cCalvi\u201d \u2013 Ipsia \u201cBrustolon\u201d di Santo Stefano di Cadore. Il contributo al liceo feltrino ammonta a 375.819,16 euro, di cui la met\u00e0 (\u20ac 187.909,58) corrisponde alla quota statale e l\u2019altra met\u00e0 a quella regionale,\u00a0 finalizzati allo stralcio funzionale di opere per la riqualificazione energetica e l\u2019adeguamento alle norme di prevenzione incendi ed infortunistica dell\u2019edificio. Mentre all\u2019istituto tecnico cadorino sono stati concessi 125.441,46 euro, al 50 per cento (\u20ac 62.720) statali e altrettanti regionale,\u00a0 per l\u2019adeguamento alle norme antincendio e antinfortuni. &#8220;Ringrazio il collega di giunta Massimo Giorgetti, responsabile dei Lavori pubblici \u2013 precisa l\u2019assessore Oscar\u00a0 De Bona \u2013 per aver avuto anche in questa occasione un occhio di riguardo nei confronti delle esigenze della provincia di Belluno. I finanziamenti proposti da Giorgetti riguardano anche impianti sportivi comunali esistenti sul territorio bellunese&#8221;.<br \/>\nSi tratta dei lavori di completamento dei seguenti impianti sportivi:<br \/>\ncampo da calcio di Auronzo di Cadore, per lavori sul campo da allenamento \u20ac 11.505;<br \/>\nstadio olimpico del ghiaccio di Cortina d\u2019Ampezzo, per la realizzazione di locali per uffici \u20ac 39.856;<br \/>\npalazzetto comunale di Santo Stefano di Cadore, per il rifacimento della copertura \u20ac 96.104;<br \/>\nPiscina di Pedavena, per la manutenzione straordinaria e per la sostituzione di piastrelle di vasca e plateatico \u20ac45.068;<br \/>\npalestra comunale di Lamon, per la realizzazione della parete di arrampicata e pavimentazione dell\u2019ingresso \u20ac 14.234;<br \/>\ncampo polivalente di Quero, per la sostituzione della copertura e per la sistemazione del campo e l\u2019adeguamento degli impianti \u20ac 150.000;<br \/>\nimpianti sportici di Pullir di Cesiomaggiore, per la sostituzione della recinzione del campo da calcio e impianto di illuminazione \u20ac 16.748;<br \/>\nimpianto sportivo Gron Pra Cappello di Sospirolo, per lavori di riqualificazione \u20ac\u00a0 62.631;<br \/>\ncampo da calcio di Mel, per la manutenzione straordinaria della copertura degli spogliatoi e realizzazione di un portico \u20ac 15.934;<br \/>\ncampi da calcio comunali di Limana, per la realizzazione di un campo in erba sintetica e drenaggio \u20ac 150.000.<\/p>","protected":false},"excerpt":{"rendered":"<p>Per due istituti scolastici bellunesi sono stati rimodulati i finanziamenti previsti sulla base di nuove esigenze di progetto. Il provvedimento della Giunta del Veneto, approvato nella seduta del 29 settembre, risponde alla richiesta della Provincia di Belluno riguardante i lavori di adeguamento e messa in sicurezza del liceo \u201cCastaldi\u201d\u00a0 di Feltre e dell\u2019Itc \u201cCalvi\u201d \u2013 [&hellip;]<\/p>\n","protected":false},"author":2,"featured_media":0,"comment_status":"closed","ping_status":"open","sticky":false,"template":"","format":"standard","meta":{"footnotes":""},"categories":[26,15],"tags":[139,151,302,2261],"class_list":["post-8559","post","type-post","status-publish","format-standard","category-prima-pagina","category-scuola","tag-belluno","tag-cadore","tag-feltre","tag-feltrino"],"yoast_head":"<!-- This site is optimized with the Yoast SEO plugin v28.4 - https:\/\/yoast.com\/product\/yoast-seo-wordpress\/ -->\n<title>La Giunta finanzia edifici scolastici e strutture sportive bellunesi - Bellunopress - Dolomiti<\/title>\n<meta name=\"robots\" content=\"index, follow, max-snippet:-1, max-image-preview:large, max-video-preview:-1\" \/>\n<link rel=\"canonical\" href=\"https:\/\/www.bellunopress.it\/fr\/2009\/09\/30\/la-giunta-finanzia-edifici-scolasti-e-strutture-sportive-bellunesi\/\" \/>\n<meta property=\"og:locale\" content=\"fr_FR\" \/>\n<meta property=\"og:type\" content=\"article\" \/>\n<meta property=\"og:title\" content=\"La Giunta finanzia edifici scolastici e strutture sportive bellunesi - Bellunopress - Dolomiti\" \/>\n<meta property=\"og:description\" content=\"Per due istituti scolastici bellunesi sono stati rimodulati i finanziamenti previsti sulla base di nuove esigenze di progetto. Il provvedimento della Giunta del Veneto, approvato nella seduta del 29 settembre, risponde alla richiesta della Provincia di Belluno riguardante i lavori di adeguamento e messa in sicurezza del liceo \u201cCastaldi\u201d\u00a0 di Feltre e dell\u2019Itc \u201cCalvi\u201d \u2013 [&hellip;]\" \/>\n<meta property=\"og:url\" content=\"https:\/\/www.bellunopress.it\/fr\/2009\/09\/30\/la-giunta-finanzia-edifici-scolasti-e-strutture-sportive-bellunesi\/\" \/>\n<meta property=\"og:site_name\" content=\"Bellunopress - Dolomiti\" \/>\n<meta property=\"article:publisher\" content=\"https:\/\/www.facebook.com\/profile.php?id=100008943462799\" \/>\n<meta property=\"article:published_time\" content=\"2009-09-30T20:49:11+00:00\" \/>\n<meta property=\"article:modified_time\" content=\"2009-10-01T10:39:35+00:00\" \/>\n<meta property=\"og:image\" content=\"http:\/\/www.bellunopress.it\/wp-content\/uploads\/2012\/07\/logo-bellunopress-250x250-2012.jpg\" \/>\n<meta name=\"author\" content=\"redazione\" \/>\n<meta name=\"twitter:card\" content=\"summary_large_image\" \/>\n<meta name=\"twitter:creator\" content=\"@bellunopress\" \/>\n<meta name=\"twitter:site\" content=\"@bellunopress\" \/>\n<meta name=\"twitter:label1\" content=\"\u00c9crit par\" \/>\n\t<meta name=\"twitter:data1\" content=\"redazione\" \/>\n\t<meta name=\"twitter:label2\" content=\"Dur\u00e9e de lecture estim\u00e9e\" \/>\n\t<meta name=\"twitter:data2\" content=\"2 minutes\" \/>\n<script type=\"application\/ld+json\" class=\"yoast-schema-graph\">{\"@context\":\"https:\\\/\\\/schema.org\",\"@graph\":[{\"@type\":\"Article\",\"@id\":\"https:\\\/\\\/www.bellunopress.it\\\/2009\\\/09\\\/30\\\/la-giunta-finanzia-edifici-scolasti-e-strutture-sportive-bellunesi\\\/#article\",\"isPartOf\":{\"@id\":\"https:\\\/\\\/www.bellunopress.it\\\/2009\\\/09\\\/30\\\/la-giunta-finanzia-edifici-scolasti-e-strutture-sportive-bellunesi\\\/\"},\"author\":{\"name\":\"redazione\",\"@id\":\"https:\\\/\\\/www.bellunopress.it\\\/#\\\/schema\\\/person\\\/79bb06722b37ece1c03d3e94beb30d73\"},\"headline\":\"La Giunta finanzia edifici scolastici e strutture sportive bellunesi\",\"datePublished\":\"2009-09-30T20:49:11+00:00\",\"dateModified\":\"2009-10-01T10:39:35+00:00\",\"mainEntityOfPage\":{\"@id\":\"https:\\\/\\\/www.bellunopress.it\\\/2009\\\/09\\\/30\\\/la-giunta-finanzia-edifici-scolasti-e-strutture-sportive-bellunesi\\\/\"},\"wordCount\":356,\"publisher\":{\"@id\":\"https:\\\/\\\/www.bellunopress.it\\\/#organization\"},\"keywords\":[\"Belluno\",\"Cadore\",\"Feltre\",\"feltrino\"],\"articleSection\":[\"Prima Pagina\",\"Scuola\"],\"inLanguage\":\"fr-FR\"},{\"@type\":\"WebPage\",\"@id\":\"https:\\\/\\\/www.bellunopress.it\\\/2009\\\/09\\\/30\\\/la-giunta-finanzia-edifici-scolasti-e-strutture-sportive-bellunesi\\\/\",\"url\":\"https:\\\/\\\/www.bellunopress.it\\\/2009\\\/09\\\/30\\\/la-giunta-finanzia-edifici-scolasti-e-strutture-sportive-bellunesi\\\/\",\"name\":\"La Giunta finanzia edifici scolastici e strutture sportive bellunesi - Bellunopress - Dolomiti\",\"isPartOf\":{\"@id\":\"https:\\\/\\\/www.bellunopress.it\\\/#website\"},\"datePublished\":\"2009-09-30T20:49:11+00:00\",\"dateModified\":\"2009-10-01T10:39:35+00:00\",\"breadcrumb\":{\"@id\":\"https:\\\/\\\/www.bellunopress.it\\\/2009\\\/09\\\/30\\\/la-giunta-finanzia-edifici-scolasti-e-strutture-sportive-bellunesi\\\/#breadcrumb\"},\"inLanguage\":\"fr-FR\",\"potentialAction\":[{\"@type\":\"ReadAction\",\"target\":[\"https:\\\/\\\/www.bellunopress.it\\\/2009\\\/09\\\/30\\\/la-giunta-finanzia-edifici-scolasti-e-strutture-sportive-bellunesi\\\/\"]}]},{\"@type\":\"BreadcrumbList\",\"@id\":\"https:\\\/\\\/www.bellunopress.it\\\/2009\\\/09\\\/30\\\/la-giunta-finanzia-edifici-scolasti-e-strutture-sportive-bellunesi\\\/#breadcrumb\",\"itemListElement\":[{\"@type\":\"ListItem\",\"position\":1,\"name\":\"Home\",\"item\":\"https:\\\/\\\/www.bellunopress.it\\\/\"},{\"@type\":\"ListItem\",\"position\":2,\"name\":\"La Giunta finanzia edifici scolastici e strutture sportive bellunesi\"}]},{\"@type\":\"WebSite\",\"@id\":\"https:\\\/\\\/www.bellunopress.it\\\/#website\",\"url\":\"https:\\\/\\\/www.bellunopress.it\\\/\",\"name\":\"Bellunopress - Dolomiti\",\"description\":\"e-mail: redazione@bellunopress.it\",\"publisher\":{\"@id\":\"https:\\\/\\\/www.bellunopress.it\\\/#organization\"},\"potentialAction\":[{\"@type\":\"SearchAction\",\"target\":{\"@type\":\"EntryPoint\",\"urlTemplate\":\"https:\\\/\\\/www.bellunopress.it\\\/?s={search_term_string}\"},\"query-input\":{\"@type\":\"PropertyValueSpecification\",\"valueRequired\":true,\"valueName\":\"search_term_string\"}}],\"inLanguage\":\"fr-FR\"},{\"@type\":\"Organization\",\"@id\":\"https:\\\/\\\/www.bellunopress.it\\\/#organization\",\"name\":\"Bellunopress\",\"url\":\"https:\\\/\\\/www.bellunopress.it\\\/\",\"logo\":{\"@type\":\"ImageObject\",\"inLanguage\":\"fr-FR\",\"@id\":\"https:\\\/\\\/www.bellunopress.it\\\/#\\\/schema\\\/logo\\\/image\\\/\",\"url\":\"https:\\\/\\\/www.bellunopress.it\\\/wp-content\\\/uploads\\\/2011\\\/05\\\/cropped-logo-bellunopress-.jpg\",\"contentUrl\":\"https:\\\/\\\/www.bellunopress.it\\\/wp-content\\\/uploads\\\/2011\\\/05\\\/cropped-logo-bellunopress-.jpg\",\"width\":512,\"height\":512,\"caption\":\"Bellunopress\"},\"image\":{\"@id\":\"https:\\\/\\\/www.bellunopress.it\\\/#\\\/schema\\\/logo\\\/image\\\/\"},\"sameAs\":[\"https:\\\/\\\/www.facebook.com\\\/profile.php?id=100008943462799\",\"https:\\\/\\\/x.com\\\/bellunopress\",\"https:\\\/\\\/www.linkedin.com\\\/hp\\\/?dnr=JBzUWaJfMUw8vbXJJ2tVW5-I3jZKvC4wsoxE&amp;amp;amp;amp;amp;amp;trk=nav_responsive_tab_home\",\"https:\\\/\\\/www.youtube.com\\\/channel\\\/UCxL0wu1uN0_3_7hGG0306cw\"]},{\"@type\":\"Person\",\"@id\":\"https:\\\/\\\/www.bellunopress.it\\\/#\\\/schema\\\/person\\\/79bb06722b37ece1c03d3e94beb30d73\",\"name\":\"redazione\",\"image\":{\"@type\":\"ImageObject\",\"inLanguage\":\"fr-FR\",\"@id\":\"https:\\\/\\\/secure.gravatar.com\\\/avatar\\\/37d968a2e67a6fd04c169c4bdef102d0bc5d31b2546345219e348575eb80e9a0?s=96&d=mm&r=g\",\"url\":\"https:\\\/\\\/secure.gravatar.com\\\/avatar\\\/37d968a2e67a6fd04c169c4bdef102d0bc5d31b2546345219e348575eb80e9a0?s=96&d=mm&r=g\",\"contentUrl\":\"https:\\\/\\\/secure.gravatar.com\\\/avatar\\\/37d968a2e67a6fd04c169c4bdef102d0bc5d31b2546345219e348575eb80e9a0?s=96&d=mm&r=g\",\"caption\":\"redazione\"},\"sameAs\":[\"http:\\\/\\\/www.bellunopress.it\",\"https:\\\/\\\/x.com\\\/bellunopress\"],\"url\":\"https:\\\/\\\/www.bellunopress.it\\\/fr\\\/author\\\/redazione\\\/\"}]}<\/script>\n<!-- \/ Yoast SEO plugin. -->","yoast_head_json":{"title":"La Giunta finanzia edifici scolastici e strutture sportive bellunesi - Bellunopress - Dolomiti","robots":{"index":"index","follow":"follow","max-snippet":"max-snippet:-1","max-image-preview":"max-image-preview:large","max-video-preview":"max-video-preview:-1"},"canonical":"https:\/\/www.bellunopress.it\/fr\/2009\/09\/30\/la-giunta-finanzia-edifici-scolasti-e-strutture-sportive-bellunesi\/","og_locale":"fr_FR","og_type":"article","og_title":"La Giunta finanzia edifici scolastici e strutture sportive bellunesi - Bellunopress - Dolomiti","og_description":"Per due istituti scolastici bellunesi sono stati rimodulati i finanziamenti previsti sulla base di nuove esigenze di progetto. Il provvedimento della Giunta del Veneto, approvato nella seduta del 29 settembre, risponde alla richiesta della Provincia di Belluno riguardante i lavori di adeguamento e messa in sicurezza del liceo \u201cCastaldi\u201d\u00a0 di Feltre e dell\u2019Itc \u201cCalvi\u201d \u2013 [&hellip;]","og_url":"https:\/\/www.bellunopress.it\/fr\/2009\/09\/30\/la-giunta-finanzia-edifici-scolasti-e-strutture-sportive-bellunesi\/","og_site_name":"Bellunopress - Dolomiti","article_publisher":"https:\/\/www.facebook.com\/profile.php?id=100008943462799","article_published_time":"2009-09-30T20:49:11+00:00","article_modified_time":"2009-10-01T10:39:35+00:00","og_image":[{"url":"http:\/\/www.bellunopress.it\/wp-content\/uploads\/2012\/07\/logo-bellunopress-250x250-2012.jpg","type":"","width":"","height":""}],"author":"redazione","twitter_card":"summary_large_image","twitter_creator":"@bellunopress","twitter_site":"@bellunopress","twitter_misc":{"\u00c9crit par":"redazione","Dur\u00e9e de lecture estim\u00e9e":"2 minutes"},"schema":{"@context":"https:\/\/schema.org","@graph":[{"@type":"Article","@id":"https:\/\/www.bellunopress.it\/2009\/09\/30\/la-giunta-finanzia-edifici-scolasti-e-strutture-sportive-bellunesi\/#article","isPartOf":{"@id":"https:\/\/www.bellunopress.it\/2009\/09\/30\/la-giunta-finanzia-edifici-scolasti-e-strutture-sportive-bellunesi\/"},"author":{"name":"redazione","@id":"https:\/\/www.bellunopress.it\/#\/schema\/person\/79bb06722b37ece1c03d3e94beb30d73"},"headline":"La Giunta finanzia edifici scolastici e strutture sportive bellunesi","datePublished":"2009-09-30T20:49:11+00:00","dateModified":"2009-10-01T10:39:35+00:00","mainEntityOfPage":{"@id":"https:\/\/www.bellunopress.it\/2009\/09\/30\/la-giunta-finanzia-edifici-scolasti-e-strutture-sportive-bellunesi\/"},"wordCount":356,"publisher":{"@id":"https:\/\/www.bellunopress.it\/#organization"},"keywords":["Belluno","Cadore","Feltre","feltrino"],"articleSection":["Prima Pagina","Scuola"],"inLanguage":"fr-FR"},{"@type":"WebPage","@id":"https:\/\/www.bellunopress.it\/2009\/09\/30\/la-giunta-finanzia-edifici-scolasti-e-strutture-sportive-bellunesi\/","url":"https:\/\/www.bellunopress.it\/2009\/09\/30\/la-giunta-finanzia-edifici-scolasti-e-strutture-sportive-bellunesi\/","name":"La Giunta finanzia edifici scolastici e strutture sportive bellunesi - Bellunopress - Dolomiti","isPartOf":{"@id":"https:\/\/www.bellunopress.it\/#website"},"datePublished":"2009-09-30T20:49:11+00:00","dateModified":"2009-10-01T10:39:35+00:00","breadcrumb":{"@id":"https:\/\/www.bellunopress.it\/2009\/09\/30\/la-giunta-finanzia-edifici-scolasti-e-strutture-sportive-bellunesi\/#breadcrumb"},"inLanguage":"fr-FR","potentialAction":[{"@type":"ReadAction","target":["https:\/\/www.bellunopress.it\/2009\/09\/30\/la-giunta-finanzia-edifici-scolasti-e-strutture-sportive-bellunesi\/"]}]},{"@type":"BreadcrumbList","@id":"https:\/\/www.bellunopress.it\/2009\/09\/30\/la-giunta-finanzia-edifici-scolasti-e-strutture-sportive-bellunesi\/#breadcrumb","itemListElement":[{"@type":"ListItem","position":1,"name":"Home","item":"https:\/\/www.bellunopress.it\/"},{"@type":"ListItem","position":2,"name":"La Giunta finanzia edifici scolastici e strutture sportive bellunesi"}]},{"@type":"WebSite","@id":"https:\/\/www.bellunopress.it\/#website","url":"https:\/\/www.bellunopress.it\/","name":"Bellunopress - Dolomiti","description":"e-mail: redazione@bellunopress.it","publisher":{"@id":"https:\/\/www.bellunopress.it\/#organization"},"potentialAction":[{"@type":"SearchAction","target":{"@type":"EntryPoint","urlTemplate":"https:\/\/www.bellunopress.it\/?s={search_term_string}"},"query-input":{"@type":"PropertyValueSpecification","valueRequired":true,"valueName":"search_term_string"}}],"inLanguage":"fr-FR"},{"@type":"Organization","@id":"https:\/\/www.bellunopress.it\/#organization","name":"Bellunopress","url":"https:\/\/www.bellunopress.it\/","logo":{"@type":"ImageObject","inLanguage":"fr-FR","@id":"https:\/\/www.bellunopress.it\/#\/schema\/logo\/image\/","url":"https:\/\/www.bellunopress.it\/wp-content\/uploads\/2011\/05\/cropped-logo-bellunopress-.jpg","contentUrl":"https:\/\/www.bellunopress.it\/wp-content\/uploads\/2011\/05\/cropped-logo-bellunopress-.jpg","width":512,"height":512,"caption":"Bellunopress"},"image":{"@id":"https:\/\/www.bellunopress.it\/#\/schema\/logo\/image\/"},"sameAs":["https:\/\/www.facebook.com\/profile.php?id=100008943462799","https:\/\/x.com\/bellunopress","https:\/\/www.linkedin.com\/hp\/?dnr=JBzUWaJfMUw8vbXJJ2tVW5-I3jZKvC4wsoxE&amp;amp;amp;amp;amp;amp;trk=nav_responsive_tab_home","https:\/\/www.youtube.com\/channel\/UCxL0wu1uN0_3_7hGG0306cw"]},{"@type":"Person","@id":"https:\/\/www.bellunopress.it\/#\/schema\/person\/79bb06722b37ece1c03d3e94beb30d73","name":"r\u00e9daction","image":{"@type":"ImageObject","inLanguage":"fr-FR","@id":"https:\/\/secure.gravatar.com\/avatar\/37d968a2e67a6fd04c169c4bdef102d0bc5d31b2546345219e348575eb80e9a0?s=96&d=mm&r=g","url":"https:\/\/secure.gravatar.com\/avatar\/37d968a2e67a6fd04c169c4bdef102d0bc5d31b2546345219e348575eb80e9a0?s=96&d=mm&r=g","contentUrl":"https:\/\/secure.gravatar.com\/avatar\/37d968a2e67a6fd04c169c4bdef102d0bc5d31b2546345219e348575eb80e9a0?s=96&d=mm&r=g","caption":"redazione"},"sameAs":["http:\/\/www.bellunopress.it","https:\/\/x.com\/bellunopress"],"url":"https:\/\/www.bellunopress.it\/fr\/author\/redazione\/"}]}},"_links":{"self":[{"href":"https:\/\/www.bellunopress.it\/fr\/wp-json\/wp\/v2\/posts\/8559","targetHints":{"allow":["GET"]}}],"collection":[{"href":"https:\/\/www.bellunopress.it\/fr\/wp-json\/wp\/v2\/posts"}],"about":[{"href":"https:\/\/www.bellunopress.it\/fr\/wp-json\/wp\/v2\/types\/post"}],"author":[{"embeddable":true,"href":"https:\/\/www.bellunopress.it\/fr\/wp-json\/wp\/v2\/users\/2"}],"replies":[{"embeddable":true,"href":"https:\/\/www.bellunopress.it\/fr\/wp-json\/wp\/v2\/comments?post=8559"}],"version-history":[{"count":2,"href":"https:\/\/www.bellunopress.it\/fr\/wp-json\/wp\/v2\/posts\/8559\/revisions"}],"predecessor-version":[{"id":8582,"href":"https:\/\/www.bellunopress.it\/fr\/wp-json\/wp\/v2\/posts\/8559\/revisions\/8582"}],"wp:attachment":[{"href":"https:\/\/www.bellunopress.it\/fr\/wp-json\/wp\/v2\/media?parent=8559"}],"wp:term":[{"taxonomy":"category","embeddable":true,"href":"https:\/\/www.bellunopress.it\/fr\/wp-json\/wp\/v2\/categories?post=8559"},{"taxonomy":"post_tag","embeddable":true,"href":"https:\/\/www.bellunopress.it\/fr\/wp-json\/wp\/v2\/tags?post=8559"}],"curies":[{"name":"wp","href":"https:\/\/api.w.org\/{rel}","templated":true}]}}