{"id":85586,"date":"2017-04-06T15:24:43","date_gmt":"2017-04-06T13:24:43","guid":{"rendered":"http:\/\/www.bellunopress.it\/?p=85586"},"modified":"2017-04-06T15:24:43","modified_gmt":"2017-04-06T13:24:43","slug":"confindustria-belluno-dolomiti-eletti-i-nuovi-probiviri","status":"publish","type":"post","link":"https:\/\/www.bellunopress.it\/fr\/2017\/04\/06\/confindustria-belluno-dolomiti-eletti-i-nuovi-probiviri\/","title":{"rendered":"Confindustria Belluno Dolomiti: eletti i nuovi probiviri"},"content":{"rendered":"<p>&nbsp;<\/p>\n<figure id=\"attachment_85206\" aria-describedby=\"caption-attachment-85206\" style=\"width: 350px\" class=\"wp-caption alignleft\"><a href=\"http:\/\/www.bellunopress.it\/wp-content\/uploads\/2017\/03\/palazzo-doglioni-dalmas-confindustria.jpg\"><img loading=\"lazy\" decoding=\"async\" class=\"size-full wp-image-85206\" src=\"http:\/\/www.bellunopress.it\/wp-content\/uploads\/2017\/03\/palazzo-doglioni-dalmas-confindustria.jpg\" alt=\"\" width=\"350\" height=\"233\" \/><\/a><figcaption id=\"caption-attachment-85206\" class=\"wp-caption-text\">Palazzo Doglioni Dalmas sede di Confindustria<\/figcaption><\/figure>\n<p>Belluno, 6 aprile 2017 \u2013 Girolamo Collarin (Segherie Bellunesi), Maurizio Curti (Alpe del Nevegal), Roberto De Pra (OMAP), Fabrizio De Silvestro (Gatto Astucci), Vittorio Tabacchi (S\u00e0filo), e Tito Zollet (La Bellunese, confermato). Sono questi i sei probiviri di Confindustria Belluno Dolomiti, eletti ieri sera (mercoled\u00ec 5 aprile) dall\u2019Assemblea degli associati, partecipata come non accadeva da anni, a conferma del rinnovato clima di fiducia e di collaborazione tra gli imprenditori. I nuovi probiviri subentrano a Rinaldo Munerol, Battista Ferro, Francesco Saverio Donazzolo, giunti alla naturale scadenza del loro mandato, e resteranno in carica per i prossimi cinque anni.<\/p>\n<p>\u00abI nuovi probiviri \u2013 ha detto il presidente di Confindfustria Belluno Dolomiti Luca Barbini &#8211; sono imprenditori di altissimo profilo che, nei rispettivi settori, hanno scritto una pagina di storia dell\u2019economia bellunese. Il fatto che si impegnino in prima persona, ricoprendo un ruolo tanto delicato quanto importante, \u00e8 qualificante e conferma il profondo senso di appartenenza e lo spirito partecipativo e che c\u2019\u00e8 nella nostra Associazione. In un momento storico difficile per la rappresentanza, ci\u00f2 assume un valore ancora pi\u00f9 rilevante e dimostra l\u2019efficacia del lavoro che stiamo portando avanti, affinch\u00e9 Confindustria Belluno Dolomiti sia sempre pi\u00f9 un punto di riferimento per il tessuto produttivo locale\u00bb.<\/p>\n<p>\u00abCi\u00f2 avviene \u2013 ha aggiunto il presidente degli industriali bellunesi \u2013 soprattutto attraverso i progetti concreti che Confindustria Belluno Dolomiti sta promuovendo, spesso in sinergia la pubblica amministrazione e le altre categorie economiche, nella convinzione che la competitivit\u00e0 del territorio, e quindi delle imprese che qui operano, non possa che passare attraverso azioni sinergiche e sistemiche\u00bb. \u00abProprio questo \u2013 conclude Luca Barbini \u2013 \u00e8 lo spirito che anima il progetto per la realizzazione del \u201cdigital innovation hub\u201d di Feltre, tra i primi in Italia, al quale partecipano, oltre all\u2019amministrazione provinciale, al Consorzio dei Comuni, all\u2019Istituto Negrelli, al Comune di Feltre e all\u2019Universit\u00e0 di Trento, anche alcune delle principali e pi\u00f9 innovative imprese associate, riunite in un tavolo tecnico: Sinteco, Technowrapp, Costan Gruppo Epta, Gruppo Ali, Nodopiano, Carlo Gavazzi Controls, Gatto Astucci, Luxottica, Scp, Umana, Eliwell. L\u2019obiettivo \u00e8 di aiutare il territorio, e le sue aziende, ad affrontare la quarta rivoluzione industriale, favorendo una crescita sostenibile e inclusiva\u00bb.<\/p>","protected":false},"excerpt":{"rendered":"<p>&nbsp; Belluno, 6 aprile 2017 \u2013 Girolamo Collarin (Segherie Bellunesi), Maurizio Curti (Alpe del Nevegal), Roberto De Pra (OMAP), Fabrizio De Silvestro (Gatto Astucci), Vittorio Tabacchi (S\u00e0filo), e Tito Zollet (La Bellunese, confermato). Sono questi i sei probiviri di Confindustria Belluno Dolomiti, eletti ieri sera (mercoled\u00ec 5 aprile) dall\u2019Assemblea degli associati, partecipata come non accadeva [&hellip;]<\/p>\n","protected":false},"author":2,"featured_media":0,"comment_status":"closed","ping_status":"open","sticky":false,"template":"","format":"standard","meta":{"footnotes":""},"categories":[1],"tags":[],"class_list":["post-85586","post","type-post","status-publish","format-standard","category-leo"],"yoast_head":"<!-- This site is optimized with the Yoast SEO plugin v28.4 - https:\/\/yoast.com\/product\/yoast-seo-wordpress\/ -->\n<title>Confindustria Belluno Dolomiti: eletti i nuovi probiviri - Bellunopress - Dolomiti<\/title>\n<meta name=\"robots\" content=\"index, follow, max-snippet:-1, max-image-preview:large, max-video-preview:-1\" \/>\n<link rel=\"canonical\" href=\"https:\/\/www.bellunopress.it\/fr\/2017\/04\/06\/confindustria-belluno-dolomiti-eletti-i-nuovi-probiviri\/\" \/>\n<meta property=\"og:locale\" content=\"fr_FR\" \/>\n<meta property=\"og:type\" content=\"article\" \/>\n<meta property=\"og:title\" content=\"Confindustria Belluno Dolomiti: eletti i nuovi probiviri - Bellunopress - Dolomiti\" \/>\n<meta property=\"og:description\" content=\"&nbsp; Belluno, 6 aprile 2017 \u2013 Girolamo Collarin (Segherie Bellunesi), Maurizio Curti (Alpe del Nevegal), Roberto De Pra (OMAP), Fabrizio De Silvestro (Gatto Astucci), Vittorio Tabacchi (S\u00e0filo), e Tito Zollet (La Bellunese, confermato). Sono questi i sei probiviri di Confindustria Belluno Dolomiti, eletti ieri sera (mercoled\u00ec 5 aprile) dall\u2019Assemblea degli associati, partecipata come non accadeva [&hellip;]\" \/>\n<meta property=\"og:url\" content=\"https:\/\/www.bellunopress.it\/fr\/2017\/04\/06\/confindustria-belluno-dolomiti-eletti-i-nuovi-probiviri\/\" \/>\n<meta property=\"og:site_name\" content=\"Bellunopress - Dolomiti\" \/>\n<meta property=\"article:publisher\" content=\"https:\/\/www.facebook.com\/profile.php?id=100008943462799\" \/>\n<meta property=\"article:published_time\" content=\"2017-04-06T13:24:43+00:00\" \/>\n<meta property=\"og:image\" content=\"http:\/\/www.bellunopress.it\/wp-content\/uploads\/2017\/03\/palazzo-doglioni-dalmas-confindustria.jpg\" \/>\n<meta name=\"author\" content=\"redazione\" \/>\n<meta name=\"twitter:card\" content=\"summary_large_image\" \/>\n<meta name=\"twitter:creator\" content=\"@bellunopress\" \/>\n<meta name=\"twitter:site\" content=\"@bellunopress\" \/>\n<meta name=\"twitter:label1\" content=\"\u00c9crit par\" \/>\n\t<meta name=\"twitter:data1\" content=\"redazione\" \/>\n\t<meta name=\"twitter:label2\" content=\"Dur\u00e9e de lecture estim\u00e9e\" \/>\n\t<meta name=\"twitter:data2\" content=\"2 minutes\" \/>\n<script type=\"application\/ld+json\" class=\"yoast-schema-graph\">{\"@context\":\"https:\\\/\\\/schema.org\",\"@graph\":[{\"@type\":\"Article\",\"@id\":\"https:\\\/\\\/www.bellunopress.it\\\/2017\\\/04\\\/06\\\/confindustria-belluno-dolomiti-eletti-i-nuovi-probiviri\\\/#article\",\"isPartOf\":{\"@id\":\"https:\\\/\\\/www.bellunopress.it\\\/2017\\\/04\\\/06\\\/confindustria-belluno-dolomiti-eletti-i-nuovi-probiviri\\\/\"},\"author\":{\"name\":\"redazione\",\"@id\":\"https:\\\/\\\/www.bellunopress.it\\\/#\\\/schema\\\/person\\\/79bb06722b37ece1c03d3e94beb30d73\"},\"headline\":\"Confindustria Belluno Dolomiti: eletti i nuovi probiviri\",\"datePublished\":\"2017-04-06T13:24:43+00:00\",\"mainEntityOfPage\":{\"@id\":\"https:\\\/\\\/www.bellunopress.it\\\/2017\\\/04\\\/06\\\/confindustria-belluno-dolomiti-eletti-i-nuovi-probiviri\\\/\"},\"wordCount\":377,\"publisher\":{\"@id\":\"https:\\\/\\\/www.bellunopress.it\\\/#organization\"},\"image\":{\"@id\":\"https:\\\/\\\/www.bellunopress.it\\\/2017\\\/04\\\/06\\\/confindustria-belluno-dolomiti-eletti-i-nuovi-probiviri\\\/#primaryimage\"},\"thumbnailUrl\":\"http:\\\/\\\/www.bellunopress.it\\\/wp-content\\\/uploads\\\/2017\\\/03\\\/palazzo-doglioni-dalmas-confindustria.jpg\",\"articleSection\":[\"Lettere Opinioni\"],\"inLanguage\":\"fr-FR\"},{\"@type\":\"WebPage\",\"@id\":\"https:\\\/\\\/www.bellunopress.it\\\/2017\\\/04\\\/06\\\/confindustria-belluno-dolomiti-eletti-i-nuovi-probiviri\\\/\",\"url\":\"https:\\\/\\\/www.bellunopress.it\\\/2017\\\/04\\\/06\\\/confindustria-belluno-dolomiti-eletti-i-nuovi-probiviri\\\/\",\"name\":\"Confindustria Belluno Dolomiti: eletti i nuovi probiviri - Bellunopress - Dolomiti\",\"isPartOf\":{\"@id\":\"https:\\\/\\\/www.bellunopress.it\\\/#website\"},\"primaryImageOfPage\":{\"@id\":\"https:\\\/\\\/www.bellunopress.it\\\/2017\\\/04\\\/06\\\/confindustria-belluno-dolomiti-eletti-i-nuovi-probiviri\\\/#primaryimage\"},\"image\":{\"@id\":\"https:\\\/\\\/www.bellunopress.it\\\/2017\\\/04\\\/06\\\/confindustria-belluno-dolomiti-eletti-i-nuovi-probiviri\\\/#primaryimage\"},\"thumbnailUrl\":\"http:\\\/\\\/www.bellunopress.it\\\/wp-content\\\/uploads\\\/2017\\\/03\\\/palazzo-doglioni-dalmas-confindustria.jpg\",\"datePublished\":\"2017-04-06T13:24:43+00:00\",\"breadcrumb\":{\"@id\":\"https:\\\/\\\/www.bellunopress.it\\\/2017\\\/04\\\/06\\\/confindustria-belluno-dolomiti-eletti-i-nuovi-probiviri\\\/#breadcrumb\"},\"inLanguage\":\"fr-FR\",\"potentialAction\":[{\"@type\":\"ReadAction\",\"target\":[\"https:\\\/\\\/www.bellunopress.it\\\/2017\\\/04\\\/06\\\/confindustria-belluno-dolomiti-eletti-i-nuovi-probiviri\\\/\"]}]},{\"@type\":\"ImageObject\",\"inLanguage\":\"fr-FR\",\"@id\":\"https:\\\/\\\/www.bellunopress.it\\\/2017\\\/04\\\/06\\\/confindustria-belluno-dolomiti-eletti-i-nuovi-probiviri\\\/#primaryimage\",\"url\":\"http:\\\/\\\/www.bellunopress.it\\\/wp-content\\\/uploads\\\/2017\\\/03\\\/palazzo-doglioni-dalmas-confindustria.jpg\",\"contentUrl\":\"http:\\\/\\\/www.bellunopress.it\\\/wp-content\\\/uploads\\\/2017\\\/03\\\/palazzo-doglioni-dalmas-confindustria.jpg\"},{\"@type\":\"BreadcrumbList\",\"@id\":\"https:\\\/\\\/www.bellunopress.it\\\/2017\\\/04\\\/06\\\/confindustria-belluno-dolomiti-eletti-i-nuovi-probiviri\\\/#breadcrumb\",\"itemListElement\":[{\"@type\":\"ListItem\",\"position\":1,\"name\":\"Home\",\"item\":\"https:\\\/\\\/www.bellunopress.it\\\/\"},{\"@type\":\"ListItem\",\"position\":2,\"name\":\"Confindustria Belluno Dolomiti: eletti i nuovi probiviri\"}]},{\"@type\":\"WebSite\",\"@id\":\"https:\\\/\\\/www.bellunopress.it\\\/#website\",\"url\":\"https:\\\/\\\/www.bellunopress.it\\\/\",\"name\":\"Bellunopress - Dolomiti\",\"description\":\"e-mail: redazione@bellunopress.it\",\"publisher\":{\"@id\":\"https:\\\/\\\/www.bellunopress.it\\\/#organization\"},\"potentialAction\":[{\"@type\":\"SearchAction\",\"target\":{\"@type\":\"EntryPoint\",\"urlTemplate\":\"https:\\\/\\\/www.bellunopress.it\\\/?s={search_term_string}\"},\"query-input\":{\"@type\":\"PropertyValueSpecification\",\"valueRequired\":true,\"valueName\":\"search_term_string\"}}],\"inLanguage\":\"fr-FR\"},{\"@type\":\"Organization\",\"@id\":\"https:\\\/\\\/www.bellunopress.it\\\/#organization\",\"name\":\"Bellunopress\",\"url\":\"https:\\\/\\\/www.bellunopress.it\\\/\",\"logo\":{\"@type\":\"ImageObject\",\"inLanguage\":\"fr-FR\",\"@id\":\"https:\\\/\\\/www.bellunopress.it\\\/#\\\/schema\\\/logo\\\/image\\\/\",\"url\":\"https:\\\/\\\/www.bellunopress.it\\\/wp-content\\\/uploads\\\/2011\\\/05\\\/cropped-logo-bellunopress-.jpg\",\"contentUrl\":\"https:\\\/\\\/www.bellunopress.it\\\/wp-content\\\/uploads\\\/2011\\\/05\\\/cropped-logo-bellunopress-.jpg\",\"width\":512,\"height\":512,\"caption\":\"Bellunopress\"},\"image\":{\"@id\":\"https:\\\/\\\/www.bellunopress.it\\\/#\\\/schema\\\/logo\\\/image\\\/\"},\"sameAs\":[\"https:\\\/\\\/www.facebook.com\\\/profile.php?id=100008943462799\",\"https:\\\/\\\/x.com\\\/bellunopress\",\"https:\\\/\\\/www.linkedin.com\\\/hp\\\/?dnr=JBzUWaJfMUw8vbXJJ2tVW5-I3jZKvC4wsoxE&amp;amp;amp;amp;amp;amp;trk=nav_responsive_tab_home\",\"https:\\\/\\\/www.youtube.com\\\/channel\\\/UCxL0wu1uN0_3_7hGG0306cw\"]},{\"@type\":\"Person\",\"@id\":\"https:\\\/\\\/www.bellunopress.it\\\/#\\\/schema\\\/person\\\/79bb06722b37ece1c03d3e94beb30d73\",\"name\":\"redazione\",\"image\":{\"@type\":\"ImageObject\",\"inLanguage\":\"fr-FR\",\"@id\":\"https:\\\/\\\/secure.gravatar.com\\\/avatar\\\/37d968a2e67a6fd04c169c4bdef102d0bc5d31b2546345219e348575eb80e9a0?s=96&d=mm&r=g\",\"url\":\"https:\\\/\\\/secure.gravatar.com\\\/avatar\\\/37d968a2e67a6fd04c169c4bdef102d0bc5d31b2546345219e348575eb80e9a0?s=96&d=mm&r=g\",\"contentUrl\":\"https:\\\/\\\/secure.gravatar.com\\\/avatar\\\/37d968a2e67a6fd04c169c4bdef102d0bc5d31b2546345219e348575eb80e9a0?s=96&d=mm&r=g\",\"caption\":\"redazione\"},\"sameAs\":[\"http:\\\/\\\/www.bellunopress.it\",\"https:\\\/\\\/x.com\\\/bellunopress\"],\"url\":\"https:\\\/\\\/www.bellunopress.it\\\/fr\\\/author\\\/redazione\\\/\"}]}<\/script>\n<!-- \/ Yoast SEO plugin. -->","yoast_head_json":{"title":"Confindustria Belluno Dolomiti: eletti i nuovi probiviri - Bellunopress - Dolomiti","robots":{"index":"index","follow":"follow","max-snippet":"max-snippet:-1","max-image-preview":"max-image-preview:large","max-video-preview":"max-video-preview:-1"},"canonical":"https:\/\/www.bellunopress.it\/fr\/2017\/04\/06\/confindustria-belluno-dolomiti-eletti-i-nuovi-probiviri\/","og_locale":"fr_FR","og_type":"article","og_title":"Confindustria Belluno Dolomiti: eletti i nuovi probiviri - Bellunopress - Dolomiti","og_description":"&nbsp; Belluno, 6 aprile 2017 \u2013 Girolamo Collarin (Segherie Bellunesi), Maurizio Curti (Alpe del Nevegal), Roberto De Pra (OMAP), Fabrizio De Silvestro (Gatto Astucci), Vittorio Tabacchi (S\u00e0filo), e Tito Zollet (La Bellunese, confermato). Sono questi i sei probiviri di Confindustria Belluno Dolomiti, eletti ieri sera (mercoled\u00ec 5 aprile) dall\u2019Assemblea degli associati, partecipata come non accadeva [&hellip;]","og_url":"https:\/\/www.bellunopress.it\/fr\/2017\/04\/06\/confindustria-belluno-dolomiti-eletti-i-nuovi-probiviri\/","og_site_name":"Bellunopress - Dolomiti","article_publisher":"https:\/\/www.facebook.com\/profile.php?id=100008943462799","article_published_time":"2017-04-06T13:24:43+00:00","og_image":[{"url":"http:\/\/www.bellunopress.it\/wp-content\/uploads\/2017\/03\/palazzo-doglioni-dalmas-confindustria.jpg","type":"","width":"","height":""}],"author":"redazione","twitter_card":"summary_large_image","twitter_creator":"@bellunopress","twitter_site":"@bellunopress","twitter_misc":{"\u00c9crit par":"redazione","Dur\u00e9e de lecture estim\u00e9e":"2 minutes"},"schema":{"@context":"https:\/\/schema.org","@graph":[{"@type":"Article","@id":"https:\/\/www.bellunopress.it\/2017\/04\/06\/confindustria-belluno-dolomiti-eletti-i-nuovi-probiviri\/#article","isPartOf":{"@id":"https:\/\/www.bellunopress.it\/2017\/04\/06\/confindustria-belluno-dolomiti-eletti-i-nuovi-probiviri\/"},"author":{"name":"redazione","@id":"https:\/\/www.bellunopress.it\/#\/schema\/person\/79bb06722b37ece1c03d3e94beb30d73"},"headline":"Confindustria Belluno Dolomiti: eletti i nuovi probiviri","datePublished":"2017-04-06T13:24:43+00:00","mainEntityOfPage":{"@id":"https:\/\/www.bellunopress.it\/2017\/04\/06\/confindustria-belluno-dolomiti-eletti-i-nuovi-probiviri\/"},"wordCount":377,"publisher":{"@id":"https:\/\/www.bellunopress.it\/#organization"},"image":{"@id":"https:\/\/www.bellunopress.it\/2017\/04\/06\/confindustria-belluno-dolomiti-eletti-i-nuovi-probiviri\/#primaryimage"},"thumbnailUrl":"http:\/\/www.bellunopress.it\/wp-content\/uploads\/2017\/03\/palazzo-doglioni-dalmas-confindustria.jpg","articleSection":["Lettere Opinioni"],"inLanguage":"fr-FR"},{"@type":"WebPage","@id":"https:\/\/www.bellunopress.it\/2017\/04\/06\/confindustria-belluno-dolomiti-eletti-i-nuovi-probiviri\/","url":"https:\/\/www.bellunopress.it\/2017\/04\/06\/confindustria-belluno-dolomiti-eletti-i-nuovi-probiviri\/","name":"Confindustria Belluno Dolomiti: eletti i nuovi probiviri - Bellunopress - Dolomiti","isPartOf":{"@id":"https:\/\/www.bellunopress.it\/#website"},"primaryImageOfPage":{"@id":"https:\/\/www.bellunopress.it\/2017\/04\/06\/confindustria-belluno-dolomiti-eletti-i-nuovi-probiviri\/#primaryimage"},"image":{"@id":"https:\/\/www.bellunopress.it\/2017\/04\/06\/confindustria-belluno-dolomiti-eletti-i-nuovi-probiviri\/#primaryimage"},"thumbnailUrl":"http:\/\/www.bellunopress.it\/wp-content\/uploads\/2017\/03\/palazzo-doglioni-dalmas-confindustria.jpg","datePublished":"2017-04-06T13:24:43+00:00","breadcrumb":{"@id":"https:\/\/www.bellunopress.it\/2017\/04\/06\/confindustria-belluno-dolomiti-eletti-i-nuovi-probiviri\/#breadcrumb"},"inLanguage":"fr-FR","potentialAction":[{"@type":"ReadAction","target":["https:\/\/www.bellunopress.it\/2017\/04\/06\/confindustria-belluno-dolomiti-eletti-i-nuovi-probiviri\/"]}]},{"@type":"ImageObject","inLanguage":"fr-FR","@id":"https:\/\/www.bellunopress.it\/2017\/04\/06\/confindustria-belluno-dolomiti-eletti-i-nuovi-probiviri\/#primaryimage","url":"http:\/\/www.bellunopress.it\/wp-content\/uploads\/2017\/03\/palazzo-doglioni-dalmas-confindustria.jpg","contentUrl":"http:\/\/www.bellunopress.it\/wp-content\/uploads\/2017\/03\/palazzo-doglioni-dalmas-confindustria.jpg"},{"@type":"BreadcrumbList","@id":"https:\/\/www.bellunopress.it\/2017\/04\/06\/confindustria-belluno-dolomiti-eletti-i-nuovi-probiviri\/#breadcrumb","itemListElement":[{"@type":"ListItem","position":1,"name":"Home","item":"https:\/\/www.bellunopress.it\/"},{"@type":"ListItem","position":2,"name":"Confindustria Belluno Dolomiti: eletti i nuovi probiviri"}]},{"@type":"WebSite","@id":"https:\/\/www.bellunopress.it\/#website","url":"https:\/\/www.bellunopress.it\/","name":"Bellunopress - Dolomiti","description":"e-mail: redazione@bellunopress.it","publisher":{"@id":"https:\/\/www.bellunopress.it\/#organization"},"potentialAction":[{"@type":"SearchAction","target":{"@type":"EntryPoint","urlTemplate":"https:\/\/www.bellunopress.it\/?s={search_term_string}"},"query-input":{"@type":"PropertyValueSpecification","valueRequired":true,"valueName":"search_term_string"}}],"inLanguage":"fr-FR"},{"@type":"Organization","@id":"https:\/\/www.bellunopress.it\/#organization","name":"Bellunopress","url":"https:\/\/www.bellunopress.it\/","logo":{"@type":"ImageObject","inLanguage":"fr-FR","@id":"https:\/\/www.bellunopress.it\/#\/schema\/logo\/image\/","url":"https:\/\/www.bellunopress.it\/wp-content\/uploads\/2011\/05\/cropped-logo-bellunopress-.jpg","contentUrl":"https:\/\/www.bellunopress.it\/wp-content\/uploads\/2011\/05\/cropped-logo-bellunopress-.jpg","width":512,"height":512,"caption":"Bellunopress"},"image":{"@id":"https:\/\/www.bellunopress.it\/#\/schema\/logo\/image\/"},"sameAs":["https:\/\/www.facebook.com\/profile.php?id=100008943462799","https:\/\/x.com\/bellunopress","https:\/\/www.linkedin.com\/hp\/?dnr=JBzUWaJfMUw8vbXJJ2tVW5-I3jZKvC4wsoxE&amp;amp;amp;amp;amp;amp;trk=nav_responsive_tab_home","https:\/\/www.youtube.com\/channel\/UCxL0wu1uN0_3_7hGG0306cw"]},{"@type":"Person","@id":"https:\/\/www.bellunopress.it\/#\/schema\/person\/79bb06722b37ece1c03d3e94beb30d73","name":"r\u00e9daction","image":{"@type":"ImageObject","inLanguage":"fr-FR","@id":"https:\/\/secure.gravatar.com\/avatar\/37d968a2e67a6fd04c169c4bdef102d0bc5d31b2546345219e348575eb80e9a0?s=96&d=mm&r=g","url":"https:\/\/secure.gravatar.com\/avatar\/37d968a2e67a6fd04c169c4bdef102d0bc5d31b2546345219e348575eb80e9a0?s=96&d=mm&r=g","contentUrl":"https:\/\/secure.gravatar.com\/avatar\/37d968a2e67a6fd04c169c4bdef102d0bc5d31b2546345219e348575eb80e9a0?s=96&d=mm&r=g","caption":"redazione"},"sameAs":["http:\/\/www.bellunopress.it","https:\/\/x.com\/bellunopress"],"url":"https:\/\/www.bellunopress.it\/fr\/author\/redazione\/"}]}},"_links":{"self":[{"href":"https:\/\/www.bellunopress.it\/fr\/wp-json\/wp\/v2\/posts\/85586","targetHints":{"allow":["GET"]}}],"collection":[{"href":"https:\/\/www.bellunopress.it\/fr\/wp-json\/wp\/v2\/posts"}],"about":[{"href":"https:\/\/www.bellunopress.it\/fr\/wp-json\/wp\/v2\/types\/post"}],"author":[{"embeddable":true,"href":"https:\/\/www.bellunopress.it\/fr\/wp-json\/wp\/v2\/users\/2"}],"replies":[{"embeddable":true,"href":"https:\/\/www.bellunopress.it\/fr\/wp-json\/wp\/v2\/comments?post=85586"}],"version-history":[{"count":1,"href":"https:\/\/www.bellunopress.it\/fr\/wp-json\/wp\/v2\/posts\/85586\/revisions"}],"predecessor-version":[{"id":85587,"href":"https:\/\/www.bellunopress.it\/fr\/wp-json\/wp\/v2\/posts\/85586\/revisions\/85587"}],"wp:attachment":[{"href":"https:\/\/www.bellunopress.it\/fr\/wp-json\/wp\/v2\/media?parent=85586"}],"wp:term":[{"taxonomy":"category","embeddable":true,"href":"https:\/\/www.bellunopress.it\/fr\/wp-json\/wp\/v2\/categories?post=85586"},{"taxonomy":"post_tag","embeddable":true,"href":"https:\/\/www.bellunopress.it\/fr\/wp-json\/wp\/v2\/tags?post=85586"}],"curies":[{"name":"wp","href":"https:\/\/api.w.org\/{rel}","templated":true}]}}