{"id":8557,"date":"2009-09-30T21:45:43","date_gmt":"2009-09-30T20:45:43","guid":{"rendered":"http:\/\/www.bellunopress.it\/?p=8557"},"modified":"2009-09-30T21:45:43","modified_gmt":"2009-09-30T20:45:43","slug":"ultimi-30-giorni-di-proroga-per-la-mobilita-allideal-standard-di-trichiana","status":"publish","type":"post","link":"https:\/\/www.bellunopress.it\/fr\/2009\/09\/30\/ultimi-30-giorni-di-proroga-per-la-mobilita-allideal-standard-di-trichiana\/","title":{"rendered":"Ultimi 30 giorni di proroga per la mobilit\u00e0 all&#8217;Ideal Standard di Trichiana"},"content":{"rendered":"<p>Scatta oggi, 30 settembre, il conto alla rovescia dei 30 giorni di proroga per l\u2019avvio della procedura di mobilit\u00e0 per i lavoratori della Ceramica Dolomite \u2013 Ideal Standard di Trichiana. La proposta accettata dall\u2019azienda e dalle organizzazioni sindacali, \u00e8 stata formalizzata nella sede del ministero del Lavoro luned\u00ec scorso. \u00abIntanto \u2013 fa sapere Oscar De Bona &#8211;\u00a0 in queste prossime due settimane vi saranno incontri incentrati su un\u2019ipotesi di contratto di solidariet\u00e0 mirato a ridurre grandemente o addirittura azzerare gli esuberi. Si tratta di proposte del sottosegretario allo Sviluppo economico Stefano Salia, illustrate in quell\u2019occasione a Roma all\u2019azienda e alle parti sociali\u00bb. All\u2019incontro era presente anche la Regione Veneto, la quale segue passo passo questa difficile vicenda che coinvolge centinaia di famiglie che vivono la drammatica situazione.\u00a0 In modo particolare operano in piena collaborazione Oscar De Bona e i suoi colleghi di giunta\u00a0 Elena Donazzan e Vendemiano Sartor, rispettivamente assessori alle Politiche attive del lavoro e alla Politica industriale, i quali monitorano con estrema attenzione questa ed altre problematiche occupazionali. A Roma si era parlato in particolare dello stabilimento di Trichiana, per il quale i sindacati avevano chiesto di aumentare la produzione da 2 milioni a 2 milioni e 300 mila\u00a0 pezzi, ritenendo questa la soglia minima perch\u00e9 la fabbrica possa produrre un utile che ne consenta la sopravvivenza. Questo dopo che gli stessi sindacati avevano rifiutato la proposta dell\u2019azienda che in pratica contemplava solo ammortizzatori sociali, ma pretendendo\u00a0 chiarimenti sul piano industriale e sulle intenzioni dell\u2019Ideal Standar in Italia. \u00abDalla relazione che mi \u00e8 stata consegnata \u2013 illustra De Bona &#8211;\u00a0 in quell\u2019incontro al ministero dello Sviluppo economico l\u2019azienda ha dichiarato che riguardo lo stabilimento di Trichiana, in linea di massima, non dovrebbero esserci problemi a discutere il contratto di solidariet\u00e0. Tant\u2019\u00e8 che la stessa azienda, insieme\u00a0 con le organizzazioni sindacali, ha accolto l\u2019iniziativa del sottosegretario Salia di riunirsi il 13 ottobre prossimo, alle 15, nel medesimo ministero allo scopo di monitorare lo stato della trattativa o addirittura sancire l\u2019eventuale accordo \u00bb.<\/p>","protected":false},"excerpt":{"rendered":"<p>Scatta oggi, 30 settembre, il conto alla rovescia dei 30 giorni di proroga per l\u2019avvio della procedura di mobilit\u00e0 per i lavoratori della Ceramica Dolomite \u2013 Ideal Standard di Trichiana. La proposta accettata dall\u2019azienda e dalle organizzazioni sindacali, \u00e8 stata formalizzata nella sede del ministero del Lavoro luned\u00ec scorso. \u00abIntanto \u2013 fa sapere Oscar De [&hellip;]<\/p>\n","protected":false},"author":2,"featured_media":0,"comment_status":"closed","ping_status":"open","sticky":false,"template":"","format":"standard","meta":{"footnotes":""},"categories":[36,26],"tags":[],"class_list":["post-8557","post","type-post","status-publish","format-standard","category-lavoro-economia","category-prima-pagina"],"yoast_head":"<!-- This site is optimized with the Yoast SEO plugin v28.4 - https:\/\/yoast.com\/product\/yoast-seo-wordpress\/ -->\n<title>Ultimi 30 giorni di proroga per la mobilit\u00e0 all&#039;Ideal Standard di Trichiana - Bellunopress - Dolomiti<\/title>\n<meta name=\"robots\" content=\"index, follow, max-snippet:-1, max-image-preview:large, max-video-preview:-1\" \/>\n<link rel=\"canonical\" href=\"https:\/\/www.bellunopress.it\/fr\/2009\/09\/30\/ultimi-30-giorni-di-proroga-per-la-mobilita-allideal-standard-di-trichiana\/\" \/>\n<meta property=\"og:locale\" content=\"fr_FR\" \/>\n<meta property=\"og:type\" content=\"article\" \/>\n<meta property=\"og:title\" content=\"Ultimi 30 giorni di proroga per la mobilit\u00e0 all&#039;Ideal Standard di Trichiana - Bellunopress - Dolomiti\" \/>\n<meta property=\"og:description\" content=\"Scatta oggi, 30 settembre, il conto alla rovescia dei 30 giorni di proroga per l\u2019avvio della procedura di mobilit\u00e0 per i lavoratori della Ceramica Dolomite \u2013 Ideal Standard di Trichiana. La proposta accettata dall\u2019azienda e dalle organizzazioni sindacali, \u00e8 stata formalizzata nella sede del ministero del Lavoro luned\u00ec scorso. \u00abIntanto \u2013 fa sapere Oscar De [&hellip;]\" \/>\n<meta property=\"og:url\" content=\"https:\/\/www.bellunopress.it\/fr\/2009\/09\/30\/ultimi-30-giorni-di-proroga-per-la-mobilita-allideal-standard-di-trichiana\/\" \/>\n<meta property=\"og:site_name\" content=\"Bellunopress - Dolomiti\" \/>\n<meta property=\"article:publisher\" content=\"https:\/\/www.facebook.com\/profile.php?id=100008943462799\" \/>\n<meta property=\"article:published_time\" content=\"2009-09-30T20:45:43+00:00\" \/>\n<meta property=\"og:image\" content=\"http:\/\/www.bellunopress.it\/wp-content\/uploads\/2012\/07\/logo-bellunopress-250x250-2012.jpg\" \/>\n<meta name=\"author\" content=\"redazione\" \/>\n<meta name=\"twitter:card\" content=\"summary_large_image\" \/>\n<meta name=\"twitter:creator\" content=\"@bellunopress\" \/>\n<meta name=\"twitter:site\" content=\"@bellunopress\" \/>\n<meta name=\"twitter:label1\" content=\"\u00c9crit par\" \/>\n\t<meta name=\"twitter:data1\" content=\"redazione\" \/>\n\t<meta name=\"twitter:label2\" content=\"Dur\u00e9e de lecture estim\u00e9e\" \/>\n\t<meta name=\"twitter:data2\" content=\"2 minutes\" \/>\n<script type=\"application\/ld+json\" class=\"yoast-schema-graph\">{\"@context\":\"https:\\\/\\\/schema.org\",\"@graph\":[{\"@type\":\"Article\",\"@id\":\"https:\\\/\\\/www.bellunopress.it\\\/2009\\\/09\\\/30\\\/ultimi-30-giorni-di-proroga-per-la-mobilita-allideal-standard-di-trichiana\\\/#article\",\"isPartOf\":{\"@id\":\"https:\\\/\\\/www.bellunopress.it\\\/2009\\\/09\\\/30\\\/ultimi-30-giorni-di-proroga-per-la-mobilita-allideal-standard-di-trichiana\\\/\"},\"author\":{\"name\":\"redazione\",\"@id\":\"https:\\\/\\\/www.bellunopress.it\\\/#\\\/schema\\\/person\\\/79bb06722b37ece1c03d3e94beb30d73\"},\"headline\":\"Ultimi 30 giorni di proroga per la mobilit\u00e0 all&#8217;Ideal Standard di Trichiana\",\"datePublished\":\"2009-09-30T20:45:43+00:00\",\"mainEntityOfPage\":{\"@id\":\"https:\\\/\\\/www.bellunopress.it\\\/2009\\\/09\\\/30\\\/ultimi-30-giorni-di-proroga-per-la-mobilita-allideal-standard-di-trichiana\\\/\"},\"wordCount\":344,\"publisher\":{\"@id\":\"https:\\\/\\\/www.bellunopress.it\\\/#organization\"},\"articleSection\":[\"Lavoro, Economia, Turismo\",\"Prima Pagina\"],\"inLanguage\":\"fr-FR\"},{\"@type\":\"WebPage\",\"@id\":\"https:\\\/\\\/www.bellunopress.it\\\/2009\\\/09\\\/30\\\/ultimi-30-giorni-di-proroga-per-la-mobilita-allideal-standard-di-trichiana\\\/\",\"url\":\"https:\\\/\\\/www.bellunopress.it\\\/2009\\\/09\\\/30\\\/ultimi-30-giorni-di-proroga-per-la-mobilita-allideal-standard-di-trichiana\\\/\",\"name\":\"Ultimi 30 giorni di proroga per la mobilit\u00e0 all'Ideal Standard di Trichiana - Bellunopress - Dolomiti\",\"isPartOf\":{\"@id\":\"https:\\\/\\\/www.bellunopress.it\\\/#website\"},\"datePublished\":\"2009-09-30T20:45:43+00:00\",\"breadcrumb\":{\"@id\":\"https:\\\/\\\/www.bellunopress.it\\\/2009\\\/09\\\/30\\\/ultimi-30-giorni-di-proroga-per-la-mobilita-allideal-standard-di-trichiana\\\/#breadcrumb\"},\"inLanguage\":\"fr-FR\",\"potentialAction\":[{\"@type\":\"ReadAction\",\"target\":[\"https:\\\/\\\/www.bellunopress.it\\\/2009\\\/09\\\/30\\\/ultimi-30-giorni-di-proroga-per-la-mobilita-allideal-standard-di-trichiana\\\/\"]}]},{\"@type\":\"BreadcrumbList\",\"@id\":\"https:\\\/\\\/www.bellunopress.it\\\/2009\\\/09\\\/30\\\/ultimi-30-giorni-di-proroga-per-la-mobilita-allideal-standard-di-trichiana\\\/#breadcrumb\",\"itemListElement\":[{\"@type\":\"ListItem\",\"position\":1,\"name\":\"Home\",\"item\":\"https:\\\/\\\/www.bellunopress.it\\\/\"},{\"@type\":\"ListItem\",\"position\":2,\"name\":\"Ultimi 30 giorni di proroga per la mobilit\u00e0 all&#8217;Ideal Standard di Trichiana\"}]},{\"@type\":\"WebSite\",\"@id\":\"https:\\\/\\\/www.bellunopress.it\\\/#website\",\"url\":\"https:\\\/\\\/www.bellunopress.it\\\/\",\"name\":\"Bellunopress - Dolomiti\",\"description\":\"e-mail: redazione@bellunopress.it\",\"publisher\":{\"@id\":\"https:\\\/\\\/www.bellunopress.it\\\/#organization\"},\"potentialAction\":[{\"@type\":\"SearchAction\",\"target\":{\"@type\":\"EntryPoint\",\"urlTemplate\":\"https:\\\/\\\/www.bellunopress.it\\\/?s={search_term_string}\"},\"query-input\":{\"@type\":\"PropertyValueSpecification\",\"valueRequired\":true,\"valueName\":\"search_term_string\"}}],\"inLanguage\":\"fr-FR\"},{\"@type\":\"Organization\",\"@id\":\"https:\\\/\\\/www.bellunopress.it\\\/#organization\",\"name\":\"Bellunopress\",\"url\":\"https:\\\/\\\/www.bellunopress.it\\\/\",\"logo\":{\"@type\":\"ImageObject\",\"inLanguage\":\"fr-FR\",\"@id\":\"https:\\\/\\\/www.bellunopress.it\\\/#\\\/schema\\\/logo\\\/image\\\/\",\"url\":\"https:\\\/\\\/www.bellunopress.it\\\/wp-content\\\/uploads\\\/2011\\\/05\\\/cropped-logo-bellunopress-.jpg\",\"contentUrl\":\"https:\\\/\\\/www.bellunopress.it\\\/wp-content\\\/uploads\\\/2011\\\/05\\\/cropped-logo-bellunopress-.jpg\",\"width\":512,\"height\":512,\"caption\":\"Bellunopress\"},\"image\":{\"@id\":\"https:\\\/\\\/www.bellunopress.it\\\/#\\\/schema\\\/logo\\\/image\\\/\"},\"sameAs\":[\"https:\\\/\\\/www.facebook.com\\\/profile.php?id=100008943462799\",\"https:\\\/\\\/x.com\\\/bellunopress\",\"https:\\\/\\\/www.linkedin.com\\\/hp\\\/?dnr=JBzUWaJfMUw8vbXJJ2tVW5-I3jZKvC4wsoxE&amp;amp;amp;amp;amp;amp;trk=nav_responsive_tab_home\",\"https:\\\/\\\/www.youtube.com\\\/channel\\\/UCxL0wu1uN0_3_7hGG0306cw\"]},{\"@type\":\"Person\",\"@id\":\"https:\\\/\\\/www.bellunopress.it\\\/#\\\/schema\\\/person\\\/79bb06722b37ece1c03d3e94beb30d73\",\"name\":\"redazione\",\"image\":{\"@type\":\"ImageObject\",\"inLanguage\":\"fr-FR\",\"@id\":\"https:\\\/\\\/secure.gravatar.com\\\/avatar\\\/37d968a2e67a6fd04c169c4bdef102d0bc5d31b2546345219e348575eb80e9a0?s=96&d=mm&r=g\",\"url\":\"https:\\\/\\\/secure.gravatar.com\\\/avatar\\\/37d968a2e67a6fd04c169c4bdef102d0bc5d31b2546345219e348575eb80e9a0?s=96&d=mm&r=g\",\"contentUrl\":\"https:\\\/\\\/secure.gravatar.com\\\/avatar\\\/37d968a2e67a6fd04c169c4bdef102d0bc5d31b2546345219e348575eb80e9a0?s=96&d=mm&r=g\",\"caption\":\"redazione\"},\"sameAs\":[\"http:\\\/\\\/www.bellunopress.it\",\"https:\\\/\\\/x.com\\\/bellunopress\"],\"url\":\"https:\\\/\\\/www.bellunopress.it\\\/fr\\\/author\\\/redazione\\\/\"}]}<\/script>\n<!-- \/ Yoast SEO plugin. -->","yoast_head_json":{"title":"Ultimi 30 giorni di proroga per la mobilit\u00e0 all'Ideal Standard di Trichiana - Bellunopress - Dolomiti","robots":{"index":"index","follow":"follow","max-snippet":"max-snippet:-1","max-image-preview":"max-image-preview:large","max-video-preview":"max-video-preview:-1"},"canonical":"https:\/\/www.bellunopress.it\/fr\/2009\/09\/30\/ultimi-30-giorni-di-proroga-per-la-mobilita-allideal-standard-di-trichiana\/","og_locale":"fr_FR","og_type":"article","og_title":"Ultimi 30 giorni di proroga per la mobilit\u00e0 all'Ideal Standard di Trichiana - Bellunopress - Dolomiti","og_description":"Scatta oggi, 30 settembre, il conto alla rovescia dei 30 giorni di proroga per l\u2019avvio della procedura di mobilit\u00e0 per i lavoratori della Ceramica Dolomite \u2013 Ideal Standard di Trichiana. La proposta accettata dall\u2019azienda e dalle organizzazioni sindacali, \u00e8 stata formalizzata nella sede del ministero del Lavoro luned\u00ec scorso. \u00abIntanto \u2013 fa sapere Oscar De [&hellip;]","og_url":"https:\/\/www.bellunopress.it\/fr\/2009\/09\/30\/ultimi-30-giorni-di-proroga-per-la-mobilita-allideal-standard-di-trichiana\/","og_site_name":"Bellunopress - Dolomiti","article_publisher":"https:\/\/www.facebook.com\/profile.php?id=100008943462799","article_published_time":"2009-09-30T20:45:43+00:00","og_image":[{"url":"http:\/\/www.bellunopress.it\/wp-content\/uploads\/2012\/07\/logo-bellunopress-250x250-2012.jpg","type":"","width":"","height":""}],"author":"redazione","twitter_card":"summary_large_image","twitter_creator":"@bellunopress","twitter_site":"@bellunopress","twitter_misc":{"\u00c9crit par":"redazione","Dur\u00e9e de lecture estim\u00e9e":"2 minutes"},"schema":{"@context":"https:\/\/schema.org","@graph":[{"@type":"Article","@id":"https:\/\/www.bellunopress.it\/2009\/09\/30\/ultimi-30-giorni-di-proroga-per-la-mobilita-allideal-standard-di-trichiana\/#article","isPartOf":{"@id":"https:\/\/www.bellunopress.it\/2009\/09\/30\/ultimi-30-giorni-di-proroga-per-la-mobilita-allideal-standard-di-trichiana\/"},"author":{"name":"redazione","@id":"https:\/\/www.bellunopress.it\/#\/schema\/person\/79bb06722b37ece1c03d3e94beb30d73"},"headline":"Ultimi 30 giorni di proroga per la mobilit\u00e0 all&#8217;Ideal Standard di Trichiana","datePublished":"2009-09-30T20:45:43+00:00","mainEntityOfPage":{"@id":"https:\/\/www.bellunopress.it\/2009\/09\/30\/ultimi-30-giorni-di-proroga-per-la-mobilita-allideal-standard-di-trichiana\/"},"wordCount":344,"publisher":{"@id":"https:\/\/www.bellunopress.it\/#organization"},"articleSection":["Lavoro, Economia, Turismo","Prima Pagina"],"inLanguage":"fr-FR"},{"@type":"WebPage","@id":"https:\/\/www.bellunopress.it\/2009\/09\/30\/ultimi-30-giorni-di-proroga-per-la-mobilita-allideal-standard-di-trichiana\/","url":"https:\/\/www.bellunopress.it\/2009\/09\/30\/ultimi-30-giorni-di-proroga-per-la-mobilita-allideal-standard-di-trichiana\/","name":"Ultimi 30 giorni di proroga per la mobilit\u00e0 all'Ideal Standard di Trichiana - Bellunopress - Dolomiti","isPartOf":{"@id":"https:\/\/www.bellunopress.it\/#website"},"datePublished":"2009-09-30T20:45:43+00:00","breadcrumb":{"@id":"https:\/\/www.bellunopress.it\/2009\/09\/30\/ultimi-30-giorni-di-proroga-per-la-mobilita-allideal-standard-di-trichiana\/#breadcrumb"},"inLanguage":"fr-FR","potentialAction":[{"@type":"ReadAction","target":["https:\/\/www.bellunopress.it\/2009\/09\/30\/ultimi-30-giorni-di-proroga-per-la-mobilita-allideal-standard-di-trichiana\/"]}]},{"@type":"BreadcrumbList","@id":"https:\/\/www.bellunopress.it\/2009\/09\/30\/ultimi-30-giorni-di-proroga-per-la-mobilita-allideal-standard-di-trichiana\/#breadcrumb","itemListElement":[{"@type":"ListItem","position":1,"name":"Home","item":"https:\/\/www.bellunopress.it\/"},{"@type":"ListItem","position":2,"name":"Ultimi 30 giorni di proroga per la mobilit\u00e0 all&#8217;Ideal Standard di Trichiana"}]},{"@type":"WebSite","@id":"https:\/\/www.bellunopress.it\/#website","url":"https:\/\/www.bellunopress.it\/","name":"Bellunopress - Dolomiti","description":"e-mail: redazione@bellunopress.it","publisher":{"@id":"https:\/\/www.bellunopress.it\/#organization"},"potentialAction":[{"@type":"SearchAction","target":{"@type":"EntryPoint","urlTemplate":"https:\/\/www.bellunopress.it\/?s={search_term_string}"},"query-input":{"@type":"PropertyValueSpecification","valueRequired":true,"valueName":"search_term_string"}}],"inLanguage":"fr-FR"},{"@type":"Organization","@id":"https:\/\/www.bellunopress.it\/#organization","name":"Bellunopress","url":"https:\/\/www.bellunopress.it\/","logo":{"@type":"ImageObject","inLanguage":"fr-FR","@id":"https:\/\/www.bellunopress.it\/#\/schema\/logo\/image\/","url":"https:\/\/www.bellunopress.it\/wp-content\/uploads\/2011\/05\/cropped-logo-bellunopress-.jpg","contentUrl":"https:\/\/www.bellunopress.it\/wp-content\/uploads\/2011\/05\/cropped-logo-bellunopress-.jpg","width":512,"height":512,"caption":"Bellunopress"},"image":{"@id":"https:\/\/www.bellunopress.it\/#\/schema\/logo\/image\/"},"sameAs":["https:\/\/www.facebook.com\/profile.php?id=100008943462799","https:\/\/x.com\/bellunopress","https:\/\/www.linkedin.com\/hp\/?dnr=JBzUWaJfMUw8vbXJJ2tVW5-I3jZKvC4wsoxE&amp;amp;amp;amp;amp;amp;trk=nav_responsive_tab_home","https:\/\/www.youtube.com\/channel\/UCxL0wu1uN0_3_7hGG0306cw"]},{"@type":"Person","@id":"https:\/\/www.bellunopress.it\/#\/schema\/person\/79bb06722b37ece1c03d3e94beb30d73","name":"r\u00e9daction","image":{"@type":"ImageObject","inLanguage":"fr-FR","@id":"https:\/\/secure.gravatar.com\/avatar\/37d968a2e67a6fd04c169c4bdef102d0bc5d31b2546345219e348575eb80e9a0?s=96&d=mm&r=g","url":"https:\/\/secure.gravatar.com\/avatar\/37d968a2e67a6fd04c169c4bdef102d0bc5d31b2546345219e348575eb80e9a0?s=96&d=mm&r=g","contentUrl":"https:\/\/secure.gravatar.com\/avatar\/37d968a2e67a6fd04c169c4bdef102d0bc5d31b2546345219e348575eb80e9a0?s=96&d=mm&r=g","caption":"redazione"},"sameAs":["http:\/\/www.bellunopress.it","https:\/\/x.com\/bellunopress"],"url":"https:\/\/www.bellunopress.it\/fr\/author\/redazione\/"}]}},"_links":{"self":[{"href":"https:\/\/www.bellunopress.it\/fr\/wp-json\/wp\/v2\/posts\/8557","targetHints":{"allow":["GET"]}}],"collection":[{"href":"https:\/\/www.bellunopress.it\/fr\/wp-json\/wp\/v2\/posts"}],"about":[{"href":"https:\/\/www.bellunopress.it\/fr\/wp-json\/wp\/v2\/types\/post"}],"author":[{"embeddable":true,"href":"https:\/\/www.bellunopress.it\/fr\/wp-json\/wp\/v2\/users\/2"}],"replies":[{"embeddable":true,"href":"https:\/\/www.bellunopress.it\/fr\/wp-json\/wp\/v2\/comments?post=8557"}],"version-history":[{"count":1,"href":"https:\/\/www.bellunopress.it\/fr\/wp-json\/wp\/v2\/posts\/8557\/revisions"}],"predecessor-version":[{"id":8558,"href":"https:\/\/www.bellunopress.it\/fr\/wp-json\/wp\/v2\/posts\/8557\/revisions\/8558"}],"wp:attachment":[{"href":"https:\/\/www.bellunopress.it\/fr\/wp-json\/wp\/v2\/media?parent=8557"}],"wp:term":[{"taxonomy":"category","embeddable":true,"href":"https:\/\/www.bellunopress.it\/fr\/wp-json\/wp\/v2\/categories?post=8557"},{"taxonomy":"post_tag","embeddable":true,"href":"https:\/\/www.bellunopress.it\/fr\/wp-json\/wp\/v2\/tags?post=8557"}],"curies":[{"name":"wp","href":"https:\/\/api.w.org\/{rel}","templated":true}]}}