{"id":85564,"date":"2017-04-05T18:45:30","date_gmt":"2017-04-05T16:45:30","guid":{"rendered":"http:\/\/www.bellunopress.it\/?p=85564"},"modified":"2017-04-05T18:45:30","modified_gmt":"2017-04-05T16:45:30","slug":"riunione-del-consiglio-comunale-di-belluno-giovedi-6-aprile-ore-16","status":"publish","type":"post","link":"https:\/\/www.bellunopress.it\/fr\/2017\/04\/05\/riunione-del-consiglio-comunale-di-belluno-giovedi-6-aprile-ore-16\/","title":{"rendered":"Riunione del Consiglio comunale di Belluno\u00a0gioved\u00ec 6 aprile ore 16"},"content":{"rendered":"<figure id=\"attachment_11092\" aria-describedby=\"caption-attachment-11092\" style=\"width: 218px\" class=\"wp-caption alignleft\"><a href=\"http:\/\/www.bellunopress.it\/wp-content\/uploads\/2009\/12\/palazzo-rosso-280x220.jpg\"><img loading=\"lazy\" decoding=\"async\" class=\"size-full wp-image-11092\" src=\"http:\/\/www.bellunopress.it\/wp-content\/uploads\/2009\/12\/palazzo-rosso-280x220.jpg\" alt=\"\" width=\"218\" height=\"290\" \/><\/a><figcaption id=\"caption-attachment-11092\" class=\"wp-caption-text\">Palazzo Rosso, sede del Comune di Belluno<\/figcaption><\/figure>\n<p>E\u2019 convocata per le ore 16.00 di gioved\u00ec 6 aprile, nella sala consiliare di Palazzo Rosso, la riunione del consiglio comunale di Belluno, per la discussione del seguente ordine del giorno:<\/p>\n<p>1) Processo verbale del Consiglio Comunale del 01 marzo 2017 &#8211; Approvazione ai sensi dell&#8217;art. 56 del regolamento per il funzionamento del Consiglio Comunale;<\/p>\n<p>2) Variazione al Bilancio di previsione 2017\/2019 e documenti programmatici correlati \u2013 Approvazione;<\/p>\n<p>3) Approvazione regolamento di contabilit\u00e0;<\/p>\n<p>4) Regolamento per l&#8217;assegnazione temporanea di alloggi presso le Case Sperti e la Casa del Dottore a Castion \u2013 Approvazione;<\/p>\n<p>5) Museo Civico di Palazzo Fulcis. Nuove tariffe;<\/p>\n<p>6) Legge 21\/11\/2000, n. 353 &#8211; \u201cLegge quadro in materia di incendi boschivi\u201d- Art. 10. comma 2: catasto comunale dei soprassuoli percorsi dal fuoco \u2013 Adozione;<\/p>\n<p>7) Interpellanza del Consigliere Francesco Pingitore (Civica \u201cCon Antonio Prade\u201d) relativa al parcheggio libero sull&#8217;area antistante le attivit\u00e0 commerciali nel piazzale Mussoi;<\/p>\n<p>8) Interrogazione del Consigliere Celeste Balcon (Patto per Belluno) relativa alla segnaletica orizzontale sul Pian delle Feste a Castion;<\/p>\n<p>9) Interrogazione del Consigliere Roberto De Moliner (Partito Democratico) relativa alla bretella di collegamento. Ex Fio 2, tra via Agordo e Viale Europa e problematiche alla viabilit\u00e0 di Mussoi;<\/p>\n<p>10) Interrogazione del Consigliere Roberto De Moliner (Partito Democratico) relativa al recupero del rifiuto verde, delle ramaglie e della risulta da potatura;<\/p>\n<p>11) Interrogazione del Consigliere Sergio Marchese (Movimento 5 Stelle) relativa alla trasparenza delle scelte;<\/p>\n<p>12) Interrogazione del Consigliere Maria Cristina Zoleo (Intesa Dolomitica con Belluno) relativa alla manutenzione degli alberi di Via Agordo.<\/p>","protected":false},"excerpt":{"rendered":"<p>E\u2019 convocata per le ore 16.00 di gioved\u00ec 6 aprile, nella sala consiliare di Palazzo Rosso, la riunione del consiglio comunale di Belluno, per la discussione del seguente ordine del giorno: 1) Processo verbale del Consiglio Comunale del 01 marzo 2017 &#8211; Approvazione ai sensi dell&#8217;art. 56 del regolamento per il funzionamento del Consiglio Comunale; [&hellip;]<\/p>\n","protected":false},"author":2,"featured_media":0,"comment_status":"closed","ping_status":"open","sticky":false,"template":"","format":"standard","meta":{"footnotes":""},"categories":[26,8],"tags":[],"class_list":["post-85564","post","type-post","status-publish","format-standard","category-prima-pagina","category-societa-istituzioni"],"yoast_head":"<!-- This site is optimized with the Yoast SEO plugin v28.4 - https:\/\/yoast.com\/product\/yoast-seo-wordpress\/ -->\n<title>Riunione del Consiglio comunale di Belluno\u00a0gioved\u00ec 6 aprile ore 16 - Bellunopress - Dolomiti<\/title>\n<meta name=\"robots\" content=\"index, follow, max-snippet:-1, max-image-preview:large, max-video-preview:-1\" \/>\n<link rel=\"canonical\" href=\"https:\/\/www.bellunopress.it\/fr\/2017\/04\/05\/riunione-del-consiglio-comunale-di-belluno-giovedi-6-aprile-ore-16\/\" \/>\n<meta property=\"og:locale\" content=\"fr_FR\" \/>\n<meta property=\"og:type\" content=\"article\" \/>\n<meta property=\"og:title\" content=\"Riunione del Consiglio comunale di Belluno\u00a0gioved\u00ec 6 aprile ore 16 - Bellunopress - Dolomiti\" \/>\n<meta property=\"og:description\" content=\"E\u2019 convocata per le ore 16.00 di gioved\u00ec 6 aprile, nella sala consiliare di Palazzo Rosso, la riunione del consiglio comunale di Belluno, per la discussione del seguente ordine del giorno: 1) Processo verbale del Consiglio Comunale del 01 marzo 2017 &#8211; Approvazione ai sensi dell&#8217;art. 56 del regolamento per il funzionamento del Consiglio Comunale; [&hellip;]\" \/>\n<meta property=\"og:url\" content=\"https:\/\/www.bellunopress.it\/fr\/2017\/04\/05\/riunione-del-consiglio-comunale-di-belluno-giovedi-6-aprile-ore-16\/\" \/>\n<meta property=\"og:site_name\" content=\"Bellunopress - Dolomiti\" \/>\n<meta property=\"article:publisher\" content=\"https:\/\/www.facebook.com\/profile.php?id=100008943462799\" \/>\n<meta property=\"article:published_time\" content=\"2017-04-05T16:45:30+00:00\" \/>\n<meta property=\"og:image\" content=\"http:\/\/www.bellunopress.it\/wp-content\/uploads\/2009\/12\/palazzo-rosso-280x220.jpg\" \/>\n<meta name=\"author\" content=\"redazione\" \/>\n<meta name=\"twitter:card\" content=\"summary_large_image\" \/>\n<meta name=\"twitter:creator\" content=\"@bellunopress\" \/>\n<meta name=\"twitter:site\" content=\"@bellunopress\" \/>\n<meta name=\"twitter:label1\" content=\"\u00c9crit par\" \/>\n\t<meta name=\"twitter:data1\" content=\"redazione\" \/>\n\t<meta name=\"twitter:label2\" content=\"Dur\u00e9e de lecture estim\u00e9e\" \/>\n\t<meta name=\"twitter:data2\" content=\"1 minute\" \/>\n<script type=\"application\/ld+json\" class=\"yoast-schema-graph\">{\"@context\":\"https:\\\/\\\/schema.org\",\"@graph\":[{\"@type\":\"Article\",\"@id\":\"https:\\\/\\\/www.bellunopress.it\\\/2017\\\/04\\\/05\\\/riunione-del-consiglio-comunale-di-belluno-giovedi-6-aprile-ore-16\\\/#article\",\"isPartOf\":{\"@id\":\"https:\\\/\\\/www.bellunopress.it\\\/2017\\\/04\\\/05\\\/riunione-del-consiglio-comunale-di-belluno-giovedi-6-aprile-ore-16\\\/\"},\"author\":{\"name\":\"redazione\",\"@id\":\"https:\\\/\\\/www.bellunopress.it\\\/#\\\/schema\\\/person\\\/79bb06722b37ece1c03d3e94beb30d73\"},\"headline\":\"Riunione del Consiglio comunale di Belluno\u00a0gioved\u00ec 6 aprile ore 16\",\"datePublished\":\"2017-04-05T16:45:30+00:00\",\"mainEntityOfPage\":{\"@id\":\"https:\\\/\\\/www.bellunopress.it\\\/2017\\\/04\\\/05\\\/riunione-del-consiglio-comunale-di-belluno-giovedi-6-aprile-ore-16\\\/\"},\"wordCount\":252,\"publisher\":{\"@id\":\"https:\\\/\\\/www.bellunopress.it\\\/#organization\"},\"image\":{\"@id\":\"https:\\\/\\\/www.bellunopress.it\\\/2017\\\/04\\\/05\\\/riunione-del-consiglio-comunale-di-belluno-giovedi-6-aprile-ore-16\\\/#primaryimage\"},\"thumbnailUrl\":\"http:\\\/\\\/www.bellunopress.it\\\/wp-content\\\/uploads\\\/2009\\\/12\\\/palazzo-rosso-280x220.jpg\",\"articleSection\":[\"Prima Pagina\",\"Societ\u00e0, Associazioni, Istituzioni\"],\"inLanguage\":\"fr-FR\"},{\"@type\":\"WebPage\",\"@id\":\"https:\\\/\\\/www.bellunopress.it\\\/2017\\\/04\\\/05\\\/riunione-del-consiglio-comunale-di-belluno-giovedi-6-aprile-ore-16\\\/\",\"url\":\"https:\\\/\\\/www.bellunopress.it\\\/2017\\\/04\\\/05\\\/riunione-del-consiglio-comunale-di-belluno-giovedi-6-aprile-ore-16\\\/\",\"name\":\"Riunione del Consiglio comunale di Belluno\u00a0gioved\u00ec 6 aprile ore 16 - Bellunopress - Dolomiti\",\"isPartOf\":{\"@id\":\"https:\\\/\\\/www.bellunopress.it\\\/#website\"},\"primaryImageOfPage\":{\"@id\":\"https:\\\/\\\/www.bellunopress.it\\\/2017\\\/04\\\/05\\\/riunione-del-consiglio-comunale-di-belluno-giovedi-6-aprile-ore-16\\\/#primaryimage\"},\"image\":{\"@id\":\"https:\\\/\\\/www.bellunopress.it\\\/2017\\\/04\\\/05\\\/riunione-del-consiglio-comunale-di-belluno-giovedi-6-aprile-ore-16\\\/#primaryimage\"},\"thumbnailUrl\":\"http:\\\/\\\/www.bellunopress.it\\\/wp-content\\\/uploads\\\/2009\\\/12\\\/palazzo-rosso-280x220.jpg\",\"datePublished\":\"2017-04-05T16:45:30+00:00\",\"breadcrumb\":{\"@id\":\"https:\\\/\\\/www.bellunopress.it\\\/2017\\\/04\\\/05\\\/riunione-del-consiglio-comunale-di-belluno-giovedi-6-aprile-ore-16\\\/#breadcrumb\"},\"inLanguage\":\"fr-FR\",\"potentialAction\":[{\"@type\":\"ReadAction\",\"target\":[\"https:\\\/\\\/www.bellunopress.it\\\/2017\\\/04\\\/05\\\/riunione-del-consiglio-comunale-di-belluno-giovedi-6-aprile-ore-16\\\/\"]}]},{\"@type\":\"ImageObject\",\"inLanguage\":\"fr-FR\",\"@id\":\"https:\\\/\\\/www.bellunopress.it\\\/2017\\\/04\\\/05\\\/riunione-del-consiglio-comunale-di-belluno-giovedi-6-aprile-ore-16\\\/#primaryimage\",\"url\":\"http:\\\/\\\/www.bellunopress.it\\\/wp-content\\\/uploads\\\/2009\\\/12\\\/palazzo-rosso-280x220.jpg\",\"contentUrl\":\"http:\\\/\\\/www.bellunopress.it\\\/wp-content\\\/uploads\\\/2009\\\/12\\\/palazzo-rosso-280x220.jpg\"},{\"@type\":\"BreadcrumbList\",\"@id\":\"https:\\\/\\\/www.bellunopress.it\\\/2017\\\/04\\\/05\\\/riunione-del-consiglio-comunale-di-belluno-giovedi-6-aprile-ore-16\\\/#breadcrumb\",\"itemListElement\":[{\"@type\":\"ListItem\",\"position\":1,\"name\":\"Home\",\"item\":\"https:\\\/\\\/www.bellunopress.it\\\/\"},{\"@type\":\"ListItem\",\"position\":2,\"name\":\"Riunione del Consiglio comunale di Belluno\u00a0gioved\u00ec 6 aprile ore 16\"}]},{\"@type\":\"WebSite\",\"@id\":\"https:\\\/\\\/www.bellunopress.it\\\/#website\",\"url\":\"https:\\\/\\\/www.bellunopress.it\\\/\",\"name\":\"Bellunopress - Dolomiti\",\"description\":\"e-mail: redazione@bellunopress.it\",\"publisher\":{\"@id\":\"https:\\\/\\\/www.bellunopress.it\\\/#organization\"},\"potentialAction\":[{\"@type\":\"SearchAction\",\"target\":{\"@type\":\"EntryPoint\",\"urlTemplate\":\"https:\\\/\\\/www.bellunopress.it\\\/?s={search_term_string}\"},\"query-input\":{\"@type\":\"PropertyValueSpecification\",\"valueRequired\":true,\"valueName\":\"search_term_string\"}}],\"inLanguage\":\"fr-FR\"},{\"@type\":\"Organization\",\"@id\":\"https:\\\/\\\/www.bellunopress.it\\\/#organization\",\"name\":\"Bellunopress\",\"url\":\"https:\\\/\\\/www.bellunopress.it\\\/\",\"logo\":{\"@type\":\"ImageObject\",\"inLanguage\":\"fr-FR\",\"@id\":\"https:\\\/\\\/www.bellunopress.it\\\/#\\\/schema\\\/logo\\\/image\\\/\",\"url\":\"https:\\\/\\\/www.bellunopress.it\\\/wp-content\\\/uploads\\\/2011\\\/05\\\/cropped-logo-bellunopress-.jpg\",\"contentUrl\":\"https:\\\/\\\/www.bellunopress.it\\\/wp-content\\\/uploads\\\/2011\\\/05\\\/cropped-logo-bellunopress-.jpg\",\"width\":512,\"height\":512,\"caption\":\"Bellunopress\"},\"image\":{\"@id\":\"https:\\\/\\\/www.bellunopress.it\\\/#\\\/schema\\\/logo\\\/image\\\/\"},\"sameAs\":[\"https:\\\/\\\/www.facebook.com\\\/profile.php?id=100008943462799\",\"https:\\\/\\\/x.com\\\/bellunopress\",\"https:\\\/\\\/www.linkedin.com\\\/hp\\\/?dnr=JBzUWaJfMUw8vbXJJ2tVW5-I3jZKvC4wsoxE&amp;amp;amp;amp;amp;amp;trk=nav_responsive_tab_home\",\"https:\\\/\\\/www.youtube.com\\\/channel\\\/UCxL0wu1uN0_3_7hGG0306cw\"]},{\"@type\":\"Person\",\"@id\":\"https:\\\/\\\/www.bellunopress.it\\\/#\\\/schema\\\/person\\\/79bb06722b37ece1c03d3e94beb30d73\",\"name\":\"redazione\",\"image\":{\"@type\":\"ImageObject\",\"inLanguage\":\"fr-FR\",\"@id\":\"https:\\\/\\\/secure.gravatar.com\\\/avatar\\\/37d968a2e67a6fd04c169c4bdef102d0bc5d31b2546345219e348575eb80e9a0?s=96&d=mm&r=g\",\"url\":\"https:\\\/\\\/secure.gravatar.com\\\/avatar\\\/37d968a2e67a6fd04c169c4bdef102d0bc5d31b2546345219e348575eb80e9a0?s=96&d=mm&r=g\",\"contentUrl\":\"https:\\\/\\\/secure.gravatar.com\\\/avatar\\\/37d968a2e67a6fd04c169c4bdef102d0bc5d31b2546345219e348575eb80e9a0?s=96&d=mm&r=g\",\"caption\":\"redazione\"},\"sameAs\":[\"http:\\\/\\\/www.bellunopress.it\",\"https:\\\/\\\/x.com\\\/bellunopress\"],\"url\":\"https:\\\/\\\/www.bellunopress.it\\\/fr\\\/author\\\/redazione\\\/\"}]}<\/script>\n<!-- \/ Yoast SEO plugin. -->","yoast_head_json":{"title":"Riunione del Consiglio comunale di Belluno\u00a0gioved\u00ec 6 aprile ore 16 - Bellunopress - Dolomiti","robots":{"index":"index","follow":"follow","max-snippet":"max-snippet:-1","max-image-preview":"max-image-preview:large","max-video-preview":"max-video-preview:-1"},"canonical":"https:\/\/www.bellunopress.it\/fr\/2017\/04\/05\/riunione-del-consiglio-comunale-di-belluno-giovedi-6-aprile-ore-16\/","og_locale":"fr_FR","og_type":"article","og_title":"Riunione del Consiglio comunale di Belluno\u00a0gioved\u00ec 6 aprile ore 16 - Bellunopress - Dolomiti","og_description":"E\u2019 convocata per le ore 16.00 di gioved\u00ec 6 aprile, nella sala consiliare di Palazzo Rosso, la riunione del consiglio comunale di Belluno, per la discussione del seguente ordine del giorno: 1) Processo verbale del Consiglio Comunale del 01 marzo 2017 &#8211; Approvazione ai sensi dell&#8217;art. 56 del regolamento per il funzionamento del Consiglio Comunale; [&hellip;]","og_url":"https:\/\/www.bellunopress.it\/fr\/2017\/04\/05\/riunione-del-consiglio-comunale-di-belluno-giovedi-6-aprile-ore-16\/","og_site_name":"Bellunopress - Dolomiti","article_publisher":"https:\/\/www.facebook.com\/profile.php?id=100008943462799","article_published_time":"2017-04-05T16:45:30+00:00","og_image":[{"url":"http:\/\/www.bellunopress.it\/wp-content\/uploads\/2009\/12\/palazzo-rosso-280x220.jpg","type":"","width":"","height":""}],"author":"redazione","twitter_card":"summary_large_image","twitter_creator":"@bellunopress","twitter_site":"@bellunopress","twitter_misc":{"\u00c9crit par":"redazione","Dur\u00e9e de lecture estim\u00e9e":"1 minute"},"schema":{"@context":"https:\/\/schema.org","@graph":[{"@type":"Article","@id":"https:\/\/www.bellunopress.it\/2017\/04\/05\/riunione-del-consiglio-comunale-di-belluno-giovedi-6-aprile-ore-16\/#article","isPartOf":{"@id":"https:\/\/www.bellunopress.it\/2017\/04\/05\/riunione-del-consiglio-comunale-di-belluno-giovedi-6-aprile-ore-16\/"},"author":{"name":"redazione","@id":"https:\/\/www.bellunopress.it\/#\/schema\/person\/79bb06722b37ece1c03d3e94beb30d73"},"headline":"Riunione del Consiglio comunale di Belluno\u00a0gioved\u00ec 6 aprile ore 16","datePublished":"2017-04-05T16:45:30+00:00","mainEntityOfPage":{"@id":"https:\/\/www.bellunopress.it\/2017\/04\/05\/riunione-del-consiglio-comunale-di-belluno-giovedi-6-aprile-ore-16\/"},"wordCount":252,"publisher":{"@id":"https:\/\/www.bellunopress.it\/#organization"},"image":{"@id":"https:\/\/www.bellunopress.it\/2017\/04\/05\/riunione-del-consiglio-comunale-di-belluno-giovedi-6-aprile-ore-16\/#primaryimage"},"thumbnailUrl":"http:\/\/www.bellunopress.it\/wp-content\/uploads\/2009\/12\/palazzo-rosso-280x220.jpg","articleSection":["Prima Pagina","Societ\u00e0, Associazioni, Istituzioni"],"inLanguage":"fr-FR"},{"@type":"WebPage","@id":"https:\/\/www.bellunopress.it\/2017\/04\/05\/riunione-del-consiglio-comunale-di-belluno-giovedi-6-aprile-ore-16\/","url":"https:\/\/www.bellunopress.it\/2017\/04\/05\/riunione-del-consiglio-comunale-di-belluno-giovedi-6-aprile-ore-16\/","name":"Riunione del Consiglio comunale di Belluno\u00a0gioved\u00ec 6 aprile ore 16 - Bellunopress - Dolomiti","isPartOf":{"@id":"https:\/\/www.bellunopress.it\/#website"},"primaryImageOfPage":{"@id":"https:\/\/www.bellunopress.it\/2017\/04\/05\/riunione-del-consiglio-comunale-di-belluno-giovedi-6-aprile-ore-16\/#primaryimage"},"image":{"@id":"https:\/\/www.bellunopress.it\/2017\/04\/05\/riunione-del-consiglio-comunale-di-belluno-giovedi-6-aprile-ore-16\/#primaryimage"},"thumbnailUrl":"http:\/\/www.bellunopress.it\/wp-content\/uploads\/2009\/12\/palazzo-rosso-280x220.jpg","datePublished":"2017-04-05T16:45:30+00:00","breadcrumb":{"@id":"https:\/\/www.bellunopress.it\/2017\/04\/05\/riunione-del-consiglio-comunale-di-belluno-giovedi-6-aprile-ore-16\/#breadcrumb"},"inLanguage":"fr-FR","potentialAction":[{"@type":"ReadAction","target":["https:\/\/www.bellunopress.it\/2017\/04\/05\/riunione-del-consiglio-comunale-di-belluno-giovedi-6-aprile-ore-16\/"]}]},{"@type":"ImageObject","inLanguage":"fr-FR","@id":"https:\/\/www.bellunopress.it\/2017\/04\/05\/riunione-del-consiglio-comunale-di-belluno-giovedi-6-aprile-ore-16\/#primaryimage","url":"http:\/\/www.bellunopress.it\/wp-content\/uploads\/2009\/12\/palazzo-rosso-280x220.jpg","contentUrl":"http:\/\/www.bellunopress.it\/wp-content\/uploads\/2009\/12\/palazzo-rosso-280x220.jpg"},{"@type":"BreadcrumbList","@id":"https:\/\/www.bellunopress.it\/2017\/04\/05\/riunione-del-consiglio-comunale-di-belluno-giovedi-6-aprile-ore-16\/#breadcrumb","itemListElement":[{"@type":"ListItem","position":1,"name":"Home","item":"https:\/\/www.bellunopress.it\/"},{"@type":"ListItem","position":2,"name":"Riunione del Consiglio comunale di Belluno\u00a0gioved\u00ec 6 aprile ore 16"}]},{"@type":"WebSite","@id":"https:\/\/www.bellunopress.it\/#website","url":"https:\/\/www.bellunopress.it\/","name":"Bellunopress - Dolomiti","description":"e-mail: redazione@bellunopress.it","publisher":{"@id":"https:\/\/www.bellunopress.it\/#organization"},"potentialAction":[{"@type":"SearchAction","target":{"@type":"EntryPoint","urlTemplate":"https:\/\/www.bellunopress.it\/?s={search_term_string}"},"query-input":{"@type":"PropertyValueSpecification","valueRequired":true,"valueName":"search_term_string"}}],"inLanguage":"fr-FR"},{"@type":"Organization","@id":"https:\/\/www.bellunopress.it\/#organization","name":"Bellunopress","url":"https:\/\/www.bellunopress.it\/","logo":{"@type":"ImageObject","inLanguage":"fr-FR","@id":"https:\/\/www.bellunopress.it\/#\/schema\/logo\/image\/","url":"https:\/\/www.bellunopress.it\/wp-content\/uploads\/2011\/05\/cropped-logo-bellunopress-.jpg","contentUrl":"https:\/\/www.bellunopress.it\/wp-content\/uploads\/2011\/05\/cropped-logo-bellunopress-.jpg","width":512,"height":512,"caption":"Bellunopress"},"image":{"@id":"https:\/\/www.bellunopress.it\/#\/schema\/logo\/image\/"},"sameAs":["https:\/\/www.facebook.com\/profile.php?id=100008943462799","https:\/\/x.com\/bellunopress","https:\/\/www.linkedin.com\/hp\/?dnr=JBzUWaJfMUw8vbXJJ2tVW5-I3jZKvC4wsoxE&amp;amp;amp;amp;amp;amp;trk=nav_responsive_tab_home","https:\/\/www.youtube.com\/channel\/UCxL0wu1uN0_3_7hGG0306cw"]},{"@type":"Person","@id":"https:\/\/www.bellunopress.it\/#\/schema\/person\/79bb06722b37ece1c03d3e94beb30d73","name":"r\u00e9daction","image":{"@type":"ImageObject","inLanguage":"fr-FR","@id":"https:\/\/secure.gravatar.com\/avatar\/37d968a2e67a6fd04c169c4bdef102d0bc5d31b2546345219e348575eb80e9a0?s=96&d=mm&r=g","url":"https:\/\/secure.gravatar.com\/avatar\/37d968a2e67a6fd04c169c4bdef102d0bc5d31b2546345219e348575eb80e9a0?s=96&d=mm&r=g","contentUrl":"https:\/\/secure.gravatar.com\/avatar\/37d968a2e67a6fd04c169c4bdef102d0bc5d31b2546345219e348575eb80e9a0?s=96&d=mm&r=g","caption":"redazione"},"sameAs":["http:\/\/www.bellunopress.it","https:\/\/x.com\/bellunopress"],"url":"https:\/\/www.bellunopress.it\/fr\/author\/redazione\/"}]}},"_links":{"self":[{"href":"https:\/\/www.bellunopress.it\/fr\/wp-json\/wp\/v2\/posts\/85564","targetHints":{"allow":["GET"]}}],"collection":[{"href":"https:\/\/www.bellunopress.it\/fr\/wp-json\/wp\/v2\/posts"}],"about":[{"href":"https:\/\/www.bellunopress.it\/fr\/wp-json\/wp\/v2\/types\/post"}],"author":[{"embeddable":true,"href":"https:\/\/www.bellunopress.it\/fr\/wp-json\/wp\/v2\/users\/2"}],"replies":[{"embeddable":true,"href":"https:\/\/www.bellunopress.it\/fr\/wp-json\/wp\/v2\/comments?post=85564"}],"version-history":[{"count":1,"href":"https:\/\/www.bellunopress.it\/fr\/wp-json\/wp\/v2\/posts\/85564\/revisions"}],"predecessor-version":[{"id":85565,"href":"https:\/\/www.bellunopress.it\/fr\/wp-json\/wp\/v2\/posts\/85564\/revisions\/85565"}],"wp:attachment":[{"href":"https:\/\/www.bellunopress.it\/fr\/wp-json\/wp\/v2\/media?parent=85564"}],"wp:term":[{"taxonomy":"category","embeddable":true,"href":"https:\/\/www.bellunopress.it\/fr\/wp-json\/wp\/v2\/categories?post=85564"},{"taxonomy":"post_tag","embeddable":true,"href":"https:\/\/www.bellunopress.it\/fr\/wp-json\/wp\/v2\/tags?post=85564"}],"curies":[{"name":"wp","href":"https:\/\/api.w.org\/{rel}","templated":true}]}}