{"id":8553,"date":"2009-09-30T21:28:05","date_gmt":"2009-09-30T20:28:05","guid":{"rendered":"http:\/\/www.bellunopress.it\/?p=8553"},"modified":"2009-09-30T21:28:05","modified_gmt":"2009-09-30T20:28:05","slug":"ricordo-della-deportazione-dei-feltrini-nel-lager-di-bolzano-e-delle-tre-vittime-della-resistenza-in-largo-castaldi-feltre-2-ottobre-2009-ore-1030","status":"publish","type":"post","link":"https:\/\/www.bellunopress.it\/fr\/2009\/09\/30\/ricordo-della-deportazione-dei-feltrini-nel-lager-di-bolzano-e-delle-tre-vittime-della-resistenza-in-largo-castaldi-feltre-2-ottobre-2009-ore-1030\/","title":{"rendered":"Ricordo della deportazione dei Feltrini nel Lager di Bolzano e delle tre vittime della Resistenza in Largo Castaldi &#8211; Feltre, 2 ottobre 2009, ore 10.30"},"content":{"rendered":"<p>Il 5 ottobre \u00e8 una data importante per la memoria dei feltrini. In quel giorno del 1944, le truppe naziste che occupavano la citt\u00e0 ed il territorio circostante dettero vita ad un massiccio attacco alle formazioni partigiane asserragliate sulle Vette feltrine e contemporaneamente lanciarono un imponente rastrellamento in citt\u00e0 e nelle fabbriche. Tre giovani resistenti (Schenal, Castellan e Vendrame) furono uccisi in Largo Castaldi e 114 feltrini furono deportati nel lager di Bolzano ed in altri pi\u00f9 tristemente famosi, come Flossenburg e Mauthausen. A ricordo dei tre martiri \u00e8 stata collocata, a suo tempo, sulla porta d\u2019accesso al Centro storico di Feltre, nota come Porta Imperiale, una lapide commemorativa. L\u2019Amministrazione, come negli anni passati, desidera ricordare quanto avvenuto ed anche per favorire al massimo la partecipazione degli studenti, in modo che il ricordo di quegli avvenimenti sia condiviso, conosciuto e perpetuato anche dalla giovani generazioni, ha pensato di anticipare le celebrazioni in Largo Castaldi a venerd\u00ec 2 ottobre, con inizio alle ore 10.30. Il programma definito per la commemorazione prevede l\u2019indirizzo di saluto da parte del Sindaco, Sen. Gianvittore Vaccari, la rievocazione storica a cura del Rag. Gianni Faronato, Presidente dell\u2019ANPI, con lettura di testimonianze, una riflessione religiosa di Mons. Giulio Antoniol, l\u2019esecuzione dell\u2019Inno Nazionale ad opera del Coro della Scuola Primaria di Feltre \u2013 Farra.<\/p>","protected":false},"excerpt":{"rendered":"<p>Il 5 ottobre \u00e8 una data importante per la memoria dei feltrini. In quel giorno del 1944, le truppe naziste che occupavano la citt\u00e0 ed il territorio circostante dettero vita ad un massiccio attacco alle formazioni partigiane asserragliate sulle Vette feltrine e contemporaneamente lanciarono un imponente rastrellamento in citt\u00e0 e nelle fabbriche. Tre giovani resistenti [&hellip;]<\/p>\n","protected":false},"author":2,"featured_media":0,"comment_status":"closed","ping_status":"open","sticky":false,"template":"","format":"standard","meta":{"footnotes":""},"categories":[27,25],"tags":[302],"class_list":["post-8553","post","type-post","status-publish","format-standard","category-appuntamenti","category-pausa-caffe","tag-feltre"],"yoast_head":"<!-- This site is optimized with the Yoast SEO plugin v28.4 - https:\/\/yoast.com\/product\/yoast-seo-wordpress\/ -->\n<title>Ricordo della deportazione dei Feltrini nel Lager di Bolzano e delle tre vittime della Resistenza in Largo Castaldi - Feltre, 2 ottobre 2009, ore 10.30 - Bellunopress - Dolomiti<\/title>\n<meta name=\"robots\" content=\"index, follow, max-snippet:-1, max-image-preview:large, max-video-preview:-1\" \/>\n<link rel=\"canonical\" href=\"https:\/\/www.bellunopress.it\/fr\/2009\/09\/30\/ricordo-della-deportazione-dei-feltrini-nel-lager-di-bolzano-e-delle-tre-vittime-della-resistenza-in-largo-castaldi-feltre-2-ottobre-2009-ore-1030\/\" \/>\n<meta property=\"og:locale\" content=\"fr_FR\" \/>\n<meta property=\"og:type\" content=\"article\" \/>\n<meta property=\"og:title\" content=\"Ricordo della deportazione dei Feltrini nel Lager di Bolzano e delle tre vittime della Resistenza in Largo Castaldi - Feltre, 2 ottobre 2009, ore 10.30 - Bellunopress - Dolomiti\" \/>\n<meta property=\"og:description\" content=\"Il 5 ottobre \u00e8 una data importante per la memoria dei feltrini. In quel giorno del 1944, le truppe naziste che occupavano la citt\u00e0 ed il territorio circostante dettero vita ad un massiccio attacco alle formazioni partigiane asserragliate sulle Vette feltrine e contemporaneamente lanciarono un imponente rastrellamento in citt\u00e0 e nelle fabbriche. Tre giovani resistenti [&hellip;]\" \/>\n<meta property=\"og:url\" content=\"https:\/\/www.bellunopress.it\/fr\/2009\/09\/30\/ricordo-della-deportazione-dei-feltrini-nel-lager-di-bolzano-e-delle-tre-vittime-della-resistenza-in-largo-castaldi-feltre-2-ottobre-2009-ore-1030\/\" \/>\n<meta property=\"og:site_name\" content=\"Bellunopress - Dolomiti\" \/>\n<meta property=\"article:publisher\" content=\"https:\/\/www.facebook.com\/profile.php?id=100008943462799\" \/>\n<meta property=\"article:published_time\" content=\"2009-09-30T20:28:05+00:00\" \/>\n<meta property=\"og:image\" content=\"http:\/\/www.bellunopress.it\/wp-content\/uploads\/2012\/07\/logo-bellunopress-250x250-2012.jpg\" \/>\n<meta name=\"author\" content=\"redazione\" \/>\n<meta name=\"twitter:card\" content=\"summary_large_image\" \/>\n<meta name=\"twitter:creator\" content=\"@bellunopress\" \/>\n<meta name=\"twitter:site\" content=\"@bellunopress\" \/>\n<meta name=\"twitter:label1\" content=\"\u00c9crit par\" \/>\n\t<meta name=\"twitter:data1\" content=\"redazione\" \/>\n\t<meta name=\"twitter:label2\" content=\"Dur\u00e9e de lecture estim\u00e9e\" \/>\n\t<meta name=\"twitter:data2\" content=\"1 minute\" \/>\n<script type=\"application\/ld+json\" class=\"yoast-schema-graph\">{\"@context\":\"https:\\\/\\\/schema.org\",\"@graph\":[{\"@type\":\"Article\",\"@id\":\"https:\\\/\\\/www.bellunopress.it\\\/2009\\\/09\\\/30\\\/ricordo-della-deportazione-dei-feltrini-nel-lager-di-bolzano-e-delle-tre-vittime-della-resistenza-in-largo-castaldi-feltre-2-ottobre-2009-ore-1030\\\/#article\",\"isPartOf\":{\"@id\":\"https:\\\/\\\/www.bellunopress.it\\\/2009\\\/09\\\/30\\\/ricordo-della-deportazione-dei-feltrini-nel-lager-di-bolzano-e-delle-tre-vittime-della-resistenza-in-largo-castaldi-feltre-2-ottobre-2009-ore-1030\\\/\"},\"author\":{\"name\":\"redazione\",\"@id\":\"https:\\\/\\\/www.bellunopress.it\\\/#\\\/schema\\\/person\\\/79bb06722b37ece1c03d3e94beb30d73\"},\"headline\":\"Ricordo della deportazione dei Feltrini nel Lager di Bolzano e delle tre vittime della Resistenza in Largo Castaldi &#8211; Feltre, 2 ottobre 2009, ore 10.30\",\"datePublished\":\"2009-09-30T20:28:05+00:00\",\"mainEntityOfPage\":{\"@id\":\"https:\\\/\\\/www.bellunopress.it\\\/2009\\\/09\\\/30\\\/ricordo-della-deportazione-dei-feltrini-nel-lager-di-bolzano-e-delle-tre-vittime-della-resistenza-in-largo-castaldi-feltre-2-ottobre-2009-ore-1030\\\/\"},\"wordCount\":236,\"publisher\":{\"@id\":\"https:\\\/\\\/www.bellunopress.it\\\/#organization\"},\"keywords\":[\"Feltre\"],\"articleSection\":[\"Appuntamenti, Eventi\",\"Pausa Caff\u00e8\"],\"inLanguage\":\"fr-FR\"},{\"@type\":\"WebPage\",\"@id\":\"https:\\\/\\\/www.bellunopress.it\\\/2009\\\/09\\\/30\\\/ricordo-della-deportazione-dei-feltrini-nel-lager-di-bolzano-e-delle-tre-vittime-della-resistenza-in-largo-castaldi-feltre-2-ottobre-2009-ore-1030\\\/\",\"url\":\"https:\\\/\\\/www.bellunopress.it\\\/2009\\\/09\\\/30\\\/ricordo-della-deportazione-dei-feltrini-nel-lager-di-bolzano-e-delle-tre-vittime-della-resistenza-in-largo-castaldi-feltre-2-ottobre-2009-ore-1030\\\/\",\"name\":\"Ricordo della deportazione dei Feltrini nel Lager di Bolzano e delle tre vittime della Resistenza in Largo Castaldi - Feltre, 2 ottobre 2009, ore 10.30 - Bellunopress - Dolomiti\",\"isPartOf\":{\"@id\":\"https:\\\/\\\/www.bellunopress.it\\\/#website\"},\"datePublished\":\"2009-09-30T20:28:05+00:00\",\"breadcrumb\":{\"@id\":\"https:\\\/\\\/www.bellunopress.it\\\/2009\\\/09\\\/30\\\/ricordo-della-deportazione-dei-feltrini-nel-lager-di-bolzano-e-delle-tre-vittime-della-resistenza-in-largo-castaldi-feltre-2-ottobre-2009-ore-1030\\\/#breadcrumb\"},\"inLanguage\":\"fr-FR\",\"potentialAction\":[{\"@type\":\"ReadAction\",\"target\":[\"https:\\\/\\\/www.bellunopress.it\\\/2009\\\/09\\\/30\\\/ricordo-della-deportazione-dei-feltrini-nel-lager-di-bolzano-e-delle-tre-vittime-della-resistenza-in-largo-castaldi-feltre-2-ottobre-2009-ore-1030\\\/\"]}]},{\"@type\":\"BreadcrumbList\",\"@id\":\"https:\\\/\\\/www.bellunopress.it\\\/2009\\\/09\\\/30\\\/ricordo-della-deportazione-dei-feltrini-nel-lager-di-bolzano-e-delle-tre-vittime-della-resistenza-in-largo-castaldi-feltre-2-ottobre-2009-ore-1030\\\/#breadcrumb\",\"itemListElement\":[{\"@type\":\"ListItem\",\"position\":1,\"name\":\"Home\",\"item\":\"https:\\\/\\\/www.bellunopress.it\\\/\"},{\"@type\":\"ListItem\",\"position\":2,\"name\":\"Ricordo della deportazione dei Feltrini nel Lager di Bolzano e delle tre vittime della Resistenza in Largo Castaldi &#8211; Feltre, 2 ottobre 2009, ore 10.30\"}]},{\"@type\":\"WebSite\",\"@id\":\"https:\\\/\\\/www.bellunopress.it\\\/#website\",\"url\":\"https:\\\/\\\/www.bellunopress.it\\\/\",\"name\":\"Bellunopress - Dolomiti\",\"description\":\"e-mail: redazione@bellunopress.it\",\"publisher\":{\"@id\":\"https:\\\/\\\/www.bellunopress.it\\\/#organization\"},\"potentialAction\":[{\"@type\":\"SearchAction\",\"target\":{\"@type\":\"EntryPoint\",\"urlTemplate\":\"https:\\\/\\\/www.bellunopress.it\\\/?s={search_term_string}\"},\"query-input\":{\"@type\":\"PropertyValueSpecification\",\"valueRequired\":true,\"valueName\":\"search_term_string\"}}],\"inLanguage\":\"fr-FR\"},{\"@type\":\"Organization\",\"@id\":\"https:\\\/\\\/www.bellunopress.it\\\/#organization\",\"name\":\"Bellunopress\",\"url\":\"https:\\\/\\\/www.bellunopress.it\\\/\",\"logo\":{\"@type\":\"ImageObject\",\"inLanguage\":\"fr-FR\",\"@id\":\"https:\\\/\\\/www.bellunopress.it\\\/#\\\/schema\\\/logo\\\/image\\\/\",\"url\":\"https:\\\/\\\/www.bellunopress.it\\\/wp-content\\\/uploads\\\/2011\\\/05\\\/cropped-logo-bellunopress-.jpg\",\"contentUrl\":\"https:\\\/\\\/www.bellunopress.it\\\/wp-content\\\/uploads\\\/2011\\\/05\\\/cropped-logo-bellunopress-.jpg\",\"width\":512,\"height\":512,\"caption\":\"Bellunopress\"},\"image\":{\"@id\":\"https:\\\/\\\/www.bellunopress.it\\\/#\\\/schema\\\/logo\\\/image\\\/\"},\"sameAs\":[\"https:\\\/\\\/www.facebook.com\\\/profile.php?id=100008943462799\",\"https:\\\/\\\/x.com\\\/bellunopress\",\"https:\\\/\\\/www.linkedin.com\\\/hp\\\/?dnr=JBzUWaJfMUw8vbXJJ2tVW5-I3jZKvC4wsoxE&amp;amp;amp;amp;amp;amp;trk=nav_responsive_tab_home\",\"https:\\\/\\\/www.youtube.com\\\/channel\\\/UCxL0wu1uN0_3_7hGG0306cw\"]},{\"@type\":\"Person\",\"@id\":\"https:\\\/\\\/www.bellunopress.it\\\/#\\\/schema\\\/person\\\/79bb06722b37ece1c03d3e94beb30d73\",\"name\":\"redazione\",\"image\":{\"@type\":\"ImageObject\",\"inLanguage\":\"fr-FR\",\"@id\":\"https:\\\/\\\/secure.gravatar.com\\\/avatar\\\/37d968a2e67a6fd04c169c4bdef102d0bc5d31b2546345219e348575eb80e9a0?s=96&d=mm&r=g\",\"url\":\"https:\\\/\\\/secure.gravatar.com\\\/avatar\\\/37d968a2e67a6fd04c169c4bdef102d0bc5d31b2546345219e348575eb80e9a0?s=96&d=mm&r=g\",\"contentUrl\":\"https:\\\/\\\/secure.gravatar.com\\\/avatar\\\/37d968a2e67a6fd04c169c4bdef102d0bc5d31b2546345219e348575eb80e9a0?s=96&d=mm&r=g\",\"caption\":\"redazione\"},\"sameAs\":[\"http:\\\/\\\/www.bellunopress.it\",\"https:\\\/\\\/x.com\\\/bellunopress\"],\"url\":\"https:\\\/\\\/www.bellunopress.it\\\/fr\\\/author\\\/redazione\\\/\"}]}<\/script>\n<!-- \/ Yoast SEO plugin. -->","yoast_head_json":{"title":"Ricordo della deportazione dei Feltrini nel Lager di Bolzano e delle tre vittime della Resistenza in Largo Castaldi - Feltre, 2 ottobre 2009, ore 10.30 - Bellunopress - Dolomiti","robots":{"index":"index","follow":"follow","max-snippet":"max-snippet:-1","max-image-preview":"max-image-preview:large","max-video-preview":"max-video-preview:-1"},"canonical":"https:\/\/www.bellunopress.it\/fr\/2009\/09\/30\/ricordo-della-deportazione-dei-feltrini-nel-lager-di-bolzano-e-delle-tre-vittime-della-resistenza-in-largo-castaldi-feltre-2-ottobre-2009-ore-1030\/","og_locale":"fr_FR","og_type":"article","og_title":"Ricordo della deportazione dei Feltrini nel Lager di Bolzano e delle tre vittime della Resistenza in Largo Castaldi - Feltre, 2 ottobre 2009, ore 10.30 - Bellunopress - Dolomiti","og_description":"Il 5 ottobre \u00e8 una data importante per la memoria dei feltrini. In quel giorno del 1944, le truppe naziste che occupavano la citt\u00e0 ed il territorio circostante dettero vita ad un massiccio attacco alle formazioni partigiane asserragliate sulle Vette feltrine e contemporaneamente lanciarono un imponente rastrellamento in citt\u00e0 e nelle fabbriche. Tre giovani resistenti [&hellip;]","og_url":"https:\/\/www.bellunopress.it\/fr\/2009\/09\/30\/ricordo-della-deportazione-dei-feltrini-nel-lager-di-bolzano-e-delle-tre-vittime-della-resistenza-in-largo-castaldi-feltre-2-ottobre-2009-ore-1030\/","og_site_name":"Bellunopress - Dolomiti","article_publisher":"https:\/\/www.facebook.com\/profile.php?id=100008943462799","article_published_time":"2009-09-30T20:28:05+00:00","og_image":[{"url":"http:\/\/www.bellunopress.it\/wp-content\/uploads\/2012\/07\/logo-bellunopress-250x250-2012.jpg","type":"","width":"","height":""}],"author":"redazione","twitter_card":"summary_large_image","twitter_creator":"@bellunopress","twitter_site":"@bellunopress","twitter_misc":{"\u00c9crit par":"redazione","Dur\u00e9e de lecture estim\u00e9e":"1 minute"},"schema":{"@context":"https:\/\/schema.org","@graph":[{"@type":"Article","@id":"https:\/\/www.bellunopress.it\/2009\/09\/30\/ricordo-della-deportazione-dei-feltrini-nel-lager-di-bolzano-e-delle-tre-vittime-della-resistenza-in-largo-castaldi-feltre-2-ottobre-2009-ore-1030\/#article","isPartOf":{"@id":"https:\/\/www.bellunopress.it\/2009\/09\/30\/ricordo-della-deportazione-dei-feltrini-nel-lager-di-bolzano-e-delle-tre-vittime-della-resistenza-in-largo-castaldi-feltre-2-ottobre-2009-ore-1030\/"},"author":{"name":"redazione","@id":"https:\/\/www.bellunopress.it\/#\/schema\/person\/79bb06722b37ece1c03d3e94beb30d73"},"headline":"Ricordo della deportazione dei Feltrini nel Lager di Bolzano e delle tre vittime della Resistenza in Largo Castaldi &#8211; Feltre, 2 ottobre 2009, ore 10.30","datePublished":"2009-09-30T20:28:05+00:00","mainEntityOfPage":{"@id":"https:\/\/www.bellunopress.it\/2009\/09\/30\/ricordo-della-deportazione-dei-feltrini-nel-lager-di-bolzano-e-delle-tre-vittime-della-resistenza-in-largo-castaldi-feltre-2-ottobre-2009-ore-1030\/"},"wordCount":236,"publisher":{"@id":"https:\/\/www.bellunopress.it\/#organization"},"keywords":["Feltre"],"articleSection":["Appuntamenti, Eventi","Pausa Caff\u00e8"],"inLanguage":"fr-FR"},{"@type":"WebPage","@id":"https:\/\/www.bellunopress.it\/2009\/09\/30\/ricordo-della-deportazione-dei-feltrini-nel-lager-di-bolzano-e-delle-tre-vittime-della-resistenza-in-largo-castaldi-feltre-2-ottobre-2009-ore-1030\/","url":"https:\/\/www.bellunopress.it\/2009\/09\/30\/ricordo-della-deportazione-dei-feltrini-nel-lager-di-bolzano-e-delle-tre-vittime-della-resistenza-in-largo-castaldi-feltre-2-ottobre-2009-ore-1030\/","name":"Ricordo della deportazione dei Feltrini nel Lager di Bolzano e delle tre vittime della Resistenza in Largo Castaldi - Feltre, 2 ottobre 2009, ore 10.30 - Bellunopress - Dolomiti","isPartOf":{"@id":"https:\/\/www.bellunopress.it\/#website"},"datePublished":"2009-09-30T20:28:05+00:00","breadcrumb":{"@id":"https:\/\/www.bellunopress.it\/2009\/09\/30\/ricordo-della-deportazione-dei-feltrini-nel-lager-di-bolzano-e-delle-tre-vittime-della-resistenza-in-largo-castaldi-feltre-2-ottobre-2009-ore-1030\/#breadcrumb"},"inLanguage":"fr-FR","potentialAction":[{"@type":"ReadAction","target":["https:\/\/www.bellunopress.it\/2009\/09\/30\/ricordo-della-deportazione-dei-feltrini-nel-lager-di-bolzano-e-delle-tre-vittime-della-resistenza-in-largo-castaldi-feltre-2-ottobre-2009-ore-1030\/"]}]},{"@type":"BreadcrumbList","@id":"https:\/\/www.bellunopress.it\/2009\/09\/30\/ricordo-della-deportazione-dei-feltrini-nel-lager-di-bolzano-e-delle-tre-vittime-della-resistenza-in-largo-castaldi-feltre-2-ottobre-2009-ore-1030\/#breadcrumb","itemListElement":[{"@type":"ListItem","position":1,"name":"Home","item":"https:\/\/www.bellunopress.it\/"},{"@type":"ListItem","position":2,"name":"Ricordo della deportazione dei Feltrini nel Lager di Bolzano e delle tre vittime della Resistenza in Largo Castaldi &#8211; Feltre, 2 ottobre 2009, ore 10.30"}]},{"@type":"WebSite","@id":"https:\/\/www.bellunopress.it\/#website","url":"https:\/\/www.bellunopress.it\/","name":"Bellunopress - Dolomiti","description":"e-mail: redazione@bellunopress.it","publisher":{"@id":"https:\/\/www.bellunopress.it\/#organization"},"potentialAction":[{"@type":"SearchAction","target":{"@type":"EntryPoint","urlTemplate":"https:\/\/www.bellunopress.it\/?s={search_term_string}"},"query-input":{"@type":"PropertyValueSpecification","valueRequired":true,"valueName":"search_term_string"}}],"inLanguage":"fr-FR"},{"@type":"Organization","@id":"https:\/\/www.bellunopress.it\/#organization","name":"Bellunopress","url":"https:\/\/www.bellunopress.it\/","logo":{"@type":"ImageObject","inLanguage":"fr-FR","@id":"https:\/\/www.bellunopress.it\/#\/schema\/logo\/image\/","url":"https:\/\/www.bellunopress.it\/wp-content\/uploads\/2011\/05\/cropped-logo-bellunopress-.jpg","contentUrl":"https:\/\/www.bellunopress.it\/wp-content\/uploads\/2011\/05\/cropped-logo-bellunopress-.jpg","width":512,"height":512,"caption":"Bellunopress"},"image":{"@id":"https:\/\/www.bellunopress.it\/#\/schema\/logo\/image\/"},"sameAs":["https:\/\/www.facebook.com\/profile.php?id=100008943462799","https:\/\/x.com\/bellunopress","https:\/\/www.linkedin.com\/hp\/?dnr=JBzUWaJfMUw8vbXJJ2tVW5-I3jZKvC4wsoxE&amp;amp;amp;amp;amp;amp;trk=nav_responsive_tab_home","https:\/\/www.youtube.com\/channel\/UCxL0wu1uN0_3_7hGG0306cw"]},{"@type":"Person","@id":"https:\/\/www.bellunopress.it\/#\/schema\/person\/79bb06722b37ece1c03d3e94beb30d73","name":"r\u00e9daction","image":{"@type":"ImageObject","inLanguage":"fr-FR","@id":"https:\/\/secure.gravatar.com\/avatar\/37d968a2e67a6fd04c169c4bdef102d0bc5d31b2546345219e348575eb80e9a0?s=96&d=mm&r=g","url":"https:\/\/secure.gravatar.com\/avatar\/37d968a2e67a6fd04c169c4bdef102d0bc5d31b2546345219e348575eb80e9a0?s=96&d=mm&r=g","contentUrl":"https:\/\/secure.gravatar.com\/avatar\/37d968a2e67a6fd04c169c4bdef102d0bc5d31b2546345219e348575eb80e9a0?s=96&d=mm&r=g","caption":"redazione"},"sameAs":["http:\/\/www.bellunopress.it","https:\/\/x.com\/bellunopress"],"url":"https:\/\/www.bellunopress.it\/fr\/author\/redazione\/"}]}},"_links":{"self":[{"href":"https:\/\/www.bellunopress.it\/fr\/wp-json\/wp\/v2\/posts\/8553","targetHints":{"allow":["GET"]}}],"collection":[{"href":"https:\/\/www.bellunopress.it\/fr\/wp-json\/wp\/v2\/posts"}],"about":[{"href":"https:\/\/www.bellunopress.it\/fr\/wp-json\/wp\/v2\/types\/post"}],"author":[{"embeddable":true,"href":"https:\/\/www.bellunopress.it\/fr\/wp-json\/wp\/v2\/users\/2"}],"replies":[{"embeddable":true,"href":"https:\/\/www.bellunopress.it\/fr\/wp-json\/wp\/v2\/comments?post=8553"}],"version-history":[{"count":1,"href":"https:\/\/www.bellunopress.it\/fr\/wp-json\/wp\/v2\/posts\/8553\/revisions"}],"predecessor-version":[{"id":8554,"href":"https:\/\/www.bellunopress.it\/fr\/wp-json\/wp\/v2\/posts\/8553\/revisions\/8554"}],"wp:attachment":[{"href":"https:\/\/www.bellunopress.it\/fr\/wp-json\/wp\/v2\/media?parent=8553"}],"wp:term":[{"taxonomy":"category","embeddable":true,"href":"https:\/\/www.bellunopress.it\/fr\/wp-json\/wp\/v2\/categories?post=8553"},{"taxonomy":"post_tag","embeddable":true,"href":"https:\/\/www.bellunopress.it\/fr\/wp-json\/wp\/v2\/tags?post=8553"}],"curies":[{"name":"wp","href":"https:\/\/api.w.org\/{rel}","templated":true}]}}