{"id":8551,"date":"2009-09-30T21:24:33","date_gmt":"2009-09-30T20:24:33","guid":{"rendered":"http:\/\/www.bellunopress.it\/?p=8551"},"modified":"2009-09-30T21:24:33","modified_gmt":"2009-09-30T20:24:33","slug":"scatti-matti-i-ragazzi-del-laboratorio-di-fotografia-creativa-a-quantin-con-il-fotografo-vito-vecellio-espongono-i-loro-lavori","status":"publish","type":"post","link":"https:\/\/www.bellunopress.it\/fr\/2009\/09\/30\/scatti-matti-i-ragazzi-del-laboratorio-di-fotografia-creativa-a-quantin-con-il-fotografo-vito-vecellio-espongono-i-loro-lavori\/","title":{"rendered":"Scatti matti: i ragazzi, del laboratorio di fotografia creativa a Quantin con il fotografo Vito Vecellio, espongono i loro lavori"},"content":{"rendered":"<p>Sabato 26 settembre alle ore 18.30 presso la Biblioteca Civica di Ponte nelle Alpi \u00e8 stata inaugurata la mostra fotografica dei ragazzi del laboratorio di fotografia creativa a Quantin con il fotografo professionista Vito Vecellio. Il laboratorio \u00e8 nato da un progetto del Settore Sociale del Comune di Ponte nelle Alpi, in collaborazione con l&#8217;Associazione \u201cTerreno di gioco\u201d,\u00a0 per promuovere il benessere di un gruppo di 11 ragazzi di et\u00e0 compresa fra gli 11 e i 17 anni abitanti nel territorio. L&#8217;iniziativa si \u00e8 svolta presso l&#8217;ex scuola elementare di Quantin dove si sono tenuti 17 incontri il marted\u00ec pomeriggio dalle 16.00 alle 18.00 accompagnati dall&#8217;educatrice del Comune Flavia Bortot che li ha seguiti per tutti gli incontri. Oltre all&#8217;esperienza pratica sono stati realizzati, in collaborazione con il servizio \u201cSpazio adolescenti\u201d dell&#8217;U.L.S.S. N\u00b01 di Belluno, alcuni incontri teorici per approfondire le tematiche tipiche dell&#8217;adolescenza. Durante il laboratorio sono state realizzate numerose foto rappresentanti la vita di questi giovani nel loro territorio, le pi\u00f9 significative sono esposte presso la Biblioteca Civica di Ponte nelle Alpi fino a venerd\u00ec 9 ottobre negli orari di apertura della Biblioteca (lun., mar., gio., ven. dalle 14.30 alle 18.45 \u2013 mar. dalle 9.30 alle 12.45 \u2013 mer. dalle\u00a0 9.30 alle 13.45).<\/p>","protected":false},"excerpt":{"rendered":"<p>Sabato 26 settembre alle ore 18.30 presso la Biblioteca Civica di Ponte nelle Alpi \u00e8 stata inaugurata la mostra fotografica dei ragazzi del laboratorio di fotografia creativa a Quantin con il fotografo professionista Vito Vecellio. Il laboratorio \u00e8 nato da un progetto del Settore Sociale del Comune di Ponte nelle Alpi, in collaborazione con l&#8217;Associazione [&hellip;]<\/p>\n","protected":false},"author":2,"featured_media":0,"comment_status":"closed","ping_status":"open","sticky":false,"template":"","format":"standard","meta":{"footnotes":""},"categories":[3,25],"tags":[139],"class_list":["post-8551","post","type-post","status-publish","format-standard","category-arte-cultura-spettacoli-scienza-archivi","category-pausa-caffe","tag-belluno"],"yoast_head":"<!-- This site is optimized with the Yoast SEO plugin v28.4 - https:\/\/yoast.com\/product\/yoast-seo-wordpress\/ -->\n<title>Scatti matti: i ragazzi, del laboratorio di fotografia creativa a Quantin con il fotografo Vito Vecellio, espongono i loro lavori - Bellunopress - Dolomiti<\/title>\n<meta name=\"robots\" content=\"index, follow, max-snippet:-1, max-image-preview:large, max-video-preview:-1\" \/>\n<link rel=\"canonical\" href=\"https:\/\/www.bellunopress.it\/fr\/2009\/09\/30\/scatti-matti-i-ragazzi-del-laboratorio-di-fotografia-creativa-a-quantin-con-il-fotografo-vito-vecellio-espongono-i-loro-lavori\/\" \/>\n<meta property=\"og:locale\" content=\"fr_FR\" \/>\n<meta property=\"og:type\" content=\"article\" \/>\n<meta property=\"og:title\" content=\"Scatti matti: i ragazzi, del laboratorio di fotografia creativa a Quantin con il fotografo Vito Vecellio, espongono i loro lavori - Bellunopress - Dolomiti\" \/>\n<meta property=\"og:description\" content=\"Sabato 26 settembre alle ore 18.30 presso la Biblioteca Civica di Ponte nelle Alpi \u00e8 stata inaugurata la mostra fotografica dei ragazzi del laboratorio di fotografia creativa a Quantin con il fotografo professionista Vito Vecellio. Il laboratorio \u00e8 nato da un progetto del Settore Sociale del Comune di Ponte nelle Alpi, in collaborazione con l&#8217;Associazione [&hellip;]\" \/>\n<meta property=\"og:url\" content=\"https:\/\/www.bellunopress.it\/fr\/2009\/09\/30\/scatti-matti-i-ragazzi-del-laboratorio-di-fotografia-creativa-a-quantin-con-il-fotografo-vito-vecellio-espongono-i-loro-lavori\/\" \/>\n<meta property=\"og:site_name\" content=\"Bellunopress - Dolomiti\" \/>\n<meta property=\"article:publisher\" content=\"https:\/\/www.facebook.com\/profile.php?id=100008943462799\" \/>\n<meta property=\"article:published_time\" content=\"2009-09-30T20:24:33+00:00\" \/>\n<meta property=\"og:image\" content=\"http:\/\/www.bellunopress.it\/wp-content\/uploads\/2012\/07\/logo-bellunopress-250x250-2012.jpg\" \/>\n<meta name=\"author\" content=\"redazione\" \/>\n<meta name=\"twitter:card\" content=\"summary_large_image\" \/>\n<meta name=\"twitter:creator\" content=\"@bellunopress\" \/>\n<meta name=\"twitter:site\" content=\"@bellunopress\" \/>\n<meta name=\"twitter:label1\" content=\"\u00c9crit par\" \/>\n\t<meta name=\"twitter:data1\" content=\"redazione\" \/>\n\t<meta name=\"twitter:label2\" content=\"Dur\u00e9e de lecture estim\u00e9e\" \/>\n\t<meta name=\"twitter:data2\" content=\"1 minute\" \/>\n<script type=\"application\/ld+json\" class=\"yoast-schema-graph\">{\"@context\":\"https:\\\/\\\/schema.org\",\"@graph\":[{\"@type\":\"Article\",\"@id\":\"https:\\\/\\\/www.bellunopress.it\\\/2009\\\/09\\\/30\\\/scatti-matti-i-ragazzi-del-laboratorio-di-fotografia-creativa-a-quantin-con-il-fotografo-vito-vecellio-espongono-i-loro-lavori\\\/#article\",\"isPartOf\":{\"@id\":\"https:\\\/\\\/www.bellunopress.it\\\/2009\\\/09\\\/30\\\/scatti-matti-i-ragazzi-del-laboratorio-di-fotografia-creativa-a-quantin-con-il-fotografo-vito-vecellio-espongono-i-loro-lavori\\\/\"},\"author\":{\"name\":\"redazione\",\"@id\":\"https:\\\/\\\/www.bellunopress.it\\\/#\\\/schema\\\/person\\\/79bb06722b37ece1c03d3e94beb30d73\"},\"headline\":\"Scatti matti: i ragazzi, del laboratorio di fotografia creativa a Quantin con il fotografo Vito Vecellio, espongono i loro lavori\",\"datePublished\":\"2009-09-30T20:24:33+00:00\",\"mainEntityOfPage\":{\"@id\":\"https:\\\/\\\/www.bellunopress.it\\\/2009\\\/09\\\/30\\\/scatti-matti-i-ragazzi-del-laboratorio-di-fotografia-creativa-a-quantin-con-il-fotografo-vito-vecellio-espongono-i-loro-lavori\\\/\"},\"wordCount\":215,\"publisher\":{\"@id\":\"https:\\\/\\\/www.bellunopress.it\\\/#organization\"},\"keywords\":[\"Belluno\"],\"articleSection\":[\"Arte, Cultura, Spettacoli, Scienza\",\"Pausa Caff\u00e8\"],\"inLanguage\":\"fr-FR\"},{\"@type\":\"WebPage\",\"@id\":\"https:\\\/\\\/www.bellunopress.it\\\/2009\\\/09\\\/30\\\/scatti-matti-i-ragazzi-del-laboratorio-di-fotografia-creativa-a-quantin-con-il-fotografo-vito-vecellio-espongono-i-loro-lavori\\\/\",\"url\":\"https:\\\/\\\/www.bellunopress.it\\\/2009\\\/09\\\/30\\\/scatti-matti-i-ragazzi-del-laboratorio-di-fotografia-creativa-a-quantin-con-il-fotografo-vito-vecellio-espongono-i-loro-lavori\\\/\",\"name\":\"Scatti matti: i ragazzi, del laboratorio di fotografia creativa a Quantin con il fotografo Vito Vecellio, espongono i loro lavori - Bellunopress - Dolomiti\",\"isPartOf\":{\"@id\":\"https:\\\/\\\/www.bellunopress.it\\\/#website\"},\"datePublished\":\"2009-09-30T20:24:33+00:00\",\"breadcrumb\":{\"@id\":\"https:\\\/\\\/www.bellunopress.it\\\/2009\\\/09\\\/30\\\/scatti-matti-i-ragazzi-del-laboratorio-di-fotografia-creativa-a-quantin-con-il-fotografo-vito-vecellio-espongono-i-loro-lavori\\\/#breadcrumb\"},\"inLanguage\":\"fr-FR\",\"potentialAction\":[{\"@type\":\"ReadAction\",\"target\":[\"https:\\\/\\\/www.bellunopress.it\\\/2009\\\/09\\\/30\\\/scatti-matti-i-ragazzi-del-laboratorio-di-fotografia-creativa-a-quantin-con-il-fotografo-vito-vecellio-espongono-i-loro-lavori\\\/\"]}]},{\"@type\":\"BreadcrumbList\",\"@id\":\"https:\\\/\\\/www.bellunopress.it\\\/2009\\\/09\\\/30\\\/scatti-matti-i-ragazzi-del-laboratorio-di-fotografia-creativa-a-quantin-con-il-fotografo-vito-vecellio-espongono-i-loro-lavori\\\/#breadcrumb\",\"itemListElement\":[{\"@type\":\"ListItem\",\"position\":1,\"name\":\"Home\",\"item\":\"https:\\\/\\\/www.bellunopress.it\\\/\"},{\"@type\":\"ListItem\",\"position\":2,\"name\":\"Scatti matti: i ragazzi, del laboratorio di fotografia creativa a Quantin con il fotografo Vito Vecellio, espongono i loro lavori\"}]},{\"@type\":\"WebSite\",\"@id\":\"https:\\\/\\\/www.bellunopress.it\\\/#website\",\"url\":\"https:\\\/\\\/www.bellunopress.it\\\/\",\"name\":\"Bellunopress - Dolomiti\",\"description\":\"e-mail: redazione@bellunopress.it\",\"publisher\":{\"@id\":\"https:\\\/\\\/www.bellunopress.it\\\/#organization\"},\"potentialAction\":[{\"@type\":\"SearchAction\",\"target\":{\"@type\":\"EntryPoint\",\"urlTemplate\":\"https:\\\/\\\/www.bellunopress.it\\\/?s={search_term_string}\"},\"query-input\":{\"@type\":\"PropertyValueSpecification\",\"valueRequired\":true,\"valueName\":\"search_term_string\"}}],\"inLanguage\":\"fr-FR\"},{\"@type\":\"Organization\",\"@id\":\"https:\\\/\\\/www.bellunopress.it\\\/#organization\",\"name\":\"Bellunopress\",\"url\":\"https:\\\/\\\/www.bellunopress.it\\\/\",\"logo\":{\"@type\":\"ImageObject\",\"inLanguage\":\"fr-FR\",\"@id\":\"https:\\\/\\\/www.bellunopress.it\\\/#\\\/schema\\\/logo\\\/image\\\/\",\"url\":\"https:\\\/\\\/www.bellunopress.it\\\/wp-content\\\/uploads\\\/2011\\\/05\\\/cropped-logo-bellunopress-.jpg\",\"contentUrl\":\"https:\\\/\\\/www.bellunopress.it\\\/wp-content\\\/uploads\\\/2011\\\/05\\\/cropped-logo-bellunopress-.jpg\",\"width\":512,\"height\":512,\"caption\":\"Bellunopress\"},\"image\":{\"@id\":\"https:\\\/\\\/www.bellunopress.it\\\/#\\\/schema\\\/logo\\\/image\\\/\"},\"sameAs\":[\"https:\\\/\\\/www.facebook.com\\\/profile.php?id=100008943462799\",\"https:\\\/\\\/x.com\\\/bellunopress\",\"https:\\\/\\\/www.linkedin.com\\\/hp\\\/?dnr=JBzUWaJfMUw8vbXJJ2tVW5-I3jZKvC4wsoxE&amp;amp;amp;amp;amp;amp;trk=nav_responsive_tab_home\",\"https:\\\/\\\/www.youtube.com\\\/channel\\\/UCxL0wu1uN0_3_7hGG0306cw\"]},{\"@type\":\"Person\",\"@id\":\"https:\\\/\\\/www.bellunopress.it\\\/#\\\/schema\\\/person\\\/79bb06722b37ece1c03d3e94beb30d73\",\"name\":\"redazione\",\"image\":{\"@type\":\"ImageObject\",\"inLanguage\":\"fr-FR\",\"@id\":\"https:\\\/\\\/secure.gravatar.com\\\/avatar\\\/37d968a2e67a6fd04c169c4bdef102d0bc5d31b2546345219e348575eb80e9a0?s=96&d=mm&r=g\",\"url\":\"https:\\\/\\\/secure.gravatar.com\\\/avatar\\\/37d968a2e67a6fd04c169c4bdef102d0bc5d31b2546345219e348575eb80e9a0?s=96&d=mm&r=g\",\"contentUrl\":\"https:\\\/\\\/secure.gravatar.com\\\/avatar\\\/37d968a2e67a6fd04c169c4bdef102d0bc5d31b2546345219e348575eb80e9a0?s=96&d=mm&r=g\",\"caption\":\"redazione\"},\"sameAs\":[\"http:\\\/\\\/www.bellunopress.it\",\"https:\\\/\\\/x.com\\\/bellunopress\"],\"url\":\"https:\\\/\\\/www.bellunopress.it\\\/fr\\\/author\\\/redazione\\\/\"}]}<\/script>\n<!-- \/ Yoast SEO plugin. -->","yoast_head_json":{"title":"Scatti matti: i ragazzi, del laboratorio di fotografia creativa a Quantin con il fotografo Vito Vecellio, espongono i loro lavori - Bellunopress - Dolomiti","robots":{"index":"index","follow":"follow","max-snippet":"max-snippet:-1","max-image-preview":"max-image-preview:large","max-video-preview":"max-video-preview:-1"},"canonical":"https:\/\/www.bellunopress.it\/fr\/2009\/09\/30\/scatti-matti-i-ragazzi-del-laboratorio-di-fotografia-creativa-a-quantin-con-il-fotografo-vito-vecellio-espongono-i-loro-lavori\/","og_locale":"fr_FR","og_type":"article","og_title":"Scatti matti: i ragazzi, del laboratorio di fotografia creativa a Quantin con il fotografo Vito Vecellio, espongono i loro lavori - Bellunopress - Dolomiti","og_description":"Sabato 26 settembre alle ore 18.30 presso la Biblioteca Civica di Ponte nelle Alpi \u00e8 stata inaugurata la mostra fotografica dei ragazzi del laboratorio di fotografia creativa a Quantin con il fotografo professionista Vito Vecellio. Il laboratorio \u00e8 nato da un progetto del Settore Sociale del Comune di Ponte nelle Alpi, in collaborazione con l&#8217;Associazione [&hellip;]","og_url":"https:\/\/www.bellunopress.it\/fr\/2009\/09\/30\/scatti-matti-i-ragazzi-del-laboratorio-di-fotografia-creativa-a-quantin-con-il-fotografo-vito-vecellio-espongono-i-loro-lavori\/","og_site_name":"Bellunopress - Dolomiti","article_publisher":"https:\/\/www.facebook.com\/profile.php?id=100008943462799","article_published_time":"2009-09-30T20:24:33+00:00","og_image":[{"url":"http:\/\/www.bellunopress.it\/wp-content\/uploads\/2012\/07\/logo-bellunopress-250x250-2012.jpg","type":"","width":"","height":""}],"author":"redazione","twitter_card":"summary_large_image","twitter_creator":"@bellunopress","twitter_site":"@bellunopress","twitter_misc":{"\u00c9crit par":"redazione","Dur\u00e9e de lecture estim\u00e9e":"1 minute"},"schema":{"@context":"https:\/\/schema.org","@graph":[{"@type":"Article","@id":"https:\/\/www.bellunopress.it\/2009\/09\/30\/scatti-matti-i-ragazzi-del-laboratorio-di-fotografia-creativa-a-quantin-con-il-fotografo-vito-vecellio-espongono-i-loro-lavori\/#article","isPartOf":{"@id":"https:\/\/www.bellunopress.it\/2009\/09\/30\/scatti-matti-i-ragazzi-del-laboratorio-di-fotografia-creativa-a-quantin-con-il-fotografo-vito-vecellio-espongono-i-loro-lavori\/"},"author":{"name":"redazione","@id":"https:\/\/www.bellunopress.it\/#\/schema\/person\/79bb06722b37ece1c03d3e94beb30d73"},"headline":"Scatti matti: i ragazzi, del laboratorio di fotografia creativa a Quantin con il fotografo Vito Vecellio, espongono i loro lavori","datePublished":"2009-09-30T20:24:33+00:00","mainEntityOfPage":{"@id":"https:\/\/www.bellunopress.it\/2009\/09\/30\/scatti-matti-i-ragazzi-del-laboratorio-di-fotografia-creativa-a-quantin-con-il-fotografo-vito-vecellio-espongono-i-loro-lavori\/"},"wordCount":215,"publisher":{"@id":"https:\/\/www.bellunopress.it\/#organization"},"keywords":["Belluno"],"articleSection":["Arte, Cultura, Spettacoli, Scienza","Pausa Caff\u00e8"],"inLanguage":"fr-FR"},{"@type":"WebPage","@id":"https:\/\/www.bellunopress.it\/2009\/09\/30\/scatti-matti-i-ragazzi-del-laboratorio-di-fotografia-creativa-a-quantin-con-il-fotografo-vito-vecellio-espongono-i-loro-lavori\/","url":"https:\/\/www.bellunopress.it\/2009\/09\/30\/scatti-matti-i-ragazzi-del-laboratorio-di-fotografia-creativa-a-quantin-con-il-fotografo-vito-vecellio-espongono-i-loro-lavori\/","name":"Scatti matti: i ragazzi, del laboratorio di fotografia creativa a Quantin con il fotografo Vito Vecellio, espongono i loro lavori - Bellunopress - Dolomiti","isPartOf":{"@id":"https:\/\/www.bellunopress.it\/#website"},"datePublished":"2009-09-30T20:24:33+00:00","breadcrumb":{"@id":"https:\/\/www.bellunopress.it\/2009\/09\/30\/scatti-matti-i-ragazzi-del-laboratorio-di-fotografia-creativa-a-quantin-con-il-fotografo-vito-vecellio-espongono-i-loro-lavori\/#breadcrumb"},"inLanguage":"fr-FR","potentialAction":[{"@type":"ReadAction","target":["https:\/\/www.bellunopress.it\/2009\/09\/30\/scatti-matti-i-ragazzi-del-laboratorio-di-fotografia-creativa-a-quantin-con-il-fotografo-vito-vecellio-espongono-i-loro-lavori\/"]}]},{"@type":"BreadcrumbList","@id":"https:\/\/www.bellunopress.it\/2009\/09\/30\/scatti-matti-i-ragazzi-del-laboratorio-di-fotografia-creativa-a-quantin-con-il-fotografo-vito-vecellio-espongono-i-loro-lavori\/#breadcrumb","itemListElement":[{"@type":"ListItem","position":1,"name":"Home","item":"https:\/\/www.bellunopress.it\/"},{"@type":"ListItem","position":2,"name":"Scatti matti: i ragazzi, del laboratorio di fotografia creativa a Quantin con il fotografo Vito Vecellio, espongono i loro lavori"}]},{"@type":"WebSite","@id":"https:\/\/www.bellunopress.it\/#website","url":"https:\/\/www.bellunopress.it\/","name":"Bellunopress - Dolomiti","description":"e-mail: redazione@bellunopress.it","publisher":{"@id":"https:\/\/www.bellunopress.it\/#organization"},"potentialAction":[{"@type":"SearchAction","target":{"@type":"EntryPoint","urlTemplate":"https:\/\/www.bellunopress.it\/?s={search_term_string}"},"query-input":{"@type":"PropertyValueSpecification","valueRequired":true,"valueName":"search_term_string"}}],"inLanguage":"fr-FR"},{"@type":"Organization","@id":"https:\/\/www.bellunopress.it\/#organization","name":"Bellunopress","url":"https:\/\/www.bellunopress.it\/","logo":{"@type":"ImageObject","inLanguage":"fr-FR","@id":"https:\/\/www.bellunopress.it\/#\/schema\/logo\/image\/","url":"https:\/\/www.bellunopress.it\/wp-content\/uploads\/2011\/05\/cropped-logo-bellunopress-.jpg","contentUrl":"https:\/\/www.bellunopress.it\/wp-content\/uploads\/2011\/05\/cropped-logo-bellunopress-.jpg","width":512,"height":512,"caption":"Bellunopress"},"image":{"@id":"https:\/\/www.bellunopress.it\/#\/schema\/logo\/image\/"},"sameAs":["https:\/\/www.facebook.com\/profile.php?id=100008943462799","https:\/\/x.com\/bellunopress","https:\/\/www.linkedin.com\/hp\/?dnr=JBzUWaJfMUw8vbXJJ2tVW5-I3jZKvC4wsoxE&amp;amp;amp;amp;amp;amp;trk=nav_responsive_tab_home","https:\/\/www.youtube.com\/channel\/UCxL0wu1uN0_3_7hGG0306cw"]},{"@type":"Person","@id":"https:\/\/www.bellunopress.it\/#\/schema\/person\/79bb06722b37ece1c03d3e94beb30d73","name":"r\u00e9daction","image":{"@type":"ImageObject","inLanguage":"fr-FR","@id":"https:\/\/secure.gravatar.com\/avatar\/37d968a2e67a6fd04c169c4bdef102d0bc5d31b2546345219e348575eb80e9a0?s=96&d=mm&r=g","url":"https:\/\/secure.gravatar.com\/avatar\/37d968a2e67a6fd04c169c4bdef102d0bc5d31b2546345219e348575eb80e9a0?s=96&d=mm&r=g","contentUrl":"https:\/\/secure.gravatar.com\/avatar\/37d968a2e67a6fd04c169c4bdef102d0bc5d31b2546345219e348575eb80e9a0?s=96&d=mm&r=g","caption":"redazione"},"sameAs":["http:\/\/www.bellunopress.it","https:\/\/x.com\/bellunopress"],"url":"https:\/\/www.bellunopress.it\/fr\/author\/redazione\/"}]}},"_links":{"self":[{"href":"https:\/\/www.bellunopress.it\/fr\/wp-json\/wp\/v2\/posts\/8551","targetHints":{"allow":["GET"]}}],"collection":[{"href":"https:\/\/www.bellunopress.it\/fr\/wp-json\/wp\/v2\/posts"}],"about":[{"href":"https:\/\/www.bellunopress.it\/fr\/wp-json\/wp\/v2\/types\/post"}],"author":[{"embeddable":true,"href":"https:\/\/www.bellunopress.it\/fr\/wp-json\/wp\/v2\/users\/2"}],"replies":[{"embeddable":true,"href":"https:\/\/www.bellunopress.it\/fr\/wp-json\/wp\/v2\/comments?post=8551"}],"version-history":[{"count":1,"href":"https:\/\/www.bellunopress.it\/fr\/wp-json\/wp\/v2\/posts\/8551\/revisions"}],"predecessor-version":[{"id":8552,"href":"https:\/\/www.bellunopress.it\/fr\/wp-json\/wp\/v2\/posts\/8551\/revisions\/8552"}],"wp:attachment":[{"href":"https:\/\/www.bellunopress.it\/fr\/wp-json\/wp\/v2\/media?parent=8551"}],"wp:term":[{"taxonomy":"category","embeddable":true,"href":"https:\/\/www.bellunopress.it\/fr\/wp-json\/wp\/v2\/categories?post=8551"},{"taxonomy":"post_tag","embeddable":true,"href":"https:\/\/www.bellunopress.it\/fr\/wp-json\/wp\/v2\/tags?post=8551"}],"curies":[{"name":"wp","href":"https:\/\/api.w.org\/{rel}","templated":true}]}}