{"id":8549,"date":"2009-09-30T21:18:35","date_gmt":"2009-09-30T20:18:35","guid":{"rendered":"http:\/\/www.bellunopress.it\/?p=8549"},"modified":"2009-09-30T21:18:35","modified_gmt":"2009-09-30T20:18:35","slug":"incontro-sulla-gestione-delle-procedure-ambientali-per-il-settore-delle-costruzioni","status":"publish","type":"post","link":"https:\/\/www.bellunopress.it\/fr\/2009\/09\/30\/incontro-sulla-gestione-delle-procedure-ambientali-per-il-settore-delle-costruzioni\/","title":{"rendered":"Incontro sulla gestione delle procedure ambientali per il settore delle costruzioni."},"content":{"rendered":"<p>Il \u201cCentro Studi Bellunese\u201d assieme a Belluno Tecnologia Srl, alle Sezioni di Confindustria Belluno Dolomiti direttamente interessate ed al Consorzio CIPA, organizza un incontro informativo a Paiane di Ponte nelle Alpi per gioved\u00ec 1 ottobre p.v. con inizio alle ore 9,30 destinato a fare il punto della situazione sulla gestione delle procedure di carattere ambientale nel settore delle costruzioni. Un appuntamento importante in tema ambientale dedicato all\u2019intera \u201cfiliera delle costruzioni\u201d. Infatti, nonostante l\u2019ormai consolidata applicazione delle nuove disposizioni sulla gestione delle terre e rocce da scavo, introdotte dalla Regione del Veneto, c\u2019\u00e8 la necessit\u00e0 e la richiesta di continuare a compiere continue valutazioni ed ulteriori approfondimenti su quelle che sono le varie incombenze poste in capo al settore delle costruzioni e le evoluzioni normative: dalla progettazione al rilascio delle autorizzazioni e fino alla realizzazione delle opere con la fornitura delle materie prime. \u00c8 questa la quarta proposta formativa sullo specifico tema da parte del \u201cSistema Confindustria\u201d sul territorio bellunese, a poco pi\u00f9 di un anno dalle novit\u00e0 operative varate a livello veneto. Il programma prevede, dopo i saluti di Roger De Menech (sindaco di Ponte nelle Alpi) e dei presidenti Antonio Barattin (\u201cCentro Studi Bellunese\u201d e Societ\u00e0 Informatica Territoriale Srl), Arone Roni (Consorzio CIPA e Sezione \u201cIndustrie Materiali da Costruzione\u201d Confindustria Belluno Dolomiti) ed Ezio De Pra (Sezione \u201cCostruttori edili \u2013 ANCE Belluno\u201d Confindustria Belluno Dolomiti) gli interventi e le relazioni di Luca Passadore (Confindustria Padova) e Giuliano Vendrame (Dirigente della Direzione Tutela Ambiente della Regione del Veneto). L\u2019incontro la cui partecipazione \u00e8 gratuita, \u00e8 destinato a tutti i soggetti che operano nel comparto, alla pubblica amministrazione ed alle varie figure professionali interessate: tecnici che curano le fasi di progettazione e di direzione dei lavori, enti locali che rilasciano le autorizzazioni ed i permessi a costruire, imprese che eseguono le opere. Per informazioni ed adesioni (necessarie) ci pu\u00f2 rivolgere al Centro Studi Bellunese oppure al Consorzio CIPA (tel 0437\/951275)<\/p>","protected":false},"excerpt":{"rendered":"<p>Il \u201cCentro Studi Bellunese\u201d assieme a Belluno Tecnologia Srl, alle Sezioni di Confindustria Belluno Dolomiti direttamente interessate ed al Consorzio CIPA, organizza un incontro informativo a Paiane di Ponte nelle Alpi per gioved\u00ec 1 ottobre p.v. con inizio alle ore 9,30 destinato a fare il punto della situazione sulla gestione delle procedure di carattere ambientale [&hellip;]<\/p>\n","protected":false},"author":2,"featured_media":0,"comment_status":"closed","ping_status":"open","sticky":false,"template":"","format":"standard","meta":{"footnotes":""},"categories":[27,26],"tags":[139,63],"class_list":["post-8549","post","type-post","status-publish","format-standard","category-appuntamenti","category-prima-pagina","tag-belluno","tag-dolomiti"],"yoast_head":"<!-- This site is optimized with the Yoast SEO plugin v28.4 - https:\/\/yoast.com\/product\/yoast-seo-wordpress\/ -->\n<title>Incontro sulla gestione delle procedure ambientali per il settore delle costruzioni. - Bellunopress - Dolomiti<\/title>\n<meta name=\"robots\" content=\"index, follow, max-snippet:-1, max-image-preview:large, max-video-preview:-1\" \/>\n<link rel=\"canonical\" href=\"https:\/\/www.bellunopress.it\/fr\/2009\/09\/30\/incontro-sulla-gestione-delle-procedure-ambientali-per-il-settore-delle-costruzioni\/\" \/>\n<meta property=\"og:locale\" content=\"fr_FR\" \/>\n<meta property=\"og:type\" content=\"article\" \/>\n<meta property=\"og:title\" content=\"Incontro sulla gestione delle procedure ambientali per il settore delle costruzioni. - Bellunopress - Dolomiti\" \/>\n<meta property=\"og:description\" content=\"Il \u201cCentro Studi Bellunese\u201d assieme a Belluno Tecnologia Srl, alle Sezioni di Confindustria Belluno Dolomiti direttamente interessate ed al Consorzio CIPA, organizza un incontro informativo a Paiane di Ponte nelle Alpi per gioved\u00ec 1 ottobre p.v. con inizio alle ore 9,30 destinato a fare il punto della situazione sulla gestione delle procedure di carattere ambientale [&hellip;]\" \/>\n<meta property=\"og:url\" content=\"https:\/\/www.bellunopress.it\/fr\/2009\/09\/30\/incontro-sulla-gestione-delle-procedure-ambientali-per-il-settore-delle-costruzioni\/\" \/>\n<meta property=\"og:site_name\" content=\"Bellunopress - Dolomiti\" \/>\n<meta property=\"article:publisher\" content=\"https:\/\/www.facebook.com\/profile.php?id=100008943462799\" \/>\n<meta property=\"article:published_time\" content=\"2009-09-30T20:18:35+00:00\" \/>\n<meta property=\"og:image\" content=\"http:\/\/www.bellunopress.it\/wp-content\/uploads\/2012\/07\/logo-bellunopress-250x250-2012.jpg\" \/>\n<meta name=\"author\" content=\"redazione\" \/>\n<meta name=\"twitter:card\" content=\"summary_large_image\" \/>\n<meta name=\"twitter:creator\" content=\"@bellunopress\" \/>\n<meta name=\"twitter:site\" content=\"@bellunopress\" \/>\n<meta name=\"twitter:label1\" content=\"\u00c9crit par\" \/>\n\t<meta name=\"twitter:data1\" content=\"redazione\" \/>\n\t<meta name=\"twitter:label2\" content=\"Dur\u00e9e de lecture estim\u00e9e\" \/>\n\t<meta name=\"twitter:data2\" content=\"2 minutes\" \/>\n<script type=\"application\/ld+json\" class=\"yoast-schema-graph\">{\"@context\":\"https:\\\/\\\/schema.org\",\"@graph\":[{\"@type\":\"Article\",\"@id\":\"https:\\\/\\\/www.bellunopress.it\\\/2009\\\/09\\\/30\\\/incontro-sulla-gestione-delle-procedure-ambientali-per-il-settore-delle-costruzioni\\\/#article\",\"isPartOf\":{\"@id\":\"https:\\\/\\\/www.bellunopress.it\\\/2009\\\/09\\\/30\\\/incontro-sulla-gestione-delle-procedure-ambientali-per-il-settore-delle-costruzioni\\\/\"},\"author\":{\"name\":\"redazione\",\"@id\":\"https:\\\/\\\/www.bellunopress.it\\\/#\\\/schema\\\/person\\\/79bb06722b37ece1c03d3e94beb30d73\"},\"headline\":\"Incontro sulla gestione delle procedure ambientali per il settore delle costruzioni.\",\"datePublished\":\"2009-09-30T20:18:35+00:00\",\"mainEntityOfPage\":{\"@id\":\"https:\\\/\\\/www.bellunopress.it\\\/2009\\\/09\\\/30\\\/incontro-sulla-gestione-delle-procedure-ambientali-per-il-settore-delle-costruzioni\\\/\"},\"wordCount\":327,\"publisher\":{\"@id\":\"https:\\\/\\\/www.bellunopress.it\\\/#organization\"},\"keywords\":[\"Belluno\",\"Dolomiti\"],\"articleSection\":[\"Appuntamenti, Eventi\",\"Prima Pagina\"],\"inLanguage\":\"fr-FR\"},{\"@type\":\"WebPage\",\"@id\":\"https:\\\/\\\/www.bellunopress.it\\\/2009\\\/09\\\/30\\\/incontro-sulla-gestione-delle-procedure-ambientali-per-il-settore-delle-costruzioni\\\/\",\"url\":\"https:\\\/\\\/www.bellunopress.it\\\/2009\\\/09\\\/30\\\/incontro-sulla-gestione-delle-procedure-ambientali-per-il-settore-delle-costruzioni\\\/\",\"name\":\"Incontro sulla gestione delle procedure ambientali per il settore delle costruzioni. - Bellunopress - Dolomiti\",\"isPartOf\":{\"@id\":\"https:\\\/\\\/www.bellunopress.it\\\/#website\"},\"datePublished\":\"2009-09-30T20:18:35+00:00\",\"breadcrumb\":{\"@id\":\"https:\\\/\\\/www.bellunopress.it\\\/2009\\\/09\\\/30\\\/incontro-sulla-gestione-delle-procedure-ambientali-per-il-settore-delle-costruzioni\\\/#breadcrumb\"},\"inLanguage\":\"fr-FR\",\"potentialAction\":[{\"@type\":\"ReadAction\",\"target\":[\"https:\\\/\\\/www.bellunopress.it\\\/2009\\\/09\\\/30\\\/incontro-sulla-gestione-delle-procedure-ambientali-per-il-settore-delle-costruzioni\\\/\"]}]},{\"@type\":\"BreadcrumbList\",\"@id\":\"https:\\\/\\\/www.bellunopress.it\\\/2009\\\/09\\\/30\\\/incontro-sulla-gestione-delle-procedure-ambientali-per-il-settore-delle-costruzioni\\\/#breadcrumb\",\"itemListElement\":[{\"@type\":\"ListItem\",\"position\":1,\"name\":\"Home\",\"item\":\"https:\\\/\\\/www.bellunopress.it\\\/\"},{\"@type\":\"ListItem\",\"position\":2,\"name\":\"Incontro sulla gestione delle procedure ambientali per il settore delle costruzioni.\"}]},{\"@type\":\"WebSite\",\"@id\":\"https:\\\/\\\/www.bellunopress.it\\\/#website\",\"url\":\"https:\\\/\\\/www.bellunopress.it\\\/\",\"name\":\"Bellunopress - Dolomiti\",\"description\":\"e-mail: redazione@bellunopress.it\",\"publisher\":{\"@id\":\"https:\\\/\\\/www.bellunopress.it\\\/#organization\"},\"potentialAction\":[{\"@type\":\"SearchAction\",\"target\":{\"@type\":\"EntryPoint\",\"urlTemplate\":\"https:\\\/\\\/www.bellunopress.it\\\/?s={search_term_string}\"},\"query-input\":{\"@type\":\"PropertyValueSpecification\",\"valueRequired\":true,\"valueName\":\"search_term_string\"}}],\"inLanguage\":\"fr-FR\"},{\"@type\":\"Organization\",\"@id\":\"https:\\\/\\\/www.bellunopress.it\\\/#organization\",\"name\":\"Bellunopress\",\"url\":\"https:\\\/\\\/www.bellunopress.it\\\/\",\"logo\":{\"@type\":\"ImageObject\",\"inLanguage\":\"fr-FR\",\"@id\":\"https:\\\/\\\/www.bellunopress.it\\\/#\\\/schema\\\/logo\\\/image\\\/\",\"url\":\"https:\\\/\\\/www.bellunopress.it\\\/wp-content\\\/uploads\\\/2011\\\/05\\\/cropped-logo-bellunopress-.jpg\",\"contentUrl\":\"https:\\\/\\\/www.bellunopress.it\\\/wp-content\\\/uploads\\\/2011\\\/05\\\/cropped-logo-bellunopress-.jpg\",\"width\":512,\"height\":512,\"caption\":\"Bellunopress\"},\"image\":{\"@id\":\"https:\\\/\\\/www.bellunopress.it\\\/#\\\/schema\\\/logo\\\/image\\\/\"},\"sameAs\":[\"https:\\\/\\\/www.facebook.com\\\/profile.php?id=100008943462799\",\"https:\\\/\\\/x.com\\\/bellunopress\",\"https:\\\/\\\/www.linkedin.com\\\/hp\\\/?dnr=JBzUWaJfMUw8vbXJJ2tVW5-I3jZKvC4wsoxE&amp;amp;amp;amp;amp;amp;trk=nav_responsive_tab_home\",\"https:\\\/\\\/www.youtube.com\\\/channel\\\/UCxL0wu1uN0_3_7hGG0306cw\"]},{\"@type\":\"Person\",\"@id\":\"https:\\\/\\\/www.bellunopress.it\\\/#\\\/schema\\\/person\\\/79bb06722b37ece1c03d3e94beb30d73\",\"name\":\"redazione\",\"image\":{\"@type\":\"ImageObject\",\"inLanguage\":\"fr-FR\",\"@id\":\"https:\\\/\\\/secure.gravatar.com\\\/avatar\\\/37d968a2e67a6fd04c169c4bdef102d0bc5d31b2546345219e348575eb80e9a0?s=96&d=mm&r=g\",\"url\":\"https:\\\/\\\/secure.gravatar.com\\\/avatar\\\/37d968a2e67a6fd04c169c4bdef102d0bc5d31b2546345219e348575eb80e9a0?s=96&d=mm&r=g\",\"contentUrl\":\"https:\\\/\\\/secure.gravatar.com\\\/avatar\\\/37d968a2e67a6fd04c169c4bdef102d0bc5d31b2546345219e348575eb80e9a0?s=96&d=mm&r=g\",\"caption\":\"redazione\"},\"sameAs\":[\"http:\\\/\\\/www.bellunopress.it\",\"https:\\\/\\\/x.com\\\/bellunopress\"],\"url\":\"https:\\\/\\\/www.bellunopress.it\\\/fr\\\/author\\\/redazione\\\/\"}]}<\/script>\n<!-- \/ Yoast SEO plugin. -->","yoast_head_json":{"title":"Incontro sulla gestione delle procedure ambientali per il settore delle costruzioni. - Bellunopress - Dolomiti","robots":{"index":"index","follow":"follow","max-snippet":"max-snippet:-1","max-image-preview":"max-image-preview:large","max-video-preview":"max-video-preview:-1"},"canonical":"https:\/\/www.bellunopress.it\/fr\/2009\/09\/30\/incontro-sulla-gestione-delle-procedure-ambientali-per-il-settore-delle-costruzioni\/","og_locale":"fr_FR","og_type":"article","og_title":"Incontro sulla gestione delle procedure ambientali per il settore delle costruzioni. - Bellunopress - Dolomiti","og_description":"Il \u201cCentro Studi Bellunese\u201d assieme a Belluno Tecnologia Srl, alle Sezioni di Confindustria Belluno Dolomiti direttamente interessate ed al Consorzio CIPA, organizza un incontro informativo a Paiane di Ponte nelle Alpi per gioved\u00ec 1 ottobre p.v. con inizio alle ore 9,30 destinato a fare il punto della situazione sulla gestione delle procedure di carattere ambientale [&hellip;]","og_url":"https:\/\/www.bellunopress.it\/fr\/2009\/09\/30\/incontro-sulla-gestione-delle-procedure-ambientali-per-il-settore-delle-costruzioni\/","og_site_name":"Bellunopress - Dolomiti","article_publisher":"https:\/\/www.facebook.com\/profile.php?id=100008943462799","article_published_time":"2009-09-30T20:18:35+00:00","og_image":[{"url":"http:\/\/www.bellunopress.it\/wp-content\/uploads\/2012\/07\/logo-bellunopress-250x250-2012.jpg","type":"","width":"","height":""}],"author":"redazione","twitter_card":"summary_large_image","twitter_creator":"@bellunopress","twitter_site":"@bellunopress","twitter_misc":{"\u00c9crit par":"redazione","Dur\u00e9e de lecture estim\u00e9e":"2 minutes"},"schema":{"@context":"https:\/\/schema.org","@graph":[{"@type":"Article","@id":"https:\/\/www.bellunopress.it\/2009\/09\/30\/incontro-sulla-gestione-delle-procedure-ambientali-per-il-settore-delle-costruzioni\/#article","isPartOf":{"@id":"https:\/\/www.bellunopress.it\/2009\/09\/30\/incontro-sulla-gestione-delle-procedure-ambientali-per-il-settore-delle-costruzioni\/"},"author":{"name":"redazione","@id":"https:\/\/www.bellunopress.it\/#\/schema\/person\/79bb06722b37ece1c03d3e94beb30d73"},"headline":"Incontro sulla gestione delle procedure ambientali per il settore delle costruzioni.","datePublished":"2009-09-30T20:18:35+00:00","mainEntityOfPage":{"@id":"https:\/\/www.bellunopress.it\/2009\/09\/30\/incontro-sulla-gestione-delle-procedure-ambientali-per-il-settore-delle-costruzioni\/"},"wordCount":327,"publisher":{"@id":"https:\/\/www.bellunopress.it\/#organization"},"keywords":["Belluno","Dolomiti"],"articleSection":["Appuntamenti, Eventi","Prima Pagina"],"inLanguage":"fr-FR"},{"@type":"WebPage","@id":"https:\/\/www.bellunopress.it\/2009\/09\/30\/incontro-sulla-gestione-delle-procedure-ambientali-per-il-settore-delle-costruzioni\/","url":"https:\/\/www.bellunopress.it\/2009\/09\/30\/incontro-sulla-gestione-delle-procedure-ambientali-per-il-settore-delle-costruzioni\/","name":"Incontro sulla gestione delle procedure ambientali per il settore delle costruzioni. - Bellunopress - Dolomiti","isPartOf":{"@id":"https:\/\/www.bellunopress.it\/#website"},"datePublished":"2009-09-30T20:18:35+00:00","breadcrumb":{"@id":"https:\/\/www.bellunopress.it\/2009\/09\/30\/incontro-sulla-gestione-delle-procedure-ambientali-per-il-settore-delle-costruzioni\/#breadcrumb"},"inLanguage":"fr-FR","potentialAction":[{"@type":"ReadAction","target":["https:\/\/www.bellunopress.it\/2009\/09\/30\/incontro-sulla-gestione-delle-procedure-ambientali-per-il-settore-delle-costruzioni\/"]}]},{"@type":"BreadcrumbList","@id":"https:\/\/www.bellunopress.it\/2009\/09\/30\/incontro-sulla-gestione-delle-procedure-ambientali-per-il-settore-delle-costruzioni\/#breadcrumb","itemListElement":[{"@type":"ListItem","position":1,"name":"Home","item":"https:\/\/www.bellunopress.it\/"},{"@type":"ListItem","position":2,"name":"Incontro sulla gestione delle procedure ambientali per il settore delle costruzioni."}]},{"@type":"WebSite","@id":"https:\/\/www.bellunopress.it\/#website","url":"https:\/\/www.bellunopress.it\/","name":"Bellunopress - Dolomiti","description":"e-mail: redazione@bellunopress.it","publisher":{"@id":"https:\/\/www.bellunopress.it\/#organization"},"potentialAction":[{"@type":"SearchAction","target":{"@type":"EntryPoint","urlTemplate":"https:\/\/www.bellunopress.it\/?s={search_term_string}"},"query-input":{"@type":"PropertyValueSpecification","valueRequired":true,"valueName":"search_term_string"}}],"inLanguage":"fr-FR"},{"@type":"Organization","@id":"https:\/\/www.bellunopress.it\/#organization","name":"Bellunopress","url":"https:\/\/www.bellunopress.it\/","logo":{"@type":"ImageObject","inLanguage":"fr-FR","@id":"https:\/\/www.bellunopress.it\/#\/schema\/logo\/image\/","url":"https:\/\/www.bellunopress.it\/wp-content\/uploads\/2011\/05\/cropped-logo-bellunopress-.jpg","contentUrl":"https:\/\/www.bellunopress.it\/wp-content\/uploads\/2011\/05\/cropped-logo-bellunopress-.jpg","width":512,"height":512,"caption":"Bellunopress"},"image":{"@id":"https:\/\/www.bellunopress.it\/#\/schema\/logo\/image\/"},"sameAs":["https:\/\/www.facebook.com\/profile.php?id=100008943462799","https:\/\/x.com\/bellunopress","https:\/\/www.linkedin.com\/hp\/?dnr=JBzUWaJfMUw8vbXJJ2tVW5-I3jZKvC4wsoxE&amp;amp;amp;amp;amp;amp;trk=nav_responsive_tab_home","https:\/\/www.youtube.com\/channel\/UCxL0wu1uN0_3_7hGG0306cw"]},{"@type":"Person","@id":"https:\/\/www.bellunopress.it\/#\/schema\/person\/79bb06722b37ece1c03d3e94beb30d73","name":"r\u00e9daction","image":{"@type":"ImageObject","inLanguage":"fr-FR","@id":"https:\/\/secure.gravatar.com\/avatar\/37d968a2e67a6fd04c169c4bdef102d0bc5d31b2546345219e348575eb80e9a0?s=96&d=mm&r=g","url":"https:\/\/secure.gravatar.com\/avatar\/37d968a2e67a6fd04c169c4bdef102d0bc5d31b2546345219e348575eb80e9a0?s=96&d=mm&r=g","contentUrl":"https:\/\/secure.gravatar.com\/avatar\/37d968a2e67a6fd04c169c4bdef102d0bc5d31b2546345219e348575eb80e9a0?s=96&d=mm&r=g","caption":"redazione"},"sameAs":["http:\/\/www.bellunopress.it","https:\/\/x.com\/bellunopress"],"url":"https:\/\/www.bellunopress.it\/fr\/author\/redazione\/"}]}},"_links":{"self":[{"href":"https:\/\/www.bellunopress.it\/fr\/wp-json\/wp\/v2\/posts\/8549","targetHints":{"allow":["GET"]}}],"collection":[{"href":"https:\/\/www.bellunopress.it\/fr\/wp-json\/wp\/v2\/posts"}],"about":[{"href":"https:\/\/www.bellunopress.it\/fr\/wp-json\/wp\/v2\/types\/post"}],"author":[{"embeddable":true,"href":"https:\/\/www.bellunopress.it\/fr\/wp-json\/wp\/v2\/users\/2"}],"replies":[{"embeddable":true,"href":"https:\/\/www.bellunopress.it\/fr\/wp-json\/wp\/v2\/comments?post=8549"}],"version-history":[{"count":1,"href":"https:\/\/www.bellunopress.it\/fr\/wp-json\/wp\/v2\/posts\/8549\/revisions"}],"predecessor-version":[{"id":8550,"href":"https:\/\/www.bellunopress.it\/fr\/wp-json\/wp\/v2\/posts\/8549\/revisions\/8550"}],"wp:attachment":[{"href":"https:\/\/www.bellunopress.it\/fr\/wp-json\/wp\/v2\/media?parent=8549"}],"wp:term":[{"taxonomy":"category","embeddable":true,"href":"https:\/\/www.bellunopress.it\/fr\/wp-json\/wp\/v2\/categories?post=8549"},{"taxonomy":"post_tag","embeddable":true,"href":"https:\/\/www.bellunopress.it\/fr\/wp-json\/wp\/v2\/tags?post=8549"}],"curies":[{"name":"wp","href":"https:\/\/api.w.org\/{rel}","templated":true}]}}