{"id":8547,"date":"2009-09-30T21:05:08","date_gmt":"2009-09-30T20:05:08","guid":{"rendered":"http:\/\/www.bellunopress.it\/?p=8547"},"modified":"2009-09-30T21:05:08","modified_gmt":"2009-09-30T20:05:08","slug":"week-end-magica-cleme","status":"publish","type":"post","link":"https:\/\/www.bellunopress.it\/fr\/2009\/09\/30\/week-end-magica-cleme\/","title":{"rendered":"Week-end Magica Cleme"},"content":{"rendered":"<p>\u00c8 ormai tutto pronto per la terza edizione del Week-end Magica Cleme. Un ricco programma di attivit\u00e0, da venerd\u00ec\u00a0 2 a domenica 4 ottobre, offrir\u00e0 ai bambini della \u201cFondazione Magica Cleme\u201d l\u2019opportunit\u00e0 di trascorrere giornate indimenticabili tra la magia, le leggende e la storia delle Dolomiti d\u2019Ampezzo.\u00a0 Da venerd\u00ec 2 a domenica 4 ottobre tutta Cortina e l\u2019area Lagazuoi 5 Torri risuoneranno delle risate dei bambini della \u201cFondazione Magica Cleme\u201d, un\u2019associazione che si occupa di regalare ai piccoli malati magici momenti di divertimento e di svago al di fuori della mura ospedaliere. Giunto alla sua terza edizione questo evento offre ai bambini dell\u2019associazione un ricco programma di attivit\u00e0, dando loro l\u2019opportunit\u00e0 di dormire in rifugi d\u2019alta quota, passeggiare nel Parco Naturale delle Dolomiti d\u2019Ampezzo accompagnati da un guardia parco, visitare le antiche malghe e conoscere da vicino la vita del contadino e quella degli animali.<\/p>\n<p>PROGRAMMA WEEK-END MAGICA CLEME<br \/>\n02-03-04 ottobre 2009<\/p>\n<p>2 ottobre &#8211; Ad accogliere il gruppo sin dall\u2019arrivo previsto in mattinata saranno\u00a0 \u201cI Guerrieri del ghiaccio\u201d, la squadra di Hockey di Cortina d\u2019Ampezzo &#8211; anche quest\u2019anno in serie A \u2013 che dar\u00e0 dimostrazione della propria abilit\u00e0 sul campo dello Stadio Olimpico, proprio dove si tennero le Olimpiadi del 1956. Dopo lo spettacolo la cena \u00e8 prevista presso l\u2019ottima pizzeria del Passetto di Giorgio Ghedina \u201cBroco\u201d. Per chi ne avr\u00e0 voglia, si potr\u00e0 anche fare un giro in centro prima di concludere la serata da Campy e ammirare i cervi davanti al Rifugio Col Gallina.<br \/>\n3 ottobre &#8211; Sabato mattina, dopo la colazione al Rifugio, tutti pronti per affrontare la giornata da veri sportivi. Il programma prosegue infatti verso Cimabanche, dove Papin Sport metter\u00e0 a disposizione delle biciclette per fare una bella pedalata in compagnia degli istruttori Tizzi e Franky sulla spettacolare ciclabile in direzione di Cortina, tra boschi, ponti, gallerie e panorami da sogno.<br \/>\nAll\u2019altezza della frazione di Chiave gli \u201cAngeli Custodi\u201d delle montagne, il Soccorso Alpino di Cortina d\u2019Ampezzo, all\u2019interno della nuovissima sede, illustrer\u00e0 i mezzi del mestiere, raccontando alcune delle numerose avventure che ha affrontato nel corso degli anni.<br \/>\nIl pranzo sar\u00e0 organizzato interamente dalla storica Cooperativa di Cortina che sar\u00e0 lieta di preparare un appetitoso pic-nic. Prima tappa del pomeriggio di sabato 3 ottobre sar\u00e0 la visita alla stalla di Stefano Ghedina \u201cBasilio\u201d dove i bambini potranno vedere da vicino le mucche, regine dei pascoli. A conclusione un\u2019entrata trionfale nel Corso centrale di Cortina, degna di un arrivo di tappa del giro d\u2019Italia, attende i piccoli della Fondazione. Ma subito pronti a ripartire destinazione \u201cRa Stua\u201d, zona di alpeggio a nord di Cortina, dove un guardia parco accompagner\u00e0 tutti i partecipanti spiegando loro i segreti del bosco. Una dolcissima sosta per la merenda \u00e8 prevista presso l\u2019antica Malga Ra Stua di Umberto Menardi \u201cLucabeca\u201d. In serata ritorno al Rifugio Col Gallina dove ad attendere i piccoli dopo le scoperte della giornata ci sar\u00e0 una vera e propria cena di montagna.<br \/>\n4 ottobre &#8211; Domenica mattina, dopo la colazione, il gruppo scender\u00e0 al Parco Avventura, all\u2019arrivo dell\u2019ex pista Olimpica di Bob, per divertirsi tra gli alberi e le piattaforma sospese nel bosco. Col pulmino si arriver\u00e0 poi dalla famiglia Alver\u00e0, al Ristorante Ospitale, dove \u00e8 previsto un pranzo in compagnia all\u2019interno dell\u2019accogliente locale. Dall\u2019avventura alla cultura passando per Brunico dove la i bambini avranno l\u2019opportunit\u00e0 di visitare il Museo Etnografico di Teodone che conserva le memorie dell\u2019antica vita di\u00a0 montagna. Al termine della visita \u00e8 previsto il rientro a casa, aspettando il prossimo appuntamento invernale.<\/p>","protected":false},"excerpt":{"rendered":"<p>\u00c8 ormai tutto pronto per la terza edizione del Week-end Magica Cleme. Un ricco programma di attivit\u00e0, da venerd\u00ec\u00a0 2 a domenica 4 ottobre, offrir\u00e0 ai bambini della \u201cFondazione Magica Cleme\u201d l\u2019opportunit\u00e0 di trascorrere giornate indimenticabili tra la magia, le leggende e la storia delle Dolomiti d\u2019Ampezzo.\u00a0 Da venerd\u00ec 2 a domenica 4 ottobre tutta [&hellip;]<\/p>\n","protected":false},"author":2,"featured_media":0,"comment_status":"closed","ping_status":"open","sticky":false,"template":"","format":"standard","meta":{"footnotes":""},"categories":[27,25],"tags":[63],"class_list":["post-8547","post","type-post","status-publish","format-standard","category-appuntamenti","category-pausa-caffe","tag-dolomiti"],"yoast_head":"<!-- This site is optimized with the Yoast SEO plugin v28.4 - https:\/\/yoast.com\/product\/yoast-seo-wordpress\/ -->\n<title>Week-end Magica Cleme  - Bellunopress - Dolomiti<\/title>\n<meta name=\"robots\" content=\"index, follow, max-snippet:-1, max-image-preview:large, max-video-preview:-1\" \/>\n<link rel=\"canonical\" href=\"https:\/\/www.bellunopress.it\/fr\/2009\/09\/30\/week-end-magica-cleme\/\" \/>\n<meta property=\"og:locale\" content=\"fr_FR\" \/>\n<meta property=\"og:type\" content=\"article\" \/>\n<meta property=\"og:title\" content=\"Week-end Magica Cleme  - Bellunopress - Dolomiti\" \/>\n<meta property=\"og:description\" content=\"\u00c8 ormai tutto pronto per la terza edizione del Week-end Magica Cleme. Un ricco programma di attivit\u00e0, da venerd\u00ec\u00a0 2 a domenica 4 ottobre, offrir\u00e0 ai bambini della \u201cFondazione Magica Cleme\u201d l\u2019opportunit\u00e0 di trascorrere giornate indimenticabili tra la magia, le leggende e la storia delle Dolomiti d\u2019Ampezzo.\u00a0 Da venerd\u00ec 2 a domenica 4 ottobre tutta [&hellip;]\" \/>\n<meta property=\"og:url\" content=\"https:\/\/www.bellunopress.it\/fr\/2009\/09\/30\/week-end-magica-cleme\/\" \/>\n<meta property=\"og:site_name\" content=\"Bellunopress - Dolomiti\" \/>\n<meta property=\"article:publisher\" content=\"https:\/\/www.facebook.com\/profile.php?id=100008943462799\" \/>\n<meta property=\"article:published_time\" content=\"2009-09-30T20:05:08+00:00\" \/>\n<meta property=\"og:image\" content=\"http:\/\/www.bellunopress.it\/wp-content\/uploads\/2012\/07\/logo-bellunopress-250x250-2012.jpg\" \/>\n<meta name=\"author\" content=\"redazione\" \/>\n<meta name=\"twitter:card\" content=\"summary_large_image\" \/>\n<meta name=\"twitter:creator\" content=\"@bellunopress\" \/>\n<meta name=\"twitter:site\" content=\"@bellunopress\" \/>\n<meta name=\"twitter:label1\" content=\"\u00c9crit par\" \/>\n\t<meta name=\"twitter:data1\" content=\"redazione\" \/>\n\t<meta name=\"twitter:label2\" content=\"Dur\u00e9e de lecture estim\u00e9e\" \/>\n\t<meta name=\"twitter:data2\" content=\"3 minutes\" \/>\n<script type=\"application\/ld+json\" class=\"yoast-schema-graph\">{\"@context\":\"https:\\\/\\\/schema.org\",\"@graph\":[{\"@type\":\"Article\",\"@id\":\"https:\\\/\\\/www.bellunopress.it\\\/2009\\\/09\\\/30\\\/week-end-magica-cleme\\\/#article\",\"isPartOf\":{\"@id\":\"https:\\\/\\\/www.bellunopress.it\\\/2009\\\/09\\\/30\\\/week-end-magica-cleme\\\/\"},\"author\":{\"name\":\"redazione\",\"@id\":\"https:\\\/\\\/www.bellunopress.it\\\/#\\\/schema\\\/person\\\/79bb06722b37ece1c03d3e94beb30d73\"},\"headline\":\"Week-end Magica Cleme\",\"datePublished\":\"2009-09-30T20:05:08+00:00\",\"mainEntityOfPage\":{\"@id\":\"https:\\\/\\\/www.bellunopress.it\\\/2009\\\/09\\\/30\\\/week-end-magica-cleme\\\/\"},\"wordCount\":592,\"publisher\":{\"@id\":\"https:\\\/\\\/www.bellunopress.it\\\/#organization\"},\"keywords\":[\"Dolomiti\"],\"articleSection\":[\"Appuntamenti, Eventi\",\"Pausa Caff\u00e8\"],\"inLanguage\":\"fr-FR\"},{\"@type\":\"WebPage\",\"@id\":\"https:\\\/\\\/www.bellunopress.it\\\/2009\\\/09\\\/30\\\/week-end-magica-cleme\\\/\",\"url\":\"https:\\\/\\\/www.bellunopress.it\\\/2009\\\/09\\\/30\\\/week-end-magica-cleme\\\/\",\"name\":\"Week-end Magica Cleme - Bellunopress - Dolomiti\",\"isPartOf\":{\"@id\":\"https:\\\/\\\/www.bellunopress.it\\\/#website\"},\"datePublished\":\"2009-09-30T20:05:08+00:00\",\"breadcrumb\":{\"@id\":\"https:\\\/\\\/www.bellunopress.it\\\/2009\\\/09\\\/30\\\/week-end-magica-cleme\\\/#breadcrumb\"},\"inLanguage\":\"fr-FR\",\"potentialAction\":[{\"@type\":\"ReadAction\",\"target\":[\"https:\\\/\\\/www.bellunopress.it\\\/2009\\\/09\\\/30\\\/week-end-magica-cleme\\\/\"]}]},{\"@type\":\"BreadcrumbList\",\"@id\":\"https:\\\/\\\/www.bellunopress.it\\\/2009\\\/09\\\/30\\\/week-end-magica-cleme\\\/#breadcrumb\",\"itemListElement\":[{\"@type\":\"ListItem\",\"position\":1,\"name\":\"Home\",\"item\":\"https:\\\/\\\/www.bellunopress.it\\\/\"},{\"@type\":\"ListItem\",\"position\":2,\"name\":\"Week-end Magica Cleme\"}]},{\"@type\":\"WebSite\",\"@id\":\"https:\\\/\\\/www.bellunopress.it\\\/#website\",\"url\":\"https:\\\/\\\/www.bellunopress.it\\\/\",\"name\":\"Bellunopress - Dolomiti\",\"description\":\"e-mail: redazione@bellunopress.it\",\"publisher\":{\"@id\":\"https:\\\/\\\/www.bellunopress.it\\\/#organization\"},\"potentialAction\":[{\"@type\":\"SearchAction\",\"target\":{\"@type\":\"EntryPoint\",\"urlTemplate\":\"https:\\\/\\\/www.bellunopress.it\\\/?s={search_term_string}\"},\"query-input\":{\"@type\":\"PropertyValueSpecification\",\"valueRequired\":true,\"valueName\":\"search_term_string\"}}],\"inLanguage\":\"fr-FR\"},{\"@type\":\"Organization\",\"@id\":\"https:\\\/\\\/www.bellunopress.it\\\/#organization\",\"name\":\"Bellunopress\",\"url\":\"https:\\\/\\\/www.bellunopress.it\\\/\",\"logo\":{\"@type\":\"ImageObject\",\"inLanguage\":\"fr-FR\",\"@id\":\"https:\\\/\\\/www.bellunopress.it\\\/#\\\/schema\\\/logo\\\/image\\\/\",\"url\":\"https:\\\/\\\/www.bellunopress.it\\\/wp-content\\\/uploads\\\/2011\\\/05\\\/cropped-logo-bellunopress-.jpg\",\"contentUrl\":\"https:\\\/\\\/www.bellunopress.it\\\/wp-content\\\/uploads\\\/2011\\\/05\\\/cropped-logo-bellunopress-.jpg\",\"width\":512,\"height\":512,\"caption\":\"Bellunopress\"},\"image\":{\"@id\":\"https:\\\/\\\/www.bellunopress.it\\\/#\\\/schema\\\/logo\\\/image\\\/\"},\"sameAs\":[\"https:\\\/\\\/www.facebook.com\\\/profile.php?id=100008943462799\",\"https:\\\/\\\/x.com\\\/bellunopress\",\"https:\\\/\\\/www.linkedin.com\\\/hp\\\/?dnr=JBzUWaJfMUw8vbXJJ2tVW5-I3jZKvC4wsoxE&amp;amp;amp;amp;amp;amp;trk=nav_responsive_tab_home\",\"https:\\\/\\\/www.youtube.com\\\/channel\\\/UCxL0wu1uN0_3_7hGG0306cw\"]},{\"@type\":\"Person\",\"@id\":\"https:\\\/\\\/www.bellunopress.it\\\/#\\\/schema\\\/person\\\/79bb06722b37ece1c03d3e94beb30d73\",\"name\":\"redazione\",\"image\":{\"@type\":\"ImageObject\",\"inLanguage\":\"fr-FR\",\"@id\":\"https:\\\/\\\/secure.gravatar.com\\\/avatar\\\/37d968a2e67a6fd04c169c4bdef102d0bc5d31b2546345219e348575eb80e9a0?s=96&d=mm&r=g\",\"url\":\"https:\\\/\\\/secure.gravatar.com\\\/avatar\\\/37d968a2e67a6fd04c169c4bdef102d0bc5d31b2546345219e348575eb80e9a0?s=96&d=mm&r=g\",\"contentUrl\":\"https:\\\/\\\/secure.gravatar.com\\\/avatar\\\/37d968a2e67a6fd04c169c4bdef102d0bc5d31b2546345219e348575eb80e9a0?s=96&d=mm&r=g\",\"caption\":\"redazione\"},\"sameAs\":[\"http:\\\/\\\/www.bellunopress.it\",\"https:\\\/\\\/x.com\\\/bellunopress\"],\"url\":\"https:\\\/\\\/www.bellunopress.it\\\/fr\\\/author\\\/redazione\\\/\"}]}<\/script>\n<!-- \/ Yoast SEO plugin. -->","yoast_head_json":{"title":"Week-end Magica Cleme  - Bellunopress - Dolomiti","robots":{"index":"index","follow":"follow","max-snippet":"max-snippet:-1","max-image-preview":"max-image-preview:large","max-video-preview":"max-video-preview:-1"},"canonical":"https:\/\/www.bellunopress.it\/fr\/2009\/09\/30\/week-end-magica-cleme\/","og_locale":"fr_FR","og_type":"article","og_title":"Week-end Magica Cleme  - Bellunopress - Dolomiti","og_description":"\u00c8 ormai tutto pronto per la terza edizione del Week-end Magica Cleme. Un ricco programma di attivit\u00e0, da venerd\u00ec\u00a0 2 a domenica 4 ottobre, offrir\u00e0 ai bambini della \u201cFondazione Magica Cleme\u201d l\u2019opportunit\u00e0 di trascorrere giornate indimenticabili tra la magia, le leggende e la storia delle Dolomiti d\u2019Ampezzo.\u00a0 Da venerd\u00ec 2 a domenica 4 ottobre tutta [&hellip;]","og_url":"https:\/\/www.bellunopress.it\/fr\/2009\/09\/30\/week-end-magica-cleme\/","og_site_name":"Bellunopress - Dolomiti","article_publisher":"https:\/\/www.facebook.com\/profile.php?id=100008943462799","article_published_time":"2009-09-30T20:05:08+00:00","og_image":[{"url":"http:\/\/www.bellunopress.it\/wp-content\/uploads\/2012\/07\/logo-bellunopress-250x250-2012.jpg","type":"","width":"","height":""}],"author":"redazione","twitter_card":"summary_large_image","twitter_creator":"@bellunopress","twitter_site":"@bellunopress","twitter_misc":{"\u00c9crit par":"redazione","Dur\u00e9e de lecture estim\u00e9e":"3 minutes"},"schema":{"@context":"https:\/\/schema.org","@graph":[{"@type":"Article","@id":"https:\/\/www.bellunopress.it\/2009\/09\/30\/week-end-magica-cleme\/#article","isPartOf":{"@id":"https:\/\/www.bellunopress.it\/2009\/09\/30\/week-end-magica-cleme\/"},"author":{"name":"redazione","@id":"https:\/\/www.bellunopress.it\/#\/schema\/person\/79bb06722b37ece1c03d3e94beb30d73"},"headline":"Week-end Magica Cleme","datePublished":"2009-09-30T20:05:08+00:00","mainEntityOfPage":{"@id":"https:\/\/www.bellunopress.it\/2009\/09\/30\/week-end-magica-cleme\/"},"wordCount":592,"publisher":{"@id":"https:\/\/www.bellunopress.it\/#organization"},"keywords":["Dolomiti"],"articleSection":["Appuntamenti, Eventi","Pausa Caff\u00e8"],"inLanguage":"fr-FR"},{"@type":"WebPage","@id":"https:\/\/www.bellunopress.it\/2009\/09\/30\/week-end-magica-cleme\/","url":"https:\/\/www.bellunopress.it\/2009\/09\/30\/week-end-magica-cleme\/","name":"Week-end Magica Cleme - Bellunopress - Dolomiti","isPartOf":{"@id":"https:\/\/www.bellunopress.it\/#website"},"datePublished":"2009-09-30T20:05:08+00:00","breadcrumb":{"@id":"https:\/\/www.bellunopress.it\/2009\/09\/30\/week-end-magica-cleme\/#breadcrumb"},"inLanguage":"fr-FR","potentialAction":[{"@type":"ReadAction","target":["https:\/\/www.bellunopress.it\/2009\/09\/30\/week-end-magica-cleme\/"]}]},{"@type":"BreadcrumbList","@id":"https:\/\/www.bellunopress.it\/2009\/09\/30\/week-end-magica-cleme\/#breadcrumb","itemListElement":[{"@type":"ListItem","position":1,"name":"Home","item":"https:\/\/www.bellunopress.it\/"},{"@type":"ListItem","position":2,"name":"Week-end Magica Cleme"}]},{"@type":"WebSite","@id":"https:\/\/www.bellunopress.it\/#website","url":"https:\/\/www.bellunopress.it\/","name":"Bellunopress - Dolomiti","description":"e-mail: redazione@bellunopress.it","publisher":{"@id":"https:\/\/www.bellunopress.it\/#organization"},"potentialAction":[{"@type":"SearchAction","target":{"@type":"EntryPoint","urlTemplate":"https:\/\/www.bellunopress.it\/?s={search_term_string}"},"query-input":{"@type":"PropertyValueSpecification","valueRequired":true,"valueName":"search_term_string"}}],"inLanguage":"fr-FR"},{"@type":"Organization","@id":"https:\/\/www.bellunopress.it\/#organization","name":"Bellunopress","url":"https:\/\/www.bellunopress.it\/","logo":{"@type":"ImageObject","inLanguage":"fr-FR","@id":"https:\/\/www.bellunopress.it\/#\/schema\/logo\/image\/","url":"https:\/\/www.bellunopress.it\/wp-content\/uploads\/2011\/05\/cropped-logo-bellunopress-.jpg","contentUrl":"https:\/\/www.bellunopress.it\/wp-content\/uploads\/2011\/05\/cropped-logo-bellunopress-.jpg","width":512,"height":512,"caption":"Bellunopress"},"image":{"@id":"https:\/\/www.bellunopress.it\/#\/schema\/logo\/image\/"},"sameAs":["https:\/\/www.facebook.com\/profile.php?id=100008943462799","https:\/\/x.com\/bellunopress","https:\/\/www.linkedin.com\/hp\/?dnr=JBzUWaJfMUw8vbXJJ2tVW5-I3jZKvC4wsoxE&amp;amp;amp;amp;amp;amp;trk=nav_responsive_tab_home","https:\/\/www.youtube.com\/channel\/UCxL0wu1uN0_3_7hGG0306cw"]},{"@type":"Person","@id":"https:\/\/www.bellunopress.it\/#\/schema\/person\/79bb06722b37ece1c03d3e94beb30d73","name":"r\u00e9daction","image":{"@type":"ImageObject","inLanguage":"fr-FR","@id":"https:\/\/secure.gravatar.com\/avatar\/37d968a2e67a6fd04c169c4bdef102d0bc5d31b2546345219e348575eb80e9a0?s=96&d=mm&r=g","url":"https:\/\/secure.gravatar.com\/avatar\/37d968a2e67a6fd04c169c4bdef102d0bc5d31b2546345219e348575eb80e9a0?s=96&d=mm&r=g","contentUrl":"https:\/\/secure.gravatar.com\/avatar\/37d968a2e67a6fd04c169c4bdef102d0bc5d31b2546345219e348575eb80e9a0?s=96&d=mm&r=g","caption":"redazione"},"sameAs":["http:\/\/www.bellunopress.it","https:\/\/x.com\/bellunopress"],"url":"https:\/\/www.bellunopress.it\/fr\/author\/redazione\/"}]}},"_links":{"self":[{"href":"https:\/\/www.bellunopress.it\/fr\/wp-json\/wp\/v2\/posts\/8547","targetHints":{"allow":["GET"]}}],"collection":[{"href":"https:\/\/www.bellunopress.it\/fr\/wp-json\/wp\/v2\/posts"}],"about":[{"href":"https:\/\/www.bellunopress.it\/fr\/wp-json\/wp\/v2\/types\/post"}],"author":[{"embeddable":true,"href":"https:\/\/www.bellunopress.it\/fr\/wp-json\/wp\/v2\/users\/2"}],"replies":[{"embeddable":true,"href":"https:\/\/www.bellunopress.it\/fr\/wp-json\/wp\/v2\/comments?post=8547"}],"version-history":[{"count":1,"href":"https:\/\/www.bellunopress.it\/fr\/wp-json\/wp\/v2\/posts\/8547\/revisions"}],"predecessor-version":[{"id":8548,"href":"https:\/\/www.bellunopress.it\/fr\/wp-json\/wp\/v2\/posts\/8547\/revisions\/8548"}],"wp:attachment":[{"href":"https:\/\/www.bellunopress.it\/fr\/wp-json\/wp\/v2\/media?parent=8547"}],"wp:term":[{"taxonomy":"category","embeddable":true,"href":"https:\/\/www.bellunopress.it\/fr\/wp-json\/wp\/v2\/categories?post=8547"},{"taxonomy":"post_tag","embeddable":true,"href":"https:\/\/www.bellunopress.it\/fr\/wp-json\/wp\/v2\/tags?post=8547"}],"curies":[{"name":"wp","href":"https:\/\/api.w.org\/{rel}","templated":true}]}}