{"id":8545,"date":"2009-09-30T21:00:35","date_gmt":"2009-09-30T20:00:35","guid":{"rendered":"http:\/\/www.bellunopress.it\/?p=8545"},"modified":"2009-09-30T21:00:35","modified_gmt":"2009-09-30T20:00:35","slug":"nuova-stagione-nuovi-progetti","status":"publish","type":"post","link":"https:\/\/www.bellunopress.it\/fr\/2009\/09\/30\/nuova-stagione-nuovi-progetti\/","title":{"rendered":"Nuova stagione, nuovi progetti"},"content":{"rendered":"<p><a href=\"http:\/\/www.bellunopress.it\/wp-content\/uploads\/2009\/02\/teatrocomunale.jpg\"><img loading=\"lazy\" decoding=\"async\" class=\"alignleft size-medium wp-image-476\" title=\"teatrocomunale\" src=\"http:\/\/www.bellunopress.it\/wp-content\/uploads\/2009\/02\/teatrocomunale.jpg\" alt=\"\" width=\"241\" height=\"181\" \/><\/a>Tante le novit\u00e0 proposte quest\u2019anno dalla Stagione di Teatro per l\u2019Infanzia e la Giovent\u00f9 Comincio dai 3 che ritorna, per la sua diciassettesima edizione, al Teatro Comunale di Belluno. Gli spettacoli, si articolano secondo cinque assi tematici: La matematica \u00e8 un gioco che anche tu puoi fare, Il valore delle parole nel processo di sviluppo del linguaggio e della comunicazione, La storia e la memoria, Il pensiero scientifico: Galileo Galilei, Infanzie. Quest\u2019ultima linea tematica, dedicata alle famiglie per la programmazione pomeridiana delle domeniche a teatro, ospita tre spettacoli cult del teatro per l\u2019infanzia e la giovent\u00f9, e costituisce una riflessione profonda, e allo stesso tempo divertente, sulle attese, le difficolt\u00e0 e le risorse proprie dell\u2019essere bambino. Commuove gli adulti e fa ridere i bambini, Romanzo d\u2019infanzia, spettacolo di Abbondanza\/Bertoni tradotto in quattro lingue e rappresentato in tutto il mondo con pi\u00f9 di seicento repliche al suo attivo, che si rivolge a tutti coloro che non possono fare a meno dell\u2019amore. Amore che \u00e8 linfa vitale e la cui assenza segna le persone per sempre. Tra gli eterni deboli ci sono i bambini, sta a noi donare loro, grazie all\u2019amore, forza e voglia di vivere. Messaggio d\u2019amore e di rispetto viene anche da La storia di Pierino e il lupo, di Tib Teatro, che compie quest\u2019anno il decennale della sua tourn\u00e9e nei maggiori teatri italiani. Tratto dalla celebre composizione di Sergej Prokofiev, nell\u2019esecuzione di Claudio Abbado, la messinscena ritrae l\u2019infanzia solitaria di un bambino, Pierino, in un paese d\u2019emigrazione. Suoi unici amici sono l\u2019uccellino, l\u2019anatra e il gatto. Mediata dalla figura di un cantastorie la vicenda si snoda all\u2019insegna di una grande fame che accomuna Pierino (che per un pezzo di pane si presta a far da spalla al cantastorie a sua volta affamato), gli abitanti di quel paese e il lupo che per mangiare, proprio come loro, deve migrare\u2026 Ma i lupi a questo mondo sono tanti e hanno tanti volti, bisogna imparare a riconoscerli e a difendersi\u2026<br \/>\nInfanzia, epoca rischiosa, perch\u00e9 rischioso \u00e8 crescere. Le fiabe ci accompagnano in questo percorso in salita ed anche Hansel e Gretel \u2013 nell\u2019omonimo spettacolo del Crest -, come Pierino, grazie alle risorse proprie dell\u2019infanzia, quali la fantasia e l\u2019intelligente, istintiva creativit\u00e0, riusciranno a sconfiggere le insidie nella foresta che attraversa la vita e che \u00e8 necessario attraversare per diventare adulti. Per quanto riguarda la programmazione per le Scuole, al primo asse tematico, La matematica \u00e8 un gioco che anche tu puoi fare, fanno riferimento gli spettacoli Cappuccetto Rosso d\u00e0 i numeri e 3&#215;3=10 dedicato ai negati in matematica di Elsinor. In essi si sperimenta un nuovo approccio alla matematica grazie a dei maestri nuovi, in grado di proporre una pedagogia alternativa che permetter\u00e0 ai protagonisti di scoprire con allegria le delizie della matematica, accrescendo in essi la propria autostima e la fiducia in se stessi! Pensiero scientifico e metodo sperimentale sono presenti nello spettacolo per le scuole secondarie di secondo grado, Firma(men)to Galileo, realizzato da Tib Teatro in collaborazione con l\u2019Universit\u00e0 degli Studi di Padova nell\u2019ambito del progetto I mondi di Galileo promosso dalla Regione del Veneto. Una forma di teatro civile che, a partire dall\u2019esperienza di Galileo, in un disinvolto contesto scenico inizi \u2018900, sapr\u00e0 porre interrogativi, suscitare riflessioni sull\u2019ancora aperto, complesso dibattito circa i rapporti tra scienza e societ\u00e0. Al valore delle parole nel processo di sviluppo del linguaggio e della comunicazione, al piacere del racconto e del libro sono dedicati, per le scuole dell\u2019infanzia e per il primo ciclo delle primarie, Perch\u00e9 di Stilema ed Ernesto Roditore guardiano di parole di Nonsoloteatro. Spettacoli entrambi insigniti del Premio dell\u2019Ente Teatrale Italiano per l\u2019Infanzia e la Giovent\u00f9. Leggerezza e poesia li contraddistinguono, in un gioco scenico intriso di tenerezza e spunti comici in grado di coinvolgere I bambini chiamati a partecipare attivamente all\u2019azione scenica.<br \/>\nLa storia, in occasione della Giornata della Memoria, viene riattraversata, invece, dai due spettacoli per il secondo ciclo delle scuole primarie e per le secondarie di primo grado, La bambola bionda e la bambola bruna e Olocausti di Pandemonium Teatro, sul tema della Shoa. Un omaggio alle vittime del genocidio, che vuol essere un monito contro il razzismo di tutti i tempi, in quanto nella paura del diverso possono annidarsi i geni di ben pi\u00f9 grandi tragedie. Malgrado il tema, il tono degli spettacoli \u00e8 lieve. In quello per i pi\u00f9 piccoli la storia delle due bambole accompagna i bambini, con sensibilit\u00e0 e semplicit\u00e0, a considerare gli esiti dell\u2019emarginazione, del rifiuto, della rottamazione dei giocattoli brutti. In quello per i pi\u00f9 grandi, facendo ricorso a filmati e a testi originali, sar\u00e0 il personaggio di un\u2019insegnante a rispondere in scena agli interrogativi di una studentessa. \u00c8 la storia stessa ad essere interrogata, nel suo essersi compiuta allora, nel suo tragico compiersi in altri Paesi e in altri continenti, purtroppo ancora oggi\u2026 Oltre agli assi tematici che intersecano i differenti spettacoli e le differenti discipline scolastiche, altro elemento di novit\u00e0 della Stagione \u00e8 costituito dal progetto Percorsi Teatrali, riservato alle scuole del Comune di Belluno, promotore di Comincio dai 3. Percorsi teatrali, unisce teatro dei ragazzi a teatro per i ragazzi, in un armonico itinerario di didattica teatrale che si svolge sia a teatro che a scuola, grazie all\u2019attivazione di specifici laboratori per gruppo classe, collegati alla visione, a prezzo agevolato, degli spettacoli riservati dalla Stagione, nel corso dell\u2019anno, ad ogni ciclo scolastico. Al termine dei laboratori i ragazzi saranno protagonisti di una breve azione scenica. \u00c8 cos\u00ec che la nuova Stagione per l\u2019infanzia e la giovent\u00f9 intende trasmettere gli incanti della scena ai pi\u00f9 giovani, promuovendone l\u2019autostima attraverso l\u2019impegno diretto sia nella visione, che nella sperimentazione di quel linguaggio delle emozioni che \u00e8 il teatro, arte che dal IV secolo a. C. emoziona e si fa tessuto connettivo delle comunit\u00e0.<br \/>\nil direttore artistico<br \/>\nDaniela Nicosia<\/p>","protected":false},"excerpt":{"rendered":"<p>Tante le novit\u00e0 proposte quest\u2019anno dalla Stagione di Teatro per l\u2019Infanzia e la Giovent\u00f9 Comincio dai 3 che ritorna, per la sua diciassettesima edizione, al Teatro Comunale di Belluno. Gli spettacoli, si articolano secondo cinque assi tematici: La matematica \u00e8 un gioco che anche tu puoi fare, Il valore delle parole nel processo di sviluppo [&hellip;]<\/p>\n","protected":false},"author":2,"featured_media":0,"comment_status":"closed","ping_status":"open","sticky":false,"template":"","format":"standard","meta":{"footnotes":""},"categories":[3,25],"tags":[139],"class_list":["post-8545","post","type-post","status-publish","format-standard","category-arte-cultura-spettacoli-scienza-archivi","category-pausa-caffe","tag-belluno"],"yoast_head":"<!-- This site is optimized with the Yoast SEO plugin v28.4 - https:\/\/yoast.com\/product\/yoast-seo-wordpress\/ -->\n<title>Nuova stagione, nuovi progetti  - Bellunopress - Dolomiti<\/title>\n<meta name=\"robots\" content=\"index, follow, max-snippet:-1, max-image-preview:large, max-video-preview:-1\" \/>\n<link rel=\"canonical\" href=\"https:\/\/www.bellunopress.it\/fr\/2009\/09\/30\/nuova-stagione-nuovi-progetti\/\" \/>\n<meta property=\"og:locale\" content=\"fr_FR\" \/>\n<meta property=\"og:type\" content=\"article\" \/>\n<meta property=\"og:title\" content=\"Nuova stagione, nuovi progetti  - Bellunopress - Dolomiti\" \/>\n<meta property=\"og:description\" content=\"Tante le novit\u00e0 proposte quest\u2019anno dalla Stagione di Teatro per l\u2019Infanzia e la Giovent\u00f9 Comincio dai 3 che ritorna, per la sua diciassettesima edizione, al Teatro Comunale di Belluno. Gli spettacoli, si articolano secondo cinque assi tematici: La matematica \u00e8 un gioco che anche tu puoi fare, Il valore delle parole nel processo di sviluppo [&hellip;]\" \/>\n<meta property=\"og:url\" content=\"https:\/\/www.bellunopress.it\/fr\/2009\/09\/30\/nuova-stagione-nuovi-progetti\/\" \/>\n<meta property=\"og:site_name\" content=\"Bellunopress - Dolomiti\" \/>\n<meta property=\"article:publisher\" content=\"https:\/\/www.facebook.com\/profile.php?id=100008943462799\" \/>\n<meta property=\"article:published_time\" content=\"2009-09-30T20:00:35+00:00\" \/>\n<meta property=\"og:image\" content=\"http:\/\/www.bellunopress.it\/wp-content\/uploads\/2009\/02\/teatrocomunale.jpg\" \/>\n<meta name=\"author\" content=\"redazione\" \/>\n<meta name=\"twitter:card\" content=\"summary_large_image\" \/>\n<meta name=\"twitter:creator\" content=\"@bellunopress\" \/>\n<meta name=\"twitter:site\" content=\"@bellunopress\" \/>\n<meta name=\"twitter:label1\" content=\"\u00c9crit par\" \/>\n\t<meta name=\"twitter:data1\" content=\"redazione\" \/>\n\t<meta name=\"twitter:label2\" content=\"Dur\u00e9e de lecture estim\u00e9e\" \/>\n\t<meta name=\"twitter:data2\" content=\"5 minutes\" \/>\n<script type=\"application\/ld+json\" class=\"yoast-schema-graph\">{\"@context\":\"https:\\\/\\\/schema.org\",\"@graph\":[{\"@type\":\"Article\",\"@id\":\"https:\\\/\\\/www.bellunopress.it\\\/2009\\\/09\\\/30\\\/nuova-stagione-nuovi-progetti\\\/#article\",\"isPartOf\":{\"@id\":\"https:\\\/\\\/www.bellunopress.it\\\/2009\\\/09\\\/30\\\/nuova-stagione-nuovi-progetti\\\/\"},\"author\":{\"name\":\"redazione\",\"@id\":\"https:\\\/\\\/www.bellunopress.it\\\/#\\\/schema\\\/person\\\/79bb06722b37ece1c03d3e94beb30d73\"},\"headline\":\"Nuova stagione, nuovi progetti\",\"datePublished\":\"2009-09-30T20:00:35+00:00\",\"mainEntityOfPage\":{\"@id\":\"https:\\\/\\\/www.bellunopress.it\\\/2009\\\/09\\\/30\\\/nuova-stagione-nuovi-progetti\\\/\"},\"wordCount\":995,\"publisher\":{\"@id\":\"https:\\\/\\\/www.bellunopress.it\\\/#organization\"},\"image\":{\"@id\":\"https:\\\/\\\/www.bellunopress.it\\\/2009\\\/09\\\/30\\\/nuova-stagione-nuovi-progetti\\\/#primaryimage\"},\"thumbnailUrl\":\"http:\\\/\\\/www.bellunopress.it\\\/wp-content\\\/uploads\\\/2009\\\/02\\\/teatrocomunale.jpg\",\"keywords\":[\"Belluno\"],\"articleSection\":[\"Arte, Cultura, Spettacoli, Scienza\",\"Pausa Caff\u00e8\"],\"inLanguage\":\"fr-FR\"},{\"@type\":\"WebPage\",\"@id\":\"https:\\\/\\\/www.bellunopress.it\\\/2009\\\/09\\\/30\\\/nuova-stagione-nuovi-progetti\\\/\",\"url\":\"https:\\\/\\\/www.bellunopress.it\\\/2009\\\/09\\\/30\\\/nuova-stagione-nuovi-progetti\\\/\",\"name\":\"Nuova stagione, nuovi progetti - Bellunopress - Dolomiti\",\"isPartOf\":{\"@id\":\"https:\\\/\\\/www.bellunopress.it\\\/#website\"},\"primaryImageOfPage\":{\"@id\":\"https:\\\/\\\/www.bellunopress.it\\\/2009\\\/09\\\/30\\\/nuova-stagione-nuovi-progetti\\\/#primaryimage\"},\"image\":{\"@id\":\"https:\\\/\\\/www.bellunopress.it\\\/2009\\\/09\\\/30\\\/nuova-stagione-nuovi-progetti\\\/#primaryimage\"},\"thumbnailUrl\":\"http:\\\/\\\/www.bellunopress.it\\\/wp-content\\\/uploads\\\/2009\\\/02\\\/teatrocomunale.jpg\",\"datePublished\":\"2009-09-30T20:00:35+00:00\",\"breadcrumb\":{\"@id\":\"https:\\\/\\\/www.bellunopress.it\\\/2009\\\/09\\\/30\\\/nuova-stagione-nuovi-progetti\\\/#breadcrumb\"},\"inLanguage\":\"fr-FR\",\"potentialAction\":[{\"@type\":\"ReadAction\",\"target\":[\"https:\\\/\\\/www.bellunopress.it\\\/2009\\\/09\\\/30\\\/nuova-stagione-nuovi-progetti\\\/\"]}]},{\"@type\":\"ImageObject\",\"inLanguage\":\"fr-FR\",\"@id\":\"https:\\\/\\\/www.bellunopress.it\\\/2009\\\/09\\\/30\\\/nuova-stagione-nuovi-progetti\\\/#primaryimage\",\"url\":\"http:\\\/\\\/www.bellunopress.it\\\/wp-content\\\/uploads\\\/2009\\\/02\\\/teatrocomunale.jpg\",\"contentUrl\":\"http:\\\/\\\/www.bellunopress.it\\\/wp-content\\\/uploads\\\/2009\\\/02\\\/teatrocomunale.jpg\"},{\"@type\":\"BreadcrumbList\",\"@id\":\"https:\\\/\\\/www.bellunopress.it\\\/2009\\\/09\\\/30\\\/nuova-stagione-nuovi-progetti\\\/#breadcrumb\",\"itemListElement\":[{\"@type\":\"ListItem\",\"position\":1,\"name\":\"Home\",\"item\":\"https:\\\/\\\/www.bellunopress.it\\\/\"},{\"@type\":\"ListItem\",\"position\":2,\"name\":\"Nuova stagione, nuovi progetti\"}]},{\"@type\":\"WebSite\",\"@id\":\"https:\\\/\\\/www.bellunopress.it\\\/#website\",\"url\":\"https:\\\/\\\/www.bellunopress.it\\\/\",\"name\":\"Bellunopress - Dolomiti\",\"description\":\"e-mail: redazione@bellunopress.it\",\"publisher\":{\"@id\":\"https:\\\/\\\/www.bellunopress.it\\\/#organization\"},\"potentialAction\":[{\"@type\":\"SearchAction\",\"target\":{\"@type\":\"EntryPoint\",\"urlTemplate\":\"https:\\\/\\\/www.bellunopress.it\\\/?s={search_term_string}\"},\"query-input\":{\"@type\":\"PropertyValueSpecification\",\"valueRequired\":true,\"valueName\":\"search_term_string\"}}],\"inLanguage\":\"fr-FR\"},{\"@type\":\"Organization\",\"@id\":\"https:\\\/\\\/www.bellunopress.it\\\/#organization\",\"name\":\"Bellunopress\",\"url\":\"https:\\\/\\\/www.bellunopress.it\\\/\",\"logo\":{\"@type\":\"ImageObject\",\"inLanguage\":\"fr-FR\",\"@id\":\"https:\\\/\\\/www.bellunopress.it\\\/#\\\/schema\\\/logo\\\/image\\\/\",\"url\":\"https:\\\/\\\/www.bellunopress.it\\\/wp-content\\\/uploads\\\/2011\\\/05\\\/cropped-logo-bellunopress-.jpg\",\"contentUrl\":\"https:\\\/\\\/www.bellunopress.it\\\/wp-content\\\/uploads\\\/2011\\\/05\\\/cropped-logo-bellunopress-.jpg\",\"width\":512,\"height\":512,\"caption\":\"Bellunopress\"},\"image\":{\"@id\":\"https:\\\/\\\/www.bellunopress.it\\\/#\\\/schema\\\/logo\\\/image\\\/\"},\"sameAs\":[\"https:\\\/\\\/www.facebook.com\\\/profile.php?id=100008943462799\",\"https:\\\/\\\/x.com\\\/bellunopress\",\"https:\\\/\\\/www.linkedin.com\\\/hp\\\/?dnr=JBzUWaJfMUw8vbXJJ2tVW5-I3jZKvC4wsoxE&amp;amp;amp;amp;amp;amp;trk=nav_responsive_tab_home\",\"https:\\\/\\\/www.youtube.com\\\/channel\\\/UCxL0wu1uN0_3_7hGG0306cw\"]},{\"@type\":\"Person\",\"@id\":\"https:\\\/\\\/www.bellunopress.it\\\/#\\\/schema\\\/person\\\/79bb06722b37ece1c03d3e94beb30d73\",\"name\":\"redazione\",\"image\":{\"@type\":\"ImageObject\",\"inLanguage\":\"fr-FR\",\"@id\":\"https:\\\/\\\/secure.gravatar.com\\\/avatar\\\/37d968a2e67a6fd04c169c4bdef102d0bc5d31b2546345219e348575eb80e9a0?s=96&d=mm&r=g\",\"url\":\"https:\\\/\\\/secure.gravatar.com\\\/avatar\\\/37d968a2e67a6fd04c169c4bdef102d0bc5d31b2546345219e348575eb80e9a0?s=96&d=mm&r=g\",\"contentUrl\":\"https:\\\/\\\/secure.gravatar.com\\\/avatar\\\/37d968a2e67a6fd04c169c4bdef102d0bc5d31b2546345219e348575eb80e9a0?s=96&d=mm&r=g\",\"caption\":\"redazione\"},\"sameAs\":[\"http:\\\/\\\/www.bellunopress.it\",\"https:\\\/\\\/x.com\\\/bellunopress\"],\"url\":\"https:\\\/\\\/www.bellunopress.it\\\/fr\\\/author\\\/redazione\\\/\"}]}<\/script>\n<!-- \/ Yoast SEO plugin. -->","yoast_head_json":{"title":"Nuova stagione, nuovi progetti  - Bellunopress - Dolomiti","robots":{"index":"index","follow":"follow","max-snippet":"max-snippet:-1","max-image-preview":"max-image-preview:large","max-video-preview":"max-video-preview:-1"},"canonical":"https:\/\/www.bellunopress.it\/fr\/2009\/09\/30\/nuova-stagione-nuovi-progetti\/","og_locale":"fr_FR","og_type":"article","og_title":"Nuova stagione, nuovi progetti  - Bellunopress - Dolomiti","og_description":"Tante le novit\u00e0 proposte quest\u2019anno dalla Stagione di Teatro per l\u2019Infanzia e la Giovent\u00f9 Comincio dai 3 che ritorna, per la sua diciassettesima edizione, al Teatro Comunale di Belluno. Gli spettacoli, si articolano secondo cinque assi tematici: La matematica \u00e8 un gioco che anche tu puoi fare, Il valore delle parole nel processo di sviluppo [&hellip;]","og_url":"https:\/\/www.bellunopress.it\/fr\/2009\/09\/30\/nuova-stagione-nuovi-progetti\/","og_site_name":"Bellunopress - Dolomiti","article_publisher":"https:\/\/www.facebook.com\/profile.php?id=100008943462799","article_published_time":"2009-09-30T20:00:35+00:00","og_image":[{"url":"http:\/\/www.bellunopress.it\/wp-content\/uploads\/2009\/02\/teatrocomunale.jpg","type":"","width":"","height":""}],"author":"redazione","twitter_card":"summary_large_image","twitter_creator":"@bellunopress","twitter_site":"@bellunopress","twitter_misc":{"\u00c9crit par":"redazione","Dur\u00e9e de lecture estim\u00e9e":"5 minutes"},"schema":{"@context":"https:\/\/schema.org","@graph":[{"@type":"Article","@id":"https:\/\/www.bellunopress.it\/2009\/09\/30\/nuova-stagione-nuovi-progetti\/#article","isPartOf":{"@id":"https:\/\/www.bellunopress.it\/2009\/09\/30\/nuova-stagione-nuovi-progetti\/"},"author":{"name":"redazione","@id":"https:\/\/www.bellunopress.it\/#\/schema\/person\/79bb06722b37ece1c03d3e94beb30d73"},"headline":"Nuova stagione, nuovi progetti","datePublished":"2009-09-30T20:00:35+00:00","mainEntityOfPage":{"@id":"https:\/\/www.bellunopress.it\/2009\/09\/30\/nuova-stagione-nuovi-progetti\/"},"wordCount":995,"publisher":{"@id":"https:\/\/www.bellunopress.it\/#organization"},"image":{"@id":"https:\/\/www.bellunopress.it\/2009\/09\/30\/nuova-stagione-nuovi-progetti\/#primaryimage"},"thumbnailUrl":"http:\/\/www.bellunopress.it\/wp-content\/uploads\/2009\/02\/teatrocomunale.jpg","keywords":["Belluno"],"articleSection":["Arte, Cultura, Spettacoli, Scienza","Pausa Caff\u00e8"],"inLanguage":"fr-FR"},{"@type":"WebPage","@id":"https:\/\/www.bellunopress.it\/2009\/09\/30\/nuova-stagione-nuovi-progetti\/","url":"https:\/\/www.bellunopress.it\/2009\/09\/30\/nuova-stagione-nuovi-progetti\/","name":"Nuova stagione, nuovi progetti - Bellunopress - Dolomiti","isPartOf":{"@id":"https:\/\/www.bellunopress.it\/#website"},"primaryImageOfPage":{"@id":"https:\/\/www.bellunopress.it\/2009\/09\/30\/nuova-stagione-nuovi-progetti\/#primaryimage"},"image":{"@id":"https:\/\/www.bellunopress.it\/2009\/09\/30\/nuova-stagione-nuovi-progetti\/#primaryimage"},"thumbnailUrl":"http:\/\/www.bellunopress.it\/wp-content\/uploads\/2009\/02\/teatrocomunale.jpg","datePublished":"2009-09-30T20:00:35+00:00","breadcrumb":{"@id":"https:\/\/www.bellunopress.it\/2009\/09\/30\/nuova-stagione-nuovi-progetti\/#breadcrumb"},"inLanguage":"fr-FR","potentialAction":[{"@type":"ReadAction","target":["https:\/\/www.bellunopress.it\/2009\/09\/30\/nuova-stagione-nuovi-progetti\/"]}]},{"@type":"ImageObject","inLanguage":"fr-FR","@id":"https:\/\/www.bellunopress.it\/2009\/09\/30\/nuova-stagione-nuovi-progetti\/#primaryimage","url":"http:\/\/www.bellunopress.it\/wp-content\/uploads\/2009\/02\/teatrocomunale.jpg","contentUrl":"http:\/\/www.bellunopress.it\/wp-content\/uploads\/2009\/02\/teatrocomunale.jpg"},{"@type":"BreadcrumbList","@id":"https:\/\/www.bellunopress.it\/2009\/09\/30\/nuova-stagione-nuovi-progetti\/#breadcrumb","itemListElement":[{"@type":"ListItem","position":1,"name":"Home","item":"https:\/\/www.bellunopress.it\/"},{"@type":"ListItem","position":2,"name":"Nuova stagione, nuovi progetti"}]},{"@type":"WebSite","@id":"https:\/\/www.bellunopress.it\/#website","url":"https:\/\/www.bellunopress.it\/","name":"Bellunopress - Dolomiti","description":"e-mail: redazione@bellunopress.it","publisher":{"@id":"https:\/\/www.bellunopress.it\/#organization"},"potentialAction":[{"@type":"SearchAction","target":{"@type":"EntryPoint","urlTemplate":"https:\/\/www.bellunopress.it\/?s={search_term_string}"},"query-input":{"@type":"PropertyValueSpecification","valueRequired":true,"valueName":"search_term_string"}}],"inLanguage":"fr-FR"},{"@type":"Organization","@id":"https:\/\/www.bellunopress.it\/#organization","name":"Bellunopress","url":"https:\/\/www.bellunopress.it\/","logo":{"@type":"ImageObject","inLanguage":"fr-FR","@id":"https:\/\/www.bellunopress.it\/#\/schema\/logo\/image\/","url":"https:\/\/www.bellunopress.it\/wp-content\/uploads\/2011\/05\/cropped-logo-bellunopress-.jpg","contentUrl":"https:\/\/www.bellunopress.it\/wp-content\/uploads\/2011\/05\/cropped-logo-bellunopress-.jpg","width":512,"height":512,"caption":"Bellunopress"},"image":{"@id":"https:\/\/www.bellunopress.it\/#\/schema\/logo\/image\/"},"sameAs":["https:\/\/www.facebook.com\/profile.php?id=100008943462799","https:\/\/x.com\/bellunopress","https:\/\/www.linkedin.com\/hp\/?dnr=JBzUWaJfMUw8vbXJJ2tVW5-I3jZKvC4wsoxE&amp;amp;amp;amp;amp;amp;trk=nav_responsive_tab_home","https:\/\/www.youtube.com\/channel\/UCxL0wu1uN0_3_7hGG0306cw"]},{"@type":"Person","@id":"https:\/\/www.bellunopress.it\/#\/schema\/person\/79bb06722b37ece1c03d3e94beb30d73","name":"r\u00e9daction","image":{"@type":"ImageObject","inLanguage":"fr-FR","@id":"https:\/\/secure.gravatar.com\/avatar\/37d968a2e67a6fd04c169c4bdef102d0bc5d31b2546345219e348575eb80e9a0?s=96&d=mm&r=g","url":"https:\/\/secure.gravatar.com\/avatar\/37d968a2e67a6fd04c169c4bdef102d0bc5d31b2546345219e348575eb80e9a0?s=96&d=mm&r=g","contentUrl":"https:\/\/secure.gravatar.com\/avatar\/37d968a2e67a6fd04c169c4bdef102d0bc5d31b2546345219e348575eb80e9a0?s=96&d=mm&r=g","caption":"redazione"},"sameAs":["http:\/\/www.bellunopress.it","https:\/\/x.com\/bellunopress"],"url":"https:\/\/www.bellunopress.it\/fr\/author\/redazione\/"}]}},"_links":{"self":[{"href":"https:\/\/www.bellunopress.it\/fr\/wp-json\/wp\/v2\/posts\/8545","targetHints":{"allow":["GET"]}}],"collection":[{"href":"https:\/\/www.bellunopress.it\/fr\/wp-json\/wp\/v2\/posts"}],"about":[{"href":"https:\/\/www.bellunopress.it\/fr\/wp-json\/wp\/v2\/types\/post"}],"author":[{"embeddable":true,"href":"https:\/\/www.bellunopress.it\/fr\/wp-json\/wp\/v2\/users\/2"}],"replies":[{"embeddable":true,"href":"https:\/\/www.bellunopress.it\/fr\/wp-json\/wp\/v2\/comments?post=8545"}],"version-history":[{"count":1,"href":"https:\/\/www.bellunopress.it\/fr\/wp-json\/wp\/v2\/posts\/8545\/revisions"}],"predecessor-version":[{"id":8546,"href":"https:\/\/www.bellunopress.it\/fr\/wp-json\/wp\/v2\/posts\/8545\/revisions\/8546"}],"wp:attachment":[{"href":"https:\/\/www.bellunopress.it\/fr\/wp-json\/wp\/v2\/media?parent=8545"}],"wp:term":[{"taxonomy":"category","embeddable":true,"href":"https:\/\/www.bellunopress.it\/fr\/wp-json\/wp\/v2\/categories?post=8545"},{"taxonomy":"post_tag","embeddable":true,"href":"https:\/\/www.bellunopress.it\/fr\/wp-json\/wp\/v2\/tags?post=8545"}],"curies":[{"name":"wp","href":"https:\/\/api.w.org\/{rel}","templated":true}]}}