{"id":85334,"date":"2017-03-24T21:15:05","date_gmt":"2017-03-24T20:15:05","guid":{"rendered":"http:\/\/www.bellunopress.it\/?p=85334"},"modified":"2017-03-24T21:15:05","modified_gmt":"2017-03-24T20:15:05","slug":"cortinametraggio-2017-alla-12ma-edizione-del-festival-il-grido-di-protesta-contro-la-violenza-sulle-donne","status":"publish","type":"post","link":"https:\/\/www.bellunopress.it\/fr\/2017\/03\/24\/cortinametraggio-2017-alla-12ma-edizione-del-festival-il-grido-di-protesta-contro-la-violenza-sulle-donne\/","title":{"rendered":"Cortinametraggio 2017. Alla 12ma edizione del Festival, il grido di protesta contro la violenza sulle donne"},"content":{"rendered":"<p>&nbsp;<\/p>\n<p><a href=\"http:\/\/www.bellunopress.it\/wp-content\/uploads\/2017\/03\/cortinametraggio-2017.jpg\"><img loading=\"lazy\" decoding=\"async\" class=\"alignleft size-full wp-image-85335\" src=\"http:\/\/www.bellunopress.it\/wp-content\/uploads\/2017\/03\/cortinametraggio-2017.jpg\" alt=\"\" width=\"300\" height=\"214\" \/><\/a>Cortina, 24 marzo 2017 \u2013 Una serata speciale gioved\u00ec sera a Cortinametraggio organizzata in collaborazione con Rai Cinema per sollevare un grido di protesta contro la violenza sulle donne. Protagoniste ELENA SOFIA RICCI, CHIARA MASTALLI, CLAUDIA POTENZA e MICHELA ANDREOZZI, attrici rispettivamente dei corti \u201cL\u2019AMORE RUBATO\u201d di Irish Braschi e \u201cL\u2019AMORE CHE VORREI\u201d di Gabriele Pignotta. Un tema forte e dibattuto che ha tenuto alta l\u2019attenzione sul palco del cinema Eden di Cortina.<\/p>\n<p>\u201cL\u2019Amore Rubato\u201d del regista livornese Irish Braschi \u00e8 liberamente ispirato all\u2019omonimo romanzo di Dacia Maraini (Mondadori, 2013), e incastra le drammatiche vicende di cinque donne, diverse tra loro per et\u00e0, temperamento ed estrazione sociale, ma accomunate dalla scioccante esperienza di un amore violento, morboso, traumatico. Nel cast, oltre alle attrici summenzionate presenti al Festival, anche Stefania Rocca, Elisabetta Mirra, Alessandro Preziosi, arrivato ieri sera a Cortina, Emilio Solfrizzi e Daniela Poggi. \u201c<\/p>\n<p>\u201cL\u2019amore che vorrei\u201d \u00e8 stato prodotto da One More Pictures per Doppia Difesa, l\u2019Associazione fondata da Michelle Hunziker e Giulia Bongiorno per combattere la violenza al femminile. \u00c8 la storia di cinque donne vittime di varie forme di violenza psicologica e fisica. Nel cast anche Michelle Hunziker, Giulia Elettra Gorietti e Mia Benedetta.<\/p>\n<p>Ad introdurre la serata, GIANNI IPPOLITI che ha condotto un dibattito sul cinema all\u2019insegna dell\u2019ironia. Con lui sul palco anche STEFANO AMADIO, giornalista e conduttore della Manifestazione, l\u2019esercente MASSIMILIANO GIOMETTI, e con la partecipazione di PAOLO GENOVESE. Al termine, Ippoliti ha ricevuto il Premio \u201cOPERA PRIMA\u2026O POI\u201d per il suo corto \u201cL\u2019ULTIMO PIANTO\u201d da lui scritto e diretto e interpretato da Fabiana Latini, sceneggiatrice insieme ad Ippoliti e presente al cinema.<\/p>\n<p>Dopo il dibattito, sono saliti sul palco i registi dei corti proiettati durante la serata: per la sezione Corti Comedy LORENZO MARINELLI con \u201cIl Passaggio\u201d, MATTEO TIBERIA con \u201cL\u2019ultima chiamata\u201d; per la sezione Videoclip sono intervenuti FEDERICA BIONDI con \u201cDisaffection\u201d [del gruppo Interiors] e LORENZO PAUL SANTAGADA con \u201cE invece niente\u201d dei TRE ALLEGRI RAGAZZI MORTI.<\/p>\n<p>Infine, ieri alle 18:30 nel corso di una cerimonia speciale svoltasi presso il Comune di Cortina d\u201dAmpezzo, MADDALENA MAYNERI ideatrice e Presidente di Cortinametraggio ha ricevuto il CAMPANILE D\u2019ARGENTO, un\u2019importante onorificenza della citt\u00e0 di Cortina. La consegna del Premio, assegnato dal Commissario del Comune della citt\u00e0 Carlo De Rogatis rappresenta un\u2019occasione straordinaria: a 20 anni dalla nascita della manifestazione, il Festival entra per la prima volta di diritto nel Comune della Regina delle Dolomiti e la Mayneri, pur non essendo originaria di Cortina, riceve questo importante riconoscimento.<\/p>\n","protected":false},"excerpt":{"rendered":"<p>&nbsp; Cortina, 24 marzo 2017 \u2013 Una serata speciale gioved\u00ec sera a Cortinametraggio organizzata in collaborazione con Rai Cinema per sollevare un grido di protesta contro la violenza sulle donne. Protagoniste ELENA SOFIA RICCI, CHIARA MASTALLI, CLAUDIA POTENZA e MICHELA ANDREOZZI, attrici rispettivamente dei corti \u201cL\u2019AMORE RUBATO\u201d di Irish Braschi e \u201cL\u2019AMORE CHE VORREI\u201d di [&hellip;]<\/p>\n","protected":false},"author":2,"featured_media":0,"comment_status":"closed","ping_status":"open","sticky":false,"template":"","format":"standard","meta":{"footnotes":""},"categories":[3,26],"tags":[],"class_list":["post-85334","post","type-post","status-publish","format-standard","category-arte-cultura-spettacoli-scienza-archivi","category-prima-pagina"],"yoast_head":"<!-- This site is optimized with the Yoast SEO plugin v28.4 - https:\/\/yoast.com\/product\/yoast-seo-wordpress\/ -->\n<title>Cortinametraggio 2017. Alla 12ma edizione del Festival, il grido di protesta contro la violenza sulle donne - Bellunopress - Dolomiti<\/title>\n<meta name=\"robots\" content=\"index, follow, max-snippet:-1, max-image-preview:large, max-video-preview:-1\" \/>\n<link rel=\"canonical\" href=\"https:\/\/www.bellunopress.it\/fr\/2017\/03\/24\/cortinametraggio-2017-alla-12ma-edizione-del-festival-il-grido-di-protesta-contro-la-violenza-sulle-donne\/\" \/>\n<meta property=\"og:locale\" content=\"fr_FR\" \/>\n<meta property=\"og:type\" content=\"article\" \/>\n<meta property=\"og:title\" content=\"Cortinametraggio 2017. Alla 12ma edizione del Festival, il grido di protesta contro la violenza sulle donne - Bellunopress - Dolomiti\" \/>\n<meta property=\"og:description\" content=\"&nbsp; Cortina, 24 marzo 2017 \u2013 Una serata speciale gioved\u00ec sera a Cortinametraggio organizzata in collaborazione con Rai Cinema per sollevare un grido di protesta contro la violenza sulle donne. Protagoniste ELENA SOFIA RICCI, CHIARA MASTALLI, CLAUDIA POTENZA e MICHELA ANDREOZZI, attrici rispettivamente dei corti \u201cL\u2019AMORE RUBATO\u201d di Irish Braschi e \u201cL\u2019AMORE CHE VORREI\u201d di [&hellip;]\" \/>\n<meta property=\"og:url\" content=\"https:\/\/www.bellunopress.it\/fr\/2017\/03\/24\/cortinametraggio-2017-alla-12ma-edizione-del-festival-il-grido-di-protesta-contro-la-violenza-sulle-donne\/\" \/>\n<meta property=\"og:site_name\" content=\"Bellunopress - Dolomiti\" \/>\n<meta property=\"article:publisher\" content=\"https:\/\/www.facebook.com\/profile.php?id=100008943462799\" \/>\n<meta property=\"article:published_time\" content=\"2017-03-24T20:15:05+00:00\" \/>\n<meta property=\"og:image\" content=\"http:\/\/www.bellunopress.it\/wp-content\/uploads\/2017\/03\/cortinametraggio-2017.jpg\" \/>\n<meta name=\"author\" content=\"redazione\" \/>\n<meta name=\"twitter:card\" content=\"summary_large_image\" \/>\n<meta name=\"twitter:creator\" content=\"@bellunopress\" \/>\n<meta name=\"twitter:site\" content=\"@bellunopress\" \/>\n<meta name=\"twitter:label1\" content=\"\u00c9crit par\" \/>\n\t<meta name=\"twitter:data1\" content=\"redazione\" \/>\n\t<meta name=\"twitter:label2\" content=\"Dur\u00e9e de lecture estim\u00e9e\" \/>\n\t<meta name=\"twitter:data2\" content=\"2 minutes\" \/>\n<script type=\"application\/ld+json\" class=\"yoast-schema-graph\">{\"@context\":\"https:\\\/\\\/schema.org\",\"@graph\":[{\"@type\":\"Article\",\"@id\":\"https:\\\/\\\/www.bellunopress.it\\\/2017\\\/03\\\/24\\\/cortinametraggio-2017-alla-12ma-edizione-del-festival-il-grido-di-protesta-contro-la-violenza-sulle-donne\\\/#article\",\"isPartOf\":{\"@id\":\"https:\\\/\\\/www.bellunopress.it\\\/2017\\\/03\\\/24\\\/cortinametraggio-2017-alla-12ma-edizione-del-festival-il-grido-di-protesta-contro-la-violenza-sulle-donne\\\/\"},\"author\":{\"name\":\"redazione\",\"@id\":\"https:\\\/\\\/www.bellunopress.it\\\/#\\\/schema\\\/person\\\/79bb06722b37ece1c03d3e94beb30d73\"},\"headline\":\"Cortinametraggio 2017. Alla 12ma edizione del Festival, il grido di protesta contro la violenza sulle donne\",\"datePublished\":\"2017-03-24T20:15:05+00:00\",\"mainEntityOfPage\":{\"@id\":\"https:\\\/\\\/www.bellunopress.it\\\/2017\\\/03\\\/24\\\/cortinametraggio-2017-alla-12ma-edizione-del-festival-il-grido-di-protesta-contro-la-violenza-sulle-donne\\\/\"},\"wordCount\":435,\"publisher\":{\"@id\":\"https:\\\/\\\/www.bellunopress.it\\\/#organization\"},\"image\":{\"@id\":\"https:\\\/\\\/www.bellunopress.it\\\/2017\\\/03\\\/24\\\/cortinametraggio-2017-alla-12ma-edizione-del-festival-il-grido-di-protesta-contro-la-violenza-sulle-donne\\\/#primaryimage\"},\"thumbnailUrl\":\"http:\\\/\\\/www.bellunopress.it\\\/wp-content\\\/uploads\\\/2017\\\/03\\\/cortinametraggio-2017.jpg\",\"articleSection\":[\"Arte, Cultura, Spettacoli, Scienza\",\"Prima Pagina\"],\"inLanguage\":\"fr-FR\"},{\"@type\":\"WebPage\",\"@id\":\"https:\\\/\\\/www.bellunopress.it\\\/2017\\\/03\\\/24\\\/cortinametraggio-2017-alla-12ma-edizione-del-festival-il-grido-di-protesta-contro-la-violenza-sulle-donne\\\/\",\"url\":\"https:\\\/\\\/www.bellunopress.it\\\/2017\\\/03\\\/24\\\/cortinametraggio-2017-alla-12ma-edizione-del-festival-il-grido-di-protesta-contro-la-violenza-sulle-donne\\\/\",\"name\":\"Cortinametraggio 2017. Alla 12ma edizione del Festival, il grido di protesta contro la violenza sulle donne - Bellunopress - Dolomiti\",\"isPartOf\":{\"@id\":\"https:\\\/\\\/www.bellunopress.it\\\/#website\"},\"primaryImageOfPage\":{\"@id\":\"https:\\\/\\\/www.bellunopress.it\\\/2017\\\/03\\\/24\\\/cortinametraggio-2017-alla-12ma-edizione-del-festival-il-grido-di-protesta-contro-la-violenza-sulle-donne\\\/#primaryimage\"},\"image\":{\"@id\":\"https:\\\/\\\/www.bellunopress.it\\\/2017\\\/03\\\/24\\\/cortinametraggio-2017-alla-12ma-edizione-del-festival-il-grido-di-protesta-contro-la-violenza-sulle-donne\\\/#primaryimage\"},\"thumbnailUrl\":\"http:\\\/\\\/www.bellunopress.it\\\/wp-content\\\/uploads\\\/2017\\\/03\\\/cortinametraggio-2017.jpg\",\"datePublished\":\"2017-03-24T20:15:05+00:00\",\"breadcrumb\":{\"@id\":\"https:\\\/\\\/www.bellunopress.it\\\/2017\\\/03\\\/24\\\/cortinametraggio-2017-alla-12ma-edizione-del-festival-il-grido-di-protesta-contro-la-violenza-sulle-donne\\\/#breadcrumb\"},\"inLanguage\":\"fr-FR\",\"potentialAction\":[{\"@type\":\"ReadAction\",\"target\":[\"https:\\\/\\\/www.bellunopress.it\\\/2017\\\/03\\\/24\\\/cortinametraggio-2017-alla-12ma-edizione-del-festival-il-grido-di-protesta-contro-la-violenza-sulle-donne\\\/\"]}]},{\"@type\":\"ImageObject\",\"inLanguage\":\"fr-FR\",\"@id\":\"https:\\\/\\\/www.bellunopress.it\\\/2017\\\/03\\\/24\\\/cortinametraggio-2017-alla-12ma-edizione-del-festival-il-grido-di-protesta-contro-la-violenza-sulle-donne\\\/#primaryimage\",\"url\":\"http:\\\/\\\/www.bellunopress.it\\\/wp-content\\\/uploads\\\/2017\\\/03\\\/cortinametraggio-2017.jpg\",\"contentUrl\":\"http:\\\/\\\/www.bellunopress.it\\\/wp-content\\\/uploads\\\/2017\\\/03\\\/cortinametraggio-2017.jpg\"},{\"@type\":\"BreadcrumbList\",\"@id\":\"https:\\\/\\\/www.bellunopress.it\\\/2017\\\/03\\\/24\\\/cortinametraggio-2017-alla-12ma-edizione-del-festival-il-grido-di-protesta-contro-la-violenza-sulle-donne\\\/#breadcrumb\",\"itemListElement\":[{\"@type\":\"ListItem\",\"position\":1,\"name\":\"Home\",\"item\":\"https:\\\/\\\/www.bellunopress.it\\\/\"},{\"@type\":\"ListItem\",\"position\":2,\"name\":\"Cortinametraggio 2017. Alla 12ma edizione del Festival, il grido di protesta contro la violenza sulle donne\"}]},{\"@type\":\"WebSite\",\"@id\":\"https:\\\/\\\/www.bellunopress.it\\\/#website\",\"url\":\"https:\\\/\\\/www.bellunopress.it\\\/\",\"name\":\"Bellunopress - Dolomiti\",\"description\":\"e-mail: redazione@bellunopress.it\",\"publisher\":{\"@id\":\"https:\\\/\\\/www.bellunopress.it\\\/#organization\"},\"potentialAction\":[{\"@type\":\"SearchAction\",\"target\":{\"@type\":\"EntryPoint\",\"urlTemplate\":\"https:\\\/\\\/www.bellunopress.it\\\/?s={search_term_string}\"},\"query-input\":{\"@type\":\"PropertyValueSpecification\",\"valueRequired\":true,\"valueName\":\"search_term_string\"}}],\"inLanguage\":\"fr-FR\"},{\"@type\":\"Organization\",\"@id\":\"https:\\\/\\\/www.bellunopress.it\\\/#organization\",\"name\":\"Bellunopress\",\"url\":\"https:\\\/\\\/www.bellunopress.it\\\/\",\"logo\":{\"@type\":\"ImageObject\",\"inLanguage\":\"fr-FR\",\"@id\":\"https:\\\/\\\/www.bellunopress.it\\\/#\\\/schema\\\/logo\\\/image\\\/\",\"url\":\"https:\\\/\\\/www.bellunopress.it\\\/wp-content\\\/uploads\\\/2011\\\/05\\\/cropped-logo-bellunopress-.jpg\",\"contentUrl\":\"https:\\\/\\\/www.bellunopress.it\\\/wp-content\\\/uploads\\\/2011\\\/05\\\/cropped-logo-bellunopress-.jpg\",\"width\":512,\"height\":512,\"caption\":\"Bellunopress\"},\"image\":{\"@id\":\"https:\\\/\\\/www.bellunopress.it\\\/#\\\/schema\\\/logo\\\/image\\\/\"},\"sameAs\":[\"https:\\\/\\\/www.facebook.com\\\/profile.php?id=100008943462799\",\"https:\\\/\\\/x.com\\\/bellunopress\",\"https:\\\/\\\/www.linkedin.com\\\/hp\\\/?dnr=JBzUWaJfMUw8vbXJJ2tVW5-I3jZKvC4wsoxE&amp;amp;amp;amp;amp;amp;trk=nav_responsive_tab_home\",\"https:\\\/\\\/www.youtube.com\\\/channel\\\/UCxL0wu1uN0_3_7hGG0306cw\"]},{\"@type\":\"Person\",\"@id\":\"https:\\\/\\\/www.bellunopress.it\\\/#\\\/schema\\\/person\\\/79bb06722b37ece1c03d3e94beb30d73\",\"name\":\"redazione\",\"image\":{\"@type\":\"ImageObject\",\"inLanguage\":\"fr-FR\",\"@id\":\"https:\\\/\\\/secure.gravatar.com\\\/avatar\\\/37d968a2e67a6fd04c169c4bdef102d0bc5d31b2546345219e348575eb80e9a0?s=96&d=mm&r=g\",\"url\":\"https:\\\/\\\/secure.gravatar.com\\\/avatar\\\/37d968a2e67a6fd04c169c4bdef102d0bc5d31b2546345219e348575eb80e9a0?s=96&d=mm&r=g\",\"contentUrl\":\"https:\\\/\\\/secure.gravatar.com\\\/avatar\\\/37d968a2e67a6fd04c169c4bdef102d0bc5d31b2546345219e348575eb80e9a0?s=96&d=mm&r=g\",\"caption\":\"redazione\"},\"sameAs\":[\"http:\\\/\\\/www.bellunopress.it\",\"https:\\\/\\\/x.com\\\/bellunopress\"],\"url\":\"https:\\\/\\\/www.bellunopress.it\\\/fr\\\/author\\\/redazione\\\/\"}]}<\/script>\n<!-- \/ Yoast SEO plugin. -->","yoast_head_json":{"title":"Cortinametraggio 2017. Alla 12ma edizione del Festival, il grido di protesta contro la violenza sulle donne - Bellunopress - Dolomiti","robots":{"index":"index","follow":"follow","max-snippet":"max-snippet:-1","max-image-preview":"max-image-preview:large","max-video-preview":"max-video-preview:-1"},"canonical":"https:\/\/www.bellunopress.it\/fr\/2017\/03\/24\/cortinametraggio-2017-alla-12ma-edizione-del-festival-il-grido-di-protesta-contro-la-violenza-sulle-donne\/","og_locale":"fr_FR","og_type":"article","og_title":"Cortinametraggio 2017. Alla 12ma edizione del Festival, il grido di protesta contro la violenza sulle donne - Bellunopress - Dolomiti","og_description":"&nbsp; Cortina, 24 marzo 2017 \u2013 Una serata speciale gioved\u00ec sera a Cortinametraggio organizzata in collaborazione con Rai Cinema per sollevare un grido di protesta contro la violenza sulle donne. Protagoniste ELENA SOFIA RICCI, CHIARA MASTALLI, CLAUDIA POTENZA e MICHELA ANDREOZZI, attrici rispettivamente dei corti \u201cL\u2019AMORE RUBATO\u201d di Irish Braschi e \u201cL\u2019AMORE CHE VORREI\u201d di [&hellip;]","og_url":"https:\/\/www.bellunopress.it\/fr\/2017\/03\/24\/cortinametraggio-2017-alla-12ma-edizione-del-festival-il-grido-di-protesta-contro-la-violenza-sulle-donne\/","og_site_name":"Bellunopress - Dolomiti","article_publisher":"https:\/\/www.facebook.com\/profile.php?id=100008943462799","article_published_time":"2017-03-24T20:15:05+00:00","og_image":[{"url":"http:\/\/www.bellunopress.it\/wp-content\/uploads\/2017\/03\/cortinametraggio-2017.jpg","type":"","width":"","height":""}],"author":"redazione","twitter_card":"summary_large_image","twitter_creator":"@bellunopress","twitter_site":"@bellunopress","twitter_misc":{"\u00c9crit par":"redazione","Dur\u00e9e de lecture estim\u00e9e":"2 minutes"},"schema":{"@context":"https:\/\/schema.org","@graph":[{"@type":"Article","@id":"https:\/\/www.bellunopress.it\/2017\/03\/24\/cortinametraggio-2017-alla-12ma-edizione-del-festival-il-grido-di-protesta-contro-la-violenza-sulle-donne\/#article","isPartOf":{"@id":"https:\/\/www.bellunopress.it\/2017\/03\/24\/cortinametraggio-2017-alla-12ma-edizione-del-festival-il-grido-di-protesta-contro-la-violenza-sulle-donne\/"},"author":{"name":"redazione","@id":"https:\/\/www.bellunopress.it\/#\/schema\/person\/79bb06722b37ece1c03d3e94beb30d73"},"headline":"Cortinametraggio 2017. Alla 12ma edizione del Festival, il grido di protesta contro la violenza sulle donne","datePublished":"2017-03-24T20:15:05+00:00","mainEntityOfPage":{"@id":"https:\/\/www.bellunopress.it\/2017\/03\/24\/cortinametraggio-2017-alla-12ma-edizione-del-festival-il-grido-di-protesta-contro-la-violenza-sulle-donne\/"},"wordCount":435,"publisher":{"@id":"https:\/\/www.bellunopress.it\/#organization"},"image":{"@id":"https:\/\/www.bellunopress.it\/2017\/03\/24\/cortinametraggio-2017-alla-12ma-edizione-del-festival-il-grido-di-protesta-contro-la-violenza-sulle-donne\/#primaryimage"},"thumbnailUrl":"http:\/\/www.bellunopress.it\/wp-content\/uploads\/2017\/03\/cortinametraggio-2017.jpg","articleSection":["Arte, Cultura, Spettacoli, Scienza","Prima Pagina"],"inLanguage":"fr-FR"},{"@type":"WebPage","@id":"https:\/\/www.bellunopress.it\/2017\/03\/24\/cortinametraggio-2017-alla-12ma-edizione-del-festival-il-grido-di-protesta-contro-la-violenza-sulle-donne\/","url":"https:\/\/www.bellunopress.it\/2017\/03\/24\/cortinametraggio-2017-alla-12ma-edizione-del-festival-il-grido-di-protesta-contro-la-violenza-sulle-donne\/","name":"Cortinametraggio 2017. Alla 12ma edizione del Festival, il grido di protesta contro la violenza sulle donne - Bellunopress - Dolomiti","isPartOf":{"@id":"https:\/\/www.bellunopress.it\/#website"},"primaryImageOfPage":{"@id":"https:\/\/www.bellunopress.it\/2017\/03\/24\/cortinametraggio-2017-alla-12ma-edizione-del-festival-il-grido-di-protesta-contro-la-violenza-sulle-donne\/#primaryimage"},"image":{"@id":"https:\/\/www.bellunopress.it\/2017\/03\/24\/cortinametraggio-2017-alla-12ma-edizione-del-festival-il-grido-di-protesta-contro-la-violenza-sulle-donne\/#primaryimage"},"thumbnailUrl":"http:\/\/www.bellunopress.it\/wp-content\/uploads\/2017\/03\/cortinametraggio-2017.jpg","datePublished":"2017-03-24T20:15:05+00:00","breadcrumb":{"@id":"https:\/\/www.bellunopress.it\/2017\/03\/24\/cortinametraggio-2017-alla-12ma-edizione-del-festival-il-grido-di-protesta-contro-la-violenza-sulle-donne\/#breadcrumb"},"inLanguage":"fr-FR","potentialAction":[{"@type":"ReadAction","target":["https:\/\/www.bellunopress.it\/2017\/03\/24\/cortinametraggio-2017-alla-12ma-edizione-del-festival-il-grido-di-protesta-contro-la-violenza-sulle-donne\/"]}]},{"@type":"ImageObject","inLanguage":"fr-FR","@id":"https:\/\/www.bellunopress.it\/2017\/03\/24\/cortinametraggio-2017-alla-12ma-edizione-del-festival-il-grido-di-protesta-contro-la-violenza-sulle-donne\/#primaryimage","url":"http:\/\/www.bellunopress.it\/wp-content\/uploads\/2017\/03\/cortinametraggio-2017.jpg","contentUrl":"http:\/\/www.bellunopress.it\/wp-content\/uploads\/2017\/03\/cortinametraggio-2017.jpg"},{"@type":"BreadcrumbList","@id":"https:\/\/www.bellunopress.it\/2017\/03\/24\/cortinametraggio-2017-alla-12ma-edizione-del-festival-il-grido-di-protesta-contro-la-violenza-sulle-donne\/#breadcrumb","itemListElement":[{"@type":"ListItem","position":1,"name":"Home","item":"https:\/\/www.bellunopress.it\/"},{"@type":"ListItem","position":2,"name":"Cortinametraggio 2017. Alla 12ma edizione del Festival, il grido di protesta contro la violenza sulle donne"}]},{"@type":"WebSite","@id":"https:\/\/www.bellunopress.it\/#website","url":"https:\/\/www.bellunopress.it\/","name":"Bellunopress - Dolomiti","description":"e-mail: redazione@bellunopress.it","publisher":{"@id":"https:\/\/www.bellunopress.it\/#organization"},"potentialAction":[{"@type":"SearchAction","target":{"@type":"EntryPoint","urlTemplate":"https:\/\/www.bellunopress.it\/?s={search_term_string}"},"query-input":{"@type":"PropertyValueSpecification","valueRequired":true,"valueName":"search_term_string"}}],"inLanguage":"fr-FR"},{"@type":"Organization","@id":"https:\/\/www.bellunopress.it\/#organization","name":"Bellunopress","url":"https:\/\/www.bellunopress.it\/","logo":{"@type":"ImageObject","inLanguage":"fr-FR","@id":"https:\/\/www.bellunopress.it\/#\/schema\/logo\/image\/","url":"https:\/\/www.bellunopress.it\/wp-content\/uploads\/2011\/05\/cropped-logo-bellunopress-.jpg","contentUrl":"https:\/\/www.bellunopress.it\/wp-content\/uploads\/2011\/05\/cropped-logo-bellunopress-.jpg","width":512,"height":512,"caption":"Bellunopress"},"image":{"@id":"https:\/\/www.bellunopress.it\/#\/schema\/logo\/image\/"},"sameAs":["https:\/\/www.facebook.com\/profile.php?id=100008943462799","https:\/\/x.com\/bellunopress","https:\/\/www.linkedin.com\/hp\/?dnr=JBzUWaJfMUw8vbXJJ2tVW5-I3jZKvC4wsoxE&amp;amp;amp;amp;amp;amp;trk=nav_responsive_tab_home","https:\/\/www.youtube.com\/channel\/UCxL0wu1uN0_3_7hGG0306cw"]},{"@type":"Person","@id":"https:\/\/www.bellunopress.it\/#\/schema\/person\/79bb06722b37ece1c03d3e94beb30d73","name":"r\u00e9daction","image":{"@type":"ImageObject","inLanguage":"fr-FR","@id":"https:\/\/secure.gravatar.com\/avatar\/37d968a2e67a6fd04c169c4bdef102d0bc5d31b2546345219e348575eb80e9a0?s=96&d=mm&r=g","url":"https:\/\/secure.gravatar.com\/avatar\/37d968a2e67a6fd04c169c4bdef102d0bc5d31b2546345219e348575eb80e9a0?s=96&d=mm&r=g","contentUrl":"https:\/\/secure.gravatar.com\/avatar\/37d968a2e67a6fd04c169c4bdef102d0bc5d31b2546345219e348575eb80e9a0?s=96&d=mm&r=g","caption":"redazione"},"sameAs":["http:\/\/www.bellunopress.it","https:\/\/x.com\/bellunopress"],"url":"https:\/\/www.bellunopress.it\/fr\/author\/redazione\/"}]}},"_links":{"self":[{"href":"https:\/\/www.bellunopress.it\/fr\/wp-json\/wp\/v2\/posts\/85334","targetHints":{"allow":["GET"]}}],"collection":[{"href":"https:\/\/www.bellunopress.it\/fr\/wp-json\/wp\/v2\/posts"}],"about":[{"href":"https:\/\/www.bellunopress.it\/fr\/wp-json\/wp\/v2\/types\/post"}],"author":[{"embeddable":true,"href":"https:\/\/www.bellunopress.it\/fr\/wp-json\/wp\/v2\/users\/2"}],"replies":[{"embeddable":true,"href":"https:\/\/www.bellunopress.it\/fr\/wp-json\/wp\/v2\/comments?post=85334"}],"version-history":[{"count":1,"href":"https:\/\/www.bellunopress.it\/fr\/wp-json\/wp\/v2\/posts\/85334\/revisions"}],"predecessor-version":[{"id":85336,"href":"https:\/\/www.bellunopress.it\/fr\/wp-json\/wp\/v2\/posts\/85334\/revisions\/85336"}],"wp:attachment":[{"href":"https:\/\/www.bellunopress.it\/fr\/wp-json\/wp\/v2\/media?parent=85334"}],"wp:term":[{"taxonomy":"category","embeddable":true,"href":"https:\/\/www.bellunopress.it\/fr\/wp-json\/wp\/v2\/categories?post=85334"},{"taxonomy":"post_tag","embeddable":true,"href":"https:\/\/www.bellunopress.it\/fr\/wp-json\/wp\/v2\/tags?post=85334"}],"curies":[{"name":"wp","href":"https:\/\/api.w.org\/{rel}","templated":true}]}}