{"id":85332,"date":"2017-03-24T21:00:02","date_gmt":"2017-03-24T20:00:02","guid":{"rendered":"http:\/\/www.bellunopress.it\/?p=85332"},"modified":"2017-03-24T21:00:02","modified_gmt":"2017-03-24T20:00:02","slug":"bisato-incontra-gli-agricoltori-bellunesi-il-candidato-del-pd-a-confronto-con-gli-addetti-ai-lavori-ad-agrimont","status":"publish","type":"post","link":"https:\/\/www.bellunopress.it\/fr\/2017\/03\/24\/bisato-incontra-gli-agricoltori-bellunesi-il-candidato-del-pd-a-confronto-con-gli-addetti-ai-lavori-ad-agrimont\/","title":{"rendered":"Bisato incontra gli agricoltori bellunesi.\u00a0Il candidato del Pd a confronto con gli addetti ai lavori ad Agrimont"},"content":{"rendered":"<p>\u00abL&#8217;agricoltura rimane uno dei settori strategici per la montagna\u00bb. Lo ha detto Alessandro Bisato, candidato alla segreteria regionale del Pd, incontrando gli imprenditori del comparto ad Agrimont. \u00abIl contributo offerto dal settore non va visto solo in termini economici e di offerta di produzioni di alta qualit\u00e0\u00bb, ha ricordato Bisato, \u00abma soprattutto come presidio del territorio ed elemento fondamentale per lo sviluppo turistico. L&#8217;esperienza ci dice che ospitalit\u00e0 diffusa e attivit\u00e0 ricreative come ad esempio il cicloturismo sorgono l\u00e0 dove la manutenzione del territorio \u00e8 curata direttamente dalle aziende agricole e dai singoli operatori\u00bb.<\/p>\n<figure id=\"attachment_46178\" aria-describedby=\"caption-attachment-46178\" style=\"width: 107px\" class=\"wp-caption alignleft\"><a href=\"http:\/\/www.bellunopress.it\/wp-content\/uploads\/2013\/01\/roger-de-menech.jpg\"><img loading=\"lazy\" decoding=\"async\" class=\"size-full wp-image-46178\" src=\"http:\/\/www.bellunopress.it\/wp-content\/uploads\/2013\/01\/roger-de-menech.jpg\" alt=\"\" width=\"107\" height=\"160\" \/><\/a><figcaption id=\"caption-attachment-46178\" class=\"wp-caption-text\">Roger De Menech, deputato<\/figcaption><\/figure>\n<p>Su questo tema, gli ultimi due governi hanno dato prova di coerenza, tanto che, ricorda il deputato bellunese Roger De Menech, \u00abgli stessi agricoltori riconoscono il lavoro fatto in primis dal ministro Maurizio Martina\u00bb.<\/p>\n<p>Le ultime due leggi di stabilit\u00e0 sono infatti tra le pi\u00f9 &#8220;agricole&#8221; degli ultimi decenni. Ci sono misure per tutelare il reddito delle imprese con sostegni concreti e immediati a partire dall&#8217;eliminazione dell&#8217;Irap e dell&#8217;Imu sui terreni; meno tasse e pi\u00f9 semplificazione e investimenti per sostenere un settore strategico anche per la lotta alla disoccupazione. Le misure messe a punto consentono di investire oltre 800 milioni di euro, segnando cos\u00ec una delle azioni pi\u00f9 forti che si siano mai fatte negli anni a sostegno del settore primario.<\/p>\n<p>Per tutelare il reddito degli agricoltori e consentire alle imprese agricole di avviare una fase di investimenti il governo ha cancellato Irap e Imu sui terreni, liberando oltre 600 milioni di euro che le aziende potranno utilizzare per aumentare la competitivit\u00e0 e creare occupazione.<\/p>\n<p>Tra le altre misure vale la pena ricordate le agevolazioni assicurative per 140 milioni di euro contro le calamit\u00e0 naturali, il fondo di 45 milioni di euro per il rinnovo delle macchine agricole e 32 milioni di euro per agevolare i produttori di latte.<\/p>\n<p>\u00abSi tratta di interventi che hanno un impatto diretto soprattutto sulle piccole e medie imprese caratteristiche del Bellunese\u00bb, afferma Bisato. \u00abNoi dobbiamo impegnarci perch\u00e9 anche a livello regionale l&#8217;agricoltura sia sostenuta con provvedimenti concreti oltre che con belli slogan\u00bb.<\/p>","protected":false},"excerpt":{"rendered":"<p>\u00abL&#8217;agricoltura rimane uno dei settori strategici per la montagna\u00bb. Lo ha detto Alessandro Bisato, candidato alla segreteria regionale del Pd, incontrando gli imprenditori del comparto ad Agrimont. \u00abIl contributo offerto dal settore non va visto solo in termini economici e di offerta di produzioni di alta qualit\u00e0\u00bb, ha ricordato Bisato, \u00abma soprattutto come presidio del [&hellip;]<\/p>\n","protected":false},"author":2,"featured_media":0,"comment_status":"closed","ping_status":"open","sticky":false,"template":"","format":"standard","meta":{"footnotes":""},"categories":[5,26],"tags":[],"class_list":["post-85332","post","type-post","status-publish","format-standard","category-cronaca","category-prima-pagina"],"yoast_head":"<!-- This site is optimized with the Yoast SEO plugin v28.4 - https:\/\/yoast.com\/product\/yoast-seo-wordpress\/ -->\n<title>Bisato incontra gli agricoltori bellunesi.\u00a0Il candidato del Pd a confronto con gli addetti ai lavori ad Agrimont - Bellunopress - Dolomiti<\/title>\n<meta name=\"robots\" content=\"index, follow, max-snippet:-1, max-image-preview:large, max-video-preview:-1\" \/>\n<link rel=\"canonical\" href=\"https:\/\/www.bellunopress.it\/fr\/2017\/03\/24\/bisato-incontra-gli-agricoltori-bellunesi-il-candidato-del-pd-a-confronto-con-gli-addetti-ai-lavori-ad-agrimont\/\" \/>\n<meta property=\"og:locale\" content=\"fr_FR\" \/>\n<meta property=\"og:type\" content=\"article\" \/>\n<meta property=\"og:title\" content=\"Bisato incontra gli agricoltori bellunesi.\u00a0Il candidato del Pd a confronto con gli addetti ai lavori ad Agrimont - Bellunopress - Dolomiti\" \/>\n<meta property=\"og:description\" content=\"\u00abL&#8217;agricoltura rimane uno dei settori strategici per la montagna\u00bb. Lo ha detto Alessandro Bisato, candidato alla segreteria regionale del Pd, incontrando gli imprenditori del comparto ad Agrimont. \u00abIl contributo offerto dal settore non va visto solo in termini economici e di offerta di produzioni di alta qualit\u00e0\u00bb, ha ricordato Bisato, \u00abma soprattutto come presidio del [&hellip;]\" \/>\n<meta property=\"og:url\" content=\"https:\/\/www.bellunopress.it\/fr\/2017\/03\/24\/bisato-incontra-gli-agricoltori-bellunesi-il-candidato-del-pd-a-confronto-con-gli-addetti-ai-lavori-ad-agrimont\/\" \/>\n<meta property=\"og:site_name\" content=\"Bellunopress - Dolomiti\" \/>\n<meta property=\"article:publisher\" content=\"https:\/\/www.facebook.com\/profile.php?id=100008943462799\" \/>\n<meta property=\"article:published_time\" content=\"2017-03-24T20:00:02+00:00\" \/>\n<meta property=\"og:image\" content=\"http:\/\/www.bellunopress.it\/wp-content\/uploads\/2013\/01\/roger-de-menech.jpg\" \/>\n<meta name=\"author\" content=\"redazione\" \/>\n<meta name=\"twitter:card\" content=\"summary_large_image\" \/>\n<meta name=\"twitter:creator\" content=\"@bellunopress\" \/>\n<meta name=\"twitter:site\" content=\"@bellunopress\" \/>\n<meta name=\"twitter:label1\" content=\"\u00c9crit par\" \/>\n\t<meta name=\"twitter:data1\" content=\"redazione\" \/>\n\t<meta name=\"twitter:label2\" content=\"Dur\u00e9e de lecture estim\u00e9e\" \/>\n\t<meta name=\"twitter:data2\" content=\"2 minutes\" \/>\n<script type=\"application\/ld+json\" class=\"yoast-schema-graph\">{\"@context\":\"https:\\\/\\\/schema.org\",\"@graph\":[{\"@type\":\"Article\",\"@id\":\"https:\\\/\\\/www.bellunopress.it\\\/2017\\\/03\\\/24\\\/bisato-incontra-gli-agricoltori-bellunesi-il-candidato-del-pd-a-confronto-con-gli-addetti-ai-lavori-ad-agrimont\\\/#article\",\"isPartOf\":{\"@id\":\"https:\\\/\\\/www.bellunopress.it\\\/2017\\\/03\\\/24\\\/bisato-incontra-gli-agricoltori-bellunesi-il-candidato-del-pd-a-confronto-con-gli-addetti-ai-lavori-ad-agrimont\\\/\"},\"author\":{\"name\":\"redazione\",\"@id\":\"https:\\\/\\\/www.bellunopress.it\\\/#\\\/schema\\\/person\\\/79bb06722b37ece1c03d3e94beb30d73\"},\"headline\":\"Bisato incontra gli agricoltori bellunesi.\u00a0Il candidato del Pd a confronto con gli addetti ai lavori ad Agrimont\",\"datePublished\":\"2017-03-24T20:00:02+00:00\",\"mainEntityOfPage\":{\"@id\":\"https:\\\/\\\/www.bellunopress.it\\\/2017\\\/03\\\/24\\\/bisato-incontra-gli-agricoltori-bellunesi-il-candidato-del-pd-a-confronto-con-gli-addetti-ai-lavori-ad-agrimont\\\/\"},\"wordCount\":371,\"publisher\":{\"@id\":\"https:\\\/\\\/www.bellunopress.it\\\/#organization\"},\"image\":{\"@id\":\"https:\\\/\\\/www.bellunopress.it\\\/2017\\\/03\\\/24\\\/bisato-incontra-gli-agricoltori-bellunesi-il-candidato-del-pd-a-confronto-con-gli-addetti-ai-lavori-ad-agrimont\\\/#primaryimage\"},\"thumbnailUrl\":\"http:\\\/\\\/www.bellunopress.it\\\/wp-content\\\/uploads\\\/2013\\\/01\\\/roger-de-menech.jpg\",\"articleSection\":[\"Cronaca\\\/Politica\",\"Prima Pagina\"],\"inLanguage\":\"fr-FR\"},{\"@type\":\"WebPage\",\"@id\":\"https:\\\/\\\/www.bellunopress.it\\\/2017\\\/03\\\/24\\\/bisato-incontra-gli-agricoltori-bellunesi-il-candidato-del-pd-a-confronto-con-gli-addetti-ai-lavori-ad-agrimont\\\/\",\"url\":\"https:\\\/\\\/www.bellunopress.it\\\/2017\\\/03\\\/24\\\/bisato-incontra-gli-agricoltori-bellunesi-il-candidato-del-pd-a-confronto-con-gli-addetti-ai-lavori-ad-agrimont\\\/\",\"name\":\"Bisato incontra gli agricoltori bellunesi.\u00a0Il candidato del Pd a confronto con gli addetti ai lavori ad Agrimont - Bellunopress - Dolomiti\",\"isPartOf\":{\"@id\":\"https:\\\/\\\/www.bellunopress.it\\\/#website\"},\"primaryImageOfPage\":{\"@id\":\"https:\\\/\\\/www.bellunopress.it\\\/2017\\\/03\\\/24\\\/bisato-incontra-gli-agricoltori-bellunesi-il-candidato-del-pd-a-confronto-con-gli-addetti-ai-lavori-ad-agrimont\\\/#primaryimage\"},\"image\":{\"@id\":\"https:\\\/\\\/www.bellunopress.it\\\/2017\\\/03\\\/24\\\/bisato-incontra-gli-agricoltori-bellunesi-il-candidato-del-pd-a-confronto-con-gli-addetti-ai-lavori-ad-agrimont\\\/#primaryimage\"},\"thumbnailUrl\":\"http:\\\/\\\/www.bellunopress.it\\\/wp-content\\\/uploads\\\/2013\\\/01\\\/roger-de-menech.jpg\",\"datePublished\":\"2017-03-24T20:00:02+00:00\",\"breadcrumb\":{\"@id\":\"https:\\\/\\\/www.bellunopress.it\\\/2017\\\/03\\\/24\\\/bisato-incontra-gli-agricoltori-bellunesi-il-candidato-del-pd-a-confronto-con-gli-addetti-ai-lavori-ad-agrimont\\\/#breadcrumb\"},\"inLanguage\":\"fr-FR\",\"potentialAction\":[{\"@type\":\"ReadAction\",\"target\":[\"https:\\\/\\\/www.bellunopress.it\\\/2017\\\/03\\\/24\\\/bisato-incontra-gli-agricoltori-bellunesi-il-candidato-del-pd-a-confronto-con-gli-addetti-ai-lavori-ad-agrimont\\\/\"]}]},{\"@type\":\"ImageObject\",\"inLanguage\":\"fr-FR\",\"@id\":\"https:\\\/\\\/www.bellunopress.it\\\/2017\\\/03\\\/24\\\/bisato-incontra-gli-agricoltori-bellunesi-il-candidato-del-pd-a-confronto-con-gli-addetti-ai-lavori-ad-agrimont\\\/#primaryimage\",\"url\":\"http:\\\/\\\/www.bellunopress.it\\\/wp-content\\\/uploads\\\/2013\\\/01\\\/roger-de-menech.jpg\",\"contentUrl\":\"http:\\\/\\\/www.bellunopress.it\\\/wp-content\\\/uploads\\\/2013\\\/01\\\/roger-de-menech.jpg\"},{\"@type\":\"BreadcrumbList\",\"@id\":\"https:\\\/\\\/www.bellunopress.it\\\/2017\\\/03\\\/24\\\/bisato-incontra-gli-agricoltori-bellunesi-il-candidato-del-pd-a-confronto-con-gli-addetti-ai-lavori-ad-agrimont\\\/#breadcrumb\",\"itemListElement\":[{\"@type\":\"ListItem\",\"position\":1,\"name\":\"Home\",\"item\":\"https:\\\/\\\/www.bellunopress.it\\\/\"},{\"@type\":\"ListItem\",\"position\":2,\"name\":\"Bisato incontra gli agricoltori bellunesi.\u00a0Il candidato del Pd a confronto con gli addetti ai lavori ad Agrimont\"}]},{\"@type\":\"WebSite\",\"@id\":\"https:\\\/\\\/www.bellunopress.it\\\/#website\",\"url\":\"https:\\\/\\\/www.bellunopress.it\\\/\",\"name\":\"Bellunopress - Dolomiti\",\"description\":\"e-mail: redazione@bellunopress.it\",\"publisher\":{\"@id\":\"https:\\\/\\\/www.bellunopress.it\\\/#organization\"},\"potentialAction\":[{\"@type\":\"SearchAction\",\"target\":{\"@type\":\"EntryPoint\",\"urlTemplate\":\"https:\\\/\\\/www.bellunopress.it\\\/?s={search_term_string}\"},\"query-input\":{\"@type\":\"PropertyValueSpecification\",\"valueRequired\":true,\"valueName\":\"search_term_string\"}}],\"inLanguage\":\"fr-FR\"},{\"@type\":\"Organization\",\"@id\":\"https:\\\/\\\/www.bellunopress.it\\\/#organization\",\"name\":\"Bellunopress\",\"url\":\"https:\\\/\\\/www.bellunopress.it\\\/\",\"logo\":{\"@type\":\"ImageObject\",\"inLanguage\":\"fr-FR\",\"@id\":\"https:\\\/\\\/www.bellunopress.it\\\/#\\\/schema\\\/logo\\\/image\\\/\",\"url\":\"https:\\\/\\\/www.bellunopress.it\\\/wp-content\\\/uploads\\\/2011\\\/05\\\/cropped-logo-bellunopress-.jpg\",\"contentUrl\":\"https:\\\/\\\/www.bellunopress.it\\\/wp-content\\\/uploads\\\/2011\\\/05\\\/cropped-logo-bellunopress-.jpg\",\"width\":512,\"height\":512,\"caption\":\"Bellunopress\"},\"image\":{\"@id\":\"https:\\\/\\\/www.bellunopress.it\\\/#\\\/schema\\\/logo\\\/image\\\/\"},\"sameAs\":[\"https:\\\/\\\/www.facebook.com\\\/profile.php?id=100008943462799\",\"https:\\\/\\\/x.com\\\/bellunopress\",\"https:\\\/\\\/www.linkedin.com\\\/hp\\\/?dnr=JBzUWaJfMUw8vbXJJ2tVW5-I3jZKvC4wsoxE&amp;amp;amp;amp;amp;amp;trk=nav_responsive_tab_home\",\"https:\\\/\\\/www.youtube.com\\\/channel\\\/UCxL0wu1uN0_3_7hGG0306cw\"]},{\"@type\":\"Person\",\"@id\":\"https:\\\/\\\/www.bellunopress.it\\\/#\\\/schema\\\/person\\\/79bb06722b37ece1c03d3e94beb30d73\",\"name\":\"redazione\",\"image\":{\"@type\":\"ImageObject\",\"inLanguage\":\"fr-FR\",\"@id\":\"https:\\\/\\\/secure.gravatar.com\\\/avatar\\\/37d968a2e67a6fd04c169c4bdef102d0bc5d31b2546345219e348575eb80e9a0?s=96&d=mm&r=g\",\"url\":\"https:\\\/\\\/secure.gravatar.com\\\/avatar\\\/37d968a2e67a6fd04c169c4bdef102d0bc5d31b2546345219e348575eb80e9a0?s=96&d=mm&r=g\",\"contentUrl\":\"https:\\\/\\\/secure.gravatar.com\\\/avatar\\\/37d968a2e67a6fd04c169c4bdef102d0bc5d31b2546345219e348575eb80e9a0?s=96&d=mm&r=g\",\"caption\":\"redazione\"},\"sameAs\":[\"http:\\\/\\\/www.bellunopress.it\",\"https:\\\/\\\/x.com\\\/bellunopress\"],\"url\":\"https:\\\/\\\/www.bellunopress.it\\\/fr\\\/author\\\/redazione\\\/\"}]}<\/script>\n<!-- \/ Yoast SEO plugin. -->","yoast_head_json":{"title":"Bisato incontra gli agricoltori bellunesi.\u00a0Il candidato del Pd a confronto con gli addetti ai lavori ad Agrimont - Bellunopress - Dolomiti","robots":{"index":"index","follow":"follow","max-snippet":"max-snippet:-1","max-image-preview":"max-image-preview:large","max-video-preview":"max-video-preview:-1"},"canonical":"https:\/\/www.bellunopress.it\/fr\/2017\/03\/24\/bisato-incontra-gli-agricoltori-bellunesi-il-candidato-del-pd-a-confronto-con-gli-addetti-ai-lavori-ad-agrimont\/","og_locale":"fr_FR","og_type":"article","og_title":"Bisato incontra gli agricoltori bellunesi.\u00a0Il candidato del Pd a confronto con gli addetti ai lavori ad Agrimont - Bellunopress - Dolomiti","og_description":"\u00abL&#8217;agricoltura rimane uno dei settori strategici per la montagna\u00bb. Lo ha detto Alessandro Bisato, candidato alla segreteria regionale del Pd, incontrando gli imprenditori del comparto ad Agrimont. \u00abIl contributo offerto dal settore non va visto solo in termini economici e di offerta di produzioni di alta qualit\u00e0\u00bb, ha ricordato Bisato, \u00abma soprattutto come presidio del [&hellip;]","og_url":"https:\/\/www.bellunopress.it\/fr\/2017\/03\/24\/bisato-incontra-gli-agricoltori-bellunesi-il-candidato-del-pd-a-confronto-con-gli-addetti-ai-lavori-ad-agrimont\/","og_site_name":"Bellunopress - Dolomiti","article_publisher":"https:\/\/www.facebook.com\/profile.php?id=100008943462799","article_published_time":"2017-03-24T20:00:02+00:00","og_image":[{"url":"http:\/\/www.bellunopress.it\/wp-content\/uploads\/2013\/01\/roger-de-menech.jpg","type":"","width":"","height":""}],"author":"redazione","twitter_card":"summary_large_image","twitter_creator":"@bellunopress","twitter_site":"@bellunopress","twitter_misc":{"\u00c9crit par":"redazione","Dur\u00e9e de lecture estim\u00e9e":"2 minutes"},"schema":{"@context":"https:\/\/schema.org","@graph":[{"@type":"Article","@id":"https:\/\/www.bellunopress.it\/2017\/03\/24\/bisato-incontra-gli-agricoltori-bellunesi-il-candidato-del-pd-a-confronto-con-gli-addetti-ai-lavori-ad-agrimont\/#article","isPartOf":{"@id":"https:\/\/www.bellunopress.it\/2017\/03\/24\/bisato-incontra-gli-agricoltori-bellunesi-il-candidato-del-pd-a-confronto-con-gli-addetti-ai-lavori-ad-agrimont\/"},"author":{"name":"redazione","@id":"https:\/\/www.bellunopress.it\/#\/schema\/person\/79bb06722b37ece1c03d3e94beb30d73"},"headline":"Bisato incontra gli agricoltori bellunesi.\u00a0Il candidato del Pd a confronto con gli addetti ai lavori ad Agrimont","datePublished":"2017-03-24T20:00:02+00:00","mainEntityOfPage":{"@id":"https:\/\/www.bellunopress.it\/2017\/03\/24\/bisato-incontra-gli-agricoltori-bellunesi-il-candidato-del-pd-a-confronto-con-gli-addetti-ai-lavori-ad-agrimont\/"},"wordCount":371,"publisher":{"@id":"https:\/\/www.bellunopress.it\/#organization"},"image":{"@id":"https:\/\/www.bellunopress.it\/2017\/03\/24\/bisato-incontra-gli-agricoltori-bellunesi-il-candidato-del-pd-a-confronto-con-gli-addetti-ai-lavori-ad-agrimont\/#primaryimage"},"thumbnailUrl":"http:\/\/www.bellunopress.it\/wp-content\/uploads\/2013\/01\/roger-de-menech.jpg","articleSection":["Cronaca\/Politica","Prima Pagina"],"inLanguage":"fr-FR"},{"@type":"WebPage","@id":"https:\/\/www.bellunopress.it\/2017\/03\/24\/bisato-incontra-gli-agricoltori-bellunesi-il-candidato-del-pd-a-confronto-con-gli-addetti-ai-lavori-ad-agrimont\/","url":"https:\/\/www.bellunopress.it\/2017\/03\/24\/bisato-incontra-gli-agricoltori-bellunesi-il-candidato-del-pd-a-confronto-con-gli-addetti-ai-lavori-ad-agrimont\/","name":"Bisato incontra gli agricoltori bellunesi.\u00a0Il candidato del Pd a confronto con gli addetti ai lavori ad Agrimont - Bellunopress - Dolomiti","isPartOf":{"@id":"https:\/\/www.bellunopress.it\/#website"},"primaryImageOfPage":{"@id":"https:\/\/www.bellunopress.it\/2017\/03\/24\/bisato-incontra-gli-agricoltori-bellunesi-il-candidato-del-pd-a-confronto-con-gli-addetti-ai-lavori-ad-agrimont\/#primaryimage"},"image":{"@id":"https:\/\/www.bellunopress.it\/2017\/03\/24\/bisato-incontra-gli-agricoltori-bellunesi-il-candidato-del-pd-a-confronto-con-gli-addetti-ai-lavori-ad-agrimont\/#primaryimage"},"thumbnailUrl":"http:\/\/www.bellunopress.it\/wp-content\/uploads\/2013\/01\/roger-de-menech.jpg","datePublished":"2017-03-24T20:00:02+00:00","breadcrumb":{"@id":"https:\/\/www.bellunopress.it\/2017\/03\/24\/bisato-incontra-gli-agricoltori-bellunesi-il-candidato-del-pd-a-confronto-con-gli-addetti-ai-lavori-ad-agrimont\/#breadcrumb"},"inLanguage":"fr-FR","potentialAction":[{"@type":"ReadAction","target":["https:\/\/www.bellunopress.it\/2017\/03\/24\/bisato-incontra-gli-agricoltori-bellunesi-il-candidato-del-pd-a-confronto-con-gli-addetti-ai-lavori-ad-agrimont\/"]}]},{"@type":"ImageObject","inLanguage":"fr-FR","@id":"https:\/\/www.bellunopress.it\/2017\/03\/24\/bisato-incontra-gli-agricoltori-bellunesi-il-candidato-del-pd-a-confronto-con-gli-addetti-ai-lavori-ad-agrimont\/#primaryimage","url":"http:\/\/www.bellunopress.it\/wp-content\/uploads\/2013\/01\/roger-de-menech.jpg","contentUrl":"http:\/\/www.bellunopress.it\/wp-content\/uploads\/2013\/01\/roger-de-menech.jpg"},{"@type":"BreadcrumbList","@id":"https:\/\/www.bellunopress.it\/2017\/03\/24\/bisato-incontra-gli-agricoltori-bellunesi-il-candidato-del-pd-a-confronto-con-gli-addetti-ai-lavori-ad-agrimont\/#breadcrumb","itemListElement":[{"@type":"ListItem","position":1,"name":"Home","item":"https:\/\/www.bellunopress.it\/"},{"@type":"ListItem","position":2,"name":"Bisato incontra gli agricoltori bellunesi.\u00a0Il candidato del Pd a confronto con gli addetti ai lavori ad Agrimont"}]},{"@type":"WebSite","@id":"https:\/\/www.bellunopress.it\/#website","url":"https:\/\/www.bellunopress.it\/","name":"Bellunopress - Dolomiti","description":"e-mail: redazione@bellunopress.it","publisher":{"@id":"https:\/\/www.bellunopress.it\/#organization"},"potentialAction":[{"@type":"SearchAction","target":{"@type":"EntryPoint","urlTemplate":"https:\/\/www.bellunopress.it\/?s={search_term_string}"},"query-input":{"@type":"PropertyValueSpecification","valueRequired":true,"valueName":"search_term_string"}}],"inLanguage":"fr-FR"},{"@type":"Organization","@id":"https:\/\/www.bellunopress.it\/#organization","name":"Bellunopress","url":"https:\/\/www.bellunopress.it\/","logo":{"@type":"ImageObject","inLanguage":"fr-FR","@id":"https:\/\/www.bellunopress.it\/#\/schema\/logo\/image\/","url":"https:\/\/www.bellunopress.it\/wp-content\/uploads\/2011\/05\/cropped-logo-bellunopress-.jpg","contentUrl":"https:\/\/www.bellunopress.it\/wp-content\/uploads\/2011\/05\/cropped-logo-bellunopress-.jpg","width":512,"height":512,"caption":"Bellunopress"},"image":{"@id":"https:\/\/www.bellunopress.it\/#\/schema\/logo\/image\/"},"sameAs":["https:\/\/www.facebook.com\/profile.php?id=100008943462799","https:\/\/x.com\/bellunopress","https:\/\/www.linkedin.com\/hp\/?dnr=JBzUWaJfMUw8vbXJJ2tVW5-I3jZKvC4wsoxE&amp;amp;amp;amp;amp;amp;trk=nav_responsive_tab_home","https:\/\/www.youtube.com\/channel\/UCxL0wu1uN0_3_7hGG0306cw"]},{"@type":"Person","@id":"https:\/\/www.bellunopress.it\/#\/schema\/person\/79bb06722b37ece1c03d3e94beb30d73","name":"r\u00e9daction","image":{"@type":"ImageObject","inLanguage":"fr-FR","@id":"https:\/\/secure.gravatar.com\/avatar\/37d968a2e67a6fd04c169c4bdef102d0bc5d31b2546345219e348575eb80e9a0?s=96&d=mm&r=g","url":"https:\/\/secure.gravatar.com\/avatar\/37d968a2e67a6fd04c169c4bdef102d0bc5d31b2546345219e348575eb80e9a0?s=96&d=mm&r=g","contentUrl":"https:\/\/secure.gravatar.com\/avatar\/37d968a2e67a6fd04c169c4bdef102d0bc5d31b2546345219e348575eb80e9a0?s=96&d=mm&r=g","caption":"redazione"},"sameAs":["http:\/\/www.bellunopress.it","https:\/\/x.com\/bellunopress"],"url":"https:\/\/www.bellunopress.it\/fr\/author\/redazione\/"}]}},"_links":{"self":[{"href":"https:\/\/www.bellunopress.it\/fr\/wp-json\/wp\/v2\/posts\/85332","targetHints":{"allow":["GET"]}}],"collection":[{"href":"https:\/\/www.bellunopress.it\/fr\/wp-json\/wp\/v2\/posts"}],"about":[{"href":"https:\/\/www.bellunopress.it\/fr\/wp-json\/wp\/v2\/types\/post"}],"author":[{"embeddable":true,"href":"https:\/\/www.bellunopress.it\/fr\/wp-json\/wp\/v2\/users\/2"}],"replies":[{"embeddable":true,"href":"https:\/\/www.bellunopress.it\/fr\/wp-json\/wp\/v2\/comments?post=85332"}],"version-history":[{"count":1,"href":"https:\/\/www.bellunopress.it\/fr\/wp-json\/wp\/v2\/posts\/85332\/revisions"}],"predecessor-version":[{"id":85333,"href":"https:\/\/www.bellunopress.it\/fr\/wp-json\/wp\/v2\/posts\/85332\/revisions\/85333"}],"wp:attachment":[{"href":"https:\/\/www.bellunopress.it\/fr\/wp-json\/wp\/v2\/media?parent=85332"}],"wp:term":[{"taxonomy":"category","embeddable":true,"href":"https:\/\/www.bellunopress.it\/fr\/wp-json\/wp\/v2\/categories?post=85332"},{"taxonomy":"post_tag","embeddable":true,"href":"https:\/\/www.bellunopress.it\/fr\/wp-json\/wp\/v2\/tags?post=85332"}],"curies":[{"name":"wp","href":"https:\/\/api.w.org\/{rel}","templated":true}]}}