{"id":85320,"date":"2017-03-23T20:27:15","date_gmt":"2017-03-23T19:27:15","guid":{"rendered":"http:\/\/www.bellunopress.it\/?p=85320"},"modified":"2017-03-23T20:27:15","modified_gmt":"2017-03-23T19:27:15","slug":"pigiami-domenica-al-comunale-di-belluno-lo-spettacolo-cult-della-comicita-per-un-arrivederci-a-comincio-dai-3","status":"publish","type":"post","link":"https:\/\/www.bellunopress.it\/fr\/2017\/03\/23\/pigiami-domenica-al-comunale-di-belluno-lo-spettacolo-cult-della-comicita-per-un-arrivederci-a-comincio-dai-3\/","title":{"rendered":"Pigiami. Domenica al Comunale di Belluno lo spettacolo cult della comicit\u00e0 per un arrivederci a Comincio dai 3"},"content":{"rendered":"<p>Trent&#8217;anni di vita e oltre mille600 repliche in Italia, Francia, Gran Bretagna, Spagna, Stati Uniti, Canada, Croazia e Belgio. A grande richiesta torna domenica 26 marzo alle ore 17:00 al Teatro Comunale di Belluno, per la stagione Comincio dai 3, realizzata da Tib Teatro per la direzione artistica di Daniela Nicosia, lo spettacolo Pigiami, cult della comicit\u00e0 per tutte le et\u00e0!<\/p>\n<p><a href=\"http:\/\/www.bellunopress.it\/wp-content\/uploads\/2011\/12\/teatro-comunale-notte1.jpg\"><img loading=\"lazy\" decoding=\"async\" class=\"alignleft size-full wp-image-33600\" src=\"http:\/\/www.bellunopress.it\/wp-content\/uploads\/2011\/12\/teatro-comunale-notte1.jpg\" alt=\"\" width=\"290\" height=\"193\" \/><\/a>Nato quale spettacolo per i pi\u00f9 piccoli a partire dai tre anni, \u00e8 stato rappresentato con successo nei teatri europei ed extraeuropei per adulti e ragazzi divertendo pi\u00f9 generazioni di spettatori di diverse nazionalit\u00e0, perch\u00e9 il gioco del \u201cfacciamo che io ero\u201d, il divertimento, il ritmo proprio della comicit\u00e0 non hanno et\u00e0, n\u00e9 nazionalit\u00e0. Il riscontro europeo dello spettacolo \u00e8 testimoniato da titoli quali \u201cPigiami, la nuit de toutes les folies\u201d, \u201c Actors in Pyjamas tell bedtime story\u201d, \u201cPijamas es un clasico del teatro infantil\u201d e da una corposa rassegna stampa (da \u201cEl Pais\u201d all\u2019 \u201cEdinburgh Evening News\u201d) che attesta l\u2019alta considerazione riservata in Europa al teatro per i pi\u00f9 piccoli, recensito e seguito quanto quello per adulti. Un classico del teatro per i giovani questo spettacolo che prosegue la sua avventura da un trentennio con la medesima carica di energia scenica e innovazione teatrale grazie alla freschezza e all\u2019attualit\u00e0 del suo linguaggio, che si dispiega in un simpatico impianto scenico. Ci ritroviamo cos\u00ec nella stanza da letto di un adulto che, nella quiete della sera, scopre il piacere di tornare bambino. Un letto, una sedia, un pigiama, vestiti, scarpe e un attaccapanni bastano a liberare la fantasia di chi si ritrova solo a giocare con s\u00e9 stesso, in una sorta di zona franca dell\u2019anima in cui si pu\u00f2 prescindere dalle responsabilit\u00e0 dell\u2019et\u00e0 adulta. A un certo punto nella stanza giunge uno sconosciuto. I due, prima con cautela, poi sempre pi\u00f9 affiatati, entrano l\u2019uno nel gioco dell\u2019altro: le idee e le azioni si incontrano e si scontrano rapidamente. Curiosit\u00e0, reciproci dispetti, complicit\u00e0 si alternano in una girandola esilarante che ha il colore e la tenerezza di una amicizia nascente. La fantasia, segno determinante dell\u2019incalzante azione scenica, coinvolge il pubblico nel dinamismo della comicit\u00e0 e dell\u2019improvvisazione mentre gli oggetti prendono vita, diventando compagni di gioco e proiezione dei sentimenti dei due protagonisti.<br \/>\nLo spettacolo, pluripremiato nel corso della sua lunga vita, Giffoni Film Festival 2003, Gran Premio per la miglior rappresentazione teatrale, Premio Eti Stregagatto, Roma 2004, Miglior Spettacolo di repertorio, Premio M. Signorelli, Roma 2007, Premio della giuria dei bambini, Premio Luglio Bambino Campi Bisenzio (FI) 2008, Premio della giuria dei bambini, \u00e8 firmato da tre artisti che hanno segnato la storia e l\u2019esordio del teatro per le nuove generazioni in Italia: Nino D\u2019Introna, Graziano Melano, Giacomo Ravicchio. In scena i bravissimi Pasquale Buonarota, Alessandro Pisci. Scene e costumi Fran\u00e7ois Chanal.<br \/>\nLa stagione Comincio dai 3, che fa parte dell\u2019esteso progetto di educazione teatrale proposto da ventiquattro anni da Tib Teatro per le scuole e le famiglie, \u00e8 realizzata in collaborazione con Fondazione Teatri delle Dolomiti e Comune di Belluno, con il sostegno di Fondazione Cariverona, del Mibact e la partnership di Ascotrade, AICS per la cultura, Rete Eventi Provincia di Belluno, con il patrocinio del Miur-Ufficio Scolastico Regionale e della Regione del Veneto.<\/p>\n<p><strong>PRENOTAZIONI BIGLIETTI<\/strong><br \/>\nTIB TEATRO allo 0437 950555 e 334 6620926 ore 10-13 e 15-18.<br \/>\nBIGLIETTERIA TEATRO COMUNALE: DOMENICA DALLE 11 ALLE 13 E DALLE 15 IN POI \u2013 tel. 0437 940349<\/p>","protected":false},"excerpt":{"rendered":"<p>Trent&#8217;anni di vita e oltre mille600 repliche in Italia, Francia, Gran Bretagna, Spagna, Stati Uniti, Canada, Croazia e Belgio. A grande richiesta torna domenica 26 marzo alle ore 17:00 al Teatro Comunale di Belluno, per la stagione Comincio dai 3, realizzata da Tib Teatro per la direzione artistica di Daniela Nicosia, lo spettacolo Pigiami, cult [&hellip;]<\/p>\n","protected":false},"author":2,"featured_media":0,"comment_status":"closed","ping_status":"open","sticky":false,"template":"","format":"standard","meta":{"footnotes":""},"categories":[27,3,25],"tags":[],"class_list":["post-85320","post","type-post","status-publish","format-standard","category-appuntamenti","category-arte-cultura-spettacoli-scienza-archivi","category-pausa-caffe"],"yoast_head":"<!-- This site is optimized with the Yoast SEO plugin v28.4 - https:\/\/yoast.com\/product\/yoast-seo-wordpress\/ -->\n<title>Pigiami. Domenica al Comunale di Belluno lo spettacolo cult della comicit\u00e0 per un arrivederci a Comincio dai 3 - Bellunopress - Dolomiti<\/title>\n<meta name=\"robots\" content=\"index, follow, max-snippet:-1, max-image-preview:large, max-video-preview:-1\" \/>\n<link rel=\"canonical\" href=\"https:\/\/www.bellunopress.it\/fr\/2017\/03\/23\/pigiami-domenica-al-comunale-di-belluno-lo-spettacolo-cult-della-comicita-per-un-arrivederci-a-comincio-dai-3\/\" \/>\n<meta property=\"og:locale\" content=\"fr_FR\" \/>\n<meta property=\"og:type\" content=\"article\" \/>\n<meta property=\"og:title\" content=\"Pigiami. Domenica al Comunale di Belluno lo spettacolo cult della comicit\u00e0 per un arrivederci a Comincio dai 3 - Bellunopress - Dolomiti\" \/>\n<meta property=\"og:description\" content=\"Trent&#8217;anni di vita e oltre mille600 repliche in Italia, Francia, Gran Bretagna, Spagna, Stati Uniti, Canada, Croazia e Belgio. A grande richiesta torna domenica 26 marzo alle ore 17:00 al Teatro Comunale di Belluno, per la stagione Comincio dai 3, realizzata da Tib Teatro per la direzione artistica di Daniela Nicosia, lo spettacolo Pigiami, cult [&hellip;]\" \/>\n<meta property=\"og:url\" content=\"https:\/\/www.bellunopress.it\/fr\/2017\/03\/23\/pigiami-domenica-al-comunale-di-belluno-lo-spettacolo-cult-della-comicita-per-un-arrivederci-a-comincio-dai-3\/\" \/>\n<meta property=\"og:site_name\" content=\"Bellunopress - Dolomiti\" \/>\n<meta property=\"article:publisher\" content=\"https:\/\/www.facebook.com\/profile.php?id=100008943462799\" \/>\n<meta property=\"article:published_time\" content=\"2017-03-23T19:27:15+00:00\" \/>\n<meta property=\"og:image\" content=\"http:\/\/www.bellunopress.it\/wp-content\/uploads\/2011\/12\/teatro-comunale-notte1.jpg\" \/>\n<meta name=\"author\" content=\"redazione\" \/>\n<meta name=\"twitter:card\" content=\"summary_large_image\" \/>\n<meta name=\"twitter:creator\" content=\"@bellunopress\" \/>\n<meta name=\"twitter:site\" content=\"@bellunopress\" \/>\n<meta name=\"twitter:label1\" content=\"Written by\" \/>\n\t<meta name=\"twitter:data1\" content=\"redazione\" \/>\n\t<meta name=\"twitter:label2\" content=\"Est. reading time\" \/>\n\t<meta name=\"twitter:data2\" content=\"3 minutes\" \/>\n<script type=\"application\/ld+json\" class=\"yoast-schema-graph\">{\"@context\":\"https:\\\/\\\/schema.org\",\"@graph\":[{\"@type\":\"Article\",\"@id\":\"https:\\\/\\\/www.bellunopress.it\\\/2017\\\/03\\\/23\\\/pigiami-domenica-al-comunale-di-belluno-lo-spettacolo-cult-della-comicita-per-un-arrivederci-a-comincio-dai-3\\\/#article\",\"isPartOf\":{\"@id\":\"https:\\\/\\\/www.bellunopress.it\\\/2017\\\/03\\\/23\\\/pigiami-domenica-al-comunale-di-belluno-lo-spettacolo-cult-della-comicita-per-un-arrivederci-a-comincio-dai-3\\\/\"},\"author\":{\"name\":\"redazione\",\"@id\":\"https:\\\/\\\/www.bellunopress.it\\\/#\\\/schema\\\/person\\\/79bb06722b37ece1c03d3e94beb30d73\"},\"headline\":\"Pigiami. Domenica al Comunale di Belluno lo spettacolo cult della comicit\u00e0 per un arrivederci a Comincio dai 3\",\"datePublished\":\"2017-03-23T19:27:15+00:00\",\"mainEntityOfPage\":{\"@id\":\"https:\\\/\\\/www.bellunopress.it\\\/2017\\\/03\\\/23\\\/pigiami-domenica-al-comunale-di-belluno-lo-spettacolo-cult-della-comicita-per-un-arrivederci-a-comincio-dai-3\\\/\"},\"wordCount\":573,\"publisher\":{\"@id\":\"https:\\\/\\\/www.bellunopress.it\\\/#organization\"},\"image\":{\"@id\":\"https:\\\/\\\/www.bellunopress.it\\\/2017\\\/03\\\/23\\\/pigiami-domenica-al-comunale-di-belluno-lo-spettacolo-cult-della-comicita-per-un-arrivederci-a-comincio-dai-3\\\/#primaryimage\"},\"thumbnailUrl\":\"http:\\\/\\\/www.bellunopress.it\\\/wp-content\\\/uploads\\\/2011\\\/12\\\/teatro-comunale-notte1.jpg\",\"articleSection\":[\"Appuntamenti, Eventi\",\"Arte, Cultura, Spettacoli, Scienza\",\"Pausa Caff\u00e8\"],\"inLanguage\":\"fr-FR\"},{\"@type\":\"WebPage\",\"@id\":\"https:\\\/\\\/www.bellunopress.it\\\/2017\\\/03\\\/23\\\/pigiami-domenica-al-comunale-di-belluno-lo-spettacolo-cult-della-comicita-per-un-arrivederci-a-comincio-dai-3\\\/\",\"url\":\"https:\\\/\\\/www.bellunopress.it\\\/2017\\\/03\\\/23\\\/pigiami-domenica-al-comunale-di-belluno-lo-spettacolo-cult-della-comicita-per-un-arrivederci-a-comincio-dai-3\\\/\",\"name\":\"Pigiami. Domenica al Comunale di Belluno lo spettacolo cult della comicit\u00e0 per un arrivederci a Comincio dai 3 - Bellunopress - Dolomiti\",\"isPartOf\":{\"@id\":\"https:\\\/\\\/www.bellunopress.it\\\/#website\"},\"primaryImageOfPage\":{\"@id\":\"https:\\\/\\\/www.bellunopress.it\\\/2017\\\/03\\\/23\\\/pigiami-domenica-al-comunale-di-belluno-lo-spettacolo-cult-della-comicita-per-un-arrivederci-a-comincio-dai-3\\\/#primaryimage\"},\"image\":{\"@id\":\"https:\\\/\\\/www.bellunopress.it\\\/2017\\\/03\\\/23\\\/pigiami-domenica-al-comunale-di-belluno-lo-spettacolo-cult-della-comicita-per-un-arrivederci-a-comincio-dai-3\\\/#primaryimage\"},\"thumbnailUrl\":\"http:\\\/\\\/www.bellunopress.it\\\/wp-content\\\/uploads\\\/2011\\\/12\\\/teatro-comunale-notte1.jpg\",\"datePublished\":\"2017-03-23T19:27:15+00:00\",\"breadcrumb\":{\"@id\":\"https:\\\/\\\/www.bellunopress.it\\\/2017\\\/03\\\/23\\\/pigiami-domenica-al-comunale-di-belluno-lo-spettacolo-cult-della-comicita-per-un-arrivederci-a-comincio-dai-3\\\/#breadcrumb\"},\"inLanguage\":\"fr-FR\",\"potentialAction\":[{\"@type\":\"ReadAction\",\"target\":[\"https:\\\/\\\/www.bellunopress.it\\\/2017\\\/03\\\/23\\\/pigiami-domenica-al-comunale-di-belluno-lo-spettacolo-cult-della-comicita-per-un-arrivederci-a-comincio-dai-3\\\/\"]}]},{\"@type\":\"ImageObject\",\"inLanguage\":\"fr-FR\",\"@id\":\"https:\\\/\\\/www.bellunopress.it\\\/2017\\\/03\\\/23\\\/pigiami-domenica-al-comunale-di-belluno-lo-spettacolo-cult-della-comicita-per-un-arrivederci-a-comincio-dai-3\\\/#primaryimage\",\"url\":\"http:\\\/\\\/www.bellunopress.it\\\/wp-content\\\/uploads\\\/2011\\\/12\\\/teatro-comunale-notte1.jpg\",\"contentUrl\":\"http:\\\/\\\/www.bellunopress.it\\\/wp-content\\\/uploads\\\/2011\\\/12\\\/teatro-comunale-notte1.jpg\"},{\"@type\":\"BreadcrumbList\",\"@id\":\"https:\\\/\\\/www.bellunopress.it\\\/2017\\\/03\\\/23\\\/pigiami-domenica-al-comunale-di-belluno-lo-spettacolo-cult-della-comicita-per-un-arrivederci-a-comincio-dai-3\\\/#breadcrumb\",\"itemListElement\":[{\"@type\":\"ListItem\",\"position\":1,\"name\":\"Home\",\"item\":\"https:\\\/\\\/www.bellunopress.it\\\/\"},{\"@type\":\"ListItem\",\"position\":2,\"name\":\"Pigiami. Domenica al Comunale di Belluno lo spettacolo cult della comicit\u00e0 per un arrivederci a Comincio dai 3\"}]},{\"@type\":\"WebSite\",\"@id\":\"https:\\\/\\\/www.bellunopress.it\\\/#website\",\"url\":\"https:\\\/\\\/www.bellunopress.it\\\/\",\"name\":\"Bellunopress - Dolomiti\",\"description\":\"e-mail: redazione@bellunopress.it\",\"publisher\":{\"@id\":\"https:\\\/\\\/www.bellunopress.it\\\/#organization\"},\"potentialAction\":[{\"@type\":\"SearchAction\",\"target\":{\"@type\":\"EntryPoint\",\"urlTemplate\":\"https:\\\/\\\/www.bellunopress.it\\\/?s={search_term_string}\"},\"query-input\":{\"@type\":\"PropertyValueSpecification\",\"valueRequired\":true,\"valueName\":\"search_term_string\"}}],\"inLanguage\":\"fr-FR\"},{\"@type\":\"Organization\",\"@id\":\"https:\\\/\\\/www.bellunopress.it\\\/#organization\",\"name\":\"Bellunopress\",\"url\":\"https:\\\/\\\/www.bellunopress.it\\\/\",\"logo\":{\"@type\":\"ImageObject\",\"inLanguage\":\"fr-FR\",\"@id\":\"https:\\\/\\\/www.bellunopress.it\\\/#\\\/schema\\\/logo\\\/image\\\/\",\"url\":\"https:\\\/\\\/www.bellunopress.it\\\/wp-content\\\/uploads\\\/2011\\\/05\\\/cropped-logo-bellunopress-.jpg\",\"contentUrl\":\"https:\\\/\\\/www.bellunopress.it\\\/wp-content\\\/uploads\\\/2011\\\/05\\\/cropped-logo-bellunopress-.jpg\",\"width\":512,\"height\":512,\"caption\":\"Bellunopress\"},\"image\":{\"@id\":\"https:\\\/\\\/www.bellunopress.it\\\/#\\\/schema\\\/logo\\\/image\\\/\"},\"sameAs\":[\"https:\\\/\\\/www.facebook.com\\\/profile.php?id=100008943462799\",\"https:\\\/\\\/x.com\\\/bellunopress\",\"https:\\\/\\\/www.linkedin.com\\\/hp\\\/?dnr=JBzUWaJfMUw8vbXJJ2tVW5-I3jZKvC4wsoxE&amp;amp;amp;amp;amp;amp;trk=nav_responsive_tab_home\",\"https:\\\/\\\/www.youtube.com\\\/channel\\\/UCxL0wu1uN0_3_7hGG0306cw\"]},{\"@type\":\"Person\",\"@id\":\"https:\\\/\\\/www.bellunopress.it\\\/#\\\/schema\\\/person\\\/79bb06722b37ece1c03d3e94beb30d73\",\"name\":\"redazione\",\"image\":{\"@type\":\"ImageObject\",\"inLanguage\":\"fr-FR\",\"@id\":\"https:\\\/\\\/secure.gravatar.com\\\/avatar\\\/37d968a2e67a6fd04c169c4bdef102d0bc5d31b2546345219e348575eb80e9a0?s=96&d=mm&r=g\",\"url\":\"https:\\\/\\\/secure.gravatar.com\\\/avatar\\\/37d968a2e67a6fd04c169c4bdef102d0bc5d31b2546345219e348575eb80e9a0?s=96&d=mm&r=g\",\"contentUrl\":\"https:\\\/\\\/secure.gravatar.com\\\/avatar\\\/37d968a2e67a6fd04c169c4bdef102d0bc5d31b2546345219e348575eb80e9a0?s=96&d=mm&r=g\",\"caption\":\"redazione\"},\"sameAs\":[\"http:\\\/\\\/www.bellunopress.it\",\"https:\\\/\\\/x.com\\\/bellunopress\"],\"url\":\"https:\\\/\\\/www.bellunopress.it\\\/fr\\\/author\\\/redazione\\\/\"}]}<\/script>\n<!-- \/ Yoast SEO plugin. -->","yoast_head_json":{"title":"Pigiami. Domenica al Comunale di Belluno lo spettacolo cult della comicit\u00e0 per un arrivederci a Comincio dai 3 - Bellunopress - Dolomiti","robots":{"index":"index","follow":"follow","max-snippet":"max-snippet:-1","max-image-preview":"max-image-preview:large","max-video-preview":"max-video-preview:-1"},"canonical":"https:\/\/www.bellunopress.it\/fr\/2017\/03\/23\/pigiami-domenica-al-comunale-di-belluno-lo-spettacolo-cult-della-comicita-per-un-arrivederci-a-comincio-dai-3\/","og_locale":"fr_FR","og_type":"article","og_title":"Pigiami. Domenica al Comunale di Belluno lo spettacolo cult della comicit\u00e0 per un arrivederci a Comincio dai 3 - Bellunopress - Dolomiti","og_description":"Trent&#8217;anni di vita e oltre mille600 repliche in Italia, Francia, Gran Bretagna, Spagna, Stati Uniti, Canada, Croazia e Belgio. A grande richiesta torna domenica 26 marzo alle ore 17:00 al Teatro Comunale di Belluno, per la stagione Comincio dai 3, realizzata da Tib Teatro per la direzione artistica di Daniela Nicosia, lo spettacolo Pigiami, cult [&hellip;]","og_url":"https:\/\/www.bellunopress.it\/fr\/2017\/03\/23\/pigiami-domenica-al-comunale-di-belluno-lo-spettacolo-cult-della-comicita-per-un-arrivederci-a-comincio-dai-3\/","og_site_name":"Bellunopress - Dolomiti","article_publisher":"https:\/\/www.facebook.com\/profile.php?id=100008943462799","article_published_time":"2017-03-23T19:27:15+00:00","og_image":[{"url":"http:\/\/www.bellunopress.it\/wp-content\/uploads\/2011\/12\/teatro-comunale-notte1.jpg","type":"","width":"","height":""}],"author":"redazione","twitter_card":"summary_large_image","twitter_creator":"@bellunopress","twitter_site":"@bellunopress","twitter_misc":{"Written by":"redazione","Est. reading time":"3 minutes"},"schema":{"@context":"https:\/\/schema.org","@graph":[{"@type":"Article","@id":"https:\/\/www.bellunopress.it\/2017\/03\/23\/pigiami-domenica-al-comunale-di-belluno-lo-spettacolo-cult-della-comicita-per-un-arrivederci-a-comincio-dai-3\/#article","isPartOf":{"@id":"https:\/\/www.bellunopress.it\/2017\/03\/23\/pigiami-domenica-al-comunale-di-belluno-lo-spettacolo-cult-della-comicita-per-un-arrivederci-a-comincio-dai-3\/"},"author":{"name":"redazione","@id":"https:\/\/www.bellunopress.it\/#\/schema\/person\/79bb06722b37ece1c03d3e94beb30d73"},"headline":"Pigiami. Domenica al Comunale di Belluno lo spettacolo cult della comicit\u00e0 per un arrivederci a Comincio dai 3","datePublished":"2017-03-23T19:27:15+00:00","mainEntityOfPage":{"@id":"https:\/\/www.bellunopress.it\/2017\/03\/23\/pigiami-domenica-al-comunale-di-belluno-lo-spettacolo-cult-della-comicita-per-un-arrivederci-a-comincio-dai-3\/"},"wordCount":573,"publisher":{"@id":"https:\/\/www.bellunopress.it\/#organization"},"image":{"@id":"https:\/\/www.bellunopress.it\/2017\/03\/23\/pigiami-domenica-al-comunale-di-belluno-lo-spettacolo-cult-della-comicita-per-un-arrivederci-a-comincio-dai-3\/#primaryimage"},"thumbnailUrl":"http:\/\/www.bellunopress.it\/wp-content\/uploads\/2011\/12\/teatro-comunale-notte1.jpg","articleSection":["Appuntamenti, Eventi","Arte, Cultura, Spettacoli, Scienza","Pausa Caff\u00e8"],"inLanguage":"fr-FR"},{"@type":"WebPage","@id":"https:\/\/www.bellunopress.it\/2017\/03\/23\/pigiami-domenica-al-comunale-di-belluno-lo-spettacolo-cult-della-comicita-per-un-arrivederci-a-comincio-dai-3\/","url":"https:\/\/www.bellunopress.it\/2017\/03\/23\/pigiami-domenica-al-comunale-di-belluno-lo-spettacolo-cult-della-comicita-per-un-arrivederci-a-comincio-dai-3\/","name":"Pigiami. Domenica al Comunale di Belluno lo spettacolo cult della comicit\u00e0 per un arrivederci a Comincio dai 3 - Bellunopress - Dolomiti","isPartOf":{"@id":"https:\/\/www.bellunopress.it\/#website"},"primaryImageOfPage":{"@id":"https:\/\/www.bellunopress.it\/2017\/03\/23\/pigiami-domenica-al-comunale-di-belluno-lo-spettacolo-cult-della-comicita-per-un-arrivederci-a-comincio-dai-3\/#primaryimage"},"image":{"@id":"https:\/\/www.bellunopress.it\/2017\/03\/23\/pigiami-domenica-al-comunale-di-belluno-lo-spettacolo-cult-della-comicita-per-un-arrivederci-a-comincio-dai-3\/#primaryimage"},"thumbnailUrl":"http:\/\/www.bellunopress.it\/wp-content\/uploads\/2011\/12\/teatro-comunale-notte1.jpg","datePublished":"2017-03-23T19:27:15+00:00","breadcrumb":{"@id":"https:\/\/www.bellunopress.it\/2017\/03\/23\/pigiami-domenica-al-comunale-di-belluno-lo-spettacolo-cult-della-comicita-per-un-arrivederci-a-comincio-dai-3\/#breadcrumb"},"inLanguage":"fr-FR","potentialAction":[{"@type":"ReadAction","target":["https:\/\/www.bellunopress.it\/2017\/03\/23\/pigiami-domenica-al-comunale-di-belluno-lo-spettacolo-cult-della-comicita-per-un-arrivederci-a-comincio-dai-3\/"]}]},{"@type":"ImageObject","inLanguage":"fr-FR","@id":"https:\/\/www.bellunopress.it\/2017\/03\/23\/pigiami-domenica-al-comunale-di-belluno-lo-spettacolo-cult-della-comicita-per-un-arrivederci-a-comincio-dai-3\/#primaryimage","url":"http:\/\/www.bellunopress.it\/wp-content\/uploads\/2011\/12\/teatro-comunale-notte1.jpg","contentUrl":"http:\/\/www.bellunopress.it\/wp-content\/uploads\/2011\/12\/teatro-comunale-notte1.jpg"},{"@type":"BreadcrumbList","@id":"https:\/\/www.bellunopress.it\/2017\/03\/23\/pigiami-domenica-al-comunale-di-belluno-lo-spettacolo-cult-della-comicita-per-un-arrivederci-a-comincio-dai-3\/#breadcrumb","itemListElement":[{"@type":"ListItem","position":1,"name":"Home","item":"https:\/\/www.bellunopress.it\/"},{"@type":"ListItem","position":2,"name":"Pigiami. Domenica al Comunale di Belluno lo spettacolo cult della comicit\u00e0 per un arrivederci a Comincio dai 3"}]},{"@type":"WebSite","@id":"https:\/\/www.bellunopress.it\/#website","url":"https:\/\/www.bellunopress.it\/","name":"Bellunopress - Dolomiti","description":"e-mail: redazione@bellunopress.it","publisher":{"@id":"https:\/\/www.bellunopress.it\/#organization"},"potentialAction":[{"@type":"SearchAction","target":{"@type":"EntryPoint","urlTemplate":"https:\/\/www.bellunopress.it\/?s={search_term_string}"},"query-input":{"@type":"PropertyValueSpecification","valueRequired":true,"valueName":"search_term_string"}}],"inLanguage":"fr-FR"},{"@type":"Organization","@id":"https:\/\/www.bellunopress.it\/#organization","name":"Bellunopress","url":"https:\/\/www.bellunopress.it\/","logo":{"@type":"ImageObject","inLanguage":"fr-FR","@id":"https:\/\/www.bellunopress.it\/#\/schema\/logo\/image\/","url":"https:\/\/www.bellunopress.it\/wp-content\/uploads\/2011\/05\/cropped-logo-bellunopress-.jpg","contentUrl":"https:\/\/www.bellunopress.it\/wp-content\/uploads\/2011\/05\/cropped-logo-bellunopress-.jpg","width":512,"height":512,"caption":"Bellunopress"},"image":{"@id":"https:\/\/www.bellunopress.it\/#\/schema\/logo\/image\/"},"sameAs":["https:\/\/www.facebook.com\/profile.php?id=100008943462799","https:\/\/x.com\/bellunopress","https:\/\/www.linkedin.com\/hp\/?dnr=JBzUWaJfMUw8vbXJJ2tVW5-I3jZKvC4wsoxE&amp;amp;amp;amp;amp;amp;trk=nav_responsive_tab_home","https:\/\/www.youtube.com\/channel\/UCxL0wu1uN0_3_7hGG0306cw"]},{"@type":"Person","@id":"https:\/\/www.bellunopress.it\/#\/schema\/person\/79bb06722b37ece1c03d3e94beb30d73","name":"r\u00e9daction","image":{"@type":"ImageObject","inLanguage":"fr-FR","@id":"https:\/\/secure.gravatar.com\/avatar\/37d968a2e67a6fd04c169c4bdef102d0bc5d31b2546345219e348575eb80e9a0?s=96&d=mm&r=g","url":"https:\/\/secure.gravatar.com\/avatar\/37d968a2e67a6fd04c169c4bdef102d0bc5d31b2546345219e348575eb80e9a0?s=96&d=mm&r=g","contentUrl":"https:\/\/secure.gravatar.com\/avatar\/37d968a2e67a6fd04c169c4bdef102d0bc5d31b2546345219e348575eb80e9a0?s=96&d=mm&r=g","caption":"redazione"},"sameAs":["http:\/\/www.bellunopress.it","https:\/\/x.com\/bellunopress"],"url":"https:\/\/www.bellunopress.it\/fr\/author\/redazione\/"}]}},"_links":{"self":[{"href":"https:\/\/www.bellunopress.it\/fr\/wp-json\/wp\/v2\/posts\/85320","targetHints":{"allow":["GET"]}}],"collection":[{"href":"https:\/\/www.bellunopress.it\/fr\/wp-json\/wp\/v2\/posts"}],"about":[{"href":"https:\/\/www.bellunopress.it\/fr\/wp-json\/wp\/v2\/types\/post"}],"author":[{"embeddable":true,"href":"https:\/\/www.bellunopress.it\/fr\/wp-json\/wp\/v2\/users\/2"}],"replies":[{"embeddable":true,"href":"https:\/\/www.bellunopress.it\/fr\/wp-json\/wp\/v2\/comments?post=85320"}],"version-history":[{"count":1,"href":"https:\/\/www.bellunopress.it\/fr\/wp-json\/wp\/v2\/posts\/85320\/revisions"}],"predecessor-version":[{"id":85321,"href":"https:\/\/www.bellunopress.it\/fr\/wp-json\/wp\/v2\/posts\/85320\/revisions\/85321"}],"wp:attachment":[{"href":"https:\/\/www.bellunopress.it\/fr\/wp-json\/wp\/v2\/media?parent=85320"}],"wp:term":[{"taxonomy":"category","embeddable":true,"href":"https:\/\/www.bellunopress.it\/fr\/wp-json\/wp\/v2\/categories?post=85320"},{"taxonomy":"post_tag","embeddable":true,"href":"https:\/\/www.bellunopress.it\/fr\/wp-json\/wp\/v2\/tags?post=85320"}],"curies":[{"name":"wp","href":"https:\/\/api.w.org\/{rel}","templated":true}]}}