{"id":85313,"date":"2017-03-23T20:08:50","date_gmt":"2017-03-23T19:08:50","guid":{"rendered":"http:\/\/www.bellunopress.it\/?p=85313"},"modified":"2017-03-23T20:08:50","modified_gmt":"2017-03-23T19:08:50","slug":"vertice-con-il-consiglio-deuropa-paola-paganin-bard-e-la-prima-volta-che-il-congresso-si-occupa-della-provincia-di-belluno","status":"publish","type":"post","link":"https:\/\/www.bellunopress.it\/fr\/2017\/03\/23\/vertice-con-il-consiglio-deuropa-paola-paganin-bard-e-la-prima-volta-che-il-congresso-si-occupa-della-provincia-di-belluno\/","title":{"rendered":"Vertice con il Consiglio d&#8217;Europa. Paola Paganin (Bard): &#8220;E&#8217; la prima volta che il Congresso si occupa della provincia di Belluno&#8221;"},"content":{"rendered":"<p><a href=\"http:\/\/www.bellunopress.it\/wp-content\/uploads\/2017\/03\/Bard-Buzzo-Cason.png\"><img loading=\"lazy\" decoding=\"async\" class=\"alignleft size-full wp-image-85315\" src=\"http:\/\/www.bellunopress.it\/wp-content\/uploads\/2017\/03\/Bard-Buzzo-Cason.png\" alt=\"\" width=\"400\" height=\"138\" \/><\/a>\u00abIl Congresso dei poteri locali e regionali del Consiglio d&#8217;Europa ha giudicato le nostre istanze forti e pi\u00f9 che fondate, e le deduzioni ineccepibili\u00bb: cos\u00ec i rappresentanti del movimento Belluno Autonoma Regione Dolomiti commentano gli esiti dell&#8217;incontro con i rappresentanti europei.<br \/>\nBuoni segnali lungo un percorso iniziato un anno e mezzo fa, come spiega Paola Paganin, che per prima contatt\u00f2 il Congresso: \u00abScrissi una mail per spiegare la situazione del nostro territorio; il 22 novembre 2015, con Claudia Soppelsa, presentammo un primo report sulla provincia; il documento \u00e8 stato studiato, analizzato, ed il Congresso ha deciso di monitorare la situazione e, dopo il fallimento della riforma costituzionale, ci hanno contattato per fare nuovamente il quadro della situazione. E&#8217; la prima volta che<\/p>\n<figure id=\"attachment_85314\" aria-describedby=\"caption-attachment-85314\" style=\"width: 146px\" class=\"wp-caption alignleft\"><a href=\"http:\/\/www.bellunopress.it\/wp-content\/uploads\/2017\/03\/Paola-Paganin-Bard.jpg\"><img loading=\"lazy\" decoding=\"async\" class=\"size-full wp-image-85314\" src=\"http:\/\/www.bellunopress.it\/wp-content\/uploads\/2017\/03\/Paola-Paganin-Bard.jpg\" alt=\"\" width=\"146\" height=\"200\" \/><\/a><figcaption id=\"caption-attachment-85314\" class=\"wp-caption-text\">Paola Paganin<\/figcaption><\/figure>\n<figure id=\"attachment_85316\" aria-describedby=\"caption-attachment-85316\" style=\"width: 168px\" class=\"wp-caption alignleft\"><a href=\"http:\/\/www.bellunopress.it\/wp-content\/uploads\/2017\/03\/Claudia-Soppelsa-Bard.jpg\"><img loading=\"lazy\" decoding=\"async\" class=\"size-full wp-image-85316\" src=\"http:\/\/www.bellunopress.it\/wp-content\/uploads\/2017\/03\/Claudia-Soppelsa-Bard.jpg\" alt=\"\" width=\"168\" height=\"200\" \/><\/a><figcaption id=\"caption-attachment-85316\" class=\"wp-caption-text\">Claudia Soppelsa<\/figcaption><\/figure>\n<p>il Congresso si occupa della Provincia di Belluno: secondo noi, l&#8217;Italia non sta rispettando la Carta europea delle autonomie locali e anche loro vogliono vederci chiaro\u00bb.<br \/>\nOra la palla \u00e8 in mano al Congresso, che si riunir\u00e0 in seduta plenaria ad ottobre, e da l\u00ec potrebbero uscire novit\u00e0 importanti: \u00abNon \u00e8 un organismo dell&#8217;Unione Europea, ma \u00e8 comunque un organismo internazionale con ruoli di mediazione e conciliazione, con un ruolo di \u201cpressione\u201d e sensibilizzazione politica. &#8211; spiega Claudia Soppelsa, consigliere dell&#8217;assemblea della vallata agordina del Bard e presentatrice del primo report \u2013 Dopo l&#8217;incontro di oggi, i membri stileranno un documento molto approfondito e completo da presentare in plenaria; se sar\u00e0 approvato, sar\u00e0 inviato al Consiglio dei Ministri del Consiglio d&#8217;Europa che potr\u00e0 attivare un tavolo di confronto e di contrattazione con il Governo. Il nostro obbiettivo, cio\u00e8 quello di sensibilizzare su questa tematica le istituzioni anche fuori dal nostro territorio, \u00e8 stato quindi raggiunto\u00bb.<\/p>\n<figure id=\"attachment_85317\" aria-describedby=\"caption-attachment-85317\" style=\"width: 143px\" class=\"wp-caption alignleft\"><a href=\"http:\/\/www.bellunopress.it\/wp-content\/uploads\/2017\/03\/Diego-Cason-Bard.jpg\"><img loading=\"lazy\" decoding=\"async\" class=\"size-full wp-image-85317\" src=\"http:\/\/www.bellunopress.it\/wp-content\/uploads\/2017\/03\/Diego-Cason-Bard.jpg\" alt=\"\" width=\"143\" height=\"200\" \/><\/a><figcaption id=\"caption-attachment-85317\" class=\"wp-caption-text\">Diego Cason<\/figcaption><\/figure>\n<p>A colpire gli esponenti \u2013 un irlandese, un olandese e uno spagnolo -, soprattutto i numeri presentati dal sociologo e componente del consiglio federale Bard Diego Cason: \u00abIl PIL annuale della provincia di Belluno \u00e8 di 5,5 miliardi di euro all&#8217;anno, quello delle province autonome di Trento e Bolzano assieme \u00e8 di circa 39 miliardi. Ma mentre loro godono di 4,6 miliardi di euro in media ciascuna (5,3 Bolzano; 3,9 Trento) per la gestione delle competenze, a Belluno ne restano, e solamente sulla carta, 60 milioni. Gli esponenti del Congresso non si capacitano di come siano state affidati compiti alla Provincia senza garantire le rispettive risorse\u00bb.<br \/>\nC&#8217;\u00e8 poi la questione democratica: \u00abLa legge Delrio \u00e8 ancora in vigore, nonostante fosse una legge provvisoria in attesa del referendum costituzionale, dove questo Governo ha preso una vera bastonata. &#8211; continua Cason \u2013 E&#8217; una legge che va in conflitto con le disposizioni regionali, come lo statuto e la legge 25; inoltre, la Carta europea delle autonomie locali, fatta propria anche dall&#8217;Italia, sottolinea come \u201cconsigli e assemblee siano elette a suffragio libero, segreto, paritario, diretto ed universale\u201d, l&#8217;esatto contrario di quanto prevede la Delrio con questi enti di secondo grado\u00bb.<\/p>\n<figure id=\"attachment_85318\" aria-describedby=\"caption-attachment-85318\" style=\"width: 148px\" class=\"wp-caption alignleft\"><a href=\"http:\/\/www.bellunopress.it\/wp-content\/uploads\/2017\/03\/Alessandra-Buzzo.jpg\"><img loading=\"lazy\" decoding=\"async\" class=\"size-full wp-image-85318\" src=\"http:\/\/www.bellunopress.it\/wp-content\/uploads\/2017\/03\/Alessandra-Buzzo.jpg\" alt=\"\" width=\"148\" height=\"200\" \/><\/a><figcaption id=\"caption-attachment-85318\" class=\"wp-caption-text\">Alessandra Buzzo<\/figcaption><\/figure>\n<p>Esempi e dati che hanno colpito i membri del Congresso: \u00abSui loro volti si poteva leggere l&#8217;incredulit\u00e0. &#8211; commenta la presidente Alessandra Buzzo \u2013 Pi\u00f9 volte abbiamo dovuto ribadire loro i concetti e la situazione, non ci credevano. Ci hanno pure chiesto \u201cavete provato con i referendum per il passaggio di confine verso Trento e Bolzano?\u201d; quando gli abbiamo detto che ne sono stati fatti 15, vinti 7 e nessuno ha avuto ancora risposta sono rimasti sbalorditi\u00bb.<br \/>\nLa ricetta, per cominciare a lenire i problemi del Bellunesi, \u00e8 ormai un mantra per il Bard: \u00abElezione diretta del presidente e dei consiglieri provinciali, \u2013 conclude Cason \u2013 e per la parte economica serve trattenere almeno il 30% delle risorse prodotte. Solo cos\u00ec si pu\u00f2 cominciare a ricostruire un ente e un territorio ridotti in ginocchio\u00bb.<\/p>","protected":false},"excerpt":{"rendered":"<p>\u00abIl Congresso dei poteri locali e regionali del Consiglio d&#8217;Europa ha giudicato le nostre istanze forti e pi\u00f9 che fondate, e le deduzioni ineccepibili\u00bb: cos\u00ec i rappresentanti del movimento Belluno Autonoma Regione Dolomiti commentano gli esiti dell&#8217;incontro con i rappresentanti europei. Buoni segnali lungo un percorso iniziato un anno e mezzo fa, come spiega Paola [&hellip;]<\/p>\n","protected":false},"author":2,"featured_media":0,"comment_status":"closed","ping_status":"open","sticky":false,"template":"","format":"standard","meta":{"footnotes":""},"categories":[5,26],"tags":[],"class_list":["post-85313","post","type-post","status-publish","format-standard","category-cronaca","category-prima-pagina"],"yoast_head":"<!-- This site is optimized with the Yoast SEO plugin v28.4 - https:\/\/yoast.com\/product\/yoast-seo-wordpress\/ -->\n<title>Vertice con il Consiglio d&#039;Europa. Paola Paganin (Bard): &quot;E&#039; la prima volta che il Congresso si occupa della provincia di Belluno&quot; - Bellunopress - Dolomiti<\/title>\n<meta name=\"robots\" content=\"index, follow, max-snippet:-1, max-image-preview:large, max-video-preview:-1\" \/>\n<link rel=\"canonical\" href=\"https:\/\/www.bellunopress.it\/fr\/2017\/03\/23\/vertice-con-il-consiglio-deuropa-paola-paganin-bard-e-la-prima-volta-che-il-congresso-si-occupa-della-provincia-di-belluno\/\" \/>\n<meta property=\"og:locale\" content=\"fr_FR\" \/>\n<meta property=\"og:type\" content=\"article\" \/>\n<meta property=\"og:title\" content=\"Vertice con il Consiglio d&#039;Europa. Paola Paganin (Bard): &quot;E&#039; la prima volta che il Congresso si occupa della provincia di Belluno&quot; - Bellunopress - Dolomiti\" \/>\n<meta property=\"og:description\" content=\"\u00abIl Congresso dei poteri locali e regionali del Consiglio d&#8217;Europa ha giudicato le nostre istanze forti e pi\u00f9 che fondate, e le deduzioni ineccepibili\u00bb: cos\u00ec i rappresentanti del movimento Belluno Autonoma Regione Dolomiti commentano gli esiti dell&#8217;incontro con i rappresentanti europei. Buoni segnali lungo un percorso iniziato un anno e mezzo fa, come spiega Paola [&hellip;]\" \/>\n<meta property=\"og:url\" content=\"https:\/\/www.bellunopress.it\/fr\/2017\/03\/23\/vertice-con-il-consiglio-deuropa-paola-paganin-bard-e-la-prima-volta-che-il-congresso-si-occupa-della-provincia-di-belluno\/\" \/>\n<meta property=\"og:site_name\" content=\"Bellunopress - Dolomiti\" \/>\n<meta property=\"article:publisher\" content=\"https:\/\/www.facebook.com\/profile.php?id=100008943462799\" \/>\n<meta property=\"article:published_time\" content=\"2017-03-23T19:08:50+00:00\" \/>\n<meta property=\"og:image\" content=\"http:\/\/www.bellunopress.it\/wp-content\/uploads\/2017\/03\/Bard-Buzzo-Cason.png\" \/>\n<meta name=\"author\" content=\"redazione\" \/>\n<meta name=\"twitter:card\" content=\"summary_large_image\" \/>\n<meta name=\"twitter:creator\" content=\"@bellunopress\" \/>\n<meta name=\"twitter:site\" content=\"@bellunopress\" \/>\n<meta name=\"twitter:label1\" content=\"\u00c9crit par\" \/>\n\t<meta name=\"twitter:data1\" content=\"redazione\" \/>\n\t<meta name=\"twitter:label2\" content=\"Dur\u00e9e de lecture estim\u00e9e\" \/>\n\t<meta name=\"twitter:data2\" content=\"3 minutes\" \/>\n<script type=\"application\/ld+json\" class=\"yoast-schema-graph\">{\"@context\":\"https:\\\/\\\/schema.org\",\"@graph\":[{\"@type\":\"Article\",\"@id\":\"https:\\\/\\\/www.bellunopress.it\\\/2017\\\/03\\\/23\\\/vertice-con-il-consiglio-deuropa-paola-paganin-bard-e-la-prima-volta-che-il-congresso-si-occupa-della-provincia-di-belluno\\\/#article\",\"isPartOf\":{\"@id\":\"https:\\\/\\\/www.bellunopress.it\\\/2017\\\/03\\\/23\\\/vertice-con-il-consiglio-deuropa-paola-paganin-bard-e-la-prima-volta-che-il-congresso-si-occupa-della-provincia-di-belluno\\\/\"},\"author\":{\"name\":\"redazione\",\"@id\":\"https:\\\/\\\/www.bellunopress.it\\\/#\\\/schema\\\/person\\\/79bb06722b37ece1c03d3e94beb30d73\"},\"headline\":\"Vertice con il Consiglio d&#8217;Europa. Paola Paganin (Bard): &#8220;E&#8217; la prima volta che il Congresso si occupa della provincia di Belluno&#8221;\",\"datePublished\":\"2017-03-23T19:08:50+00:00\",\"mainEntityOfPage\":{\"@id\":\"https:\\\/\\\/www.bellunopress.it\\\/2017\\\/03\\\/23\\\/vertice-con-il-consiglio-deuropa-paola-paganin-bard-e-la-prima-volta-che-il-congresso-si-occupa-della-provincia-di-belluno\\\/\"},\"wordCount\":650,\"publisher\":{\"@id\":\"https:\\\/\\\/www.bellunopress.it\\\/#organization\"},\"image\":{\"@id\":\"https:\\\/\\\/www.bellunopress.it\\\/2017\\\/03\\\/23\\\/vertice-con-il-consiglio-deuropa-paola-paganin-bard-e-la-prima-volta-che-il-congresso-si-occupa-della-provincia-di-belluno\\\/#primaryimage\"},\"thumbnailUrl\":\"http:\\\/\\\/www.bellunopress.it\\\/wp-content\\\/uploads\\\/2017\\\/03\\\/Bard-Buzzo-Cason.png\",\"articleSection\":[\"Cronaca\\\/Politica\",\"Prima Pagina\"],\"inLanguage\":\"fr-FR\"},{\"@type\":\"WebPage\",\"@id\":\"https:\\\/\\\/www.bellunopress.it\\\/2017\\\/03\\\/23\\\/vertice-con-il-consiglio-deuropa-paola-paganin-bard-e-la-prima-volta-che-il-congresso-si-occupa-della-provincia-di-belluno\\\/\",\"url\":\"https:\\\/\\\/www.bellunopress.it\\\/2017\\\/03\\\/23\\\/vertice-con-il-consiglio-deuropa-paola-paganin-bard-e-la-prima-volta-che-il-congresso-si-occupa-della-provincia-di-belluno\\\/\",\"name\":\"Vertice con il Consiglio d'Europa. Paola Paganin (Bard): \\\"E' la prima volta che il Congresso si occupa della provincia di Belluno\\\" - Bellunopress - Dolomiti\",\"isPartOf\":{\"@id\":\"https:\\\/\\\/www.bellunopress.it\\\/#website\"},\"primaryImageOfPage\":{\"@id\":\"https:\\\/\\\/www.bellunopress.it\\\/2017\\\/03\\\/23\\\/vertice-con-il-consiglio-deuropa-paola-paganin-bard-e-la-prima-volta-che-il-congresso-si-occupa-della-provincia-di-belluno\\\/#primaryimage\"},\"image\":{\"@id\":\"https:\\\/\\\/www.bellunopress.it\\\/2017\\\/03\\\/23\\\/vertice-con-il-consiglio-deuropa-paola-paganin-bard-e-la-prima-volta-che-il-congresso-si-occupa-della-provincia-di-belluno\\\/#primaryimage\"},\"thumbnailUrl\":\"http:\\\/\\\/www.bellunopress.it\\\/wp-content\\\/uploads\\\/2017\\\/03\\\/Bard-Buzzo-Cason.png\",\"datePublished\":\"2017-03-23T19:08:50+00:00\",\"breadcrumb\":{\"@id\":\"https:\\\/\\\/www.bellunopress.it\\\/2017\\\/03\\\/23\\\/vertice-con-il-consiglio-deuropa-paola-paganin-bard-e-la-prima-volta-che-il-congresso-si-occupa-della-provincia-di-belluno\\\/#breadcrumb\"},\"inLanguage\":\"fr-FR\",\"potentialAction\":[{\"@type\":\"ReadAction\",\"target\":[\"https:\\\/\\\/www.bellunopress.it\\\/2017\\\/03\\\/23\\\/vertice-con-il-consiglio-deuropa-paola-paganin-bard-e-la-prima-volta-che-il-congresso-si-occupa-della-provincia-di-belluno\\\/\"]}]},{\"@type\":\"ImageObject\",\"inLanguage\":\"fr-FR\",\"@id\":\"https:\\\/\\\/www.bellunopress.it\\\/2017\\\/03\\\/23\\\/vertice-con-il-consiglio-deuropa-paola-paganin-bard-e-la-prima-volta-che-il-congresso-si-occupa-della-provincia-di-belluno\\\/#primaryimage\",\"url\":\"http:\\\/\\\/www.bellunopress.it\\\/wp-content\\\/uploads\\\/2017\\\/03\\\/Bard-Buzzo-Cason.png\",\"contentUrl\":\"http:\\\/\\\/www.bellunopress.it\\\/wp-content\\\/uploads\\\/2017\\\/03\\\/Bard-Buzzo-Cason.png\"},{\"@type\":\"BreadcrumbList\",\"@id\":\"https:\\\/\\\/www.bellunopress.it\\\/2017\\\/03\\\/23\\\/vertice-con-il-consiglio-deuropa-paola-paganin-bard-e-la-prima-volta-che-il-congresso-si-occupa-della-provincia-di-belluno\\\/#breadcrumb\",\"itemListElement\":[{\"@type\":\"ListItem\",\"position\":1,\"name\":\"Home\",\"item\":\"https:\\\/\\\/www.bellunopress.it\\\/\"},{\"@type\":\"ListItem\",\"position\":2,\"name\":\"Vertice con il Consiglio d&#8217;Europa. Paola Paganin (Bard): &#8220;E&#8217; la prima volta che il Congresso si occupa della provincia di Belluno&#8221;\"}]},{\"@type\":\"WebSite\",\"@id\":\"https:\\\/\\\/www.bellunopress.it\\\/#website\",\"url\":\"https:\\\/\\\/www.bellunopress.it\\\/\",\"name\":\"Bellunopress - Dolomiti\",\"description\":\"e-mail: redazione@bellunopress.it\",\"publisher\":{\"@id\":\"https:\\\/\\\/www.bellunopress.it\\\/#organization\"},\"potentialAction\":[{\"@type\":\"SearchAction\",\"target\":{\"@type\":\"EntryPoint\",\"urlTemplate\":\"https:\\\/\\\/www.bellunopress.it\\\/?s={search_term_string}\"},\"query-input\":{\"@type\":\"PropertyValueSpecification\",\"valueRequired\":true,\"valueName\":\"search_term_string\"}}],\"inLanguage\":\"fr-FR\"},{\"@type\":\"Organization\",\"@id\":\"https:\\\/\\\/www.bellunopress.it\\\/#organization\",\"name\":\"Bellunopress\",\"url\":\"https:\\\/\\\/www.bellunopress.it\\\/\",\"logo\":{\"@type\":\"ImageObject\",\"inLanguage\":\"fr-FR\",\"@id\":\"https:\\\/\\\/www.bellunopress.it\\\/#\\\/schema\\\/logo\\\/image\\\/\",\"url\":\"https:\\\/\\\/www.bellunopress.it\\\/wp-content\\\/uploads\\\/2011\\\/05\\\/cropped-logo-bellunopress-.jpg\",\"contentUrl\":\"https:\\\/\\\/www.bellunopress.it\\\/wp-content\\\/uploads\\\/2011\\\/05\\\/cropped-logo-bellunopress-.jpg\",\"width\":512,\"height\":512,\"caption\":\"Bellunopress\"},\"image\":{\"@id\":\"https:\\\/\\\/www.bellunopress.it\\\/#\\\/schema\\\/logo\\\/image\\\/\"},\"sameAs\":[\"https:\\\/\\\/www.facebook.com\\\/profile.php?id=100008943462799\",\"https:\\\/\\\/x.com\\\/bellunopress\",\"https:\\\/\\\/www.linkedin.com\\\/hp\\\/?dnr=JBzUWaJfMUw8vbXJJ2tVW5-I3jZKvC4wsoxE&amp;amp;amp;amp;amp;amp;trk=nav_responsive_tab_home\",\"https:\\\/\\\/www.youtube.com\\\/channel\\\/UCxL0wu1uN0_3_7hGG0306cw\"]},{\"@type\":\"Person\",\"@id\":\"https:\\\/\\\/www.bellunopress.it\\\/#\\\/schema\\\/person\\\/79bb06722b37ece1c03d3e94beb30d73\",\"name\":\"redazione\",\"image\":{\"@type\":\"ImageObject\",\"inLanguage\":\"fr-FR\",\"@id\":\"https:\\\/\\\/secure.gravatar.com\\\/avatar\\\/37d968a2e67a6fd04c169c4bdef102d0bc5d31b2546345219e348575eb80e9a0?s=96&d=mm&r=g\",\"url\":\"https:\\\/\\\/secure.gravatar.com\\\/avatar\\\/37d968a2e67a6fd04c169c4bdef102d0bc5d31b2546345219e348575eb80e9a0?s=96&d=mm&r=g\",\"contentUrl\":\"https:\\\/\\\/secure.gravatar.com\\\/avatar\\\/37d968a2e67a6fd04c169c4bdef102d0bc5d31b2546345219e348575eb80e9a0?s=96&d=mm&r=g\",\"caption\":\"redazione\"},\"sameAs\":[\"http:\\\/\\\/www.bellunopress.it\",\"https:\\\/\\\/x.com\\\/bellunopress\"],\"url\":\"https:\\\/\\\/www.bellunopress.it\\\/fr\\\/author\\\/redazione\\\/\"}]}<\/script>\n<!-- \/ Yoast SEO plugin. -->","yoast_head_json":{"title":"Vertice con il Consiglio d'Europa. Paola Paganin (Bard): \"E' la prima volta che il Congresso si occupa della provincia di Belluno\" - Bellunopress - Dolomiti","robots":{"index":"index","follow":"follow","max-snippet":"max-snippet:-1","max-image-preview":"max-image-preview:large","max-video-preview":"max-video-preview:-1"},"canonical":"https:\/\/www.bellunopress.it\/fr\/2017\/03\/23\/vertice-con-il-consiglio-deuropa-paola-paganin-bard-e-la-prima-volta-che-il-congresso-si-occupa-della-provincia-di-belluno\/","og_locale":"fr_FR","og_type":"article","og_title":"Vertice con il Consiglio d'Europa. Paola Paganin (Bard): \"E' la prima volta che il Congresso si occupa della provincia di Belluno\" - Bellunopress - Dolomiti","og_description":"\u00abIl Congresso dei poteri locali e regionali del Consiglio d&#8217;Europa ha giudicato le nostre istanze forti e pi\u00f9 che fondate, e le deduzioni ineccepibili\u00bb: cos\u00ec i rappresentanti del movimento Belluno Autonoma Regione Dolomiti commentano gli esiti dell&#8217;incontro con i rappresentanti europei. Buoni segnali lungo un percorso iniziato un anno e mezzo fa, come spiega Paola [&hellip;]","og_url":"https:\/\/www.bellunopress.it\/fr\/2017\/03\/23\/vertice-con-il-consiglio-deuropa-paola-paganin-bard-e-la-prima-volta-che-il-congresso-si-occupa-della-provincia-di-belluno\/","og_site_name":"Bellunopress - Dolomiti","article_publisher":"https:\/\/www.facebook.com\/profile.php?id=100008943462799","article_published_time":"2017-03-23T19:08:50+00:00","og_image":[{"url":"http:\/\/www.bellunopress.it\/wp-content\/uploads\/2017\/03\/Bard-Buzzo-Cason.png","type":"","width":"","height":""}],"author":"redazione","twitter_card":"summary_large_image","twitter_creator":"@bellunopress","twitter_site":"@bellunopress","twitter_misc":{"\u00c9crit par":"redazione","Dur\u00e9e de lecture estim\u00e9e":"3 minutes"},"schema":{"@context":"https:\/\/schema.org","@graph":[{"@type":"Article","@id":"https:\/\/www.bellunopress.it\/2017\/03\/23\/vertice-con-il-consiglio-deuropa-paola-paganin-bard-e-la-prima-volta-che-il-congresso-si-occupa-della-provincia-di-belluno\/#article","isPartOf":{"@id":"https:\/\/www.bellunopress.it\/2017\/03\/23\/vertice-con-il-consiglio-deuropa-paola-paganin-bard-e-la-prima-volta-che-il-congresso-si-occupa-della-provincia-di-belluno\/"},"author":{"name":"redazione","@id":"https:\/\/www.bellunopress.it\/#\/schema\/person\/79bb06722b37ece1c03d3e94beb30d73"},"headline":"Vertice con il Consiglio d&#8217;Europa. Paola Paganin (Bard): &#8220;E&#8217; la prima volta che il Congresso si occupa della provincia di Belluno&#8221;","datePublished":"2017-03-23T19:08:50+00:00","mainEntityOfPage":{"@id":"https:\/\/www.bellunopress.it\/2017\/03\/23\/vertice-con-il-consiglio-deuropa-paola-paganin-bard-e-la-prima-volta-che-il-congresso-si-occupa-della-provincia-di-belluno\/"},"wordCount":650,"publisher":{"@id":"https:\/\/www.bellunopress.it\/#organization"},"image":{"@id":"https:\/\/www.bellunopress.it\/2017\/03\/23\/vertice-con-il-consiglio-deuropa-paola-paganin-bard-e-la-prima-volta-che-il-congresso-si-occupa-della-provincia-di-belluno\/#primaryimage"},"thumbnailUrl":"http:\/\/www.bellunopress.it\/wp-content\/uploads\/2017\/03\/Bard-Buzzo-Cason.png","articleSection":["Cronaca\/Politica","Prima Pagina"],"inLanguage":"fr-FR"},{"@type":"WebPage","@id":"https:\/\/www.bellunopress.it\/2017\/03\/23\/vertice-con-il-consiglio-deuropa-paola-paganin-bard-e-la-prima-volta-che-il-congresso-si-occupa-della-provincia-di-belluno\/","url":"https:\/\/www.bellunopress.it\/2017\/03\/23\/vertice-con-il-consiglio-deuropa-paola-paganin-bard-e-la-prima-volta-che-il-congresso-si-occupa-della-provincia-di-belluno\/","name":"Vertice con il Consiglio d'Europa. Paola Paganin (Bard): \"E' la prima volta che il Congresso si occupa della provincia di Belluno\" - Bellunopress - Dolomiti","isPartOf":{"@id":"https:\/\/www.bellunopress.it\/#website"},"primaryImageOfPage":{"@id":"https:\/\/www.bellunopress.it\/2017\/03\/23\/vertice-con-il-consiglio-deuropa-paola-paganin-bard-e-la-prima-volta-che-il-congresso-si-occupa-della-provincia-di-belluno\/#primaryimage"},"image":{"@id":"https:\/\/www.bellunopress.it\/2017\/03\/23\/vertice-con-il-consiglio-deuropa-paola-paganin-bard-e-la-prima-volta-che-il-congresso-si-occupa-della-provincia-di-belluno\/#primaryimage"},"thumbnailUrl":"http:\/\/www.bellunopress.it\/wp-content\/uploads\/2017\/03\/Bard-Buzzo-Cason.png","datePublished":"2017-03-23T19:08:50+00:00","breadcrumb":{"@id":"https:\/\/www.bellunopress.it\/2017\/03\/23\/vertice-con-il-consiglio-deuropa-paola-paganin-bard-e-la-prima-volta-che-il-congresso-si-occupa-della-provincia-di-belluno\/#breadcrumb"},"inLanguage":"fr-FR","potentialAction":[{"@type":"ReadAction","target":["https:\/\/www.bellunopress.it\/2017\/03\/23\/vertice-con-il-consiglio-deuropa-paola-paganin-bard-e-la-prima-volta-che-il-congresso-si-occupa-della-provincia-di-belluno\/"]}]},{"@type":"ImageObject","inLanguage":"fr-FR","@id":"https:\/\/www.bellunopress.it\/2017\/03\/23\/vertice-con-il-consiglio-deuropa-paola-paganin-bard-e-la-prima-volta-che-il-congresso-si-occupa-della-provincia-di-belluno\/#primaryimage","url":"http:\/\/www.bellunopress.it\/wp-content\/uploads\/2017\/03\/Bard-Buzzo-Cason.png","contentUrl":"http:\/\/www.bellunopress.it\/wp-content\/uploads\/2017\/03\/Bard-Buzzo-Cason.png"},{"@type":"BreadcrumbList","@id":"https:\/\/www.bellunopress.it\/2017\/03\/23\/vertice-con-il-consiglio-deuropa-paola-paganin-bard-e-la-prima-volta-che-il-congresso-si-occupa-della-provincia-di-belluno\/#breadcrumb","itemListElement":[{"@type":"ListItem","position":1,"name":"Home","item":"https:\/\/www.bellunopress.it\/"},{"@type":"ListItem","position":2,"name":"Vertice con il Consiglio d&#8217;Europa. Paola Paganin (Bard): &#8220;E&#8217; la prima volta che il Congresso si occupa della provincia di Belluno&#8221;"}]},{"@type":"WebSite","@id":"https:\/\/www.bellunopress.it\/#website","url":"https:\/\/www.bellunopress.it\/","name":"Bellunopress - Dolomiti","description":"e-mail: redazione@bellunopress.it","publisher":{"@id":"https:\/\/www.bellunopress.it\/#organization"},"potentialAction":[{"@type":"SearchAction","target":{"@type":"EntryPoint","urlTemplate":"https:\/\/www.bellunopress.it\/?s={search_term_string}"},"query-input":{"@type":"PropertyValueSpecification","valueRequired":true,"valueName":"search_term_string"}}],"inLanguage":"fr-FR"},{"@type":"Organization","@id":"https:\/\/www.bellunopress.it\/#organization","name":"Bellunopress","url":"https:\/\/www.bellunopress.it\/","logo":{"@type":"ImageObject","inLanguage":"fr-FR","@id":"https:\/\/www.bellunopress.it\/#\/schema\/logo\/image\/","url":"https:\/\/www.bellunopress.it\/wp-content\/uploads\/2011\/05\/cropped-logo-bellunopress-.jpg","contentUrl":"https:\/\/www.bellunopress.it\/wp-content\/uploads\/2011\/05\/cropped-logo-bellunopress-.jpg","width":512,"height":512,"caption":"Bellunopress"},"image":{"@id":"https:\/\/www.bellunopress.it\/#\/schema\/logo\/image\/"},"sameAs":["https:\/\/www.facebook.com\/profile.php?id=100008943462799","https:\/\/x.com\/bellunopress","https:\/\/www.linkedin.com\/hp\/?dnr=JBzUWaJfMUw8vbXJJ2tVW5-I3jZKvC4wsoxE&amp;amp;amp;amp;amp;amp;trk=nav_responsive_tab_home","https:\/\/www.youtube.com\/channel\/UCxL0wu1uN0_3_7hGG0306cw"]},{"@type":"Person","@id":"https:\/\/www.bellunopress.it\/#\/schema\/person\/79bb06722b37ece1c03d3e94beb30d73","name":"r\u00e9daction","image":{"@type":"ImageObject","inLanguage":"fr-FR","@id":"https:\/\/secure.gravatar.com\/avatar\/37d968a2e67a6fd04c169c4bdef102d0bc5d31b2546345219e348575eb80e9a0?s=96&d=mm&r=g","url":"https:\/\/secure.gravatar.com\/avatar\/37d968a2e67a6fd04c169c4bdef102d0bc5d31b2546345219e348575eb80e9a0?s=96&d=mm&r=g","contentUrl":"https:\/\/secure.gravatar.com\/avatar\/37d968a2e67a6fd04c169c4bdef102d0bc5d31b2546345219e348575eb80e9a0?s=96&d=mm&r=g","caption":"redazione"},"sameAs":["http:\/\/www.bellunopress.it","https:\/\/x.com\/bellunopress"],"url":"https:\/\/www.bellunopress.it\/fr\/author\/redazione\/"}]}},"_links":{"self":[{"href":"https:\/\/www.bellunopress.it\/fr\/wp-json\/wp\/v2\/posts\/85313","targetHints":{"allow":["GET"]}}],"collection":[{"href":"https:\/\/www.bellunopress.it\/fr\/wp-json\/wp\/v2\/posts"}],"about":[{"href":"https:\/\/www.bellunopress.it\/fr\/wp-json\/wp\/v2\/types\/post"}],"author":[{"embeddable":true,"href":"https:\/\/www.bellunopress.it\/fr\/wp-json\/wp\/v2\/users\/2"}],"replies":[{"embeddable":true,"href":"https:\/\/www.bellunopress.it\/fr\/wp-json\/wp\/v2\/comments?post=85313"}],"version-history":[{"count":1,"href":"https:\/\/www.bellunopress.it\/fr\/wp-json\/wp\/v2\/posts\/85313\/revisions"}],"predecessor-version":[{"id":85319,"href":"https:\/\/www.bellunopress.it\/fr\/wp-json\/wp\/v2\/posts\/85313\/revisions\/85319"}],"wp:attachment":[{"href":"https:\/\/www.bellunopress.it\/fr\/wp-json\/wp\/v2\/media?parent=85313"}],"wp:term":[{"taxonomy":"category","embeddable":true,"href":"https:\/\/www.bellunopress.it\/fr\/wp-json\/wp\/v2\/categories?post=85313"},{"taxonomy":"post_tag","embeddable":true,"href":"https:\/\/www.bellunopress.it\/fr\/wp-json\/wp\/v2\/tags?post=85313"}],"curies":[{"name":"wp","href":"https:\/\/api.w.org\/{rel}","templated":true}]}}