{"id":853,"date":"2009-02-19T21:14:24","date_gmt":"2009-02-19T20:14:24","guid":{"rendered":"http:\/\/www.bellunopress.it\/?p=853"},"modified":"2009-02-19T21:19:43","modified_gmt":"2009-02-19T20:19:43","slug":"approvata-la-specificita-montana-nello-statuto-regionale","status":"publish","type":"post","link":"https:\/\/www.bellunopress.it\/fr\/2009\/02\/19\/approvata-la-specificita-montana-nello-statuto-regionale\/","title":{"rendered":"Approvata la specificit\u00e0 montana nello Statuto regionale"},"content":{"rendered":"<p><a href=\"http:\/\/www.bellunopress.it\/wp-content\/uploads\/2009\/02\/provincia-80x80.jpg\"><img loading=\"lazy\" decoding=\"async\" class=\"alignleft size-medium wp-image-342\" title=\"provincia-80x80\" src=\"http:\/\/www.bellunopress.it\/wp-content\/uploads\/2009\/02\/provincia-80x80.jpg\" alt=\"\" width=\"107\" height=\"80\" \/><\/a>Pietra miliare o premessa insufficiente? Sull\u2019odierna votazione in Commissione Statuto che ha preso in considerazione la specificit\u00e0 montana interviene il consigliere leghista Giampaolo Bottacin: \u00abAbbiamo garantito la specificit\u00e0 dei territori montani. Gli enti come la Provincia di Belluno godranno dell\u2019autonomia amministrativa e finanziaria\u00bb. Statuto del Veneto, recita l\u2019articolo 16 bis: \u201cLa Regione conferisce con legge, forme e condizioni particolari di autonomia amministrativa e finanziaria agli enti locali il cui territorio sia in tutto o in parte montano\u201d. Per il consigliere leghista: \u00abIn altri termini, viene garantita l\u2019autonomia ad enti come, per esempio la Provincia di Belluno. Questo passaggio del documento votato oggi in Commissione garantisce, inoltre, che la Regione promuove e riconosce la specificit\u00e0 dei territori di montagna. A conferma di ci\u00f2, a queste aree saranno destinate mirate politiche di intervento e efficaci risorse aggiuntive\u00bb.\u00a0\u00a0\u00a0\u00a0\u00a0\u00a0\u00a0\u00a0\u00a0\u00a0\u00a0\u00a0\u00a0 \u00a0 \u00a0\u00a0\u00a0\u00a0\u00a0\u00a0\u00a0\u00a0\u00a0\u00a0\u00a0\u00a0\u00a0\u00a0\u00a0\u00a0 Di avviso opposto il presidente della Provincia di Belluno, Sergio Reolon: \u201cUna brutta giornata per i bellunesi, l\u2019ennesima presa in giro. Si tratta di un\u2019indicazione general generica, una foglia di fico che non riesce a mascherare la sconfitta dei consiglieri bellunesi Bond e Bottacin che si sono presentati agli elettori come i paladini dell\u2019autonomia bellunese e che oggi cercano di far passare per un successo questo fallimento. Quattro parole generiche sulle aree montane, gi\u00e0 previste nella Costituzione, prive di qualsiasi concreta indicazione e che non dicono nulla, ecco cosa \u00e8 stato votato. Una sconfitta che conferma l\u2019avversit\u00e0 di Galan in merito alle legittime aspirazioni dei bellunesi che chiedono l\u2019autonomia della Provincia, un suo reale rafforzamento, e a cui chieder\u00f2 presto di pronunciarsi su questo aspetto\u201d.<\/p>","protected":false},"excerpt":{"rendered":"<p>Pietra miliare o premessa insufficiente? Sull\u2019odierna votazione in Commissione Statuto che ha preso in considerazione la specificit\u00e0 montana interviene il consigliere leghista Giampaolo Bottacin: \u00abAbbiamo garantito la specificit\u00e0 dei territori montani. Gli enti come la Provincia di Belluno godranno dell\u2019autonomia amministrativa e finanziaria\u00bb. Statuto del Veneto, recita l\u2019articolo 16 bis: \u201cLa Regione conferisce con legge, [&hellip;]<\/p>\n","protected":false},"author":2,"featured_media":0,"comment_status":"closed","ping_status":"open","sticky":false,"template":"","format":"standard","meta":{"footnotes":""},"categories":[26],"tags":[139],"class_list":["post-853","post","type-post","status-publish","format-standard","category-prima-pagina","tag-belluno"],"yoast_head":"<!-- This site is optimized with the Yoast SEO plugin v28.4 - https:\/\/yoast.com\/product\/yoast-seo-wordpress\/ -->\n<title>Approvata la specificit\u00e0 montana nello Statuto regionale - Bellunopress - Dolomiti<\/title>\n<meta name=\"robots\" content=\"index, follow, max-snippet:-1, max-image-preview:large, max-video-preview:-1\" \/>\n<link rel=\"canonical\" href=\"https:\/\/www.bellunopress.it\/fr\/2009\/02\/19\/approvata-la-specificita-montana-nello-statuto-regionale\/\" \/>\n<meta property=\"og:locale\" content=\"fr_FR\" \/>\n<meta property=\"og:type\" content=\"article\" \/>\n<meta property=\"og:title\" content=\"Approvata la specificit\u00e0 montana nello Statuto regionale - Bellunopress - Dolomiti\" \/>\n<meta property=\"og:description\" content=\"Pietra miliare o premessa insufficiente? Sull\u2019odierna votazione in Commissione Statuto che ha preso in considerazione la specificit\u00e0 montana interviene il consigliere leghista Giampaolo Bottacin: \u00abAbbiamo garantito la specificit\u00e0 dei territori montani. Gli enti come la Provincia di Belluno godranno dell\u2019autonomia amministrativa e finanziaria\u00bb. Statuto del Veneto, recita l\u2019articolo 16 bis: \u201cLa Regione conferisce con legge, [&hellip;]\" \/>\n<meta property=\"og:url\" content=\"https:\/\/www.bellunopress.it\/fr\/2009\/02\/19\/approvata-la-specificita-montana-nello-statuto-regionale\/\" \/>\n<meta property=\"og:site_name\" content=\"Bellunopress - Dolomiti\" \/>\n<meta property=\"article:publisher\" content=\"https:\/\/www.facebook.com\/profile.php?id=100008943462799\" \/>\n<meta property=\"article:published_time\" content=\"2009-02-19T20:14:24+00:00\" \/>\n<meta property=\"article:modified_time\" content=\"2009-02-19T20:19:43+00:00\" \/>\n<meta property=\"og:image\" content=\"http:\/\/www.bellunopress.it\/wp-content\/uploads\/2009\/02\/provincia-80x80.jpg\" \/>\n<meta name=\"author\" content=\"redazione\" \/>\n<meta name=\"twitter:card\" content=\"summary_large_image\" \/>\n<meta name=\"twitter:creator\" content=\"@bellunopress\" \/>\n<meta name=\"twitter:site\" content=\"@bellunopress\" \/>\n<meta name=\"twitter:label1\" content=\"\u00c9crit par\" \/>\n\t<meta name=\"twitter:data1\" content=\"redazione\" \/>\n\t<meta name=\"twitter:label2\" content=\"Dur\u00e9e de lecture estim\u00e9e\" \/>\n\t<meta name=\"twitter:data2\" content=\"1 minute\" \/>\n<script type=\"application\/ld+json\" class=\"yoast-schema-graph\">{\"@context\":\"https:\\\/\\\/schema.org\",\"@graph\":[{\"@type\":\"Article\",\"@id\":\"https:\\\/\\\/www.bellunopress.it\\\/2009\\\/02\\\/19\\\/approvata-la-specificita-montana-nello-statuto-regionale\\\/#article\",\"isPartOf\":{\"@id\":\"https:\\\/\\\/www.bellunopress.it\\\/2009\\\/02\\\/19\\\/approvata-la-specificita-montana-nello-statuto-regionale\\\/\"},\"author\":{\"name\":\"redazione\",\"@id\":\"https:\\\/\\\/www.bellunopress.it\\\/#\\\/schema\\\/person\\\/79bb06722b37ece1c03d3e94beb30d73\"},\"headline\":\"Approvata la specificit\u00e0 montana nello Statuto regionale\",\"datePublished\":\"2009-02-19T20:14:24+00:00\",\"dateModified\":\"2009-02-19T20:19:43+00:00\",\"mainEntityOfPage\":{\"@id\":\"https:\\\/\\\/www.bellunopress.it\\\/2009\\\/02\\\/19\\\/approvata-la-specificita-montana-nello-statuto-regionale\\\/\"},\"wordCount\":274,\"publisher\":{\"@id\":\"https:\\\/\\\/www.bellunopress.it\\\/#organization\"},\"image\":{\"@id\":\"https:\\\/\\\/www.bellunopress.it\\\/2009\\\/02\\\/19\\\/approvata-la-specificita-montana-nello-statuto-regionale\\\/#primaryimage\"},\"thumbnailUrl\":\"http:\\\/\\\/www.bellunopress.it\\\/wp-content\\\/uploads\\\/2009\\\/02\\\/provincia-80x80.jpg\",\"keywords\":[\"Belluno\"],\"articleSection\":[\"Prima Pagina\"],\"inLanguage\":\"fr-FR\"},{\"@type\":\"WebPage\",\"@id\":\"https:\\\/\\\/www.bellunopress.it\\\/2009\\\/02\\\/19\\\/approvata-la-specificita-montana-nello-statuto-regionale\\\/\",\"url\":\"https:\\\/\\\/www.bellunopress.it\\\/2009\\\/02\\\/19\\\/approvata-la-specificita-montana-nello-statuto-regionale\\\/\",\"name\":\"Approvata la specificit\u00e0 montana nello Statuto regionale - Bellunopress - Dolomiti\",\"isPartOf\":{\"@id\":\"https:\\\/\\\/www.bellunopress.it\\\/#website\"},\"primaryImageOfPage\":{\"@id\":\"https:\\\/\\\/www.bellunopress.it\\\/2009\\\/02\\\/19\\\/approvata-la-specificita-montana-nello-statuto-regionale\\\/#primaryimage\"},\"image\":{\"@id\":\"https:\\\/\\\/www.bellunopress.it\\\/2009\\\/02\\\/19\\\/approvata-la-specificita-montana-nello-statuto-regionale\\\/#primaryimage\"},\"thumbnailUrl\":\"http:\\\/\\\/www.bellunopress.it\\\/wp-content\\\/uploads\\\/2009\\\/02\\\/provincia-80x80.jpg\",\"datePublished\":\"2009-02-19T20:14:24+00:00\",\"dateModified\":\"2009-02-19T20:19:43+00:00\",\"breadcrumb\":{\"@id\":\"https:\\\/\\\/www.bellunopress.it\\\/2009\\\/02\\\/19\\\/approvata-la-specificita-montana-nello-statuto-regionale\\\/#breadcrumb\"},\"inLanguage\":\"fr-FR\",\"potentialAction\":[{\"@type\":\"ReadAction\",\"target\":[\"https:\\\/\\\/www.bellunopress.it\\\/2009\\\/02\\\/19\\\/approvata-la-specificita-montana-nello-statuto-regionale\\\/\"]}]},{\"@type\":\"ImageObject\",\"inLanguage\":\"fr-FR\",\"@id\":\"https:\\\/\\\/www.bellunopress.it\\\/2009\\\/02\\\/19\\\/approvata-la-specificita-montana-nello-statuto-regionale\\\/#primaryimage\",\"url\":\"http:\\\/\\\/www.bellunopress.it\\\/wp-content\\\/uploads\\\/2009\\\/02\\\/provincia-80x80.jpg\",\"contentUrl\":\"http:\\\/\\\/www.bellunopress.it\\\/wp-content\\\/uploads\\\/2009\\\/02\\\/provincia-80x80.jpg\"},{\"@type\":\"BreadcrumbList\",\"@id\":\"https:\\\/\\\/www.bellunopress.it\\\/2009\\\/02\\\/19\\\/approvata-la-specificita-montana-nello-statuto-regionale\\\/#breadcrumb\",\"itemListElement\":[{\"@type\":\"ListItem\",\"position\":1,\"name\":\"Home\",\"item\":\"https:\\\/\\\/www.bellunopress.it\\\/\"},{\"@type\":\"ListItem\",\"position\":2,\"name\":\"Approvata la specificit\u00e0 montana nello Statuto regionale\"}]},{\"@type\":\"WebSite\",\"@id\":\"https:\\\/\\\/www.bellunopress.it\\\/#website\",\"url\":\"https:\\\/\\\/www.bellunopress.it\\\/\",\"name\":\"Bellunopress - Dolomiti\",\"description\":\"e-mail: redazione@bellunopress.it\",\"publisher\":{\"@id\":\"https:\\\/\\\/www.bellunopress.it\\\/#organization\"},\"potentialAction\":[{\"@type\":\"SearchAction\",\"target\":{\"@type\":\"EntryPoint\",\"urlTemplate\":\"https:\\\/\\\/www.bellunopress.it\\\/?s={search_term_string}\"},\"query-input\":{\"@type\":\"PropertyValueSpecification\",\"valueRequired\":true,\"valueName\":\"search_term_string\"}}],\"inLanguage\":\"fr-FR\"},{\"@type\":\"Organization\",\"@id\":\"https:\\\/\\\/www.bellunopress.it\\\/#organization\",\"name\":\"Bellunopress\",\"url\":\"https:\\\/\\\/www.bellunopress.it\\\/\",\"logo\":{\"@type\":\"ImageObject\",\"inLanguage\":\"fr-FR\",\"@id\":\"https:\\\/\\\/www.bellunopress.it\\\/#\\\/schema\\\/logo\\\/image\\\/\",\"url\":\"https:\\\/\\\/www.bellunopress.it\\\/wp-content\\\/uploads\\\/2011\\\/05\\\/cropped-logo-bellunopress-.jpg\",\"contentUrl\":\"https:\\\/\\\/www.bellunopress.it\\\/wp-content\\\/uploads\\\/2011\\\/05\\\/cropped-logo-bellunopress-.jpg\",\"width\":512,\"height\":512,\"caption\":\"Bellunopress\"},\"image\":{\"@id\":\"https:\\\/\\\/www.bellunopress.it\\\/#\\\/schema\\\/logo\\\/image\\\/\"},\"sameAs\":[\"https:\\\/\\\/www.facebook.com\\\/profile.php?id=100008943462799\",\"https:\\\/\\\/x.com\\\/bellunopress\",\"https:\\\/\\\/www.linkedin.com\\\/hp\\\/?dnr=JBzUWaJfMUw8vbXJJ2tVW5-I3jZKvC4wsoxE&amp;amp;amp;amp;amp;amp;trk=nav_responsive_tab_home\",\"https:\\\/\\\/www.youtube.com\\\/channel\\\/UCxL0wu1uN0_3_7hGG0306cw\"]},{\"@type\":\"Person\",\"@id\":\"https:\\\/\\\/www.bellunopress.it\\\/#\\\/schema\\\/person\\\/79bb06722b37ece1c03d3e94beb30d73\",\"name\":\"redazione\",\"image\":{\"@type\":\"ImageObject\",\"inLanguage\":\"fr-FR\",\"@id\":\"https:\\\/\\\/secure.gravatar.com\\\/avatar\\\/37d968a2e67a6fd04c169c4bdef102d0bc5d31b2546345219e348575eb80e9a0?s=96&d=mm&r=g\",\"url\":\"https:\\\/\\\/secure.gravatar.com\\\/avatar\\\/37d968a2e67a6fd04c169c4bdef102d0bc5d31b2546345219e348575eb80e9a0?s=96&d=mm&r=g\",\"contentUrl\":\"https:\\\/\\\/secure.gravatar.com\\\/avatar\\\/37d968a2e67a6fd04c169c4bdef102d0bc5d31b2546345219e348575eb80e9a0?s=96&d=mm&r=g\",\"caption\":\"redazione\"},\"sameAs\":[\"http:\\\/\\\/www.bellunopress.it\",\"https:\\\/\\\/x.com\\\/bellunopress\"],\"url\":\"https:\\\/\\\/www.bellunopress.it\\\/fr\\\/author\\\/redazione\\\/\"}]}<\/script>\n<!-- \/ Yoast SEO plugin. -->","yoast_head_json":{"title":"Approvata la specificit\u00e0 montana nello Statuto regionale - Bellunopress - Dolomiti","robots":{"index":"index","follow":"follow","max-snippet":"max-snippet:-1","max-image-preview":"max-image-preview:large","max-video-preview":"max-video-preview:-1"},"canonical":"https:\/\/www.bellunopress.it\/fr\/2009\/02\/19\/approvata-la-specificita-montana-nello-statuto-regionale\/","og_locale":"fr_FR","og_type":"article","og_title":"Approvata la specificit\u00e0 montana nello Statuto regionale - Bellunopress - Dolomiti","og_description":"Pietra miliare o premessa insufficiente? Sull\u2019odierna votazione in Commissione Statuto che ha preso in considerazione la specificit\u00e0 montana interviene il consigliere leghista Giampaolo Bottacin: \u00abAbbiamo garantito la specificit\u00e0 dei territori montani. Gli enti come la Provincia di Belluno godranno dell\u2019autonomia amministrativa e finanziaria\u00bb. Statuto del Veneto, recita l\u2019articolo 16 bis: \u201cLa Regione conferisce con legge, [&hellip;]","og_url":"https:\/\/www.bellunopress.it\/fr\/2009\/02\/19\/approvata-la-specificita-montana-nello-statuto-regionale\/","og_site_name":"Bellunopress - Dolomiti","article_publisher":"https:\/\/www.facebook.com\/profile.php?id=100008943462799","article_published_time":"2009-02-19T20:14:24+00:00","article_modified_time":"2009-02-19T20:19:43+00:00","og_image":[{"url":"http:\/\/www.bellunopress.it\/wp-content\/uploads\/2009\/02\/provincia-80x80.jpg","type":"","width":"","height":""}],"author":"redazione","twitter_card":"summary_large_image","twitter_creator":"@bellunopress","twitter_site":"@bellunopress","twitter_misc":{"\u00c9crit par":"redazione","Dur\u00e9e de lecture estim\u00e9e":"1 minute"},"schema":{"@context":"https:\/\/schema.org","@graph":[{"@type":"Article","@id":"https:\/\/www.bellunopress.it\/2009\/02\/19\/approvata-la-specificita-montana-nello-statuto-regionale\/#article","isPartOf":{"@id":"https:\/\/www.bellunopress.it\/2009\/02\/19\/approvata-la-specificita-montana-nello-statuto-regionale\/"},"author":{"name":"redazione","@id":"https:\/\/www.bellunopress.it\/#\/schema\/person\/79bb06722b37ece1c03d3e94beb30d73"},"headline":"Approvata la specificit\u00e0 montana nello Statuto regionale","datePublished":"2009-02-19T20:14:24+00:00","dateModified":"2009-02-19T20:19:43+00:00","mainEntityOfPage":{"@id":"https:\/\/www.bellunopress.it\/2009\/02\/19\/approvata-la-specificita-montana-nello-statuto-regionale\/"},"wordCount":274,"publisher":{"@id":"https:\/\/www.bellunopress.it\/#organization"},"image":{"@id":"https:\/\/www.bellunopress.it\/2009\/02\/19\/approvata-la-specificita-montana-nello-statuto-regionale\/#primaryimage"},"thumbnailUrl":"http:\/\/www.bellunopress.it\/wp-content\/uploads\/2009\/02\/provincia-80x80.jpg","keywords":["Belluno"],"articleSection":["Prima Pagina"],"inLanguage":"fr-FR"},{"@type":"WebPage","@id":"https:\/\/www.bellunopress.it\/2009\/02\/19\/approvata-la-specificita-montana-nello-statuto-regionale\/","url":"https:\/\/www.bellunopress.it\/2009\/02\/19\/approvata-la-specificita-montana-nello-statuto-regionale\/","name":"Approvata la specificit\u00e0 montana nello Statuto regionale - Bellunopress - Dolomiti","isPartOf":{"@id":"https:\/\/www.bellunopress.it\/#website"},"primaryImageOfPage":{"@id":"https:\/\/www.bellunopress.it\/2009\/02\/19\/approvata-la-specificita-montana-nello-statuto-regionale\/#primaryimage"},"image":{"@id":"https:\/\/www.bellunopress.it\/2009\/02\/19\/approvata-la-specificita-montana-nello-statuto-regionale\/#primaryimage"},"thumbnailUrl":"http:\/\/www.bellunopress.it\/wp-content\/uploads\/2009\/02\/provincia-80x80.jpg","datePublished":"2009-02-19T20:14:24+00:00","dateModified":"2009-02-19T20:19:43+00:00","breadcrumb":{"@id":"https:\/\/www.bellunopress.it\/2009\/02\/19\/approvata-la-specificita-montana-nello-statuto-regionale\/#breadcrumb"},"inLanguage":"fr-FR","potentialAction":[{"@type":"ReadAction","target":["https:\/\/www.bellunopress.it\/2009\/02\/19\/approvata-la-specificita-montana-nello-statuto-regionale\/"]}]},{"@type":"ImageObject","inLanguage":"fr-FR","@id":"https:\/\/www.bellunopress.it\/2009\/02\/19\/approvata-la-specificita-montana-nello-statuto-regionale\/#primaryimage","url":"http:\/\/www.bellunopress.it\/wp-content\/uploads\/2009\/02\/provincia-80x80.jpg","contentUrl":"http:\/\/www.bellunopress.it\/wp-content\/uploads\/2009\/02\/provincia-80x80.jpg"},{"@type":"BreadcrumbList","@id":"https:\/\/www.bellunopress.it\/2009\/02\/19\/approvata-la-specificita-montana-nello-statuto-regionale\/#breadcrumb","itemListElement":[{"@type":"ListItem","position":1,"name":"Home","item":"https:\/\/www.bellunopress.it\/"},{"@type":"ListItem","position":2,"name":"Approvata la specificit\u00e0 montana nello Statuto regionale"}]},{"@type":"WebSite","@id":"https:\/\/www.bellunopress.it\/#website","url":"https:\/\/www.bellunopress.it\/","name":"Bellunopress - Dolomiti","description":"e-mail: redazione@bellunopress.it","publisher":{"@id":"https:\/\/www.bellunopress.it\/#organization"},"potentialAction":[{"@type":"SearchAction","target":{"@type":"EntryPoint","urlTemplate":"https:\/\/www.bellunopress.it\/?s={search_term_string}"},"query-input":{"@type":"PropertyValueSpecification","valueRequired":true,"valueName":"search_term_string"}}],"inLanguage":"fr-FR"},{"@type":"Organization","@id":"https:\/\/www.bellunopress.it\/#organization","name":"Bellunopress","url":"https:\/\/www.bellunopress.it\/","logo":{"@type":"ImageObject","inLanguage":"fr-FR","@id":"https:\/\/www.bellunopress.it\/#\/schema\/logo\/image\/","url":"https:\/\/www.bellunopress.it\/wp-content\/uploads\/2011\/05\/cropped-logo-bellunopress-.jpg","contentUrl":"https:\/\/www.bellunopress.it\/wp-content\/uploads\/2011\/05\/cropped-logo-bellunopress-.jpg","width":512,"height":512,"caption":"Bellunopress"},"image":{"@id":"https:\/\/www.bellunopress.it\/#\/schema\/logo\/image\/"},"sameAs":["https:\/\/www.facebook.com\/profile.php?id=100008943462799","https:\/\/x.com\/bellunopress","https:\/\/www.linkedin.com\/hp\/?dnr=JBzUWaJfMUw8vbXJJ2tVW5-I3jZKvC4wsoxE&amp;amp;amp;amp;amp;amp;trk=nav_responsive_tab_home","https:\/\/www.youtube.com\/channel\/UCxL0wu1uN0_3_7hGG0306cw"]},{"@type":"Person","@id":"https:\/\/www.bellunopress.it\/#\/schema\/person\/79bb06722b37ece1c03d3e94beb30d73","name":"r\u00e9daction","image":{"@type":"ImageObject","inLanguage":"fr-FR","@id":"https:\/\/secure.gravatar.com\/avatar\/37d968a2e67a6fd04c169c4bdef102d0bc5d31b2546345219e348575eb80e9a0?s=96&d=mm&r=g","url":"https:\/\/secure.gravatar.com\/avatar\/37d968a2e67a6fd04c169c4bdef102d0bc5d31b2546345219e348575eb80e9a0?s=96&d=mm&r=g","contentUrl":"https:\/\/secure.gravatar.com\/avatar\/37d968a2e67a6fd04c169c4bdef102d0bc5d31b2546345219e348575eb80e9a0?s=96&d=mm&r=g","caption":"redazione"},"sameAs":["http:\/\/www.bellunopress.it","https:\/\/x.com\/bellunopress"],"url":"https:\/\/www.bellunopress.it\/fr\/author\/redazione\/"}]}},"_links":{"self":[{"href":"https:\/\/www.bellunopress.it\/fr\/wp-json\/wp\/v2\/posts\/853","targetHints":{"allow":["GET"]}}],"collection":[{"href":"https:\/\/www.bellunopress.it\/fr\/wp-json\/wp\/v2\/posts"}],"about":[{"href":"https:\/\/www.bellunopress.it\/fr\/wp-json\/wp\/v2\/types\/post"}],"author":[{"embeddable":true,"href":"https:\/\/www.bellunopress.it\/fr\/wp-json\/wp\/v2\/users\/2"}],"replies":[{"embeddable":true,"href":"https:\/\/www.bellunopress.it\/fr\/wp-json\/wp\/v2\/comments?post=853"}],"version-history":[{"count":4,"href":"https:\/\/www.bellunopress.it\/fr\/wp-json\/wp\/v2\/posts\/853\/revisions"}],"predecessor-version":[{"id":857,"href":"https:\/\/www.bellunopress.it\/fr\/wp-json\/wp\/v2\/posts\/853\/revisions\/857"}],"wp:attachment":[{"href":"https:\/\/www.bellunopress.it\/fr\/wp-json\/wp\/v2\/media?parent=853"}],"wp:term":[{"taxonomy":"category","embeddable":true,"href":"https:\/\/www.bellunopress.it\/fr\/wp-json\/wp\/v2\/categories?post=853"},{"taxonomy":"post_tag","embeddable":true,"href":"https:\/\/www.bellunopress.it\/fr\/wp-json\/wp\/v2\/tags?post=853"}],"curies":[{"name":"wp","href":"https:\/\/api.w.org\/{rel}","templated":true}]}}