{"id":8527,"date":"2009-09-30T10:07:02","date_gmt":"2009-09-30T09:07:02","guid":{"rendered":"http:\/\/www.bellunopress.it\/?p=8527"},"modified":"2009-09-30T10:07:02","modified_gmt":"2009-09-30T09:07:02","slug":"i-dubbi-sulla-morte-di-papa-luciani-a-rai-2-con-giovanni-minoli","status":"publish","type":"post","link":"https:\/\/www.bellunopress.it\/fr\/2009\/09\/30\/i-dubbi-sulla-morte-di-papa-luciani-a-rai-2-con-giovanni-minoli\/","title":{"rendered":"I dubbi sulla morte di Papa Luciani a Rai 2 con Giovanni Minoli"},"content":{"rendered":"<p>Tutti i dubbi sulla\u00a0 misteriosa morte di Papa Albino Luciani sono stati riproposti da Giovanni Minoli nella trasmissione \u201cLa Storia siamo noi\u201d in onda qualche sera fa su Rai 2. Le testimonianze di preti e giornalisti vicini al Vaticano sono concordi: di quella morte improvvisa esistono fatti inspiegabili e soprattutto non spiegati, occultamenti, silenzi e bugie. Sullo sfondo lo Ior, Marcinkus, Calvi e il crack Ambrosiano. Il Papa del sorriso aveva idea di cambiare l\u2019organigramma della curia, con la rimozione di personaggi affamati di potere e di denaro. Proprio quegli appunti stava rileggendo la notte che mor\u00ec (non si sa di cosa perch\u00e9 decisero di non fargli l\u2019autopsia). Appunti spariti nel nulla mentre, al loro posto, qualche addetto ai corridoi vaticani ha riferito che Luciani quella notte stava leggendo l\u2019Imitazione di Cristo. Insomma nessuno sapr\u00e0 mai perch\u00e9 e come \u00e8 morto Papa Giovanni primo, ma le ombre restano, e piuttosto consistenti.<\/p>","protected":false},"excerpt":{"rendered":"<p>Tutti i dubbi sulla\u00a0 misteriosa morte di Papa Albino Luciani sono stati riproposti da Giovanni Minoli nella trasmissione \u201cLa Storia siamo noi\u201d in onda qualche sera fa su Rai 2. Le testimonianze di preti e giornalisti vicini al Vaticano sono concordi: di quella morte improvvisa esistono fatti inspiegabili e soprattutto non spiegati, occultamenti, silenzi e [&hellip;]<\/p>\n","protected":false},"author":2,"featured_media":0,"comment_status":"closed","ping_status":"open","sticky":false,"template":"","format":"standard","meta":{"footnotes":""},"categories":[3,25],"tags":[],"class_list":["post-8527","post","type-post","status-publish","format-standard","category-arte-cultura-spettacoli-scienza-archivi","category-pausa-caffe"],"yoast_head":"<!-- This site is optimized with the Yoast SEO plugin v28.4 - https:\/\/yoast.com\/product\/yoast-seo-wordpress\/ -->\n<title>I dubbi sulla morte di Papa Luciani a Rai 2 con Giovanni Minoli - Bellunopress - Dolomiti<\/title>\n<meta name=\"robots\" content=\"index, follow, max-snippet:-1, max-image-preview:large, max-video-preview:-1\" \/>\n<link rel=\"canonical\" href=\"https:\/\/www.bellunopress.it\/fr\/2009\/09\/30\/i-dubbi-sulla-morte-di-papa-luciani-a-rai-2-con-giovanni-minoli\/\" \/>\n<meta property=\"og:locale\" content=\"fr_FR\" \/>\n<meta property=\"og:type\" content=\"article\" \/>\n<meta property=\"og:title\" content=\"I dubbi sulla morte di Papa Luciani a Rai 2 con Giovanni Minoli - Bellunopress - Dolomiti\" \/>\n<meta property=\"og:description\" content=\"Tutti i dubbi sulla\u00a0 misteriosa morte di Papa Albino Luciani sono stati riproposti da Giovanni Minoli nella trasmissione \u201cLa Storia siamo noi\u201d in onda qualche sera fa su Rai 2. Le testimonianze di preti e giornalisti vicini al Vaticano sono concordi: di quella morte improvvisa esistono fatti inspiegabili e soprattutto non spiegati, occultamenti, silenzi e [&hellip;]\" \/>\n<meta property=\"og:url\" content=\"https:\/\/www.bellunopress.it\/fr\/2009\/09\/30\/i-dubbi-sulla-morte-di-papa-luciani-a-rai-2-con-giovanni-minoli\/\" \/>\n<meta property=\"og:site_name\" content=\"Bellunopress - Dolomiti\" \/>\n<meta property=\"article:publisher\" content=\"https:\/\/www.facebook.com\/profile.php?id=100008943462799\" \/>\n<meta property=\"article:published_time\" content=\"2009-09-30T09:07:02+00:00\" \/>\n<meta property=\"og:image\" content=\"http:\/\/www.bellunopress.it\/wp-content\/uploads\/2012\/07\/logo-bellunopress-250x250-2012.jpg\" \/>\n<meta name=\"author\" content=\"redazione\" \/>\n<meta name=\"twitter:card\" content=\"summary_large_image\" \/>\n<meta name=\"twitter:creator\" content=\"@bellunopress\" \/>\n<meta name=\"twitter:site\" content=\"@bellunopress\" \/>\n<meta name=\"twitter:label1\" content=\"\u00c9crit par\" \/>\n\t<meta name=\"twitter:data1\" content=\"redazione\" \/>\n\t<meta name=\"twitter:label2\" content=\"Dur\u00e9e de lecture estim\u00e9e\" \/>\n\t<meta name=\"twitter:data2\" content=\"1 minute\" \/>\n<script type=\"application\/ld+json\" class=\"yoast-schema-graph\">{\"@context\":\"https:\\\/\\\/schema.org\",\"@graph\":[{\"@type\":\"Article\",\"@id\":\"https:\\\/\\\/www.bellunopress.it\\\/2009\\\/09\\\/30\\\/i-dubbi-sulla-morte-di-papa-luciani-a-rai-2-con-giovanni-minoli\\\/#article\",\"isPartOf\":{\"@id\":\"https:\\\/\\\/www.bellunopress.it\\\/2009\\\/09\\\/30\\\/i-dubbi-sulla-morte-di-papa-luciani-a-rai-2-con-giovanni-minoli\\\/\"},\"author\":{\"name\":\"redazione\",\"@id\":\"https:\\\/\\\/www.bellunopress.it\\\/#\\\/schema\\\/person\\\/79bb06722b37ece1c03d3e94beb30d73\"},\"headline\":\"I dubbi sulla morte di Papa Luciani a Rai 2 con Giovanni Minoli\",\"datePublished\":\"2009-09-30T09:07:02+00:00\",\"mainEntityOfPage\":{\"@id\":\"https:\\\/\\\/www.bellunopress.it\\\/2009\\\/09\\\/30\\\/i-dubbi-sulla-morte-di-papa-luciani-a-rai-2-con-giovanni-minoli\\\/\"},\"wordCount\":164,\"publisher\":{\"@id\":\"https:\\\/\\\/www.bellunopress.it\\\/#organization\"},\"articleSection\":[\"Arte, Cultura, Spettacoli, Scienza\",\"Pausa Caff\u00e8\"],\"inLanguage\":\"fr-FR\"},{\"@type\":\"WebPage\",\"@id\":\"https:\\\/\\\/www.bellunopress.it\\\/2009\\\/09\\\/30\\\/i-dubbi-sulla-morte-di-papa-luciani-a-rai-2-con-giovanni-minoli\\\/\",\"url\":\"https:\\\/\\\/www.bellunopress.it\\\/2009\\\/09\\\/30\\\/i-dubbi-sulla-morte-di-papa-luciani-a-rai-2-con-giovanni-minoli\\\/\",\"name\":\"I dubbi sulla morte di Papa Luciani a Rai 2 con Giovanni Minoli - Bellunopress - Dolomiti\",\"isPartOf\":{\"@id\":\"https:\\\/\\\/www.bellunopress.it\\\/#website\"},\"datePublished\":\"2009-09-30T09:07:02+00:00\",\"breadcrumb\":{\"@id\":\"https:\\\/\\\/www.bellunopress.it\\\/2009\\\/09\\\/30\\\/i-dubbi-sulla-morte-di-papa-luciani-a-rai-2-con-giovanni-minoli\\\/#breadcrumb\"},\"inLanguage\":\"fr-FR\",\"potentialAction\":[{\"@type\":\"ReadAction\",\"target\":[\"https:\\\/\\\/www.bellunopress.it\\\/2009\\\/09\\\/30\\\/i-dubbi-sulla-morte-di-papa-luciani-a-rai-2-con-giovanni-minoli\\\/\"]}]},{\"@type\":\"BreadcrumbList\",\"@id\":\"https:\\\/\\\/www.bellunopress.it\\\/2009\\\/09\\\/30\\\/i-dubbi-sulla-morte-di-papa-luciani-a-rai-2-con-giovanni-minoli\\\/#breadcrumb\",\"itemListElement\":[{\"@type\":\"ListItem\",\"position\":1,\"name\":\"Home\",\"item\":\"https:\\\/\\\/www.bellunopress.it\\\/\"},{\"@type\":\"ListItem\",\"position\":2,\"name\":\"I dubbi sulla morte di Papa Luciani a Rai 2 con Giovanni Minoli\"}]},{\"@type\":\"WebSite\",\"@id\":\"https:\\\/\\\/www.bellunopress.it\\\/#website\",\"url\":\"https:\\\/\\\/www.bellunopress.it\\\/\",\"name\":\"Bellunopress - Dolomiti\",\"description\":\"e-mail: redazione@bellunopress.it\",\"publisher\":{\"@id\":\"https:\\\/\\\/www.bellunopress.it\\\/#organization\"},\"potentialAction\":[{\"@type\":\"SearchAction\",\"target\":{\"@type\":\"EntryPoint\",\"urlTemplate\":\"https:\\\/\\\/www.bellunopress.it\\\/?s={search_term_string}\"},\"query-input\":{\"@type\":\"PropertyValueSpecification\",\"valueRequired\":true,\"valueName\":\"search_term_string\"}}],\"inLanguage\":\"fr-FR\"},{\"@type\":\"Organization\",\"@id\":\"https:\\\/\\\/www.bellunopress.it\\\/#organization\",\"name\":\"Bellunopress\",\"url\":\"https:\\\/\\\/www.bellunopress.it\\\/\",\"logo\":{\"@type\":\"ImageObject\",\"inLanguage\":\"fr-FR\",\"@id\":\"https:\\\/\\\/www.bellunopress.it\\\/#\\\/schema\\\/logo\\\/image\\\/\",\"url\":\"https:\\\/\\\/www.bellunopress.it\\\/wp-content\\\/uploads\\\/2011\\\/05\\\/cropped-logo-bellunopress-.jpg\",\"contentUrl\":\"https:\\\/\\\/www.bellunopress.it\\\/wp-content\\\/uploads\\\/2011\\\/05\\\/cropped-logo-bellunopress-.jpg\",\"width\":512,\"height\":512,\"caption\":\"Bellunopress\"},\"image\":{\"@id\":\"https:\\\/\\\/www.bellunopress.it\\\/#\\\/schema\\\/logo\\\/image\\\/\"},\"sameAs\":[\"https:\\\/\\\/www.facebook.com\\\/profile.php?id=100008943462799\",\"https:\\\/\\\/x.com\\\/bellunopress\",\"https:\\\/\\\/www.linkedin.com\\\/hp\\\/?dnr=JBzUWaJfMUw8vbXJJ2tVW5-I3jZKvC4wsoxE&amp;amp;amp;amp;amp;amp;trk=nav_responsive_tab_home\",\"https:\\\/\\\/www.youtube.com\\\/channel\\\/UCxL0wu1uN0_3_7hGG0306cw\"]},{\"@type\":\"Person\",\"@id\":\"https:\\\/\\\/www.bellunopress.it\\\/#\\\/schema\\\/person\\\/79bb06722b37ece1c03d3e94beb30d73\",\"name\":\"redazione\",\"image\":{\"@type\":\"ImageObject\",\"inLanguage\":\"fr-FR\",\"@id\":\"https:\\\/\\\/secure.gravatar.com\\\/avatar\\\/37d968a2e67a6fd04c169c4bdef102d0bc5d31b2546345219e348575eb80e9a0?s=96&d=mm&r=g\",\"url\":\"https:\\\/\\\/secure.gravatar.com\\\/avatar\\\/37d968a2e67a6fd04c169c4bdef102d0bc5d31b2546345219e348575eb80e9a0?s=96&d=mm&r=g\",\"contentUrl\":\"https:\\\/\\\/secure.gravatar.com\\\/avatar\\\/37d968a2e67a6fd04c169c4bdef102d0bc5d31b2546345219e348575eb80e9a0?s=96&d=mm&r=g\",\"caption\":\"redazione\"},\"sameAs\":[\"http:\\\/\\\/www.bellunopress.it\",\"https:\\\/\\\/x.com\\\/bellunopress\"],\"url\":\"https:\\\/\\\/www.bellunopress.it\\\/fr\\\/author\\\/redazione\\\/\"}]}<\/script>\n<!-- \/ Yoast SEO plugin. -->","yoast_head_json":{"title":"I dubbi sulla morte di Papa Luciani a Rai 2 con Giovanni Minoli - Bellunopress - Dolomiti","robots":{"index":"index","follow":"follow","max-snippet":"max-snippet:-1","max-image-preview":"max-image-preview:large","max-video-preview":"max-video-preview:-1"},"canonical":"https:\/\/www.bellunopress.it\/fr\/2009\/09\/30\/i-dubbi-sulla-morte-di-papa-luciani-a-rai-2-con-giovanni-minoli\/","og_locale":"fr_FR","og_type":"article","og_title":"I dubbi sulla morte di Papa Luciani a Rai 2 con Giovanni Minoli - Bellunopress - Dolomiti","og_description":"Tutti i dubbi sulla\u00a0 misteriosa morte di Papa Albino Luciani sono stati riproposti da Giovanni Minoli nella trasmissione \u201cLa Storia siamo noi\u201d in onda qualche sera fa su Rai 2. Le testimonianze di preti e giornalisti vicini al Vaticano sono concordi: di quella morte improvvisa esistono fatti inspiegabili e soprattutto non spiegati, occultamenti, silenzi e [&hellip;]","og_url":"https:\/\/www.bellunopress.it\/fr\/2009\/09\/30\/i-dubbi-sulla-morte-di-papa-luciani-a-rai-2-con-giovanni-minoli\/","og_site_name":"Bellunopress - Dolomiti","article_publisher":"https:\/\/www.facebook.com\/profile.php?id=100008943462799","article_published_time":"2009-09-30T09:07:02+00:00","og_image":[{"url":"http:\/\/www.bellunopress.it\/wp-content\/uploads\/2012\/07\/logo-bellunopress-250x250-2012.jpg","type":"","width":"","height":""}],"author":"redazione","twitter_card":"summary_large_image","twitter_creator":"@bellunopress","twitter_site":"@bellunopress","twitter_misc":{"\u00c9crit par":"redazione","Dur\u00e9e de lecture estim\u00e9e":"1 minute"},"schema":{"@context":"https:\/\/schema.org","@graph":[{"@type":"Article","@id":"https:\/\/www.bellunopress.it\/2009\/09\/30\/i-dubbi-sulla-morte-di-papa-luciani-a-rai-2-con-giovanni-minoli\/#article","isPartOf":{"@id":"https:\/\/www.bellunopress.it\/2009\/09\/30\/i-dubbi-sulla-morte-di-papa-luciani-a-rai-2-con-giovanni-minoli\/"},"author":{"name":"redazione","@id":"https:\/\/www.bellunopress.it\/#\/schema\/person\/79bb06722b37ece1c03d3e94beb30d73"},"headline":"I dubbi sulla morte di Papa Luciani a Rai 2 con Giovanni Minoli","datePublished":"2009-09-30T09:07:02+00:00","mainEntityOfPage":{"@id":"https:\/\/www.bellunopress.it\/2009\/09\/30\/i-dubbi-sulla-morte-di-papa-luciani-a-rai-2-con-giovanni-minoli\/"},"wordCount":164,"publisher":{"@id":"https:\/\/www.bellunopress.it\/#organization"},"articleSection":["Arte, Cultura, Spettacoli, Scienza","Pausa Caff\u00e8"],"inLanguage":"fr-FR"},{"@type":"WebPage","@id":"https:\/\/www.bellunopress.it\/2009\/09\/30\/i-dubbi-sulla-morte-di-papa-luciani-a-rai-2-con-giovanni-minoli\/","url":"https:\/\/www.bellunopress.it\/2009\/09\/30\/i-dubbi-sulla-morte-di-papa-luciani-a-rai-2-con-giovanni-minoli\/","name":"I dubbi sulla morte di Papa Luciani a Rai 2 con Giovanni Minoli - Bellunopress - Dolomiti","isPartOf":{"@id":"https:\/\/www.bellunopress.it\/#website"},"datePublished":"2009-09-30T09:07:02+00:00","breadcrumb":{"@id":"https:\/\/www.bellunopress.it\/2009\/09\/30\/i-dubbi-sulla-morte-di-papa-luciani-a-rai-2-con-giovanni-minoli\/#breadcrumb"},"inLanguage":"fr-FR","potentialAction":[{"@type":"ReadAction","target":["https:\/\/www.bellunopress.it\/2009\/09\/30\/i-dubbi-sulla-morte-di-papa-luciani-a-rai-2-con-giovanni-minoli\/"]}]},{"@type":"BreadcrumbList","@id":"https:\/\/www.bellunopress.it\/2009\/09\/30\/i-dubbi-sulla-morte-di-papa-luciani-a-rai-2-con-giovanni-minoli\/#breadcrumb","itemListElement":[{"@type":"ListItem","position":1,"name":"Home","item":"https:\/\/www.bellunopress.it\/"},{"@type":"ListItem","position":2,"name":"I dubbi sulla morte di Papa Luciani a Rai 2 con Giovanni Minoli"}]},{"@type":"WebSite","@id":"https:\/\/www.bellunopress.it\/#website","url":"https:\/\/www.bellunopress.it\/","name":"Bellunopress - Dolomiti","description":"e-mail: redazione@bellunopress.it","publisher":{"@id":"https:\/\/www.bellunopress.it\/#organization"},"potentialAction":[{"@type":"SearchAction","target":{"@type":"EntryPoint","urlTemplate":"https:\/\/www.bellunopress.it\/?s={search_term_string}"},"query-input":{"@type":"PropertyValueSpecification","valueRequired":true,"valueName":"search_term_string"}}],"inLanguage":"fr-FR"},{"@type":"Organization","@id":"https:\/\/www.bellunopress.it\/#organization","name":"Bellunopress","url":"https:\/\/www.bellunopress.it\/","logo":{"@type":"ImageObject","inLanguage":"fr-FR","@id":"https:\/\/www.bellunopress.it\/#\/schema\/logo\/image\/","url":"https:\/\/www.bellunopress.it\/wp-content\/uploads\/2011\/05\/cropped-logo-bellunopress-.jpg","contentUrl":"https:\/\/www.bellunopress.it\/wp-content\/uploads\/2011\/05\/cropped-logo-bellunopress-.jpg","width":512,"height":512,"caption":"Bellunopress"},"image":{"@id":"https:\/\/www.bellunopress.it\/#\/schema\/logo\/image\/"},"sameAs":["https:\/\/www.facebook.com\/profile.php?id=100008943462799","https:\/\/x.com\/bellunopress","https:\/\/www.linkedin.com\/hp\/?dnr=JBzUWaJfMUw8vbXJJ2tVW5-I3jZKvC4wsoxE&amp;amp;amp;amp;amp;amp;trk=nav_responsive_tab_home","https:\/\/www.youtube.com\/channel\/UCxL0wu1uN0_3_7hGG0306cw"]},{"@type":"Person","@id":"https:\/\/www.bellunopress.it\/#\/schema\/person\/79bb06722b37ece1c03d3e94beb30d73","name":"r\u00e9daction","image":{"@type":"ImageObject","inLanguage":"fr-FR","@id":"https:\/\/secure.gravatar.com\/avatar\/37d968a2e67a6fd04c169c4bdef102d0bc5d31b2546345219e348575eb80e9a0?s=96&d=mm&r=g","url":"https:\/\/secure.gravatar.com\/avatar\/37d968a2e67a6fd04c169c4bdef102d0bc5d31b2546345219e348575eb80e9a0?s=96&d=mm&r=g","contentUrl":"https:\/\/secure.gravatar.com\/avatar\/37d968a2e67a6fd04c169c4bdef102d0bc5d31b2546345219e348575eb80e9a0?s=96&d=mm&r=g","caption":"redazione"},"sameAs":["http:\/\/www.bellunopress.it","https:\/\/x.com\/bellunopress"],"url":"https:\/\/www.bellunopress.it\/fr\/author\/redazione\/"}]}},"_links":{"self":[{"href":"https:\/\/www.bellunopress.it\/fr\/wp-json\/wp\/v2\/posts\/8527","targetHints":{"allow":["GET"]}}],"collection":[{"href":"https:\/\/www.bellunopress.it\/fr\/wp-json\/wp\/v2\/posts"}],"about":[{"href":"https:\/\/www.bellunopress.it\/fr\/wp-json\/wp\/v2\/types\/post"}],"author":[{"embeddable":true,"href":"https:\/\/www.bellunopress.it\/fr\/wp-json\/wp\/v2\/users\/2"}],"replies":[{"embeddable":true,"href":"https:\/\/www.bellunopress.it\/fr\/wp-json\/wp\/v2\/comments?post=8527"}],"version-history":[{"count":1,"href":"https:\/\/www.bellunopress.it\/fr\/wp-json\/wp\/v2\/posts\/8527\/revisions"}],"predecessor-version":[{"id":8528,"href":"https:\/\/www.bellunopress.it\/fr\/wp-json\/wp\/v2\/posts\/8527\/revisions\/8528"}],"wp:attachment":[{"href":"https:\/\/www.bellunopress.it\/fr\/wp-json\/wp\/v2\/media?parent=8527"}],"wp:term":[{"taxonomy":"category","embeddable":true,"href":"https:\/\/www.bellunopress.it\/fr\/wp-json\/wp\/v2\/categories?post=8527"},{"taxonomy":"post_tag","embeddable":true,"href":"https:\/\/www.bellunopress.it\/fr\/wp-json\/wp\/v2\/tags?post=8527"}],"curies":[{"name":"wp","href":"https:\/\/api.w.org\/{rel}","templated":true}]}}