{"id":8525,"date":"2009-09-30T09:45:59","date_gmt":"2009-09-30T08:45:59","guid":{"rendered":"http:\/\/www.bellunopress.it\/?p=8525"},"modified":"2009-09-30T09:45:59","modified_gmt":"2009-09-30T08:45:59","slug":"cai-agordo-venerdi-il-via-a-sere-dautunno-in-sala-don-tamis","status":"publish","type":"post","link":"https:\/\/www.bellunopress.it\/fr\/2009\/09\/30\/cai-agordo-venerdi-il-via-a-sere-dautunno-in-sala-don-tamis\/","title":{"rendered":"Cai Agordo: venerd\u00ec il via a &#8220;Sere d&#8217;autunno&#8221; in sala Don Tamis"},"content":{"rendered":"<p>Una Sezione, quella agordina, davvero instancabile\u2026Si \u00e8 appena conclusa la stagione escursionistica, ha inizio un ottobre all\u2019insegna della cultura. Viaggi, esperienze, imprese, immagini, filmati, multivisioni\u2026 In una parola: SERE D\u2019AUTUNNO 2009 !\u00a0 Spetter\u00e0 a Michele Barbiero \u201crompere il ghiaccio\u201d, venerd\u00ec 2 ottobre alle ore 20.40 nella prestigiosa sala convegni \u201cDon F.Tamis\u201d ad Agordo (BL), con la prima delle cinque serate in programma (tutti i venerdi di ottobre alla stessa ora) ed il filmato dal titolo: PIU\u2019 STELLE CHE NERO \u2013 LA GRANDE TRAVERSATA DEL DENALI.<br \/>\nMichele, in compagnia dell\u2019amico ed alpinista Giuliano De Marchi, nel 2007, ha vissuto, in Alaska, quella che lui stesso definisce\u2026 \u201cfinora, la pi\u00f9 grande impresa della mia vita\u201d. La prima traversata italiana del Mc Kinley (Denali nella lingua nativa) da nord a sud, in stile alpino ed in completa autonomia. Oltre tre settimane in assoluta solitudine \u2013 per scelta senza alcuna possibilit\u00e0 di comunicazione, ne radio ne telefoni satellitari \u2013 costantemente alle prese con temperature polari nell\u2019ordine di 40\u00b0 gradi sottozero, le difficolt\u00e0 della lunghissima cresta sino alla vetta, la quota elevata, il ritardo causato dalle bufere e dal vento fortissimo che li ha costretti pi\u00f9 giorni nella tenda\u2026 \u201cQuando arrivammo, stremati, nel punto concordato alcune settimane prima con il pilota del piccolo aereo che ci aveva condotto all\u2019inizio di questa avventura, la nostra unica speranza era che\u2026arrivasse!<br \/>\nPotrete visionare e stampare il programma dettagliato dell\u2019intera manifestazione dal file allegato alla presente e-mail PROGRAMMA SERE D\u2019AUTUNNO 2009.pdf<br \/>\nIl depliant ufficiale \u00e8 da tempo in distribuzione e visionabile anche sul nostro sito www.caiagordo.it<\/p>","protected":false},"excerpt":{"rendered":"<p>Una Sezione, quella agordina, davvero instancabile\u2026Si \u00e8 appena conclusa la stagione escursionistica, ha inizio un ottobre all\u2019insegna della cultura. Viaggi, esperienze, imprese, immagini, filmati, multivisioni\u2026 In una parola: SERE D\u2019AUTUNNO 2009 !\u00a0 Spetter\u00e0 a Michele Barbiero \u201crompere il ghiaccio\u201d, venerd\u00ec 2 ottobre alle ore 20.40 nella prestigiosa sala convegni \u201cDon F.Tamis\u201d ad Agordo (BL), con [&hellip;]<\/p>\n","protected":false},"author":2,"featured_media":0,"comment_status":"closed","ping_status":"open","sticky":false,"template":"","format":"standard","meta":{"footnotes":""},"categories":[38,25],"tags":[],"class_list":["post-8525","post","type-post","status-publish","format-standard","category-natura-ambiente","category-pausa-caffe"],"yoast_head":"<!-- This site is optimized with the Yoast SEO plugin v28.4 - https:\/\/yoast.com\/product\/yoast-seo-wordpress\/ -->\n<title>Cai Agordo: venerd\u00ec il via a &quot;Sere d&#039;autunno&quot; in sala Don Tamis - Bellunopress - Dolomiti<\/title>\n<meta name=\"robots\" content=\"index, follow, max-snippet:-1, max-image-preview:large, max-video-preview:-1\" \/>\n<link rel=\"canonical\" href=\"https:\/\/www.bellunopress.it\/fr\/2009\/09\/30\/cai-agordo-venerdi-il-via-a-sere-dautunno-in-sala-don-tamis\/\" \/>\n<meta property=\"og:locale\" content=\"fr_FR\" \/>\n<meta property=\"og:type\" content=\"article\" \/>\n<meta property=\"og:title\" content=\"Cai Agordo: venerd\u00ec il via a &quot;Sere d&#039;autunno&quot; in sala Don Tamis - Bellunopress - Dolomiti\" \/>\n<meta property=\"og:description\" content=\"Una Sezione, quella agordina, davvero instancabile\u2026Si \u00e8 appena conclusa la stagione escursionistica, ha inizio un ottobre all\u2019insegna della cultura. Viaggi, esperienze, imprese, immagini, filmati, multivisioni\u2026 In una parola: SERE D\u2019AUTUNNO 2009 !\u00a0 Spetter\u00e0 a Michele Barbiero \u201crompere il ghiaccio\u201d, venerd\u00ec 2 ottobre alle ore 20.40 nella prestigiosa sala convegni \u201cDon F.Tamis\u201d ad Agordo (BL), con [&hellip;]\" \/>\n<meta property=\"og:url\" content=\"https:\/\/www.bellunopress.it\/fr\/2009\/09\/30\/cai-agordo-venerdi-il-via-a-sere-dautunno-in-sala-don-tamis\/\" \/>\n<meta property=\"og:site_name\" content=\"Bellunopress - Dolomiti\" \/>\n<meta property=\"article:publisher\" content=\"https:\/\/www.facebook.com\/profile.php?id=100008943462799\" \/>\n<meta property=\"article:published_time\" content=\"2009-09-30T08:45:59+00:00\" \/>\n<meta property=\"og:image\" content=\"http:\/\/www.bellunopress.it\/wp-content\/uploads\/2012\/07\/logo-bellunopress-250x250-2012.jpg\" \/>\n<meta name=\"author\" content=\"redazione\" \/>\n<meta name=\"twitter:card\" content=\"summary_large_image\" \/>\n<meta name=\"twitter:creator\" content=\"@bellunopress\" \/>\n<meta name=\"twitter:site\" content=\"@bellunopress\" \/>\n<meta name=\"twitter:label1\" content=\"\u00c9crit par\" \/>\n\t<meta name=\"twitter:data1\" content=\"redazione\" \/>\n\t<meta name=\"twitter:label2\" content=\"Dur\u00e9e de lecture estim\u00e9e\" \/>\n\t<meta name=\"twitter:data2\" content=\"1 minute\" \/>\n<script type=\"application\/ld+json\" class=\"yoast-schema-graph\">{\"@context\":\"https:\\\/\\\/schema.org\",\"@graph\":[{\"@type\":\"Article\",\"@id\":\"https:\\\/\\\/www.bellunopress.it\\\/2009\\\/09\\\/30\\\/cai-agordo-venerdi-il-via-a-sere-dautunno-in-sala-don-tamis\\\/#article\",\"isPartOf\":{\"@id\":\"https:\\\/\\\/www.bellunopress.it\\\/2009\\\/09\\\/30\\\/cai-agordo-venerdi-il-via-a-sere-dautunno-in-sala-don-tamis\\\/\"},\"author\":{\"name\":\"redazione\",\"@id\":\"https:\\\/\\\/www.bellunopress.it\\\/#\\\/schema\\\/person\\\/79bb06722b37ece1c03d3e94beb30d73\"},\"headline\":\"Cai Agordo: venerd\u00ec il via a &#8220;Sere d&#8217;autunno&#8221; in sala Don Tamis\",\"datePublished\":\"2009-09-30T08:45:59+00:00\",\"mainEntityOfPage\":{\"@id\":\"https:\\\/\\\/www.bellunopress.it\\\/2009\\\/09\\\/30\\\/cai-agordo-venerdi-il-via-a-sere-dautunno-in-sala-don-tamis\\\/\"},\"wordCount\":271,\"publisher\":{\"@id\":\"https:\\\/\\\/www.bellunopress.it\\\/#organization\"},\"articleSection\":[\"Meteo, natura, ambiente, animali\",\"Pausa Caff\u00e8\"],\"inLanguage\":\"fr-FR\"},{\"@type\":\"WebPage\",\"@id\":\"https:\\\/\\\/www.bellunopress.it\\\/2009\\\/09\\\/30\\\/cai-agordo-venerdi-il-via-a-sere-dautunno-in-sala-don-tamis\\\/\",\"url\":\"https:\\\/\\\/www.bellunopress.it\\\/2009\\\/09\\\/30\\\/cai-agordo-venerdi-il-via-a-sere-dautunno-in-sala-don-tamis\\\/\",\"name\":\"Cai Agordo: venerd\u00ec il via a \\\"Sere d'autunno\\\" in sala Don Tamis - Bellunopress - Dolomiti\",\"isPartOf\":{\"@id\":\"https:\\\/\\\/www.bellunopress.it\\\/#website\"},\"datePublished\":\"2009-09-30T08:45:59+00:00\",\"breadcrumb\":{\"@id\":\"https:\\\/\\\/www.bellunopress.it\\\/2009\\\/09\\\/30\\\/cai-agordo-venerdi-il-via-a-sere-dautunno-in-sala-don-tamis\\\/#breadcrumb\"},\"inLanguage\":\"fr-FR\",\"potentialAction\":[{\"@type\":\"ReadAction\",\"target\":[\"https:\\\/\\\/www.bellunopress.it\\\/2009\\\/09\\\/30\\\/cai-agordo-venerdi-il-via-a-sere-dautunno-in-sala-don-tamis\\\/\"]}]},{\"@type\":\"BreadcrumbList\",\"@id\":\"https:\\\/\\\/www.bellunopress.it\\\/2009\\\/09\\\/30\\\/cai-agordo-venerdi-il-via-a-sere-dautunno-in-sala-don-tamis\\\/#breadcrumb\",\"itemListElement\":[{\"@type\":\"ListItem\",\"position\":1,\"name\":\"Home\",\"item\":\"https:\\\/\\\/www.bellunopress.it\\\/\"},{\"@type\":\"ListItem\",\"position\":2,\"name\":\"Cai Agordo: venerd\u00ec il via a &#8220;Sere d&#8217;autunno&#8221; in sala Don Tamis\"}]},{\"@type\":\"WebSite\",\"@id\":\"https:\\\/\\\/www.bellunopress.it\\\/#website\",\"url\":\"https:\\\/\\\/www.bellunopress.it\\\/\",\"name\":\"Bellunopress - Dolomiti\",\"description\":\"e-mail: redazione@bellunopress.it\",\"publisher\":{\"@id\":\"https:\\\/\\\/www.bellunopress.it\\\/#organization\"},\"potentialAction\":[{\"@type\":\"SearchAction\",\"target\":{\"@type\":\"EntryPoint\",\"urlTemplate\":\"https:\\\/\\\/www.bellunopress.it\\\/?s={search_term_string}\"},\"query-input\":{\"@type\":\"PropertyValueSpecification\",\"valueRequired\":true,\"valueName\":\"search_term_string\"}}],\"inLanguage\":\"fr-FR\"},{\"@type\":\"Organization\",\"@id\":\"https:\\\/\\\/www.bellunopress.it\\\/#organization\",\"name\":\"Bellunopress\",\"url\":\"https:\\\/\\\/www.bellunopress.it\\\/\",\"logo\":{\"@type\":\"ImageObject\",\"inLanguage\":\"fr-FR\",\"@id\":\"https:\\\/\\\/www.bellunopress.it\\\/#\\\/schema\\\/logo\\\/image\\\/\",\"url\":\"https:\\\/\\\/www.bellunopress.it\\\/wp-content\\\/uploads\\\/2011\\\/05\\\/cropped-logo-bellunopress-.jpg\",\"contentUrl\":\"https:\\\/\\\/www.bellunopress.it\\\/wp-content\\\/uploads\\\/2011\\\/05\\\/cropped-logo-bellunopress-.jpg\",\"width\":512,\"height\":512,\"caption\":\"Bellunopress\"},\"image\":{\"@id\":\"https:\\\/\\\/www.bellunopress.it\\\/#\\\/schema\\\/logo\\\/image\\\/\"},\"sameAs\":[\"https:\\\/\\\/www.facebook.com\\\/profile.php?id=100008943462799\",\"https:\\\/\\\/x.com\\\/bellunopress\",\"https:\\\/\\\/www.linkedin.com\\\/hp\\\/?dnr=JBzUWaJfMUw8vbXJJ2tVW5-I3jZKvC4wsoxE&amp;amp;amp;amp;amp;amp;trk=nav_responsive_tab_home\",\"https:\\\/\\\/www.youtube.com\\\/channel\\\/UCxL0wu1uN0_3_7hGG0306cw\"]},{\"@type\":\"Person\",\"@id\":\"https:\\\/\\\/www.bellunopress.it\\\/#\\\/schema\\\/person\\\/79bb06722b37ece1c03d3e94beb30d73\",\"name\":\"redazione\",\"image\":{\"@type\":\"ImageObject\",\"inLanguage\":\"fr-FR\",\"@id\":\"https:\\\/\\\/secure.gravatar.com\\\/avatar\\\/37d968a2e67a6fd04c169c4bdef102d0bc5d31b2546345219e348575eb80e9a0?s=96&d=mm&r=g\",\"url\":\"https:\\\/\\\/secure.gravatar.com\\\/avatar\\\/37d968a2e67a6fd04c169c4bdef102d0bc5d31b2546345219e348575eb80e9a0?s=96&d=mm&r=g\",\"contentUrl\":\"https:\\\/\\\/secure.gravatar.com\\\/avatar\\\/37d968a2e67a6fd04c169c4bdef102d0bc5d31b2546345219e348575eb80e9a0?s=96&d=mm&r=g\",\"caption\":\"redazione\"},\"sameAs\":[\"http:\\\/\\\/www.bellunopress.it\",\"https:\\\/\\\/x.com\\\/bellunopress\"],\"url\":\"https:\\\/\\\/www.bellunopress.it\\\/fr\\\/author\\\/redazione\\\/\"}]}<\/script>\n<!-- \/ Yoast SEO plugin. -->","yoast_head_json":{"title":"Cai Agordo: venerd\u00ec il via a \"Sere d'autunno\" in sala Don Tamis - Bellunopress - Dolomiti","robots":{"index":"index","follow":"follow","max-snippet":"max-snippet:-1","max-image-preview":"max-image-preview:large","max-video-preview":"max-video-preview:-1"},"canonical":"https:\/\/www.bellunopress.it\/fr\/2009\/09\/30\/cai-agordo-venerdi-il-via-a-sere-dautunno-in-sala-don-tamis\/","og_locale":"fr_FR","og_type":"article","og_title":"Cai Agordo: venerd\u00ec il via a \"Sere d'autunno\" in sala Don Tamis - Bellunopress - Dolomiti","og_description":"Una Sezione, quella agordina, davvero instancabile\u2026Si \u00e8 appena conclusa la stagione escursionistica, ha inizio un ottobre all\u2019insegna della cultura. Viaggi, esperienze, imprese, immagini, filmati, multivisioni\u2026 In una parola: SERE D\u2019AUTUNNO 2009 !\u00a0 Spetter\u00e0 a Michele Barbiero \u201crompere il ghiaccio\u201d, venerd\u00ec 2 ottobre alle ore 20.40 nella prestigiosa sala convegni \u201cDon F.Tamis\u201d ad Agordo (BL), con [&hellip;]","og_url":"https:\/\/www.bellunopress.it\/fr\/2009\/09\/30\/cai-agordo-venerdi-il-via-a-sere-dautunno-in-sala-don-tamis\/","og_site_name":"Bellunopress - Dolomiti","article_publisher":"https:\/\/www.facebook.com\/profile.php?id=100008943462799","article_published_time":"2009-09-30T08:45:59+00:00","og_image":[{"url":"http:\/\/www.bellunopress.it\/wp-content\/uploads\/2012\/07\/logo-bellunopress-250x250-2012.jpg","type":"","width":"","height":""}],"author":"redazione","twitter_card":"summary_large_image","twitter_creator":"@bellunopress","twitter_site":"@bellunopress","twitter_misc":{"\u00c9crit par":"redazione","Dur\u00e9e de lecture estim\u00e9e":"1 minute"},"schema":{"@context":"https:\/\/schema.org","@graph":[{"@type":"Article","@id":"https:\/\/www.bellunopress.it\/2009\/09\/30\/cai-agordo-venerdi-il-via-a-sere-dautunno-in-sala-don-tamis\/#article","isPartOf":{"@id":"https:\/\/www.bellunopress.it\/2009\/09\/30\/cai-agordo-venerdi-il-via-a-sere-dautunno-in-sala-don-tamis\/"},"author":{"name":"redazione","@id":"https:\/\/www.bellunopress.it\/#\/schema\/person\/79bb06722b37ece1c03d3e94beb30d73"},"headline":"Cai Agordo: venerd\u00ec il via a &#8220;Sere d&#8217;autunno&#8221; in sala Don Tamis","datePublished":"2009-09-30T08:45:59+00:00","mainEntityOfPage":{"@id":"https:\/\/www.bellunopress.it\/2009\/09\/30\/cai-agordo-venerdi-il-via-a-sere-dautunno-in-sala-don-tamis\/"},"wordCount":271,"publisher":{"@id":"https:\/\/www.bellunopress.it\/#organization"},"articleSection":["Meteo, natura, ambiente, animali","Pausa Caff\u00e8"],"inLanguage":"fr-FR"},{"@type":"WebPage","@id":"https:\/\/www.bellunopress.it\/2009\/09\/30\/cai-agordo-venerdi-il-via-a-sere-dautunno-in-sala-don-tamis\/","url":"https:\/\/www.bellunopress.it\/2009\/09\/30\/cai-agordo-venerdi-il-via-a-sere-dautunno-in-sala-don-tamis\/","name":"Cai Agordo: venerd\u00ec il via a \"Sere d'autunno\" in sala Don Tamis - Bellunopress - Dolomiti","isPartOf":{"@id":"https:\/\/www.bellunopress.it\/#website"},"datePublished":"2009-09-30T08:45:59+00:00","breadcrumb":{"@id":"https:\/\/www.bellunopress.it\/2009\/09\/30\/cai-agordo-venerdi-il-via-a-sere-dautunno-in-sala-don-tamis\/#breadcrumb"},"inLanguage":"fr-FR","potentialAction":[{"@type":"ReadAction","target":["https:\/\/www.bellunopress.it\/2009\/09\/30\/cai-agordo-venerdi-il-via-a-sere-dautunno-in-sala-don-tamis\/"]}]},{"@type":"BreadcrumbList","@id":"https:\/\/www.bellunopress.it\/2009\/09\/30\/cai-agordo-venerdi-il-via-a-sere-dautunno-in-sala-don-tamis\/#breadcrumb","itemListElement":[{"@type":"ListItem","position":1,"name":"Home","item":"https:\/\/www.bellunopress.it\/"},{"@type":"ListItem","position":2,"name":"Cai Agordo: venerd\u00ec il via a &#8220;Sere d&#8217;autunno&#8221; in sala Don Tamis"}]},{"@type":"WebSite","@id":"https:\/\/www.bellunopress.it\/#website","url":"https:\/\/www.bellunopress.it\/","name":"Bellunopress - Dolomiti","description":"e-mail: redazione@bellunopress.it","publisher":{"@id":"https:\/\/www.bellunopress.it\/#organization"},"potentialAction":[{"@type":"SearchAction","target":{"@type":"EntryPoint","urlTemplate":"https:\/\/www.bellunopress.it\/?s={search_term_string}"},"query-input":{"@type":"PropertyValueSpecification","valueRequired":true,"valueName":"search_term_string"}}],"inLanguage":"fr-FR"},{"@type":"Organization","@id":"https:\/\/www.bellunopress.it\/#organization","name":"Bellunopress","url":"https:\/\/www.bellunopress.it\/","logo":{"@type":"ImageObject","inLanguage":"fr-FR","@id":"https:\/\/www.bellunopress.it\/#\/schema\/logo\/image\/","url":"https:\/\/www.bellunopress.it\/wp-content\/uploads\/2011\/05\/cropped-logo-bellunopress-.jpg","contentUrl":"https:\/\/www.bellunopress.it\/wp-content\/uploads\/2011\/05\/cropped-logo-bellunopress-.jpg","width":512,"height":512,"caption":"Bellunopress"},"image":{"@id":"https:\/\/www.bellunopress.it\/#\/schema\/logo\/image\/"},"sameAs":["https:\/\/www.facebook.com\/profile.php?id=100008943462799","https:\/\/x.com\/bellunopress","https:\/\/www.linkedin.com\/hp\/?dnr=JBzUWaJfMUw8vbXJJ2tVW5-I3jZKvC4wsoxE&amp;amp;amp;amp;amp;amp;trk=nav_responsive_tab_home","https:\/\/www.youtube.com\/channel\/UCxL0wu1uN0_3_7hGG0306cw"]},{"@type":"Person","@id":"https:\/\/www.bellunopress.it\/#\/schema\/person\/79bb06722b37ece1c03d3e94beb30d73","name":"r\u00e9daction","image":{"@type":"ImageObject","inLanguage":"fr-FR","@id":"https:\/\/secure.gravatar.com\/avatar\/37d968a2e67a6fd04c169c4bdef102d0bc5d31b2546345219e348575eb80e9a0?s=96&d=mm&r=g","url":"https:\/\/secure.gravatar.com\/avatar\/37d968a2e67a6fd04c169c4bdef102d0bc5d31b2546345219e348575eb80e9a0?s=96&d=mm&r=g","contentUrl":"https:\/\/secure.gravatar.com\/avatar\/37d968a2e67a6fd04c169c4bdef102d0bc5d31b2546345219e348575eb80e9a0?s=96&d=mm&r=g","caption":"redazione"},"sameAs":["http:\/\/www.bellunopress.it","https:\/\/x.com\/bellunopress"],"url":"https:\/\/www.bellunopress.it\/fr\/author\/redazione\/"}]}},"_links":{"self":[{"href":"https:\/\/www.bellunopress.it\/fr\/wp-json\/wp\/v2\/posts\/8525","targetHints":{"allow":["GET"]}}],"collection":[{"href":"https:\/\/www.bellunopress.it\/fr\/wp-json\/wp\/v2\/posts"}],"about":[{"href":"https:\/\/www.bellunopress.it\/fr\/wp-json\/wp\/v2\/types\/post"}],"author":[{"embeddable":true,"href":"https:\/\/www.bellunopress.it\/fr\/wp-json\/wp\/v2\/users\/2"}],"replies":[{"embeddable":true,"href":"https:\/\/www.bellunopress.it\/fr\/wp-json\/wp\/v2\/comments?post=8525"}],"version-history":[{"count":1,"href":"https:\/\/www.bellunopress.it\/fr\/wp-json\/wp\/v2\/posts\/8525\/revisions"}],"predecessor-version":[{"id":8526,"href":"https:\/\/www.bellunopress.it\/fr\/wp-json\/wp\/v2\/posts\/8525\/revisions\/8526"}],"wp:attachment":[{"href":"https:\/\/www.bellunopress.it\/fr\/wp-json\/wp\/v2\/media?parent=8525"}],"wp:term":[{"taxonomy":"category","embeddable":true,"href":"https:\/\/www.bellunopress.it\/fr\/wp-json\/wp\/v2\/categories?post=8525"},{"taxonomy":"post_tag","embeddable":true,"href":"https:\/\/www.bellunopress.it\/fr\/wp-json\/wp\/v2\/tags?post=8525"}],"curies":[{"name":"wp","href":"https:\/\/api.w.org\/{rel}","templated":true}]}}