{"id":8511,"date":"2009-09-29T20:27:57","date_gmt":"2009-09-29T19:27:57","guid":{"rendered":"http:\/\/www.bellunopress.it\/?p=8511"},"modified":"2009-09-29T20:27:57","modified_gmt":"2009-09-29T19:27:57","slug":"il-passo-finestra-unisce-feltrini-e-primierotti","status":"publish","type":"post","link":"https:\/\/www.bellunopress.it\/fr\/2009\/09\/29\/il-passo-finestra-unisce-feltrini-e-primierotti\/","title":{"rendered":"Il passo Finestra unisce Feltrini e Primierotti"},"content":{"rendered":"<p><a href=\"http:\/\/www.bellunopress.it\/wp-content\/uploads\/2009\/09\/passo-finestra-teddy-soppelsa.jpg\"><img loading=\"lazy\" decoding=\"async\" class=\"alignleft size-medium wp-image-8512\" title=\"passo-finestra-teddy-soppelsa\" src=\"http:\/\/www.bellunopress.it\/wp-content\/uploads\/2009\/09\/passo-finestra-teddy-soppelsa.jpg\" alt=\"\" width=\"280\" height=\"188\" \/><\/a>Domenica 27 settembre sul Passo Finestra (1766 m), i rappresentanti delle popolazioni del Feltrino e di Primiero, hanno sottolineato il desiderio di lavorare insieme su progetti comuni, di intensificare gli incontri per una migliore conoscenza fra le due comunit\u00e0 confinanti, appartenenti a due regioni diverse, ma unite da radici comuni. Si \u00e8 trattato del secondo incontro sull\u0092antico valico che collegava Tirolo e Repubblica di Venezia. Il primo incontro si \u00e8 svolto nel 2007. Allora gli abitanti del Feltrino e di Primiero giunsero sul passo Finestra ognuno dalla propria valle. Quest\u0092anno invece l&#8217;ppuntamento \u00e8 stato per tutti dal Primiero. Alla partenza in val Noana, erano presenti una cinquantina di persone e hanno raggiunto il passo percorrendo l&#8217;antico sentiero dei Pinteri. Lungo il percorso le guide (Teddy Soppelsa per il Feltrino e Luca Brunet per il Primiero) e il custode forestale Silvano Doff Sotta, hanno illustrato le vicende storiche e le trasformazioni ambientali che hanno interessato la conca di Neva. Sul passo Finestra, dove altri escursionisti provenienti dal rifugio Bruno Boz e dalla Val Canzoi attendevano la comitiva, \u00e8 avvenuto lo scambio di saluti fra le rispettive comunit\u00e0. Sul passo si sono stretti la mano Ferdinanado Orler (sindaco del Comune di Mezzano) e Roberto Bof (consigliere comunale di Cesiomaggiore, in rappresentanza del sindaco Gianni De Bastiani che non \u00e8 potuto intervenire), Cristian Tavernaro (presidente Cai Sat Primiero) e Carlo Rossi (presidente Cai Feltre). Successivamente il gruppo ha raggiunto il rifugio Bruno Boz dove il presidente del Cai di Feltre ha presentato i lavori eseguiti dallo stesso nella stalla dell&#8217;ex malga Nevetta per l\u0092ampliamento recettivo del rifugio e ha consegnato i diplomi ai ragazzi e alle ragazze del gruppo di alpinismo giovanile. Bianca Simonato Zasio, vice presidente del Cai Feltre e autrice del volume &#8220;La Montagna di Neva&#8221;, ha auspicato che parte della stalla dell&#8217;ex malga Nevetta possa essere destinata a luogo di incontro e di attivit\u00e0 didattiche in alta quota. Una giornata di festa che oltre al valore simbolico di riannodare i fili di un lontano passato, ha voluto cercare nuove forme di collaborazione e amicizia. Uno dei progetti potrebbe riguardare il recupero dei tracciati militari e le opere di difesa (la cosiddetta linea gialla) che sono state realizzate, all\u0092inizio del \u0091900, dal passo Finestra al Pass de Mura (Veneto) e lungo le pendici del Sass de Mura fino al Col San Piero (Trentino). L\u0092&#8217;iniziativa si \u00e8 svolta con il patrocinio della Comunit\u00e0 Montana Feltrina, del Comprensorio di Primiero, dei comuni di Cesiomaggiore e Mezzano e del Parco Nazionale Dolomiti Bellunesi. La storia. Attraverso il passo Finestra per secoli sono transitati pastori, viandanti, boscaioli e contrabbandieri. Fin dal \u0091300 &#8211; \u0091400, quando Feltre pass\u00f2 a far parte della Repubblica di Venezia e i territori a nord rimasero nel Tirolo, il confine nella zona del passo non segue la linea dello spartiacque ma entra nel versante di Primiero, una anomalia che racchiude in se una piccola storia delle nostre montagne. Il territorio di N\u00e8va, dove si trova il rifugio Boz, \u00e8 nel versante di Primiero, mentre dal punto di vista amministrativo \u00e8 nel Comune di Cesiomaggiore. La propriet\u00e0 del rifugio \u00e8 invece del Comune di Mezzano. Un intreccio che conferma la complessa storia del luogo, dove i confini non sono mai stati una linea di demarcazione ma un punto d&#8217;\u0092incontro.Le immagini del ritrovo al Passo Finestra (1766 metri) da sx a dx: Ferdinanado Orler (sindaco del Comune di Mezzano), Teddy Soppelsa (guida nell&#8217;escursione per la la popolazione del Feltrino), Luca Brunet (guida nell&#8217;escursione per la popolazione di Primiero), Cristian Tavernaro (presidente Cai Sat Primiero), Carlo Rossi (presidente Cai Feltre), Roberto Bof (rappresentante del Comune di Cesiomaggiore e membro della protezione civile del gruppo alpini Cimonega di Cesiomaggiore).<\/p>","protected":false},"excerpt":{"rendered":"<p>Domenica 27 settembre sul Passo Finestra (1766 m), i rappresentanti delle popolazioni del Feltrino e di Primiero, hanno sottolineato il desiderio di lavorare insieme su progetti comuni, di intensificare gli incontri per una migliore conoscenza fra le due comunit\u00e0 confinanti, appartenenti a due regioni diverse, ma unite da radici comuni. Si \u00e8 trattato del secondo [&hellip;]<\/p>\n","protected":false},"author":2,"featured_media":0,"comment_status":"closed","ping_status":"open","sticky":false,"template":"","format":"standard","meta":{"footnotes":""},"categories":[5,25],"tags":[139,63,302,2261],"class_list":["post-8511","post","type-post","status-publish","format-standard","category-cronaca","category-pausa-caffe","tag-belluno","tag-dolomiti","tag-feltre","tag-feltrino"],"yoast_head":"<!-- This site is optimized with the Yoast SEO plugin v28.4 - https:\/\/yoast.com\/product\/yoast-seo-wordpress\/ -->\n<title>Il passo Finestra unisce Feltrini e Primierotti - Bellunopress - Dolomiti<\/title>\n<meta name=\"robots\" content=\"index, follow, max-snippet:-1, max-image-preview:large, max-video-preview:-1\" \/>\n<link rel=\"canonical\" href=\"https:\/\/www.bellunopress.it\/fr\/2009\/09\/29\/il-passo-finestra-unisce-feltrini-e-primierotti\/\" \/>\n<meta property=\"og:locale\" content=\"fr_FR\" \/>\n<meta property=\"og:type\" content=\"article\" \/>\n<meta property=\"og:title\" content=\"Il passo Finestra unisce Feltrini e Primierotti - Bellunopress - Dolomiti\" \/>\n<meta property=\"og:description\" content=\"Domenica 27 settembre sul Passo Finestra (1766 m), i rappresentanti delle popolazioni del Feltrino e di Primiero, hanno sottolineato il desiderio di lavorare insieme su progetti comuni, di intensificare gli incontri per una migliore conoscenza fra le due comunit\u00e0 confinanti, appartenenti a due regioni diverse, ma unite da radici comuni. Si \u00e8 trattato del secondo [&hellip;]\" \/>\n<meta property=\"og:url\" content=\"https:\/\/www.bellunopress.it\/fr\/2009\/09\/29\/il-passo-finestra-unisce-feltrini-e-primierotti\/\" \/>\n<meta property=\"og:site_name\" content=\"Bellunopress - Dolomiti\" \/>\n<meta property=\"article:publisher\" content=\"https:\/\/www.facebook.com\/profile.php?id=100008943462799\" \/>\n<meta property=\"article:published_time\" content=\"2009-09-29T19:27:57+00:00\" \/>\n<meta property=\"og:image\" content=\"http:\/\/www.bellunopress.it\/wp-content\/uploads\/2009\/09\/passo-finestra-teddy-soppelsa.jpg\" \/>\n<meta name=\"author\" content=\"redazione\" \/>\n<meta name=\"twitter:card\" content=\"summary_large_image\" \/>\n<meta name=\"twitter:creator\" content=\"@bellunopress\" \/>\n<meta name=\"twitter:site\" content=\"@bellunopress\" \/>\n<meta name=\"twitter:label1\" content=\"\u00c9crit par\" \/>\n\t<meta name=\"twitter:data1\" content=\"redazione\" \/>\n\t<meta name=\"twitter:label2\" content=\"Dur\u00e9e de lecture estim\u00e9e\" \/>\n\t<meta name=\"twitter:data2\" content=\"3 minutes\" \/>\n<script type=\"application\/ld+json\" class=\"yoast-schema-graph\">{\"@context\":\"https:\\\/\\\/schema.org\",\"@graph\":[{\"@type\":\"Article\",\"@id\":\"https:\\\/\\\/www.bellunopress.it\\\/2009\\\/09\\\/29\\\/il-passo-finestra-unisce-feltrini-e-primierotti\\\/#article\",\"isPartOf\":{\"@id\":\"https:\\\/\\\/www.bellunopress.it\\\/2009\\\/09\\\/29\\\/il-passo-finestra-unisce-feltrini-e-primierotti\\\/\"},\"author\":{\"name\":\"redazione\",\"@id\":\"https:\\\/\\\/www.bellunopress.it\\\/#\\\/schema\\\/person\\\/79bb06722b37ece1c03d3e94beb30d73\"},\"headline\":\"Il passo Finestra unisce Feltrini e Primierotti\",\"datePublished\":\"2009-09-29T19:27:57+00:00\",\"mainEntityOfPage\":{\"@id\":\"https:\\\/\\\/www.bellunopress.it\\\/2009\\\/09\\\/29\\\/il-passo-finestra-unisce-feltrini-e-primierotti\\\/\"},\"wordCount\":619,\"publisher\":{\"@id\":\"https:\\\/\\\/www.bellunopress.it\\\/#organization\"},\"image\":{\"@id\":\"https:\\\/\\\/www.bellunopress.it\\\/2009\\\/09\\\/29\\\/il-passo-finestra-unisce-feltrini-e-primierotti\\\/#primaryimage\"},\"thumbnailUrl\":\"http:\\\/\\\/www.bellunopress.it\\\/wp-content\\\/uploads\\\/2009\\\/09\\\/passo-finestra-teddy-soppelsa.jpg\",\"keywords\":[\"Belluno\",\"Dolomiti\",\"Feltre\",\"feltrino\"],\"articleSection\":[\"Cronaca\\\/Politica\",\"Pausa Caff\u00e8\"],\"inLanguage\":\"fr-FR\"},{\"@type\":\"WebPage\",\"@id\":\"https:\\\/\\\/www.bellunopress.it\\\/2009\\\/09\\\/29\\\/il-passo-finestra-unisce-feltrini-e-primierotti\\\/\",\"url\":\"https:\\\/\\\/www.bellunopress.it\\\/2009\\\/09\\\/29\\\/il-passo-finestra-unisce-feltrini-e-primierotti\\\/\",\"name\":\"Il passo Finestra unisce Feltrini e Primierotti - Bellunopress - Dolomiti\",\"isPartOf\":{\"@id\":\"https:\\\/\\\/www.bellunopress.it\\\/#website\"},\"primaryImageOfPage\":{\"@id\":\"https:\\\/\\\/www.bellunopress.it\\\/2009\\\/09\\\/29\\\/il-passo-finestra-unisce-feltrini-e-primierotti\\\/#primaryimage\"},\"image\":{\"@id\":\"https:\\\/\\\/www.bellunopress.it\\\/2009\\\/09\\\/29\\\/il-passo-finestra-unisce-feltrini-e-primierotti\\\/#primaryimage\"},\"thumbnailUrl\":\"http:\\\/\\\/www.bellunopress.it\\\/wp-content\\\/uploads\\\/2009\\\/09\\\/passo-finestra-teddy-soppelsa.jpg\",\"datePublished\":\"2009-09-29T19:27:57+00:00\",\"breadcrumb\":{\"@id\":\"https:\\\/\\\/www.bellunopress.it\\\/2009\\\/09\\\/29\\\/il-passo-finestra-unisce-feltrini-e-primierotti\\\/#breadcrumb\"},\"inLanguage\":\"fr-FR\",\"potentialAction\":[{\"@type\":\"ReadAction\",\"target\":[\"https:\\\/\\\/www.bellunopress.it\\\/2009\\\/09\\\/29\\\/il-passo-finestra-unisce-feltrini-e-primierotti\\\/\"]}]},{\"@type\":\"ImageObject\",\"inLanguage\":\"fr-FR\",\"@id\":\"https:\\\/\\\/www.bellunopress.it\\\/2009\\\/09\\\/29\\\/il-passo-finestra-unisce-feltrini-e-primierotti\\\/#primaryimage\",\"url\":\"http:\\\/\\\/www.bellunopress.it\\\/wp-content\\\/uploads\\\/2009\\\/09\\\/passo-finestra-teddy-soppelsa.jpg\",\"contentUrl\":\"http:\\\/\\\/www.bellunopress.it\\\/wp-content\\\/uploads\\\/2009\\\/09\\\/passo-finestra-teddy-soppelsa.jpg\"},{\"@type\":\"BreadcrumbList\",\"@id\":\"https:\\\/\\\/www.bellunopress.it\\\/2009\\\/09\\\/29\\\/il-passo-finestra-unisce-feltrini-e-primierotti\\\/#breadcrumb\",\"itemListElement\":[{\"@type\":\"ListItem\",\"position\":1,\"name\":\"Home\",\"item\":\"https:\\\/\\\/www.bellunopress.it\\\/\"},{\"@type\":\"ListItem\",\"position\":2,\"name\":\"Il passo Finestra unisce Feltrini e Primierotti\"}]},{\"@type\":\"WebSite\",\"@id\":\"https:\\\/\\\/www.bellunopress.it\\\/#website\",\"url\":\"https:\\\/\\\/www.bellunopress.it\\\/\",\"name\":\"Bellunopress - Dolomiti\",\"description\":\"e-mail: redazione@bellunopress.it\",\"publisher\":{\"@id\":\"https:\\\/\\\/www.bellunopress.it\\\/#organization\"},\"potentialAction\":[{\"@type\":\"SearchAction\",\"target\":{\"@type\":\"EntryPoint\",\"urlTemplate\":\"https:\\\/\\\/www.bellunopress.it\\\/?s={search_term_string}\"},\"query-input\":{\"@type\":\"PropertyValueSpecification\",\"valueRequired\":true,\"valueName\":\"search_term_string\"}}],\"inLanguage\":\"fr-FR\"},{\"@type\":\"Organization\",\"@id\":\"https:\\\/\\\/www.bellunopress.it\\\/#organization\",\"name\":\"Bellunopress\",\"url\":\"https:\\\/\\\/www.bellunopress.it\\\/\",\"logo\":{\"@type\":\"ImageObject\",\"inLanguage\":\"fr-FR\",\"@id\":\"https:\\\/\\\/www.bellunopress.it\\\/#\\\/schema\\\/logo\\\/image\\\/\",\"url\":\"https:\\\/\\\/www.bellunopress.it\\\/wp-content\\\/uploads\\\/2011\\\/05\\\/cropped-logo-bellunopress-.jpg\",\"contentUrl\":\"https:\\\/\\\/www.bellunopress.it\\\/wp-content\\\/uploads\\\/2011\\\/05\\\/cropped-logo-bellunopress-.jpg\",\"width\":512,\"height\":512,\"caption\":\"Bellunopress\"},\"image\":{\"@id\":\"https:\\\/\\\/www.bellunopress.it\\\/#\\\/schema\\\/logo\\\/image\\\/\"},\"sameAs\":[\"https:\\\/\\\/www.facebook.com\\\/profile.php?id=100008943462799\",\"https:\\\/\\\/x.com\\\/bellunopress\",\"https:\\\/\\\/www.linkedin.com\\\/hp\\\/?dnr=JBzUWaJfMUw8vbXJJ2tVW5-I3jZKvC4wsoxE&amp;amp;amp;amp;amp;amp;trk=nav_responsive_tab_home\",\"https:\\\/\\\/www.youtube.com\\\/channel\\\/UCxL0wu1uN0_3_7hGG0306cw\"]},{\"@type\":\"Person\",\"@id\":\"https:\\\/\\\/www.bellunopress.it\\\/#\\\/schema\\\/person\\\/79bb06722b37ece1c03d3e94beb30d73\",\"name\":\"redazione\",\"image\":{\"@type\":\"ImageObject\",\"inLanguage\":\"fr-FR\",\"@id\":\"https:\\\/\\\/secure.gravatar.com\\\/avatar\\\/37d968a2e67a6fd04c169c4bdef102d0bc5d31b2546345219e348575eb80e9a0?s=96&d=mm&r=g\",\"url\":\"https:\\\/\\\/secure.gravatar.com\\\/avatar\\\/37d968a2e67a6fd04c169c4bdef102d0bc5d31b2546345219e348575eb80e9a0?s=96&d=mm&r=g\",\"contentUrl\":\"https:\\\/\\\/secure.gravatar.com\\\/avatar\\\/37d968a2e67a6fd04c169c4bdef102d0bc5d31b2546345219e348575eb80e9a0?s=96&d=mm&r=g\",\"caption\":\"redazione\"},\"sameAs\":[\"http:\\\/\\\/www.bellunopress.it\",\"https:\\\/\\\/x.com\\\/bellunopress\"],\"url\":\"https:\\\/\\\/www.bellunopress.it\\\/fr\\\/author\\\/redazione\\\/\"}]}<\/script>\n<!-- \/ Yoast SEO plugin. -->","yoast_head_json":{"title":"Il passo Finestra unisce Feltrini e Primierotti - Bellunopress - Dolomiti","robots":{"index":"index","follow":"follow","max-snippet":"max-snippet:-1","max-image-preview":"max-image-preview:large","max-video-preview":"max-video-preview:-1"},"canonical":"https:\/\/www.bellunopress.it\/fr\/2009\/09\/29\/il-passo-finestra-unisce-feltrini-e-primierotti\/","og_locale":"fr_FR","og_type":"article","og_title":"Il passo Finestra unisce Feltrini e Primierotti - Bellunopress - Dolomiti","og_description":"Domenica 27 settembre sul Passo Finestra (1766 m), i rappresentanti delle popolazioni del Feltrino e di Primiero, hanno sottolineato il desiderio di lavorare insieme su progetti comuni, di intensificare gli incontri per una migliore conoscenza fra le due comunit\u00e0 confinanti, appartenenti a due regioni diverse, ma unite da radici comuni. Si \u00e8 trattato del secondo [&hellip;]","og_url":"https:\/\/www.bellunopress.it\/fr\/2009\/09\/29\/il-passo-finestra-unisce-feltrini-e-primierotti\/","og_site_name":"Bellunopress - Dolomiti","article_publisher":"https:\/\/www.facebook.com\/profile.php?id=100008943462799","article_published_time":"2009-09-29T19:27:57+00:00","og_image":[{"url":"http:\/\/www.bellunopress.it\/wp-content\/uploads\/2009\/09\/passo-finestra-teddy-soppelsa.jpg","type":"","width":"","height":""}],"author":"redazione","twitter_card":"summary_large_image","twitter_creator":"@bellunopress","twitter_site":"@bellunopress","twitter_misc":{"\u00c9crit par":"redazione","Dur\u00e9e de lecture estim\u00e9e":"3 minutes"},"schema":{"@context":"https:\/\/schema.org","@graph":[{"@type":"Article","@id":"https:\/\/www.bellunopress.it\/2009\/09\/29\/il-passo-finestra-unisce-feltrini-e-primierotti\/#article","isPartOf":{"@id":"https:\/\/www.bellunopress.it\/2009\/09\/29\/il-passo-finestra-unisce-feltrini-e-primierotti\/"},"author":{"name":"redazione","@id":"https:\/\/www.bellunopress.it\/#\/schema\/person\/79bb06722b37ece1c03d3e94beb30d73"},"headline":"Il passo Finestra unisce Feltrini e Primierotti","datePublished":"2009-09-29T19:27:57+00:00","mainEntityOfPage":{"@id":"https:\/\/www.bellunopress.it\/2009\/09\/29\/il-passo-finestra-unisce-feltrini-e-primierotti\/"},"wordCount":619,"publisher":{"@id":"https:\/\/www.bellunopress.it\/#organization"},"image":{"@id":"https:\/\/www.bellunopress.it\/2009\/09\/29\/il-passo-finestra-unisce-feltrini-e-primierotti\/#primaryimage"},"thumbnailUrl":"http:\/\/www.bellunopress.it\/wp-content\/uploads\/2009\/09\/passo-finestra-teddy-soppelsa.jpg","keywords":["Belluno","Dolomiti","Feltre","feltrino"],"articleSection":["Cronaca\/Politica","Pausa Caff\u00e8"],"inLanguage":"fr-FR"},{"@type":"WebPage","@id":"https:\/\/www.bellunopress.it\/2009\/09\/29\/il-passo-finestra-unisce-feltrini-e-primierotti\/","url":"https:\/\/www.bellunopress.it\/2009\/09\/29\/il-passo-finestra-unisce-feltrini-e-primierotti\/","name":"Il passo Finestra unisce Feltrini e Primierotti - Bellunopress - Dolomiti","isPartOf":{"@id":"https:\/\/www.bellunopress.it\/#website"},"primaryImageOfPage":{"@id":"https:\/\/www.bellunopress.it\/2009\/09\/29\/il-passo-finestra-unisce-feltrini-e-primierotti\/#primaryimage"},"image":{"@id":"https:\/\/www.bellunopress.it\/2009\/09\/29\/il-passo-finestra-unisce-feltrini-e-primierotti\/#primaryimage"},"thumbnailUrl":"http:\/\/www.bellunopress.it\/wp-content\/uploads\/2009\/09\/passo-finestra-teddy-soppelsa.jpg","datePublished":"2009-09-29T19:27:57+00:00","breadcrumb":{"@id":"https:\/\/www.bellunopress.it\/2009\/09\/29\/il-passo-finestra-unisce-feltrini-e-primierotti\/#breadcrumb"},"inLanguage":"fr-FR","potentialAction":[{"@type":"ReadAction","target":["https:\/\/www.bellunopress.it\/2009\/09\/29\/il-passo-finestra-unisce-feltrini-e-primierotti\/"]}]},{"@type":"ImageObject","inLanguage":"fr-FR","@id":"https:\/\/www.bellunopress.it\/2009\/09\/29\/il-passo-finestra-unisce-feltrini-e-primierotti\/#primaryimage","url":"http:\/\/www.bellunopress.it\/wp-content\/uploads\/2009\/09\/passo-finestra-teddy-soppelsa.jpg","contentUrl":"http:\/\/www.bellunopress.it\/wp-content\/uploads\/2009\/09\/passo-finestra-teddy-soppelsa.jpg"},{"@type":"BreadcrumbList","@id":"https:\/\/www.bellunopress.it\/2009\/09\/29\/il-passo-finestra-unisce-feltrini-e-primierotti\/#breadcrumb","itemListElement":[{"@type":"ListItem","position":1,"name":"Home","item":"https:\/\/www.bellunopress.it\/"},{"@type":"ListItem","position":2,"name":"Il passo Finestra unisce Feltrini e Primierotti"}]},{"@type":"WebSite","@id":"https:\/\/www.bellunopress.it\/#website","url":"https:\/\/www.bellunopress.it\/","name":"Bellunopress - Dolomiti","description":"e-mail: redazione@bellunopress.it","publisher":{"@id":"https:\/\/www.bellunopress.it\/#organization"},"potentialAction":[{"@type":"SearchAction","target":{"@type":"EntryPoint","urlTemplate":"https:\/\/www.bellunopress.it\/?s={search_term_string}"},"query-input":{"@type":"PropertyValueSpecification","valueRequired":true,"valueName":"search_term_string"}}],"inLanguage":"fr-FR"},{"@type":"Organization","@id":"https:\/\/www.bellunopress.it\/#organization","name":"Bellunopress","url":"https:\/\/www.bellunopress.it\/","logo":{"@type":"ImageObject","inLanguage":"fr-FR","@id":"https:\/\/www.bellunopress.it\/#\/schema\/logo\/image\/","url":"https:\/\/www.bellunopress.it\/wp-content\/uploads\/2011\/05\/cropped-logo-bellunopress-.jpg","contentUrl":"https:\/\/www.bellunopress.it\/wp-content\/uploads\/2011\/05\/cropped-logo-bellunopress-.jpg","width":512,"height":512,"caption":"Bellunopress"},"image":{"@id":"https:\/\/www.bellunopress.it\/#\/schema\/logo\/image\/"},"sameAs":["https:\/\/www.facebook.com\/profile.php?id=100008943462799","https:\/\/x.com\/bellunopress","https:\/\/www.linkedin.com\/hp\/?dnr=JBzUWaJfMUw8vbXJJ2tVW5-I3jZKvC4wsoxE&amp;amp;amp;amp;amp;amp;trk=nav_responsive_tab_home","https:\/\/www.youtube.com\/channel\/UCxL0wu1uN0_3_7hGG0306cw"]},{"@type":"Person","@id":"https:\/\/www.bellunopress.it\/#\/schema\/person\/79bb06722b37ece1c03d3e94beb30d73","name":"r\u00e9daction","image":{"@type":"ImageObject","inLanguage":"fr-FR","@id":"https:\/\/secure.gravatar.com\/avatar\/37d968a2e67a6fd04c169c4bdef102d0bc5d31b2546345219e348575eb80e9a0?s=96&d=mm&r=g","url":"https:\/\/secure.gravatar.com\/avatar\/37d968a2e67a6fd04c169c4bdef102d0bc5d31b2546345219e348575eb80e9a0?s=96&d=mm&r=g","contentUrl":"https:\/\/secure.gravatar.com\/avatar\/37d968a2e67a6fd04c169c4bdef102d0bc5d31b2546345219e348575eb80e9a0?s=96&d=mm&r=g","caption":"redazione"},"sameAs":["http:\/\/www.bellunopress.it","https:\/\/x.com\/bellunopress"],"url":"https:\/\/www.bellunopress.it\/fr\/author\/redazione\/"}]}},"_links":{"self":[{"href":"https:\/\/www.bellunopress.it\/fr\/wp-json\/wp\/v2\/posts\/8511","targetHints":{"allow":["GET"]}}],"collection":[{"href":"https:\/\/www.bellunopress.it\/fr\/wp-json\/wp\/v2\/posts"}],"about":[{"href":"https:\/\/www.bellunopress.it\/fr\/wp-json\/wp\/v2\/types\/post"}],"author":[{"embeddable":true,"href":"https:\/\/www.bellunopress.it\/fr\/wp-json\/wp\/v2\/users\/2"}],"replies":[{"embeddable":true,"href":"https:\/\/www.bellunopress.it\/fr\/wp-json\/wp\/v2\/comments?post=8511"}],"version-history":[{"count":1,"href":"https:\/\/www.bellunopress.it\/fr\/wp-json\/wp\/v2\/posts\/8511\/revisions"}],"predecessor-version":[{"id":8513,"href":"https:\/\/www.bellunopress.it\/fr\/wp-json\/wp\/v2\/posts\/8511\/revisions\/8513"}],"wp:attachment":[{"href":"https:\/\/www.bellunopress.it\/fr\/wp-json\/wp\/v2\/media?parent=8511"}],"wp:term":[{"taxonomy":"category","embeddable":true,"href":"https:\/\/www.bellunopress.it\/fr\/wp-json\/wp\/v2\/categories?post=8511"},{"taxonomy":"post_tag","embeddable":true,"href":"https:\/\/www.bellunopress.it\/fr\/wp-json\/wp\/v2\/tags?post=8511"}],"curies":[{"name":"wp","href":"https:\/\/api.w.org\/{rel}","templated":true}]}}