{"id":8473,"date":"2009-09-28T21:46:02","date_gmt":"2009-09-28T20:46:02","guid":{"rendered":"http:\/\/www.bellunopress.it\/?p=8473"},"modified":"2009-09-28T21:46:02","modified_gmt":"2009-09-28T20:46:02","slug":"nasce-il-primo-comitato-tecnico-scientifico-alliti-segato-di-belluno","status":"publish","type":"post","link":"https:\/\/www.bellunopress.it\/fr\/2009\/09\/28\/nasce-il-primo-comitato-tecnico-scientifico-alliti-segato-di-belluno\/","title":{"rendered":"Nasce il primo Comitato tecnico scientifico all&#8217;Iti &#8220;Segato&#8221; di Belluno"},"content":{"rendered":"<p><a href=\"http:\/\/www.bellunopress.it\/wp-content\/uploads\/2009\/09\/iti-comitato-tecnico-scientifico-002.jpg\"><img loading=\"lazy\" decoding=\"async\" class=\"alignleft size-medium wp-image-8474\" title=\"iti-comitato-tecnico-scientifico-002\" src=\"http:\/\/www.bellunopress.it\/wp-content\/uploads\/2009\/09\/iti-comitato-tecnico-scientifico-002.jpg\" alt=\"\" width=\"280\" height=\"187\" \/><\/a>\u00abFar assurgere l&#8217;Istituto tecnico industriale &#8220;Segato\u201da scuola superiore che rilasci il titolo triennale previsto dalla nuova normativa che entrer\u00e0 in vigore dal 2014 per consentire ai giovani bellunesi di accedere alla professione\u00bb. Questa la proposta di Alberto Menegon, presidente del Collegio dei periti industriali di Belluno, illustrata nel corso della presentazione del Comitato tecnico scientifico avvenuta questa sera, luned\u00ec 28 all&#8217;Istituto tecnico statale &#8220;G.Segato&#8221; di Belluno. Il nuovo organismo \u00e8 costituito dai rappresentanti della scuola e del mondo del lavoro, ed \u00e8 preposto a indicare le professionalit\u00e0 future maggiormente richieste.\u00a0 Membri del Comitato sono il preside della scuola Gerardo Cavaliero, l&#8217;assessore provinciale all&#8217;Istruzione Stefano De Gan, Alberto Menegon presidente del Collegio dei periti industriali della Provincia di Belluno, Mirco Costa e Juri De Col per Confindustria Belluno Dolomiti e gli insegnanti delle varie aree dell&#8217;Istituto, Cannarella (informatica), Palma (costruzioni), Da Rold (meccanica), Babudri (elettronica). Il Comitato tecnico scientifico nasce in anticipo di un anno qui all&#8217;Itis di Belluno rispetto a quanto prevede la riforma della scuola. Del resto, come ha spiegato il preside Gerardo Cavaliero, l&#8217;Istituto &#8220;Segato&#8221; \u00e8 uno delle 15 istituti tecnici d&#8217;eccellenza d&#8217;Italia che l&#8217;1 e il 2 ottobre a Varenna, sul Lago di Como, saranno presentati in un convegno di Confindustria.<\/p>","protected":false},"excerpt":{"rendered":"<p>\u00abFar assurgere l&#8217;Istituto tecnico industriale &#8220;Segato\u201da scuola superiore che rilasci il titolo triennale previsto dalla nuova normativa che entrer\u00e0 in vigore dal 2014 per consentire ai giovani bellunesi di accedere alla professione\u00bb. Questa la proposta di Alberto Menegon, presidente del Collegio dei periti industriali di Belluno, illustrata nel corso della presentazione del Comitato tecnico scientifico [&hellip;]<\/p>\n","protected":false},"author":2,"featured_media":0,"comment_status":"closed","ping_status":"open","sticky":false,"template":"","format":"standard","meta":{"footnotes":""},"categories":[15],"tags":[139,63],"class_list":["post-8473","post","type-post","status-publish","format-standard","category-scuola","tag-belluno","tag-dolomiti"],"yoast_head":"<!-- This site is optimized with the Yoast SEO plugin v28.4 - https:\/\/yoast.com\/product\/yoast-seo-wordpress\/ -->\n<title>Nasce il primo Comitato tecnico scientifico all&#039;Iti &quot;Segato&quot; di Belluno - Bellunopress - Dolomiti<\/title>\n<meta name=\"robots\" content=\"index, follow, max-snippet:-1, max-image-preview:large, max-video-preview:-1\" \/>\n<link rel=\"canonical\" href=\"https:\/\/www.bellunopress.it\/fr\/2009\/09\/28\/nasce-il-primo-comitato-tecnico-scientifico-alliti-segato-di-belluno\/\" \/>\n<meta property=\"og:locale\" content=\"fr_FR\" \/>\n<meta property=\"og:type\" content=\"article\" \/>\n<meta property=\"og:title\" content=\"Nasce il primo Comitato tecnico scientifico all&#039;Iti &quot;Segato&quot; di Belluno - Bellunopress - Dolomiti\" \/>\n<meta property=\"og:description\" content=\"\u00abFar assurgere l&#8217;Istituto tecnico industriale &#8220;Segato\u201da scuola superiore che rilasci il titolo triennale previsto dalla nuova normativa che entrer\u00e0 in vigore dal 2014 per consentire ai giovani bellunesi di accedere alla professione\u00bb. Questa la proposta di Alberto Menegon, presidente del Collegio dei periti industriali di Belluno, illustrata nel corso della presentazione del Comitato tecnico scientifico [&hellip;]\" \/>\n<meta property=\"og:url\" content=\"https:\/\/www.bellunopress.it\/fr\/2009\/09\/28\/nasce-il-primo-comitato-tecnico-scientifico-alliti-segato-di-belluno\/\" \/>\n<meta property=\"og:site_name\" content=\"Bellunopress - Dolomiti\" \/>\n<meta property=\"article:publisher\" content=\"https:\/\/www.facebook.com\/profile.php?id=100008943462799\" \/>\n<meta property=\"article:published_time\" content=\"2009-09-28T20:46:02+00:00\" \/>\n<meta property=\"og:image\" content=\"http:\/\/www.bellunopress.it\/wp-content\/uploads\/2009\/09\/iti-comitato-tecnico-scientifico-002.jpg\" \/>\n<meta name=\"author\" content=\"redazione\" \/>\n<meta name=\"twitter:card\" content=\"summary_large_image\" \/>\n<meta name=\"twitter:creator\" content=\"@bellunopress\" \/>\n<meta name=\"twitter:site\" content=\"@bellunopress\" \/>\n<meta name=\"twitter:label1\" content=\"\u00c9crit par\" \/>\n\t<meta name=\"twitter:data1\" content=\"redazione\" \/>\n\t<meta name=\"twitter:label2\" content=\"Dur\u00e9e de lecture estim\u00e9e\" \/>\n\t<meta name=\"twitter:data2\" content=\"1 minute\" \/>\n<script type=\"application\/ld+json\" class=\"yoast-schema-graph\">{\"@context\":\"https:\\\/\\\/schema.org\",\"@graph\":[{\"@type\":\"Article\",\"@id\":\"https:\\\/\\\/www.bellunopress.it\\\/2009\\\/09\\\/28\\\/nasce-il-primo-comitato-tecnico-scientifico-alliti-segato-di-belluno\\\/#article\",\"isPartOf\":{\"@id\":\"https:\\\/\\\/www.bellunopress.it\\\/2009\\\/09\\\/28\\\/nasce-il-primo-comitato-tecnico-scientifico-alliti-segato-di-belluno\\\/\"},\"author\":{\"name\":\"redazione\",\"@id\":\"https:\\\/\\\/www.bellunopress.it\\\/#\\\/schema\\\/person\\\/79bb06722b37ece1c03d3e94beb30d73\"},\"headline\":\"Nasce il primo Comitato tecnico scientifico all&#8217;Iti &#8220;Segato&#8221; di Belluno\",\"datePublished\":\"2009-09-28T20:46:02+00:00\",\"mainEntityOfPage\":{\"@id\":\"https:\\\/\\\/www.bellunopress.it\\\/2009\\\/09\\\/28\\\/nasce-il-primo-comitato-tecnico-scientifico-alliti-segato-di-belluno\\\/\"},\"wordCount\":219,\"publisher\":{\"@id\":\"https:\\\/\\\/www.bellunopress.it\\\/#organization\"},\"image\":{\"@id\":\"https:\\\/\\\/www.bellunopress.it\\\/2009\\\/09\\\/28\\\/nasce-il-primo-comitato-tecnico-scientifico-alliti-segato-di-belluno\\\/#primaryimage\"},\"thumbnailUrl\":\"http:\\\/\\\/www.bellunopress.it\\\/wp-content\\\/uploads\\\/2009\\\/09\\\/iti-comitato-tecnico-scientifico-002.jpg\",\"keywords\":[\"Belluno\",\"Dolomiti\"],\"articleSection\":[\"Scuola\"],\"inLanguage\":\"fr-FR\"},{\"@type\":\"WebPage\",\"@id\":\"https:\\\/\\\/www.bellunopress.it\\\/2009\\\/09\\\/28\\\/nasce-il-primo-comitato-tecnico-scientifico-alliti-segato-di-belluno\\\/\",\"url\":\"https:\\\/\\\/www.bellunopress.it\\\/2009\\\/09\\\/28\\\/nasce-il-primo-comitato-tecnico-scientifico-alliti-segato-di-belluno\\\/\",\"name\":\"Nasce il primo Comitato tecnico scientifico all'Iti \\\"Segato\\\" di Belluno - Bellunopress - Dolomiti\",\"isPartOf\":{\"@id\":\"https:\\\/\\\/www.bellunopress.it\\\/#website\"},\"primaryImageOfPage\":{\"@id\":\"https:\\\/\\\/www.bellunopress.it\\\/2009\\\/09\\\/28\\\/nasce-il-primo-comitato-tecnico-scientifico-alliti-segato-di-belluno\\\/#primaryimage\"},\"image\":{\"@id\":\"https:\\\/\\\/www.bellunopress.it\\\/2009\\\/09\\\/28\\\/nasce-il-primo-comitato-tecnico-scientifico-alliti-segato-di-belluno\\\/#primaryimage\"},\"thumbnailUrl\":\"http:\\\/\\\/www.bellunopress.it\\\/wp-content\\\/uploads\\\/2009\\\/09\\\/iti-comitato-tecnico-scientifico-002.jpg\",\"datePublished\":\"2009-09-28T20:46:02+00:00\",\"breadcrumb\":{\"@id\":\"https:\\\/\\\/www.bellunopress.it\\\/2009\\\/09\\\/28\\\/nasce-il-primo-comitato-tecnico-scientifico-alliti-segato-di-belluno\\\/#breadcrumb\"},\"inLanguage\":\"fr-FR\",\"potentialAction\":[{\"@type\":\"ReadAction\",\"target\":[\"https:\\\/\\\/www.bellunopress.it\\\/2009\\\/09\\\/28\\\/nasce-il-primo-comitato-tecnico-scientifico-alliti-segato-di-belluno\\\/\"]}]},{\"@type\":\"ImageObject\",\"inLanguage\":\"fr-FR\",\"@id\":\"https:\\\/\\\/www.bellunopress.it\\\/2009\\\/09\\\/28\\\/nasce-il-primo-comitato-tecnico-scientifico-alliti-segato-di-belluno\\\/#primaryimage\",\"url\":\"http:\\\/\\\/www.bellunopress.it\\\/wp-content\\\/uploads\\\/2009\\\/09\\\/iti-comitato-tecnico-scientifico-002.jpg\",\"contentUrl\":\"http:\\\/\\\/www.bellunopress.it\\\/wp-content\\\/uploads\\\/2009\\\/09\\\/iti-comitato-tecnico-scientifico-002.jpg\"},{\"@type\":\"BreadcrumbList\",\"@id\":\"https:\\\/\\\/www.bellunopress.it\\\/2009\\\/09\\\/28\\\/nasce-il-primo-comitato-tecnico-scientifico-alliti-segato-di-belluno\\\/#breadcrumb\",\"itemListElement\":[{\"@type\":\"ListItem\",\"position\":1,\"name\":\"Home\",\"item\":\"https:\\\/\\\/www.bellunopress.it\\\/\"},{\"@type\":\"ListItem\",\"position\":2,\"name\":\"Nasce il primo Comitato tecnico scientifico all&#8217;Iti &#8220;Segato&#8221; di Belluno\"}]},{\"@type\":\"WebSite\",\"@id\":\"https:\\\/\\\/www.bellunopress.it\\\/#website\",\"url\":\"https:\\\/\\\/www.bellunopress.it\\\/\",\"name\":\"Bellunopress - Dolomiti\",\"description\":\"e-mail: redazione@bellunopress.it\",\"publisher\":{\"@id\":\"https:\\\/\\\/www.bellunopress.it\\\/#organization\"},\"potentialAction\":[{\"@type\":\"SearchAction\",\"target\":{\"@type\":\"EntryPoint\",\"urlTemplate\":\"https:\\\/\\\/www.bellunopress.it\\\/?s={search_term_string}\"},\"query-input\":{\"@type\":\"PropertyValueSpecification\",\"valueRequired\":true,\"valueName\":\"search_term_string\"}}],\"inLanguage\":\"fr-FR\"},{\"@type\":\"Organization\",\"@id\":\"https:\\\/\\\/www.bellunopress.it\\\/#organization\",\"name\":\"Bellunopress\",\"url\":\"https:\\\/\\\/www.bellunopress.it\\\/\",\"logo\":{\"@type\":\"ImageObject\",\"inLanguage\":\"fr-FR\",\"@id\":\"https:\\\/\\\/www.bellunopress.it\\\/#\\\/schema\\\/logo\\\/image\\\/\",\"url\":\"https:\\\/\\\/www.bellunopress.it\\\/wp-content\\\/uploads\\\/2011\\\/05\\\/cropped-logo-bellunopress-.jpg\",\"contentUrl\":\"https:\\\/\\\/www.bellunopress.it\\\/wp-content\\\/uploads\\\/2011\\\/05\\\/cropped-logo-bellunopress-.jpg\",\"width\":512,\"height\":512,\"caption\":\"Bellunopress\"},\"image\":{\"@id\":\"https:\\\/\\\/www.bellunopress.it\\\/#\\\/schema\\\/logo\\\/image\\\/\"},\"sameAs\":[\"https:\\\/\\\/www.facebook.com\\\/profile.php?id=100008943462799\",\"https:\\\/\\\/x.com\\\/bellunopress\",\"https:\\\/\\\/www.linkedin.com\\\/hp\\\/?dnr=JBzUWaJfMUw8vbXJJ2tVW5-I3jZKvC4wsoxE&amp;amp;amp;amp;amp;amp;trk=nav_responsive_tab_home\",\"https:\\\/\\\/www.youtube.com\\\/channel\\\/UCxL0wu1uN0_3_7hGG0306cw\"]},{\"@type\":\"Person\",\"@id\":\"https:\\\/\\\/www.bellunopress.it\\\/#\\\/schema\\\/person\\\/79bb06722b37ece1c03d3e94beb30d73\",\"name\":\"redazione\",\"image\":{\"@type\":\"ImageObject\",\"inLanguage\":\"fr-FR\",\"@id\":\"https:\\\/\\\/secure.gravatar.com\\\/avatar\\\/37d968a2e67a6fd04c169c4bdef102d0bc5d31b2546345219e348575eb80e9a0?s=96&d=mm&r=g\",\"url\":\"https:\\\/\\\/secure.gravatar.com\\\/avatar\\\/37d968a2e67a6fd04c169c4bdef102d0bc5d31b2546345219e348575eb80e9a0?s=96&d=mm&r=g\",\"contentUrl\":\"https:\\\/\\\/secure.gravatar.com\\\/avatar\\\/37d968a2e67a6fd04c169c4bdef102d0bc5d31b2546345219e348575eb80e9a0?s=96&d=mm&r=g\",\"caption\":\"redazione\"},\"sameAs\":[\"http:\\\/\\\/www.bellunopress.it\",\"https:\\\/\\\/x.com\\\/bellunopress\"],\"url\":\"https:\\\/\\\/www.bellunopress.it\\\/fr\\\/author\\\/redazione\\\/\"}]}<\/script>\n<!-- \/ Yoast SEO plugin. -->","yoast_head_json":{"title":"Nasce il primo Comitato tecnico scientifico all'Iti \"Segato\" di Belluno - Bellunopress - Dolomiti","robots":{"index":"index","follow":"follow","max-snippet":"max-snippet:-1","max-image-preview":"max-image-preview:large","max-video-preview":"max-video-preview:-1"},"canonical":"https:\/\/www.bellunopress.it\/fr\/2009\/09\/28\/nasce-il-primo-comitato-tecnico-scientifico-alliti-segato-di-belluno\/","og_locale":"fr_FR","og_type":"article","og_title":"Nasce il primo Comitato tecnico scientifico all'Iti \"Segato\" di Belluno - Bellunopress - Dolomiti","og_description":"\u00abFar assurgere l&#8217;Istituto tecnico industriale &#8220;Segato\u201da scuola superiore che rilasci il titolo triennale previsto dalla nuova normativa che entrer\u00e0 in vigore dal 2014 per consentire ai giovani bellunesi di accedere alla professione\u00bb. Questa la proposta di Alberto Menegon, presidente del Collegio dei periti industriali di Belluno, illustrata nel corso della presentazione del Comitato tecnico scientifico [&hellip;]","og_url":"https:\/\/www.bellunopress.it\/fr\/2009\/09\/28\/nasce-il-primo-comitato-tecnico-scientifico-alliti-segato-di-belluno\/","og_site_name":"Bellunopress - Dolomiti","article_publisher":"https:\/\/www.facebook.com\/profile.php?id=100008943462799","article_published_time":"2009-09-28T20:46:02+00:00","og_image":[{"url":"http:\/\/www.bellunopress.it\/wp-content\/uploads\/2009\/09\/iti-comitato-tecnico-scientifico-002.jpg","type":"","width":"","height":""}],"author":"redazione","twitter_card":"summary_large_image","twitter_creator":"@bellunopress","twitter_site":"@bellunopress","twitter_misc":{"\u00c9crit par":"redazione","Dur\u00e9e de lecture estim\u00e9e":"1 minute"},"schema":{"@context":"https:\/\/schema.org","@graph":[{"@type":"Article","@id":"https:\/\/www.bellunopress.it\/2009\/09\/28\/nasce-il-primo-comitato-tecnico-scientifico-alliti-segato-di-belluno\/#article","isPartOf":{"@id":"https:\/\/www.bellunopress.it\/2009\/09\/28\/nasce-il-primo-comitato-tecnico-scientifico-alliti-segato-di-belluno\/"},"author":{"name":"redazione","@id":"https:\/\/www.bellunopress.it\/#\/schema\/person\/79bb06722b37ece1c03d3e94beb30d73"},"headline":"Nasce il primo Comitato tecnico scientifico all&#8217;Iti &#8220;Segato&#8221; di Belluno","datePublished":"2009-09-28T20:46:02+00:00","mainEntityOfPage":{"@id":"https:\/\/www.bellunopress.it\/2009\/09\/28\/nasce-il-primo-comitato-tecnico-scientifico-alliti-segato-di-belluno\/"},"wordCount":219,"publisher":{"@id":"https:\/\/www.bellunopress.it\/#organization"},"image":{"@id":"https:\/\/www.bellunopress.it\/2009\/09\/28\/nasce-il-primo-comitato-tecnico-scientifico-alliti-segato-di-belluno\/#primaryimage"},"thumbnailUrl":"http:\/\/www.bellunopress.it\/wp-content\/uploads\/2009\/09\/iti-comitato-tecnico-scientifico-002.jpg","keywords":["Belluno","Dolomiti"],"articleSection":["Scuola"],"inLanguage":"fr-FR"},{"@type":"WebPage","@id":"https:\/\/www.bellunopress.it\/2009\/09\/28\/nasce-il-primo-comitato-tecnico-scientifico-alliti-segato-di-belluno\/","url":"https:\/\/www.bellunopress.it\/2009\/09\/28\/nasce-il-primo-comitato-tecnico-scientifico-alliti-segato-di-belluno\/","name":"Nasce il primo Comitato tecnico scientifico all'Iti \"Segato\" di Belluno - Bellunopress - Dolomiti","isPartOf":{"@id":"https:\/\/www.bellunopress.it\/#website"},"primaryImageOfPage":{"@id":"https:\/\/www.bellunopress.it\/2009\/09\/28\/nasce-il-primo-comitato-tecnico-scientifico-alliti-segato-di-belluno\/#primaryimage"},"image":{"@id":"https:\/\/www.bellunopress.it\/2009\/09\/28\/nasce-il-primo-comitato-tecnico-scientifico-alliti-segato-di-belluno\/#primaryimage"},"thumbnailUrl":"http:\/\/www.bellunopress.it\/wp-content\/uploads\/2009\/09\/iti-comitato-tecnico-scientifico-002.jpg","datePublished":"2009-09-28T20:46:02+00:00","breadcrumb":{"@id":"https:\/\/www.bellunopress.it\/2009\/09\/28\/nasce-il-primo-comitato-tecnico-scientifico-alliti-segato-di-belluno\/#breadcrumb"},"inLanguage":"fr-FR","potentialAction":[{"@type":"ReadAction","target":["https:\/\/www.bellunopress.it\/2009\/09\/28\/nasce-il-primo-comitato-tecnico-scientifico-alliti-segato-di-belluno\/"]}]},{"@type":"ImageObject","inLanguage":"fr-FR","@id":"https:\/\/www.bellunopress.it\/2009\/09\/28\/nasce-il-primo-comitato-tecnico-scientifico-alliti-segato-di-belluno\/#primaryimage","url":"http:\/\/www.bellunopress.it\/wp-content\/uploads\/2009\/09\/iti-comitato-tecnico-scientifico-002.jpg","contentUrl":"http:\/\/www.bellunopress.it\/wp-content\/uploads\/2009\/09\/iti-comitato-tecnico-scientifico-002.jpg"},{"@type":"BreadcrumbList","@id":"https:\/\/www.bellunopress.it\/2009\/09\/28\/nasce-il-primo-comitato-tecnico-scientifico-alliti-segato-di-belluno\/#breadcrumb","itemListElement":[{"@type":"ListItem","position":1,"name":"Home","item":"https:\/\/www.bellunopress.it\/"},{"@type":"ListItem","position":2,"name":"Nasce il primo Comitato tecnico scientifico all&#8217;Iti &#8220;Segato&#8221; di Belluno"}]},{"@type":"WebSite","@id":"https:\/\/www.bellunopress.it\/#website","url":"https:\/\/www.bellunopress.it\/","name":"Bellunopress - Dolomiti","description":"e-mail: redazione@bellunopress.it","publisher":{"@id":"https:\/\/www.bellunopress.it\/#organization"},"potentialAction":[{"@type":"SearchAction","target":{"@type":"EntryPoint","urlTemplate":"https:\/\/www.bellunopress.it\/?s={search_term_string}"},"query-input":{"@type":"PropertyValueSpecification","valueRequired":true,"valueName":"search_term_string"}}],"inLanguage":"fr-FR"},{"@type":"Organization","@id":"https:\/\/www.bellunopress.it\/#organization","name":"Bellunopress","url":"https:\/\/www.bellunopress.it\/","logo":{"@type":"ImageObject","inLanguage":"fr-FR","@id":"https:\/\/www.bellunopress.it\/#\/schema\/logo\/image\/","url":"https:\/\/www.bellunopress.it\/wp-content\/uploads\/2011\/05\/cropped-logo-bellunopress-.jpg","contentUrl":"https:\/\/www.bellunopress.it\/wp-content\/uploads\/2011\/05\/cropped-logo-bellunopress-.jpg","width":512,"height":512,"caption":"Bellunopress"},"image":{"@id":"https:\/\/www.bellunopress.it\/#\/schema\/logo\/image\/"},"sameAs":["https:\/\/www.facebook.com\/profile.php?id=100008943462799","https:\/\/x.com\/bellunopress","https:\/\/www.linkedin.com\/hp\/?dnr=JBzUWaJfMUw8vbXJJ2tVW5-I3jZKvC4wsoxE&amp;amp;amp;amp;amp;amp;trk=nav_responsive_tab_home","https:\/\/www.youtube.com\/channel\/UCxL0wu1uN0_3_7hGG0306cw"]},{"@type":"Person","@id":"https:\/\/www.bellunopress.it\/#\/schema\/person\/79bb06722b37ece1c03d3e94beb30d73","name":"r\u00e9daction","image":{"@type":"ImageObject","inLanguage":"fr-FR","@id":"https:\/\/secure.gravatar.com\/avatar\/37d968a2e67a6fd04c169c4bdef102d0bc5d31b2546345219e348575eb80e9a0?s=96&d=mm&r=g","url":"https:\/\/secure.gravatar.com\/avatar\/37d968a2e67a6fd04c169c4bdef102d0bc5d31b2546345219e348575eb80e9a0?s=96&d=mm&r=g","contentUrl":"https:\/\/secure.gravatar.com\/avatar\/37d968a2e67a6fd04c169c4bdef102d0bc5d31b2546345219e348575eb80e9a0?s=96&d=mm&r=g","caption":"redazione"},"sameAs":["http:\/\/www.bellunopress.it","https:\/\/x.com\/bellunopress"],"url":"https:\/\/www.bellunopress.it\/fr\/author\/redazione\/"}]}},"_links":{"self":[{"href":"https:\/\/www.bellunopress.it\/fr\/wp-json\/wp\/v2\/posts\/8473","targetHints":{"allow":["GET"]}}],"collection":[{"href":"https:\/\/www.bellunopress.it\/fr\/wp-json\/wp\/v2\/posts"}],"about":[{"href":"https:\/\/www.bellunopress.it\/fr\/wp-json\/wp\/v2\/types\/post"}],"author":[{"embeddable":true,"href":"https:\/\/www.bellunopress.it\/fr\/wp-json\/wp\/v2\/users\/2"}],"replies":[{"embeddable":true,"href":"https:\/\/www.bellunopress.it\/fr\/wp-json\/wp\/v2\/comments?post=8473"}],"version-history":[{"count":1,"href":"https:\/\/www.bellunopress.it\/fr\/wp-json\/wp\/v2\/posts\/8473\/revisions"}],"predecessor-version":[{"id":8476,"href":"https:\/\/www.bellunopress.it\/fr\/wp-json\/wp\/v2\/posts\/8473\/revisions\/8476"}],"wp:attachment":[{"href":"https:\/\/www.bellunopress.it\/fr\/wp-json\/wp\/v2\/media?parent=8473"}],"wp:term":[{"taxonomy":"category","embeddable":true,"href":"https:\/\/www.bellunopress.it\/fr\/wp-json\/wp\/v2\/categories?post=8473"},{"taxonomy":"post_tag","embeddable":true,"href":"https:\/\/www.bellunopress.it\/fr\/wp-json\/wp\/v2\/tags?post=8473"}],"curies":[{"name":"wp","href":"https:\/\/api.w.org\/{rel}","templated":true}]}}