{"id":8471,"date":"2009-09-28T21:20:33","date_gmt":"2009-09-28T20:20:33","guid":{"rendered":"http:\/\/www.bellunopress.it\/?p=8471"},"modified":"2009-09-28T21:20:33","modified_gmt":"2009-09-28T20:20:33","slug":"presentazione-del-volume-belluno-brasile-ar-feltre-sala-degli-stemmi-venerdi-2-ottobre-ore-1830","status":"publish","type":"post","link":"https:\/\/www.bellunopress.it\/fr\/2009\/09\/28\/presentazione-del-volume-belluno-brasile-ar-feltre-sala-degli-stemmi-venerdi-2-ottobre-ore-1830\/","title":{"rendered":"Presentazione del volume &#8220;Belluno Brasile a\/r&#8221; &#8211; Feltre, Sala degli Stemmi, venerd\u00ec 2 ottobre, ore 18.30"},"content":{"rendered":"<p>Venerd\u00ec 2 ottobre, alle ore 18.30, nella Sala degli Stemmi del Palazzo Municipale di Feltre verr\u00e0 presentato il volume \u201cBelluno Brasile a\/r\u201d, ricerca sull\u2019immigrazione italo-brasiliana in Provincia di Belluno di Francesco Gallio. Nel corso della serata, organizzata dal Comune di Feltre, l\u2019autore dialogher\u00e0 con la dottoressa Flavia Colle, mentre sono altres\u00ec previsti gli interventi degli Assessori ai Flussi Migratori della Regione del Veneto, Oscar De Bona, della Provincia di Belluno, Ivano Faoro, e del Comune di Feltre, Elio Sacchet.<br \/>\nFrancesco Gallio si \u00e8 laureato nell\u2019anno accademico 2007\/08, discutendo una tesi in Antropologia Culturale, avendo come relatore il prof. Antonio Luigi Palmisano e come correlatore il prof. Franco Goio. La ricerca mette in luce, in maniera precisa e metodologica, il fenomeno dell\u2019&#8221;emigrazione di ritorno&#8221;. Infatti, nell\u2019introduzione il dott. Gallio dice: &#8220;Il seguente elaborato \u00e8 un\u2019analisi dell\u2019odierno flusso migratorio di brasiliani che, avendo un avo italiano, soggiornano a Belluno per presentare domanda di riconoscimento della cittadinanza&#8221;. L\u2019indagine riveste un carattere interessante perch\u00e9 non c\u2019\u00e8 stato finora uno studio approfondito sulla questione e pertanto ha caratteristiche di unicit\u00e0. La tesi si articola in tre capitoli, con interviste a persone italo-brasiliane, a funzionari degli uffici della Questura di Belluno, delle considerazioni personali ed alcuni suggerimenti dell\u2019autore per la risoluzione delle problematiche che ha descritto nella sua ricerca. Il primo capitolo si concentra sull\u2019antefatto storico dell\u2019attuale migrazione: l\u2019esodo dei contadini del Veneto settentrionale, della Lombardia e del Piemonte, iniziato verso il 1875 e protrattosi fino all\u2019inizio del secolo scorso, verso le terre vergini del Brasile meridionale. Lo studio storico di tale fenomeno analizza la situazione nella zona di partenza, le difficolt\u00e0 del viaggio e la situazione nelle zone di arrivo. L\u2019analisi socio economica delle campagne venete ottocentesche, permette di individuare cause interne e sollecitazioni esterne dell\u2019emigrazione in Brasile. Il secondo capitolo riguarda il processo di acquisizione della cittadinanza, esaminando dapprima i numeri dei potenziali richiedenti e in seguito le due vie burocratiche percorribili: quella in Consolato e quella nei Comuni italiani. Vengono evidenziati i problemi delle rappresentanze diplomatiche all\u2019estero e si spiega la scelta dei migranti di venire in Italia ad avviare le pratiche. Inoltre, l\u2019analisi della procedura in Comune permette una migliore comprensione delle difficolt\u00e0 incontrate dai migranti durante la loro permanenza a Belluno. Il terzo capitolo si focalizza sul flusso migratorio contrario, dal Brasile verso Belluno. Dal momento che, attualmente, la letteratura in materia \u00e8 praticamente inesistente, questa sessione \u00e8 una ricerca sul campo e si basa sulla raccolta di testimonianze orali tra gli immigrati. Come nel primo capitolo, gli argomenti sono presentati in ordine cronologico: si comincia dalla situazione socioeconomica nelle aree di partenza, ricercando le motivazioni che spingono a migrare, si passa quindi al viaggio per concludere con la situazione d\u2019arrivo. In particolar modo, l\u2019ultima parte si concentra sulle relazioni tra i brasiliani, sul loro rapporto tra gli italiani, e con le istituzioni italiane. Un fenomeno che \u00e8 iniziato in sordina per arrivare ad avere, in totale, iscritti all\u2019anagrafe di Belluno nel 2008 836 italo-brasiliani<\/p>","protected":false},"excerpt":{"rendered":"<p>Venerd\u00ec 2 ottobre, alle ore 18.30, nella Sala degli Stemmi del Palazzo Municipale di Feltre verr\u00e0 presentato il volume \u201cBelluno Brasile a\/r\u201d, ricerca sull\u2019immigrazione italo-brasiliana in Provincia di Belluno di Francesco Gallio. Nel corso della serata, organizzata dal Comune di Feltre, l\u2019autore dialogher\u00e0 con la dottoressa Flavia Colle, mentre sono altres\u00ec previsti gli interventi degli [&hellip;]<\/p>\n","protected":false},"author":2,"featured_media":0,"comment_status":"closed","ping_status":"open","sticky":false,"template":"","format":"standard","meta":{"footnotes":""},"categories":[3,25],"tags":[139,302],"class_list":["post-8471","post","type-post","status-publish","format-standard","category-arte-cultura-spettacoli-scienza-archivi","category-pausa-caffe","tag-belluno","tag-feltre"],"yoast_head":"<!-- This site is optimized with the Yoast SEO plugin v28.4 - https:\/\/yoast.com\/product\/yoast-seo-wordpress\/ -->\n<title>Presentazione del volume &quot;Belluno Brasile a\/r&quot; - Feltre, Sala degli Stemmi, venerd\u00ec 2 ottobre, ore 18.30 - Bellunopress - Dolomiti<\/title>\n<meta name=\"robots\" content=\"index, follow, max-snippet:-1, max-image-preview:large, max-video-preview:-1\" \/>\n<link rel=\"canonical\" href=\"https:\/\/www.bellunopress.it\/fr\/2009\/09\/28\/presentazione-del-volume-belluno-brasile-ar-feltre-sala-degli-stemmi-venerdi-2-ottobre-ore-1830\/\" \/>\n<meta property=\"og:locale\" content=\"fr_FR\" \/>\n<meta property=\"og:type\" content=\"article\" \/>\n<meta property=\"og:title\" content=\"Presentazione del volume &quot;Belluno Brasile a\/r&quot; - Feltre, Sala degli Stemmi, venerd\u00ec 2 ottobre, ore 18.30 - Bellunopress - Dolomiti\" \/>\n<meta property=\"og:description\" content=\"Venerd\u00ec 2 ottobre, alle ore 18.30, nella Sala degli Stemmi del Palazzo Municipale di Feltre verr\u00e0 presentato il volume \u201cBelluno Brasile a\/r\u201d, ricerca sull\u2019immigrazione italo-brasiliana in Provincia di Belluno di Francesco Gallio. Nel corso della serata, organizzata dal Comune di Feltre, l\u2019autore dialogher\u00e0 con la dottoressa Flavia Colle, mentre sono altres\u00ec previsti gli interventi degli [&hellip;]\" \/>\n<meta property=\"og:url\" content=\"https:\/\/www.bellunopress.it\/fr\/2009\/09\/28\/presentazione-del-volume-belluno-brasile-ar-feltre-sala-degli-stemmi-venerdi-2-ottobre-ore-1830\/\" \/>\n<meta property=\"og:site_name\" content=\"Bellunopress - Dolomiti\" \/>\n<meta property=\"article:publisher\" content=\"https:\/\/www.facebook.com\/profile.php?id=100008943462799\" \/>\n<meta property=\"article:published_time\" content=\"2009-09-28T20:20:33+00:00\" \/>\n<meta property=\"og:image\" content=\"http:\/\/www.bellunopress.it\/wp-content\/uploads\/2012\/07\/logo-bellunopress-250x250-2012.jpg\" \/>\n<meta name=\"author\" content=\"redazione\" \/>\n<meta name=\"twitter:card\" content=\"summary_large_image\" \/>\n<meta name=\"twitter:creator\" content=\"@bellunopress\" \/>\n<meta name=\"twitter:site\" content=\"@bellunopress\" \/>\n<meta name=\"twitter:label1\" content=\"\u00c9crit par\" \/>\n\t<meta name=\"twitter:data1\" content=\"redazione\" \/>\n\t<meta name=\"twitter:label2\" content=\"Dur\u00e9e de lecture estim\u00e9e\" \/>\n\t<meta name=\"twitter:data2\" content=\"3 minutes\" \/>\n<script type=\"application\/ld+json\" class=\"yoast-schema-graph\">{\"@context\":\"https:\\\/\\\/schema.org\",\"@graph\":[{\"@type\":\"Article\",\"@id\":\"https:\\\/\\\/www.bellunopress.it\\\/2009\\\/09\\\/28\\\/presentazione-del-volume-belluno-brasile-ar-feltre-sala-degli-stemmi-venerdi-2-ottobre-ore-1830\\\/#article\",\"isPartOf\":{\"@id\":\"https:\\\/\\\/www.bellunopress.it\\\/2009\\\/09\\\/28\\\/presentazione-del-volume-belluno-brasile-ar-feltre-sala-degli-stemmi-venerdi-2-ottobre-ore-1830\\\/\"},\"author\":{\"name\":\"redazione\",\"@id\":\"https:\\\/\\\/www.bellunopress.it\\\/#\\\/schema\\\/person\\\/79bb06722b37ece1c03d3e94beb30d73\"},\"headline\":\"Presentazione del volume &#8220;Belluno Brasile a\\\/r&#8221; &#8211; Feltre, Sala degli Stemmi, venerd\u00ec 2 ottobre, ore 18.30\",\"datePublished\":\"2009-09-28T20:20:33+00:00\",\"mainEntityOfPage\":{\"@id\":\"https:\\\/\\\/www.bellunopress.it\\\/2009\\\/09\\\/28\\\/presentazione-del-volume-belluno-brasile-ar-feltre-sala-degli-stemmi-venerdi-2-ottobre-ore-1830\\\/\"},\"wordCount\":519,\"publisher\":{\"@id\":\"https:\\\/\\\/www.bellunopress.it\\\/#organization\"},\"keywords\":[\"Belluno\",\"Feltre\"],\"articleSection\":[\"Arte, Cultura, Spettacoli, Scienza\",\"Pausa Caff\u00e8\"],\"inLanguage\":\"fr-FR\"},{\"@type\":\"WebPage\",\"@id\":\"https:\\\/\\\/www.bellunopress.it\\\/2009\\\/09\\\/28\\\/presentazione-del-volume-belluno-brasile-ar-feltre-sala-degli-stemmi-venerdi-2-ottobre-ore-1830\\\/\",\"url\":\"https:\\\/\\\/www.bellunopress.it\\\/2009\\\/09\\\/28\\\/presentazione-del-volume-belluno-brasile-ar-feltre-sala-degli-stemmi-venerdi-2-ottobre-ore-1830\\\/\",\"name\":\"Presentazione del volume \\\"Belluno Brasile a\\\/r\\\" - Feltre, Sala degli Stemmi, venerd\u00ec 2 ottobre, ore 18.30 - Bellunopress - Dolomiti\",\"isPartOf\":{\"@id\":\"https:\\\/\\\/www.bellunopress.it\\\/#website\"},\"datePublished\":\"2009-09-28T20:20:33+00:00\",\"breadcrumb\":{\"@id\":\"https:\\\/\\\/www.bellunopress.it\\\/2009\\\/09\\\/28\\\/presentazione-del-volume-belluno-brasile-ar-feltre-sala-degli-stemmi-venerdi-2-ottobre-ore-1830\\\/#breadcrumb\"},\"inLanguage\":\"fr-FR\",\"potentialAction\":[{\"@type\":\"ReadAction\",\"target\":[\"https:\\\/\\\/www.bellunopress.it\\\/2009\\\/09\\\/28\\\/presentazione-del-volume-belluno-brasile-ar-feltre-sala-degli-stemmi-venerdi-2-ottobre-ore-1830\\\/\"]}]},{\"@type\":\"BreadcrumbList\",\"@id\":\"https:\\\/\\\/www.bellunopress.it\\\/2009\\\/09\\\/28\\\/presentazione-del-volume-belluno-brasile-ar-feltre-sala-degli-stemmi-venerdi-2-ottobre-ore-1830\\\/#breadcrumb\",\"itemListElement\":[{\"@type\":\"ListItem\",\"position\":1,\"name\":\"Home\",\"item\":\"https:\\\/\\\/www.bellunopress.it\\\/\"},{\"@type\":\"ListItem\",\"position\":2,\"name\":\"Presentazione del volume &#8220;Belluno Brasile a\\\/r&#8221; &#8211; Feltre, Sala degli Stemmi, venerd\u00ec 2 ottobre, ore 18.30\"}]},{\"@type\":\"WebSite\",\"@id\":\"https:\\\/\\\/www.bellunopress.it\\\/#website\",\"url\":\"https:\\\/\\\/www.bellunopress.it\\\/\",\"name\":\"Bellunopress - Dolomiti\",\"description\":\"e-mail: redazione@bellunopress.it\",\"publisher\":{\"@id\":\"https:\\\/\\\/www.bellunopress.it\\\/#organization\"},\"potentialAction\":[{\"@type\":\"SearchAction\",\"target\":{\"@type\":\"EntryPoint\",\"urlTemplate\":\"https:\\\/\\\/www.bellunopress.it\\\/?s={search_term_string}\"},\"query-input\":{\"@type\":\"PropertyValueSpecification\",\"valueRequired\":true,\"valueName\":\"search_term_string\"}}],\"inLanguage\":\"fr-FR\"},{\"@type\":\"Organization\",\"@id\":\"https:\\\/\\\/www.bellunopress.it\\\/#organization\",\"name\":\"Bellunopress\",\"url\":\"https:\\\/\\\/www.bellunopress.it\\\/\",\"logo\":{\"@type\":\"ImageObject\",\"inLanguage\":\"fr-FR\",\"@id\":\"https:\\\/\\\/www.bellunopress.it\\\/#\\\/schema\\\/logo\\\/image\\\/\",\"url\":\"https:\\\/\\\/www.bellunopress.it\\\/wp-content\\\/uploads\\\/2011\\\/05\\\/cropped-logo-bellunopress-.jpg\",\"contentUrl\":\"https:\\\/\\\/www.bellunopress.it\\\/wp-content\\\/uploads\\\/2011\\\/05\\\/cropped-logo-bellunopress-.jpg\",\"width\":512,\"height\":512,\"caption\":\"Bellunopress\"},\"image\":{\"@id\":\"https:\\\/\\\/www.bellunopress.it\\\/#\\\/schema\\\/logo\\\/image\\\/\"},\"sameAs\":[\"https:\\\/\\\/www.facebook.com\\\/profile.php?id=100008943462799\",\"https:\\\/\\\/x.com\\\/bellunopress\",\"https:\\\/\\\/www.linkedin.com\\\/hp\\\/?dnr=JBzUWaJfMUw8vbXJJ2tVW5-I3jZKvC4wsoxE&amp;amp;amp;amp;amp;amp;trk=nav_responsive_tab_home\",\"https:\\\/\\\/www.youtube.com\\\/channel\\\/UCxL0wu1uN0_3_7hGG0306cw\"]},{\"@type\":\"Person\",\"@id\":\"https:\\\/\\\/www.bellunopress.it\\\/#\\\/schema\\\/person\\\/79bb06722b37ece1c03d3e94beb30d73\",\"name\":\"redazione\",\"image\":{\"@type\":\"ImageObject\",\"inLanguage\":\"fr-FR\",\"@id\":\"https:\\\/\\\/secure.gravatar.com\\\/avatar\\\/37d968a2e67a6fd04c169c4bdef102d0bc5d31b2546345219e348575eb80e9a0?s=96&d=mm&r=g\",\"url\":\"https:\\\/\\\/secure.gravatar.com\\\/avatar\\\/37d968a2e67a6fd04c169c4bdef102d0bc5d31b2546345219e348575eb80e9a0?s=96&d=mm&r=g\",\"contentUrl\":\"https:\\\/\\\/secure.gravatar.com\\\/avatar\\\/37d968a2e67a6fd04c169c4bdef102d0bc5d31b2546345219e348575eb80e9a0?s=96&d=mm&r=g\",\"caption\":\"redazione\"},\"sameAs\":[\"http:\\\/\\\/www.bellunopress.it\",\"https:\\\/\\\/x.com\\\/bellunopress\"],\"url\":\"https:\\\/\\\/www.bellunopress.it\\\/fr\\\/author\\\/redazione\\\/\"}]}<\/script>\n<!-- \/ Yoast SEO plugin. -->","yoast_head_json":{"title":"Presentazione del volume \"Belluno Brasile a\/r\" - Feltre, Sala degli Stemmi, venerd\u00ec 2 ottobre, ore 18.30 - Bellunopress - Dolomiti","robots":{"index":"index","follow":"follow","max-snippet":"max-snippet:-1","max-image-preview":"max-image-preview:large","max-video-preview":"max-video-preview:-1"},"canonical":"https:\/\/www.bellunopress.it\/fr\/2009\/09\/28\/presentazione-del-volume-belluno-brasile-ar-feltre-sala-degli-stemmi-venerdi-2-ottobre-ore-1830\/","og_locale":"fr_FR","og_type":"article","og_title":"Presentazione del volume \"Belluno Brasile a\/r\" - Feltre, Sala degli Stemmi, venerd\u00ec 2 ottobre, ore 18.30 - Bellunopress - Dolomiti","og_description":"Venerd\u00ec 2 ottobre, alle ore 18.30, nella Sala degli Stemmi del Palazzo Municipale di Feltre verr\u00e0 presentato il volume \u201cBelluno Brasile a\/r\u201d, ricerca sull\u2019immigrazione italo-brasiliana in Provincia di Belluno di Francesco Gallio. Nel corso della serata, organizzata dal Comune di Feltre, l\u2019autore dialogher\u00e0 con la dottoressa Flavia Colle, mentre sono altres\u00ec previsti gli interventi degli [&hellip;]","og_url":"https:\/\/www.bellunopress.it\/fr\/2009\/09\/28\/presentazione-del-volume-belluno-brasile-ar-feltre-sala-degli-stemmi-venerdi-2-ottobre-ore-1830\/","og_site_name":"Bellunopress - Dolomiti","article_publisher":"https:\/\/www.facebook.com\/profile.php?id=100008943462799","article_published_time":"2009-09-28T20:20:33+00:00","og_image":[{"url":"http:\/\/www.bellunopress.it\/wp-content\/uploads\/2012\/07\/logo-bellunopress-250x250-2012.jpg","type":"","width":"","height":""}],"author":"redazione","twitter_card":"summary_large_image","twitter_creator":"@bellunopress","twitter_site":"@bellunopress","twitter_misc":{"\u00c9crit par":"redazione","Dur\u00e9e de lecture estim\u00e9e":"3 minutes"},"schema":{"@context":"https:\/\/schema.org","@graph":[{"@type":"Article","@id":"https:\/\/www.bellunopress.it\/2009\/09\/28\/presentazione-del-volume-belluno-brasile-ar-feltre-sala-degli-stemmi-venerdi-2-ottobre-ore-1830\/#article","isPartOf":{"@id":"https:\/\/www.bellunopress.it\/2009\/09\/28\/presentazione-del-volume-belluno-brasile-ar-feltre-sala-degli-stemmi-venerdi-2-ottobre-ore-1830\/"},"author":{"name":"redazione","@id":"https:\/\/www.bellunopress.it\/#\/schema\/person\/79bb06722b37ece1c03d3e94beb30d73"},"headline":"Presentazione del volume &#8220;Belluno Brasile a\/r&#8221; &#8211; Feltre, Sala degli Stemmi, venerd\u00ec 2 ottobre, ore 18.30","datePublished":"2009-09-28T20:20:33+00:00","mainEntityOfPage":{"@id":"https:\/\/www.bellunopress.it\/2009\/09\/28\/presentazione-del-volume-belluno-brasile-ar-feltre-sala-degli-stemmi-venerdi-2-ottobre-ore-1830\/"},"wordCount":519,"publisher":{"@id":"https:\/\/www.bellunopress.it\/#organization"},"keywords":["Belluno","Feltre"],"articleSection":["Arte, Cultura, Spettacoli, Scienza","Pausa Caff\u00e8"],"inLanguage":"fr-FR"},{"@type":"WebPage","@id":"https:\/\/www.bellunopress.it\/2009\/09\/28\/presentazione-del-volume-belluno-brasile-ar-feltre-sala-degli-stemmi-venerdi-2-ottobre-ore-1830\/","url":"https:\/\/www.bellunopress.it\/2009\/09\/28\/presentazione-del-volume-belluno-brasile-ar-feltre-sala-degli-stemmi-venerdi-2-ottobre-ore-1830\/","name":"Presentazione del volume \"Belluno Brasile a\/r\" - Feltre, Sala degli Stemmi, venerd\u00ec 2 ottobre, ore 18.30 - Bellunopress - Dolomiti","isPartOf":{"@id":"https:\/\/www.bellunopress.it\/#website"},"datePublished":"2009-09-28T20:20:33+00:00","breadcrumb":{"@id":"https:\/\/www.bellunopress.it\/2009\/09\/28\/presentazione-del-volume-belluno-brasile-ar-feltre-sala-degli-stemmi-venerdi-2-ottobre-ore-1830\/#breadcrumb"},"inLanguage":"fr-FR","potentialAction":[{"@type":"ReadAction","target":["https:\/\/www.bellunopress.it\/2009\/09\/28\/presentazione-del-volume-belluno-brasile-ar-feltre-sala-degli-stemmi-venerdi-2-ottobre-ore-1830\/"]}]},{"@type":"BreadcrumbList","@id":"https:\/\/www.bellunopress.it\/2009\/09\/28\/presentazione-del-volume-belluno-brasile-ar-feltre-sala-degli-stemmi-venerdi-2-ottobre-ore-1830\/#breadcrumb","itemListElement":[{"@type":"ListItem","position":1,"name":"Home","item":"https:\/\/www.bellunopress.it\/"},{"@type":"ListItem","position":2,"name":"Presentazione del volume &#8220;Belluno Brasile a\/r&#8221; &#8211; Feltre, Sala degli Stemmi, venerd\u00ec 2 ottobre, ore 18.30"}]},{"@type":"WebSite","@id":"https:\/\/www.bellunopress.it\/#website","url":"https:\/\/www.bellunopress.it\/","name":"Bellunopress - Dolomiti","description":"e-mail: redazione@bellunopress.it","publisher":{"@id":"https:\/\/www.bellunopress.it\/#organization"},"potentialAction":[{"@type":"SearchAction","target":{"@type":"EntryPoint","urlTemplate":"https:\/\/www.bellunopress.it\/?s={search_term_string}"},"query-input":{"@type":"PropertyValueSpecification","valueRequired":true,"valueName":"search_term_string"}}],"inLanguage":"fr-FR"},{"@type":"Organization","@id":"https:\/\/www.bellunopress.it\/#organization","name":"Bellunopress","url":"https:\/\/www.bellunopress.it\/","logo":{"@type":"ImageObject","inLanguage":"fr-FR","@id":"https:\/\/www.bellunopress.it\/#\/schema\/logo\/image\/","url":"https:\/\/www.bellunopress.it\/wp-content\/uploads\/2011\/05\/cropped-logo-bellunopress-.jpg","contentUrl":"https:\/\/www.bellunopress.it\/wp-content\/uploads\/2011\/05\/cropped-logo-bellunopress-.jpg","width":512,"height":512,"caption":"Bellunopress"},"image":{"@id":"https:\/\/www.bellunopress.it\/#\/schema\/logo\/image\/"},"sameAs":["https:\/\/www.facebook.com\/profile.php?id=100008943462799","https:\/\/x.com\/bellunopress","https:\/\/www.linkedin.com\/hp\/?dnr=JBzUWaJfMUw8vbXJJ2tVW5-I3jZKvC4wsoxE&amp;amp;amp;amp;amp;amp;trk=nav_responsive_tab_home","https:\/\/www.youtube.com\/channel\/UCxL0wu1uN0_3_7hGG0306cw"]},{"@type":"Person","@id":"https:\/\/www.bellunopress.it\/#\/schema\/person\/79bb06722b37ece1c03d3e94beb30d73","name":"r\u00e9daction","image":{"@type":"ImageObject","inLanguage":"fr-FR","@id":"https:\/\/secure.gravatar.com\/avatar\/37d968a2e67a6fd04c169c4bdef102d0bc5d31b2546345219e348575eb80e9a0?s=96&d=mm&r=g","url":"https:\/\/secure.gravatar.com\/avatar\/37d968a2e67a6fd04c169c4bdef102d0bc5d31b2546345219e348575eb80e9a0?s=96&d=mm&r=g","contentUrl":"https:\/\/secure.gravatar.com\/avatar\/37d968a2e67a6fd04c169c4bdef102d0bc5d31b2546345219e348575eb80e9a0?s=96&d=mm&r=g","caption":"redazione"},"sameAs":["http:\/\/www.bellunopress.it","https:\/\/x.com\/bellunopress"],"url":"https:\/\/www.bellunopress.it\/fr\/author\/redazione\/"}]}},"_links":{"self":[{"href":"https:\/\/www.bellunopress.it\/fr\/wp-json\/wp\/v2\/posts\/8471","targetHints":{"allow":["GET"]}}],"collection":[{"href":"https:\/\/www.bellunopress.it\/fr\/wp-json\/wp\/v2\/posts"}],"about":[{"href":"https:\/\/www.bellunopress.it\/fr\/wp-json\/wp\/v2\/types\/post"}],"author":[{"embeddable":true,"href":"https:\/\/www.bellunopress.it\/fr\/wp-json\/wp\/v2\/users\/2"}],"replies":[{"embeddable":true,"href":"https:\/\/www.bellunopress.it\/fr\/wp-json\/wp\/v2\/comments?post=8471"}],"version-history":[{"count":1,"href":"https:\/\/www.bellunopress.it\/fr\/wp-json\/wp\/v2\/posts\/8471\/revisions"}],"predecessor-version":[{"id":8472,"href":"https:\/\/www.bellunopress.it\/fr\/wp-json\/wp\/v2\/posts\/8471\/revisions\/8472"}],"wp:attachment":[{"href":"https:\/\/www.bellunopress.it\/fr\/wp-json\/wp\/v2\/media?parent=8471"}],"wp:term":[{"taxonomy":"category","embeddable":true,"href":"https:\/\/www.bellunopress.it\/fr\/wp-json\/wp\/v2\/categories?post=8471"},{"taxonomy":"post_tag","embeddable":true,"href":"https:\/\/www.bellunopress.it\/fr\/wp-json\/wp\/v2\/tags?post=8471"}],"curies":[{"name":"wp","href":"https:\/\/api.w.org\/{rel}","templated":true}]}}