{"id":8463,"date":"2009-09-28T15:03:03","date_gmt":"2009-09-28T14:03:03","guid":{"rendered":"http:\/\/www.bellunopress.it\/?p=8463"},"modified":"2009-09-28T15:03:03","modified_gmt":"2009-09-28T14:03:03","slug":"martedi-primo-incontro-sulla-gravidanza-alla-sala-placido-di-pieve-dalpago","status":"publish","type":"post","link":"https:\/\/www.bellunopress.it\/fr\/2009\/09\/28\/martedi-primo-incontro-sulla-gravidanza-alla-sala-placido-di-pieve-dalpago\/","title":{"rendered":"Marted\u00ec primo incontro sulla gravidanza alla Sala Placido di Pieve d&#8217;Alpago"},"content":{"rendered":"<p>Il Comune di Pieve d&#8217;\u0092Alpago, presso la Sala Placido Fabris, ha allestito una serie di incontri dedicati alla salute e in particolare agli spetti psicologici della salute. Gli incontri sono aperti a tutti e si articoleranno su varie tematiche relative agli eventi che caratterizzano il corso della vita. Si alterneranno psicologi con varia formazione con l\u0092obiettivo non di offrire una lezione frontale, ma di stimolare riflessioni su temi di interesse generale, scambiando opinioni anche su argomenti di attualit\u00e0. Si comincer\u00e0 marted\u00ec 29 settembre (ore 20.30) con il tema \u0093LA GRAVIDANZA E IL PUERPERIO: che coppia siamo, che genitori saremo\u0094; il secondo incontro \u00e8 programmato per sabato 3 ottobre (ore 15.00) con il tema \u0093L&#8217;EDUCAZIONE RAZIONALE EMOTIVA, viaggio alla scoperta delle emozioni\u0094; si proseguir\u00e0 venerd\u00ec 16 ottobre (ore 20.30) parlando di \u0093STRESS E SALUTE\u0094, poi venerd\u00ec 23 ottobre (ore 20.30) con \u0093CONFLITTI NEL LAVORO: COME SOPRAVVIVERE?\u0094, venerd\u00ec 30 ottobre (ore 20.30) \u0093L\u0092INVISIBILE IN MENOPAUSA\u0094; e infine venerd\u00ec 13 novembre (20.30) con il tema \u0093DORMIRE BENE SENZA FARMACI\u0094. Il primo incontro di marted\u00ec 29 settembre \u00e8 rivolto in particolar modo alle coppie in dolce attesa e ai neo-genitori, verranno affrontate alcune tematiche inerenti alle esperienze della gravidanza e della nascita di un figlio, momenti fra i pi\u00f9 intensi ed emozionanti che la donna e il suo compagno sono chiamati ad affrontare durante la loro vita. Dall&#8217;acquisizione di nuove responsabilit\u00e0 all&#8217;incertezza nelle proprie capacit\u00e0 ad assumere ruoli e competenze, dalle forti emozioni e sensazioni che accompagnano la gestazione e il parto, alle prime difficolt\u00e0 nella pratica educativa, questi alcuni degli argomenti affrontati che permetteranno, attraverso momenti di discussione, confronto e condivisione, di intraprendere con maggiore serenit\u00e0 e consapevolezza il grande viaggio della procreazione e della genitorialit\u00e0. A condurre la serata sar\u00e0 la dott.ssa Vanessa D\u0092&#8217;Alpaos, psicologa clinica. Introdurr\u00e0 la serata, illustrando le modalit\u00e0 degli incontri, il dott. Luca Libanora.<\/p>","protected":false},"excerpt":{"rendered":"<p>Il Comune di Pieve d&#8217;\u0092Alpago, presso la Sala Placido Fabris, ha allestito una serie di incontri dedicati alla salute e in particolare agli spetti psicologici della salute. Gli incontri sono aperti a tutti e si articoleranno su varie tematiche relative agli eventi che caratterizzano il corso della vita. Si alterneranno psicologi con varia formazione con [&hellip;]<\/p>\n","protected":false},"author":2,"featured_media":0,"comment_status":"closed","ping_status":"open","sticky":false,"template":"","format":"standard","meta":{"footnotes":""},"categories":[25,8],"tags":[],"class_list":["post-8463","post","type-post","status-publish","format-standard","category-pausa-caffe","category-societa-istituzioni"],"yoast_head":"<!-- This site is optimized with the Yoast SEO plugin v28.4 - https:\/\/yoast.com\/product\/yoast-seo-wordpress\/ -->\n<title>Marted\u00ec primo incontro sulla gravidanza alla Sala Placido di Pieve d&#039;Alpago - Bellunopress - Dolomiti<\/title>\n<meta name=\"robots\" content=\"index, follow, max-snippet:-1, max-image-preview:large, max-video-preview:-1\" \/>\n<link rel=\"canonical\" href=\"https:\/\/www.bellunopress.it\/fr\/2009\/09\/28\/martedi-primo-incontro-sulla-gravidanza-alla-sala-placido-di-pieve-dalpago\/\" \/>\n<meta property=\"og:locale\" content=\"fr_FR\" \/>\n<meta property=\"og:type\" content=\"article\" \/>\n<meta property=\"og:title\" content=\"Marted\u00ec primo incontro sulla gravidanza alla Sala Placido di Pieve d&#039;Alpago - Bellunopress - Dolomiti\" \/>\n<meta property=\"og:description\" content=\"Il Comune di Pieve d&#8217;\u0092Alpago, presso la Sala Placido Fabris, ha allestito una serie di incontri dedicati alla salute e in particolare agli spetti psicologici della salute. Gli incontri sono aperti a tutti e si articoleranno su varie tematiche relative agli eventi che caratterizzano il corso della vita. Si alterneranno psicologi con varia formazione con [&hellip;]\" \/>\n<meta property=\"og:url\" content=\"https:\/\/www.bellunopress.it\/fr\/2009\/09\/28\/martedi-primo-incontro-sulla-gravidanza-alla-sala-placido-di-pieve-dalpago\/\" \/>\n<meta property=\"og:site_name\" content=\"Bellunopress - Dolomiti\" \/>\n<meta property=\"article:publisher\" content=\"https:\/\/www.facebook.com\/profile.php?id=100008943462799\" \/>\n<meta property=\"article:published_time\" content=\"2009-09-28T14:03:03+00:00\" \/>\n<meta property=\"og:image\" content=\"http:\/\/www.bellunopress.it\/wp-content\/uploads\/2012\/07\/logo-bellunopress-250x250-2012.jpg\" \/>\n<meta name=\"author\" content=\"redazione\" \/>\n<meta name=\"twitter:card\" content=\"summary_large_image\" \/>\n<meta name=\"twitter:creator\" content=\"@bellunopress\" \/>\n<meta name=\"twitter:site\" content=\"@bellunopress\" \/>\n<meta name=\"twitter:label1\" content=\"\u00c9crit par\" \/>\n\t<meta name=\"twitter:data1\" content=\"redazione\" \/>\n\t<meta name=\"twitter:label2\" content=\"Dur\u00e9e de lecture estim\u00e9e\" \/>\n\t<meta name=\"twitter:data2\" content=\"1 minute\" \/>\n<script type=\"application\/ld+json\" class=\"yoast-schema-graph\">{\"@context\":\"https:\\\/\\\/schema.org\",\"@graph\":[{\"@type\":\"Article\",\"@id\":\"https:\\\/\\\/www.bellunopress.it\\\/2009\\\/09\\\/28\\\/martedi-primo-incontro-sulla-gravidanza-alla-sala-placido-di-pieve-dalpago\\\/#article\",\"isPartOf\":{\"@id\":\"https:\\\/\\\/www.bellunopress.it\\\/2009\\\/09\\\/28\\\/martedi-primo-incontro-sulla-gravidanza-alla-sala-placido-di-pieve-dalpago\\\/\"},\"author\":{\"name\":\"redazione\",\"@id\":\"https:\\\/\\\/www.bellunopress.it\\\/#\\\/schema\\\/person\\\/79bb06722b37ece1c03d3e94beb30d73\"},\"headline\":\"Marted\u00ec primo incontro sulla gravidanza alla Sala Placido di Pieve d&#8217;Alpago\",\"datePublished\":\"2009-09-28T14:03:03+00:00\",\"mainEntityOfPage\":{\"@id\":\"https:\\\/\\\/www.bellunopress.it\\\/2009\\\/09\\\/28\\\/martedi-primo-incontro-sulla-gravidanza-alla-sala-placido-di-pieve-dalpago\\\/\"},\"wordCount\":311,\"publisher\":{\"@id\":\"https:\\\/\\\/www.bellunopress.it\\\/#organization\"},\"articleSection\":[\"Pausa Caff\u00e8\",\"Societ\u00e0, Associazioni, Istituzioni\"],\"inLanguage\":\"fr-FR\"},{\"@type\":\"WebPage\",\"@id\":\"https:\\\/\\\/www.bellunopress.it\\\/2009\\\/09\\\/28\\\/martedi-primo-incontro-sulla-gravidanza-alla-sala-placido-di-pieve-dalpago\\\/\",\"url\":\"https:\\\/\\\/www.bellunopress.it\\\/2009\\\/09\\\/28\\\/martedi-primo-incontro-sulla-gravidanza-alla-sala-placido-di-pieve-dalpago\\\/\",\"name\":\"Marted\u00ec primo incontro sulla gravidanza alla Sala Placido di Pieve d'Alpago - Bellunopress - Dolomiti\",\"isPartOf\":{\"@id\":\"https:\\\/\\\/www.bellunopress.it\\\/#website\"},\"datePublished\":\"2009-09-28T14:03:03+00:00\",\"breadcrumb\":{\"@id\":\"https:\\\/\\\/www.bellunopress.it\\\/2009\\\/09\\\/28\\\/martedi-primo-incontro-sulla-gravidanza-alla-sala-placido-di-pieve-dalpago\\\/#breadcrumb\"},\"inLanguage\":\"fr-FR\",\"potentialAction\":[{\"@type\":\"ReadAction\",\"target\":[\"https:\\\/\\\/www.bellunopress.it\\\/2009\\\/09\\\/28\\\/martedi-primo-incontro-sulla-gravidanza-alla-sala-placido-di-pieve-dalpago\\\/\"]}]},{\"@type\":\"BreadcrumbList\",\"@id\":\"https:\\\/\\\/www.bellunopress.it\\\/2009\\\/09\\\/28\\\/martedi-primo-incontro-sulla-gravidanza-alla-sala-placido-di-pieve-dalpago\\\/#breadcrumb\",\"itemListElement\":[{\"@type\":\"ListItem\",\"position\":1,\"name\":\"Home\",\"item\":\"https:\\\/\\\/www.bellunopress.it\\\/\"},{\"@type\":\"ListItem\",\"position\":2,\"name\":\"Marted\u00ec primo incontro sulla gravidanza alla Sala Placido di Pieve d&#8217;Alpago\"}]},{\"@type\":\"WebSite\",\"@id\":\"https:\\\/\\\/www.bellunopress.it\\\/#website\",\"url\":\"https:\\\/\\\/www.bellunopress.it\\\/\",\"name\":\"Bellunopress - Dolomiti\",\"description\":\"e-mail: redazione@bellunopress.it\",\"publisher\":{\"@id\":\"https:\\\/\\\/www.bellunopress.it\\\/#organization\"},\"potentialAction\":[{\"@type\":\"SearchAction\",\"target\":{\"@type\":\"EntryPoint\",\"urlTemplate\":\"https:\\\/\\\/www.bellunopress.it\\\/?s={search_term_string}\"},\"query-input\":{\"@type\":\"PropertyValueSpecification\",\"valueRequired\":true,\"valueName\":\"search_term_string\"}}],\"inLanguage\":\"fr-FR\"},{\"@type\":\"Organization\",\"@id\":\"https:\\\/\\\/www.bellunopress.it\\\/#organization\",\"name\":\"Bellunopress\",\"url\":\"https:\\\/\\\/www.bellunopress.it\\\/\",\"logo\":{\"@type\":\"ImageObject\",\"inLanguage\":\"fr-FR\",\"@id\":\"https:\\\/\\\/www.bellunopress.it\\\/#\\\/schema\\\/logo\\\/image\\\/\",\"url\":\"https:\\\/\\\/www.bellunopress.it\\\/wp-content\\\/uploads\\\/2011\\\/05\\\/cropped-logo-bellunopress-.jpg\",\"contentUrl\":\"https:\\\/\\\/www.bellunopress.it\\\/wp-content\\\/uploads\\\/2011\\\/05\\\/cropped-logo-bellunopress-.jpg\",\"width\":512,\"height\":512,\"caption\":\"Bellunopress\"},\"image\":{\"@id\":\"https:\\\/\\\/www.bellunopress.it\\\/#\\\/schema\\\/logo\\\/image\\\/\"},\"sameAs\":[\"https:\\\/\\\/www.facebook.com\\\/profile.php?id=100008943462799\",\"https:\\\/\\\/x.com\\\/bellunopress\",\"https:\\\/\\\/www.linkedin.com\\\/hp\\\/?dnr=JBzUWaJfMUw8vbXJJ2tVW5-I3jZKvC4wsoxE&amp;amp;amp;amp;amp;amp;trk=nav_responsive_tab_home\",\"https:\\\/\\\/www.youtube.com\\\/channel\\\/UCxL0wu1uN0_3_7hGG0306cw\"]},{\"@type\":\"Person\",\"@id\":\"https:\\\/\\\/www.bellunopress.it\\\/#\\\/schema\\\/person\\\/79bb06722b37ece1c03d3e94beb30d73\",\"name\":\"redazione\",\"image\":{\"@type\":\"ImageObject\",\"inLanguage\":\"fr-FR\",\"@id\":\"https:\\\/\\\/secure.gravatar.com\\\/avatar\\\/37d968a2e67a6fd04c169c4bdef102d0bc5d31b2546345219e348575eb80e9a0?s=96&d=mm&r=g\",\"url\":\"https:\\\/\\\/secure.gravatar.com\\\/avatar\\\/37d968a2e67a6fd04c169c4bdef102d0bc5d31b2546345219e348575eb80e9a0?s=96&d=mm&r=g\",\"contentUrl\":\"https:\\\/\\\/secure.gravatar.com\\\/avatar\\\/37d968a2e67a6fd04c169c4bdef102d0bc5d31b2546345219e348575eb80e9a0?s=96&d=mm&r=g\",\"caption\":\"redazione\"},\"sameAs\":[\"http:\\\/\\\/www.bellunopress.it\",\"https:\\\/\\\/x.com\\\/bellunopress\"],\"url\":\"https:\\\/\\\/www.bellunopress.it\\\/fr\\\/author\\\/redazione\\\/\"}]}<\/script>\n<!-- \/ Yoast SEO plugin. -->","yoast_head_json":{"title":"Marted\u00ec primo incontro sulla gravidanza alla Sala Placido di Pieve d'Alpago - Bellunopress - Dolomiti","robots":{"index":"index","follow":"follow","max-snippet":"max-snippet:-1","max-image-preview":"max-image-preview:large","max-video-preview":"max-video-preview:-1"},"canonical":"https:\/\/www.bellunopress.it\/fr\/2009\/09\/28\/martedi-primo-incontro-sulla-gravidanza-alla-sala-placido-di-pieve-dalpago\/","og_locale":"fr_FR","og_type":"article","og_title":"Marted\u00ec primo incontro sulla gravidanza alla Sala Placido di Pieve d'Alpago - Bellunopress - Dolomiti","og_description":"Il Comune di Pieve d&#8217;\u0092Alpago, presso la Sala Placido Fabris, ha allestito una serie di incontri dedicati alla salute e in particolare agli spetti psicologici della salute. Gli incontri sono aperti a tutti e si articoleranno su varie tematiche relative agli eventi che caratterizzano il corso della vita. Si alterneranno psicologi con varia formazione con [&hellip;]","og_url":"https:\/\/www.bellunopress.it\/fr\/2009\/09\/28\/martedi-primo-incontro-sulla-gravidanza-alla-sala-placido-di-pieve-dalpago\/","og_site_name":"Bellunopress - Dolomiti","article_publisher":"https:\/\/www.facebook.com\/profile.php?id=100008943462799","article_published_time":"2009-09-28T14:03:03+00:00","og_image":[{"url":"http:\/\/www.bellunopress.it\/wp-content\/uploads\/2012\/07\/logo-bellunopress-250x250-2012.jpg","type":"","width":"","height":""}],"author":"redazione","twitter_card":"summary_large_image","twitter_creator":"@bellunopress","twitter_site":"@bellunopress","twitter_misc":{"\u00c9crit par":"redazione","Dur\u00e9e de lecture estim\u00e9e":"1 minute"},"schema":{"@context":"https:\/\/schema.org","@graph":[{"@type":"Article","@id":"https:\/\/www.bellunopress.it\/2009\/09\/28\/martedi-primo-incontro-sulla-gravidanza-alla-sala-placido-di-pieve-dalpago\/#article","isPartOf":{"@id":"https:\/\/www.bellunopress.it\/2009\/09\/28\/martedi-primo-incontro-sulla-gravidanza-alla-sala-placido-di-pieve-dalpago\/"},"author":{"name":"redazione","@id":"https:\/\/www.bellunopress.it\/#\/schema\/person\/79bb06722b37ece1c03d3e94beb30d73"},"headline":"Marted\u00ec primo incontro sulla gravidanza alla Sala Placido di Pieve d&#8217;Alpago","datePublished":"2009-09-28T14:03:03+00:00","mainEntityOfPage":{"@id":"https:\/\/www.bellunopress.it\/2009\/09\/28\/martedi-primo-incontro-sulla-gravidanza-alla-sala-placido-di-pieve-dalpago\/"},"wordCount":311,"publisher":{"@id":"https:\/\/www.bellunopress.it\/#organization"},"articleSection":["Pausa Caff\u00e8","Societ\u00e0, Associazioni, Istituzioni"],"inLanguage":"fr-FR"},{"@type":"WebPage","@id":"https:\/\/www.bellunopress.it\/2009\/09\/28\/martedi-primo-incontro-sulla-gravidanza-alla-sala-placido-di-pieve-dalpago\/","url":"https:\/\/www.bellunopress.it\/2009\/09\/28\/martedi-primo-incontro-sulla-gravidanza-alla-sala-placido-di-pieve-dalpago\/","name":"Marted\u00ec primo incontro sulla gravidanza alla Sala Placido di Pieve d'Alpago - Bellunopress - Dolomiti","isPartOf":{"@id":"https:\/\/www.bellunopress.it\/#website"},"datePublished":"2009-09-28T14:03:03+00:00","breadcrumb":{"@id":"https:\/\/www.bellunopress.it\/2009\/09\/28\/martedi-primo-incontro-sulla-gravidanza-alla-sala-placido-di-pieve-dalpago\/#breadcrumb"},"inLanguage":"fr-FR","potentialAction":[{"@type":"ReadAction","target":["https:\/\/www.bellunopress.it\/2009\/09\/28\/martedi-primo-incontro-sulla-gravidanza-alla-sala-placido-di-pieve-dalpago\/"]}]},{"@type":"BreadcrumbList","@id":"https:\/\/www.bellunopress.it\/2009\/09\/28\/martedi-primo-incontro-sulla-gravidanza-alla-sala-placido-di-pieve-dalpago\/#breadcrumb","itemListElement":[{"@type":"ListItem","position":1,"name":"Home","item":"https:\/\/www.bellunopress.it\/"},{"@type":"ListItem","position":2,"name":"Marted\u00ec primo incontro sulla gravidanza alla Sala Placido di Pieve d&#8217;Alpago"}]},{"@type":"WebSite","@id":"https:\/\/www.bellunopress.it\/#website","url":"https:\/\/www.bellunopress.it\/","name":"Bellunopress - Dolomiti","description":"e-mail: redazione@bellunopress.it","publisher":{"@id":"https:\/\/www.bellunopress.it\/#organization"},"potentialAction":[{"@type":"SearchAction","target":{"@type":"EntryPoint","urlTemplate":"https:\/\/www.bellunopress.it\/?s={search_term_string}"},"query-input":{"@type":"PropertyValueSpecification","valueRequired":true,"valueName":"search_term_string"}}],"inLanguage":"fr-FR"},{"@type":"Organization","@id":"https:\/\/www.bellunopress.it\/#organization","name":"Bellunopress","url":"https:\/\/www.bellunopress.it\/","logo":{"@type":"ImageObject","inLanguage":"fr-FR","@id":"https:\/\/www.bellunopress.it\/#\/schema\/logo\/image\/","url":"https:\/\/www.bellunopress.it\/wp-content\/uploads\/2011\/05\/cropped-logo-bellunopress-.jpg","contentUrl":"https:\/\/www.bellunopress.it\/wp-content\/uploads\/2011\/05\/cropped-logo-bellunopress-.jpg","width":512,"height":512,"caption":"Bellunopress"},"image":{"@id":"https:\/\/www.bellunopress.it\/#\/schema\/logo\/image\/"},"sameAs":["https:\/\/www.facebook.com\/profile.php?id=100008943462799","https:\/\/x.com\/bellunopress","https:\/\/www.linkedin.com\/hp\/?dnr=JBzUWaJfMUw8vbXJJ2tVW5-I3jZKvC4wsoxE&amp;amp;amp;amp;amp;amp;trk=nav_responsive_tab_home","https:\/\/www.youtube.com\/channel\/UCxL0wu1uN0_3_7hGG0306cw"]},{"@type":"Person","@id":"https:\/\/www.bellunopress.it\/#\/schema\/person\/79bb06722b37ece1c03d3e94beb30d73","name":"r\u00e9daction","image":{"@type":"ImageObject","inLanguage":"fr-FR","@id":"https:\/\/secure.gravatar.com\/avatar\/37d968a2e67a6fd04c169c4bdef102d0bc5d31b2546345219e348575eb80e9a0?s=96&d=mm&r=g","url":"https:\/\/secure.gravatar.com\/avatar\/37d968a2e67a6fd04c169c4bdef102d0bc5d31b2546345219e348575eb80e9a0?s=96&d=mm&r=g","contentUrl":"https:\/\/secure.gravatar.com\/avatar\/37d968a2e67a6fd04c169c4bdef102d0bc5d31b2546345219e348575eb80e9a0?s=96&d=mm&r=g","caption":"redazione"},"sameAs":["http:\/\/www.bellunopress.it","https:\/\/x.com\/bellunopress"],"url":"https:\/\/www.bellunopress.it\/fr\/author\/redazione\/"}]}},"_links":{"self":[{"href":"https:\/\/www.bellunopress.it\/fr\/wp-json\/wp\/v2\/posts\/8463","targetHints":{"allow":["GET"]}}],"collection":[{"href":"https:\/\/www.bellunopress.it\/fr\/wp-json\/wp\/v2\/posts"}],"about":[{"href":"https:\/\/www.bellunopress.it\/fr\/wp-json\/wp\/v2\/types\/post"}],"author":[{"embeddable":true,"href":"https:\/\/www.bellunopress.it\/fr\/wp-json\/wp\/v2\/users\/2"}],"replies":[{"embeddable":true,"href":"https:\/\/www.bellunopress.it\/fr\/wp-json\/wp\/v2\/comments?post=8463"}],"version-history":[{"count":1,"href":"https:\/\/www.bellunopress.it\/fr\/wp-json\/wp\/v2\/posts\/8463\/revisions"}],"predecessor-version":[{"id":8464,"href":"https:\/\/www.bellunopress.it\/fr\/wp-json\/wp\/v2\/posts\/8463\/revisions\/8464"}],"wp:attachment":[{"href":"https:\/\/www.bellunopress.it\/fr\/wp-json\/wp\/v2\/media?parent=8463"}],"wp:term":[{"taxonomy":"category","embeddable":true,"href":"https:\/\/www.bellunopress.it\/fr\/wp-json\/wp\/v2\/categories?post=8463"},{"taxonomy":"post_tag","embeddable":true,"href":"https:\/\/www.bellunopress.it\/fr\/wp-json\/wp\/v2\/tags?post=8463"}],"curies":[{"name":"wp","href":"https:\/\/api.w.org\/{rel}","templated":true}]}}