{"id":8440,"date":"2009-09-27T06:47:35","date_gmt":"2009-09-27T05:47:35","guid":{"rendered":"http:\/\/www.bellunopress.it\/?p=8440"},"modified":"2009-09-27T06:47:35","modified_gmt":"2009-09-27T05:47:35","slug":"sulla-diga-del-vajont-con-gli-amici-della-bicicletta-domenica-4-ottobre","status":"publish","type":"post","link":"https:\/\/www.bellunopress.it\/fr\/2009\/09\/27\/sulla-diga-del-vajont-con-gli-amici-della-bicicletta-domenica-4-ottobre\/","title":{"rendered":"Sulla diga del Vajont con Gli amici della bicicletta. Domenica 4 ottobre"},"content":{"rendered":"<p><a href=\"http:\/\/www.bellunopress.it\/wp-content\/uploads\/2009\/09\/vajont-ricordare-pedalando.jpg\"><img loading=\"lazy\" decoding=\"async\" class=\"alignleft size-medium wp-image-8441\" title=\"vajont-ricordare-pedalando\" src=\"http:\/\/www.bellunopress.it\/wp-content\/uploads\/2009\/09\/vajont-ricordare-pedalando.jpg\" alt=\"\" width=\"261\" height=\"256\" \/><\/a>Per iniziativa della FIAB-Amici della Bicicletta di Brescia, anche quest&#8217;anno si ripete la ciclospedizione Vajont: una pedalata di impegno civile, con il fattivo aiuto delle associazioni Fiab di Milano (Ciclobby) e Belluno (Amici della Bicicletta). Come l&#8217;anno scorso, la pedalata partir\u00e0 ufficialmente da Brescia venerd\u00ec 2 ottobre, ma avr\u00e0 un significativo preludio d&#8217;avvio gioved\u00ec 1 ottobre in quel di Milano, grazie ad alcuni soci di Ciclobby, che quest\u2019anno hanno deciso di unirsi alla ciclomanifestazione. La meta \u00e8 la diga del Vajont, per partecipare alla veglia notturna di sabato 3 ottobre coi \u201dCittadini per la Memoria del Vajont\u201d e la giornalista Lucia Vastano, autrice del libro \u201cVajont l&#8217;Onda Lunga\u201d, prosecuzione ideale dell&#8217;impegno di ricerca e denuncia delle molte responsabilit\u00e0, complicit\u00e0, coperture, che fu di Tina Merlin. Sabato 3 ottobre, prima di salire alla diga, i partecipanti al cicloviaggio sosteranno a Belluno (piazza Duomo, ore 14.30): amministratori pubblici, giornalisti, associazioni, cittadini, sono invitati ad un breve incontro di saluto e solidariet\u00e0.\u00a0\u00a0Domenica 4 ottobre la manifestazione culminer\u00e0 con una facile biciclettata di circa 20 Km in val Vajont &#8211; a cui tutti sono invitati &#8211; che partir\u00e0 alle ore 10.30 dalla tristemente famosa diga e vedr\u00e0 coinvolti anche alcuni bimbi di un&#8217;altra strage dimenticata, quella di Beslan (Ossezia del Nord) nel 2004. Si percorrer\u00e0 la strada che attraversa la zona della frana, passando dalla frazione di Pineda, scendendo poi al ponte sul torrente Vajont e risalendo sulla statale. Dopo\u00a0 la\u00a0frazione di S. Martino, si arriver\u00e0 a Erto, attraversando il caratteristico abitato di Erto vecchia, e si ritorner\u00e0 alla diga. Prima per\u00f2, chi se la sente,\u00a0potr\u00e0 salire nel suggestivo paese di Casso (dislivello 150 m), che domina dall\u2019alto la valle. L&#8217;esercizio per la Memoria del Vajont &#8211; oltre al significativo e doveroso ricordo delle vittime &#8211; vuole anche essere un invito a riconsiderare il dissennato uso del territorio, a riappropriarci del diritto\/dovere di essere presenti e di opporsi, quando l&#8217;ambiente \u00e8 violentato.\u00a0 Riteniamo l&#8217;andare in bicicletta una delle tante risposte possibili alla nuova tragedia globale dei cambiamenti climatici, \u201cannunciata\u201d come lo fu la tragedia che si verific\u00f2 il 9 ottobre 1963 alla diga del Vajont, con duemila morti in pochi istanti.<\/p>\n<p>Coordinamento e comunicazione:<br \/>\nMassimo Braghini: 333-4399120, <a href=\"mailto:paciclica@yahoo.it\">paciclica@yahoo.it<\/a>\u00a0 &#8211;\u00a0 Alberto Nencioni: <a href=\"mailto:satanta@alice.it\">satanta@alice.it<\/a><br \/>\nReferente a Belluno: Bortolo Calligaro: 0437-34673, 333-2175846, <a href=\"mailto:bortolo.cal@libero.it\">bortolo.cal@libero.it<\/a><br \/>\nReferente pedalata domenica 4: Luciano: 329-2948163<\/p>","protected":false},"excerpt":{"rendered":"<p>Per iniziativa della FIAB-Amici della Bicicletta di Brescia, anche quest&#8217;anno si ripete la ciclospedizione Vajont: una pedalata di impegno civile, con il fattivo aiuto delle associazioni Fiab di Milano (Ciclobby) e Belluno (Amici della Bicicletta). Come l&#8217;anno scorso, la pedalata partir\u00e0 ufficialmente da Brescia venerd\u00ec 2 ottobre, ma avr\u00e0 un significativo preludio d&#8217;avvio gioved\u00ec 1 [&hellip;]<\/p>\n","protected":false},"author":2,"featured_media":0,"comment_status":"closed","ping_status":"open","sticky":false,"template":"","format":"standard","meta":{"footnotes":""},"categories":[27,25,8],"tags":[139],"class_list":["post-8440","post","type-post","status-publish","format-standard","category-appuntamenti","category-pausa-caffe","category-societa-istituzioni","tag-belluno"],"yoast_head":"<!-- This site is optimized with the Yoast SEO plugin v28.4 - https:\/\/yoast.com\/product\/yoast-seo-wordpress\/ -->\n<title>Sulla diga del Vajont con Gli amici della bicicletta. Domenica 4 ottobre - Bellunopress - Dolomiti<\/title>\n<meta name=\"robots\" content=\"index, follow, max-snippet:-1, max-image-preview:large, max-video-preview:-1\" \/>\n<link rel=\"canonical\" href=\"https:\/\/www.bellunopress.it\/fr\/2009\/09\/27\/sulla-diga-del-vajont-con-gli-amici-della-bicicletta-domenica-4-ottobre\/\" \/>\n<meta property=\"og:locale\" content=\"fr_FR\" \/>\n<meta property=\"og:type\" content=\"article\" \/>\n<meta property=\"og:title\" content=\"Sulla diga del Vajont con Gli amici della bicicletta. Domenica 4 ottobre - Bellunopress - Dolomiti\" \/>\n<meta property=\"og:description\" content=\"Per iniziativa della FIAB-Amici della Bicicletta di Brescia, anche quest&#8217;anno si ripete la ciclospedizione Vajont: una pedalata di impegno civile, con il fattivo aiuto delle associazioni Fiab di Milano (Ciclobby) e Belluno (Amici della Bicicletta). Come l&#8217;anno scorso, la pedalata partir\u00e0 ufficialmente da Brescia venerd\u00ec 2 ottobre, ma avr\u00e0 un significativo preludio d&#8217;avvio gioved\u00ec 1 [&hellip;]\" \/>\n<meta property=\"og:url\" content=\"https:\/\/www.bellunopress.it\/fr\/2009\/09\/27\/sulla-diga-del-vajont-con-gli-amici-della-bicicletta-domenica-4-ottobre\/\" \/>\n<meta property=\"og:site_name\" content=\"Bellunopress - Dolomiti\" \/>\n<meta property=\"article:publisher\" content=\"https:\/\/www.facebook.com\/profile.php?id=100008943462799\" \/>\n<meta property=\"article:published_time\" content=\"2009-09-27T05:47:35+00:00\" \/>\n<meta property=\"og:image\" content=\"http:\/\/www.bellunopress.it\/wp-content\/uploads\/2009\/09\/vajont-ricordare-pedalando.jpg\" \/>\n<meta name=\"author\" content=\"redazione\" \/>\n<meta name=\"twitter:card\" content=\"summary_large_image\" \/>\n<meta name=\"twitter:creator\" content=\"@bellunopress\" \/>\n<meta name=\"twitter:site\" content=\"@bellunopress\" \/>\n<meta name=\"twitter:label1\" content=\"\u00c9crit par\" \/>\n\t<meta name=\"twitter:data1\" content=\"redazione\" \/>\n\t<meta name=\"twitter:label2\" content=\"Dur\u00e9e de lecture estim\u00e9e\" \/>\n\t<meta name=\"twitter:data2\" content=\"2 minutes\" \/>\n<script type=\"application\/ld+json\" class=\"yoast-schema-graph\">{\"@context\":\"https:\\\/\\\/schema.org\",\"@graph\":[{\"@type\":\"Article\",\"@id\":\"https:\\\/\\\/www.bellunopress.it\\\/2009\\\/09\\\/27\\\/sulla-diga-del-vajont-con-gli-amici-della-bicicletta-domenica-4-ottobre\\\/#article\",\"isPartOf\":{\"@id\":\"https:\\\/\\\/www.bellunopress.it\\\/2009\\\/09\\\/27\\\/sulla-diga-del-vajont-con-gli-amici-della-bicicletta-domenica-4-ottobre\\\/\"},\"author\":{\"name\":\"redazione\",\"@id\":\"https:\\\/\\\/www.bellunopress.it\\\/#\\\/schema\\\/person\\\/79bb06722b37ece1c03d3e94beb30d73\"},\"headline\":\"Sulla diga del Vajont con Gli amici della bicicletta. Domenica 4 ottobre\",\"datePublished\":\"2009-09-27T05:47:35+00:00\",\"mainEntityOfPage\":{\"@id\":\"https:\\\/\\\/www.bellunopress.it\\\/2009\\\/09\\\/27\\\/sulla-diga-del-vajont-con-gli-amici-della-bicicletta-domenica-4-ottobre\\\/\"},\"wordCount\":400,\"publisher\":{\"@id\":\"https:\\\/\\\/www.bellunopress.it\\\/#organization\"},\"image\":{\"@id\":\"https:\\\/\\\/www.bellunopress.it\\\/2009\\\/09\\\/27\\\/sulla-diga-del-vajont-con-gli-amici-della-bicicletta-domenica-4-ottobre\\\/#primaryimage\"},\"thumbnailUrl\":\"http:\\\/\\\/www.bellunopress.it\\\/wp-content\\\/uploads\\\/2009\\\/09\\\/vajont-ricordare-pedalando.jpg\",\"keywords\":[\"Belluno\"],\"articleSection\":[\"Appuntamenti, Eventi\",\"Pausa Caff\u00e8\",\"Societ\u00e0, Associazioni, Istituzioni\"],\"inLanguage\":\"fr-FR\"},{\"@type\":\"WebPage\",\"@id\":\"https:\\\/\\\/www.bellunopress.it\\\/2009\\\/09\\\/27\\\/sulla-diga-del-vajont-con-gli-amici-della-bicicletta-domenica-4-ottobre\\\/\",\"url\":\"https:\\\/\\\/www.bellunopress.it\\\/2009\\\/09\\\/27\\\/sulla-diga-del-vajont-con-gli-amici-della-bicicletta-domenica-4-ottobre\\\/\",\"name\":\"Sulla diga del Vajont con Gli amici della bicicletta. Domenica 4 ottobre - Bellunopress - Dolomiti\",\"isPartOf\":{\"@id\":\"https:\\\/\\\/www.bellunopress.it\\\/#website\"},\"primaryImageOfPage\":{\"@id\":\"https:\\\/\\\/www.bellunopress.it\\\/2009\\\/09\\\/27\\\/sulla-diga-del-vajont-con-gli-amici-della-bicicletta-domenica-4-ottobre\\\/#primaryimage\"},\"image\":{\"@id\":\"https:\\\/\\\/www.bellunopress.it\\\/2009\\\/09\\\/27\\\/sulla-diga-del-vajont-con-gli-amici-della-bicicletta-domenica-4-ottobre\\\/#primaryimage\"},\"thumbnailUrl\":\"http:\\\/\\\/www.bellunopress.it\\\/wp-content\\\/uploads\\\/2009\\\/09\\\/vajont-ricordare-pedalando.jpg\",\"datePublished\":\"2009-09-27T05:47:35+00:00\",\"breadcrumb\":{\"@id\":\"https:\\\/\\\/www.bellunopress.it\\\/2009\\\/09\\\/27\\\/sulla-diga-del-vajont-con-gli-amici-della-bicicletta-domenica-4-ottobre\\\/#breadcrumb\"},\"inLanguage\":\"fr-FR\",\"potentialAction\":[{\"@type\":\"ReadAction\",\"target\":[\"https:\\\/\\\/www.bellunopress.it\\\/2009\\\/09\\\/27\\\/sulla-diga-del-vajont-con-gli-amici-della-bicicletta-domenica-4-ottobre\\\/\"]}]},{\"@type\":\"ImageObject\",\"inLanguage\":\"fr-FR\",\"@id\":\"https:\\\/\\\/www.bellunopress.it\\\/2009\\\/09\\\/27\\\/sulla-diga-del-vajont-con-gli-amici-della-bicicletta-domenica-4-ottobre\\\/#primaryimage\",\"url\":\"http:\\\/\\\/www.bellunopress.it\\\/wp-content\\\/uploads\\\/2009\\\/09\\\/vajont-ricordare-pedalando.jpg\",\"contentUrl\":\"http:\\\/\\\/www.bellunopress.it\\\/wp-content\\\/uploads\\\/2009\\\/09\\\/vajont-ricordare-pedalando.jpg\"},{\"@type\":\"BreadcrumbList\",\"@id\":\"https:\\\/\\\/www.bellunopress.it\\\/2009\\\/09\\\/27\\\/sulla-diga-del-vajont-con-gli-amici-della-bicicletta-domenica-4-ottobre\\\/#breadcrumb\",\"itemListElement\":[{\"@type\":\"ListItem\",\"position\":1,\"name\":\"Home\",\"item\":\"https:\\\/\\\/www.bellunopress.it\\\/\"},{\"@type\":\"ListItem\",\"position\":2,\"name\":\"Sulla diga del Vajont con Gli amici della bicicletta. Domenica 4 ottobre\"}]},{\"@type\":\"WebSite\",\"@id\":\"https:\\\/\\\/www.bellunopress.it\\\/#website\",\"url\":\"https:\\\/\\\/www.bellunopress.it\\\/\",\"name\":\"Bellunopress - Dolomiti\",\"description\":\"e-mail: redazione@bellunopress.it\",\"publisher\":{\"@id\":\"https:\\\/\\\/www.bellunopress.it\\\/#organization\"},\"potentialAction\":[{\"@type\":\"SearchAction\",\"target\":{\"@type\":\"EntryPoint\",\"urlTemplate\":\"https:\\\/\\\/www.bellunopress.it\\\/?s={search_term_string}\"},\"query-input\":{\"@type\":\"PropertyValueSpecification\",\"valueRequired\":true,\"valueName\":\"search_term_string\"}}],\"inLanguage\":\"fr-FR\"},{\"@type\":\"Organization\",\"@id\":\"https:\\\/\\\/www.bellunopress.it\\\/#organization\",\"name\":\"Bellunopress\",\"url\":\"https:\\\/\\\/www.bellunopress.it\\\/\",\"logo\":{\"@type\":\"ImageObject\",\"inLanguage\":\"fr-FR\",\"@id\":\"https:\\\/\\\/www.bellunopress.it\\\/#\\\/schema\\\/logo\\\/image\\\/\",\"url\":\"https:\\\/\\\/www.bellunopress.it\\\/wp-content\\\/uploads\\\/2011\\\/05\\\/cropped-logo-bellunopress-.jpg\",\"contentUrl\":\"https:\\\/\\\/www.bellunopress.it\\\/wp-content\\\/uploads\\\/2011\\\/05\\\/cropped-logo-bellunopress-.jpg\",\"width\":512,\"height\":512,\"caption\":\"Bellunopress\"},\"image\":{\"@id\":\"https:\\\/\\\/www.bellunopress.it\\\/#\\\/schema\\\/logo\\\/image\\\/\"},\"sameAs\":[\"https:\\\/\\\/www.facebook.com\\\/profile.php?id=100008943462799\",\"https:\\\/\\\/x.com\\\/bellunopress\",\"https:\\\/\\\/www.linkedin.com\\\/hp\\\/?dnr=JBzUWaJfMUw8vbXJJ2tVW5-I3jZKvC4wsoxE&amp;amp;amp;amp;amp;amp;trk=nav_responsive_tab_home\",\"https:\\\/\\\/www.youtube.com\\\/channel\\\/UCxL0wu1uN0_3_7hGG0306cw\"]},{\"@type\":\"Person\",\"@id\":\"https:\\\/\\\/www.bellunopress.it\\\/#\\\/schema\\\/person\\\/79bb06722b37ece1c03d3e94beb30d73\",\"name\":\"redazione\",\"image\":{\"@type\":\"ImageObject\",\"inLanguage\":\"fr-FR\",\"@id\":\"https:\\\/\\\/secure.gravatar.com\\\/avatar\\\/37d968a2e67a6fd04c169c4bdef102d0bc5d31b2546345219e348575eb80e9a0?s=96&d=mm&r=g\",\"url\":\"https:\\\/\\\/secure.gravatar.com\\\/avatar\\\/37d968a2e67a6fd04c169c4bdef102d0bc5d31b2546345219e348575eb80e9a0?s=96&d=mm&r=g\",\"contentUrl\":\"https:\\\/\\\/secure.gravatar.com\\\/avatar\\\/37d968a2e67a6fd04c169c4bdef102d0bc5d31b2546345219e348575eb80e9a0?s=96&d=mm&r=g\",\"caption\":\"redazione\"},\"sameAs\":[\"http:\\\/\\\/www.bellunopress.it\",\"https:\\\/\\\/x.com\\\/bellunopress\"],\"url\":\"https:\\\/\\\/www.bellunopress.it\\\/fr\\\/author\\\/redazione\\\/\"}]}<\/script>\n<!-- \/ Yoast SEO plugin. -->","yoast_head_json":{"title":"Sulla diga del Vajont con Gli amici della bicicletta. Domenica 4 ottobre - Bellunopress - Dolomiti","robots":{"index":"index","follow":"follow","max-snippet":"max-snippet:-1","max-image-preview":"max-image-preview:large","max-video-preview":"max-video-preview:-1"},"canonical":"https:\/\/www.bellunopress.it\/fr\/2009\/09\/27\/sulla-diga-del-vajont-con-gli-amici-della-bicicletta-domenica-4-ottobre\/","og_locale":"fr_FR","og_type":"article","og_title":"Sulla diga del Vajont con Gli amici della bicicletta. Domenica 4 ottobre - Bellunopress - Dolomiti","og_description":"Per iniziativa della FIAB-Amici della Bicicletta di Brescia, anche quest&#8217;anno si ripete la ciclospedizione Vajont: una pedalata di impegno civile, con il fattivo aiuto delle associazioni Fiab di Milano (Ciclobby) e Belluno (Amici della Bicicletta). Come l&#8217;anno scorso, la pedalata partir\u00e0 ufficialmente da Brescia venerd\u00ec 2 ottobre, ma avr\u00e0 un significativo preludio d&#8217;avvio gioved\u00ec 1 [&hellip;]","og_url":"https:\/\/www.bellunopress.it\/fr\/2009\/09\/27\/sulla-diga-del-vajont-con-gli-amici-della-bicicletta-domenica-4-ottobre\/","og_site_name":"Bellunopress - Dolomiti","article_publisher":"https:\/\/www.facebook.com\/profile.php?id=100008943462799","article_published_time":"2009-09-27T05:47:35+00:00","og_image":[{"url":"http:\/\/www.bellunopress.it\/wp-content\/uploads\/2009\/09\/vajont-ricordare-pedalando.jpg","type":"","width":"","height":""}],"author":"redazione","twitter_card":"summary_large_image","twitter_creator":"@bellunopress","twitter_site":"@bellunopress","twitter_misc":{"\u00c9crit par":"redazione","Dur\u00e9e de lecture estim\u00e9e":"2 minutes"},"schema":{"@context":"https:\/\/schema.org","@graph":[{"@type":"Article","@id":"https:\/\/www.bellunopress.it\/2009\/09\/27\/sulla-diga-del-vajont-con-gli-amici-della-bicicletta-domenica-4-ottobre\/#article","isPartOf":{"@id":"https:\/\/www.bellunopress.it\/2009\/09\/27\/sulla-diga-del-vajont-con-gli-amici-della-bicicletta-domenica-4-ottobre\/"},"author":{"name":"redazione","@id":"https:\/\/www.bellunopress.it\/#\/schema\/person\/79bb06722b37ece1c03d3e94beb30d73"},"headline":"Sulla diga del Vajont con Gli amici della bicicletta. Domenica 4 ottobre","datePublished":"2009-09-27T05:47:35+00:00","mainEntityOfPage":{"@id":"https:\/\/www.bellunopress.it\/2009\/09\/27\/sulla-diga-del-vajont-con-gli-amici-della-bicicletta-domenica-4-ottobre\/"},"wordCount":400,"publisher":{"@id":"https:\/\/www.bellunopress.it\/#organization"},"image":{"@id":"https:\/\/www.bellunopress.it\/2009\/09\/27\/sulla-diga-del-vajont-con-gli-amici-della-bicicletta-domenica-4-ottobre\/#primaryimage"},"thumbnailUrl":"http:\/\/www.bellunopress.it\/wp-content\/uploads\/2009\/09\/vajont-ricordare-pedalando.jpg","keywords":["Belluno"],"articleSection":["Appuntamenti, Eventi","Pausa Caff\u00e8","Societ\u00e0, Associazioni, Istituzioni"],"inLanguage":"fr-FR"},{"@type":"WebPage","@id":"https:\/\/www.bellunopress.it\/2009\/09\/27\/sulla-diga-del-vajont-con-gli-amici-della-bicicletta-domenica-4-ottobre\/","url":"https:\/\/www.bellunopress.it\/2009\/09\/27\/sulla-diga-del-vajont-con-gli-amici-della-bicicletta-domenica-4-ottobre\/","name":"Sulla diga del Vajont con Gli amici della bicicletta. Domenica 4 ottobre - Bellunopress - Dolomiti","isPartOf":{"@id":"https:\/\/www.bellunopress.it\/#website"},"primaryImageOfPage":{"@id":"https:\/\/www.bellunopress.it\/2009\/09\/27\/sulla-diga-del-vajont-con-gli-amici-della-bicicletta-domenica-4-ottobre\/#primaryimage"},"image":{"@id":"https:\/\/www.bellunopress.it\/2009\/09\/27\/sulla-diga-del-vajont-con-gli-amici-della-bicicletta-domenica-4-ottobre\/#primaryimage"},"thumbnailUrl":"http:\/\/www.bellunopress.it\/wp-content\/uploads\/2009\/09\/vajont-ricordare-pedalando.jpg","datePublished":"2009-09-27T05:47:35+00:00","breadcrumb":{"@id":"https:\/\/www.bellunopress.it\/2009\/09\/27\/sulla-diga-del-vajont-con-gli-amici-della-bicicletta-domenica-4-ottobre\/#breadcrumb"},"inLanguage":"fr-FR","potentialAction":[{"@type":"ReadAction","target":["https:\/\/www.bellunopress.it\/2009\/09\/27\/sulla-diga-del-vajont-con-gli-amici-della-bicicletta-domenica-4-ottobre\/"]}]},{"@type":"ImageObject","inLanguage":"fr-FR","@id":"https:\/\/www.bellunopress.it\/2009\/09\/27\/sulla-diga-del-vajont-con-gli-amici-della-bicicletta-domenica-4-ottobre\/#primaryimage","url":"http:\/\/www.bellunopress.it\/wp-content\/uploads\/2009\/09\/vajont-ricordare-pedalando.jpg","contentUrl":"http:\/\/www.bellunopress.it\/wp-content\/uploads\/2009\/09\/vajont-ricordare-pedalando.jpg"},{"@type":"BreadcrumbList","@id":"https:\/\/www.bellunopress.it\/2009\/09\/27\/sulla-diga-del-vajont-con-gli-amici-della-bicicletta-domenica-4-ottobre\/#breadcrumb","itemListElement":[{"@type":"ListItem","position":1,"name":"Home","item":"https:\/\/www.bellunopress.it\/"},{"@type":"ListItem","position":2,"name":"Sulla diga del Vajont con Gli amici della bicicletta. Domenica 4 ottobre"}]},{"@type":"WebSite","@id":"https:\/\/www.bellunopress.it\/#website","url":"https:\/\/www.bellunopress.it\/","name":"Bellunopress - Dolomiti","description":"e-mail: redazione@bellunopress.it","publisher":{"@id":"https:\/\/www.bellunopress.it\/#organization"},"potentialAction":[{"@type":"SearchAction","target":{"@type":"EntryPoint","urlTemplate":"https:\/\/www.bellunopress.it\/?s={search_term_string}"},"query-input":{"@type":"PropertyValueSpecification","valueRequired":true,"valueName":"search_term_string"}}],"inLanguage":"fr-FR"},{"@type":"Organization","@id":"https:\/\/www.bellunopress.it\/#organization","name":"Bellunopress","url":"https:\/\/www.bellunopress.it\/","logo":{"@type":"ImageObject","inLanguage":"fr-FR","@id":"https:\/\/www.bellunopress.it\/#\/schema\/logo\/image\/","url":"https:\/\/www.bellunopress.it\/wp-content\/uploads\/2011\/05\/cropped-logo-bellunopress-.jpg","contentUrl":"https:\/\/www.bellunopress.it\/wp-content\/uploads\/2011\/05\/cropped-logo-bellunopress-.jpg","width":512,"height":512,"caption":"Bellunopress"},"image":{"@id":"https:\/\/www.bellunopress.it\/#\/schema\/logo\/image\/"},"sameAs":["https:\/\/www.facebook.com\/profile.php?id=100008943462799","https:\/\/x.com\/bellunopress","https:\/\/www.linkedin.com\/hp\/?dnr=JBzUWaJfMUw8vbXJJ2tVW5-I3jZKvC4wsoxE&amp;amp;amp;amp;amp;amp;trk=nav_responsive_tab_home","https:\/\/www.youtube.com\/channel\/UCxL0wu1uN0_3_7hGG0306cw"]},{"@type":"Person","@id":"https:\/\/www.bellunopress.it\/#\/schema\/person\/79bb06722b37ece1c03d3e94beb30d73","name":"r\u00e9daction","image":{"@type":"ImageObject","inLanguage":"fr-FR","@id":"https:\/\/secure.gravatar.com\/avatar\/37d968a2e67a6fd04c169c4bdef102d0bc5d31b2546345219e348575eb80e9a0?s=96&d=mm&r=g","url":"https:\/\/secure.gravatar.com\/avatar\/37d968a2e67a6fd04c169c4bdef102d0bc5d31b2546345219e348575eb80e9a0?s=96&d=mm&r=g","contentUrl":"https:\/\/secure.gravatar.com\/avatar\/37d968a2e67a6fd04c169c4bdef102d0bc5d31b2546345219e348575eb80e9a0?s=96&d=mm&r=g","caption":"redazione"},"sameAs":["http:\/\/www.bellunopress.it","https:\/\/x.com\/bellunopress"],"url":"https:\/\/www.bellunopress.it\/fr\/author\/redazione\/"}]}},"_links":{"self":[{"href":"https:\/\/www.bellunopress.it\/fr\/wp-json\/wp\/v2\/posts\/8440","targetHints":{"allow":["GET"]}}],"collection":[{"href":"https:\/\/www.bellunopress.it\/fr\/wp-json\/wp\/v2\/posts"}],"about":[{"href":"https:\/\/www.bellunopress.it\/fr\/wp-json\/wp\/v2\/types\/post"}],"author":[{"embeddable":true,"href":"https:\/\/www.bellunopress.it\/fr\/wp-json\/wp\/v2\/users\/2"}],"replies":[{"embeddable":true,"href":"https:\/\/www.bellunopress.it\/fr\/wp-json\/wp\/v2\/comments?post=8440"}],"version-history":[{"count":1,"href":"https:\/\/www.bellunopress.it\/fr\/wp-json\/wp\/v2\/posts\/8440\/revisions"}],"predecessor-version":[{"id":8442,"href":"https:\/\/www.bellunopress.it\/fr\/wp-json\/wp\/v2\/posts\/8440\/revisions\/8442"}],"wp:attachment":[{"href":"https:\/\/www.bellunopress.it\/fr\/wp-json\/wp\/v2\/media?parent=8440"}],"wp:term":[{"taxonomy":"category","embeddable":true,"href":"https:\/\/www.bellunopress.it\/fr\/wp-json\/wp\/v2\/categories?post=8440"},{"taxonomy":"post_tag","embeddable":true,"href":"https:\/\/www.bellunopress.it\/fr\/wp-json\/wp\/v2\/tags?post=8440"}],"curies":[{"name":"wp","href":"https:\/\/api.w.org\/{rel}","templated":true}]}}