{"id":8434,"date":"2009-09-26T14:48:14","date_gmt":"2009-09-26T13:48:14","guid":{"rendered":"http:\/\/www.bellunopress.it\/?p=8434"},"modified":"2009-09-26T14:48:14","modified_gmt":"2009-09-26T13:48:14","slug":"incentivi-per-lacquisto-di-veicoli-a-basso-impatto-ambientale","status":"publish","type":"post","link":"https:\/\/www.bellunopress.it\/fr\/2009\/09\/26\/incentivi-per-lacquisto-di-veicoli-a-basso-impatto-ambientale\/","title":{"rendered":"Incentivi per l&#8217;acquisto di veicoli a basso impatto ambientale"},"content":{"rendered":"<p>Il Comune di Belluno informa che anche quest&#8217;anno sono disponibili i fondi del Ministero dell&#8217;Ambiente per l&#8217;acquisto di veicoli a basso impatto ambientale quali biciclette, incluse quelle a pedalata assistita, ciclomotori e motocicli e veicoli assimilati. La campagna di eco-incentivi per le biciclette \u00e8 gi\u00e0 partita il 25 settembre scorso, mentre per i motorini si dovr\u00e0 attendere ancora qualche giorno. Per le biciclette l&#8217;incentivo \u00e8 pari al 30% del costo fino a un massimo di \u20ac 200 elevato a \u20ac 450 per la bicicletta a pedalata assistita. Ci\u00f2 significa che le biciclette dal costo, ad esempio di \u20ac 1.000 (o pi\u00f9), usufruiscono di un valore di incentivo proporzionalmente inferiore rispetto alle biciclette a pi\u00f9 basso costo. Qualunque cittadino o impresa pu\u00f2 accedere al contributo, ma\u00a0 non si pu\u00f2 usufruire in ogni anno solare di pi\u00f9 di un incentivo, indipendentemente dal prodotto acquistato, sia esso bicicletta, bicicletta a pedalata assistita, ciclomotore ibrido, elettrico, a bassa emissione, o qualsiasi altro veicolo assimilato previsto dall&#8217;accordo. La novit\u00e0 da sottolineare \u00e8 che mentre gli scorsi anni bisognava passare per il Comune, ora per usufruire del contributo non \u00e8 necessaria nessun&#8217;altra formalit\u00e0 se non quella di recarsi direttamente dal rivenditore e compilare un modulo di richiesta, allegando copia del proprio documento d&#8217;identit\u00e0 e del codice fiscale (e per le sole imprese del certificato della Camera di Commercio). Possono essere acquistate soltanto le biciclette dei costruttori certificati dall&#8217;ANCMA (Associazione Nazionale Cicli Motocicli e Accessori) o dalla CEI-CIVES (Commissione Italiana Veicoli Elettrici Strada) presso i rivenditori autorizzati.<br \/>\nPer le biciclette questo \u00e8 l&#8217;elenco dei rivenditori autorizzati in provincia di Belluno:<\/p>\n<p>BARBIERI MORENO\u00a0\u00a0\u00a0\u00a0BELLUNO<br \/>\nBETTINI BIKE SNC BETTINI D.E S\u00a0\u00a0BELLUNO<br \/>\nCICLI CARPENE DI BETTEGA SERGIO\u00a0\u00a0FELTRE<br \/>\nCORSO VINCENZO\u00a0\u00a0\u00a0\u00a0FONZASO<br \/>\nDALLA ROSA RENZO\u00a0\u00a0\u00a0\u00a0FELTRE<br \/>\nDUE RUOTE SPORT SNC\u00a0 \u00a0\u00a0\u00a0PONTE NELLE ALPI<br \/>\nFREE-TIME BIKE AND BOAR DI ZASSO LAURA\u00a0AGORDO<br \/>\nGIRELLI GINO E C. SNC\u00a0\u00a0\u00a0\u00a0SANTA GIUSTINA<br \/>\nMTB POINT SNC\u00a0\u00a0\u00a0\u00a0FELTRE<br \/>\nNUOVA CICLI SANVIDO DI CASSOL ROBERTO\u00a0CESIOMAGGIORE<br \/>\nOFF. CICLI MOTO CECCHET\u00a0\u00a0\u00a0FELTRE<br \/>\nRACING POINT SNC\u00a0\u00a0\u00a0\u00a0PIEVE DI CADORE<br \/>\nSPECIA LORIS\u00a0\u00a0\u00a0\u00a0\u00a0QUERO<\/p>\n<p>L&#8217;invito agli interessati \u00e8 di affrettarsi, in quanto i fondi sono ad esaurimento. Gli interessati devono rivolgersi direttamente ai rivenditori. Tutte le informazioni e la modulistica sul sito <a href=\"http:\/\/www.minambiente.it\">www.minambiente.it<\/a><\/p>","protected":false},"excerpt":{"rendered":"<p>Il Comune di Belluno informa che anche quest&#8217;anno sono disponibili i fondi del Ministero dell&#8217;Ambiente per l&#8217;acquisto di veicoli a basso impatto ambientale quali biciclette, incluse quelle a pedalata assistita, ciclomotori e motocicli e veicoli assimilati. La campagna di eco-incentivi per le biciclette \u00e8 gi\u00e0 partita il 25 settembre scorso, mentre per i motorini si [&hellip;]<\/p>\n","protected":false},"author":2,"featured_media":0,"comment_status":"closed","ping_status":"open","sticky":false,"template":"","format":"standard","meta":{"footnotes":""},"categories":[5,26,8],"tags":[139,151,302],"class_list":["post-8434","post","type-post","status-publish","format-standard","category-cronaca","category-prima-pagina","category-societa-istituzioni","tag-belluno","tag-cadore","tag-feltre"],"yoast_head":"<!-- This site is optimized with the Yoast SEO plugin v28.4 - https:\/\/yoast.com\/product\/yoast-seo-wordpress\/ -->\n<title>Incentivi per l&#039;acquisto di veicoli a basso impatto ambientale - Bellunopress - Dolomiti<\/title>\n<meta name=\"robots\" content=\"index, follow, max-snippet:-1, max-image-preview:large, max-video-preview:-1\" \/>\n<link rel=\"canonical\" href=\"https:\/\/www.bellunopress.it\/fr\/2009\/09\/26\/incentivi-per-lacquisto-di-veicoli-a-basso-impatto-ambientale\/\" \/>\n<meta property=\"og:locale\" content=\"fr_FR\" \/>\n<meta property=\"og:type\" content=\"article\" \/>\n<meta property=\"og:title\" content=\"Incentivi per l&#039;acquisto di veicoli a basso impatto ambientale - Bellunopress - Dolomiti\" \/>\n<meta property=\"og:description\" content=\"Il Comune di Belluno informa che anche quest&#8217;anno sono disponibili i fondi del Ministero dell&#8217;Ambiente per l&#8217;acquisto di veicoli a basso impatto ambientale quali biciclette, incluse quelle a pedalata assistita, ciclomotori e motocicli e veicoli assimilati. La campagna di eco-incentivi per le biciclette \u00e8 gi\u00e0 partita il 25 settembre scorso, mentre per i motorini si [&hellip;]\" \/>\n<meta property=\"og:url\" content=\"https:\/\/www.bellunopress.it\/fr\/2009\/09\/26\/incentivi-per-lacquisto-di-veicoli-a-basso-impatto-ambientale\/\" \/>\n<meta property=\"og:site_name\" content=\"Bellunopress - Dolomiti\" \/>\n<meta property=\"article:publisher\" content=\"https:\/\/www.facebook.com\/profile.php?id=100008943462799\" \/>\n<meta property=\"article:published_time\" content=\"2009-09-26T13:48:14+00:00\" \/>\n<meta property=\"og:image\" content=\"http:\/\/www.bellunopress.it\/wp-content\/uploads\/2012\/07\/logo-bellunopress-250x250-2012.jpg\" \/>\n<meta name=\"author\" content=\"redazione\" \/>\n<meta name=\"twitter:card\" content=\"summary_large_image\" \/>\n<meta name=\"twitter:creator\" content=\"@bellunopress\" \/>\n<meta name=\"twitter:site\" content=\"@bellunopress\" \/>\n<meta name=\"twitter:label1\" content=\"\u00c9crit par\" \/>\n\t<meta name=\"twitter:data1\" content=\"redazione\" \/>\n\t<meta name=\"twitter:label2\" content=\"Dur\u00e9e de lecture estim\u00e9e\" \/>\n\t<meta name=\"twitter:data2\" content=\"2 minutes\" \/>\n<script type=\"application\/ld+json\" class=\"yoast-schema-graph\">{\"@context\":\"https:\\\/\\\/schema.org\",\"@graph\":[{\"@type\":\"Article\",\"@id\":\"https:\\\/\\\/www.bellunopress.it\\\/2009\\\/09\\\/26\\\/incentivi-per-lacquisto-di-veicoli-a-basso-impatto-ambientale\\\/#article\",\"isPartOf\":{\"@id\":\"https:\\\/\\\/www.bellunopress.it\\\/2009\\\/09\\\/26\\\/incentivi-per-lacquisto-di-veicoli-a-basso-impatto-ambientale\\\/\"},\"author\":{\"name\":\"redazione\",\"@id\":\"https:\\\/\\\/www.bellunopress.it\\\/#\\\/schema\\\/person\\\/79bb06722b37ece1c03d3e94beb30d73\"},\"headline\":\"Incentivi per l&#8217;acquisto di veicoli a basso impatto ambientale\",\"datePublished\":\"2009-09-26T13:48:14+00:00\",\"mainEntityOfPage\":{\"@id\":\"https:\\\/\\\/www.bellunopress.it\\\/2009\\\/09\\\/26\\\/incentivi-per-lacquisto-di-veicoli-a-basso-impatto-ambientale\\\/\"},\"wordCount\":371,\"publisher\":{\"@id\":\"https:\\\/\\\/www.bellunopress.it\\\/#organization\"},\"keywords\":[\"Belluno\",\"Cadore\",\"Feltre\"],\"articleSection\":[\"Cronaca\\\/Politica\",\"Prima Pagina\",\"Societ\u00e0, Associazioni, Istituzioni\"],\"inLanguage\":\"fr-FR\"},{\"@type\":\"WebPage\",\"@id\":\"https:\\\/\\\/www.bellunopress.it\\\/2009\\\/09\\\/26\\\/incentivi-per-lacquisto-di-veicoli-a-basso-impatto-ambientale\\\/\",\"url\":\"https:\\\/\\\/www.bellunopress.it\\\/2009\\\/09\\\/26\\\/incentivi-per-lacquisto-di-veicoli-a-basso-impatto-ambientale\\\/\",\"name\":\"Incentivi per l'acquisto di veicoli a basso impatto ambientale - Bellunopress - Dolomiti\",\"isPartOf\":{\"@id\":\"https:\\\/\\\/www.bellunopress.it\\\/#website\"},\"datePublished\":\"2009-09-26T13:48:14+00:00\",\"breadcrumb\":{\"@id\":\"https:\\\/\\\/www.bellunopress.it\\\/2009\\\/09\\\/26\\\/incentivi-per-lacquisto-di-veicoli-a-basso-impatto-ambientale\\\/#breadcrumb\"},\"inLanguage\":\"fr-FR\",\"potentialAction\":[{\"@type\":\"ReadAction\",\"target\":[\"https:\\\/\\\/www.bellunopress.it\\\/2009\\\/09\\\/26\\\/incentivi-per-lacquisto-di-veicoli-a-basso-impatto-ambientale\\\/\"]}]},{\"@type\":\"BreadcrumbList\",\"@id\":\"https:\\\/\\\/www.bellunopress.it\\\/2009\\\/09\\\/26\\\/incentivi-per-lacquisto-di-veicoli-a-basso-impatto-ambientale\\\/#breadcrumb\",\"itemListElement\":[{\"@type\":\"ListItem\",\"position\":1,\"name\":\"Home\",\"item\":\"https:\\\/\\\/www.bellunopress.it\\\/\"},{\"@type\":\"ListItem\",\"position\":2,\"name\":\"Incentivi per l&#8217;acquisto di veicoli a basso impatto ambientale\"}]},{\"@type\":\"WebSite\",\"@id\":\"https:\\\/\\\/www.bellunopress.it\\\/#website\",\"url\":\"https:\\\/\\\/www.bellunopress.it\\\/\",\"name\":\"Bellunopress - Dolomiti\",\"description\":\"e-mail: redazione@bellunopress.it\",\"publisher\":{\"@id\":\"https:\\\/\\\/www.bellunopress.it\\\/#organization\"},\"potentialAction\":[{\"@type\":\"SearchAction\",\"target\":{\"@type\":\"EntryPoint\",\"urlTemplate\":\"https:\\\/\\\/www.bellunopress.it\\\/?s={search_term_string}\"},\"query-input\":{\"@type\":\"PropertyValueSpecification\",\"valueRequired\":true,\"valueName\":\"search_term_string\"}}],\"inLanguage\":\"fr-FR\"},{\"@type\":\"Organization\",\"@id\":\"https:\\\/\\\/www.bellunopress.it\\\/#organization\",\"name\":\"Bellunopress\",\"url\":\"https:\\\/\\\/www.bellunopress.it\\\/\",\"logo\":{\"@type\":\"ImageObject\",\"inLanguage\":\"fr-FR\",\"@id\":\"https:\\\/\\\/www.bellunopress.it\\\/#\\\/schema\\\/logo\\\/image\\\/\",\"url\":\"https:\\\/\\\/www.bellunopress.it\\\/wp-content\\\/uploads\\\/2011\\\/05\\\/cropped-logo-bellunopress-.jpg\",\"contentUrl\":\"https:\\\/\\\/www.bellunopress.it\\\/wp-content\\\/uploads\\\/2011\\\/05\\\/cropped-logo-bellunopress-.jpg\",\"width\":512,\"height\":512,\"caption\":\"Bellunopress\"},\"image\":{\"@id\":\"https:\\\/\\\/www.bellunopress.it\\\/#\\\/schema\\\/logo\\\/image\\\/\"},\"sameAs\":[\"https:\\\/\\\/www.facebook.com\\\/profile.php?id=100008943462799\",\"https:\\\/\\\/x.com\\\/bellunopress\",\"https:\\\/\\\/www.linkedin.com\\\/hp\\\/?dnr=JBzUWaJfMUw8vbXJJ2tVW5-I3jZKvC4wsoxE&amp;amp;amp;amp;amp;amp;trk=nav_responsive_tab_home\",\"https:\\\/\\\/www.youtube.com\\\/channel\\\/UCxL0wu1uN0_3_7hGG0306cw\"]},{\"@type\":\"Person\",\"@id\":\"https:\\\/\\\/www.bellunopress.it\\\/#\\\/schema\\\/person\\\/79bb06722b37ece1c03d3e94beb30d73\",\"name\":\"redazione\",\"image\":{\"@type\":\"ImageObject\",\"inLanguage\":\"fr-FR\",\"@id\":\"https:\\\/\\\/secure.gravatar.com\\\/avatar\\\/37d968a2e67a6fd04c169c4bdef102d0bc5d31b2546345219e348575eb80e9a0?s=96&d=mm&r=g\",\"url\":\"https:\\\/\\\/secure.gravatar.com\\\/avatar\\\/37d968a2e67a6fd04c169c4bdef102d0bc5d31b2546345219e348575eb80e9a0?s=96&d=mm&r=g\",\"contentUrl\":\"https:\\\/\\\/secure.gravatar.com\\\/avatar\\\/37d968a2e67a6fd04c169c4bdef102d0bc5d31b2546345219e348575eb80e9a0?s=96&d=mm&r=g\",\"caption\":\"redazione\"},\"sameAs\":[\"http:\\\/\\\/www.bellunopress.it\",\"https:\\\/\\\/x.com\\\/bellunopress\"],\"url\":\"https:\\\/\\\/www.bellunopress.it\\\/fr\\\/author\\\/redazione\\\/\"}]}<\/script>\n<!-- \/ Yoast SEO plugin. -->","yoast_head_json":{"title":"Incentivi per l'acquisto di veicoli a basso impatto ambientale - Bellunopress - Dolomiti","robots":{"index":"index","follow":"follow","max-snippet":"max-snippet:-1","max-image-preview":"max-image-preview:large","max-video-preview":"max-video-preview:-1"},"canonical":"https:\/\/www.bellunopress.it\/fr\/2009\/09\/26\/incentivi-per-lacquisto-di-veicoli-a-basso-impatto-ambientale\/","og_locale":"fr_FR","og_type":"article","og_title":"Incentivi per l'acquisto di veicoli a basso impatto ambientale - Bellunopress - Dolomiti","og_description":"Il Comune di Belluno informa che anche quest&#8217;anno sono disponibili i fondi del Ministero dell&#8217;Ambiente per l&#8217;acquisto di veicoli a basso impatto ambientale quali biciclette, incluse quelle a pedalata assistita, ciclomotori e motocicli e veicoli assimilati. La campagna di eco-incentivi per le biciclette \u00e8 gi\u00e0 partita il 25 settembre scorso, mentre per i motorini si [&hellip;]","og_url":"https:\/\/www.bellunopress.it\/fr\/2009\/09\/26\/incentivi-per-lacquisto-di-veicoli-a-basso-impatto-ambientale\/","og_site_name":"Bellunopress - Dolomiti","article_publisher":"https:\/\/www.facebook.com\/profile.php?id=100008943462799","article_published_time":"2009-09-26T13:48:14+00:00","og_image":[{"url":"http:\/\/www.bellunopress.it\/wp-content\/uploads\/2012\/07\/logo-bellunopress-250x250-2012.jpg","type":"","width":"","height":""}],"author":"redazione","twitter_card":"summary_large_image","twitter_creator":"@bellunopress","twitter_site":"@bellunopress","twitter_misc":{"\u00c9crit par":"redazione","Dur\u00e9e de lecture estim\u00e9e":"2 minutes"},"schema":{"@context":"https:\/\/schema.org","@graph":[{"@type":"Article","@id":"https:\/\/www.bellunopress.it\/2009\/09\/26\/incentivi-per-lacquisto-di-veicoli-a-basso-impatto-ambientale\/#article","isPartOf":{"@id":"https:\/\/www.bellunopress.it\/2009\/09\/26\/incentivi-per-lacquisto-di-veicoli-a-basso-impatto-ambientale\/"},"author":{"name":"redazione","@id":"https:\/\/www.bellunopress.it\/#\/schema\/person\/79bb06722b37ece1c03d3e94beb30d73"},"headline":"Incentivi per l&#8217;acquisto di veicoli a basso impatto ambientale","datePublished":"2009-09-26T13:48:14+00:00","mainEntityOfPage":{"@id":"https:\/\/www.bellunopress.it\/2009\/09\/26\/incentivi-per-lacquisto-di-veicoli-a-basso-impatto-ambientale\/"},"wordCount":371,"publisher":{"@id":"https:\/\/www.bellunopress.it\/#organization"},"keywords":["Belluno","Cadore","Feltre"],"articleSection":["Cronaca\/Politica","Prima Pagina","Societ\u00e0, Associazioni, Istituzioni"],"inLanguage":"fr-FR"},{"@type":"WebPage","@id":"https:\/\/www.bellunopress.it\/2009\/09\/26\/incentivi-per-lacquisto-di-veicoli-a-basso-impatto-ambientale\/","url":"https:\/\/www.bellunopress.it\/2009\/09\/26\/incentivi-per-lacquisto-di-veicoli-a-basso-impatto-ambientale\/","name":"Incentivi per l'acquisto di veicoli a basso impatto ambientale - Bellunopress - Dolomiti","isPartOf":{"@id":"https:\/\/www.bellunopress.it\/#website"},"datePublished":"2009-09-26T13:48:14+00:00","breadcrumb":{"@id":"https:\/\/www.bellunopress.it\/2009\/09\/26\/incentivi-per-lacquisto-di-veicoli-a-basso-impatto-ambientale\/#breadcrumb"},"inLanguage":"fr-FR","potentialAction":[{"@type":"ReadAction","target":["https:\/\/www.bellunopress.it\/2009\/09\/26\/incentivi-per-lacquisto-di-veicoli-a-basso-impatto-ambientale\/"]}]},{"@type":"BreadcrumbList","@id":"https:\/\/www.bellunopress.it\/2009\/09\/26\/incentivi-per-lacquisto-di-veicoli-a-basso-impatto-ambientale\/#breadcrumb","itemListElement":[{"@type":"ListItem","position":1,"name":"Home","item":"https:\/\/www.bellunopress.it\/"},{"@type":"ListItem","position":2,"name":"Incentivi per l&#8217;acquisto di veicoli a basso impatto ambientale"}]},{"@type":"WebSite","@id":"https:\/\/www.bellunopress.it\/#website","url":"https:\/\/www.bellunopress.it\/","name":"Bellunopress - Dolomiti","description":"e-mail: redazione@bellunopress.it","publisher":{"@id":"https:\/\/www.bellunopress.it\/#organization"},"potentialAction":[{"@type":"SearchAction","target":{"@type":"EntryPoint","urlTemplate":"https:\/\/www.bellunopress.it\/?s={search_term_string}"},"query-input":{"@type":"PropertyValueSpecification","valueRequired":true,"valueName":"search_term_string"}}],"inLanguage":"fr-FR"},{"@type":"Organization","@id":"https:\/\/www.bellunopress.it\/#organization","name":"Bellunopress","url":"https:\/\/www.bellunopress.it\/","logo":{"@type":"ImageObject","inLanguage":"fr-FR","@id":"https:\/\/www.bellunopress.it\/#\/schema\/logo\/image\/","url":"https:\/\/www.bellunopress.it\/wp-content\/uploads\/2011\/05\/cropped-logo-bellunopress-.jpg","contentUrl":"https:\/\/www.bellunopress.it\/wp-content\/uploads\/2011\/05\/cropped-logo-bellunopress-.jpg","width":512,"height":512,"caption":"Bellunopress"},"image":{"@id":"https:\/\/www.bellunopress.it\/#\/schema\/logo\/image\/"},"sameAs":["https:\/\/www.facebook.com\/profile.php?id=100008943462799","https:\/\/x.com\/bellunopress","https:\/\/www.linkedin.com\/hp\/?dnr=JBzUWaJfMUw8vbXJJ2tVW5-I3jZKvC4wsoxE&amp;amp;amp;amp;amp;amp;trk=nav_responsive_tab_home","https:\/\/www.youtube.com\/channel\/UCxL0wu1uN0_3_7hGG0306cw"]},{"@type":"Person","@id":"https:\/\/www.bellunopress.it\/#\/schema\/person\/79bb06722b37ece1c03d3e94beb30d73","name":"r\u00e9daction","image":{"@type":"ImageObject","inLanguage":"fr-FR","@id":"https:\/\/secure.gravatar.com\/avatar\/37d968a2e67a6fd04c169c4bdef102d0bc5d31b2546345219e348575eb80e9a0?s=96&d=mm&r=g","url":"https:\/\/secure.gravatar.com\/avatar\/37d968a2e67a6fd04c169c4bdef102d0bc5d31b2546345219e348575eb80e9a0?s=96&d=mm&r=g","contentUrl":"https:\/\/secure.gravatar.com\/avatar\/37d968a2e67a6fd04c169c4bdef102d0bc5d31b2546345219e348575eb80e9a0?s=96&d=mm&r=g","caption":"redazione"},"sameAs":["http:\/\/www.bellunopress.it","https:\/\/x.com\/bellunopress"],"url":"https:\/\/www.bellunopress.it\/fr\/author\/redazione\/"}]}},"_links":{"self":[{"href":"https:\/\/www.bellunopress.it\/fr\/wp-json\/wp\/v2\/posts\/8434","targetHints":{"allow":["GET"]}}],"collection":[{"href":"https:\/\/www.bellunopress.it\/fr\/wp-json\/wp\/v2\/posts"}],"about":[{"href":"https:\/\/www.bellunopress.it\/fr\/wp-json\/wp\/v2\/types\/post"}],"author":[{"embeddable":true,"href":"https:\/\/www.bellunopress.it\/fr\/wp-json\/wp\/v2\/users\/2"}],"replies":[{"embeddable":true,"href":"https:\/\/www.bellunopress.it\/fr\/wp-json\/wp\/v2\/comments?post=8434"}],"version-history":[{"count":1,"href":"https:\/\/www.bellunopress.it\/fr\/wp-json\/wp\/v2\/posts\/8434\/revisions"}],"predecessor-version":[{"id":8435,"href":"https:\/\/www.bellunopress.it\/fr\/wp-json\/wp\/v2\/posts\/8434\/revisions\/8435"}],"wp:attachment":[{"href":"https:\/\/www.bellunopress.it\/fr\/wp-json\/wp\/v2\/media?parent=8434"}],"wp:term":[{"taxonomy":"category","embeddable":true,"href":"https:\/\/www.bellunopress.it\/fr\/wp-json\/wp\/v2\/categories?post=8434"},{"taxonomy":"post_tag","embeddable":true,"href":"https:\/\/www.bellunopress.it\/fr\/wp-json\/wp\/v2\/tags?post=8434"}],"curies":[{"name":"wp","href":"https:\/\/api.w.org\/{rel}","templated":true}]}}