{"id":8422,"date":"2009-09-26T07:30:40","date_gmt":"2009-09-26T06:30:40","guid":{"rendered":"http:\/\/www.bellunopress.it\/?p=8422"},"modified":"2009-09-26T07:30:40","modified_gmt":"2009-09-26T06:30:40","slug":"spes-belluno-atlete-e-tecnici-di-a1-domenica-alle-ammissioni","status":"publish","type":"post","link":"https:\/\/www.bellunopress.it\/fr\/2009\/09\/26\/spes-belluno-atlete-e-tecnici-di-a1-domenica-alle-ammissioni\/","title":{"rendered":"Spes Belluno: atlete e tecnici di  A1 domenica alle &#8220;Ammissioni&#8221;"},"content":{"rendered":"<p>Le atlete della Zoppas Industries Conegliano Francesca Marcon, Luciana Do Carmo e la capitana Sarah Pavan parteciperanno alla &#8220;Giornata delle ammissioni&#8221; indetta dalla Spes Belluno per selezionare ragazzi e ragazze che intendano iscriversi al settore giovanile della neonata societ\u00e0 di volley. L&#8217;appuntamento \u00e8 per domenica 27 settembre alle 15.30 alla Spes Arena, palasport del capoluogo dolomitico. Tra i tecnici che saranno impegnati a condurre i test ci saranno anche il coach delle &#8220;pantere&#8221; Mario Martinez e il preparatore atletico Eduardo Romero. \u201cPer riuscire nello sport, come nella vita, non bastano capacit\u00e0 ed impegno, ma occorrono anche l\u2019ambiente giusto e persone che credano in te\u201d. Partendo convinta di questa massima, la Spes Belluno ha lanciato la sfida ai giovani bellunesi che vogliano confrontarsi, che desiderino impegnarsi e appassionarsi nello sport. \u201cTi senti una persona speciale? Allora provaci! Partecipa alla Giornata delle Ammissioni ai gruppi altamente agonistici maschile e femminile della Spes Belluno\u201d \u00e8 l\u2019invito della campagna di comunicazione in atrto a Belluno e nei comuni limitrofi.<br \/>\nSono invitati ragazzi e ragazze tra i 10 e i 15 anni. Non serve saper gi\u00e0 giocare a pallavolo per partecipare ai test, che serviranno soprattutto a conoscere le doti e le capacit\u00e0 fisiche e atletiche. I ragazzi saranno misurati e pesati, proveranno il lancio della palla medica, il salto (misurato elettronicamente) e la velocit\u00e0. Gli atleti gi\u00e0 tesserati con altre societ\u00e0 di pallavolo potranno partecipare ai test, ma non saranno inseriti nelle squadre della Spes Belluno senza il consenso della squadra di provenienza. Per provare i test, entrare in contatto con la societ\u00e0 e ottenere informazioni sulle attivit\u00e0 e sulla Giornata delle Ammissioni sono disponibili due numeri di telefono, 339.6648855 per il settore maschile e 347.9747723 per il settore femminile, e la mail <a href=\"mailto:info@spesbelluno.it\">info@spesbelluno.it<\/a>.<\/p>","protected":false},"excerpt":{"rendered":"<p>Le atlete della Zoppas Industries Conegliano Francesca Marcon, Luciana Do Carmo e la capitana Sarah Pavan parteciperanno alla &#8220;Giornata delle ammissioni&#8221; indetta dalla Spes Belluno per selezionare ragazzi e ragazze che intendano iscriversi al settore giovanile della neonata societ\u00e0 di volley. L&#8217;appuntamento \u00e8 per domenica 27 settembre alle 15.30 alla Spes Arena, palasport del capoluogo [&hellip;]<\/p>\n","protected":false},"author":2,"featured_media":0,"comment_status":"closed","ping_status":"open","sticky":false,"template":"","format":"standard","meta":{"footnotes":""},"categories":[4],"tags":[139,63],"class_list":["post-8422","post","type-post","status-publish","format-standard","category-sport","tag-belluno","tag-dolomiti"],"yoast_head":"<!-- This site is optimized with the Yoast SEO plugin v28.4 - https:\/\/yoast.com\/product\/yoast-seo-wordpress\/ -->\n<title>Spes Belluno: atlete e tecnici di A1 domenica alle &quot;Ammissioni&quot; - Bellunopress - Dolomiti<\/title>\n<meta name=\"robots\" content=\"index, follow, max-snippet:-1, max-image-preview:large, max-video-preview:-1\" \/>\n<link rel=\"canonical\" href=\"https:\/\/www.bellunopress.it\/fr\/2009\/09\/26\/spes-belluno-atlete-e-tecnici-di-a1-domenica-alle-ammissioni\/\" \/>\n<meta property=\"og:locale\" content=\"fr_FR\" \/>\n<meta property=\"og:type\" content=\"article\" \/>\n<meta property=\"og:title\" content=\"Spes Belluno: atlete e tecnici di A1 domenica alle &quot;Ammissioni&quot; - Bellunopress - Dolomiti\" \/>\n<meta property=\"og:description\" content=\"Le atlete della Zoppas Industries Conegliano Francesca Marcon, Luciana Do Carmo e la capitana Sarah Pavan parteciperanno alla &#8220;Giornata delle ammissioni&#8221; indetta dalla Spes Belluno per selezionare ragazzi e ragazze che intendano iscriversi al settore giovanile della neonata societ\u00e0 di volley. L&#8217;appuntamento \u00e8 per domenica 27 settembre alle 15.30 alla Spes Arena, palasport del capoluogo [&hellip;]\" \/>\n<meta property=\"og:url\" content=\"https:\/\/www.bellunopress.it\/fr\/2009\/09\/26\/spes-belluno-atlete-e-tecnici-di-a1-domenica-alle-ammissioni\/\" \/>\n<meta property=\"og:site_name\" content=\"Bellunopress - Dolomiti\" \/>\n<meta property=\"article:publisher\" content=\"https:\/\/www.facebook.com\/profile.php?id=100008943462799\" \/>\n<meta property=\"article:published_time\" content=\"2009-09-26T06:30:40+00:00\" \/>\n<meta property=\"og:image\" content=\"http:\/\/www.bellunopress.it\/wp-content\/uploads\/2012\/07\/logo-bellunopress-250x250-2012.jpg\" \/>\n<meta name=\"author\" content=\"redazione\" \/>\n<meta name=\"twitter:card\" content=\"summary_large_image\" \/>\n<meta name=\"twitter:creator\" content=\"@bellunopress\" \/>\n<meta name=\"twitter:site\" content=\"@bellunopress\" \/>\n<meta name=\"twitter:label1\" content=\"\u00c9crit par\" \/>\n\t<meta name=\"twitter:data1\" content=\"redazione\" \/>\n\t<meta name=\"twitter:label2\" content=\"Dur\u00e9e de lecture estim\u00e9e\" \/>\n\t<meta name=\"twitter:data2\" content=\"1 minute\" \/>\n<script type=\"application\/ld+json\" class=\"yoast-schema-graph\">{\"@context\":\"https:\\\/\\\/schema.org\",\"@graph\":[{\"@type\":\"Article\",\"@id\":\"https:\\\/\\\/www.bellunopress.it\\\/2009\\\/09\\\/26\\\/spes-belluno-atlete-e-tecnici-di-a1-domenica-alle-ammissioni\\\/#article\",\"isPartOf\":{\"@id\":\"https:\\\/\\\/www.bellunopress.it\\\/2009\\\/09\\\/26\\\/spes-belluno-atlete-e-tecnici-di-a1-domenica-alle-ammissioni\\\/\"},\"author\":{\"name\":\"redazione\",\"@id\":\"https:\\\/\\\/www.bellunopress.it\\\/#\\\/schema\\\/person\\\/79bb06722b37ece1c03d3e94beb30d73\"},\"headline\":\"Spes Belluno: atlete e tecnici di A1 domenica alle &#8220;Ammissioni&#8221;\",\"datePublished\":\"2009-09-26T06:30:40+00:00\",\"mainEntityOfPage\":{\"@id\":\"https:\\\/\\\/www.bellunopress.it\\\/2009\\\/09\\\/26\\\/spes-belluno-atlete-e-tecnici-di-a1-domenica-alle-ammissioni\\\/\"},\"wordCount\":297,\"publisher\":{\"@id\":\"https:\\\/\\\/www.bellunopress.it\\\/#organization\"},\"keywords\":[\"Belluno\",\"Dolomiti\"],\"articleSection\":[\"Sport, tempo libero\"],\"inLanguage\":\"fr-FR\"},{\"@type\":\"WebPage\",\"@id\":\"https:\\\/\\\/www.bellunopress.it\\\/2009\\\/09\\\/26\\\/spes-belluno-atlete-e-tecnici-di-a1-domenica-alle-ammissioni\\\/\",\"url\":\"https:\\\/\\\/www.bellunopress.it\\\/2009\\\/09\\\/26\\\/spes-belluno-atlete-e-tecnici-di-a1-domenica-alle-ammissioni\\\/\",\"name\":\"Spes Belluno: atlete e tecnici di A1 domenica alle \\\"Ammissioni\\\" - Bellunopress - Dolomiti\",\"isPartOf\":{\"@id\":\"https:\\\/\\\/www.bellunopress.it\\\/#website\"},\"datePublished\":\"2009-09-26T06:30:40+00:00\",\"breadcrumb\":{\"@id\":\"https:\\\/\\\/www.bellunopress.it\\\/2009\\\/09\\\/26\\\/spes-belluno-atlete-e-tecnici-di-a1-domenica-alle-ammissioni\\\/#breadcrumb\"},\"inLanguage\":\"fr-FR\",\"potentialAction\":[{\"@type\":\"ReadAction\",\"target\":[\"https:\\\/\\\/www.bellunopress.it\\\/2009\\\/09\\\/26\\\/spes-belluno-atlete-e-tecnici-di-a1-domenica-alle-ammissioni\\\/\"]}]},{\"@type\":\"BreadcrumbList\",\"@id\":\"https:\\\/\\\/www.bellunopress.it\\\/2009\\\/09\\\/26\\\/spes-belluno-atlete-e-tecnici-di-a1-domenica-alle-ammissioni\\\/#breadcrumb\",\"itemListElement\":[{\"@type\":\"ListItem\",\"position\":1,\"name\":\"Home\",\"item\":\"https:\\\/\\\/www.bellunopress.it\\\/\"},{\"@type\":\"ListItem\",\"position\":2,\"name\":\"Spes Belluno: atlete e tecnici di A1 domenica alle &#8220;Ammissioni&#8221;\"}]},{\"@type\":\"WebSite\",\"@id\":\"https:\\\/\\\/www.bellunopress.it\\\/#website\",\"url\":\"https:\\\/\\\/www.bellunopress.it\\\/\",\"name\":\"Bellunopress - Dolomiti\",\"description\":\"e-mail: redazione@bellunopress.it\",\"publisher\":{\"@id\":\"https:\\\/\\\/www.bellunopress.it\\\/#organization\"},\"potentialAction\":[{\"@type\":\"SearchAction\",\"target\":{\"@type\":\"EntryPoint\",\"urlTemplate\":\"https:\\\/\\\/www.bellunopress.it\\\/?s={search_term_string}\"},\"query-input\":{\"@type\":\"PropertyValueSpecification\",\"valueRequired\":true,\"valueName\":\"search_term_string\"}}],\"inLanguage\":\"fr-FR\"},{\"@type\":\"Organization\",\"@id\":\"https:\\\/\\\/www.bellunopress.it\\\/#organization\",\"name\":\"Bellunopress\",\"url\":\"https:\\\/\\\/www.bellunopress.it\\\/\",\"logo\":{\"@type\":\"ImageObject\",\"inLanguage\":\"fr-FR\",\"@id\":\"https:\\\/\\\/www.bellunopress.it\\\/#\\\/schema\\\/logo\\\/image\\\/\",\"url\":\"https:\\\/\\\/www.bellunopress.it\\\/wp-content\\\/uploads\\\/2011\\\/05\\\/cropped-logo-bellunopress-.jpg\",\"contentUrl\":\"https:\\\/\\\/www.bellunopress.it\\\/wp-content\\\/uploads\\\/2011\\\/05\\\/cropped-logo-bellunopress-.jpg\",\"width\":512,\"height\":512,\"caption\":\"Bellunopress\"},\"image\":{\"@id\":\"https:\\\/\\\/www.bellunopress.it\\\/#\\\/schema\\\/logo\\\/image\\\/\"},\"sameAs\":[\"https:\\\/\\\/www.facebook.com\\\/profile.php?id=100008943462799\",\"https:\\\/\\\/x.com\\\/bellunopress\",\"https:\\\/\\\/www.linkedin.com\\\/hp\\\/?dnr=JBzUWaJfMUw8vbXJJ2tVW5-I3jZKvC4wsoxE&amp;amp;amp;amp;amp;amp;trk=nav_responsive_tab_home\",\"https:\\\/\\\/www.youtube.com\\\/channel\\\/UCxL0wu1uN0_3_7hGG0306cw\"]},{\"@type\":\"Person\",\"@id\":\"https:\\\/\\\/www.bellunopress.it\\\/#\\\/schema\\\/person\\\/79bb06722b37ece1c03d3e94beb30d73\",\"name\":\"redazione\",\"image\":{\"@type\":\"ImageObject\",\"inLanguage\":\"fr-FR\",\"@id\":\"https:\\\/\\\/secure.gravatar.com\\\/avatar\\\/37d968a2e67a6fd04c169c4bdef102d0bc5d31b2546345219e348575eb80e9a0?s=96&d=mm&r=g\",\"url\":\"https:\\\/\\\/secure.gravatar.com\\\/avatar\\\/37d968a2e67a6fd04c169c4bdef102d0bc5d31b2546345219e348575eb80e9a0?s=96&d=mm&r=g\",\"contentUrl\":\"https:\\\/\\\/secure.gravatar.com\\\/avatar\\\/37d968a2e67a6fd04c169c4bdef102d0bc5d31b2546345219e348575eb80e9a0?s=96&d=mm&r=g\",\"caption\":\"redazione\"},\"sameAs\":[\"http:\\\/\\\/www.bellunopress.it\",\"https:\\\/\\\/x.com\\\/bellunopress\"],\"url\":\"https:\\\/\\\/www.bellunopress.it\\\/fr\\\/author\\\/redazione\\\/\"}]}<\/script>\n<!-- \/ Yoast SEO plugin. -->","yoast_head_json":{"title":"Spes Belluno: atlete e tecnici di A1 domenica alle \"Ammissioni\" - Bellunopress - Dolomiti","robots":{"index":"index","follow":"follow","max-snippet":"max-snippet:-1","max-image-preview":"max-image-preview:large","max-video-preview":"max-video-preview:-1"},"canonical":"https:\/\/www.bellunopress.it\/fr\/2009\/09\/26\/spes-belluno-atlete-e-tecnici-di-a1-domenica-alle-ammissioni\/","og_locale":"fr_FR","og_type":"article","og_title":"Spes Belluno: atlete e tecnici di A1 domenica alle \"Ammissioni\" - Bellunopress - Dolomiti","og_description":"Le atlete della Zoppas Industries Conegliano Francesca Marcon, Luciana Do Carmo e la capitana Sarah Pavan parteciperanno alla &#8220;Giornata delle ammissioni&#8221; indetta dalla Spes Belluno per selezionare ragazzi e ragazze che intendano iscriversi al settore giovanile della neonata societ\u00e0 di volley. L&#8217;appuntamento \u00e8 per domenica 27 settembre alle 15.30 alla Spes Arena, palasport del capoluogo [&hellip;]","og_url":"https:\/\/www.bellunopress.it\/fr\/2009\/09\/26\/spes-belluno-atlete-e-tecnici-di-a1-domenica-alle-ammissioni\/","og_site_name":"Bellunopress - Dolomiti","article_publisher":"https:\/\/www.facebook.com\/profile.php?id=100008943462799","article_published_time":"2009-09-26T06:30:40+00:00","og_image":[{"url":"http:\/\/www.bellunopress.it\/wp-content\/uploads\/2012\/07\/logo-bellunopress-250x250-2012.jpg","type":"","width":"","height":""}],"author":"redazione","twitter_card":"summary_large_image","twitter_creator":"@bellunopress","twitter_site":"@bellunopress","twitter_misc":{"\u00c9crit par":"redazione","Dur\u00e9e de lecture estim\u00e9e":"1 minute"},"schema":{"@context":"https:\/\/schema.org","@graph":[{"@type":"Article","@id":"https:\/\/www.bellunopress.it\/2009\/09\/26\/spes-belluno-atlete-e-tecnici-di-a1-domenica-alle-ammissioni\/#article","isPartOf":{"@id":"https:\/\/www.bellunopress.it\/2009\/09\/26\/spes-belluno-atlete-e-tecnici-di-a1-domenica-alle-ammissioni\/"},"author":{"name":"redazione","@id":"https:\/\/www.bellunopress.it\/#\/schema\/person\/79bb06722b37ece1c03d3e94beb30d73"},"headline":"Spes Belluno: atlete e tecnici di A1 domenica alle &#8220;Ammissioni&#8221;","datePublished":"2009-09-26T06:30:40+00:00","mainEntityOfPage":{"@id":"https:\/\/www.bellunopress.it\/2009\/09\/26\/spes-belluno-atlete-e-tecnici-di-a1-domenica-alle-ammissioni\/"},"wordCount":297,"publisher":{"@id":"https:\/\/www.bellunopress.it\/#organization"},"keywords":["Belluno","Dolomiti"],"articleSection":["Sport, tempo libero"],"inLanguage":"fr-FR"},{"@type":"WebPage","@id":"https:\/\/www.bellunopress.it\/2009\/09\/26\/spes-belluno-atlete-e-tecnici-di-a1-domenica-alle-ammissioni\/","url":"https:\/\/www.bellunopress.it\/2009\/09\/26\/spes-belluno-atlete-e-tecnici-di-a1-domenica-alle-ammissioni\/","name":"Spes Belluno: atlete e tecnici di A1 domenica alle \"Ammissioni\" - Bellunopress - Dolomiti","isPartOf":{"@id":"https:\/\/www.bellunopress.it\/#website"},"datePublished":"2009-09-26T06:30:40+00:00","breadcrumb":{"@id":"https:\/\/www.bellunopress.it\/2009\/09\/26\/spes-belluno-atlete-e-tecnici-di-a1-domenica-alle-ammissioni\/#breadcrumb"},"inLanguage":"fr-FR","potentialAction":[{"@type":"ReadAction","target":["https:\/\/www.bellunopress.it\/2009\/09\/26\/spes-belluno-atlete-e-tecnici-di-a1-domenica-alle-ammissioni\/"]}]},{"@type":"BreadcrumbList","@id":"https:\/\/www.bellunopress.it\/2009\/09\/26\/spes-belluno-atlete-e-tecnici-di-a1-domenica-alle-ammissioni\/#breadcrumb","itemListElement":[{"@type":"ListItem","position":1,"name":"Home","item":"https:\/\/www.bellunopress.it\/"},{"@type":"ListItem","position":2,"name":"Spes Belluno: atlete e tecnici di A1 domenica alle &#8220;Ammissioni&#8221;"}]},{"@type":"WebSite","@id":"https:\/\/www.bellunopress.it\/#website","url":"https:\/\/www.bellunopress.it\/","name":"Bellunopress - Dolomiti","description":"e-mail: redazione@bellunopress.it","publisher":{"@id":"https:\/\/www.bellunopress.it\/#organization"},"potentialAction":[{"@type":"SearchAction","target":{"@type":"EntryPoint","urlTemplate":"https:\/\/www.bellunopress.it\/?s={search_term_string}"},"query-input":{"@type":"PropertyValueSpecification","valueRequired":true,"valueName":"search_term_string"}}],"inLanguage":"fr-FR"},{"@type":"Organization","@id":"https:\/\/www.bellunopress.it\/#organization","name":"Bellunopress","url":"https:\/\/www.bellunopress.it\/","logo":{"@type":"ImageObject","inLanguage":"fr-FR","@id":"https:\/\/www.bellunopress.it\/#\/schema\/logo\/image\/","url":"https:\/\/www.bellunopress.it\/wp-content\/uploads\/2011\/05\/cropped-logo-bellunopress-.jpg","contentUrl":"https:\/\/www.bellunopress.it\/wp-content\/uploads\/2011\/05\/cropped-logo-bellunopress-.jpg","width":512,"height":512,"caption":"Bellunopress"},"image":{"@id":"https:\/\/www.bellunopress.it\/#\/schema\/logo\/image\/"},"sameAs":["https:\/\/www.facebook.com\/profile.php?id=100008943462799","https:\/\/x.com\/bellunopress","https:\/\/www.linkedin.com\/hp\/?dnr=JBzUWaJfMUw8vbXJJ2tVW5-I3jZKvC4wsoxE&amp;amp;amp;amp;amp;amp;trk=nav_responsive_tab_home","https:\/\/www.youtube.com\/channel\/UCxL0wu1uN0_3_7hGG0306cw"]},{"@type":"Person","@id":"https:\/\/www.bellunopress.it\/#\/schema\/person\/79bb06722b37ece1c03d3e94beb30d73","name":"r\u00e9daction","image":{"@type":"ImageObject","inLanguage":"fr-FR","@id":"https:\/\/secure.gravatar.com\/avatar\/37d968a2e67a6fd04c169c4bdef102d0bc5d31b2546345219e348575eb80e9a0?s=96&d=mm&r=g","url":"https:\/\/secure.gravatar.com\/avatar\/37d968a2e67a6fd04c169c4bdef102d0bc5d31b2546345219e348575eb80e9a0?s=96&d=mm&r=g","contentUrl":"https:\/\/secure.gravatar.com\/avatar\/37d968a2e67a6fd04c169c4bdef102d0bc5d31b2546345219e348575eb80e9a0?s=96&d=mm&r=g","caption":"redazione"},"sameAs":["http:\/\/www.bellunopress.it","https:\/\/x.com\/bellunopress"],"url":"https:\/\/www.bellunopress.it\/fr\/author\/redazione\/"}]}},"_links":{"self":[{"href":"https:\/\/www.bellunopress.it\/fr\/wp-json\/wp\/v2\/posts\/8422","targetHints":{"allow":["GET"]}}],"collection":[{"href":"https:\/\/www.bellunopress.it\/fr\/wp-json\/wp\/v2\/posts"}],"about":[{"href":"https:\/\/www.bellunopress.it\/fr\/wp-json\/wp\/v2\/types\/post"}],"author":[{"embeddable":true,"href":"https:\/\/www.bellunopress.it\/fr\/wp-json\/wp\/v2\/users\/2"}],"replies":[{"embeddable":true,"href":"https:\/\/www.bellunopress.it\/fr\/wp-json\/wp\/v2\/comments?post=8422"}],"version-history":[{"count":1,"href":"https:\/\/www.bellunopress.it\/fr\/wp-json\/wp\/v2\/posts\/8422\/revisions"}],"predecessor-version":[{"id":8423,"href":"https:\/\/www.bellunopress.it\/fr\/wp-json\/wp\/v2\/posts\/8422\/revisions\/8423"}],"wp:attachment":[{"href":"https:\/\/www.bellunopress.it\/fr\/wp-json\/wp\/v2\/media?parent=8422"}],"wp:term":[{"taxonomy":"category","embeddable":true,"href":"https:\/\/www.bellunopress.it\/fr\/wp-json\/wp\/v2\/categories?post=8422"},{"taxonomy":"post_tag","embeddable":true,"href":"https:\/\/www.bellunopress.it\/fr\/wp-json\/wp\/v2\/tags?post=8422"}],"curies":[{"name":"wp","href":"https:\/\/api.w.org\/{rel}","templated":true}]}}