{"id":8420,"date":"2009-09-26T07:27:59","date_gmt":"2009-09-26T06:27:59","guid":{"rendered":"http:\/\/www.bellunopress.it\/?p=8420"},"modified":"2009-09-26T07:27:59","modified_gmt":"2009-09-26T06:27:59","slug":"mai-viste-cosi-la-sala-capitolare-di-santa-maria-dei-battuti-e-le-sue-decorazioni-artistiche-visite-guidate","status":"publish","type":"post","link":"https:\/\/www.bellunopress.it\/fr\/2009\/09\/26\/mai-viste-cosi-la-sala-capitolare-di-santa-maria-dei-battuti-e-le-sue-decorazioni-artistiche-visite-guidate\/","title":{"rendered":"Mai viste cos\u00ec: la sala capitolare di Santa Maria dei Battuti e le sue decorazioni artistiche, visite guidate"},"content":{"rendered":"<p>Nell\u2019ambito delle Giornate europee del patrimonio 2009, l\u2019Archivio di Stato di Belluno con la Soprintendenza per il Patrimonio storico artistico etnoantropologico per le province di Venezia, Padova, Belluno e Treviso organizza due visite guidate al complesso monumentale di S. Maria dei Battuti.<br \/>\n\u00a0Anticamente sede della confraternita dei Battuti, che possedeva anche il vicino ospedale, il complesso venne acquisito in parte dallo Stato all\u2019inizio dell\u2019Ottocento, con la confisca dei beni delle confraternite e corporazioni religiose operata da Napoleone. La Confraternita laicale (\u2018Scuola\u2019 nel linguaggio veneto) di Santa Maria dei Battuti venne istituita a Belluno nel 1310, data che coincide con la redazione della relativa mariegola (matricola). La confraternita era istituzione di importanza centrale nella vita sociale della citt\u00e0 e nelle sue stanze si amalgamavano \u2013 com\u2019era nella tradizione dei Battuti \u2013 ceti sociali differenti, che esercitavano attivit\u00e0 devozionali e caritative: elemosine, assistenza, doti alle donzelle, funzioni sacre, processioni. Oltre al credito, l\u2019impegno di gran lunga prevalente su ogni altro, nondimeno, era rappresentato dall\u2019attivit\u00e0 ospitaliera, e si concretizzava accogliendo e, qualora necessario, curando pellegrini, indigenti, malati, anche se non iscritti alla scuola.<br \/>\nPer la prima volta dall\u2019apertura dell\u2019Archivio di Stato nel 1976, sabato 26 settembre sar\u00e0 possibile ammirare nella sua interezza il ciclo di affreschi e le decorazioni della quattrocentesca sala capitolare della scuola, ora adibita a sala di studio. La sala si presenter\u00e0 infatti priva dei consueti arredi e delle suppellettili. La dott.ssa Marta Mazza, funzionario storico dell\u2019arte di zona della Soprintendenza, illustrer\u00e0, anche con l\u2019ausilio di diapositive, i diversi cicli di decorazione presenti alle pareti e sul soffitto, arricchito da tavolette lignee figurate, in cui convivono elementi gotici con aggiornamenti rinascimentali. A completamento della manifestazione, a cura del dott. Eurigio Tonetti e della dott.ssa Donatella Bartolini, sar\u00e0 allestita una piccola esposizione di documenti e fotografie relativi ai restauri delle tavolette e degli affreschi eseguiti negli anni \u201970 del Novecento, che saranno illustrati dalla restauratrice Milena Dean.<br \/>\nLe visite guidate sono ad ingresso libero e si svolgeranno in due turni alle ore 9.30 e alle 11.15 nella sede dell\u2019Archivio, Via Santa Maria dei Battuti, 3. Per informazioni ed eventuali prenotazioni: tel. 0437 940061, e-mail <a href=\"mailto:as-bl@beniculturali.it\">as-bl@beniculturali.it<\/a>.<\/p>","protected":false},"excerpt":{"rendered":"<p>Nell\u2019ambito delle Giornate europee del patrimonio 2009, l\u2019Archivio di Stato di Belluno con la Soprintendenza per il Patrimonio storico artistico etnoantropologico per le province di Venezia, Padova, Belluno e Treviso organizza due visite guidate al complesso monumentale di S. Maria dei Battuti. \u00a0Anticamente sede della confraternita dei Battuti, che possedeva anche il vicino ospedale, il [&hellip;]<\/p>\n","protected":false},"author":2,"featured_media":0,"comment_status":"closed","ping_status":"open","sticky":false,"template":"","format":"standard","meta":{"footnotes":""},"categories":[3,25],"tags":[139],"class_list":["post-8420","post","type-post","status-publish","format-standard","category-arte-cultura-spettacoli-scienza-archivi","category-pausa-caffe","tag-belluno"],"yoast_head":"<!-- This site is optimized with the Yoast SEO plugin v28.4 - https:\/\/yoast.com\/product\/yoast-seo-wordpress\/ -->\n<title>Mai viste cos\u00ec: la sala capitolare di Santa Maria dei Battuti e le sue decorazioni artistiche, visite guidate - Bellunopress - Dolomiti<\/title>\n<meta name=\"robots\" content=\"index, follow, max-snippet:-1, max-image-preview:large, max-video-preview:-1\" \/>\n<link rel=\"canonical\" href=\"https:\/\/www.bellunopress.it\/fr\/2009\/09\/26\/mai-viste-cosi-la-sala-capitolare-di-santa-maria-dei-battuti-e-le-sue-decorazioni-artistiche-visite-guidate\/\" \/>\n<meta property=\"og:locale\" content=\"fr_FR\" \/>\n<meta property=\"og:type\" content=\"article\" \/>\n<meta property=\"og:title\" content=\"Mai viste cos\u00ec: la sala capitolare di Santa Maria dei Battuti e le sue decorazioni artistiche, visite guidate - Bellunopress - Dolomiti\" \/>\n<meta property=\"og:description\" content=\"Nell\u2019ambito delle Giornate europee del patrimonio 2009, l\u2019Archivio di Stato di Belluno con la Soprintendenza per il Patrimonio storico artistico etnoantropologico per le province di Venezia, Padova, Belluno e Treviso organizza due visite guidate al complesso monumentale di S. Maria dei Battuti. \u00a0Anticamente sede della confraternita dei Battuti, che possedeva anche il vicino ospedale, il [&hellip;]\" \/>\n<meta property=\"og:url\" content=\"https:\/\/www.bellunopress.it\/fr\/2009\/09\/26\/mai-viste-cosi-la-sala-capitolare-di-santa-maria-dei-battuti-e-le-sue-decorazioni-artistiche-visite-guidate\/\" \/>\n<meta property=\"og:site_name\" content=\"Bellunopress - Dolomiti\" \/>\n<meta property=\"article:publisher\" content=\"https:\/\/www.facebook.com\/profile.php?id=100008943462799\" \/>\n<meta property=\"article:published_time\" content=\"2009-09-26T06:27:59+00:00\" \/>\n<meta property=\"og:image\" content=\"http:\/\/www.bellunopress.it\/wp-content\/uploads\/2012\/07\/logo-bellunopress-250x250-2012.jpg\" \/>\n<meta name=\"author\" content=\"redazione\" \/>\n<meta name=\"twitter:card\" content=\"summary_large_image\" \/>\n<meta name=\"twitter:creator\" content=\"@bellunopress\" \/>\n<meta name=\"twitter:site\" content=\"@bellunopress\" \/>\n<meta name=\"twitter:label1\" content=\"\u00c9crit par\" \/>\n\t<meta name=\"twitter:data1\" content=\"redazione\" \/>\n\t<meta name=\"twitter:label2\" content=\"Dur\u00e9e de lecture estim\u00e9e\" \/>\n\t<meta name=\"twitter:data2\" content=\"2 minutes\" \/>\n<script type=\"application\/ld+json\" class=\"yoast-schema-graph\">{\"@context\":\"https:\\\/\\\/schema.org\",\"@graph\":[{\"@type\":\"Article\",\"@id\":\"https:\\\/\\\/www.bellunopress.it\\\/2009\\\/09\\\/26\\\/mai-viste-cosi-la-sala-capitolare-di-santa-maria-dei-battuti-e-le-sue-decorazioni-artistiche-visite-guidate\\\/#article\",\"isPartOf\":{\"@id\":\"https:\\\/\\\/www.bellunopress.it\\\/2009\\\/09\\\/26\\\/mai-viste-cosi-la-sala-capitolare-di-santa-maria-dei-battuti-e-le-sue-decorazioni-artistiche-visite-guidate\\\/\"},\"author\":{\"name\":\"redazione\",\"@id\":\"https:\\\/\\\/www.bellunopress.it\\\/#\\\/schema\\\/person\\\/79bb06722b37ece1c03d3e94beb30d73\"},\"headline\":\"Mai viste cos\u00ec: la sala capitolare di Santa Maria dei Battuti e le sue decorazioni artistiche, visite guidate\",\"datePublished\":\"2009-09-26T06:27:59+00:00\",\"mainEntityOfPage\":{\"@id\":\"https:\\\/\\\/www.bellunopress.it\\\/2009\\\/09\\\/26\\\/mai-viste-cosi-la-sala-capitolare-di-santa-maria-dei-battuti-e-le-sue-decorazioni-artistiche-visite-guidate\\\/\"},\"wordCount\":376,\"publisher\":{\"@id\":\"https:\\\/\\\/www.bellunopress.it\\\/#organization\"},\"keywords\":[\"Belluno\"],\"articleSection\":[\"Arte, Cultura, Spettacoli, Scienza\",\"Pausa Caff\u00e8\"],\"inLanguage\":\"fr-FR\"},{\"@type\":\"WebPage\",\"@id\":\"https:\\\/\\\/www.bellunopress.it\\\/2009\\\/09\\\/26\\\/mai-viste-cosi-la-sala-capitolare-di-santa-maria-dei-battuti-e-le-sue-decorazioni-artistiche-visite-guidate\\\/\",\"url\":\"https:\\\/\\\/www.bellunopress.it\\\/2009\\\/09\\\/26\\\/mai-viste-cosi-la-sala-capitolare-di-santa-maria-dei-battuti-e-le-sue-decorazioni-artistiche-visite-guidate\\\/\",\"name\":\"Mai viste cos\u00ec: la sala capitolare di Santa Maria dei Battuti e le sue decorazioni artistiche, visite guidate - Bellunopress - Dolomiti\",\"isPartOf\":{\"@id\":\"https:\\\/\\\/www.bellunopress.it\\\/#website\"},\"datePublished\":\"2009-09-26T06:27:59+00:00\",\"breadcrumb\":{\"@id\":\"https:\\\/\\\/www.bellunopress.it\\\/2009\\\/09\\\/26\\\/mai-viste-cosi-la-sala-capitolare-di-santa-maria-dei-battuti-e-le-sue-decorazioni-artistiche-visite-guidate\\\/#breadcrumb\"},\"inLanguage\":\"fr-FR\",\"potentialAction\":[{\"@type\":\"ReadAction\",\"target\":[\"https:\\\/\\\/www.bellunopress.it\\\/2009\\\/09\\\/26\\\/mai-viste-cosi-la-sala-capitolare-di-santa-maria-dei-battuti-e-le-sue-decorazioni-artistiche-visite-guidate\\\/\"]}]},{\"@type\":\"BreadcrumbList\",\"@id\":\"https:\\\/\\\/www.bellunopress.it\\\/2009\\\/09\\\/26\\\/mai-viste-cosi-la-sala-capitolare-di-santa-maria-dei-battuti-e-le-sue-decorazioni-artistiche-visite-guidate\\\/#breadcrumb\",\"itemListElement\":[{\"@type\":\"ListItem\",\"position\":1,\"name\":\"Home\",\"item\":\"https:\\\/\\\/www.bellunopress.it\\\/\"},{\"@type\":\"ListItem\",\"position\":2,\"name\":\"Mai viste cos\u00ec: la sala capitolare di Santa Maria dei Battuti e le sue decorazioni artistiche, visite guidate\"}]},{\"@type\":\"WebSite\",\"@id\":\"https:\\\/\\\/www.bellunopress.it\\\/#website\",\"url\":\"https:\\\/\\\/www.bellunopress.it\\\/\",\"name\":\"Bellunopress - Dolomiti\",\"description\":\"e-mail: redazione@bellunopress.it\",\"publisher\":{\"@id\":\"https:\\\/\\\/www.bellunopress.it\\\/#organization\"},\"potentialAction\":[{\"@type\":\"SearchAction\",\"target\":{\"@type\":\"EntryPoint\",\"urlTemplate\":\"https:\\\/\\\/www.bellunopress.it\\\/?s={search_term_string}\"},\"query-input\":{\"@type\":\"PropertyValueSpecification\",\"valueRequired\":true,\"valueName\":\"search_term_string\"}}],\"inLanguage\":\"fr-FR\"},{\"@type\":\"Organization\",\"@id\":\"https:\\\/\\\/www.bellunopress.it\\\/#organization\",\"name\":\"Bellunopress\",\"url\":\"https:\\\/\\\/www.bellunopress.it\\\/\",\"logo\":{\"@type\":\"ImageObject\",\"inLanguage\":\"fr-FR\",\"@id\":\"https:\\\/\\\/www.bellunopress.it\\\/#\\\/schema\\\/logo\\\/image\\\/\",\"url\":\"https:\\\/\\\/www.bellunopress.it\\\/wp-content\\\/uploads\\\/2011\\\/05\\\/cropped-logo-bellunopress-.jpg\",\"contentUrl\":\"https:\\\/\\\/www.bellunopress.it\\\/wp-content\\\/uploads\\\/2011\\\/05\\\/cropped-logo-bellunopress-.jpg\",\"width\":512,\"height\":512,\"caption\":\"Bellunopress\"},\"image\":{\"@id\":\"https:\\\/\\\/www.bellunopress.it\\\/#\\\/schema\\\/logo\\\/image\\\/\"},\"sameAs\":[\"https:\\\/\\\/www.facebook.com\\\/profile.php?id=100008943462799\",\"https:\\\/\\\/x.com\\\/bellunopress\",\"https:\\\/\\\/www.linkedin.com\\\/hp\\\/?dnr=JBzUWaJfMUw8vbXJJ2tVW5-I3jZKvC4wsoxE&amp;amp;amp;amp;amp;amp;trk=nav_responsive_tab_home\",\"https:\\\/\\\/www.youtube.com\\\/channel\\\/UCxL0wu1uN0_3_7hGG0306cw\"]},{\"@type\":\"Person\",\"@id\":\"https:\\\/\\\/www.bellunopress.it\\\/#\\\/schema\\\/person\\\/79bb06722b37ece1c03d3e94beb30d73\",\"name\":\"redazione\",\"image\":{\"@type\":\"ImageObject\",\"inLanguage\":\"fr-FR\",\"@id\":\"https:\\\/\\\/secure.gravatar.com\\\/avatar\\\/37d968a2e67a6fd04c169c4bdef102d0bc5d31b2546345219e348575eb80e9a0?s=96&d=mm&r=g\",\"url\":\"https:\\\/\\\/secure.gravatar.com\\\/avatar\\\/37d968a2e67a6fd04c169c4bdef102d0bc5d31b2546345219e348575eb80e9a0?s=96&d=mm&r=g\",\"contentUrl\":\"https:\\\/\\\/secure.gravatar.com\\\/avatar\\\/37d968a2e67a6fd04c169c4bdef102d0bc5d31b2546345219e348575eb80e9a0?s=96&d=mm&r=g\",\"caption\":\"redazione\"},\"sameAs\":[\"http:\\\/\\\/www.bellunopress.it\",\"https:\\\/\\\/x.com\\\/bellunopress\"],\"url\":\"https:\\\/\\\/www.bellunopress.it\\\/fr\\\/author\\\/redazione\\\/\"}]}<\/script>\n<!-- \/ Yoast SEO plugin. -->","yoast_head_json":{"title":"Mai viste cos\u00ec: la sala capitolare di Santa Maria dei Battuti e le sue decorazioni artistiche, visite guidate - Bellunopress - Dolomiti","robots":{"index":"index","follow":"follow","max-snippet":"max-snippet:-1","max-image-preview":"max-image-preview:large","max-video-preview":"max-video-preview:-1"},"canonical":"https:\/\/www.bellunopress.it\/fr\/2009\/09\/26\/mai-viste-cosi-la-sala-capitolare-di-santa-maria-dei-battuti-e-le-sue-decorazioni-artistiche-visite-guidate\/","og_locale":"fr_FR","og_type":"article","og_title":"Mai viste cos\u00ec: la sala capitolare di Santa Maria dei Battuti e le sue decorazioni artistiche, visite guidate - Bellunopress - Dolomiti","og_description":"Nell\u2019ambito delle Giornate europee del patrimonio 2009, l\u2019Archivio di Stato di Belluno con la Soprintendenza per il Patrimonio storico artistico etnoantropologico per le province di Venezia, Padova, Belluno e Treviso organizza due visite guidate al complesso monumentale di S. Maria dei Battuti. \u00a0Anticamente sede della confraternita dei Battuti, che possedeva anche il vicino ospedale, il [&hellip;]","og_url":"https:\/\/www.bellunopress.it\/fr\/2009\/09\/26\/mai-viste-cosi-la-sala-capitolare-di-santa-maria-dei-battuti-e-le-sue-decorazioni-artistiche-visite-guidate\/","og_site_name":"Bellunopress - Dolomiti","article_publisher":"https:\/\/www.facebook.com\/profile.php?id=100008943462799","article_published_time":"2009-09-26T06:27:59+00:00","og_image":[{"url":"http:\/\/www.bellunopress.it\/wp-content\/uploads\/2012\/07\/logo-bellunopress-250x250-2012.jpg","type":"","width":"","height":""}],"author":"redazione","twitter_card":"summary_large_image","twitter_creator":"@bellunopress","twitter_site":"@bellunopress","twitter_misc":{"\u00c9crit par":"redazione","Dur\u00e9e de lecture estim\u00e9e":"2 minutes"},"schema":{"@context":"https:\/\/schema.org","@graph":[{"@type":"Article","@id":"https:\/\/www.bellunopress.it\/2009\/09\/26\/mai-viste-cosi-la-sala-capitolare-di-santa-maria-dei-battuti-e-le-sue-decorazioni-artistiche-visite-guidate\/#article","isPartOf":{"@id":"https:\/\/www.bellunopress.it\/2009\/09\/26\/mai-viste-cosi-la-sala-capitolare-di-santa-maria-dei-battuti-e-le-sue-decorazioni-artistiche-visite-guidate\/"},"author":{"name":"redazione","@id":"https:\/\/www.bellunopress.it\/#\/schema\/person\/79bb06722b37ece1c03d3e94beb30d73"},"headline":"Mai viste cos\u00ec: la sala capitolare di Santa Maria dei Battuti e le sue decorazioni artistiche, visite guidate","datePublished":"2009-09-26T06:27:59+00:00","mainEntityOfPage":{"@id":"https:\/\/www.bellunopress.it\/2009\/09\/26\/mai-viste-cosi-la-sala-capitolare-di-santa-maria-dei-battuti-e-le-sue-decorazioni-artistiche-visite-guidate\/"},"wordCount":376,"publisher":{"@id":"https:\/\/www.bellunopress.it\/#organization"},"keywords":["Belluno"],"articleSection":["Arte, Cultura, Spettacoli, Scienza","Pausa Caff\u00e8"],"inLanguage":"fr-FR"},{"@type":"WebPage","@id":"https:\/\/www.bellunopress.it\/2009\/09\/26\/mai-viste-cosi-la-sala-capitolare-di-santa-maria-dei-battuti-e-le-sue-decorazioni-artistiche-visite-guidate\/","url":"https:\/\/www.bellunopress.it\/2009\/09\/26\/mai-viste-cosi-la-sala-capitolare-di-santa-maria-dei-battuti-e-le-sue-decorazioni-artistiche-visite-guidate\/","name":"Mai viste cos\u00ec: la sala capitolare di Santa Maria dei Battuti e le sue decorazioni artistiche, visite guidate - Bellunopress - Dolomiti","isPartOf":{"@id":"https:\/\/www.bellunopress.it\/#website"},"datePublished":"2009-09-26T06:27:59+00:00","breadcrumb":{"@id":"https:\/\/www.bellunopress.it\/2009\/09\/26\/mai-viste-cosi-la-sala-capitolare-di-santa-maria-dei-battuti-e-le-sue-decorazioni-artistiche-visite-guidate\/#breadcrumb"},"inLanguage":"fr-FR","potentialAction":[{"@type":"ReadAction","target":["https:\/\/www.bellunopress.it\/2009\/09\/26\/mai-viste-cosi-la-sala-capitolare-di-santa-maria-dei-battuti-e-le-sue-decorazioni-artistiche-visite-guidate\/"]}]},{"@type":"BreadcrumbList","@id":"https:\/\/www.bellunopress.it\/2009\/09\/26\/mai-viste-cosi-la-sala-capitolare-di-santa-maria-dei-battuti-e-le-sue-decorazioni-artistiche-visite-guidate\/#breadcrumb","itemListElement":[{"@type":"ListItem","position":1,"name":"Home","item":"https:\/\/www.bellunopress.it\/"},{"@type":"ListItem","position":2,"name":"Mai viste cos\u00ec: la sala capitolare di Santa Maria dei Battuti e le sue decorazioni artistiche, visite guidate"}]},{"@type":"WebSite","@id":"https:\/\/www.bellunopress.it\/#website","url":"https:\/\/www.bellunopress.it\/","name":"Bellunopress - Dolomiti","description":"e-mail: redazione@bellunopress.it","publisher":{"@id":"https:\/\/www.bellunopress.it\/#organization"},"potentialAction":[{"@type":"SearchAction","target":{"@type":"EntryPoint","urlTemplate":"https:\/\/www.bellunopress.it\/?s={search_term_string}"},"query-input":{"@type":"PropertyValueSpecification","valueRequired":true,"valueName":"search_term_string"}}],"inLanguage":"fr-FR"},{"@type":"Organization","@id":"https:\/\/www.bellunopress.it\/#organization","name":"Bellunopress","url":"https:\/\/www.bellunopress.it\/","logo":{"@type":"ImageObject","inLanguage":"fr-FR","@id":"https:\/\/www.bellunopress.it\/#\/schema\/logo\/image\/","url":"https:\/\/www.bellunopress.it\/wp-content\/uploads\/2011\/05\/cropped-logo-bellunopress-.jpg","contentUrl":"https:\/\/www.bellunopress.it\/wp-content\/uploads\/2011\/05\/cropped-logo-bellunopress-.jpg","width":512,"height":512,"caption":"Bellunopress"},"image":{"@id":"https:\/\/www.bellunopress.it\/#\/schema\/logo\/image\/"},"sameAs":["https:\/\/www.facebook.com\/profile.php?id=100008943462799","https:\/\/x.com\/bellunopress","https:\/\/www.linkedin.com\/hp\/?dnr=JBzUWaJfMUw8vbXJJ2tVW5-I3jZKvC4wsoxE&amp;amp;amp;amp;amp;amp;trk=nav_responsive_tab_home","https:\/\/www.youtube.com\/channel\/UCxL0wu1uN0_3_7hGG0306cw"]},{"@type":"Person","@id":"https:\/\/www.bellunopress.it\/#\/schema\/person\/79bb06722b37ece1c03d3e94beb30d73","name":"r\u00e9daction","image":{"@type":"ImageObject","inLanguage":"fr-FR","@id":"https:\/\/secure.gravatar.com\/avatar\/37d968a2e67a6fd04c169c4bdef102d0bc5d31b2546345219e348575eb80e9a0?s=96&d=mm&r=g","url":"https:\/\/secure.gravatar.com\/avatar\/37d968a2e67a6fd04c169c4bdef102d0bc5d31b2546345219e348575eb80e9a0?s=96&d=mm&r=g","contentUrl":"https:\/\/secure.gravatar.com\/avatar\/37d968a2e67a6fd04c169c4bdef102d0bc5d31b2546345219e348575eb80e9a0?s=96&d=mm&r=g","caption":"redazione"},"sameAs":["http:\/\/www.bellunopress.it","https:\/\/x.com\/bellunopress"],"url":"https:\/\/www.bellunopress.it\/fr\/author\/redazione\/"}]}},"_links":{"self":[{"href":"https:\/\/www.bellunopress.it\/fr\/wp-json\/wp\/v2\/posts\/8420","targetHints":{"allow":["GET"]}}],"collection":[{"href":"https:\/\/www.bellunopress.it\/fr\/wp-json\/wp\/v2\/posts"}],"about":[{"href":"https:\/\/www.bellunopress.it\/fr\/wp-json\/wp\/v2\/types\/post"}],"author":[{"embeddable":true,"href":"https:\/\/www.bellunopress.it\/fr\/wp-json\/wp\/v2\/users\/2"}],"replies":[{"embeddable":true,"href":"https:\/\/www.bellunopress.it\/fr\/wp-json\/wp\/v2\/comments?post=8420"}],"version-history":[{"count":1,"href":"https:\/\/www.bellunopress.it\/fr\/wp-json\/wp\/v2\/posts\/8420\/revisions"}],"predecessor-version":[{"id":8421,"href":"https:\/\/www.bellunopress.it\/fr\/wp-json\/wp\/v2\/posts\/8420\/revisions\/8421"}],"wp:attachment":[{"href":"https:\/\/www.bellunopress.it\/fr\/wp-json\/wp\/v2\/media?parent=8420"}],"wp:term":[{"taxonomy":"category","embeddable":true,"href":"https:\/\/www.bellunopress.it\/fr\/wp-json\/wp\/v2\/categories?post=8420"},{"taxonomy":"post_tag","embeddable":true,"href":"https:\/\/www.bellunopress.it\/fr\/wp-json\/wp\/v2\/tags?post=8420"}],"curies":[{"name":"wp","href":"https:\/\/api.w.org\/{rel}","templated":true}]}}