{"id":8414,"date":"2009-09-26T07:02:21","date_gmt":"2009-09-26T06:02:21","guid":{"rendered":"http:\/\/www.bellunopress.it\/?p=8414"},"modified":"2009-09-26T07:02:21","modified_gmt":"2009-09-26T06:02:21","slug":"pari-opportunita-bandi-regionali-per-progetti-di-scuole-e-enti-locali","status":"publish","type":"post","link":"https:\/\/www.bellunopress.it\/fr\/2009\/09\/26\/pari-opportunita-bandi-regionali-per-progetti-di-scuole-e-enti-locali\/","title":{"rendered":"Pari opportunit\u00e0: bandi regionali per progetti di scuole e enti locali"},"content":{"rendered":"<p>Per realizzare iniziative e attivit\u00e0 destinate a promuovere le pari opportunit\u00e0 tra uomo e donna la giunta regionale, su relazione dell\u2019assessore Isi Coppola, ha approvato i bandi 2009 per il finanziamento di progetti che saranno presentati da scuole ed enti locali. L\u2019importo delle risorse complessivamente disponibili \u00e8 di quasi 500 mila euro. \u201cIl provvedimento \u2013 fa rilevare l\u2019assessore \u2013 ha passato il vaglio della Commissione regionale per le pari opportunit\u00e0 e della competente Commissione consiliare. I bandi vengono approvati in questo periodo perch\u00e9 giungono a maturazione i progetti dell\u2019anno precedente, consentendo una valutazione dei risultati; inoltre, essendo gi\u00e0 iniziato l\u2019anno scolastico, mettiamo anche le scuole, che hanno dato in questi anni una risposta straordinaria su questi temi, in condizione di partecipare\u201d. Per quanto riguarda gli enti locali i bandi sono due: uno per favorire la nascita e l\u2019attivit\u00e0 di organismi di parit\u00e0, l\u2019altro per consolidare la presenza di servizi permanenti (sportelli-donna e centri risorse) a sostegno delle pari opportunit\u00e0. \u201cUna delle esigenze pi\u00f9 sentite \u2013 evidenzia l\u2019assessore Coppola \u2013 era quella di dare omogeneit\u00e0 a questi servizi in tutta la regione, favorendo soprattutto la loro caratterizzazione di servizi dedicati alle pari opportunit\u00e0 e all\u2019universo femminile\u201d. Un terzo bando \u00e8 rivolto alle scuole per progetti, in forma singola o associata, destinati a realizzare iniziative in collaborazione per la promozione delle politiche di pari opportunit\u00e0. \u201cQuello della scuola \u00e8 uno dei settori \u2013 fa rilevare l\u2019assessore \u2013 che in questi ultimi anni ha dato prova di grande sensibilit\u00e0 e partecipazione relativamente a queste tematiche. Proseguiremo quindi nell\u2019azione di sostegno a questi progetti che coinvolgono direttamente i pi\u00f9 giovani e li aiutano ad affrontare la realt\u00e0 senza pregiudizi e nel rispetto e valorizzazione delle differenze di genere\u201d. Il provvedimento approvato dalla giunta veneta prevede anche la realizzazione di iniziative dirette da parte della Regione, in collaborazione con enti pubblici e istituti universitari, per veicolare e diffondere sul territorio veneto buone pratiche di promozione delle pari opportunit\u00e0. \u201cLa finalit\u00e0 principale \u2013 conclude l\u2019assessore \u2013 \u00e8 di raggiungere un\u2019effettiva parit\u00e0 di accesso in ogni ambito delle vita politica, sociale ed economica\u201d.<\/p>","protected":false},"excerpt":{"rendered":"<p>Per realizzare iniziative e attivit\u00e0 destinate a promuovere le pari opportunit\u00e0 tra uomo e donna la giunta regionale, su relazione dell\u2019assessore Isi Coppola, ha approvato i bandi 2009 per il finanziamento di progetti che saranno presentati da scuole ed enti locali. L\u2019importo delle risorse complessivamente disponibili \u00e8 di quasi 500 mila euro. \u201cIl provvedimento \u2013 [&hellip;]<\/p>\n","protected":false},"author":2,"featured_media":0,"comment_status":"closed","ping_status":"open","sticky":false,"template":"","format":"standard","meta":{"footnotes":""},"categories":[26,15],"tags":[],"class_list":["post-8414","post","type-post","status-publish","format-standard","category-prima-pagina","category-scuola"],"yoast_head":"<!-- This site is optimized with the Yoast SEO plugin v28.4 - https:\/\/yoast.com\/product\/yoast-seo-wordpress\/ -->\n<title>Pari opportunit\u00e0: bandi regionali per progetti di scuole e enti locali - Bellunopress - Dolomiti<\/title>\n<meta name=\"robots\" content=\"index, follow, max-snippet:-1, max-image-preview:large, max-video-preview:-1\" \/>\n<link rel=\"canonical\" href=\"https:\/\/www.bellunopress.it\/fr\/2009\/09\/26\/pari-opportunita-bandi-regionali-per-progetti-di-scuole-e-enti-locali\/\" \/>\n<meta property=\"og:locale\" content=\"fr_FR\" \/>\n<meta property=\"og:type\" content=\"article\" \/>\n<meta property=\"og:title\" content=\"Pari opportunit\u00e0: bandi regionali per progetti di scuole e enti locali - Bellunopress - Dolomiti\" \/>\n<meta property=\"og:description\" content=\"Per realizzare iniziative e attivit\u00e0 destinate a promuovere le pari opportunit\u00e0 tra uomo e donna la giunta regionale, su relazione dell\u2019assessore Isi Coppola, ha approvato i bandi 2009 per il finanziamento di progetti che saranno presentati da scuole ed enti locali. L\u2019importo delle risorse complessivamente disponibili \u00e8 di quasi 500 mila euro. \u201cIl provvedimento \u2013 [&hellip;]\" \/>\n<meta property=\"og:url\" content=\"https:\/\/www.bellunopress.it\/fr\/2009\/09\/26\/pari-opportunita-bandi-regionali-per-progetti-di-scuole-e-enti-locali\/\" \/>\n<meta property=\"og:site_name\" content=\"Bellunopress - Dolomiti\" \/>\n<meta property=\"article:publisher\" content=\"https:\/\/www.facebook.com\/profile.php?id=100008943462799\" \/>\n<meta property=\"article:published_time\" content=\"2009-09-26T06:02:21+00:00\" \/>\n<meta property=\"og:image\" content=\"http:\/\/www.bellunopress.it\/wp-content\/uploads\/2012\/07\/logo-bellunopress-250x250-2012.jpg\" \/>\n<meta name=\"author\" content=\"redazione\" \/>\n<meta name=\"twitter:card\" content=\"summary_large_image\" \/>\n<meta name=\"twitter:creator\" content=\"@bellunopress\" \/>\n<meta name=\"twitter:site\" content=\"@bellunopress\" \/>\n<meta name=\"twitter:label1\" content=\"\u00c9crit par\" \/>\n\t<meta name=\"twitter:data1\" content=\"redazione\" \/>\n\t<meta name=\"twitter:label2\" content=\"Dur\u00e9e de lecture estim\u00e9e\" \/>\n\t<meta name=\"twitter:data2\" content=\"2 minutes\" \/>\n<script type=\"application\/ld+json\" class=\"yoast-schema-graph\">{\"@context\":\"https:\\\/\\\/schema.org\",\"@graph\":[{\"@type\":\"Article\",\"@id\":\"https:\\\/\\\/www.bellunopress.it\\\/2009\\\/09\\\/26\\\/pari-opportunita-bandi-regionali-per-progetti-di-scuole-e-enti-locali\\\/#article\",\"isPartOf\":{\"@id\":\"https:\\\/\\\/www.bellunopress.it\\\/2009\\\/09\\\/26\\\/pari-opportunita-bandi-regionali-per-progetti-di-scuole-e-enti-locali\\\/\"},\"author\":{\"name\":\"redazione\",\"@id\":\"https:\\\/\\\/www.bellunopress.it\\\/#\\\/schema\\\/person\\\/79bb06722b37ece1c03d3e94beb30d73\"},\"headline\":\"Pari opportunit\u00e0: bandi regionali per progetti di scuole e enti locali\",\"datePublished\":\"2009-09-26T06:02:21+00:00\",\"mainEntityOfPage\":{\"@id\":\"https:\\\/\\\/www.bellunopress.it\\\/2009\\\/09\\\/26\\\/pari-opportunita-bandi-regionali-per-progetti-di-scuole-e-enti-locali\\\/\"},\"wordCount\":356,\"publisher\":{\"@id\":\"https:\\\/\\\/www.bellunopress.it\\\/#organization\"},\"articleSection\":[\"Prima Pagina\",\"Scuola\"],\"inLanguage\":\"fr-FR\"},{\"@type\":\"WebPage\",\"@id\":\"https:\\\/\\\/www.bellunopress.it\\\/2009\\\/09\\\/26\\\/pari-opportunita-bandi-regionali-per-progetti-di-scuole-e-enti-locali\\\/\",\"url\":\"https:\\\/\\\/www.bellunopress.it\\\/2009\\\/09\\\/26\\\/pari-opportunita-bandi-regionali-per-progetti-di-scuole-e-enti-locali\\\/\",\"name\":\"Pari opportunit\u00e0: bandi regionali per progetti di scuole e enti locali - Bellunopress - Dolomiti\",\"isPartOf\":{\"@id\":\"https:\\\/\\\/www.bellunopress.it\\\/#website\"},\"datePublished\":\"2009-09-26T06:02:21+00:00\",\"breadcrumb\":{\"@id\":\"https:\\\/\\\/www.bellunopress.it\\\/2009\\\/09\\\/26\\\/pari-opportunita-bandi-regionali-per-progetti-di-scuole-e-enti-locali\\\/#breadcrumb\"},\"inLanguage\":\"fr-FR\",\"potentialAction\":[{\"@type\":\"ReadAction\",\"target\":[\"https:\\\/\\\/www.bellunopress.it\\\/2009\\\/09\\\/26\\\/pari-opportunita-bandi-regionali-per-progetti-di-scuole-e-enti-locali\\\/\"]}]},{\"@type\":\"BreadcrumbList\",\"@id\":\"https:\\\/\\\/www.bellunopress.it\\\/2009\\\/09\\\/26\\\/pari-opportunita-bandi-regionali-per-progetti-di-scuole-e-enti-locali\\\/#breadcrumb\",\"itemListElement\":[{\"@type\":\"ListItem\",\"position\":1,\"name\":\"Home\",\"item\":\"https:\\\/\\\/www.bellunopress.it\\\/\"},{\"@type\":\"ListItem\",\"position\":2,\"name\":\"Pari opportunit\u00e0: bandi regionali per progetti di scuole e enti locali\"}]},{\"@type\":\"WebSite\",\"@id\":\"https:\\\/\\\/www.bellunopress.it\\\/#website\",\"url\":\"https:\\\/\\\/www.bellunopress.it\\\/\",\"name\":\"Bellunopress - Dolomiti\",\"description\":\"e-mail: redazione@bellunopress.it\",\"publisher\":{\"@id\":\"https:\\\/\\\/www.bellunopress.it\\\/#organization\"},\"potentialAction\":[{\"@type\":\"SearchAction\",\"target\":{\"@type\":\"EntryPoint\",\"urlTemplate\":\"https:\\\/\\\/www.bellunopress.it\\\/?s={search_term_string}\"},\"query-input\":{\"@type\":\"PropertyValueSpecification\",\"valueRequired\":true,\"valueName\":\"search_term_string\"}}],\"inLanguage\":\"fr-FR\"},{\"@type\":\"Organization\",\"@id\":\"https:\\\/\\\/www.bellunopress.it\\\/#organization\",\"name\":\"Bellunopress\",\"url\":\"https:\\\/\\\/www.bellunopress.it\\\/\",\"logo\":{\"@type\":\"ImageObject\",\"inLanguage\":\"fr-FR\",\"@id\":\"https:\\\/\\\/www.bellunopress.it\\\/#\\\/schema\\\/logo\\\/image\\\/\",\"url\":\"https:\\\/\\\/www.bellunopress.it\\\/wp-content\\\/uploads\\\/2011\\\/05\\\/cropped-logo-bellunopress-.jpg\",\"contentUrl\":\"https:\\\/\\\/www.bellunopress.it\\\/wp-content\\\/uploads\\\/2011\\\/05\\\/cropped-logo-bellunopress-.jpg\",\"width\":512,\"height\":512,\"caption\":\"Bellunopress\"},\"image\":{\"@id\":\"https:\\\/\\\/www.bellunopress.it\\\/#\\\/schema\\\/logo\\\/image\\\/\"},\"sameAs\":[\"https:\\\/\\\/www.facebook.com\\\/profile.php?id=100008943462799\",\"https:\\\/\\\/x.com\\\/bellunopress\",\"https:\\\/\\\/www.linkedin.com\\\/hp\\\/?dnr=JBzUWaJfMUw8vbXJJ2tVW5-I3jZKvC4wsoxE&amp;amp;amp;amp;amp;amp;trk=nav_responsive_tab_home\",\"https:\\\/\\\/www.youtube.com\\\/channel\\\/UCxL0wu1uN0_3_7hGG0306cw\"]},{\"@type\":\"Person\",\"@id\":\"https:\\\/\\\/www.bellunopress.it\\\/#\\\/schema\\\/person\\\/79bb06722b37ece1c03d3e94beb30d73\",\"name\":\"redazione\",\"image\":{\"@type\":\"ImageObject\",\"inLanguage\":\"fr-FR\",\"@id\":\"https:\\\/\\\/secure.gravatar.com\\\/avatar\\\/37d968a2e67a6fd04c169c4bdef102d0bc5d31b2546345219e348575eb80e9a0?s=96&d=mm&r=g\",\"url\":\"https:\\\/\\\/secure.gravatar.com\\\/avatar\\\/37d968a2e67a6fd04c169c4bdef102d0bc5d31b2546345219e348575eb80e9a0?s=96&d=mm&r=g\",\"contentUrl\":\"https:\\\/\\\/secure.gravatar.com\\\/avatar\\\/37d968a2e67a6fd04c169c4bdef102d0bc5d31b2546345219e348575eb80e9a0?s=96&d=mm&r=g\",\"caption\":\"redazione\"},\"sameAs\":[\"http:\\\/\\\/www.bellunopress.it\",\"https:\\\/\\\/x.com\\\/bellunopress\"],\"url\":\"https:\\\/\\\/www.bellunopress.it\\\/fr\\\/author\\\/redazione\\\/\"}]}<\/script>\n<!-- \/ Yoast SEO plugin. -->","yoast_head_json":{"title":"Pari opportunit\u00e0: bandi regionali per progetti di scuole e enti locali - Bellunopress - Dolomiti","robots":{"index":"index","follow":"follow","max-snippet":"max-snippet:-1","max-image-preview":"max-image-preview:large","max-video-preview":"max-video-preview:-1"},"canonical":"https:\/\/www.bellunopress.it\/fr\/2009\/09\/26\/pari-opportunita-bandi-regionali-per-progetti-di-scuole-e-enti-locali\/","og_locale":"fr_FR","og_type":"article","og_title":"Pari opportunit\u00e0: bandi regionali per progetti di scuole e enti locali - Bellunopress - Dolomiti","og_description":"Per realizzare iniziative e attivit\u00e0 destinate a promuovere le pari opportunit\u00e0 tra uomo e donna la giunta regionale, su relazione dell\u2019assessore Isi Coppola, ha approvato i bandi 2009 per il finanziamento di progetti che saranno presentati da scuole ed enti locali. L\u2019importo delle risorse complessivamente disponibili \u00e8 di quasi 500 mila euro. \u201cIl provvedimento \u2013 [&hellip;]","og_url":"https:\/\/www.bellunopress.it\/fr\/2009\/09\/26\/pari-opportunita-bandi-regionali-per-progetti-di-scuole-e-enti-locali\/","og_site_name":"Bellunopress - Dolomiti","article_publisher":"https:\/\/www.facebook.com\/profile.php?id=100008943462799","article_published_time":"2009-09-26T06:02:21+00:00","og_image":[{"url":"http:\/\/www.bellunopress.it\/wp-content\/uploads\/2012\/07\/logo-bellunopress-250x250-2012.jpg","type":"","width":"","height":""}],"author":"redazione","twitter_card":"summary_large_image","twitter_creator":"@bellunopress","twitter_site":"@bellunopress","twitter_misc":{"\u00c9crit par":"redazione","Dur\u00e9e de lecture estim\u00e9e":"2 minutes"},"schema":{"@context":"https:\/\/schema.org","@graph":[{"@type":"Article","@id":"https:\/\/www.bellunopress.it\/2009\/09\/26\/pari-opportunita-bandi-regionali-per-progetti-di-scuole-e-enti-locali\/#article","isPartOf":{"@id":"https:\/\/www.bellunopress.it\/2009\/09\/26\/pari-opportunita-bandi-regionali-per-progetti-di-scuole-e-enti-locali\/"},"author":{"name":"redazione","@id":"https:\/\/www.bellunopress.it\/#\/schema\/person\/79bb06722b37ece1c03d3e94beb30d73"},"headline":"Pari opportunit\u00e0: bandi regionali per progetti di scuole e enti locali","datePublished":"2009-09-26T06:02:21+00:00","mainEntityOfPage":{"@id":"https:\/\/www.bellunopress.it\/2009\/09\/26\/pari-opportunita-bandi-regionali-per-progetti-di-scuole-e-enti-locali\/"},"wordCount":356,"publisher":{"@id":"https:\/\/www.bellunopress.it\/#organization"},"articleSection":["Prima Pagina","Scuola"],"inLanguage":"fr-FR"},{"@type":"WebPage","@id":"https:\/\/www.bellunopress.it\/2009\/09\/26\/pari-opportunita-bandi-regionali-per-progetti-di-scuole-e-enti-locali\/","url":"https:\/\/www.bellunopress.it\/2009\/09\/26\/pari-opportunita-bandi-regionali-per-progetti-di-scuole-e-enti-locali\/","name":"Pari opportunit\u00e0: bandi regionali per progetti di scuole e enti locali - Bellunopress - Dolomiti","isPartOf":{"@id":"https:\/\/www.bellunopress.it\/#website"},"datePublished":"2009-09-26T06:02:21+00:00","breadcrumb":{"@id":"https:\/\/www.bellunopress.it\/2009\/09\/26\/pari-opportunita-bandi-regionali-per-progetti-di-scuole-e-enti-locali\/#breadcrumb"},"inLanguage":"fr-FR","potentialAction":[{"@type":"ReadAction","target":["https:\/\/www.bellunopress.it\/2009\/09\/26\/pari-opportunita-bandi-regionali-per-progetti-di-scuole-e-enti-locali\/"]}]},{"@type":"BreadcrumbList","@id":"https:\/\/www.bellunopress.it\/2009\/09\/26\/pari-opportunita-bandi-regionali-per-progetti-di-scuole-e-enti-locali\/#breadcrumb","itemListElement":[{"@type":"ListItem","position":1,"name":"Home","item":"https:\/\/www.bellunopress.it\/"},{"@type":"ListItem","position":2,"name":"Pari opportunit\u00e0: bandi regionali per progetti di scuole e enti locali"}]},{"@type":"WebSite","@id":"https:\/\/www.bellunopress.it\/#website","url":"https:\/\/www.bellunopress.it\/","name":"Bellunopress - Dolomiti","description":"e-mail: redazione@bellunopress.it","publisher":{"@id":"https:\/\/www.bellunopress.it\/#organization"},"potentialAction":[{"@type":"SearchAction","target":{"@type":"EntryPoint","urlTemplate":"https:\/\/www.bellunopress.it\/?s={search_term_string}"},"query-input":{"@type":"PropertyValueSpecification","valueRequired":true,"valueName":"search_term_string"}}],"inLanguage":"fr-FR"},{"@type":"Organization","@id":"https:\/\/www.bellunopress.it\/#organization","name":"Bellunopress","url":"https:\/\/www.bellunopress.it\/","logo":{"@type":"ImageObject","inLanguage":"fr-FR","@id":"https:\/\/www.bellunopress.it\/#\/schema\/logo\/image\/","url":"https:\/\/www.bellunopress.it\/wp-content\/uploads\/2011\/05\/cropped-logo-bellunopress-.jpg","contentUrl":"https:\/\/www.bellunopress.it\/wp-content\/uploads\/2011\/05\/cropped-logo-bellunopress-.jpg","width":512,"height":512,"caption":"Bellunopress"},"image":{"@id":"https:\/\/www.bellunopress.it\/#\/schema\/logo\/image\/"},"sameAs":["https:\/\/www.facebook.com\/profile.php?id=100008943462799","https:\/\/x.com\/bellunopress","https:\/\/www.linkedin.com\/hp\/?dnr=JBzUWaJfMUw8vbXJJ2tVW5-I3jZKvC4wsoxE&amp;amp;amp;amp;amp;amp;trk=nav_responsive_tab_home","https:\/\/www.youtube.com\/channel\/UCxL0wu1uN0_3_7hGG0306cw"]},{"@type":"Person","@id":"https:\/\/www.bellunopress.it\/#\/schema\/person\/79bb06722b37ece1c03d3e94beb30d73","name":"r\u00e9daction","image":{"@type":"ImageObject","inLanguage":"fr-FR","@id":"https:\/\/secure.gravatar.com\/avatar\/37d968a2e67a6fd04c169c4bdef102d0bc5d31b2546345219e348575eb80e9a0?s=96&d=mm&r=g","url":"https:\/\/secure.gravatar.com\/avatar\/37d968a2e67a6fd04c169c4bdef102d0bc5d31b2546345219e348575eb80e9a0?s=96&d=mm&r=g","contentUrl":"https:\/\/secure.gravatar.com\/avatar\/37d968a2e67a6fd04c169c4bdef102d0bc5d31b2546345219e348575eb80e9a0?s=96&d=mm&r=g","caption":"redazione"},"sameAs":["http:\/\/www.bellunopress.it","https:\/\/x.com\/bellunopress"],"url":"https:\/\/www.bellunopress.it\/fr\/author\/redazione\/"}]}},"_links":{"self":[{"href":"https:\/\/www.bellunopress.it\/fr\/wp-json\/wp\/v2\/posts\/8414","targetHints":{"allow":["GET"]}}],"collection":[{"href":"https:\/\/www.bellunopress.it\/fr\/wp-json\/wp\/v2\/posts"}],"about":[{"href":"https:\/\/www.bellunopress.it\/fr\/wp-json\/wp\/v2\/types\/post"}],"author":[{"embeddable":true,"href":"https:\/\/www.bellunopress.it\/fr\/wp-json\/wp\/v2\/users\/2"}],"replies":[{"embeddable":true,"href":"https:\/\/www.bellunopress.it\/fr\/wp-json\/wp\/v2\/comments?post=8414"}],"version-history":[{"count":1,"href":"https:\/\/www.bellunopress.it\/fr\/wp-json\/wp\/v2\/posts\/8414\/revisions"}],"predecessor-version":[{"id":8415,"href":"https:\/\/www.bellunopress.it\/fr\/wp-json\/wp\/v2\/posts\/8414\/revisions\/8415"}],"wp:attachment":[{"href":"https:\/\/www.bellunopress.it\/fr\/wp-json\/wp\/v2\/media?parent=8414"}],"wp:term":[{"taxonomy":"category","embeddable":true,"href":"https:\/\/www.bellunopress.it\/fr\/wp-json\/wp\/v2\/categories?post=8414"},{"taxonomy":"post_tag","embeddable":true,"href":"https:\/\/www.bellunopress.it\/fr\/wp-json\/wp\/v2\/tags?post=8414"}],"curies":[{"name":"wp","href":"https:\/\/api.w.org\/{rel}","templated":true}]}}