{"id":8405,"date":"2009-09-25T18:34:59","date_gmt":"2009-09-25T17:34:59","guid":{"rendered":"http:\/\/www.bellunopress.it\/?p=8405"},"modified":"2009-09-25T18:34:59","modified_gmt":"2009-09-25T17:34:59","slug":"il-permafrost-termometro-della-situazione-ambientale","status":"publish","type":"post","link":"https:\/\/www.bellunopress.it\/fr\/2009\/09\/25\/il-permafrost-termometro-della-situazione-ambientale\/","title":{"rendered":"Il Permafrost &#8220;Termometro&#8221; della situazione ambientale"},"content":{"rendered":"<figure id=\"attachment_8175\" aria-describedby=\"caption-attachment-8175\" style=\"width: 246px\" class=\"wp-caption alignleft\"><a href=\"http:\/\/www.bellunopress.it\/wp-content\/uploads\/2009\/09\/renato-chisso.jpg\"><img loading=\"lazy\" decoding=\"async\" class=\"size-medium wp-image-8175\" title=\"renato-chisso\" src=\"http:\/\/www.bellunopress.it\/wp-content\/uploads\/2009\/09\/renato-chisso.jpg\" alt=\"Renato Chisso\" width=\"246\" height=\"280\" \/><\/a><figcaption id=\"caption-attachment-8175\" class=\"wp-caption-text\">Renato Chisso<\/figcaption><\/figure>\n<p>La sede di Arabba dell\u2019Agenzia Regionale per la Prevenzione e Protezione Ambientale del Veneto (Arpav) provveder\u00e0 a dotarsi di una stazione nivometeorologica\u00a0 per il monitoraggio del permafrost, a realizzare l\u2019aggiornamento della carta di distribuzione potenziale del terreno perennemente ghiacciato estendendola a tutta la provincia di Belluno, a completare il data base relativo ai \u201crock glacier\u201d e a produrre il relativo materiale divulgativo. Lo ha deciso la Giunta veneta, su iniziativa dell\u2019assessore Renato Chisso, nell\u2019ambito del progetto \u201cPermanet\u201d, uno dei dodici finanziati nell\u2019ambito dell\u2019iniziativa comunitaria \u201cAlpine Space\u201d per la cooperazione territoriale europea. \u201cIl Permanet \u2013 ha spiegato Chisso \u2013 riguarda la caratterizzazione e il rilevamento della distribuzione del permafrost in area montana, evidenziando gli aspetti che ne legano l\u2019evoluzione al cambiamento climatico ed elaborando scenari evolutivi e impatti sul territorio e le sue risorse; il tutto tenendo conto dell\u2019interferenza del riscaldamento globale sul permafrost, individuato come terreno che presenta per almeno due anni consecutivi una temperatura media annua inferiore a 0 gradi centigradi\u201d. Il monitoraggio del permafrost assume quindi un duplice significato: come indicatore climatico e come elemento che influenza la stabilit\u00e0 dei versanti e dunque le possibilit\u00e0 di dissento e la loro evoluzione. Studiare questo aspetti significa dunque accrescere la conoscenza finalizzata alla pianificazione del territorio montano, con lo scopo di individuare le situazioni a rischio e di prevenirle attivamente. Nell\u2019ultima fase del progetto verranno implementati i servizi a supporto della fruibilit\u00e0 del territorio, anche dal punto di vista del turismo montano e sar\u00e0 approfondito l\u2019inventario delle risorse idriche montane. Al progetto \u201cPermanet\u201d, il cui capofila transnazionale \u00e8 la Provincia Autonoma di Bolzano, partecipano oltre al Veneto: l\u2019Agenzia per l\u2019Ambiente bavarese; l\u2019ARPA Piemonte; la Regione Autonoma Valle d\u2019Aosta; la Provincia Autonoma di Trento; il Ministero Federale Austriaco per l\u2019Ambiente; l\u2019Universit\u00e0 di Innsbruck; l\u2019Universit\u00e0 di Graz; l\u2019Istituto centrale per la Meteorologia e la Geodinamica di Salisburgo; l\u2019Universit\u00e0 Joseph Fouriere, il Centro Nazionale per la Ricerca Scientifica e l\u2019Istituto per la Tecnologia di Grenoble; l\u2019Ufficio Federale svizzero per l\u2019Ambiente.<\/p>","protected":false},"excerpt":{"rendered":"<p>La sede di Arabba dell\u2019Agenzia Regionale per la Prevenzione e Protezione Ambientale del Veneto (Arpav) provveder\u00e0 a dotarsi di una stazione nivometeorologica\u00a0 per il monitoraggio del permafrost, a realizzare l\u2019aggiornamento della carta di distribuzione potenziale del terreno perennemente ghiacciato estendendola a tutta la provincia di Belluno, a completare il data base relativo ai \u201crock glacier\u201d [&hellip;]<\/p>\n","protected":false},"author":2,"featured_media":0,"comment_status":"closed","ping_status":"open","sticky":false,"template":"","format":"standard","meta":{"footnotes":""},"categories":[5],"tags":[139],"class_list":["post-8405","post","type-post","status-publish","format-standard","category-cronaca","tag-belluno"],"yoast_head":"<!-- This site is optimized with the Yoast SEO plugin v28.4 - https:\/\/yoast.com\/product\/yoast-seo-wordpress\/ -->\n<title>Il Permafrost &quot;Termometro&quot; della situazione ambientale - Bellunopress - Dolomiti<\/title>\n<meta name=\"robots\" content=\"index, follow, max-snippet:-1, max-image-preview:large, max-video-preview:-1\" \/>\n<link rel=\"canonical\" href=\"https:\/\/www.bellunopress.it\/fr\/2009\/09\/25\/il-permafrost-termometro-della-situazione-ambientale\/\" \/>\n<meta property=\"og:locale\" content=\"fr_FR\" \/>\n<meta property=\"og:type\" content=\"article\" \/>\n<meta property=\"og:title\" content=\"Il Permafrost &quot;Termometro&quot; della situazione ambientale - Bellunopress - Dolomiti\" \/>\n<meta property=\"og:description\" content=\"La sede di Arabba dell\u2019Agenzia Regionale per la Prevenzione e Protezione Ambientale del Veneto (Arpav) provveder\u00e0 a dotarsi di una stazione nivometeorologica\u00a0 per il monitoraggio del permafrost, a realizzare l\u2019aggiornamento della carta di distribuzione potenziale del terreno perennemente ghiacciato estendendola a tutta la provincia di Belluno, a completare il data base relativo ai \u201crock glacier\u201d [&hellip;]\" \/>\n<meta property=\"og:url\" content=\"https:\/\/www.bellunopress.it\/fr\/2009\/09\/25\/il-permafrost-termometro-della-situazione-ambientale\/\" \/>\n<meta property=\"og:site_name\" content=\"Bellunopress - Dolomiti\" \/>\n<meta property=\"article:publisher\" content=\"https:\/\/www.facebook.com\/profile.php?id=100008943462799\" \/>\n<meta property=\"article:published_time\" content=\"2009-09-25T17:34:59+00:00\" \/>\n<meta property=\"og:image\" content=\"http:\/\/www.bellunopress.it\/wp-content\/uploads\/2009\/09\/renato-chisso.jpg\" \/>\n<meta name=\"author\" content=\"redazione\" \/>\n<meta name=\"twitter:card\" content=\"summary_large_image\" \/>\n<meta name=\"twitter:creator\" content=\"@bellunopress\" \/>\n<meta name=\"twitter:site\" content=\"@bellunopress\" \/>\n<meta name=\"twitter:label1\" content=\"\u00c9crit par\" \/>\n\t<meta name=\"twitter:data1\" content=\"redazione\" \/>\n\t<meta name=\"twitter:label2\" content=\"Dur\u00e9e de lecture estim\u00e9e\" \/>\n\t<meta name=\"twitter:data2\" content=\"2 minutes\" \/>\n<script type=\"application\/ld+json\" class=\"yoast-schema-graph\">{\"@context\":\"https:\\\/\\\/schema.org\",\"@graph\":[{\"@type\":\"Article\",\"@id\":\"https:\\\/\\\/www.bellunopress.it\\\/2009\\\/09\\\/25\\\/il-permafrost-termometro-della-situazione-ambientale\\\/#article\",\"isPartOf\":{\"@id\":\"https:\\\/\\\/www.bellunopress.it\\\/2009\\\/09\\\/25\\\/il-permafrost-termometro-della-situazione-ambientale\\\/\"},\"author\":{\"name\":\"redazione\",\"@id\":\"https:\\\/\\\/www.bellunopress.it\\\/#\\\/schema\\\/person\\\/79bb06722b37ece1c03d3e94beb30d73\"},\"headline\":\"Il Permafrost &#8220;Termometro&#8221; della situazione ambientale\",\"datePublished\":\"2009-09-25T17:34:59+00:00\",\"mainEntityOfPage\":{\"@id\":\"https:\\\/\\\/www.bellunopress.it\\\/2009\\\/09\\\/25\\\/il-permafrost-termometro-della-situazione-ambientale\\\/\"},\"wordCount\":361,\"publisher\":{\"@id\":\"https:\\\/\\\/www.bellunopress.it\\\/#organization\"},\"image\":{\"@id\":\"https:\\\/\\\/www.bellunopress.it\\\/2009\\\/09\\\/25\\\/il-permafrost-termometro-della-situazione-ambientale\\\/#primaryimage\"},\"thumbnailUrl\":\"http:\\\/\\\/www.bellunopress.it\\\/wp-content\\\/uploads\\\/2009\\\/09\\\/renato-chisso.jpg\",\"keywords\":[\"Belluno\"],\"articleSection\":[\"Cronaca\\\/Politica\"],\"inLanguage\":\"fr-FR\"},{\"@type\":\"WebPage\",\"@id\":\"https:\\\/\\\/www.bellunopress.it\\\/2009\\\/09\\\/25\\\/il-permafrost-termometro-della-situazione-ambientale\\\/\",\"url\":\"https:\\\/\\\/www.bellunopress.it\\\/2009\\\/09\\\/25\\\/il-permafrost-termometro-della-situazione-ambientale\\\/\",\"name\":\"Il Permafrost \\\"Termometro\\\" della situazione ambientale - Bellunopress - Dolomiti\",\"isPartOf\":{\"@id\":\"https:\\\/\\\/www.bellunopress.it\\\/#website\"},\"primaryImageOfPage\":{\"@id\":\"https:\\\/\\\/www.bellunopress.it\\\/2009\\\/09\\\/25\\\/il-permafrost-termometro-della-situazione-ambientale\\\/#primaryimage\"},\"image\":{\"@id\":\"https:\\\/\\\/www.bellunopress.it\\\/2009\\\/09\\\/25\\\/il-permafrost-termometro-della-situazione-ambientale\\\/#primaryimage\"},\"thumbnailUrl\":\"http:\\\/\\\/www.bellunopress.it\\\/wp-content\\\/uploads\\\/2009\\\/09\\\/renato-chisso.jpg\",\"datePublished\":\"2009-09-25T17:34:59+00:00\",\"breadcrumb\":{\"@id\":\"https:\\\/\\\/www.bellunopress.it\\\/2009\\\/09\\\/25\\\/il-permafrost-termometro-della-situazione-ambientale\\\/#breadcrumb\"},\"inLanguage\":\"fr-FR\",\"potentialAction\":[{\"@type\":\"ReadAction\",\"target\":[\"https:\\\/\\\/www.bellunopress.it\\\/2009\\\/09\\\/25\\\/il-permafrost-termometro-della-situazione-ambientale\\\/\"]}]},{\"@type\":\"ImageObject\",\"inLanguage\":\"fr-FR\",\"@id\":\"https:\\\/\\\/www.bellunopress.it\\\/2009\\\/09\\\/25\\\/il-permafrost-termometro-della-situazione-ambientale\\\/#primaryimage\",\"url\":\"http:\\\/\\\/www.bellunopress.it\\\/wp-content\\\/uploads\\\/2009\\\/09\\\/renato-chisso.jpg\",\"contentUrl\":\"http:\\\/\\\/www.bellunopress.it\\\/wp-content\\\/uploads\\\/2009\\\/09\\\/renato-chisso.jpg\"},{\"@type\":\"BreadcrumbList\",\"@id\":\"https:\\\/\\\/www.bellunopress.it\\\/2009\\\/09\\\/25\\\/il-permafrost-termometro-della-situazione-ambientale\\\/#breadcrumb\",\"itemListElement\":[{\"@type\":\"ListItem\",\"position\":1,\"name\":\"Home\",\"item\":\"https:\\\/\\\/www.bellunopress.it\\\/\"},{\"@type\":\"ListItem\",\"position\":2,\"name\":\"Il Permafrost &#8220;Termometro&#8221; della situazione ambientale\"}]},{\"@type\":\"WebSite\",\"@id\":\"https:\\\/\\\/www.bellunopress.it\\\/#website\",\"url\":\"https:\\\/\\\/www.bellunopress.it\\\/\",\"name\":\"Bellunopress - Dolomiti\",\"description\":\"e-mail: redazione@bellunopress.it\",\"publisher\":{\"@id\":\"https:\\\/\\\/www.bellunopress.it\\\/#organization\"},\"potentialAction\":[{\"@type\":\"SearchAction\",\"target\":{\"@type\":\"EntryPoint\",\"urlTemplate\":\"https:\\\/\\\/www.bellunopress.it\\\/?s={search_term_string}\"},\"query-input\":{\"@type\":\"PropertyValueSpecification\",\"valueRequired\":true,\"valueName\":\"search_term_string\"}}],\"inLanguage\":\"fr-FR\"},{\"@type\":\"Organization\",\"@id\":\"https:\\\/\\\/www.bellunopress.it\\\/#organization\",\"name\":\"Bellunopress\",\"url\":\"https:\\\/\\\/www.bellunopress.it\\\/\",\"logo\":{\"@type\":\"ImageObject\",\"inLanguage\":\"fr-FR\",\"@id\":\"https:\\\/\\\/www.bellunopress.it\\\/#\\\/schema\\\/logo\\\/image\\\/\",\"url\":\"https:\\\/\\\/www.bellunopress.it\\\/wp-content\\\/uploads\\\/2011\\\/05\\\/cropped-logo-bellunopress-.jpg\",\"contentUrl\":\"https:\\\/\\\/www.bellunopress.it\\\/wp-content\\\/uploads\\\/2011\\\/05\\\/cropped-logo-bellunopress-.jpg\",\"width\":512,\"height\":512,\"caption\":\"Bellunopress\"},\"image\":{\"@id\":\"https:\\\/\\\/www.bellunopress.it\\\/#\\\/schema\\\/logo\\\/image\\\/\"},\"sameAs\":[\"https:\\\/\\\/www.facebook.com\\\/profile.php?id=100008943462799\",\"https:\\\/\\\/x.com\\\/bellunopress\",\"https:\\\/\\\/www.linkedin.com\\\/hp\\\/?dnr=JBzUWaJfMUw8vbXJJ2tVW5-I3jZKvC4wsoxE&amp;amp;amp;amp;amp;amp;trk=nav_responsive_tab_home\",\"https:\\\/\\\/www.youtube.com\\\/channel\\\/UCxL0wu1uN0_3_7hGG0306cw\"]},{\"@type\":\"Person\",\"@id\":\"https:\\\/\\\/www.bellunopress.it\\\/#\\\/schema\\\/person\\\/79bb06722b37ece1c03d3e94beb30d73\",\"name\":\"redazione\",\"image\":{\"@type\":\"ImageObject\",\"inLanguage\":\"fr-FR\",\"@id\":\"https:\\\/\\\/secure.gravatar.com\\\/avatar\\\/37d968a2e67a6fd04c169c4bdef102d0bc5d31b2546345219e348575eb80e9a0?s=96&d=mm&r=g\",\"url\":\"https:\\\/\\\/secure.gravatar.com\\\/avatar\\\/37d968a2e67a6fd04c169c4bdef102d0bc5d31b2546345219e348575eb80e9a0?s=96&d=mm&r=g\",\"contentUrl\":\"https:\\\/\\\/secure.gravatar.com\\\/avatar\\\/37d968a2e67a6fd04c169c4bdef102d0bc5d31b2546345219e348575eb80e9a0?s=96&d=mm&r=g\",\"caption\":\"redazione\"},\"sameAs\":[\"http:\\\/\\\/www.bellunopress.it\",\"https:\\\/\\\/x.com\\\/bellunopress\"],\"url\":\"https:\\\/\\\/www.bellunopress.it\\\/fr\\\/author\\\/redazione\\\/\"}]}<\/script>\n<!-- \/ Yoast SEO plugin. -->","yoast_head_json":{"title":"Il Permafrost \"Termometro\" della situazione ambientale - Bellunopress - Dolomiti","robots":{"index":"index","follow":"follow","max-snippet":"max-snippet:-1","max-image-preview":"max-image-preview:large","max-video-preview":"max-video-preview:-1"},"canonical":"https:\/\/www.bellunopress.it\/fr\/2009\/09\/25\/il-permafrost-termometro-della-situazione-ambientale\/","og_locale":"fr_FR","og_type":"article","og_title":"Il Permafrost \"Termometro\" della situazione ambientale - Bellunopress - Dolomiti","og_description":"La sede di Arabba dell\u2019Agenzia Regionale per la Prevenzione e Protezione Ambientale del Veneto (Arpav) provveder\u00e0 a dotarsi di una stazione nivometeorologica\u00a0 per il monitoraggio del permafrost, a realizzare l\u2019aggiornamento della carta di distribuzione potenziale del terreno perennemente ghiacciato estendendola a tutta la provincia di Belluno, a completare il data base relativo ai \u201crock glacier\u201d [&hellip;]","og_url":"https:\/\/www.bellunopress.it\/fr\/2009\/09\/25\/il-permafrost-termometro-della-situazione-ambientale\/","og_site_name":"Bellunopress - Dolomiti","article_publisher":"https:\/\/www.facebook.com\/profile.php?id=100008943462799","article_published_time":"2009-09-25T17:34:59+00:00","og_image":[{"url":"http:\/\/www.bellunopress.it\/wp-content\/uploads\/2009\/09\/renato-chisso.jpg","type":"","width":"","height":""}],"author":"redazione","twitter_card":"summary_large_image","twitter_creator":"@bellunopress","twitter_site":"@bellunopress","twitter_misc":{"\u00c9crit par":"redazione","Dur\u00e9e de lecture estim\u00e9e":"2 minutes"},"schema":{"@context":"https:\/\/schema.org","@graph":[{"@type":"Article","@id":"https:\/\/www.bellunopress.it\/2009\/09\/25\/il-permafrost-termometro-della-situazione-ambientale\/#article","isPartOf":{"@id":"https:\/\/www.bellunopress.it\/2009\/09\/25\/il-permafrost-termometro-della-situazione-ambientale\/"},"author":{"name":"redazione","@id":"https:\/\/www.bellunopress.it\/#\/schema\/person\/79bb06722b37ece1c03d3e94beb30d73"},"headline":"Il Permafrost &#8220;Termometro&#8221; della situazione ambientale","datePublished":"2009-09-25T17:34:59+00:00","mainEntityOfPage":{"@id":"https:\/\/www.bellunopress.it\/2009\/09\/25\/il-permafrost-termometro-della-situazione-ambientale\/"},"wordCount":361,"publisher":{"@id":"https:\/\/www.bellunopress.it\/#organization"},"image":{"@id":"https:\/\/www.bellunopress.it\/2009\/09\/25\/il-permafrost-termometro-della-situazione-ambientale\/#primaryimage"},"thumbnailUrl":"http:\/\/www.bellunopress.it\/wp-content\/uploads\/2009\/09\/renato-chisso.jpg","keywords":["Belluno"],"articleSection":["Cronaca\/Politica"],"inLanguage":"fr-FR"},{"@type":"WebPage","@id":"https:\/\/www.bellunopress.it\/2009\/09\/25\/il-permafrost-termometro-della-situazione-ambientale\/","url":"https:\/\/www.bellunopress.it\/2009\/09\/25\/il-permafrost-termometro-della-situazione-ambientale\/","name":"Il Permafrost \"Termometro\" della situazione ambientale - Bellunopress - Dolomiti","isPartOf":{"@id":"https:\/\/www.bellunopress.it\/#website"},"primaryImageOfPage":{"@id":"https:\/\/www.bellunopress.it\/2009\/09\/25\/il-permafrost-termometro-della-situazione-ambientale\/#primaryimage"},"image":{"@id":"https:\/\/www.bellunopress.it\/2009\/09\/25\/il-permafrost-termometro-della-situazione-ambientale\/#primaryimage"},"thumbnailUrl":"http:\/\/www.bellunopress.it\/wp-content\/uploads\/2009\/09\/renato-chisso.jpg","datePublished":"2009-09-25T17:34:59+00:00","breadcrumb":{"@id":"https:\/\/www.bellunopress.it\/2009\/09\/25\/il-permafrost-termometro-della-situazione-ambientale\/#breadcrumb"},"inLanguage":"fr-FR","potentialAction":[{"@type":"ReadAction","target":["https:\/\/www.bellunopress.it\/2009\/09\/25\/il-permafrost-termometro-della-situazione-ambientale\/"]}]},{"@type":"ImageObject","inLanguage":"fr-FR","@id":"https:\/\/www.bellunopress.it\/2009\/09\/25\/il-permafrost-termometro-della-situazione-ambientale\/#primaryimage","url":"http:\/\/www.bellunopress.it\/wp-content\/uploads\/2009\/09\/renato-chisso.jpg","contentUrl":"http:\/\/www.bellunopress.it\/wp-content\/uploads\/2009\/09\/renato-chisso.jpg"},{"@type":"BreadcrumbList","@id":"https:\/\/www.bellunopress.it\/2009\/09\/25\/il-permafrost-termometro-della-situazione-ambientale\/#breadcrumb","itemListElement":[{"@type":"ListItem","position":1,"name":"Home","item":"https:\/\/www.bellunopress.it\/"},{"@type":"ListItem","position":2,"name":"Il Permafrost &#8220;Termometro&#8221; della situazione ambientale"}]},{"@type":"WebSite","@id":"https:\/\/www.bellunopress.it\/#website","url":"https:\/\/www.bellunopress.it\/","name":"Bellunopress - Dolomiti","description":"e-mail: redazione@bellunopress.it","publisher":{"@id":"https:\/\/www.bellunopress.it\/#organization"},"potentialAction":[{"@type":"SearchAction","target":{"@type":"EntryPoint","urlTemplate":"https:\/\/www.bellunopress.it\/?s={search_term_string}"},"query-input":{"@type":"PropertyValueSpecification","valueRequired":true,"valueName":"search_term_string"}}],"inLanguage":"fr-FR"},{"@type":"Organization","@id":"https:\/\/www.bellunopress.it\/#organization","name":"Bellunopress","url":"https:\/\/www.bellunopress.it\/","logo":{"@type":"ImageObject","inLanguage":"fr-FR","@id":"https:\/\/www.bellunopress.it\/#\/schema\/logo\/image\/","url":"https:\/\/www.bellunopress.it\/wp-content\/uploads\/2011\/05\/cropped-logo-bellunopress-.jpg","contentUrl":"https:\/\/www.bellunopress.it\/wp-content\/uploads\/2011\/05\/cropped-logo-bellunopress-.jpg","width":512,"height":512,"caption":"Bellunopress"},"image":{"@id":"https:\/\/www.bellunopress.it\/#\/schema\/logo\/image\/"},"sameAs":["https:\/\/www.facebook.com\/profile.php?id=100008943462799","https:\/\/x.com\/bellunopress","https:\/\/www.linkedin.com\/hp\/?dnr=JBzUWaJfMUw8vbXJJ2tVW5-I3jZKvC4wsoxE&amp;amp;amp;amp;amp;amp;trk=nav_responsive_tab_home","https:\/\/www.youtube.com\/channel\/UCxL0wu1uN0_3_7hGG0306cw"]},{"@type":"Person","@id":"https:\/\/www.bellunopress.it\/#\/schema\/person\/79bb06722b37ece1c03d3e94beb30d73","name":"r\u00e9daction","image":{"@type":"ImageObject","inLanguage":"fr-FR","@id":"https:\/\/secure.gravatar.com\/avatar\/37d968a2e67a6fd04c169c4bdef102d0bc5d31b2546345219e348575eb80e9a0?s=96&d=mm&r=g","url":"https:\/\/secure.gravatar.com\/avatar\/37d968a2e67a6fd04c169c4bdef102d0bc5d31b2546345219e348575eb80e9a0?s=96&d=mm&r=g","contentUrl":"https:\/\/secure.gravatar.com\/avatar\/37d968a2e67a6fd04c169c4bdef102d0bc5d31b2546345219e348575eb80e9a0?s=96&d=mm&r=g","caption":"redazione"},"sameAs":["http:\/\/www.bellunopress.it","https:\/\/x.com\/bellunopress"],"url":"https:\/\/www.bellunopress.it\/fr\/author\/redazione\/"}]}},"_links":{"self":[{"href":"https:\/\/www.bellunopress.it\/fr\/wp-json\/wp\/v2\/posts\/8405","targetHints":{"allow":["GET"]}}],"collection":[{"href":"https:\/\/www.bellunopress.it\/fr\/wp-json\/wp\/v2\/posts"}],"about":[{"href":"https:\/\/www.bellunopress.it\/fr\/wp-json\/wp\/v2\/types\/post"}],"author":[{"embeddable":true,"href":"https:\/\/www.bellunopress.it\/fr\/wp-json\/wp\/v2\/users\/2"}],"replies":[{"embeddable":true,"href":"https:\/\/www.bellunopress.it\/fr\/wp-json\/wp\/v2\/comments?post=8405"}],"version-history":[{"count":1,"href":"https:\/\/www.bellunopress.it\/fr\/wp-json\/wp\/v2\/posts\/8405\/revisions"}],"predecessor-version":[{"id":8406,"href":"https:\/\/www.bellunopress.it\/fr\/wp-json\/wp\/v2\/posts\/8405\/revisions\/8406"}],"wp:attachment":[{"href":"https:\/\/www.bellunopress.it\/fr\/wp-json\/wp\/v2\/media?parent=8405"}],"wp:term":[{"taxonomy":"category","embeddable":true,"href":"https:\/\/www.bellunopress.it\/fr\/wp-json\/wp\/v2\/categories?post=8405"},{"taxonomy":"post_tag","embeddable":true,"href":"https:\/\/www.bellunopress.it\/fr\/wp-json\/wp\/v2\/tags?post=8405"}],"curies":[{"name":"wp","href":"https:\/\/api.w.org\/{rel}","templated":true}]}}